{"id":4493,"date":"2009-06-05T19:41:26","date_gmt":"2009-06-05T18:41:26","guid":{"rendered":"http:\/\/www.bellunopress.it\/?p=4493"},"modified":"2009-06-05T19:41:26","modified_gmt":"2009-06-05T18:41:26","slug":"%e2%80%9caffrontiamo-la-crisi-in-modo-concreto%e2%80%9d-nellultima-giornata-di-campagna-elettorale-sergio-reolon-incontra-operai-e-anziani","status":"publish","type":"post","link":"https:\/\/www.bellunopress.it\/fr\/2009\/06\/05\/%e2%80%9caffrontiamo-la-crisi-in-modo-concreto%e2%80%9d-nellultima-giornata-di-campagna-elettorale-sergio-reolon-incontra-operai-e-anziani\/","title":{"rendered":"\u201cAffrontiamo la crisi in modo concreto\u201d. Nell&#8217;ultima giornata di campagna elettorale Sergio Reolon incontra operai e anziani"},"content":{"rendered":"<figure id=\"attachment_4494\" aria-describedby=\"caption-attachment-4494\" style=\"width: 270px\" class=\"wp-caption alignleft\"><a href=\"http:\/\/www.bellunopress.it\/wp-content\/uploads\/2009\/06\/reolon-mensa-paludi-270x180.jpg\"><img loading=\"lazy\" decoding=\"async\" class=\"size-medium wp-image-4494\" title=\"reolon-mensa-paludi-270x180\" src=\"http:\/\/www.bellunopress.it\/wp-content\/uploads\/2009\/06\/reolon-mensa-paludi-270x180.jpg\" alt=\"Sergio Reolon alla mensa dei lavoratori a Paludi (Pieve d'Alpago) \" width=\"270\" height=\"179\" \/><\/a><figcaption id=\"caption-attachment-4494\" class=\"wp-caption-text\">Sergio Reolon alla mensa dei lavoratori a Paludi (Pieve d<\/figcaption><\/figure>\n<p>La crisi economica morde e lo si vede anche qui, oggi, all&#8217;interno di questa sala\u201d. Sergio Reolon ha trascorso l&#8217;ultima giornata di campagna elettorale accanto agli operai e agli anziani della provincia. Un modo diverso di chiudere la corsa a Palazzo Piloni rispetto agli altri candidati, ma in piena sintonia con la storia dello stesso Reolon e con il difficile momento di crisi economica che colpisce proprio le fasce pi\u00f9 deboli, i lavoratori dipendenti e gli anziani.<br \/>\nNella mensa di Paludi Reolon arriva poco dopo mezzogiorno, in coda a una mattinata passata in Alpago. Strette di mano, saluti e sorrisi, ma soprattutto tante operaie e operai a chiedere al candidato di fare qualcosa per contrastare le difficolt\u00e0 di questi mesi. \u201cAbbiamo attivato mercoled\u00ec il fondo di solidariet\u00e0 per chi perde il lavoro\u201d, riferisce Reolon. \u201cLa Provincia mette 250 mila euro, il Bim 50 mila e la diocesi di Belluno e Feltre arriver\u00e0 a 300 mila euro. Non sar\u00e0 la soluzione di tutti i problemi ma crediamo possa aiutare in questa fase di emergenza. Da due giorni \u00e8 possibile fare le domande e i moduli si scaricano via Internet dal sito della Provincia\u201d. L&#8217;invito a \u201cnon mollare\u201d e a \u201ccontinuare a lavorare per la Provincia\u201d arriva da una signora di mezza et\u00e0 che riconosce il candidato e lo avvicina. Per\u00f2 sono le preoccupazioni per il lavoro a occupare la scena. \u201cFino a pochi mesi fa\u201d, racconta il gestore della mensa che serve l&#8217;intera area industriale di Paludi, \u201cqui facevamo oltre 750 coperti per il pranzo. Ora tanti operai sono stati lasciati a casa e siamo scesi sotto i 550 coperti\u201d. La crisi si vede e si tocca con mano, al di l\u00e0 delle cifre impressionanti (quasi un milione di ore di cassa integrazione nel primo quadrimestre del 2009, il triplo rispetto alla provincia di Verona, quattro volte di pi\u00f9 rispetto all&#8217;anno scorso). \u201cNasconderla non aiuta nessuno\u201d, dice Reolon a un giovane che gli chiede perch\u00e9 si continui a minimizzare. \u201cDa noi ormai ogni famiglia \u00e8 toccata. In ogni famiglia c&#8217;\u00e8 un disoccupato, o un precario a cui non viene rinnovato il contratto o una persona in cassa integrazione. Sono pienamente consapevole che dovremo rimboccarci le maniche e affrontare la crisi. Sapendo di dover difendere l&#8217;industria manifatturiera ma sapendo anche che le opportunit\u00e0 di sviluppo stanno nelle energie rinnovabili, come stanno facendo ad esempio in Portogallo, nel recupero edilizio dei nostri borghi storici e nell&#8217;aumento dell&#8217;agricoltura\u201d. Sono tutte attivit\u00e0, ha concluso Reolon, \u201cindispensabili per fare della nostra Provincia un territorio a spiccata vocazione turistica\u201d. Il resto della giornata Reolon lo ha passato con gli anziani, da Limana ad Agordo. Qui il candidato ha incontrato un grupo di pensionati in un incontro promosso dall&#8217;Auser locale.<\/p>","protected":false},"excerpt":{"rendered":"<p>La crisi economica morde e lo si vede anche qui, oggi, all&#8217;interno di questa sala\u201d. Sergio Reolon ha trascorso l&#8217;ultima giornata di campagna elettorale accanto agli operai e agli anziani della provincia. Un modo diverso di chiudere la corsa a Palazzo Piloni rispetto agli altri candidati, ma in piena sintonia con la storia dello stesso [&hellip;]<\/p>\n","protected":false},"author":2,"featured_media":0,"comment_status":"closed","ping_status":"open","sticky":false,"template":"","format":"standard","meta":{"footnotes":""},"categories":[5],"tags":[139,302],"class_list":["post-4493","post","type-post","status-publish","format-standard","category-cronaca","tag-belluno","tag-feltre"],"yoast_head":"<!-- This site is optimized with the Yoast SEO plugin v28.4 - https:\/\/yoast.com\/product\/yoast-seo-wordpress\/ -->\n<title>\u201cAffrontiamo la crisi in modo concreto\u201d. Nell&#039;ultima giornata di campagna elettorale Sergio Reolon incontra operai e anziani - Bellunopress - Dolomiti<\/title>\n<meta name=\"robots\" content=\"index, follow, max-snippet:-1, max-image-preview:large, max-video-preview:-1\" \/>\n<link rel=\"canonical\" href=\"https:\/\/www.bellunopress.it\/fr\/2009\/06\/05\/\u201caffrontiamo-la-crisi-in-modo-concreto\u201d-nellultima-giornata-di-campagna-elettorale-sergio-reolon-incontra-operai-e-anziani\/\" \/>\n<meta property=\"og:locale\" content=\"fr_FR\" \/>\n<meta property=\"og:type\" content=\"article\" \/>\n<meta property=\"og:title\" content=\"\u201cAffrontiamo la crisi in modo concreto\u201d. Nell&#039;ultima giornata di campagna elettorale Sergio Reolon incontra operai e anziani - Bellunopress - Dolomiti\" \/>\n<meta property=\"og:description\" content=\"La crisi economica morde e lo si vede anche qui, oggi, all&#8217;interno di questa sala\u201d. Sergio Reolon ha trascorso l&#8217;ultima giornata di campagna elettorale accanto agli operai e agli anziani della provincia. Un modo diverso di chiudere la corsa a Palazzo Piloni rispetto agli altri candidati, ma in piena sintonia con la storia dello stesso [&hellip;]\" \/>\n<meta property=\"og:url\" content=\"https:\/\/www.bellunopress.it\/fr\/2009\/06\/05\/\u201caffrontiamo-la-crisi-in-modo-concreto\u201d-nellultima-giornata-di-campagna-elettorale-sergio-reolon-incontra-operai-e-anziani\/\" \/>\n<meta property=\"og:site_name\" content=\"Bellunopress - Dolomiti\" \/>\n<meta property=\"article:publisher\" content=\"https:\/\/www.facebook.com\/profile.php?id=100008943462799\" \/>\n<meta property=\"article:published_time\" content=\"2009-06-05T18:41:26+00:00\" \/>\n<meta property=\"og:image\" content=\"http:\/\/www.bellunopress.it\/wp-content\/uploads\/2009\/06\/reolon-mensa-paludi-270x180.jpg\" \/>\n<meta name=\"author\" content=\"redazione\" \/>\n<meta name=\"twitter:card\" content=\"summary_large_image\" \/>\n<meta name=\"twitter:creator\" content=\"@bellunopress\" \/>\n<meta name=\"twitter:site\" content=\"@bellunopress\" \/>\n<meta name=\"twitter:label1\" content=\"\u00c9crit par\" \/>\n\t<meta name=\"twitter:data1\" content=\"redazione\" \/>\n\t<meta name=\"twitter:label2\" content=\"Dur\u00e9e de lecture estim\u00e9e\" \/>\n\t<meta name=\"twitter:data2\" content=\"2 minutes\" \/>\n<script type=\"application\/ld+json\" class=\"yoast-schema-graph\">{\"@context\":\"https:\\\/\\\/schema.org\",\"@graph\":[{\"@type\":\"Article\",\"@id\":\"https:\\\/\\\/www.bellunopress.it\\\/2009\\\/06\\\/05\\\/%e2%80%9caffrontiamo-la-crisi-in-modo-concreto%e2%80%9d-nellultima-giornata-di-campagna-elettorale-sergio-reolon-incontra-operai-e-anziani\\\/#article\",\"isPartOf\":{\"@id\":\"https:\\\/\\\/www.bellunopress.it\\\/2009\\\/06\\\/05\\\/%e2%80%9caffrontiamo-la-crisi-in-modo-concreto%e2%80%9d-nellultima-giornata-di-campagna-elettorale-sergio-reolon-incontra-operai-e-anziani\\\/\"},\"author\":{\"name\":\"redazione\",\"@id\":\"https:\\\/\\\/www.bellunopress.it\\\/#\\\/schema\\\/person\\\/79bb06722b37ece1c03d3e94beb30d73\"},\"headline\":\"\u201cAffrontiamo la crisi in modo concreto\u201d. Nell&#8217;ultima giornata di campagna elettorale Sergio Reolon incontra operai e anziani\",\"datePublished\":\"2009-06-05T18:41:26+00:00\",\"mainEntityOfPage\":{\"@id\":\"https:\\\/\\\/www.bellunopress.it\\\/2009\\\/06\\\/05\\\/%e2%80%9caffrontiamo-la-crisi-in-modo-concreto%e2%80%9d-nellultima-giornata-di-campagna-elettorale-sergio-reolon-incontra-operai-e-anziani\\\/\"},\"wordCount\":489,\"publisher\":{\"@id\":\"https:\\\/\\\/www.bellunopress.it\\\/#organization\"},\"image\":{\"@id\":\"https:\\\/\\\/www.bellunopress.it\\\/2009\\\/06\\\/05\\\/%e2%80%9caffrontiamo-la-crisi-in-modo-concreto%e2%80%9d-nellultima-giornata-di-campagna-elettorale-sergio-reolon-incontra-operai-e-anziani\\\/#primaryimage\"},\"thumbnailUrl\":\"http:\\\/\\\/www.bellunopress.it\\\/wp-content\\\/uploads\\\/2009\\\/06\\\/reolon-mensa-paludi-270x180.jpg\",\"keywords\":[\"Belluno\",\"Feltre\"],\"articleSection\":[\"Cronaca\\\/Politica\"],\"inLanguage\":\"fr-FR\"},{\"@type\":\"WebPage\",\"@id\":\"https:\\\/\\\/www.bellunopress.it\\\/2009\\\/06\\\/05\\\/%e2%80%9caffrontiamo-la-crisi-in-modo-concreto%e2%80%9d-nellultima-giornata-di-campagna-elettorale-sergio-reolon-incontra-operai-e-anziani\\\/\",\"url\":\"https:\\\/\\\/www.bellunopress.it\\\/2009\\\/06\\\/05\\\/%e2%80%9caffrontiamo-la-crisi-in-modo-concreto%e2%80%9d-nellultima-giornata-di-campagna-elettorale-sergio-reolon-incontra-operai-e-anziani\\\/\",\"name\":\"\u201cAffrontiamo la crisi in modo concreto\u201d. Nell'ultima giornata di campagna elettorale Sergio Reolon incontra operai e anziani - Bellunopress - Dolomiti\",\"isPartOf\":{\"@id\":\"https:\\\/\\\/www.bellunopress.it\\\/#website\"},\"primaryImageOfPage\":{\"@id\":\"https:\\\/\\\/www.bellunopress.it\\\/2009\\\/06\\\/05\\\/%e2%80%9caffrontiamo-la-crisi-in-modo-concreto%e2%80%9d-nellultima-giornata-di-campagna-elettorale-sergio-reolon-incontra-operai-e-anziani\\\/#primaryimage\"},\"image\":{\"@id\":\"https:\\\/\\\/www.bellunopress.it\\\/2009\\\/06\\\/05\\\/%e2%80%9caffrontiamo-la-crisi-in-modo-concreto%e2%80%9d-nellultima-giornata-di-campagna-elettorale-sergio-reolon-incontra-operai-e-anziani\\\/#primaryimage\"},\"thumbnailUrl\":\"http:\\\/\\\/www.bellunopress.it\\\/wp-content\\\/uploads\\\/2009\\\/06\\\/reolon-mensa-paludi-270x180.jpg\",\"datePublished\":\"2009-06-05T18:41:26+00:00\",\"breadcrumb\":{\"@id\":\"https:\\\/\\\/www.bellunopress.it\\\/2009\\\/06\\\/05\\\/%e2%80%9caffrontiamo-la-crisi-in-modo-concreto%e2%80%9d-nellultima-giornata-di-campagna-elettorale-sergio-reolon-incontra-operai-e-anziani\\\/#breadcrumb\"},\"inLanguage\":\"fr-FR\",\"potentialAction\":[{\"@type\":\"ReadAction\",\"target\":[\"https:\\\/\\\/www.bellunopress.it\\\/2009\\\/06\\\/05\\\/%e2%80%9caffrontiamo-la-crisi-in-modo-concreto%e2%80%9d-nellultima-giornata-di-campagna-elettorale-sergio-reolon-incontra-operai-e-anziani\\\/\"]}]},{\"@type\":\"ImageObject\",\"inLanguage\":\"fr-FR\",\"@id\":\"https:\\\/\\\/www.bellunopress.it\\\/2009\\\/06\\\/05\\\/%e2%80%9caffrontiamo-la-crisi-in-modo-concreto%e2%80%9d-nellultima-giornata-di-campagna-elettorale-sergio-reolon-incontra-operai-e-anziani\\\/#primaryimage\",\"url\":\"http:\\\/\\\/www.bellunopress.it\\\/wp-content\\\/uploads\\\/2009\\\/06\\\/reolon-mensa-paludi-270x180.jpg\",\"contentUrl\":\"http:\\\/\\\/www.bellunopress.it\\\/wp-content\\\/uploads\\\/2009\\\/06\\\/reolon-mensa-paludi-270x180.jpg\"},{\"@type\":\"BreadcrumbList\",\"@id\":\"https:\\\/\\\/www.bellunopress.it\\\/2009\\\/06\\\/05\\\/%e2%80%9caffrontiamo-la-crisi-in-modo-concreto%e2%80%9d-nellultima-giornata-di-campagna-elettorale-sergio-reolon-incontra-operai-e-anziani\\\/#breadcrumb\",\"itemListElement\":[{\"@type\":\"ListItem\",\"position\":1,\"name\":\"Home\",\"item\":\"https:\\\/\\\/www.bellunopress.it\\\/\"},{\"@type\":\"ListItem\",\"position\":2,\"name\":\"\u201cAffrontiamo la crisi in modo concreto\u201d. Nell&#8217;ultima giornata di campagna elettorale Sergio Reolon incontra operai e anziani\"}]},{\"@type\":\"WebSite\",\"@id\":\"https:\\\/\\\/www.bellunopress.it\\\/#website\",\"url\":\"https:\\\/\\\/www.bellunopress.it\\\/\",\"name\":\"Bellunopress - Dolomiti\",\"description\":\"e-mail: redazione@bellunopress.it\",\"publisher\":{\"@id\":\"https:\\\/\\\/www.bellunopress.it\\\/#organization\"},\"potentialAction\":[{\"@type\":\"SearchAction\",\"target\":{\"@type\":\"EntryPoint\",\"urlTemplate\":\"https:\\\/\\\/www.bellunopress.it\\\/?s={search_term_string}\"},\"query-input\":{\"@type\":\"PropertyValueSpecification\",\"valueRequired\":true,\"valueName\":\"search_term_string\"}}],\"inLanguage\":\"fr-FR\"},{\"@type\":\"Organization\",\"@id\":\"https:\\\/\\\/www.bellunopress.it\\\/#organization\",\"name\":\"Bellunopress\",\"url\":\"https:\\\/\\\/www.bellunopress.it\\\/\",\"logo\":{\"@type\":\"ImageObject\",\"inLanguage\":\"fr-FR\",\"@id\":\"https:\\\/\\\/www.bellunopress.it\\\/#\\\/schema\\\/logo\\\/image\\\/\",\"url\":\"https:\\\/\\\/www.bellunopress.it\\\/wp-content\\\/uploads\\\/2011\\\/05\\\/cropped-logo-bellunopress-.jpg\",\"contentUrl\":\"https:\\\/\\\/www.bellunopress.it\\\/wp-content\\\/uploads\\\/2011\\\/05\\\/cropped-logo-bellunopress-.jpg\",\"width\":512,\"height\":512,\"caption\":\"Bellunopress\"},\"image\":{\"@id\":\"https:\\\/\\\/www.bellunopress.it\\\/#\\\/schema\\\/logo\\\/image\\\/\"},\"sameAs\":[\"https:\\\/\\\/www.facebook.com\\\/profile.php?id=100008943462799\",\"https:\\\/\\\/x.com\\\/bellunopress\",\"https:\\\/\\\/www.linkedin.com\\\/hp\\\/?dnr=JBzUWaJfMUw8vbXJJ2tVW5-I3jZKvC4wsoxE&amp;amp;amp;amp;amp;amp;trk=nav_responsive_tab_home\",\"https:\\\/\\\/www.youtube.com\\\/channel\\\/UCxL0wu1uN0_3_7hGG0306cw\"]},{\"@type\":\"Person\",\"@id\":\"https:\\\/\\\/www.bellunopress.it\\\/#\\\/schema\\\/person\\\/79bb06722b37ece1c03d3e94beb30d73\",\"name\":\"redazione\",\"image\":{\"@type\":\"ImageObject\",\"inLanguage\":\"fr-FR\",\"@id\":\"https:\\\/\\\/secure.gravatar.com\\\/avatar\\\/37d968a2e67a6fd04c169c4bdef102d0bc5d31b2546345219e348575eb80e9a0?s=96&d=mm&r=g\",\"url\":\"https:\\\/\\\/secure.gravatar.com\\\/avatar\\\/37d968a2e67a6fd04c169c4bdef102d0bc5d31b2546345219e348575eb80e9a0?s=96&d=mm&r=g\",\"contentUrl\":\"https:\\\/\\\/secure.gravatar.com\\\/avatar\\\/37d968a2e67a6fd04c169c4bdef102d0bc5d31b2546345219e348575eb80e9a0?s=96&d=mm&r=g\",\"caption\":\"redazione\"},\"sameAs\":[\"http:\\\/\\\/www.bellunopress.it\",\"https:\\\/\\\/x.com\\\/bellunopress\"],\"url\":\"https:\\\/\\\/www.bellunopress.it\\\/fr\\\/author\\\/redazione\\\/\"}]}<\/script>\n<!-- \/ Yoast SEO plugin. -->","yoast_head_json":{"title":"\u201cAffrontiamo la crisi in modo concreto\u201d. Nell'ultima giornata di campagna elettorale Sergio Reolon incontra operai e anziani - Bellunopress - Dolomiti","robots":{"index":"index","follow":"follow","max-snippet":"max-snippet:-1","max-image-preview":"max-image-preview:large","max-video-preview":"max-video-preview:-1"},"canonical":"https:\/\/www.bellunopress.it\/fr\/2009\/06\/05\/\u201caffrontiamo-la-crisi-in-modo-concreto\u201d-nellultima-giornata-di-campagna-elettorale-sergio-reolon-incontra-operai-e-anziani\/","og_locale":"fr_FR","og_type":"article","og_title":"\u201cAffrontiamo la crisi in modo concreto\u201d. Nell'ultima giornata di campagna elettorale Sergio Reolon incontra operai e anziani - Bellunopress - Dolomiti","og_description":"La crisi economica morde e lo si vede anche qui, oggi, all&#8217;interno di questa sala\u201d. Sergio Reolon ha trascorso l&#8217;ultima giornata di campagna elettorale accanto agli operai e agli anziani della provincia. Un modo diverso di chiudere la corsa a Palazzo Piloni rispetto agli altri candidati, ma in piena sintonia con la storia dello stesso [&hellip;]","og_url":"https:\/\/www.bellunopress.it\/fr\/2009\/06\/05\/\u201caffrontiamo-la-crisi-in-modo-concreto\u201d-nellultima-giornata-di-campagna-elettorale-sergio-reolon-incontra-operai-e-anziani\/","og_site_name":"Bellunopress - Dolomiti","article_publisher":"https:\/\/www.facebook.com\/profile.php?id=100008943462799","article_published_time":"2009-06-05T18:41:26+00:00","og_image":[{"url":"http:\/\/www.bellunopress.it\/wp-content\/uploads\/2009\/06\/reolon-mensa-paludi-270x180.jpg","type":"","width":"","height":""}],"author":"redazione","twitter_card":"summary_large_image","twitter_creator":"@bellunopress","twitter_site":"@bellunopress","twitter_misc":{"\u00c9crit par":"redazione","Dur\u00e9e de lecture estim\u00e9e":"2 minutes"},"schema":{"@context":"https:\/\/schema.org","@graph":[{"@type":"Article","@id":"https:\/\/www.bellunopress.it\/2009\/06\/05\/%e2%80%9caffrontiamo-la-crisi-in-modo-concreto%e2%80%9d-nellultima-giornata-di-campagna-elettorale-sergio-reolon-incontra-operai-e-anziani\/#article","isPartOf":{"@id":"https:\/\/www.bellunopress.it\/2009\/06\/05\/%e2%80%9caffrontiamo-la-crisi-in-modo-concreto%e2%80%9d-nellultima-giornata-di-campagna-elettorale-sergio-reolon-incontra-operai-e-anziani\/"},"author":{"name":"redazione","@id":"https:\/\/www.bellunopress.it\/#\/schema\/person\/79bb06722b37ece1c03d3e94beb30d73"},"headline":"\u201cAffrontiamo la crisi in modo concreto\u201d. Nell&#8217;ultima giornata di campagna elettorale Sergio Reolon incontra operai e anziani","datePublished":"2009-06-05T18:41:26+00:00","mainEntityOfPage":{"@id":"https:\/\/www.bellunopress.it\/2009\/06\/05\/%e2%80%9caffrontiamo-la-crisi-in-modo-concreto%e2%80%9d-nellultima-giornata-di-campagna-elettorale-sergio-reolon-incontra-operai-e-anziani\/"},"wordCount":489,"publisher":{"@id":"https:\/\/www.bellunopress.it\/#organization"},"image":{"@id":"https:\/\/www.bellunopress.it\/2009\/06\/05\/%e2%80%9caffrontiamo-la-crisi-in-modo-concreto%e2%80%9d-nellultima-giornata-di-campagna-elettorale-sergio-reolon-incontra-operai-e-anziani\/#primaryimage"},"thumbnailUrl":"http:\/\/www.bellunopress.it\/wp-content\/uploads\/2009\/06\/reolon-mensa-paludi-270x180.jpg","keywords":["Belluno","Feltre"],"articleSection":["Cronaca\/Politica"],"inLanguage":"fr-FR"},{"@type":"WebPage","@id":"https:\/\/www.bellunopress.it\/2009\/06\/05\/%e2%80%9caffrontiamo-la-crisi-in-modo-concreto%e2%80%9d-nellultima-giornata-di-campagna-elettorale-sergio-reolon-incontra-operai-e-anziani\/","url":"https:\/\/www.bellunopress.it\/2009\/06\/05\/%e2%80%9caffrontiamo-la-crisi-in-modo-concreto%e2%80%9d-nellultima-giornata-di-campagna-elettorale-sergio-reolon-incontra-operai-e-anziani\/","name":"\u201cAffrontiamo la crisi in modo concreto\u201d. Nell'ultima giornata di campagna elettorale Sergio Reolon incontra operai e anziani - Bellunopress - Dolomiti","isPartOf":{"@id":"https:\/\/www.bellunopress.it\/#website"},"primaryImageOfPage":{"@id":"https:\/\/www.bellunopress.it\/2009\/06\/05\/%e2%80%9caffrontiamo-la-crisi-in-modo-concreto%e2%80%9d-nellultima-giornata-di-campagna-elettorale-sergio-reolon-incontra-operai-e-anziani\/#primaryimage"},"image":{"@id":"https:\/\/www.bellunopress.it\/2009\/06\/05\/%e2%80%9caffrontiamo-la-crisi-in-modo-concreto%e2%80%9d-nellultima-giornata-di-campagna-elettorale-sergio-reolon-incontra-operai-e-anziani\/#primaryimage"},"thumbnailUrl":"http:\/\/www.bellunopress.it\/wp-content\/uploads\/2009\/06\/reolon-mensa-paludi-270x180.jpg","datePublished":"2009-06-05T18:41:26+00:00","breadcrumb":{"@id":"https:\/\/www.bellunopress.it\/2009\/06\/05\/%e2%80%9caffrontiamo-la-crisi-in-modo-concreto%e2%80%9d-nellultima-giornata-di-campagna-elettorale-sergio-reolon-incontra-operai-e-anziani\/#breadcrumb"},"inLanguage":"fr-FR","potentialAction":[{"@type":"ReadAction","target":["https:\/\/www.bellunopress.it\/2009\/06\/05\/%e2%80%9caffrontiamo-la-crisi-in-modo-concreto%e2%80%9d-nellultima-giornata-di-campagna-elettorale-sergio-reolon-incontra-operai-e-anziani\/"]}]},{"@type":"ImageObject","inLanguage":"fr-FR","@id":"https:\/\/www.bellunopress.it\/2009\/06\/05\/%e2%80%9caffrontiamo-la-crisi-in-modo-concreto%e2%80%9d-nellultima-giornata-di-campagna-elettorale-sergio-reolon-incontra-operai-e-anziani\/#primaryimage","url":"http:\/\/www.bellunopress.it\/wp-content\/uploads\/2009\/06\/reolon-mensa-paludi-270x180.jpg","contentUrl":"http:\/\/www.bellunopress.it\/wp-content\/uploads\/2009\/06\/reolon-mensa-paludi-270x180.jpg"},{"@type":"BreadcrumbList","@id":"https:\/\/www.bellunopress.it\/2009\/06\/05\/%e2%80%9caffrontiamo-la-crisi-in-modo-concreto%e2%80%9d-nellultima-giornata-di-campagna-elettorale-sergio-reolon-incontra-operai-e-anziani\/#breadcrumb","itemListElement":[{"@type":"ListItem","position":1,"name":"Home","item":"https:\/\/www.bellunopress.it\/"},{"@type":"ListItem","position":2,"name":"\u201cAffrontiamo la crisi in modo concreto\u201d. Nell&#8217;ultima giornata di campagna elettorale Sergio Reolon incontra operai e anziani"}]},{"@type":"WebSite","@id":"https:\/\/www.bellunopress.it\/#website","url":"https:\/\/www.bellunopress.it\/","name":"Bellunopress - Dolomiti","description":"e-mail: redazione@bellunopress.it","publisher":{"@id":"https:\/\/www.bellunopress.it\/#organization"},"potentialAction":[{"@type":"SearchAction","target":{"@type":"EntryPoint","urlTemplate":"https:\/\/www.bellunopress.it\/?s={search_term_string}"},"query-input":{"@type":"PropertyValueSpecification","valueRequired":true,"valueName":"search_term_string"}}],"inLanguage":"fr-FR"},{"@type":"Organization","@id":"https:\/\/www.bellunopress.it\/#organization","name":"Bellunopress","url":"https:\/\/www.bellunopress.it\/","logo":{"@type":"ImageObject","inLanguage":"fr-FR","@id":"https:\/\/www.bellunopress.it\/#\/schema\/logo\/image\/","url":"https:\/\/www.bellunopress.it\/wp-content\/uploads\/2011\/05\/cropped-logo-bellunopress-.jpg","contentUrl":"https:\/\/www.bellunopress.it\/wp-content\/uploads\/2011\/05\/cropped-logo-bellunopress-.jpg","width":512,"height":512,"caption":"Bellunopress"},"image":{"@id":"https:\/\/www.bellunopress.it\/#\/schema\/logo\/image\/"},"sameAs":["https:\/\/www.facebook.com\/profile.php?id=100008943462799","https:\/\/x.com\/bellunopress","https:\/\/www.linkedin.com\/hp\/?dnr=JBzUWaJfMUw8vbXJJ2tVW5-I3jZKvC4wsoxE&amp;amp;amp;amp;amp;amp;trk=nav_responsive_tab_home","https:\/\/www.youtube.com\/channel\/UCxL0wu1uN0_3_7hGG0306cw"]},{"@type":"Person","@id":"https:\/\/www.bellunopress.it\/#\/schema\/person\/79bb06722b37ece1c03d3e94beb30d73","name":"r\u00e9daction","image":{"@type":"ImageObject","inLanguage":"fr-FR","@id":"https:\/\/secure.gravatar.com\/avatar\/37d968a2e67a6fd04c169c4bdef102d0bc5d31b2546345219e348575eb80e9a0?s=96&d=mm&r=g","url":"https:\/\/secure.gravatar.com\/avatar\/37d968a2e67a6fd04c169c4bdef102d0bc5d31b2546345219e348575eb80e9a0?s=96&d=mm&r=g","contentUrl":"https:\/\/secure.gravatar.com\/avatar\/37d968a2e67a6fd04c169c4bdef102d0bc5d31b2546345219e348575eb80e9a0?s=96&d=mm&r=g","caption":"redazione"},"sameAs":["http:\/\/www.bellunopress.it","https:\/\/x.com\/bellunopress"],"url":"https:\/\/www.bellunopress.it\/fr\/author\/redazione\/"}]}},"_links":{"self":[{"href":"https:\/\/www.bellunopress.it\/fr\/wp-json\/wp\/v2\/posts\/4493","targetHints":{"allow":["GET"]}}],"collection":[{"href":"https:\/\/www.bellunopress.it\/fr\/wp-json\/wp\/v2\/posts"}],"about":[{"href":"https:\/\/www.bellunopress.it\/fr\/wp-json\/wp\/v2\/types\/post"}],"author":[{"embeddable":true,"href":"https:\/\/www.bellunopress.it\/fr\/wp-json\/wp\/v2\/users\/2"}],"replies":[{"embeddable":true,"href":"https:\/\/www.bellunopress.it\/fr\/wp-json\/wp\/v2\/comments?post=4493"}],"version-history":[{"count":1,"href":"https:\/\/www.bellunopress.it\/fr\/wp-json\/wp\/v2\/posts\/4493\/revisions"}],"predecessor-version":[{"id":4495,"href":"https:\/\/www.bellunopress.it\/fr\/wp-json\/wp\/v2\/posts\/4493\/revisions\/4495"}],"wp:attachment":[{"href":"https:\/\/www.bellunopress.it\/fr\/wp-json\/wp\/v2\/media?parent=4493"}],"wp:term":[{"taxonomy":"category","embeddable":true,"href":"https:\/\/www.bellunopress.it\/fr\/wp-json\/wp\/v2\/categories?post=4493"},{"taxonomy":"post_tag","embeddable":true,"href":"https:\/\/www.bellunopress.it\/fr\/wp-json\/wp\/v2\/tags?post=4493"}],"curies":[{"name":"wp","href":"https:\/\/api.w.org\/{rel}","templated":true}]}}