{"id":44927,"date":"2012-12-18T18:11:42","date_gmt":"2012-12-18T17:11:42","guid":{"rendered":"http:\/\/www.bellunopress.it\/?p=44927"},"modified":"2012-12-18T18:30:43","modified_gmt":"2012-12-18T17:30:43","slug":"le-telecamere-di-tv-2000-documentano-i-primi-giorni-di-prova-del-progetto-su-giovanni-testori-di-maddalena-crippa-e-daniela-nicosia","status":"publish","type":"post","link":"https:\/\/www.bellunopress.it\/fr\/2012\/12\/18\/le-telecamere-di-tv-2000-documentano-i-primi-giorni-di-prova-del-progetto-su-giovanni-testori-di-maddalena-crippa-e-daniela-nicosia\/","title":{"rendered":"Le telecamere di tv 2000 documentano i primi giorni di prova del progetto su Giovanni Testori di Maddalena Crippa e Daniela Nicosia"},"content":{"rendered":"<p>\u0093<\/p>\n<figure id=\"attachment_24068\" aria-describedby=\"caption-attachment-24068\" style=\"width: 280px\" class=\"wp-caption alignleft\"><a href=\"http:\/\/www.bellunopress.it\/wp-content\/uploads\/2011\/02\/daniela-nicosia-280x280.jpg\"><img loading=\"lazy\" decoding=\"async\" class=\"size-full wp-image-24068\" alt=\"Daniela Nicosia direttore artistico Tib Teatro\" src=\"http:\/\/www.bellunopress.it\/wp-content\/uploads\/2011\/02\/daniela-nicosia-280x280.jpg\" width=\"280\" height=\"279\" srcset=\"https:\/\/www.bellunopress.it\/wp-content\/uploads\/2011\/02\/daniela-nicosia-280x280.jpg 280w, https:\/\/www.bellunopress.it\/wp-content\/uploads\/2011\/02\/daniela-nicosia-280x280-150x150.jpg 150w\" sizes=\"auto, (max-width: 280px) 100vw, 280px\" \/><\/a><figcaption id=\"caption-attachment-24068\" class=\"wp-caption-text\">Daniela Nicosia direttore artistico Tib Teatro<\/figcaption><\/figure>\n<p>Gioved\u00ec prossimo 20 dicembre alle ore 22.50 e in replica domenica 23 alle ore 16 e alle ore 23, su Tv 2000 nel programma &#8220;4 passi tra le nuvole&#8221;, \u00a0sar\u00e0 trasmesso un servizio che documenta i primi passi del lavoro di Daniela Nicosia con Maddalena Crippa, su Giovanni Testori. Il progetto intitolato Passione, nasce dall\u0092&#8217;intima esigenza della Nicosia di confronto con il sacro, attraverso la lingua e la parola di Testori, di cui nel 2013, ricorre il ventennale della morte. E la parola, come attesta il reportage televisivo, sar\u00e0 sovrana in scena, una parola pensata non per la pagina ma per la voce, per il corpo, una parola, essa stessa corpo, che comprende e abbraccia il dolore, una parola che \u00e8 passio, passione, connotata da una profonda, sofferta ricerca del sacro nelle maglie dell\u0092esistenza. Gomito a gomito Nicosia e Crippa, nell&#8217;\u0092appartamento romano di quest\u0092ultima, insieme a Giovanni Crippa, fratello dell&#8217;\u0092attrice, gi\u00e0 noto interprete testoriano, lavorano sulla trasposizione scenica del romanzo \u0093Passio, Laetitiae, Felicitatis\u0094, con l\u0092emozione di chi si accosta con pudore, rispetto e convinzione all&#8217;\u0092opera di uno dei pi\u00f9 grandi intellettuali del \u0091900, la cui voce imprime domande profonde al nostro presente.<\/p>\n<figure id=\"attachment_33755\" aria-describedby=\"caption-attachment-33755\" style=\"width: 319px\" class=\"wp-caption alignleft\"><a href=\"http:\/\/www.bellunopress.it\/wp-content\/uploads\/2011\/12\/maddalena-crippa.jpg\"><img loading=\"lazy\" decoding=\"async\" class=\"size-full wp-image-33755\" alt=\"Maddalena Crippa\" src=\"http:\/\/www.bellunopress.it\/wp-content\/uploads\/2011\/12\/maddalena-crippa.jpg\" width=\"319\" height=\"179\" \/><\/a><figcaption id=\"caption-attachment-33755\" class=\"wp-caption-text\">Maddalena Crippa<\/figcaption><\/figure>\n<p>4 passi tra le nuvole\u0094 \u00e8 il nuovo magazine culturale di Tv 2000. Il titolo \u00e8 un richiamo a una sceneggiatura del grande Zavattini, di cui il programma ambisce a riprodurre almeno in parte lo sguardo disincantato, puntuale, leggero e partecipe sulla realt\u00e0.Nessun disimpegno quindi, ma il tentativo di leggere nel quotidiano i segni che l&#8217;\u0092immaginazione prova a decifrare attraverso il linguaggio della letteratura, degli spettacoli, della musica, del cinema.<\/p>\n<p>&nbsp;<\/p>","protected":false},"excerpt":{"rendered":"<p>\u0093 Gioved\u00ec prossimo 20 dicembre alle ore 22.50 e in replica domenica 23 alle ore 16 e alle ore 23, su Tv 2000 nel programma &#8220;4 passi tra le nuvole&#8221;, \u00a0sar\u00e0 trasmesso un servizio che documenta i primi passi del lavoro di Daniela Nicosia con Maddalena Crippa, su Giovanni Testori. Il progetto intitolato Passione, nasce [&hellip;]<\/p>\n","protected":false},"author":2,"featured_media":0,"comment_status":"closed","ping_status":"open","sticky":false,"template":"","format":"standard","meta":{"footnotes":""},"categories":[27,3,26],"tags":[],"class_list":["post-44927","post","type-post","status-publish","format-standard","category-appuntamenti","category-arte-cultura-spettacoli-scienza-archivi","category-prima-pagina"],"yoast_head":"<!-- This site is optimized with the Yoast SEO plugin v28.4 - https:\/\/yoast.com\/product\/yoast-seo-wordpress\/ -->\n<title>Le telecamere di tv 2000 documentano i primi giorni di prova del progetto su Giovanni Testori di Maddalena Crippa e Daniela Nicosia  - Bellunopress - Dolomiti<\/title>\n<meta name=\"robots\" content=\"index, follow, max-snippet:-1, max-image-preview:large, max-video-preview:-1\" \/>\n<link rel=\"canonical\" href=\"https:\/\/www.bellunopress.it\/fr\/2012\/12\/18\/le-telecamere-di-tv-2000-documentano-i-primi-giorni-di-prova-del-progetto-su-giovanni-testori-di-maddalena-crippa-e-daniela-nicosia\/\" \/>\n<meta property=\"og:locale\" content=\"fr_FR\" \/>\n<meta property=\"og:type\" content=\"article\" \/>\n<meta property=\"og:title\" content=\"Le telecamere di tv 2000 documentano i primi giorni di prova del progetto su Giovanni Testori di Maddalena Crippa e Daniela Nicosia  - Bellunopress - Dolomiti\" \/>\n<meta property=\"og:description\" content=\"\u0093 Gioved\u00ec prossimo 20 dicembre alle ore 22.50 e in replica domenica 23 alle ore 16 e alle ore 23, su Tv 2000 nel programma &#8220;4 passi tra le nuvole&#8221;, \u00a0sar\u00e0 trasmesso un servizio che documenta i primi passi del lavoro di Daniela Nicosia con Maddalena Crippa, su Giovanni Testori. Il progetto intitolato Passione, nasce [&hellip;]\" \/>\n<meta property=\"og:url\" content=\"https:\/\/www.bellunopress.it\/fr\/2012\/12\/18\/le-telecamere-di-tv-2000-documentano-i-primi-giorni-di-prova-del-progetto-su-giovanni-testori-di-maddalena-crippa-e-daniela-nicosia\/\" \/>\n<meta property=\"og:site_name\" content=\"Bellunopress - Dolomiti\" \/>\n<meta property=\"article:publisher\" content=\"https:\/\/www.facebook.com\/profile.php?id=100008943462799\" \/>\n<meta property=\"article:published_time\" content=\"2012-12-18T17:11:42+00:00\" \/>\n<meta property=\"article:modified_time\" content=\"2012-12-18T17:30:43+00:00\" \/>\n<meta property=\"og:image\" content=\"http:\/\/www.bellunopress.it\/wp-content\/uploads\/2011\/02\/daniela-nicosia-280x280.jpg\" \/>\n<meta name=\"author\" content=\"redazione\" \/>\n<meta name=\"twitter:card\" content=\"summary_large_image\" \/>\n<meta name=\"twitter:creator\" content=\"@bellunopress\" \/>\n<meta name=\"twitter:site\" content=\"@bellunopress\" \/>\n<meta name=\"twitter:label1\" content=\"\u00c9crit par\" \/>\n\t<meta name=\"twitter:data1\" content=\"redazione\" \/>\n\t<meta name=\"twitter:label2\" content=\"Dur\u00e9e de lecture estim\u00e9e\" \/>\n\t<meta name=\"twitter:data2\" content=\"1 minute\" \/>\n<script type=\"application\/ld+json\" class=\"yoast-schema-graph\">{\"@context\":\"https:\\\/\\\/schema.org\",\"@graph\":[{\"@type\":\"Article\",\"@id\":\"https:\\\/\\\/www.bellunopress.it\\\/2012\\\/12\\\/18\\\/le-telecamere-di-tv-2000-documentano-i-primi-giorni-di-prova-del-progetto-su-giovanni-testori-di-maddalena-crippa-e-daniela-nicosia\\\/#article\",\"isPartOf\":{\"@id\":\"https:\\\/\\\/www.bellunopress.it\\\/2012\\\/12\\\/18\\\/le-telecamere-di-tv-2000-documentano-i-primi-giorni-di-prova-del-progetto-su-giovanni-testori-di-maddalena-crippa-e-daniela-nicosia\\\/\"},\"author\":{\"name\":\"redazione\",\"@id\":\"https:\\\/\\\/www.bellunopress.it\\\/#\\\/schema\\\/person\\\/79bb06722b37ece1c03d3e94beb30d73\"},\"headline\":\"Le telecamere di tv 2000 documentano i primi giorni di prova del progetto su Giovanni Testori di Maddalena Crippa e Daniela Nicosia\",\"datePublished\":\"2012-12-18T17:11:42+00:00\",\"dateModified\":\"2012-12-18T17:30:43+00:00\",\"mainEntityOfPage\":{\"@id\":\"https:\\\/\\\/www.bellunopress.it\\\/2012\\\/12\\\/18\\\/le-telecamere-di-tv-2000-documentano-i-primi-giorni-di-prova-del-progetto-su-giovanni-testori-di-maddalena-crippa-e-daniela-nicosia\\\/\"},\"wordCount\":301,\"publisher\":{\"@id\":\"https:\\\/\\\/www.bellunopress.it\\\/#organization\"},\"image\":{\"@id\":\"https:\\\/\\\/www.bellunopress.it\\\/2012\\\/12\\\/18\\\/le-telecamere-di-tv-2000-documentano-i-primi-giorni-di-prova-del-progetto-su-giovanni-testori-di-maddalena-crippa-e-daniela-nicosia\\\/#primaryimage\"},\"thumbnailUrl\":\"http:\\\/\\\/www.bellunopress.it\\\/wp-content\\\/uploads\\\/2011\\\/02\\\/daniela-nicosia-280x280.jpg\",\"articleSection\":[\"Appuntamenti, Eventi\",\"Arte, Cultura, Spettacoli, Scienza\",\"Prima Pagina\"],\"inLanguage\":\"fr-FR\"},{\"@type\":\"WebPage\",\"@id\":\"https:\\\/\\\/www.bellunopress.it\\\/2012\\\/12\\\/18\\\/le-telecamere-di-tv-2000-documentano-i-primi-giorni-di-prova-del-progetto-su-giovanni-testori-di-maddalena-crippa-e-daniela-nicosia\\\/\",\"url\":\"https:\\\/\\\/www.bellunopress.it\\\/2012\\\/12\\\/18\\\/le-telecamere-di-tv-2000-documentano-i-primi-giorni-di-prova-del-progetto-su-giovanni-testori-di-maddalena-crippa-e-daniela-nicosia\\\/\",\"name\":\"Le telecamere di tv 2000 documentano i primi giorni di prova del progetto su Giovanni Testori di Maddalena Crippa e Daniela Nicosia - Bellunopress - Dolomiti\",\"isPartOf\":{\"@id\":\"https:\\\/\\\/www.bellunopress.it\\\/#website\"},\"primaryImageOfPage\":{\"@id\":\"https:\\\/\\\/www.bellunopress.it\\\/2012\\\/12\\\/18\\\/le-telecamere-di-tv-2000-documentano-i-primi-giorni-di-prova-del-progetto-su-giovanni-testori-di-maddalena-crippa-e-daniela-nicosia\\\/#primaryimage\"},\"image\":{\"@id\":\"https:\\\/\\\/www.bellunopress.it\\\/2012\\\/12\\\/18\\\/le-telecamere-di-tv-2000-documentano-i-primi-giorni-di-prova-del-progetto-su-giovanni-testori-di-maddalena-crippa-e-daniela-nicosia\\\/#primaryimage\"},\"thumbnailUrl\":\"http:\\\/\\\/www.bellunopress.it\\\/wp-content\\\/uploads\\\/2011\\\/02\\\/daniela-nicosia-280x280.jpg\",\"datePublished\":\"2012-12-18T17:11:42+00:00\",\"dateModified\":\"2012-12-18T17:30:43+00:00\",\"breadcrumb\":{\"@id\":\"https:\\\/\\\/www.bellunopress.it\\\/2012\\\/12\\\/18\\\/le-telecamere-di-tv-2000-documentano-i-primi-giorni-di-prova-del-progetto-su-giovanni-testori-di-maddalena-crippa-e-daniela-nicosia\\\/#breadcrumb\"},\"inLanguage\":\"fr-FR\",\"potentialAction\":[{\"@type\":\"ReadAction\",\"target\":[\"https:\\\/\\\/www.bellunopress.it\\\/2012\\\/12\\\/18\\\/le-telecamere-di-tv-2000-documentano-i-primi-giorni-di-prova-del-progetto-su-giovanni-testori-di-maddalena-crippa-e-daniela-nicosia\\\/\"]}]},{\"@type\":\"ImageObject\",\"inLanguage\":\"fr-FR\",\"@id\":\"https:\\\/\\\/www.bellunopress.it\\\/2012\\\/12\\\/18\\\/le-telecamere-di-tv-2000-documentano-i-primi-giorni-di-prova-del-progetto-su-giovanni-testori-di-maddalena-crippa-e-daniela-nicosia\\\/#primaryimage\",\"url\":\"http:\\\/\\\/www.bellunopress.it\\\/wp-content\\\/uploads\\\/2011\\\/02\\\/daniela-nicosia-280x280.jpg\",\"contentUrl\":\"http:\\\/\\\/www.bellunopress.it\\\/wp-content\\\/uploads\\\/2011\\\/02\\\/daniela-nicosia-280x280.jpg\"},{\"@type\":\"BreadcrumbList\",\"@id\":\"https:\\\/\\\/www.bellunopress.it\\\/2012\\\/12\\\/18\\\/le-telecamere-di-tv-2000-documentano-i-primi-giorni-di-prova-del-progetto-su-giovanni-testori-di-maddalena-crippa-e-daniela-nicosia\\\/#breadcrumb\",\"itemListElement\":[{\"@type\":\"ListItem\",\"position\":1,\"name\":\"Home\",\"item\":\"https:\\\/\\\/www.bellunopress.it\\\/\"},{\"@type\":\"ListItem\",\"position\":2,\"name\":\"Le telecamere di tv 2000 documentano i primi giorni di prova del progetto su Giovanni Testori di Maddalena Crippa e Daniela Nicosia\"}]},{\"@type\":\"WebSite\",\"@id\":\"https:\\\/\\\/www.bellunopress.it\\\/#website\",\"url\":\"https:\\\/\\\/www.bellunopress.it\\\/\",\"name\":\"Bellunopress - Dolomiti\",\"description\":\"e-mail: redazione@bellunopress.it\",\"publisher\":{\"@id\":\"https:\\\/\\\/www.bellunopress.it\\\/#organization\"},\"potentialAction\":[{\"@type\":\"SearchAction\",\"target\":{\"@type\":\"EntryPoint\",\"urlTemplate\":\"https:\\\/\\\/www.bellunopress.it\\\/?s={search_term_string}\"},\"query-input\":{\"@type\":\"PropertyValueSpecification\",\"valueRequired\":true,\"valueName\":\"search_term_string\"}}],\"inLanguage\":\"fr-FR\"},{\"@type\":\"Organization\",\"@id\":\"https:\\\/\\\/www.bellunopress.it\\\/#organization\",\"name\":\"Bellunopress\",\"url\":\"https:\\\/\\\/www.bellunopress.it\\\/\",\"logo\":{\"@type\":\"ImageObject\",\"inLanguage\":\"fr-FR\",\"@id\":\"https:\\\/\\\/www.bellunopress.it\\\/#\\\/schema\\\/logo\\\/image\\\/\",\"url\":\"https:\\\/\\\/www.bellunopress.it\\\/wp-content\\\/uploads\\\/2011\\\/05\\\/cropped-logo-bellunopress-.jpg\",\"contentUrl\":\"https:\\\/\\\/www.bellunopress.it\\\/wp-content\\\/uploads\\\/2011\\\/05\\\/cropped-logo-bellunopress-.jpg\",\"width\":512,\"height\":512,\"caption\":\"Bellunopress\"},\"image\":{\"@id\":\"https:\\\/\\\/www.bellunopress.it\\\/#\\\/schema\\\/logo\\\/image\\\/\"},\"sameAs\":[\"https:\\\/\\\/www.facebook.com\\\/profile.php?id=100008943462799\",\"https:\\\/\\\/x.com\\\/bellunopress\",\"https:\\\/\\\/www.linkedin.com\\\/hp\\\/?dnr=JBzUWaJfMUw8vbXJJ2tVW5-I3jZKvC4wsoxE&amp;amp;amp;amp;amp;amp;trk=nav_responsive_tab_home\",\"https:\\\/\\\/www.youtube.com\\\/channel\\\/UCxL0wu1uN0_3_7hGG0306cw\"]},{\"@type\":\"Person\",\"@id\":\"https:\\\/\\\/www.bellunopress.it\\\/#\\\/schema\\\/person\\\/79bb06722b37ece1c03d3e94beb30d73\",\"name\":\"redazione\",\"image\":{\"@type\":\"ImageObject\",\"inLanguage\":\"fr-FR\",\"@id\":\"https:\\\/\\\/secure.gravatar.com\\\/avatar\\\/37d968a2e67a6fd04c169c4bdef102d0bc5d31b2546345219e348575eb80e9a0?s=96&d=mm&r=g\",\"url\":\"https:\\\/\\\/secure.gravatar.com\\\/avatar\\\/37d968a2e67a6fd04c169c4bdef102d0bc5d31b2546345219e348575eb80e9a0?s=96&d=mm&r=g\",\"contentUrl\":\"https:\\\/\\\/secure.gravatar.com\\\/avatar\\\/37d968a2e67a6fd04c169c4bdef102d0bc5d31b2546345219e348575eb80e9a0?s=96&d=mm&r=g\",\"caption\":\"redazione\"},\"sameAs\":[\"http:\\\/\\\/www.bellunopress.it\",\"https:\\\/\\\/x.com\\\/bellunopress\"],\"url\":\"https:\\\/\\\/www.bellunopress.it\\\/fr\\\/author\\\/redazione\\\/\"}]}<\/script>\n<!-- \/ Yoast SEO plugin. -->","yoast_head_json":{"title":"Le telecamere di tv 2000 documentano i primi giorni di prova del progetto su Giovanni Testori di Maddalena Crippa e Daniela Nicosia  - Bellunopress - Dolomiti","robots":{"index":"index","follow":"follow","max-snippet":"max-snippet:-1","max-image-preview":"max-image-preview:large","max-video-preview":"max-video-preview:-1"},"canonical":"https:\/\/www.bellunopress.it\/fr\/2012\/12\/18\/le-telecamere-di-tv-2000-documentano-i-primi-giorni-di-prova-del-progetto-su-giovanni-testori-di-maddalena-crippa-e-daniela-nicosia\/","og_locale":"fr_FR","og_type":"article","og_title":"Le telecamere di tv 2000 documentano i primi giorni di prova del progetto su Giovanni Testori di Maddalena Crippa e Daniela Nicosia  - Bellunopress - Dolomiti","og_description":"\u0093 Gioved\u00ec prossimo 20 dicembre alle ore 22.50 e in replica domenica 23 alle ore 16 e alle ore 23, su Tv 2000 nel programma &#8220;4 passi tra le nuvole&#8221;, \u00a0sar\u00e0 trasmesso un servizio che documenta i primi passi del lavoro di Daniela Nicosia con Maddalena Crippa, su Giovanni Testori. Il progetto intitolato Passione, nasce [&hellip;]","og_url":"https:\/\/www.bellunopress.it\/fr\/2012\/12\/18\/le-telecamere-di-tv-2000-documentano-i-primi-giorni-di-prova-del-progetto-su-giovanni-testori-di-maddalena-crippa-e-daniela-nicosia\/","og_site_name":"Bellunopress - Dolomiti","article_publisher":"https:\/\/www.facebook.com\/profile.php?id=100008943462799","article_published_time":"2012-12-18T17:11:42+00:00","article_modified_time":"2012-12-18T17:30:43+00:00","og_image":[{"url":"http:\/\/www.bellunopress.it\/wp-content\/uploads\/2011\/02\/daniela-nicosia-280x280.jpg","type":"","width":"","height":""}],"author":"redazione","twitter_card":"summary_large_image","twitter_creator":"@bellunopress","twitter_site":"@bellunopress","twitter_misc":{"\u00c9crit par":"redazione","Dur\u00e9e de lecture estim\u00e9e":"1 minute"},"schema":{"@context":"https:\/\/schema.org","@graph":[{"@type":"Article","@id":"https:\/\/www.bellunopress.it\/2012\/12\/18\/le-telecamere-di-tv-2000-documentano-i-primi-giorni-di-prova-del-progetto-su-giovanni-testori-di-maddalena-crippa-e-daniela-nicosia\/#article","isPartOf":{"@id":"https:\/\/www.bellunopress.it\/2012\/12\/18\/le-telecamere-di-tv-2000-documentano-i-primi-giorni-di-prova-del-progetto-su-giovanni-testori-di-maddalena-crippa-e-daniela-nicosia\/"},"author":{"name":"redazione","@id":"https:\/\/www.bellunopress.it\/#\/schema\/person\/79bb06722b37ece1c03d3e94beb30d73"},"headline":"Le telecamere di tv 2000 documentano i primi giorni di prova del progetto su Giovanni Testori di Maddalena Crippa e Daniela Nicosia","datePublished":"2012-12-18T17:11:42+00:00","dateModified":"2012-12-18T17:30:43+00:00","mainEntityOfPage":{"@id":"https:\/\/www.bellunopress.it\/2012\/12\/18\/le-telecamere-di-tv-2000-documentano-i-primi-giorni-di-prova-del-progetto-su-giovanni-testori-di-maddalena-crippa-e-daniela-nicosia\/"},"wordCount":301,"publisher":{"@id":"https:\/\/www.bellunopress.it\/#organization"},"image":{"@id":"https:\/\/www.bellunopress.it\/2012\/12\/18\/le-telecamere-di-tv-2000-documentano-i-primi-giorni-di-prova-del-progetto-su-giovanni-testori-di-maddalena-crippa-e-daniela-nicosia\/#primaryimage"},"thumbnailUrl":"http:\/\/www.bellunopress.it\/wp-content\/uploads\/2011\/02\/daniela-nicosia-280x280.jpg","articleSection":["Appuntamenti, Eventi","Arte, Cultura, Spettacoli, Scienza","Prima Pagina"],"inLanguage":"fr-FR"},{"@type":"WebPage","@id":"https:\/\/www.bellunopress.it\/2012\/12\/18\/le-telecamere-di-tv-2000-documentano-i-primi-giorni-di-prova-del-progetto-su-giovanni-testori-di-maddalena-crippa-e-daniela-nicosia\/","url":"https:\/\/www.bellunopress.it\/2012\/12\/18\/le-telecamere-di-tv-2000-documentano-i-primi-giorni-di-prova-del-progetto-su-giovanni-testori-di-maddalena-crippa-e-daniela-nicosia\/","name":"Le telecamere di tv 2000 documentano i primi giorni di prova del progetto su Giovanni Testori di Maddalena Crippa e Daniela Nicosia - Bellunopress - Dolomiti","isPartOf":{"@id":"https:\/\/www.bellunopress.it\/#website"},"primaryImageOfPage":{"@id":"https:\/\/www.bellunopress.it\/2012\/12\/18\/le-telecamere-di-tv-2000-documentano-i-primi-giorni-di-prova-del-progetto-su-giovanni-testori-di-maddalena-crippa-e-daniela-nicosia\/#primaryimage"},"image":{"@id":"https:\/\/www.bellunopress.it\/2012\/12\/18\/le-telecamere-di-tv-2000-documentano-i-primi-giorni-di-prova-del-progetto-su-giovanni-testori-di-maddalena-crippa-e-daniela-nicosia\/#primaryimage"},"thumbnailUrl":"http:\/\/www.bellunopress.it\/wp-content\/uploads\/2011\/02\/daniela-nicosia-280x280.jpg","datePublished":"2012-12-18T17:11:42+00:00","dateModified":"2012-12-18T17:30:43+00:00","breadcrumb":{"@id":"https:\/\/www.bellunopress.it\/2012\/12\/18\/le-telecamere-di-tv-2000-documentano-i-primi-giorni-di-prova-del-progetto-su-giovanni-testori-di-maddalena-crippa-e-daniela-nicosia\/#breadcrumb"},"inLanguage":"fr-FR","potentialAction":[{"@type":"ReadAction","target":["https:\/\/www.bellunopress.it\/2012\/12\/18\/le-telecamere-di-tv-2000-documentano-i-primi-giorni-di-prova-del-progetto-su-giovanni-testori-di-maddalena-crippa-e-daniela-nicosia\/"]}]},{"@type":"ImageObject","inLanguage":"fr-FR","@id":"https:\/\/www.bellunopress.it\/2012\/12\/18\/le-telecamere-di-tv-2000-documentano-i-primi-giorni-di-prova-del-progetto-su-giovanni-testori-di-maddalena-crippa-e-daniela-nicosia\/#primaryimage","url":"http:\/\/www.bellunopress.it\/wp-content\/uploads\/2011\/02\/daniela-nicosia-280x280.jpg","contentUrl":"http:\/\/www.bellunopress.it\/wp-content\/uploads\/2011\/02\/daniela-nicosia-280x280.jpg"},{"@type":"BreadcrumbList","@id":"https:\/\/www.bellunopress.it\/2012\/12\/18\/le-telecamere-di-tv-2000-documentano-i-primi-giorni-di-prova-del-progetto-su-giovanni-testori-di-maddalena-crippa-e-daniela-nicosia\/#breadcrumb","itemListElement":[{"@type":"ListItem","position":1,"name":"Home","item":"https:\/\/www.bellunopress.it\/"},{"@type":"ListItem","position":2,"name":"Le telecamere di tv 2000 documentano i primi giorni di prova del progetto su Giovanni Testori di Maddalena Crippa e Daniela Nicosia"}]},{"@type":"WebSite","@id":"https:\/\/www.bellunopress.it\/#website","url":"https:\/\/www.bellunopress.it\/","name":"Bellunopress - Dolomiti","description":"e-mail: redazione@bellunopress.it","publisher":{"@id":"https:\/\/www.bellunopress.it\/#organization"},"potentialAction":[{"@type":"SearchAction","target":{"@type":"EntryPoint","urlTemplate":"https:\/\/www.bellunopress.it\/?s={search_term_string}"},"query-input":{"@type":"PropertyValueSpecification","valueRequired":true,"valueName":"search_term_string"}}],"inLanguage":"fr-FR"},{"@type":"Organization","@id":"https:\/\/www.bellunopress.it\/#organization","name":"Bellunopress","url":"https:\/\/www.bellunopress.it\/","logo":{"@type":"ImageObject","inLanguage":"fr-FR","@id":"https:\/\/www.bellunopress.it\/#\/schema\/logo\/image\/","url":"https:\/\/www.bellunopress.it\/wp-content\/uploads\/2011\/05\/cropped-logo-bellunopress-.jpg","contentUrl":"https:\/\/www.bellunopress.it\/wp-content\/uploads\/2011\/05\/cropped-logo-bellunopress-.jpg","width":512,"height":512,"caption":"Bellunopress"},"image":{"@id":"https:\/\/www.bellunopress.it\/#\/schema\/logo\/image\/"},"sameAs":["https:\/\/www.facebook.com\/profile.php?id=100008943462799","https:\/\/x.com\/bellunopress","https:\/\/www.linkedin.com\/hp\/?dnr=JBzUWaJfMUw8vbXJJ2tVW5-I3jZKvC4wsoxE&amp;amp;amp;amp;amp;amp;trk=nav_responsive_tab_home","https:\/\/www.youtube.com\/channel\/UCxL0wu1uN0_3_7hGG0306cw"]},{"@type":"Person","@id":"https:\/\/www.bellunopress.it\/#\/schema\/person\/79bb06722b37ece1c03d3e94beb30d73","name":"r\u00e9daction","image":{"@type":"ImageObject","inLanguage":"fr-FR","@id":"https:\/\/secure.gravatar.com\/avatar\/37d968a2e67a6fd04c169c4bdef102d0bc5d31b2546345219e348575eb80e9a0?s=96&d=mm&r=g","url":"https:\/\/secure.gravatar.com\/avatar\/37d968a2e67a6fd04c169c4bdef102d0bc5d31b2546345219e348575eb80e9a0?s=96&d=mm&r=g","contentUrl":"https:\/\/secure.gravatar.com\/avatar\/37d968a2e67a6fd04c169c4bdef102d0bc5d31b2546345219e348575eb80e9a0?s=96&d=mm&r=g","caption":"redazione"},"sameAs":["http:\/\/www.bellunopress.it","https:\/\/x.com\/bellunopress"],"url":"https:\/\/www.bellunopress.it\/fr\/author\/redazione\/"}]}},"_links":{"self":[{"href":"https:\/\/www.bellunopress.it\/fr\/wp-json\/wp\/v2\/posts\/44927","targetHints":{"allow":["GET"]}}],"collection":[{"href":"https:\/\/www.bellunopress.it\/fr\/wp-json\/wp\/v2\/posts"}],"about":[{"href":"https:\/\/www.bellunopress.it\/fr\/wp-json\/wp\/v2\/types\/post"}],"author":[{"embeddable":true,"href":"https:\/\/www.bellunopress.it\/fr\/wp-json\/wp\/v2\/users\/2"}],"replies":[{"embeddable":true,"href":"https:\/\/www.bellunopress.it\/fr\/wp-json\/wp\/v2\/comments?post=44927"}],"version-history":[{"count":3,"href":"https:\/\/www.bellunopress.it\/fr\/wp-json\/wp\/v2\/posts\/44927\/revisions"}],"predecessor-version":[{"id":44929,"href":"https:\/\/www.bellunopress.it\/fr\/wp-json\/wp\/v2\/posts\/44927\/revisions\/44929"}],"wp:attachment":[{"href":"https:\/\/www.bellunopress.it\/fr\/wp-json\/wp\/v2\/media?parent=44927"}],"wp:term":[{"taxonomy":"category","embeddable":true,"href":"https:\/\/www.bellunopress.it\/fr\/wp-json\/wp\/v2\/categories?post=44927"},{"taxonomy":"post_tag","embeddable":true,"href":"https:\/\/www.bellunopress.it\/fr\/wp-json\/wp\/v2\/tags?post=44927"}],"curies":[{"name":"wp","href":"https:\/\/api.w.org\/{rel}","templated":true}]}}