{"id":4491,"date":"2009-06-05T16:49:48","date_gmt":"2009-06-05T15:49:48","guid":{"rendered":"http:\/\/www.bellunopress.it\/?p=4491"},"modified":"2009-06-05T16:49:48","modified_gmt":"2009-06-05T15:49:48","slug":"gran-fondo-dolomiti-stars-frw-weber-il-team-liquigas-in-allenamento-sulle-strade-dell%e2%80%99edizione-2009","status":"publish","type":"post","link":"https:\/\/www.bellunopress.it\/fr\/2009\/06\/05\/gran-fondo-dolomiti-stars-frw-weber-il-team-liquigas-in-allenamento-sulle-strade-dell%e2%80%99edizione-2009\/","title":{"rendered":"Gran Fondo Dolomiti Stars-FRW-Weber Il Team Liquigas in allenamento sulle strade dell\u2019edizione 2009"},"content":{"rendered":"<p><a href=\"http:\/\/www.bellunopress.it\/wp-content\/uploads\/2009\/04\/gran-fondo.jpg\"><img loading=\"lazy\" decoding=\"async\" class=\"alignleft size-medium wp-image-2303\" title=\"gran-fondo\" src=\"http:\/\/www.bellunopress.it\/wp-content\/uploads\/2009\/04\/gran-fondo.jpg\" alt=\"\" width=\"280\" height=\"209\" \/><\/a>Le strade della Gran Fondo Dolomiti Stars-FRW-Weber attraggono cicloturisti e amatori\u00a0da tutto il mondo. Non solo,\u00a0anche i\u00a0corridori del Team Liquigas in questi giorni hanno scelto\u00a0il percorso della Gran Fondo 2009 e le\u00a0salite di Dolomiti Stars per prepararsi al meglio in vista dei prossimi grandi impegni agonistici della stagione. Vincenzo Nibali, Roman Kreuziger, Daniele Bennati e gli altri campioni del Team Liquigas, che non hanno preso parte\u00a0 al Giro d&#8217;Italia, si alleneranno fino al 10 giugno sulle strade della Gran Fondo con l\u2019obiettivo di giungere nelle migliori condizioni al Tour de France 2009.<br \/>\nSCOPRI LA GF 2009!<br \/>\nLa Gran Fondo Dolomiti Stars-FRW-Weber\u00a0 prevede due percorsi, entrambi con partenza ed arrivo ad Arabba: il lungo di 135 km con i passi Duran, Staulanza, Giau e Falzarego e la medio fondo di 80 km con i passi Giau e Falzarego. Percorsi che consentono di pedalare immersi nella natura e nelle bellezze paesaggistiche delle Dolomiti, ma che rappresentano al tempo stesso, come testimonia la scelta del Team Liquigas, un\u2019opportunit\u00e0 di allenamento di altissimo livello tecnico. Lo stesso Ivan Basso durante la primavera ha scelto pi\u00f9 volte queste strade per\u00a0i suoi allenamenti come documentato dai video presenti nel sito della gran fondo.<br \/>\nCOME ESCRIVERSI ALLA GRAN FONDO?<br \/>\nIscriversi \u00e8 semplice e veloce. \u00c8 sufficiente compilare in ogni sua parte il modulo scaricabile dal sito internet della corsa www.granfondodolomitistars.com. Le iscrizioni resteranno aperte fino all\u20198 settembre 2009. Non perdere tempo e assicurati per domenica 13 settembre un posto sulla griglia di partenza da Arabba!<\/p>","protected":false},"excerpt":{"rendered":"<p>Le strade della Gran Fondo Dolomiti Stars-FRW-Weber attraggono cicloturisti e amatori\u00a0da tutto il mondo. Non solo,\u00a0anche i\u00a0corridori del Team Liquigas in questi giorni hanno scelto\u00a0il percorso della Gran Fondo 2009 e le\u00a0salite di Dolomiti Stars per prepararsi al meglio in vista dei prossimi grandi impegni agonistici della stagione. Vincenzo Nibali, Roman Kreuziger, Daniele Bennati e [&hellip;]<\/p>\n","protected":false},"author":2,"featured_media":0,"comment_status":"closed","ping_status":"open","sticky":false,"template":"","format":"standard","meta":{"footnotes":""},"categories":[4],"tags":[139,63],"class_list":["post-4491","post","type-post","status-publish","format-standard","category-sport","tag-belluno","tag-dolomiti"],"yoast_head":"<!-- This site is optimized with the Yoast SEO plugin v28.4 - https:\/\/yoast.com\/product\/yoast-seo-wordpress\/ -->\n<title>Gran Fondo Dolomiti Stars-FRW-Weber Il Team Liquigas in allenamento sulle strade dell\u2019edizione 2009  - Bellunopress - Dolomiti<\/title>\n<meta name=\"robots\" content=\"index, follow, max-snippet:-1, max-image-preview:large, max-video-preview:-1\" \/>\n<link rel=\"canonical\" href=\"https:\/\/www.bellunopress.it\/fr\/2009\/06\/05\/gran-fondo-dolomiti-stars-frw-weber-il-team-liquigas-in-allenamento-sulle-strade-dell\u2019edizione-2009\/\" \/>\n<meta property=\"og:locale\" content=\"fr_FR\" \/>\n<meta property=\"og:type\" content=\"article\" \/>\n<meta property=\"og:title\" content=\"Gran Fondo Dolomiti Stars-FRW-Weber Il Team Liquigas in allenamento sulle strade dell\u2019edizione 2009  - Bellunopress - Dolomiti\" \/>\n<meta property=\"og:description\" content=\"Le strade della Gran Fondo Dolomiti Stars-FRW-Weber attraggono cicloturisti e amatori\u00a0da tutto il mondo. Non solo,\u00a0anche i\u00a0corridori del Team Liquigas in questi giorni hanno scelto\u00a0il percorso della Gran Fondo 2009 e le\u00a0salite di Dolomiti Stars per prepararsi al meglio in vista dei prossimi grandi impegni agonistici della stagione. Vincenzo Nibali, Roman Kreuziger, Daniele Bennati e [&hellip;]\" \/>\n<meta property=\"og:url\" content=\"https:\/\/www.bellunopress.it\/fr\/2009\/06\/05\/gran-fondo-dolomiti-stars-frw-weber-il-team-liquigas-in-allenamento-sulle-strade-dell\u2019edizione-2009\/\" \/>\n<meta property=\"og:site_name\" content=\"Bellunopress - Dolomiti\" \/>\n<meta property=\"article:publisher\" content=\"https:\/\/www.facebook.com\/profile.php?id=100008943462799\" \/>\n<meta property=\"article:published_time\" content=\"2009-06-05T15:49:48+00:00\" \/>\n<meta property=\"og:image\" content=\"http:\/\/www.bellunopress.it\/wp-content\/uploads\/2009\/04\/gran-fondo.jpg\" \/>\n<meta name=\"author\" content=\"redazione\" \/>\n<meta name=\"twitter:card\" content=\"summary_large_image\" \/>\n<meta name=\"twitter:creator\" content=\"@bellunopress\" \/>\n<meta name=\"twitter:site\" content=\"@bellunopress\" \/>\n<meta name=\"twitter:label1\" content=\"\u00c9crit par\" \/>\n\t<meta name=\"twitter:data1\" content=\"redazione\" \/>\n\t<meta name=\"twitter:label2\" content=\"Dur\u00e9e de lecture estim\u00e9e\" \/>\n\t<meta name=\"twitter:data2\" content=\"1 minute\" \/>\n<script type=\"application\/ld+json\" class=\"yoast-schema-graph\">{\"@context\":\"https:\\\/\\\/schema.org\",\"@graph\":[{\"@type\":\"Article\",\"@id\":\"https:\\\/\\\/www.bellunopress.it\\\/2009\\\/06\\\/05\\\/gran-fondo-dolomiti-stars-frw-weber-il-team-liquigas-in-allenamento-sulle-strade-dell%e2%80%99edizione-2009\\\/#article\",\"isPartOf\":{\"@id\":\"https:\\\/\\\/www.bellunopress.it\\\/2009\\\/06\\\/05\\\/gran-fondo-dolomiti-stars-frw-weber-il-team-liquigas-in-allenamento-sulle-strade-dell%e2%80%99edizione-2009\\\/\"},\"author\":{\"name\":\"redazione\",\"@id\":\"https:\\\/\\\/www.bellunopress.it\\\/#\\\/schema\\\/person\\\/79bb06722b37ece1c03d3e94beb30d73\"},\"headline\":\"Gran Fondo Dolomiti Stars-FRW-Weber Il Team Liquigas in allenamento sulle strade dell\u2019edizione 2009\",\"datePublished\":\"2009-06-05T15:49:48+00:00\",\"mainEntityOfPage\":{\"@id\":\"https:\\\/\\\/www.bellunopress.it\\\/2009\\\/06\\\/05\\\/gran-fondo-dolomiti-stars-frw-weber-il-team-liquigas-in-allenamento-sulle-strade-dell%e2%80%99edizione-2009\\\/\"},\"wordCount\":262,\"publisher\":{\"@id\":\"https:\\\/\\\/www.bellunopress.it\\\/#organization\"},\"image\":{\"@id\":\"https:\\\/\\\/www.bellunopress.it\\\/2009\\\/06\\\/05\\\/gran-fondo-dolomiti-stars-frw-weber-il-team-liquigas-in-allenamento-sulle-strade-dell%e2%80%99edizione-2009\\\/#primaryimage\"},\"thumbnailUrl\":\"http:\\\/\\\/www.bellunopress.it\\\/wp-content\\\/uploads\\\/2009\\\/04\\\/gran-fondo.jpg\",\"keywords\":[\"Belluno\",\"Dolomiti\"],\"articleSection\":[\"Sport, tempo libero\"],\"inLanguage\":\"fr-FR\"},{\"@type\":\"WebPage\",\"@id\":\"https:\\\/\\\/www.bellunopress.it\\\/2009\\\/06\\\/05\\\/gran-fondo-dolomiti-stars-frw-weber-il-team-liquigas-in-allenamento-sulle-strade-dell%e2%80%99edizione-2009\\\/\",\"url\":\"https:\\\/\\\/www.bellunopress.it\\\/2009\\\/06\\\/05\\\/gran-fondo-dolomiti-stars-frw-weber-il-team-liquigas-in-allenamento-sulle-strade-dell%e2%80%99edizione-2009\\\/\",\"name\":\"Gran Fondo Dolomiti Stars-FRW-Weber Il Team Liquigas in allenamento sulle strade dell\u2019edizione 2009 - Bellunopress - Dolomiti\",\"isPartOf\":{\"@id\":\"https:\\\/\\\/www.bellunopress.it\\\/#website\"},\"primaryImageOfPage\":{\"@id\":\"https:\\\/\\\/www.bellunopress.it\\\/2009\\\/06\\\/05\\\/gran-fondo-dolomiti-stars-frw-weber-il-team-liquigas-in-allenamento-sulle-strade-dell%e2%80%99edizione-2009\\\/#primaryimage\"},\"image\":{\"@id\":\"https:\\\/\\\/www.bellunopress.it\\\/2009\\\/06\\\/05\\\/gran-fondo-dolomiti-stars-frw-weber-il-team-liquigas-in-allenamento-sulle-strade-dell%e2%80%99edizione-2009\\\/#primaryimage\"},\"thumbnailUrl\":\"http:\\\/\\\/www.bellunopress.it\\\/wp-content\\\/uploads\\\/2009\\\/04\\\/gran-fondo.jpg\",\"datePublished\":\"2009-06-05T15:49:48+00:00\",\"breadcrumb\":{\"@id\":\"https:\\\/\\\/www.bellunopress.it\\\/2009\\\/06\\\/05\\\/gran-fondo-dolomiti-stars-frw-weber-il-team-liquigas-in-allenamento-sulle-strade-dell%e2%80%99edizione-2009\\\/#breadcrumb\"},\"inLanguage\":\"fr-FR\",\"potentialAction\":[{\"@type\":\"ReadAction\",\"target\":[\"https:\\\/\\\/www.bellunopress.it\\\/2009\\\/06\\\/05\\\/gran-fondo-dolomiti-stars-frw-weber-il-team-liquigas-in-allenamento-sulle-strade-dell%e2%80%99edizione-2009\\\/\"]}]},{\"@type\":\"ImageObject\",\"inLanguage\":\"fr-FR\",\"@id\":\"https:\\\/\\\/www.bellunopress.it\\\/2009\\\/06\\\/05\\\/gran-fondo-dolomiti-stars-frw-weber-il-team-liquigas-in-allenamento-sulle-strade-dell%e2%80%99edizione-2009\\\/#primaryimage\",\"url\":\"http:\\\/\\\/www.bellunopress.it\\\/wp-content\\\/uploads\\\/2009\\\/04\\\/gran-fondo.jpg\",\"contentUrl\":\"http:\\\/\\\/www.bellunopress.it\\\/wp-content\\\/uploads\\\/2009\\\/04\\\/gran-fondo.jpg\"},{\"@type\":\"BreadcrumbList\",\"@id\":\"https:\\\/\\\/www.bellunopress.it\\\/2009\\\/06\\\/05\\\/gran-fondo-dolomiti-stars-frw-weber-il-team-liquigas-in-allenamento-sulle-strade-dell%e2%80%99edizione-2009\\\/#breadcrumb\",\"itemListElement\":[{\"@type\":\"ListItem\",\"position\":1,\"name\":\"Home\",\"item\":\"https:\\\/\\\/www.bellunopress.it\\\/\"},{\"@type\":\"ListItem\",\"position\":2,\"name\":\"Gran Fondo Dolomiti Stars-FRW-Weber Il Team Liquigas in allenamento sulle strade dell\u2019edizione 2009\"}]},{\"@type\":\"WebSite\",\"@id\":\"https:\\\/\\\/www.bellunopress.it\\\/#website\",\"url\":\"https:\\\/\\\/www.bellunopress.it\\\/\",\"name\":\"Bellunopress - Dolomiti\",\"description\":\"e-mail: redazione@bellunopress.it\",\"publisher\":{\"@id\":\"https:\\\/\\\/www.bellunopress.it\\\/#organization\"},\"potentialAction\":[{\"@type\":\"SearchAction\",\"target\":{\"@type\":\"EntryPoint\",\"urlTemplate\":\"https:\\\/\\\/www.bellunopress.it\\\/?s={search_term_string}\"},\"query-input\":{\"@type\":\"PropertyValueSpecification\",\"valueRequired\":true,\"valueName\":\"search_term_string\"}}],\"inLanguage\":\"fr-FR\"},{\"@type\":\"Organization\",\"@id\":\"https:\\\/\\\/www.bellunopress.it\\\/#organization\",\"name\":\"Bellunopress\",\"url\":\"https:\\\/\\\/www.bellunopress.it\\\/\",\"logo\":{\"@type\":\"ImageObject\",\"inLanguage\":\"fr-FR\",\"@id\":\"https:\\\/\\\/www.bellunopress.it\\\/#\\\/schema\\\/logo\\\/image\\\/\",\"url\":\"https:\\\/\\\/www.bellunopress.it\\\/wp-content\\\/uploads\\\/2011\\\/05\\\/cropped-logo-bellunopress-.jpg\",\"contentUrl\":\"https:\\\/\\\/www.bellunopress.it\\\/wp-content\\\/uploads\\\/2011\\\/05\\\/cropped-logo-bellunopress-.jpg\",\"width\":512,\"height\":512,\"caption\":\"Bellunopress\"},\"image\":{\"@id\":\"https:\\\/\\\/www.bellunopress.it\\\/#\\\/schema\\\/logo\\\/image\\\/\"},\"sameAs\":[\"https:\\\/\\\/www.facebook.com\\\/profile.php?id=100008943462799\",\"https:\\\/\\\/x.com\\\/bellunopress\",\"https:\\\/\\\/www.linkedin.com\\\/hp\\\/?dnr=JBzUWaJfMUw8vbXJJ2tVW5-I3jZKvC4wsoxE&amp;amp;amp;amp;amp;amp;trk=nav_responsive_tab_home\",\"https:\\\/\\\/www.youtube.com\\\/channel\\\/UCxL0wu1uN0_3_7hGG0306cw\"]},{\"@type\":\"Person\",\"@id\":\"https:\\\/\\\/www.bellunopress.it\\\/#\\\/schema\\\/person\\\/79bb06722b37ece1c03d3e94beb30d73\",\"name\":\"redazione\",\"image\":{\"@type\":\"ImageObject\",\"inLanguage\":\"fr-FR\",\"@id\":\"https:\\\/\\\/secure.gravatar.com\\\/avatar\\\/37d968a2e67a6fd04c169c4bdef102d0bc5d31b2546345219e348575eb80e9a0?s=96&d=mm&r=g\",\"url\":\"https:\\\/\\\/secure.gravatar.com\\\/avatar\\\/37d968a2e67a6fd04c169c4bdef102d0bc5d31b2546345219e348575eb80e9a0?s=96&d=mm&r=g\",\"contentUrl\":\"https:\\\/\\\/secure.gravatar.com\\\/avatar\\\/37d968a2e67a6fd04c169c4bdef102d0bc5d31b2546345219e348575eb80e9a0?s=96&d=mm&r=g\",\"caption\":\"redazione\"},\"sameAs\":[\"http:\\\/\\\/www.bellunopress.it\",\"https:\\\/\\\/x.com\\\/bellunopress\"],\"url\":\"https:\\\/\\\/www.bellunopress.it\\\/fr\\\/author\\\/redazione\\\/\"}]}<\/script>\n<!-- \/ Yoast SEO plugin. -->","yoast_head_json":{"title":"Gran Fondo Dolomiti Stars-FRW-Weber Il Team Liquigas in allenamento sulle strade dell\u2019edizione 2009  - Bellunopress - Dolomiti","robots":{"index":"index","follow":"follow","max-snippet":"max-snippet:-1","max-image-preview":"max-image-preview:large","max-video-preview":"max-video-preview:-1"},"canonical":"https:\/\/www.bellunopress.it\/fr\/2009\/06\/05\/gran-fondo-dolomiti-stars-frw-weber-il-team-liquigas-in-allenamento-sulle-strade-dell\u2019edizione-2009\/","og_locale":"fr_FR","og_type":"article","og_title":"Gran Fondo Dolomiti Stars-FRW-Weber Il Team Liquigas in allenamento sulle strade dell\u2019edizione 2009  - Bellunopress - Dolomiti","og_description":"Le strade della Gran Fondo Dolomiti Stars-FRW-Weber attraggono cicloturisti e amatori\u00a0da tutto il mondo. Non solo,\u00a0anche i\u00a0corridori del Team Liquigas in questi giorni hanno scelto\u00a0il percorso della Gran Fondo 2009 e le\u00a0salite di Dolomiti Stars per prepararsi al meglio in vista dei prossimi grandi impegni agonistici della stagione. Vincenzo Nibali, Roman Kreuziger, Daniele Bennati e [&hellip;]","og_url":"https:\/\/www.bellunopress.it\/fr\/2009\/06\/05\/gran-fondo-dolomiti-stars-frw-weber-il-team-liquigas-in-allenamento-sulle-strade-dell\u2019edizione-2009\/","og_site_name":"Bellunopress - Dolomiti","article_publisher":"https:\/\/www.facebook.com\/profile.php?id=100008943462799","article_published_time":"2009-06-05T15:49:48+00:00","og_image":[{"url":"http:\/\/www.bellunopress.it\/wp-content\/uploads\/2009\/04\/gran-fondo.jpg","type":"","width":"","height":""}],"author":"redazione","twitter_card":"summary_large_image","twitter_creator":"@bellunopress","twitter_site":"@bellunopress","twitter_misc":{"\u00c9crit par":"redazione","Dur\u00e9e de lecture estim\u00e9e":"1 minute"},"schema":{"@context":"https:\/\/schema.org","@graph":[{"@type":"Article","@id":"https:\/\/www.bellunopress.it\/2009\/06\/05\/gran-fondo-dolomiti-stars-frw-weber-il-team-liquigas-in-allenamento-sulle-strade-dell%e2%80%99edizione-2009\/#article","isPartOf":{"@id":"https:\/\/www.bellunopress.it\/2009\/06\/05\/gran-fondo-dolomiti-stars-frw-weber-il-team-liquigas-in-allenamento-sulle-strade-dell%e2%80%99edizione-2009\/"},"author":{"name":"redazione","@id":"https:\/\/www.bellunopress.it\/#\/schema\/person\/79bb06722b37ece1c03d3e94beb30d73"},"headline":"Gran Fondo Dolomiti Stars-FRW-Weber Il Team Liquigas in allenamento sulle strade dell\u2019edizione 2009","datePublished":"2009-06-05T15:49:48+00:00","mainEntityOfPage":{"@id":"https:\/\/www.bellunopress.it\/2009\/06\/05\/gran-fondo-dolomiti-stars-frw-weber-il-team-liquigas-in-allenamento-sulle-strade-dell%e2%80%99edizione-2009\/"},"wordCount":262,"publisher":{"@id":"https:\/\/www.bellunopress.it\/#organization"},"image":{"@id":"https:\/\/www.bellunopress.it\/2009\/06\/05\/gran-fondo-dolomiti-stars-frw-weber-il-team-liquigas-in-allenamento-sulle-strade-dell%e2%80%99edizione-2009\/#primaryimage"},"thumbnailUrl":"http:\/\/www.bellunopress.it\/wp-content\/uploads\/2009\/04\/gran-fondo.jpg","keywords":["Belluno","Dolomiti"],"articleSection":["Sport, tempo libero"],"inLanguage":"fr-FR"},{"@type":"WebPage","@id":"https:\/\/www.bellunopress.it\/2009\/06\/05\/gran-fondo-dolomiti-stars-frw-weber-il-team-liquigas-in-allenamento-sulle-strade-dell%e2%80%99edizione-2009\/","url":"https:\/\/www.bellunopress.it\/2009\/06\/05\/gran-fondo-dolomiti-stars-frw-weber-il-team-liquigas-in-allenamento-sulle-strade-dell%e2%80%99edizione-2009\/","name":"Gran Fondo Dolomiti Stars-FRW-Weber Il Team Liquigas in allenamento sulle strade dell\u2019edizione 2009 - Bellunopress - Dolomiti","isPartOf":{"@id":"https:\/\/www.bellunopress.it\/#website"},"primaryImageOfPage":{"@id":"https:\/\/www.bellunopress.it\/2009\/06\/05\/gran-fondo-dolomiti-stars-frw-weber-il-team-liquigas-in-allenamento-sulle-strade-dell%e2%80%99edizione-2009\/#primaryimage"},"image":{"@id":"https:\/\/www.bellunopress.it\/2009\/06\/05\/gran-fondo-dolomiti-stars-frw-weber-il-team-liquigas-in-allenamento-sulle-strade-dell%e2%80%99edizione-2009\/#primaryimage"},"thumbnailUrl":"http:\/\/www.bellunopress.it\/wp-content\/uploads\/2009\/04\/gran-fondo.jpg","datePublished":"2009-06-05T15:49:48+00:00","breadcrumb":{"@id":"https:\/\/www.bellunopress.it\/2009\/06\/05\/gran-fondo-dolomiti-stars-frw-weber-il-team-liquigas-in-allenamento-sulle-strade-dell%e2%80%99edizione-2009\/#breadcrumb"},"inLanguage":"fr-FR","potentialAction":[{"@type":"ReadAction","target":["https:\/\/www.bellunopress.it\/2009\/06\/05\/gran-fondo-dolomiti-stars-frw-weber-il-team-liquigas-in-allenamento-sulle-strade-dell%e2%80%99edizione-2009\/"]}]},{"@type":"ImageObject","inLanguage":"fr-FR","@id":"https:\/\/www.bellunopress.it\/2009\/06\/05\/gran-fondo-dolomiti-stars-frw-weber-il-team-liquigas-in-allenamento-sulle-strade-dell%e2%80%99edizione-2009\/#primaryimage","url":"http:\/\/www.bellunopress.it\/wp-content\/uploads\/2009\/04\/gran-fondo.jpg","contentUrl":"http:\/\/www.bellunopress.it\/wp-content\/uploads\/2009\/04\/gran-fondo.jpg"},{"@type":"BreadcrumbList","@id":"https:\/\/www.bellunopress.it\/2009\/06\/05\/gran-fondo-dolomiti-stars-frw-weber-il-team-liquigas-in-allenamento-sulle-strade-dell%e2%80%99edizione-2009\/#breadcrumb","itemListElement":[{"@type":"ListItem","position":1,"name":"Home","item":"https:\/\/www.bellunopress.it\/"},{"@type":"ListItem","position":2,"name":"Gran Fondo Dolomiti Stars-FRW-Weber Il Team Liquigas in allenamento sulle strade dell\u2019edizione 2009"}]},{"@type":"WebSite","@id":"https:\/\/www.bellunopress.it\/#website","url":"https:\/\/www.bellunopress.it\/","name":"Bellunopress - Dolomiti","description":"e-mail: redazione@bellunopress.it","publisher":{"@id":"https:\/\/www.bellunopress.it\/#organization"},"potentialAction":[{"@type":"SearchAction","target":{"@type":"EntryPoint","urlTemplate":"https:\/\/www.bellunopress.it\/?s={search_term_string}"},"query-input":{"@type":"PropertyValueSpecification","valueRequired":true,"valueName":"search_term_string"}}],"inLanguage":"fr-FR"},{"@type":"Organization","@id":"https:\/\/www.bellunopress.it\/#organization","name":"Bellunopress","url":"https:\/\/www.bellunopress.it\/","logo":{"@type":"ImageObject","inLanguage":"fr-FR","@id":"https:\/\/www.bellunopress.it\/#\/schema\/logo\/image\/","url":"https:\/\/www.bellunopress.it\/wp-content\/uploads\/2011\/05\/cropped-logo-bellunopress-.jpg","contentUrl":"https:\/\/www.bellunopress.it\/wp-content\/uploads\/2011\/05\/cropped-logo-bellunopress-.jpg","width":512,"height":512,"caption":"Bellunopress"},"image":{"@id":"https:\/\/www.bellunopress.it\/#\/schema\/logo\/image\/"},"sameAs":["https:\/\/www.facebook.com\/profile.php?id=100008943462799","https:\/\/x.com\/bellunopress","https:\/\/www.linkedin.com\/hp\/?dnr=JBzUWaJfMUw8vbXJJ2tVW5-I3jZKvC4wsoxE&amp;amp;amp;amp;amp;amp;trk=nav_responsive_tab_home","https:\/\/www.youtube.com\/channel\/UCxL0wu1uN0_3_7hGG0306cw"]},{"@type":"Person","@id":"https:\/\/www.bellunopress.it\/#\/schema\/person\/79bb06722b37ece1c03d3e94beb30d73","name":"r\u00e9daction","image":{"@type":"ImageObject","inLanguage":"fr-FR","@id":"https:\/\/secure.gravatar.com\/avatar\/37d968a2e67a6fd04c169c4bdef102d0bc5d31b2546345219e348575eb80e9a0?s=96&d=mm&r=g","url":"https:\/\/secure.gravatar.com\/avatar\/37d968a2e67a6fd04c169c4bdef102d0bc5d31b2546345219e348575eb80e9a0?s=96&d=mm&r=g","contentUrl":"https:\/\/secure.gravatar.com\/avatar\/37d968a2e67a6fd04c169c4bdef102d0bc5d31b2546345219e348575eb80e9a0?s=96&d=mm&r=g","caption":"redazione"},"sameAs":["http:\/\/www.bellunopress.it","https:\/\/x.com\/bellunopress"],"url":"https:\/\/www.bellunopress.it\/fr\/author\/redazione\/"}]}},"_links":{"self":[{"href":"https:\/\/www.bellunopress.it\/fr\/wp-json\/wp\/v2\/posts\/4491","targetHints":{"allow":["GET"]}}],"collection":[{"href":"https:\/\/www.bellunopress.it\/fr\/wp-json\/wp\/v2\/posts"}],"about":[{"href":"https:\/\/www.bellunopress.it\/fr\/wp-json\/wp\/v2\/types\/post"}],"author":[{"embeddable":true,"href":"https:\/\/www.bellunopress.it\/fr\/wp-json\/wp\/v2\/users\/2"}],"replies":[{"embeddable":true,"href":"https:\/\/www.bellunopress.it\/fr\/wp-json\/wp\/v2\/comments?post=4491"}],"version-history":[{"count":1,"href":"https:\/\/www.bellunopress.it\/fr\/wp-json\/wp\/v2\/posts\/4491\/revisions"}],"predecessor-version":[{"id":4492,"href":"https:\/\/www.bellunopress.it\/fr\/wp-json\/wp\/v2\/posts\/4491\/revisions\/4492"}],"wp:attachment":[{"href":"https:\/\/www.bellunopress.it\/fr\/wp-json\/wp\/v2\/media?parent=4491"}],"wp:term":[{"taxonomy":"category","embeddable":true,"href":"https:\/\/www.bellunopress.it\/fr\/wp-json\/wp\/v2\/categories?post=4491"},{"taxonomy":"post_tag","embeddable":true,"href":"https:\/\/www.bellunopress.it\/fr\/wp-json\/wp\/v2\/tags?post=4491"}],"curies":[{"name":"wp","href":"https:\/\/api.w.org\/{rel}","templated":true}]}}