{"id":44893,"date":"2012-12-17T18:25:54","date_gmt":"2012-12-17T17:25:54","guid":{"rendered":"http:\/\/www.bellunopress.it\/?p=44893"},"modified":"2012-12-17T18:25:54","modified_gmt":"2012-12-17T17:25:54","slug":"collegamenti-ferro-gomma-in-provincia-vello-lega-facciamo-come-in-trentino","status":"publish","type":"post","link":"https:\/\/www.bellunopress.it\/fr\/2012\/12\/17\/collegamenti-ferro-gomma-in-provincia-vello-lega-facciamo-come-in-trentino\/","title":{"rendered":"Collegamenti ferro gomma in provincia. Vello (Lega): &#8220;Facciamo come in Trentino&#8221;"},"content":{"rendered":"<figure id=\"attachment_35028\" aria-describedby=\"caption-attachment-35028\" style=\"width: 165px\" class=\"wp-caption alignleft\"><a href=\"http:\/\/www.bellunopress.it\/wp-content\/uploads\/2012\/02\/diego-vello-1.jpg\"><img loading=\"lazy\" decoding=\"async\" class=\"size-full wp-image-35028\" alt=\"Diego Vello\" src=\"http:\/\/www.bellunopress.it\/wp-content\/uploads\/2012\/02\/diego-vello-1.jpg\" width=\"165\" height=\"212\" \/><\/a><figcaption id=\"caption-attachment-35028\" class=\"wp-caption-text\">Diego Vello<\/figcaption><\/figure>\n<p>&#8220;Reolon si sveglia in ritardo ma il sonno a volte porta consiglio e saremo ben disposti a condividere un progetto anche con una trasversalit\u00e0 politica utile al nostro territorio&#8221;. Lo sconcertante scivolone di chi denigra e al tempo stesso chiede di condividere un progetto \u00e8 del segretario provinciale della Lega Nord Diego Vello.<\/p>\n<p>&#8220;Gi\u00e0 da tempo sono state avviate delle riunioni e un dialogo tra Regione Veneto e la Societ\u00e0 Dolomiti Bus per aprire un ragionamento sulla privatizzazione della nostra tratta ferroviaria &#8211; scrive vello in una nota &#8211; \u00a0grazie ad un interessamento del Movimento della Lega che da oltre due anni si sta muovendo in questo senso.<\/p>\n<p>L&#8217;idea della Lega Nord e&#8217; quella di trasformare il trasporto pubblico nella nostra provincia attraverso un modello ispirato a quello che gi\u00e0 viene fatto, ad esempio, in trentino con la Trentino trasporti, ovvero un sistema ferro gomma integrato che possa ridare ai cittadini un miglior servizio sia in termini di mezzi che di orari. Un modello che segua anche il sistema a pettine ovvero, una ferrovia potenziata che segua gli assi delle nostre valli e un supporto integrato su gomma che parta dalle stazioni verso le localit\u00e0 limitrofe, oggi ad esempio ci ritroviamo con una triplice tratta in Valbelluna che parte da Belluno verso Feltre con ferrovia, e due linee di bus sullo stesso asse mentre lasciamo scoperte aree come l&#8217;agordino per mezza giornata.<\/p>\n<p>Dolomiti Bus dovrebbe a nostro parere trovare un socio, che gi\u00e0 si potrebbe trovare nella Ratp Francese, disposto ad investire maggiormente nel nostro territorio garantendo investimenti volti ad una ottimizzazione del servizio. Ricordo che la Ratp fr gestisce gi\u00e0 le metropolitane di Parigi.<\/p>\n<p>Bene &#8211; cocnlude Vello &#8211; \u00a0se anche Reolon vorr\u00e0 trovare in questa soluzione un nuovo modello per la nostra viabilit\u00e0 e per garantire un maggior servizio ai bellunesi, la Lega Nord \u00e8 disposta a dialogare a collaborare con tutte le forze politiche che perseguano questo progetto&#8221;.<\/p>\n<p>&nbsp;<\/p>\n<p>&nbsp;<\/p>","protected":false},"excerpt":{"rendered":"<p>&#8220;Reolon si sveglia in ritardo ma il sonno a volte porta consiglio e saremo ben disposti a condividere un progetto anche con una trasversalit\u00e0 politica utile al nostro territorio&#8221;. Lo sconcertante scivolone di chi denigra e al tempo stesso chiede di condividere un progetto \u00e8 del segretario provinciale della Lega Nord Diego Vello. &#8220;Gi\u00e0 da [&hellip;]<\/p>\n","protected":false},"author":2,"featured_media":0,"comment_status":"closed","ping_status":"open","sticky":false,"template":"","format":"standard","meta":{"footnotes":""},"categories":[5,26],"tags":[],"class_list":["post-44893","post","type-post","status-publish","format-standard","category-cronaca","category-prima-pagina"],"yoast_head":"<!-- This site is optimized with the Yoast SEO plugin v28.4 - https:\/\/yoast.com\/product\/yoast-seo-wordpress\/ -->\n<title>Collegamenti ferro gomma in provincia. Vello (Lega): &quot;Facciamo come in Trentino&quot;  - Bellunopress - Dolomiti<\/title>\n<meta name=\"robots\" content=\"index, follow, max-snippet:-1, max-image-preview:large, max-video-preview:-1\" \/>\n<link rel=\"canonical\" href=\"https:\/\/www.bellunopress.it\/fr\/2012\/12\/17\/collegamenti-ferro-gomma-in-provincia-vello-lega-facciamo-come-in-trentino\/\" \/>\n<meta property=\"og:locale\" content=\"fr_FR\" \/>\n<meta property=\"og:type\" content=\"article\" \/>\n<meta property=\"og:title\" content=\"Collegamenti ferro gomma in provincia. Vello (Lega): &quot;Facciamo come in Trentino&quot;  - Bellunopress - Dolomiti\" \/>\n<meta property=\"og:description\" content=\"&#8220;Reolon si sveglia in ritardo ma il sonno a volte porta consiglio e saremo ben disposti a condividere un progetto anche con una trasversalit\u00e0 politica utile al nostro territorio&#8221;. Lo sconcertante scivolone di chi denigra e al tempo stesso chiede di condividere un progetto \u00e8 del segretario provinciale della Lega Nord Diego Vello. &#8220;Gi\u00e0 da [&hellip;]\" \/>\n<meta property=\"og:url\" content=\"https:\/\/www.bellunopress.it\/fr\/2012\/12\/17\/collegamenti-ferro-gomma-in-provincia-vello-lega-facciamo-come-in-trentino\/\" \/>\n<meta property=\"og:site_name\" content=\"Bellunopress - Dolomiti\" \/>\n<meta property=\"article:publisher\" content=\"https:\/\/www.facebook.com\/profile.php?id=100008943462799\" \/>\n<meta property=\"article:published_time\" content=\"2012-12-17T17:25:54+00:00\" \/>\n<meta property=\"og:image\" content=\"http:\/\/www.bellunopress.it\/wp-content\/uploads\/2012\/02\/diego-vello-1.jpg\" \/>\n<meta name=\"author\" content=\"redazione\" \/>\n<meta name=\"twitter:card\" content=\"summary_large_image\" \/>\n<meta name=\"twitter:creator\" content=\"@bellunopress\" \/>\n<meta name=\"twitter:site\" content=\"@bellunopress\" \/>\n<meta name=\"twitter:label1\" content=\"Written by\" \/>\n\t<meta name=\"twitter:data1\" content=\"redazione\" \/>\n\t<meta name=\"twitter:label2\" content=\"Est. reading time\" \/>\n\t<meta name=\"twitter:data2\" content=\"2 minutes\" \/>\n<script type=\"application\/ld+json\" class=\"yoast-schema-graph\">{\"@context\":\"https:\\\/\\\/schema.org\",\"@graph\":[{\"@type\":\"Article\",\"@id\":\"https:\\\/\\\/www.bellunopress.it\\\/2012\\\/12\\\/17\\\/collegamenti-ferro-gomma-in-provincia-vello-lega-facciamo-come-in-trentino\\\/#article\",\"isPartOf\":{\"@id\":\"https:\\\/\\\/www.bellunopress.it\\\/2012\\\/12\\\/17\\\/collegamenti-ferro-gomma-in-provincia-vello-lega-facciamo-come-in-trentino\\\/\"},\"author\":{\"name\":\"redazione\",\"@id\":\"https:\\\/\\\/www.bellunopress.it\\\/#\\\/schema\\\/person\\\/79bb06722b37ece1c03d3e94beb30d73\"},\"headline\":\"Collegamenti ferro gomma in provincia. Vello (Lega): &#8220;Facciamo come in Trentino&#8221;\",\"datePublished\":\"2012-12-17T17:25:54+00:00\",\"mainEntityOfPage\":{\"@id\":\"https:\\\/\\\/www.bellunopress.it\\\/2012\\\/12\\\/17\\\/collegamenti-ferro-gomma-in-provincia-vello-lega-facciamo-come-in-trentino\\\/\"},\"wordCount\":343,\"publisher\":{\"@id\":\"https:\\\/\\\/www.bellunopress.it\\\/#organization\"},\"image\":{\"@id\":\"https:\\\/\\\/www.bellunopress.it\\\/2012\\\/12\\\/17\\\/collegamenti-ferro-gomma-in-provincia-vello-lega-facciamo-come-in-trentino\\\/#primaryimage\"},\"thumbnailUrl\":\"http:\\\/\\\/www.bellunopress.it\\\/wp-content\\\/uploads\\\/2012\\\/02\\\/diego-vello-1.jpg\",\"articleSection\":[\"Cronaca\\\/Politica\",\"Prima Pagina\"],\"inLanguage\":\"fr-FR\"},{\"@type\":\"WebPage\",\"@id\":\"https:\\\/\\\/www.bellunopress.it\\\/2012\\\/12\\\/17\\\/collegamenti-ferro-gomma-in-provincia-vello-lega-facciamo-come-in-trentino\\\/\",\"url\":\"https:\\\/\\\/www.bellunopress.it\\\/2012\\\/12\\\/17\\\/collegamenti-ferro-gomma-in-provincia-vello-lega-facciamo-come-in-trentino\\\/\",\"name\":\"Collegamenti ferro gomma in provincia. Vello (Lega): \\\"Facciamo come in Trentino\\\" - Bellunopress - Dolomiti\",\"isPartOf\":{\"@id\":\"https:\\\/\\\/www.bellunopress.it\\\/#website\"},\"primaryImageOfPage\":{\"@id\":\"https:\\\/\\\/www.bellunopress.it\\\/2012\\\/12\\\/17\\\/collegamenti-ferro-gomma-in-provincia-vello-lega-facciamo-come-in-trentino\\\/#primaryimage\"},\"image\":{\"@id\":\"https:\\\/\\\/www.bellunopress.it\\\/2012\\\/12\\\/17\\\/collegamenti-ferro-gomma-in-provincia-vello-lega-facciamo-come-in-trentino\\\/#primaryimage\"},\"thumbnailUrl\":\"http:\\\/\\\/www.bellunopress.it\\\/wp-content\\\/uploads\\\/2012\\\/02\\\/diego-vello-1.jpg\",\"datePublished\":\"2012-12-17T17:25:54+00:00\",\"breadcrumb\":{\"@id\":\"https:\\\/\\\/www.bellunopress.it\\\/2012\\\/12\\\/17\\\/collegamenti-ferro-gomma-in-provincia-vello-lega-facciamo-come-in-trentino\\\/#breadcrumb\"},\"inLanguage\":\"fr-FR\",\"potentialAction\":[{\"@type\":\"ReadAction\",\"target\":[\"https:\\\/\\\/www.bellunopress.it\\\/2012\\\/12\\\/17\\\/collegamenti-ferro-gomma-in-provincia-vello-lega-facciamo-come-in-trentino\\\/\"]}]},{\"@type\":\"ImageObject\",\"inLanguage\":\"fr-FR\",\"@id\":\"https:\\\/\\\/www.bellunopress.it\\\/2012\\\/12\\\/17\\\/collegamenti-ferro-gomma-in-provincia-vello-lega-facciamo-come-in-trentino\\\/#primaryimage\",\"url\":\"http:\\\/\\\/www.bellunopress.it\\\/wp-content\\\/uploads\\\/2012\\\/02\\\/diego-vello-1.jpg\",\"contentUrl\":\"http:\\\/\\\/www.bellunopress.it\\\/wp-content\\\/uploads\\\/2012\\\/02\\\/diego-vello-1.jpg\"},{\"@type\":\"BreadcrumbList\",\"@id\":\"https:\\\/\\\/www.bellunopress.it\\\/2012\\\/12\\\/17\\\/collegamenti-ferro-gomma-in-provincia-vello-lega-facciamo-come-in-trentino\\\/#breadcrumb\",\"itemListElement\":[{\"@type\":\"ListItem\",\"position\":1,\"name\":\"Home\",\"item\":\"https:\\\/\\\/www.bellunopress.it\\\/\"},{\"@type\":\"ListItem\",\"position\":2,\"name\":\"Collegamenti ferro gomma in provincia. Vello (Lega): &#8220;Facciamo come in Trentino&#8221;\"}]},{\"@type\":\"WebSite\",\"@id\":\"https:\\\/\\\/www.bellunopress.it\\\/#website\",\"url\":\"https:\\\/\\\/www.bellunopress.it\\\/\",\"name\":\"Bellunopress - Dolomiti\",\"description\":\"e-mail: redazione@bellunopress.it\",\"publisher\":{\"@id\":\"https:\\\/\\\/www.bellunopress.it\\\/#organization\"},\"potentialAction\":[{\"@type\":\"SearchAction\",\"target\":{\"@type\":\"EntryPoint\",\"urlTemplate\":\"https:\\\/\\\/www.bellunopress.it\\\/?s={search_term_string}\"},\"query-input\":{\"@type\":\"PropertyValueSpecification\",\"valueRequired\":true,\"valueName\":\"search_term_string\"}}],\"inLanguage\":\"fr-FR\"},{\"@type\":\"Organization\",\"@id\":\"https:\\\/\\\/www.bellunopress.it\\\/#organization\",\"name\":\"Bellunopress\",\"url\":\"https:\\\/\\\/www.bellunopress.it\\\/\",\"logo\":{\"@type\":\"ImageObject\",\"inLanguage\":\"fr-FR\",\"@id\":\"https:\\\/\\\/www.bellunopress.it\\\/#\\\/schema\\\/logo\\\/image\\\/\",\"url\":\"https:\\\/\\\/www.bellunopress.it\\\/wp-content\\\/uploads\\\/2011\\\/05\\\/cropped-logo-bellunopress-.jpg\",\"contentUrl\":\"https:\\\/\\\/www.bellunopress.it\\\/wp-content\\\/uploads\\\/2011\\\/05\\\/cropped-logo-bellunopress-.jpg\",\"width\":512,\"height\":512,\"caption\":\"Bellunopress\"},\"image\":{\"@id\":\"https:\\\/\\\/www.bellunopress.it\\\/#\\\/schema\\\/logo\\\/image\\\/\"},\"sameAs\":[\"https:\\\/\\\/www.facebook.com\\\/profile.php?id=100008943462799\",\"https:\\\/\\\/x.com\\\/bellunopress\",\"https:\\\/\\\/www.linkedin.com\\\/hp\\\/?dnr=JBzUWaJfMUw8vbXJJ2tVW5-I3jZKvC4wsoxE&amp;amp;amp;amp;amp;amp;trk=nav_responsive_tab_home\",\"https:\\\/\\\/www.youtube.com\\\/channel\\\/UCxL0wu1uN0_3_7hGG0306cw\"]},{\"@type\":\"Person\",\"@id\":\"https:\\\/\\\/www.bellunopress.it\\\/#\\\/schema\\\/person\\\/79bb06722b37ece1c03d3e94beb30d73\",\"name\":\"redazione\",\"image\":{\"@type\":\"ImageObject\",\"inLanguage\":\"fr-FR\",\"@id\":\"https:\\\/\\\/secure.gravatar.com\\\/avatar\\\/37d968a2e67a6fd04c169c4bdef102d0bc5d31b2546345219e348575eb80e9a0?s=96&d=mm&r=g\",\"url\":\"https:\\\/\\\/secure.gravatar.com\\\/avatar\\\/37d968a2e67a6fd04c169c4bdef102d0bc5d31b2546345219e348575eb80e9a0?s=96&d=mm&r=g\",\"contentUrl\":\"https:\\\/\\\/secure.gravatar.com\\\/avatar\\\/37d968a2e67a6fd04c169c4bdef102d0bc5d31b2546345219e348575eb80e9a0?s=96&d=mm&r=g\",\"caption\":\"redazione\"},\"sameAs\":[\"http:\\\/\\\/www.bellunopress.it\",\"https:\\\/\\\/x.com\\\/bellunopress\"],\"url\":\"https:\\\/\\\/www.bellunopress.it\\\/fr\\\/author\\\/redazione\\\/\"}]}<\/script>\n<!-- \/ Yoast SEO plugin. -->","yoast_head_json":{"title":"Collegamenti ferro gomma in provincia. Vello (Lega): \"Facciamo come in Trentino\"  - Bellunopress - Dolomiti","robots":{"index":"index","follow":"follow","max-snippet":"max-snippet:-1","max-image-preview":"max-image-preview:large","max-video-preview":"max-video-preview:-1"},"canonical":"https:\/\/www.bellunopress.it\/fr\/2012\/12\/17\/collegamenti-ferro-gomma-in-provincia-vello-lega-facciamo-come-in-trentino\/","og_locale":"fr_FR","og_type":"article","og_title":"Collegamenti ferro gomma in provincia. Vello (Lega): \"Facciamo come in Trentino\"  - Bellunopress - Dolomiti","og_description":"&#8220;Reolon si sveglia in ritardo ma il sonno a volte porta consiglio e saremo ben disposti a condividere un progetto anche con una trasversalit\u00e0 politica utile al nostro territorio&#8221;. Lo sconcertante scivolone di chi denigra e al tempo stesso chiede di condividere un progetto \u00e8 del segretario provinciale della Lega Nord Diego Vello. &#8220;Gi\u00e0 da [&hellip;]","og_url":"https:\/\/www.bellunopress.it\/fr\/2012\/12\/17\/collegamenti-ferro-gomma-in-provincia-vello-lega-facciamo-come-in-trentino\/","og_site_name":"Bellunopress - Dolomiti","article_publisher":"https:\/\/www.facebook.com\/profile.php?id=100008943462799","article_published_time":"2012-12-17T17:25:54+00:00","og_image":[{"url":"http:\/\/www.bellunopress.it\/wp-content\/uploads\/2012\/02\/diego-vello-1.jpg","type":"","width":"","height":""}],"author":"redazione","twitter_card":"summary_large_image","twitter_creator":"@bellunopress","twitter_site":"@bellunopress","twitter_misc":{"Written by":"redazione","Est. reading time":"2 minutes"},"schema":{"@context":"https:\/\/schema.org","@graph":[{"@type":"Article","@id":"https:\/\/www.bellunopress.it\/2012\/12\/17\/collegamenti-ferro-gomma-in-provincia-vello-lega-facciamo-come-in-trentino\/#article","isPartOf":{"@id":"https:\/\/www.bellunopress.it\/2012\/12\/17\/collegamenti-ferro-gomma-in-provincia-vello-lega-facciamo-come-in-trentino\/"},"author":{"name":"redazione","@id":"https:\/\/www.bellunopress.it\/#\/schema\/person\/79bb06722b37ece1c03d3e94beb30d73"},"headline":"Collegamenti ferro gomma in provincia. Vello (Lega): &#8220;Facciamo come in Trentino&#8221;","datePublished":"2012-12-17T17:25:54+00:00","mainEntityOfPage":{"@id":"https:\/\/www.bellunopress.it\/2012\/12\/17\/collegamenti-ferro-gomma-in-provincia-vello-lega-facciamo-come-in-trentino\/"},"wordCount":343,"publisher":{"@id":"https:\/\/www.bellunopress.it\/#organization"},"image":{"@id":"https:\/\/www.bellunopress.it\/2012\/12\/17\/collegamenti-ferro-gomma-in-provincia-vello-lega-facciamo-come-in-trentino\/#primaryimage"},"thumbnailUrl":"http:\/\/www.bellunopress.it\/wp-content\/uploads\/2012\/02\/diego-vello-1.jpg","articleSection":["Cronaca\/Politica","Prima Pagina"],"inLanguage":"fr-FR"},{"@type":"WebPage","@id":"https:\/\/www.bellunopress.it\/2012\/12\/17\/collegamenti-ferro-gomma-in-provincia-vello-lega-facciamo-come-in-trentino\/","url":"https:\/\/www.bellunopress.it\/2012\/12\/17\/collegamenti-ferro-gomma-in-provincia-vello-lega-facciamo-come-in-trentino\/","name":"Collegamenti ferro gomma in provincia. Vello (Lega): \"Facciamo come in Trentino\" - Bellunopress - Dolomiti","isPartOf":{"@id":"https:\/\/www.bellunopress.it\/#website"},"primaryImageOfPage":{"@id":"https:\/\/www.bellunopress.it\/2012\/12\/17\/collegamenti-ferro-gomma-in-provincia-vello-lega-facciamo-come-in-trentino\/#primaryimage"},"image":{"@id":"https:\/\/www.bellunopress.it\/2012\/12\/17\/collegamenti-ferro-gomma-in-provincia-vello-lega-facciamo-come-in-trentino\/#primaryimage"},"thumbnailUrl":"http:\/\/www.bellunopress.it\/wp-content\/uploads\/2012\/02\/diego-vello-1.jpg","datePublished":"2012-12-17T17:25:54+00:00","breadcrumb":{"@id":"https:\/\/www.bellunopress.it\/2012\/12\/17\/collegamenti-ferro-gomma-in-provincia-vello-lega-facciamo-come-in-trentino\/#breadcrumb"},"inLanguage":"fr-FR","potentialAction":[{"@type":"ReadAction","target":["https:\/\/www.bellunopress.it\/2012\/12\/17\/collegamenti-ferro-gomma-in-provincia-vello-lega-facciamo-come-in-trentino\/"]}]},{"@type":"ImageObject","inLanguage":"fr-FR","@id":"https:\/\/www.bellunopress.it\/2012\/12\/17\/collegamenti-ferro-gomma-in-provincia-vello-lega-facciamo-come-in-trentino\/#primaryimage","url":"http:\/\/www.bellunopress.it\/wp-content\/uploads\/2012\/02\/diego-vello-1.jpg","contentUrl":"http:\/\/www.bellunopress.it\/wp-content\/uploads\/2012\/02\/diego-vello-1.jpg"},{"@type":"BreadcrumbList","@id":"https:\/\/www.bellunopress.it\/2012\/12\/17\/collegamenti-ferro-gomma-in-provincia-vello-lega-facciamo-come-in-trentino\/#breadcrumb","itemListElement":[{"@type":"ListItem","position":1,"name":"Home","item":"https:\/\/www.bellunopress.it\/"},{"@type":"ListItem","position":2,"name":"Collegamenti ferro gomma in provincia. Vello (Lega): &#8220;Facciamo come in Trentino&#8221;"}]},{"@type":"WebSite","@id":"https:\/\/www.bellunopress.it\/#website","url":"https:\/\/www.bellunopress.it\/","name":"Bellunopress - Dolomiti","description":"e-mail: redazione@bellunopress.it","publisher":{"@id":"https:\/\/www.bellunopress.it\/#organization"},"potentialAction":[{"@type":"SearchAction","target":{"@type":"EntryPoint","urlTemplate":"https:\/\/www.bellunopress.it\/?s={search_term_string}"},"query-input":{"@type":"PropertyValueSpecification","valueRequired":true,"valueName":"search_term_string"}}],"inLanguage":"fr-FR"},{"@type":"Organization","@id":"https:\/\/www.bellunopress.it\/#organization","name":"Bellunopress","url":"https:\/\/www.bellunopress.it\/","logo":{"@type":"ImageObject","inLanguage":"fr-FR","@id":"https:\/\/www.bellunopress.it\/#\/schema\/logo\/image\/","url":"https:\/\/www.bellunopress.it\/wp-content\/uploads\/2011\/05\/cropped-logo-bellunopress-.jpg","contentUrl":"https:\/\/www.bellunopress.it\/wp-content\/uploads\/2011\/05\/cropped-logo-bellunopress-.jpg","width":512,"height":512,"caption":"Bellunopress"},"image":{"@id":"https:\/\/www.bellunopress.it\/#\/schema\/logo\/image\/"},"sameAs":["https:\/\/www.facebook.com\/profile.php?id=100008943462799","https:\/\/x.com\/bellunopress","https:\/\/www.linkedin.com\/hp\/?dnr=JBzUWaJfMUw8vbXJJ2tVW5-I3jZKvC4wsoxE&amp;amp;amp;amp;amp;amp;trk=nav_responsive_tab_home","https:\/\/www.youtube.com\/channel\/UCxL0wu1uN0_3_7hGG0306cw"]},{"@type":"Person","@id":"https:\/\/www.bellunopress.it\/#\/schema\/person\/79bb06722b37ece1c03d3e94beb30d73","name":"r\u00e9daction","image":{"@type":"ImageObject","inLanguage":"fr-FR","@id":"https:\/\/secure.gravatar.com\/avatar\/37d968a2e67a6fd04c169c4bdef102d0bc5d31b2546345219e348575eb80e9a0?s=96&d=mm&r=g","url":"https:\/\/secure.gravatar.com\/avatar\/37d968a2e67a6fd04c169c4bdef102d0bc5d31b2546345219e348575eb80e9a0?s=96&d=mm&r=g","contentUrl":"https:\/\/secure.gravatar.com\/avatar\/37d968a2e67a6fd04c169c4bdef102d0bc5d31b2546345219e348575eb80e9a0?s=96&d=mm&r=g","caption":"redazione"},"sameAs":["http:\/\/www.bellunopress.it","https:\/\/x.com\/bellunopress"],"url":"https:\/\/www.bellunopress.it\/fr\/author\/redazione\/"}]}},"_links":{"self":[{"href":"https:\/\/www.bellunopress.it\/fr\/wp-json\/wp\/v2\/posts\/44893","targetHints":{"allow":["GET"]}}],"collection":[{"href":"https:\/\/www.bellunopress.it\/fr\/wp-json\/wp\/v2\/posts"}],"about":[{"href":"https:\/\/www.bellunopress.it\/fr\/wp-json\/wp\/v2\/types\/post"}],"author":[{"embeddable":true,"href":"https:\/\/www.bellunopress.it\/fr\/wp-json\/wp\/v2\/users\/2"}],"replies":[{"embeddable":true,"href":"https:\/\/www.bellunopress.it\/fr\/wp-json\/wp\/v2\/comments?post=44893"}],"version-history":[{"count":1,"href":"https:\/\/www.bellunopress.it\/fr\/wp-json\/wp\/v2\/posts\/44893\/revisions"}],"predecessor-version":[{"id":44894,"href":"https:\/\/www.bellunopress.it\/fr\/wp-json\/wp\/v2\/posts\/44893\/revisions\/44894"}],"wp:attachment":[{"href":"https:\/\/www.bellunopress.it\/fr\/wp-json\/wp\/v2\/media?parent=44893"}],"wp:term":[{"taxonomy":"category","embeddable":true,"href":"https:\/\/www.bellunopress.it\/fr\/wp-json\/wp\/v2\/categories?post=44893"},{"taxonomy":"post_tag","embeddable":true,"href":"https:\/\/www.bellunopress.it\/fr\/wp-json\/wp\/v2\/tags?post=44893"}],"curies":[{"name":"wp","href":"https:\/\/api.w.org\/{rel}","templated":true}]}}