{"id":44888,"date":"2012-12-17T17:38:02","date_gmt":"2012-12-17T16:38:02","guid":{"rendered":"http:\/\/www.bellunopress.it\/?p=44888"},"modified":"2012-12-17T17:38:02","modified_gmt":"2012-12-17T16:38:02","slug":"la-giunta-dellunione-artigiani-a-colloquio-con-il-prefetto-e-il-commissario-straordinario-alla-provincia","status":"publish","type":"post","link":"https:\/\/www.bellunopress.it\/fr\/2012\/12\/17\/la-giunta-dellunione-artigiani-a-colloquio-con-il-prefetto-e-il-commissario-straordinario-alla-provincia\/","title":{"rendered":"La giunta dell&#8217;Unione artigiani a colloquio con il prefetto e il commissario straordinario alla Provincia"},"content":{"rendered":"<p><a href=\"http:\/\/www.bellunopress.it\/wp-content\/uploads\/2012\/12\/giunta-uapi-dal-prefetto.jpg\"><img loading=\"lazy\" decoding=\"async\" class=\"alignleft size-full wp-image-44889\" alt=\"giunta uapi dal prefetto\" src=\"http:\/\/www.bellunopress.it\/wp-content\/uploads\/2012\/12\/giunta-uapi-dal-prefetto.jpg\" width=\"290\" height=\"218\" \/><\/a>Fare impresa, infrastrutture, credito e appalti. Questi i temi trattati oggi, 17 dicembre, nel corso del colloquio tra la giunta esecutiva dell\u2019Uapi di Belluno, guidata dal presidente Giacomo Deon, e \u00a0il commissario per la Provincia di Belluno, Vittorio Capocelli e il prefetto di Belluno Maria Laura Simonetti.<\/p>\n<p>I due incontri, favoriti dallo scambio degli auguri in prossimit\u00e0 delle Feste natalizie, sono stati l\u2019occasione per la presentazione della giunta dell\u2019Uapi (insediatasi da poche settimane) alle istituzioni territoriali dello Stato, oltre che per un confronto sui temi pregnanti del momento per le aziende artigiane e le piccole imprese.<\/p>\n<p>\u201cSiamo qui &#8211; ha affermato il presidente Deon a nome anche dei colleghi rivolgendosi alle due autorit\u00e0 &#8211; per testimoniare le aziende che rappresentiamo e per proporre la collaborazione dell\u2019Associazione ogni qualvolta possa rendersi utile\u201d.<\/p>\n<p>Al commissario per la Provincia di Belluno, la giunta dell\u2019Uapi (composta dal presidente Giacomo Deon, dal vice presidente Dario Cavalet e dai componenti Renato Caldart, Ivana Del Pizzol e Paolo Tramontin) ha esposto le difficolt\u00e0 attuali del fare impresa in montagna: l\u2019isolamento culturale e materiale; la carenza di infrastrutture, in specie di quelle immateriali, quali la banda larga e la necessit\u00e0 di fare rete, ma ha pure presentato la massima disponibilit\u00e0 delle aziende alla collaborazione per attivit\u00e0 specifiche.<\/p>\n<p>Il dottor Capocelli ha aggiornato sugli impegni avviati dall\u2019Ente per il sostegno dell\u2019economia locale, centrati principalmente \u201csul coinvolgimento dei vari attori mediante i tavoli tecnici e su una nuova progettualit\u00e0, che vede puntare l\u2019attenzione sulla filiera del legno, materia prima legata al territorio bellunese e sul turismo diffuso, che deve andare a cercare non solo la clientela italiana o europea, bens\u00ec quella proveniente da Paesi lontani e ricchi\u201d.<\/p>\n<p>In materia di turismo il presidente Deon ha anticipato la prossima messa in rete del portale di Confartigianato del Veneto \u201cIl bello e il buono\u201d, nel quale vengono valorizzate tutte le attivit\u00e0 di interesse turistico: dal settore alimentare, all\u2019artigianato artistico, all\u2019abbigliamento.<\/p>\n<p>A Palazzo dei Rettori, nell\u2019incontro con il prefetto Maria Laura Simonetti, i temi del confronto si sono spostati sul credito, sulla carenza di liquidit\u00e0 e sugli appalti. Tutti ambiti di criticit\u00e0 per le imprese e temi sui quali il Prefetto ha manifestato attenzione e impegno, ricordando \u201cle recenti proposte presentate pochi giorni orsono alle forze economiche in materia di credito, vale a dire l\u2019accesso all\u2019arbitro bancario finanziario, in caso di mancato riconoscimento di erogazione di credito da parte delle Banche e la certificazione dei crediti verso la Pubblica Amministrazione\u201d.<\/p>\n<p>Proprio collegandosi a questi argomenti, il Prefetto ha sottolineato l\u2019importanza della divulgazione delle informazioni attraverso le Associazioni di categoria, \u201cle uniche che possono avere il contatto diretto con le imprese, invitandole quindi alla massima diffusione di tutte le notizie utili\u201d.<\/p>\n<p>Per quanto attiene gli appalti, poi, il prefetto ha lasciato intendere \u201cla possibilit\u00e0 di superamento di alcune pratiche farraginose con l\u2019impegno da parte delle istituzioni coinvolte\u201d.<\/p>\n<p>&nbsp;<\/p>","protected":false},"excerpt":{"rendered":"<p>Fare impresa, infrastrutture, credito e appalti. Questi i temi trattati oggi, 17 dicembre, nel corso del colloquio tra la giunta esecutiva dell\u2019Uapi di Belluno, guidata dal presidente Giacomo Deon, e \u00a0il commissario per la Provincia di Belluno, Vittorio Capocelli e il prefetto di Belluno Maria Laura Simonetti. I due incontri, favoriti dallo scambio degli auguri [&hellip;]<\/p>\n","protected":false},"author":2,"featured_media":0,"comment_status":"closed","ping_status":"open","sticky":false,"template":"","format":"standard","meta":{"footnotes":""},"categories":[36,26],"tags":[],"class_list":["post-44888","post","type-post","status-publish","format-standard","category-lavoro-economia","category-prima-pagina"],"yoast_head":"<!-- This site is optimized with the Yoast SEO plugin v28.4 - https:\/\/yoast.com\/product\/yoast-seo-wordpress\/ -->\n<title>La giunta dell&#039;Unione artigiani a colloquio con il prefetto e il commissario straordinario alla Provincia - Bellunopress - Dolomiti<\/title>\n<meta name=\"robots\" content=\"index, follow, max-snippet:-1, max-image-preview:large, max-video-preview:-1\" \/>\n<link rel=\"canonical\" href=\"https:\/\/www.bellunopress.it\/fr\/2012\/12\/17\/la-giunta-dellunione-artigiani-a-colloquio-con-il-prefetto-e-il-commissario-straordinario-alla-provincia\/\" \/>\n<meta property=\"og:locale\" content=\"fr_FR\" \/>\n<meta property=\"og:type\" content=\"article\" \/>\n<meta property=\"og:title\" content=\"La giunta dell&#039;Unione artigiani a colloquio con il prefetto e il commissario straordinario alla Provincia - Bellunopress - Dolomiti\" \/>\n<meta property=\"og:description\" content=\"Fare impresa, infrastrutture, credito e appalti. Questi i temi trattati oggi, 17 dicembre, nel corso del colloquio tra la giunta esecutiva dell\u2019Uapi di Belluno, guidata dal presidente Giacomo Deon, e \u00a0il commissario per la Provincia di Belluno, Vittorio Capocelli e il prefetto di Belluno Maria Laura Simonetti. I due incontri, favoriti dallo scambio degli auguri [&hellip;]\" \/>\n<meta property=\"og:url\" content=\"https:\/\/www.bellunopress.it\/fr\/2012\/12\/17\/la-giunta-dellunione-artigiani-a-colloquio-con-il-prefetto-e-il-commissario-straordinario-alla-provincia\/\" \/>\n<meta property=\"og:site_name\" content=\"Bellunopress - Dolomiti\" \/>\n<meta property=\"article:publisher\" content=\"https:\/\/www.facebook.com\/profile.php?id=100008943462799\" \/>\n<meta property=\"article:published_time\" content=\"2012-12-17T16:38:02+00:00\" \/>\n<meta property=\"og:image\" content=\"http:\/\/www.bellunopress.it\/wp-content\/uploads\/2012\/12\/giunta-uapi-dal-prefetto.jpg\" \/>\n<meta name=\"author\" content=\"redazione\" \/>\n<meta name=\"twitter:card\" content=\"summary_large_image\" \/>\n<meta name=\"twitter:creator\" content=\"@bellunopress\" \/>\n<meta name=\"twitter:site\" content=\"@bellunopress\" \/>\n<meta name=\"twitter:label1\" content=\"Written by\" \/>\n\t<meta name=\"twitter:data1\" content=\"redazione\" \/>\n\t<meta name=\"twitter:label2\" content=\"Est. reading time\" \/>\n\t<meta name=\"twitter:data2\" content=\"2 minutes\" \/>\n<script type=\"application\/ld+json\" class=\"yoast-schema-graph\">{\"@context\":\"https:\\\/\\\/schema.org\",\"@graph\":[{\"@type\":\"Article\",\"@id\":\"https:\\\/\\\/www.bellunopress.it\\\/2012\\\/12\\\/17\\\/la-giunta-dellunione-artigiani-a-colloquio-con-il-prefetto-e-il-commissario-straordinario-alla-provincia\\\/#article\",\"isPartOf\":{\"@id\":\"https:\\\/\\\/www.bellunopress.it\\\/2012\\\/12\\\/17\\\/la-giunta-dellunione-artigiani-a-colloquio-con-il-prefetto-e-il-commissario-straordinario-alla-provincia\\\/\"},\"author\":{\"name\":\"redazione\",\"@id\":\"https:\\\/\\\/www.bellunopress.it\\\/#\\\/schema\\\/person\\\/79bb06722b37ece1c03d3e94beb30d73\"},\"headline\":\"La giunta dell&#8217;Unione artigiani a colloquio con il prefetto e il commissario straordinario alla Provincia\",\"datePublished\":\"2012-12-17T16:38:02+00:00\",\"mainEntityOfPage\":{\"@id\":\"https:\\\/\\\/www.bellunopress.it\\\/2012\\\/12\\\/17\\\/la-giunta-dellunione-artigiani-a-colloquio-con-il-prefetto-e-il-commissario-straordinario-alla-provincia\\\/\"},\"wordCount\":505,\"publisher\":{\"@id\":\"https:\\\/\\\/www.bellunopress.it\\\/#organization\"},\"image\":{\"@id\":\"https:\\\/\\\/www.bellunopress.it\\\/2012\\\/12\\\/17\\\/la-giunta-dellunione-artigiani-a-colloquio-con-il-prefetto-e-il-commissario-straordinario-alla-provincia\\\/#primaryimage\"},\"thumbnailUrl\":\"http:\\\/\\\/www.bellunopress.it\\\/wp-content\\\/uploads\\\/2012\\\/12\\\/giunta-uapi-dal-prefetto.jpg\",\"articleSection\":[\"Lavoro, Economia, Turismo\",\"Prima Pagina\"],\"inLanguage\":\"fr-FR\"},{\"@type\":\"WebPage\",\"@id\":\"https:\\\/\\\/www.bellunopress.it\\\/2012\\\/12\\\/17\\\/la-giunta-dellunione-artigiani-a-colloquio-con-il-prefetto-e-il-commissario-straordinario-alla-provincia\\\/\",\"url\":\"https:\\\/\\\/www.bellunopress.it\\\/2012\\\/12\\\/17\\\/la-giunta-dellunione-artigiani-a-colloquio-con-il-prefetto-e-il-commissario-straordinario-alla-provincia\\\/\",\"name\":\"La giunta dell'Unione artigiani a colloquio con il prefetto e il commissario straordinario alla Provincia - Bellunopress - Dolomiti\",\"isPartOf\":{\"@id\":\"https:\\\/\\\/www.bellunopress.it\\\/#website\"},\"primaryImageOfPage\":{\"@id\":\"https:\\\/\\\/www.bellunopress.it\\\/2012\\\/12\\\/17\\\/la-giunta-dellunione-artigiani-a-colloquio-con-il-prefetto-e-il-commissario-straordinario-alla-provincia\\\/#primaryimage\"},\"image\":{\"@id\":\"https:\\\/\\\/www.bellunopress.it\\\/2012\\\/12\\\/17\\\/la-giunta-dellunione-artigiani-a-colloquio-con-il-prefetto-e-il-commissario-straordinario-alla-provincia\\\/#primaryimage\"},\"thumbnailUrl\":\"http:\\\/\\\/www.bellunopress.it\\\/wp-content\\\/uploads\\\/2012\\\/12\\\/giunta-uapi-dal-prefetto.jpg\",\"datePublished\":\"2012-12-17T16:38:02+00:00\",\"breadcrumb\":{\"@id\":\"https:\\\/\\\/www.bellunopress.it\\\/2012\\\/12\\\/17\\\/la-giunta-dellunione-artigiani-a-colloquio-con-il-prefetto-e-il-commissario-straordinario-alla-provincia\\\/#breadcrumb\"},\"inLanguage\":\"fr-FR\",\"potentialAction\":[{\"@type\":\"ReadAction\",\"target\":[\"https:\\\/\\\/www.bellunopress.it\\\/2012\\\/12\\\/17\\\/la-giunta-dellunione-artigiani-a-colloquio-con-il-prefetto-e-il-commissario-straordinario-alla-provincia\\\/\"]}]},{\"@type\":\"ImageObject\",\"inLanguage\":\"fr-FR\",\"@id\":\"https:\\\/\\\/www.bellunopress.it\\\/2012\\\/12\\\/17\\\/la-giunta-dellunione-artigiani-a-colloquio-con-il-prefetto-e-il-commissario-straordinario-alla-provincia\\\/#primaryimage\",\"url\":\"http:\\\/\\\/www.bellunopress.it\\\/wp-content\\\/uploads\\\/2012\\\/12\\\/giunta-uapi-dal-prefetto.jpg\",\"contentUrl\":\"http:\\\/\\\/www.bellunopress.it\\\/wp-content\\\/uploads\\\/2012\\\/12\\\/giunta-uapi-dal-prefetto.jpg\"},{\"@type\":\"BreadcrumbList\",\"@id\":\"https:\\\/\\\/www.bellunopress.it\\\/2012\\\/12\\\/17\\\/la-giunta-dellunione-artigiani-a-colloquio-con-il-prefetto-e-il-commissario-straordinario-alla-provincia\\\/#breadcrumb\",\"itemListElement\":[{\"@type\":\"ListItem\",\"position\":1,\"name\":\"Home\",\"item\":\"https:\\\/\\\/www.bellunopress.it\\\/\"},{\"@type\":\"ListItem\",\"position\":2,\"name\":\"La giunta dell&#8217;Unione artigiani a colloquio con il prefetto e il commissario straordinario alla Provincia\"}]},{\"@type\":\"WebSite\",\"@id\":\"https:\\\/\\\/www.bellunopress.it\\\/#website\",\"url\":\"https:\\\/\\\/www.bellunopress.it\\\/\",\"name\":\"Bellunopress - Dolomiti\",\"description\":\"e-mail: redazione@bellunopress.it\",\"publisher\":{\"@id\":\"https:\\\/\\\/www.bellunopress.it\\\/#organization\"},\"potentialAction\":[{\"@type\":\"SearchAction\",\"target\":{\"@type\":\"EntryPoint\",\"urlTemplate\":\"https:\\\/\\\/www.bellunopress.it\\\/?s={search_term_string}\"},\"query-input\":{\"@type\":\"PropertyValueSpecification\",\"valueRequired\":true,\"valueName\":\"search_term_string\"}}],\"inLanguage\":\"fr-FR\"},{\"@type\":\"Organization\",\"@id\":\"https:\\\/\\\/www.bellunopress.it\\\/#organization\",\"name\":\"Bellunopress\",\"url\":\"https:\\\/\\\/www.bellunopress.it\\\/\",\"logo\":{\"@type\":\"ImageObject\",\"inLanguage\":\"fr-FR\",\"@id\":\"https:\\\/\\\/www.bellunopress.it\\\/#\\\/schema\\\/logo\\\/image\\\/\",\"url\":\"https:\\\/\\\/www.bellunopress.it\\\/wp-content\\\/uploads\\\/2011\\\/05\\\/cropped-logo-bellunopress-.jpg\",\"contentUrl\":\"https:\\\/\\\/www.bellunopress.it\\\/wp-content\\\/uploads\\\/2011\\\/05\\\/cropped-logo-bellunopress-.jpg\",\"width\":512,\"height\":512,\"caption\":\"Bellunopress\"},\"image\":{\"@id\":\"https:\\\/\\\/www.bellunopress.it\\\/#\\\/schema\\\/logo\\\/image\\\/\"},\"sameAs\":[\"https:\\\/\\\/www.facebook.com\\\/profile.php?id=100008943462799\",\"https:\\\/\\\/x.com\\\/bellunopress\",\"https:\\\/\\\/www.linkedin.com\\\/hp\\\/?dnr=JBzUWaJfMUw8vbXJJ2tVW5-I3jZKvC4wsoxE&amp;amp;amp;amp;amp;amp;trk=nav_responsive_tab_home\",\"https:\\\/\\\/www.youtube.com\\\/channel\\\/UCxL0wu1uN0_3_7hGG0306cw\"]},{\"@type\":\"Person\",\"@id\":\"https:\\\/\\\/www.bellunopress.it\\\/#\\\/schema\\\/person\\\/79bb06722b37ece1c03d3e94beb30d73\",\"name\":\"redazione\",\"image\":{\"@type\":\"ImageObject\",\"inLanguage\":\"fr-FR\",\"@id\":\"https:\\\/\\\/secure.gravatar.com\\\/avatar\\\/37d968a2e67a6fd04c169c4bdef102d0bc5d31b2546345219e348575eb80e9a0?s=96&d=mm&r=g\",\"url\":\"https:\\\/\\\/secure.gravatar.com\\\/avatar\\\/37d968a2e67a6fd04c169c4bdef102d0bc5d31b2546345219e348575eb80e9a0?s=96&d=mm&r=g\",\"contentUrl\":\"https:\\\/\\\/secure.gravatar.com\\\/avatar\\\/37d968a2e67a6fd04c169c4bdef102d0bc5d31b2546345219e348575eb80e9a0?s=96&d=mm&r=g\",\"caption\":\"redazione\"},\"sameAs\":[\"http:\\\/\\\/www.bellunopress.it\",\"https:\\\/\\\/x.com\\\/bellunopress\"],\"url\":\"https:\\\/\\\/www.bellunopress.it\\\/fr\\\/author\\\/redazione\\\/\"}]}<\/script>\n<!-- \/ Yoast SEO plugin. -->","yoast_head_json":{"title":"La giunta dell'Unione artigiani a colloquio con il prefetto e il commissario straordinario alla Provincia - Bellunopress - Dolomiti","robots":{"index":"index","follow":"follow","max-snippet":"max-snippet:-1","max-image-preview":"max-image-preview:large","max-video-preview":"max-video-preview:-1"},"canonical":"https:\/\/www.bellunopress.it\/fr\/2012\/12\/17\/la-giunta-dellunione-artigiani-a-colloquio-con-il-prefetto-e-il-commissario-straordinario-alla-provincia\/","og_locale":"fr_FR","og_type":"article","og_title":"La giunta dell'Unione artigiani a colloquio con il prefetto e il commissario straordinario alla Provincia - Bellunopress - Dolomiti","og_description":"Fare impresa, infrastrutture, credito e appalti. Questi i temi trattati oggi, 17 dicembre, nel corso del colloquio tra la giunta esecutiva dell\u2019Uapi di Belluno, guidata dal presidente Giacomo Deon, e \u00a0il commissario per la Provincia di Belluno, Vittorio Capocelli e il prefetto di Belluno Maria Laura Simonetti. I due incontri, favoriti dallo scambio degli auguri [&hellip;]","og_url":"https:\/\/www.bellunopress.it\/fr\/2012\/12\/17\/la-giunta-dellunione-artigiani-a-colloquio-con-il-prefetto-e-il-commissario-straordinario-alla-provincia\/","og_site_name":"Bellunopress - Dolomiti","article_publisher":"https:\/\/www.facebook.com\/profile.php?id=100008943462799","article_published_time":"2012-12-17T16:38:02+00:00","og_image":[{"url":"http:\/\/www.bellunopress.it\/wp-content\/uploads\/2012\/12\/giunta-uapi-dal-prefetto.jpg","type":"","width":"","height":""}],"author":"redazione","twitter_card":"summary_large_image","twitter_creator":"@bellunopress","twitter_site":"@bellunopress","twitter_misc":{"Written by":"redazione","Est. reading time":"2 minutes"},"schema":{"@context":"https:\/\/schema.org","@graph":[{"@type":"Article","@id":"https:\/\/www.bellunopress.it\/2012\/12\/17\/la-giunta-dellunione-artigiani-a-colloquio-con-il-prefetto-e-il-commissario-straordinario-alla-provincia\/#article","isPartOf":{"@id":"https:\/\/www.bellunopress.it\/2012\/12\/17\/la-giunta-dellunione-artigiani-a-colloquio-con-il-prefetto-e-il-commissario-straordinario-alla-provincia\/"},"author":{"name":"redazione","@id":"https:\/\/www.bellunopress.it\/#\/schema\/person\/79bb06722b37ece1c03d3e94beb30d73"},"headline":"La giunta dell&#8217;Unione artigiani a colloquio con il prefetto e il commissario straordinario alla Provincia","datePublished":"2012-12-17T16:38:02+00:00","mainEntityOfPage":{"@id":"https:\/\/www.bellunopress.it\/2012\/12\/17\/la-giunta-dellunione-artigiani-a-colloquio-con-il-prefetto-e-il-commissario-straordinario-alla-provincia\/"},"wordCount":505,"publisher":{"@id":"https:\/\/www.bellunopress.it\/#organization"},"image":{"@id":"https:\/\/www.bellunopress.it\/2012\/12\/17\/la-giunta-dellunione-artigiani-a-colloquio-con-il-prefetto-e-il-commissario-straordinario-alla-provincia\/#primaryimage"},"thumbnailUrl":"http:\/\/www.bellunopress.it\/wp-content\/uploads\/2012\/12\/giunta-uapi-dal-prefetto.jpg","articleSection":["Lavoro, Economia, Turismo","Prima Pagina"],"inLanguage":"fr-FR"},{"@type":"WebPage","@id":"https:\/\/www.bellunopress.it\/2012\/12\/17\/la-giunta-dellunione-artigiani-a-colloquio-con-il-prefetto-e-il-commissario-straordinario-alla-provincia\/","url":"https:\/\/www.bellunopress.it\/2012\/12\/17\/la-giunta-dellunione-artigiani-a-colloquio-con-il-prefetto-e-il-commissario-straordinario-alla-provincia\/","name":"La giunta dell'Unione artigiani a colloquio con il prefetto e il commissario straordinario alla Provincia - Bellunopress - Dolomiti","isPartOf":{"@id":"https:\/\/www.bellunopress.it\/#website"},"primaryImageOfPage":{"@id":"https:\/\/www.bellunopress.it\/2012\/12\/17\/la-giunta-dellunione-artigiani-a-colloquio-con-il-prefetto-e-il-commissario-straordinario-alla-provincia\/#primaryimage"},"image":{"@id":"https:\/\/www.bellunopress.it\/2012\/12\/17\/la-giunta-dellunione-artigiani-a-colloquio-con-il-prefetto-e-il-commissario-straordinario-alla-provincia\/#primaryimage"},"thumbnailUrl":"http:\/\/www.bellunopress.it\/wp-content\/uploads\/2012\/12\/giunta-uapi-dal-prefetto.jpg","datePublished":"2012-12-17T16:38:02+00:00","breadcrumb":{"@id":"https:\/\/www.bellunopress.it\/2012\/12\/17\/la-giunta-dellunione-artigiani-a-colloquio-con-il-prefetto-e-il-commissario-straordinario-alla-provincia\/#breadcrumb"},"inLanguage":"fr-FR","potentialAction":[{"@type":"ReadAction","target":["https:\/\/www.bellunopress.it\/2012\/12\/17\/la-giunta-dellunione-artigiani-a-colloquio-con-il-prefetto-e-il-commissario-straordinario-alla-provincia\/"]}]},{"@type":"ImageObject","inLanguage":"fr-FR","@id":"https:\/\/www.bellunopress.it\/2012\/12\/17\/la-giunta-dellunione-artigiani-a-colloquio-con-il-prefetto-e-il-commissario-straordinario-alla-provincia\/#primaryimage","url":"http:\/\/www.bellunopress.it\/wp-content\/uploads\/2012\/12\/giunta-uapi-dal-prefetto.jpg","contentUrl":"http:\/\/www.bellunopress.it\/wp-content\/uploads\/2012\/12\/giunta-uapi-dal-prefetto.jpg"},{"@type":"BreadcrumbList","@id":"https:\/\/www.bellunopress.it\/2012\/12\/17\/la-giunta-dellunione-artigiani-a-colloquio-con-il-prefetto-e-il-commissario-straordinario-alla-provincia\/#breadcrumb","itemListElement":[{"@type":"ListItem","position":1,"name":"Home","item":"https:\/\/www.bellunopress.it\/"},{"@type":"ListItem","position":2,"name":"La giunta dell&#8217;Unione artigiani a colloquio con il prefetto e il commissario straordinario alla Provincia"}]},{"@type":"WebSite","@id":"https:\/\/www.bellunopress.it\/#website","url":"https:\/\/www.bellunopress.it\/","name":"Bellunopress - Dolomiti","description":"e-mail: redazione@bellunopress.it","publisher":{"@id":"https:\/\/www.bellunopress.it\/#organization"},"potentialAction":[{"@type":"SearchAction","target":{"@type":"EntryPoint","urlTemplate":"https:\/\/www.bellunopress.it\/?s={search_term_string}"},"query-input":{"@type":"PropertyValueSpecification","valueRequired":true,"valueName":"search_term_string"}}],"inLanguage":"fr-FR"},{"@type":"Organization","@id":"https:\/\/www.bellunopress.it\/#organization","name":"Bellunopress","url":"https:\/\/www.bellunopress.it\/","logo":{"@type":"ImageObject","inLanguage":"fr-FR","@id":"https:\/\/www.bellunopress.it\/#\/schema\/logo\/image\/","url":"https:\/\/www.bellunopress.it\/wp-content\/uploads\/2011\/05\/cropped-logo-bellunopress-.jpg","contentUrl":"https:\/\/www.bellunopress.it\/wp-content\/uploads\/2011\/05\/cropped-logo-bellunopress-.jpg","width":512,"height":512,"caption":"Bellunopress"},"image":{"@id":"https:\/\/www.bellunopress.it\/#\/schema\/logo\/image\/"},"sameAs":["https:\/\/www.facebook.com\/profile.php?id=100008943462799","https:\/\/x.com\/bellunopress","https:\/\/www.linkedin.com\/hp\/?dnr=JBzUWaJfMUw8vbXJJ2tVW5-I3jZKvC4wsoxE&amp;amp;amp;amp;amp;amp;trk=nav_responsive_tab_home","https:\/\/www.youtube.com\/channel\/UCxL0wu1uN0_3_7hGG0306cw"]},{"@type":"Person","@id":"https:\/\/www.bellunopress.it\/#\/schema\/person\/79bb06722b37ece1c03d3e94beb30d73","name":"r\u00e9daction","image":{"@type":"ImageObject","inLanguage":"fr-FR","@id":"https:\/\/secure.gravatar.com\/avatar\/37d968a2e67a6fd04c169c4bdef102d0bc5d31b2546345219e348575eb80e9a0?s=96&d=mm&r=g","url":"https:\/\/secure.gravatar.com\/avatar\/37d968a2e67a6fd04c169c4bdef102d0bc5d31b2546345219e348575eb80e9a0?s=96&d=mm&r=g","contentUrl":"https:\/\/secure.gravatar.com\/avatar\/37d968a2e67a6fd04c169c4bdef102d0bc5d31b2546345219e348575eb80e9a0?s=96&d=mm&r=g","caption":"redazione"},"sameAs":["http:\/\/www.bellunopress.it","https:\/\/x.com\/bellunopress"],"url":"https:\/\/www.bellunopress.it\/fr\/author\/redazione\/"}]}},"_links":{"self":[{"href":"https:\/\/www.bellunopress.it\/fr\/wp-json\/wp\/v2\/posts\/44888","targetHints":{"allow":["GET"]}}],"collection":[{"href":"https:\/\/www.bellunopress.it\/fr\/wp-json\/wp\/v2\/posts"}],"about":[{"href":"https:\/\/www.bellunopress.it\/fr\/wp-json\/wp\/v2\/types\/post"}],"author":[{"embeddable":true,"href":"https:\/\/www.bellunopress.it\/fr\/wp-json\/wp\/v2\/users\/2"}],"replies":[{"embeddable":true,"href":"https:\/\/www.bellunopress.it\/fr\/wp-json\/wp\/v2\/comments?post=44888"}],"version-history":[{"count":2,"href":"https:\/\/www.bellunopress.it\/fr\/wp-json\/wp\/v2\/posts\/44888\/revisions"}],"predecessor-version":[{"id":44891,"href":"https:\/\/www.bellunopress.it\/fr\/wp-json\/wp\/v2\/posts\/44888\/revisions\/44891"}],"wp:attachment":[{"href":"https:\/\/www.bellunopress.it\/fr\/wp-json\/wp\/v2\/media?parent=44888"}],"wp:term":[{"taxonomy":"category","embeddable":true,"href":"https:\/\/www.bellunopress.it\/fr\/wp-json\/wp\/v2\/categories?post=44888"},{"taxonomy":"post_tag","embeddable":true,"href":"https:\/\/www.bellunopress.it\/fr\/wp-json\/wp\/v2\/tags?post=44888"}],"curies":[{"name":"wp","href":"https:\/\/api.w.org\/{rel}","templated":true}]}}