{"id":44885,"date":"2012-12-17T16:13:07","date_gmt":"2012-12-17T15:13:07","guid":{"rendered":"http:\/\/www.bellunopress.it\/?p=44885"},"modified":"2012-12-17T18:02:53","modified_gmt":"2012-12-17T17:02:53","slug":"nis-i-dati-incontrovertibili-dellassessore-santesso","status":"publish","type":"post","link":"https:\/\/www.bellunopress.it\/fr\/2012\/12\/17\/nis-i-dati-incontrovertibili-dellassessore-santesso\/","title":{"rendered":"Nis: i dati incontrovertibili dell&#8217;assessore Santesso"},"content":{"rendered":"<p>Aumentare le tasse ai cittadini (Imu, spazzatura, rette casa riposo, ecc.) per reperire i soldi per tenere in piedi una societ\u00e0 in perdita (qualora la legge lo permetta), o cedere a privati la gestione dei rami secchi? \u00a0E&#8217; pressappoco la grana che si \u00e8 trovata a gestire la giunta Massaro al suo insediamento. Tenendo presente, anche, che colui che amministra il bene pubblico ha l&#8217;obbligo di privilegiare l&#8217;interesse comune.<\/p>\n<p><a href=\"http:\/\/www.bellunopress.it\/wp-content\/uploads\/2012\/12\/erasmo-santesso.jpg\"><img loading=\"lazy\" decoding=\"async\" class=\"alignleft size-full wp-image-44886\" alt=\"erasmo santesso\" src=\"http:\/\/www.bellunopress.it\/wp-content\/uploads\/2012\/12\/erasmo-santesso.jpg\" width=\"180\" height=\"280\" \/><\/a>Ebbene, l&#8217;assessore Erasmo Santesso oggi, conti alla mano, spiega le condizioni in cui versava la Nis (Nuovi impianti sportivi) la societ\u00e0 partecipata del Comune di Belluno che gestiva gli impianti del Neveg\u00e0l e le motivazioni che hanno portato alla sua dismissione.<br \/>\n&#8220;Credo di fare cosa utile fornendo ai cittadini qualche informazione sulla vicenda Nis&#8221; dichiara Santesso illustrando per punti l&#8217;intera vicenda.<\/p>\n<p><strong>1. La NIS \u00e8 una societ\u00e0 strutturalmente in perdita<\/strong>.<br \/>\nNegli ultimi 5 esercizi ha riportato i seguenti risultati:<br \/>\n30\/09\/2008 perdita di 985.000<br \/>\n30\/09\/2009 perdita di 926.179<br \/>\n31\/05\/2010 utile di 24.563 per effetto di un contributo straordinario<br \/>\n31\/05\/2011 perdita di 571.000<br \/>\n31\/05\/2012 perdita di 806.000.<br \/>\nGli anni precedenti sono contrassegnati da esiti analoghi. Anche se fino al giugno 2010 i risultati dipendono congiuntamente dalla gestione della piscina e degli impianti sciistici, le perdite riflettono principalmente le difficolt\u00e0 che caratterizzano la gestione degli impianti sciistici. Ci\u00f2 significa che la societ\u00e0 ha bisogno di continui trasferimenti di risorse da parte del Comune. Negli ultimi dodici anni i trasferimenti di risorse da parte del Comune, a vario titolo, ammontano a circa 7.800.000 euro.<\/p>\n<p><strong>2. La NIS presentava anche una situazione di squilibrio finanziario<\/strong>.\u00a0Lo dimostra l\u2019entit\u00e0 dei debiti (circa 2.500.000 euro) e la difficolt\u00e0 di pagare regolarmente gli stipendi. Per pagare i debiti la societ\u00e0 disponeva solo degli impianti. Il valore degli impianti dipende dalla redditivit\u00e0 attesa. Poich\u00e9 i risultati pregressi sono stabilmente negativi e non sono disponibili credibili progetti di rapido miglioramento attuabili dalla NIS stessa, il valore degli impianti in ipotesi di continuit\u00e0 \u00e8 molto esiguo. Una perizia redatta nel marzo del 2012 ai fini di fornire un valore base per la vendita, determina il valore della societ\u00e0 in euro 2.700.000. Il metodo adottato per la valutazione non \u00e8 per\u00f2 adatto ad esprimere il valore di un\u2019impresa, soprattutto quando le ipotesi di redditivit\u00e0 futura sono completamente assenti. Pertanto la NIS non aveva le risorse per pagare i debiti.<\/p>\n<p><strong>3. La legge vieta di finanziare societ\u00e0 strutturalmente in perdita<\/strong>.\u00a0L\u2019art. 6 comma 19 del D.L. 78\/2010 stabilisce che le amministrazioni pubbliche non possono, salvo quanto previsto dall\u2019art. 2447 codice civile, effettuare aumenti di capitale a favore delle societ\u00e0 partecipate non quotate che abbiano registrato, per tre esercizi consecutivi, perdite di esercizio, ovvero che abbiano utilizzato riserve disponibili per il ripianamento di perdite infra-annuali. La Corte dei Conti, interrogata sulla norma in esame, \u00e8 giunta alla conclusione che le norme impongono l\u2019abbandono della logica del salvataggio a tutti i costi di strutture ed organismi partecipati che versano in condizioni di irrimediabile dissesto. Cos\u00ec come \u00e8 da escludere l\u2019ammissibilit\u00e0 di interventi tampone con dispendio di disponibilit\u00e0 finanziarie a fondo perduto, erogate senza l\u2019inserimento di un programma industriale o in una prospettiva che realizzi l\u2019economicit\u00e0 e l\u2019efficienza della gestione nel medio lungo periodo. Per la Corte, i trasferimenti potranno essere autorizzati solo al cospetto di gravi pericoli per l\u2019ordine, la sicurezza pubblica e la sanit\u00e0 e al fine di salvaguardare la continuit\u00e0 nelle prestazioni di servizi di pubblico interesse. E&#8217; da evidenziare inoltre che la situazione di deficitariet\u00e0 e l&#8217;obbligo di dismissione della NIS \u00e8 stato rilevato dalla Corte dei conti nelle recenti pronunce sul rendiconto 2009 e sul bilancio 2011 (n. 395 del 26\/10\/2011 e n. 91 del 15\/12\/2011), nonch\u00e9 dall&#8217;Ispettore del Ministero dell&#8217;Economia e finanze nella relazione inviata alla Procura della Corte dei conti di Venezia \u2013 Sezione giurisdizionale.<\/p>\n<p><strong>4. La societ\u00e0 \u00e8 stata messa in liquidazione per porre fine alla eccessiva spesa.\u00a0<\/strong>Le norme vigenti (divieto di finanziare imprese in perdita strutturale), le indicazioni della Corte dei conti (intimazione di responsabilit\u00e0 personale se gli organi di governo dell\u2019ente locale continuano a coprire perdite di imprese strutturalmente insufficienti) e la consapevolezza che una radicale inversione dell\u2019andamento gestionale non era facilmente prevedibile hanno causato la messa in liquidazione della societ\u00e0. E in ogni caso, gi\u00e0 a monte, la deliberazione consiliare dell&#8217;amministrazione Prade che decretava la messa in vendita della societ\u00e0, ne aveva decretato la messa in liquidazione, in caso di mancata vendita.<\/p>\n<p><strong>5. Non si \u00e8 fatto un concordato preventivo<\/strong> vendendo gli impianti e offrendo tale ammontare ai creditori perch\u00e9 gli impianti avrebbero dovuto essere ceduti realizzando somme estremamente contenute e non si sarebbe potuto trovare un accordo con i creditori. Anche avvalendosi della possibilit\u00e0 di presentare una domanda di concordato in attesa di successivo piano, la NIS non era in grado di produrre un progetto che ne rovesciasse positivamente le sorti. Il progetto \u201cAbitare il Nevegal\u201d non presentava, nel momento in cui l\u2019amministratore ha redatto il bilancio 2012, requisiti di fattibilit\u00e0 che consentissero di continuare la gestione ordinaria. Distinguere quando un progetto \u00e8 concretamente realizzabile o quando costituisce una semplice \u201cvisione\u201d non \u00e8 sempre facile. Ma \u00e8 tipico del vecchio modo di fare politica presentare le proprie iniziative in modo seducente al fine di far credere\u201d agli elettori che i risultati saranno clamorosi. Questa amministrazione si \u00e8 data l\u2019obiettivo di \u201cnon colorare\u201d la realt\u00e0 ma di presentarla nel modo pi\u00f9 realistico e trasparente per non creare illusioni e spiacevoli sorprese.<\/p>\n<p><strong>6. L\u2019alternativa era di trovare qualcuno che acquisisse gli impiant<\/strong>i, ma che sapesse far meglio di come aveva fatto il Comune fino a quel momento, e garantisse pertanto la continuit\u00e0 della attivit\u00e0 invernale. Si \u00e8 trovato ascolto da parte di un gruppo di imprenditori, animati da grande passione per l\u2019ambiente bellunese e per il colle del Nevegal. A questi non si \u00e8 potuto chiedere un corrispettivo significativo per la cessione degli impianti. In primo luogo perch\u00e9 gli impianti valevano molto poco e in secondo luogo perch\u00e9 gli imprenditori non erano disponibili all\u2019acquisto ma solo ad un affitto a tempo limitato, per conoscere meglio la situazione aziendale e valutare l\u2019opportunit\u00e0 di investire e comunque la possibilit\u00e0 di non perdere.<\/p>\n<p><strong>7. La somma disponibile per i creditori della NIS \u00e8 dunque il canone di affitto di 50.000 euro<\/strong> con il quale non si giudica possibile proporre un ragionevole concordato. La dichiarazione di fallimento risulta cos\u00ec essere la modalit\u00e0 con cui trovare una dolorosa ma inevitabile soluzione che consenta di uscire dalla crisi nei limiti delle modeste risorse disponibili e augurandosi che la gestione futura possa valorizzare il compendio investito e tutta l\u2019area del colle.<\/p>\n<p><strong>8. Sono stati raggiunti due importanti risultati<\/strong>: la riduzione della spesa del Comune e il coinvolgimento economico e manageriale di imprenditori nella gestione del Nevegal. In altri termini: mantenimento dei servizi senza oneri per la pubblica amministrazione e per i cittadini. Non si \u00e8 riusciti a garantire interamente il pagamento dei creditori diversi dai dipendenti. Ma l\u2019impossibilit\u00e0 di onorare tutti i debiti non \u00e8 causata dal fallimento della NIS. E\u2019 invece l\u2019impossibilit\u00e0 di pagare quanto dovuto, troppo a lungo sottovalutata, che ha condotto al fallimento.<\/p>","protected":false},"excerpt":{"rendered":"<p>Aumentare le tasse ai cittadini (Imu, spazzatura, rette casa riposo, ecc.) per reperire i soldi per tenere in piedi una societ\u00e0 in perdita (qualora la legge lo permetta), o cedere a privati la gestione dei rami secchi? \u00a0E&#8217; pressappoco la grana che si \u00e8 trovata a gestire la giunta Massaro al suo insediamento. Tenendo presente, [&hellip;]<\/p>\n","protected":false},"author":2,"featured_media":0,"comment_status":"closed","ping_status":"open","sticky":false,"template":"","format":"standard","meta":{"footnotes":""},"categories":[1],"tags":[],"class_list":["post-44885","post","type-post","status-publish","format-standard","category-leo"],"yoast_head":"<!-- This site is optimized with the Yoast SEO plugin v28.4 - https:\/\/yoast.com\/product\/yoast-seo-wordpress\/ -->\n<title>Nis: i dati incontrovertibili dell&#039;assessore Santesso - Bellunopress - Dolomiti<\/title>\n<meta name=\"robots\" content=\"index, follow, max-snippet:-1, max-image-preview:large, max-video-preview:-1\" \/>\n<link rel=\"canonical\" href=\"https:\/\/www.bellunopress.it\/fr\/2012\/12\/17\/nis-i-dati-incontrovertibili-dellassessore-santesso\/\" \/>\n<meta property=\"og:locale\" content=\"fr_FR\" \/>\n<meta property=\"og:type\" content=\"article\" \/>\n<meta property=\"og:title\" content=\"Nis: i dati incontrovertibili dell&#039;assessore Santesso - Bellunopress - Dolomiti\" \/>\n<meta property=\"og:description\" content=\"Aumentare le tasse ai cittadini (Imu, spazzatura, rette casa riposo, ecc.) per reperire i soldi per tenere in piedi una societ\u00e0 in perdita (qualora la legge lo permetta), o cedere a privati la gestione dei rami secchi? \u00a0E&#8217; pressappoco la grana che si \u00e8 trovata a gestire la giunta Massaro al suo insediamento. Tenendo presente, [&hellip;]\" \/>\n<meta property=\"og:url\" content=\"https:\/\/www.bellunopress.it\/fr\/2012\/12\/17\/nis-i-dati-incontrovertibili-dellassessore-santesso\/\" \/>\n<meta property=\"og:site_name\" content=\"Bellunopress - Dolomiti\" \/>\n<meta property=\"article:publisher\" content=\"https:\/\/www.facebook.com\/profile.php?id=100008943462799\" \/>\n<meta property=\"article:published_time\" content=\"2012-12-17T15:13:07+00:00\" \/>\n<meta property=\"article:modified_time\" content=\"2012-12-17T17:02:53+00:00\" \/>\n<meta property=\"og:image\" content=\"http:\/\/www.bellunopress.it\/wp-content\/uploads\/2012\/12\/erasmo-santesso.jpg\" \/>\n<meta name=\"author\" content=\"redazione\" \/>\n<meta name=\"twitter:card\" content=\"summary_large_image\" \/>\n<meta name=\"twitter:creator\" content=\"@bellunopress\" \/>\n<meta name=\"twitter:site\" content=\"@bellunopress\" \/>\n<meta name=\"twitter:label1\" content=\"\u00c9crit par\" \/>\n\t<meta name=\"twitter:data1\" content=\"redazione\" \/>\n\t<meta name=\"twitter:label2\" content=\"Dur\u00e9e de lecture estim\u00e9e\" \/>\n\t<meta name=\"twitter:data2\" content=\"6 minutes\" \/>\n<script type=\"application\/ld+json\" class=\"yoast-schema-graph\">{\"@context\":\"https:\\\/\\\/schema.org\",\"@graph\":[{\"@type\":\"Article\",\"@id\":\"https:\\\/\\\/www.bellunopress.it\\\/2012\\\/12\\\/17\\\/nis-i-dati-incontrovertibili-dellassessore-santesso\\\/#article\",\"isPartOf\":{\"@id\":\"https:\\\/\\\/www.bellunopress.it\\\/2012\\\/12\\\/17\\\/nis-i-dati-incontrovertibili-dellassessore-santesso\\\/\"},\"author\":{\"name\":\"redazione\",\"@id\":\"https:\\\/\\\/www.bellunopress.it\\\/#\\\/schema\\\/person\\\/79bb06722b37ece1c03d3e94beb30d73\"},\"headline\":\"Nis: i dati incontrovertibili dell&#8217;assessore Santesso\",\"datePublished\":\"2012-12-17T15:13:07+00:00\",\"dateModified\":\"2012-12-17T17:02:53+00:00\",\"mainEntityOfPage\":{\"@id\":\"https:\\\/\\\/www.bellunopress.it\\\/2012\\\/12\\\/17\\\/nis-i-dati-incontrovertibili-dellassessore-santesso\\\/\"},\"wordCount\":1156,\"publisher\":{\"@id\":\"https:\\\/\\\/www.bellunopress.it\\\/#organization\"},\"image\":{\"@id\":\"https:\\\/\\\/www.bellunopress.it\\\/2012\\\/12\\\/17\\\/nis-i-dati-incontrovertibili-dellassessore-santesso\\\/#primaryimage\"},\"thumbnailUrl\":\"http:\\\/\\\/www.bellunopress.it\\\/wp-content\\\/uploads\\\/2012\\\/12\\\/erasmo-santesso.jpg\",\"articleSection\":[\"Lettere Opinioni\"],\"inLanguage\":\"fr-FR\"},{\"@type\":\"WebPage\",\"@id\":\"https:\\\/\\\/www.bellunopress.it\\\/2012\\\/12\\\/17\\\/nis-i-dati-incontrovertibili-dellassessore-santesso\\\/\",\"url\":\"https:\\\/\\\/www.bellunopress.it\\\/2012\\\/12\\\/17\\\/nis-i-dati-incontrovertibili-dellassessore-santesso\\\/\",\"name\":\"Nis: i dati incontrovertibili dell'assessore Santesso - Bellunopress - Dolomiti\",\"isPartOf\":{\"@id\":\"https:\\\/\\\/www.bellunopress.it\\\/#website\"},\"primaryImageOfPage\":{\"@id\":\"https:\\\/\\\/www.bellunopress.it\\\/2012\\\/12\\\/17\\\/nis-i-dati-incontrovertibili-dellassessore-santesso\\\/#primaryimage\"},\"image\":{\"@id\":\"https:\\\/\\\/www.bellunopress.it\\\/2012\\\/12\\\/17\\\/nis-i-dati-incontrovertibili-dellassessore-santesso\\\/#primaryimage\"},\"thumbnailUrl\":\"http:\\\/\\\/www.bellunopress.it\\\/wp-content\\\/uploads\\\/2012\\\/12\\\/erasmo-santesso.jpg\",\"datePublished\":\"2012-12-17T15:13:07+00:00\",\"dateModified\":\"2012-12-17T17:02:53+00:00\",\"breadcrumb\":{\"@id\":\"https:\\\/\\\/www.bellunopress.it\\\/2012\\\/12\\\/17\\\/nis-i-dati-incontrovertibili-dellassessore-santesso\\\/#breadcrumb\"},\"inLanguage\":\"fr-FR\",\"potentialAction\":[{\"@type\":\"ReadAction\",\"target\":[\"https:\\\/\\\/www.bellunopress.it\\\/2012\\\/12\\\/17\\\/nis-i-dati-incontrovertibili-dellassessore-santesso\\\/\"]}]},{\"@type\":\"ImageObject\",\"inLanguage\":\"fr-FR\",\"@id\":\"https:\\\/\\\/www.bellunopress.it\\\/2012\\\/12\\\/17\\\/nis-i-dati-incontrovertibili-dellassessore-santesso\\\/#primaryimage\",\"url\":\"http:\\\/\\\/www.bellunopress.it\\\/wp-content\\\/uploads\\\/2012\\\/12\\\/erasmo-santesso.jpg\",\"contentUrl\":\"http:\\\/\\\/www.bellunopress.it\\\/wp-content\\\/uploads\\\/2012\\\/12\\\/erasmo-santesso.jpg\"},{\"@type\":\"BreadcrumbList\",\"@id\":\"https:\\\/\\\/www.bellunopress.it\\\/2012\\\/12\\\/17\\\/nis-i-dati-incontrovertibili-dellassessore-santesso\\\/#breadcrumb\",\"itemListElement\":[{\"@type\":\"ListItem\",\"position\":1,\"name\":\"Home\",\"item\":\"https:\\\/\\\/www.bellunopress.it\\\/\"},{\"@type\":\"ListItem\",\"position\":2,\"name\":\"Nis: i dati incontrovertibili dell&#8217;assessore Santesso\"}]},{\"@type\":\"WebSite\",\"@id\":\"https:\\\/\\\/www.bellunopress.it\\\/#website\",\"url\":\"https:\\\/\\\/www.bellunopress.it\\\/\",\"name\":\"Bellunopress - Dolomiti\",\"description\":\"e-mail: redazione@bellunopress.it\",\"publisher\":{\"@id\":\"https:\\\/\\\/www.bellunopress.it\\\/#organization\"},\"potentialAction\":[{\"@type\":\"SearchAction\",\"target\":{\"@type\":\"EntryPoint\",\"urlTemplate\":\"https:\\\/\\\/www.bellunopress.it\\\/?s={search_term_string}\"},\"query-input\":{\"@type\":\"PropertyValueSpecification\",\"valueRequired\":true,\"valueName\":\"search_term_string\"}}],\"inLanguage\":\"fr-FR\"},{\"@type\":\"Organization\",\"@id\":\"https:\\\/\\\/www.bellunopress.it\\\/#organization\",\"name\":\"Bellunopress\",\"url\":\"https:\\\/\\\/www.bellunopress.it\\\/\",\"logo\":{\"@type\":\"ImageObject\",\"inLanguage\":\"fr-FR\",\"@id\":\"https:\\\/\\\/www.bellunopress.it\\\/#\\\/schema\\\/logo\\\/image\\\/\",\"url\":\"https:\\\/\\\/www.bellunopress.it\\\/wp-content\\\/uploads\\\/2011\\\/05\\\/cropped-logo-bellunopress-.jpg\",\"contentUrl\":\"https:\\\/\\\/www.bellunopress.it\\\/wp-content\\\/uploads\\\/2011\\\/05\\\/cropped-logo-bellunopress-.jpg\",\"width\":512,\"height\":512,\"caption\":\"Bellunopress\"},\"image\":{\"@id\":\"https:\\\/\\\/www.bellunopress.it\\\/#\\\/schema\\\/logo\\\/image\\\/\"},\"sameAs\":[\"https:\\\/\\\/www.facebook.com\\\/profile.php?id=100008943462799\",\"https:\\\/\\\/x.com\\\/bellunopress\",\"https:\\\/\\\/www.linkedin.com\\\/hp\\\/?dnr=JBzUWaJfMUw8vbXJJ2tVW5-I3jZKvC4wsoxE&amp;amp;amp;amp;amp;amp;trk=nav_responsive_tab_home\",\"https:\\\/\\\/www.youtube.com\\\/channel\\\/UCxL0wu1uN0_3_7hGG0306cw\"]},{\"@type\":\"Person\",\"@id\":\"https:\\\/\\\/www.bellunopress.it\\\/#\\\/schema\\\/person\\\/79bb06722b37ece1c03d3e94beb30d73\",\"name\":\"redazione\",\"image\":{\"@type\":\"ImageObject\",\"inLanguage\":\"fr-FR\",\"@id\":\"https:\\\/\\\/secure.gravatar.com\\\/avatar\\\/37d968a2e67a6fd04c169c4bdef102d0bc5d31b2546345219e348575eb80e9a0?s=96&d=mm&r=g\",\"url\":\"https:\\\/\\\/secure.gravatar.com\\\/avatar\\\/37d968a2e67a6fd04c169c4bdef102d0bc5d31b2546345219e348575eb80e9a0?s=96&d=mm&r=g\",\"contentUrl\":\"https:\\\/\\\/secure.gravatar.com\\\/avatar\\\/37d968a2e67a6fd04c169c4bdef102d0bc5d31b2546345219e348575eb80e9a0?s=96&d=mm&r=g\",\"caption\":\"redazione\"},\"sameAs\":[\"http:\\\/\\\/www.bellunopress.it\",\"https:\\\/\\\/x.com\\\/bellunopress\"],\"url\":\"https:\\\/\\\/www.bellunopress.it\\\/fr\\\/author\\\/redazione\\\/\"}]}<\/script>\n<!-- \/ Yoast SEO plugin. -->","yoast_head_json":{"title":"Nis: i dati incontrovertibili dell'assessore Santesso - Bellunopress - Dolomiti","robots":{"index":"index","follow":"follow","max-snippet":"max-snippet:-1","max-image-preview":"max-image-preview:large","max-video-preview":"max-video-preview:-1"},"canonical":"https:\/\/www.bellunopress.it\/fr\/2012\/12\/17\/nis-i-dati-incontrovertibili-dellassessore-santesso\/","og_locale":"fr_FR","og_type":"article","og_title":"Nis: i dati incontrovertibili dell'assessore Santesso - Bellunopress - Dolomiti","og_description":"Aumentare le tasse ai cittadini (Imu, spazzatura, rette casa riposo, ecc.) per reperire i soldi per tenere in piedi una societ\u00e0 in perdita (qualora la legge lo permetta), o cedere a privati la gestione dei rami secchi? \u00a0E&#8217; pressappoco la grana che si \u00e8 trovata a gestire la giunta Massaro al suo insediamento. Tenendo presente, [&hellip;]","og_url":"https:\/\/www.bellunopress.it\/fr\/2012\/12\/17\/nis-i-dati-incontrovertibili-dellassessore-santesso\/","og_site_name":"Bellunopress - Dolomiti","article_publisher":"https:\/\/www.facebook.com\/profile.php?id=100008943462799","article_published_time":"2012-12-17T15:13:07+00:00","article_modified_time":"2012-12-17T17:02:53+00:00","og_image":[{"url":"http:\/\/www.bellunopress.it\/wp-content\/uploads\/2012\/12\/erasmo-santesso.jpg","type":"","width":"","height":""}],"author":"redazione","twitter_card":"summary_large_image","twitter_creator":"@bellunopress","twitter_site":"@bellunopress","twitter_misc":{"\u00c9crit par":"redazione","Dur\u00e9e de lecture estim\u00e9e":"6 minutes"},"schema":{"@context":"https:\/\/schema.org","@graph":[{"@type":"Article","@id":"https:\/\/www.bellunopress.it\/2012\/12\/17\/nis-i-dati-incontrovertibili-dellassessore-santesso\/#article","isPartOf":{"@id":"https:\/\/www.bellunopress.it\/2012\/12\/17\/nis-i-dati-incontrovertibili-dellassessore-santesso\/"},"author":{"name":"redazione","@id":"https:\/\/www.bellunopress.it\/#\/schema\/person\/79bb06722b37ece1c03d3e94beb30d73"},"headline":"Nis: i dati incontrovertibili dell&#8217;assessore Santesso","datePublished":"2012-12-17T15:13:07+00:00","dateModified":"2012-12-17T17:02:53+00:00","mainEntityOfPage":{"@id":"https:\/\/www.bellunopress.it\/2012\/12\/17\/nis-i-dati-incontrovertibili-dellassessore-santesso\/"},"wordCount":1156,"publisher":{"@id":"https:\/\/www.bellunopress.it\/#organization"},"image":{"@id":"https:\/\/www.bellunopress.it\/2012\/12\/17\/nis-i-dati-incontrovertibili-dellassessore-santesso\/#primaryimage"},"thumbnailUrl":"http:\/\/www.bellunopress.it\/wp-content\/uploads\/2012\/12\/erasmo-santesso.jpg","articleSection":["Lettere Opinioni"],"inLanguage":"fr-FR"},{"@type":"WebPage","@id":"https:\/\/www.bellunopress.it\/2012\/12\/17\/nis-i-dati-incontrovertibili-dellassessore-santesso\/","url":"https:\/\/www.bellunopress.it\/2012\/12\/17\/nis-i-dati-incontrovertibili-dellassessore-santesso\/","name":"Nis: i dati incontrovertibili dell'assessore Santesso - Bellunopress - Dolomiti","isPartOf":{"@id":"https:\/\/www.bellunopress.it\/#website"},"primaryImageOfPage":{"@id":"https:\/\/www.bellunopress.it\/2012\/12\/17\/nis-i-dati-incontrovertibili-dellassessore-santesso\/#primaryimage"},"image":{"@id":"https:\/\/www.bellunopress.it\/2012\/12\/17\/nis-i-dati-incontrovertibili-dellassessore-santesso\/#primaryimage"},"thumbnailUrl":"http:\/\/www.bellunopress.it\/wp-content\/uploads\/2012\/12\/erasmo-santesso.jpg","datePublished":"2012-12-17T15:13:07+00:00","dateModified":"2012-12-17T17:02:53+00:00","breadcrumb":{"@id":"https:\/\/www.bellunopress.it\/2012\/12\/17\/nis-i-dati-incontrovertibili-dellassessore-santesso\/#breadcrumb"},"inLanguage":"fr-FR","potentialAction":[{"@type":"ReadAction","target":["https:\/\/www.bellunopress.it\/2012\/12\/17\/nis-i-dati-incontrovertibili-dellassessore-santesso\/"]}]},{"@type":"ImageObject","inLanguage":"fr-FR","@id":"https:\/\/www.bellunopress.it\/2012\/12\/17\/nis-i-dati-incontrovertibili-dellassessore-santesso\/#primaryimage","url":"http:\/\/www.bellunopress.it\/wp-content\/uploads\/2012\/12\/erasmo-santesso.jpg","contentUrl":"http:\/\/www.bellunopress.it\/wp-content\/uploads\/2012\/12\/erasmo-santesso.jpg"},{"@type":"BreadcrumbList","@id":"https:\/\/www.bellunopress.it\/2012\/12\/17\/nis-i-dati-incontrovertibili-dellassessore-santesso\/#breadcrumb","itemListElement":[{"@type":"ListItem","position":1,"name":"Home","item":"https:\/\/www.bellunopress.it\/"},{"@type":"ListItem","position":2,"name":"Nis: i dati incontrovertibili dell&#8217;assessore Santesso"}]},{"@type":"WebSite","@id":"https:\/\/www.bellunopress.it\/#website","url":"https:\/\/www.bellunopress.it\/","name":"Bellunopress - Dolomiti","description":"e-mail: redazione@bellunopress.it","publisher":{"@id":"https:\/\/www.bellunopress.it\/#organization"},"potentialAction":[{"@type":"SearchAction","target":{"@type":"EntryPoint","urlTemplate":"https:\/\/www.bellunopress.it\/?s={search_term_string}"},"query-input":{"@type":"PropertyValueSpecification","valueRequired":true,"valueName":"search_term_string"}}],"inLanguage":"fr-FR"},{"@type":"Organization","@id":"https:\/\/www.bellunopress.it\/#organization","name":"Bellunopress","url":"https:\/\/www.bellunopress.it\/","logo":{"@type":"ImageObject","inLanguage":"fr-FR","@id":"https:\/\/www.bellunopress.it\/#\/schema\/logo\/image\/","url":"https:\/\/www.bellunopress.it\/wp-content\/uploads\/2011\/05\/cropped-logo-bellunopress-.jpg","contentUrl":"https:\/\/www.bellunopress.it\/wp-content\/uploads\/2011\/05\/cropped-logo-bellunopress-.jpg","width":512,"height":512,"caption":"Bellunopress"},"image":{"@id":"https:\/\/www.bellunopress.it\/#\/schema\/logo\/image\/"},"sameAs":["https:\/\/www.facebook.com\/profile.php?id=100008943462799","https:\/\/x.com\/bellunopress","https:\/\/www.linkedin.com\/hp\/?dnr=JBzUWaJfMUw8vbXJJ2tVW5-I3jZKvC4wsoxE&amp;amp;amp;amp;amp;amp;trk=nav_responsive_tab_home","https:\/\/www.youtube.com\/channel\/UCxL0wu1uN0_3_7hGG0306cw"]},{"@type":"Person","@id":"https:\/\/www.bellunopress.it\/#\/schema\/person\/79bb06722b37ece1c03d3e94beb30d73","name":"r\u00e9daction","image":{"@type":"ImageObject","inLanguage":"fr-FR","@id":"https:\/\/secure.gravatar.com\/avatar\/37d968a2e67a6fd04c169c4bdef102d0bc5d31b2546345219e348575eb80e9a0?s=96&d=mm&r=g","url":"https:\/\/secure.gravatar.com\/avatar\/37d968a2e67a6fd04c169c4bdef102d0bc5d31b2546345219e348575eb80e9a0?s=96&d=mm&r=g","contentUrl":"https:\/\/secure.gravatar.com\/avatar\/37d968a2e67a6fd04c169c4bdef102d0bc5d31b2546345219e348575eb80e9a0?s=96&d=mm&r=g","caption":"redazione"},"sameAs":["http:\/\/www.bellunopress.it","https:\/\/x.com\/bellunopress"],"url":"https:\/\/www.bellunopress.it\/fr\/author\/redazione\/"}]}},"_links":{"self":[{"href":"https:\/\/www.bellunopress.it\/fr\/wp-json\/wp\/v2\/posts\/44885","targetHints":{"allow":["GET"]}}],"collection":[{"href":"https:\/\/www.bellunopress.it\/fr\/wp-json\/wp\/v2\/posts"}],"about":[{"href":"https:\/\/www.bellunopress.it\/fr\/wp-json\/wp\/v2\/types\/post"}],"author":[{"embeddable":true,"href":"https:\/\/www.bellunopress.it\/fr\/wp-json\/wp\/v2\/users\/2"}],"replies":[{"embeddable":true,"href":"https:\/\/www.bellunopress.it\/fr\/wp-json\/wp\/v2\/comments?post=44885"}],"version-history":[{"count":2,"href":"https:\/\/www.bellunopress.it\/fr\/wp-json\/wp\/v2\/posts\/44885\/revisions"}],"predecessor-version":[{"id":44892,"href":"https:\/\/www.bellunopress.it\/fr\/wp-json\/wp\/v2\/posts\/44885\/revisions\/44892"}],"wp:attachment":[{"href":"https:\/\/www.bellunopress.it\/fr\/wp-json\/wp\/v2\/media?parent=44885"}],"wp:term":[{"taxonomy":"category","embeddable":true,"href":"https:\/\/www.bellunopress.it\/fr\/wp-json\/wp\/v2\/categories?post=44885"},{"taxonomy":"post_tag","embeddable":true,"href":"https:\/\/www.bellunopress.it\/fr\/wp-json\/wp\/v2\/tags?post=44885"}],"curies":[{"name":"wp","href":"https:\/\/api.w.org\/{rel}","templated":true}]}}