{"id":44872,"date":"2012-12-16T23:41:26","date_gmt":"2012-12-16T22:41:26","guid":{"rendered":"http:\/\/www.bellunopress.it\/?p=44872"},"modified":"2012-12-16T23:41:26","modified_gmt":"2012-12-16T22:41:26","slug":"in-1-653-alla-santa-klaus-running-2012-il-bellunese-cristian-sommariva-domina-la-half-marathon","status":"publish","type":"post","link":"https:\/\/www.bellunopress.it\/fr\/2012\/12\/16\/in-1-653-alla-santa-klaus-running-2012-il-bellunese-cristian-sommariva-domina-la-half-marathon\/","title":{"rendered":"In 1.653 alla Santa Klaus Running 2012. Il bellunese Cristian Sommariva domina la Half Marathon"},"content":{"rendered":"<figure id=\"attachment_44873\" aria-describedby=\"caption-attachment-44873\" style=\"width: 180px\" class=\"wp-caption alignleft\"><a href=\"http:\/\/www.bellunopress.it\/wp-content\/uploads\/2012\/12\/Cristian-Sommariva-santa-klaus-running-2012.jpg\"><img loading=\"lazy\" decoding=\"async\" class=\"size-full wp-image-44873\" alt=\"Cristian Sommariva\" src=\"http:\/\/www.bellunopress.it\/wp-content\/uploads\/2012\/12\/Cristian-Sommariva-santa-klaus-running-2012.jpg\" width=\"180\" height=\"290\" \/><\/a><figcaption id=\"caption-attachment-44873\" class=\"wp-caption-text\">Cristian Sommariva<\/figcaption><\/figure>\n<p>La Santa Klaus Running di Belluno mette in cassaforte il suo record di iscritti: 1.653, il 10% pi\u00f9 dell\u2019anno scorso, malgrado un meteo non proprio favorevole e le difficolt\u00e0 create dalla nevicata di venerd\u00ec seguita alle forti piogge di sabato che hanno costretto gli organizzatori a modificare parte del tracciato per motivi di sicurezza.<\/p>\n<p>Tra i partecipanti 773 erano donne, e anche questo \u00e8 un record. Nel dettaglio: 641 erano iscritti alla Haf Marathon (144 donne), 486 alla 12km (238 donne) e 335 alla 6km (188 donne); 191 i \u201ccamminatori veloci\u201d del Nordic Walking in Tour che hanno fatto della corsa dei Babbi Natale la loro ultima tappa del tour.<\/p>\n<p>\u201cSiamo comunque contenti della bella festa che ne \u00e8 uscita \u2013 commentano gli organizzatori di Dolomiti Psg &#8211; nonostante le avversit\u00e0 del meteo degli ultimi giorni e la giornata non proprio perfetta per una manifestazione sportiva dedicata anche alle famiglie. Abbiamo comunque registrato un aumento del numero dei partecipanti, vuol dire che siamo sulla buona strada per crescere. Un risultato importante che ci fa ben sperare per il futuro e che \u00e8 stato raggiunto grazie soprattutto alla preziosa collaborazione delle associazioni Ail-Admo, Ana Sois, Associazione antincendio boschivo di Sospirolo, al Coni di Belluno, la protezione civile e la scuola di Salce che ci ha messo a disposizione le cucine.\u00a0In tutto c\u2019erano oltre 150 volontari che ci aiutavano, assieme anche al Comando provinciale dei vigili del fuoco\u201d.<\/p>\n<p>\u201cUna festa di sport e colori che davvero entusiasma e sorprende \u2013 ha commentato l\u2019assessore allo sport del Comune di Belluno Valentina Tomasi \u2013 il Comune ha appoggiato con fermezza questa manifestazione e il risultato ci sta ripagando. Vedere tutti questi Babbi Natale invadere la piazza \u00e8 stato emozionante\u201d. Sul palco delle premiazioni con la Tomasi, Orlando Dal Farra presidente della Comunit\u00e0 montana Belluno-Ponte delle Alpi.<\/p>\n<p>Al via anche qualche straniero. Il gruppo di moscoviti della scuola di podismo russa I love Running che dopo alcuni giorni di permanenza in Europa, hanno fatto della prova di Belluno l\u2019ultimo scalino del loro corso di podismo. Ad accompagnarli, la loro preparatrice Irina Podyalovskaya, una passato da staffettista 4&#215;800 da record del\u00a0mondo.<\/p>\n<p>E non \u00e8 voluto mancare anche Carlo Durante, di Montebelluna, ex campione del mondo di maratona, correva con la sua guida. E poi, come da tradizione, un fiume di colore e allegria e molta fantasia come quella\u00a0sfoggiata dal gruppo Pieni di spirito di Sernaglia della Battaglia: un gruppo di famiglie con pap\u00e0 e mamme vestiti da Babbo Natale e figli da pacchetti regalo.<\/p>\n<p>Questi i podi della parte sportiva:<\/p>\n<p>21km Half Marathon<\/p>\n<p>Maschile<\/p>\n<p>1 SOMMARIVA CRISTIAN A.ATL.DOLOMITI BELLUNO<\/p>\n<p>01:14:06<\/p>\n<p>2 MAHJOUBI ABDELAZIZ ATLETICA SAN MARCO VENEZIA 01:14:32<\/p>\n<p>3 ZANATTA ANDREA PLAYLIFE SPORTS RUNNERS 01:16:39<\/p>\n<p>Femminile<\/p>\n<p>1 MORO PIAZZON YVETTE ITALIANA AZZANO RUNNERS<\/p>\n<p>01:26:21<\/p>\n<p>2 SCRIBANI FRANCESCA ATL. CORTINA C. RURALE CORTINA 01:28:34<\/p>\n<p>3 PENZO MONICA VENEZIA RUNNERS ATL.MURANO 01:29:58<\/p>\n<p>12km<\/p>\n<p>maschile<\/p>\n<p>1 SACCHET LUCIO 00:43:23<\/p>\n<p>2 DE PAOLI MATTIA 00:44:44<\/p>\n<p>3 DE PAOLI LIVIO PRO LOCO TRICHIANA 00:45:19<\/p>\n<p>femminile<\/p>\n<p>1 BOLDRIN SABRINA ATLETICA SILCA CONEGLIANO 00:49:44<\/p>\n<p>2 DAL MAS PAOLA 00:50:28<\/p>\n<p>3 COMIOTTO LARA 00:50:29<\/p>\n<p>6km<\/p>\n<p>maschile<\/p>\n<p>under 95<\/p>\n<p>1. RIVA SERGIO 22&#8217;25&#8221;<\/p>\n<p>2. MORET LUCA 23&#8217;37&#8221;<\/p>\n<p>3. BUDEL ANDREA 24&#8217;08&#8221;<\/p>\n<p>under 2000<\/p>\n<p>1.SACCHET ALESSANDRO 25&#8217;06&#8221;<\/p>\n<p>2. BELLUCCO ALESSANDRO 27&#8217;02&#8221;<\/p>\n<p>3. FONTANELLA MASSIMILIANO 27&#8217;13&#8221;<\/p>\n<p>femminile<\/p>\n<p>under 95<\/p>\n<p>1. FANTINEL ILARIA 25&#8217;44&#8221;<\/p>\n<p>2. CELATO MARIACHIARA 25&#8217;45&#8221;<\/p>\n<p>3. SUSANA ELENA 28&#8217;25&#8221;<\/p>\n<p>under 2000<\/p>\n<p>1. ROSSA MARILENA 29&#8217;54&#8221;<\/p>\n<p>2. BERNARDI SILVIA 29&#8217;37&#8221;<\/p>\n<p>3. SUSANA CHIARA 29&#8217;50&#8221;<\/p>\n<p>Gruppi pi\u00f9 numerosi<\/p>\n<p>1. Quei che no conta (Gaiarine, Treviso) 54<\/p>\n<p>2. Mercuryus 28<\/p>\n<p>3. Pieni de Spirito (Sernaglia) 24<\/p>\n<p>4. Playlife sports runners 23<\/p>\n<p>5. Scuola di maratona di Vittorio Veneto<\/p>\n<p>5. Asd Giro delle Mura<\/p>\n<p>5. I love running (Mosca)<\/p>","protected":false},"excerpt":{"rendered":"<p>La Santa Klaus Running di Belluno mette in cassaforte il suo record di iscritti: 1.653, il 10% pi\u00f9 dell\u2019anno scorso, malgrado un meteo non proprio favorevole e le difficolt\u00e0 create dalla nevicata di venerd\u00ec seguita alle forti piogge di sabato che hanno costretto gli organizzatori a modificare parte del tracciato per motivi di sicurezza. Tra [&hellip;]<\/p>\n","protected":false},"author":2,"featured_media":0,"comment_status":"closed","ping_status":"open","sticky":false,"template":"","format":"standard","meta":{"footnotes":""},"categories":[8,4],"tags":[],"class_list":["post-44872","post","type-post","status-publish","format-standard","category-societa-istituzioni","category-sport"],"yoast_head":"<!-- This site is optimized with the Yoast SEO plugin v28.4 - https:\/\/yoast.com\/product\/yoast-seo-wordpress\/ -->\n<title>In 1.653 alla Santa Klaus Running 2012. Il bellunese Cristian Sommariva domina la Half Marathon - Bellunopress - Dolomiti<\/title>\n<meta name=\"robots\" content=\"index, follow, max-snippet:-1, max-image-preview:large, max-video-preview:-1\" \/>\n<link rel=\"canonical\" href=\"https:\/\/www.bellunopress.it\/fr\/2012\/12\/16\/in-1-653-alla-santa-klaus-running-2012-il-bellunese-cristian-sommariva-domina-la-half-marathon\/\" \/>\n<meta property=\"og:locale\" content=\"fr_FR\" \/>\n<meta property=\"og:type\" content=\"article\" \/>\n<meta property=\"og:title\" content=\"In 1.653 alla Santa Klaus Running 2012. Il bellunese Cristian Sommariva domina la Half Marathon - Bellunopress - Dolomiti\" \/>\n<meta property=\"og:description\" content=\"La Santa Klaus Running di Belluno mette in cassaforte il suo record di iscritti: 1.653, il 10% pi\u00f9 dell\u2019anno scorso, malgrado un meteo non proprio favorevole e le difficolt\u00e0 create dalla nevicata di venerd\u00ec seguita alle forti piogge di sabato che hanno costretto gli organizzatori a modificare parte del tracciato per motivi di sicurezza. Tra [&hellip;]\" \/>\n<meta property=\"og:url\" content=\"https:\/\/www.bellunopress.it\/fr\/2012\/12\/16\/in-1-653-alla-santa-klaus-running-2012-il-bellunese-cristian-sommariva-domina-la-half-marathon\/\" \/>\n<meta property=\"og:site_name\" content=\"Bellunopress - Dolomiti\" \/>\n<meta property=\"article:publisher\" content=\"https:\/\/www.facebook.com\/profile.php?id=100008943462799\" \/>\n<meta property=\"article:published_time\" content=\"2012-12-16T22:41:26+00:00\" \/>\n<meta property=\"og:image\" content=\"http:\/\/www.bellunopress.it\/wp-content\/uploads\/2012\/12\/Cristian-Sommariva-santa-klaus-running-2012.jpg\" \/>\n<meta name=\"author\" content=\"redazione\" \/>\n<meta name=\"twitter:card\" content=\"summary_large_image\" \/>\n<meta name=\"twitter:creator\" content=\"@bellunopress\" \/>\n<meta name=\"twitter:site\" content=\"@bellunopress\" \/>\n<meta name=\"twitter:label1\" content=\"\u00c9crit par\" \/>\n\t<meta name=\"twitter:data1\" content=\"redazione\" \/>\n\t<meta name=\"twitter:label2\" content=\"Dur\u00e9e de lecture estim\u00e9e\" \/>\n\t<meta name=\"twitter:data2\" content=\"3 minutes\" \/>\n<script type=\"application\/ld+json\" class=\"yoast-schema-graph\">{\"@context\":\"https:\\\/\\\/schema.org\",\"@graph\":[{\"@type\":\"Article\",\"@id\":\"https:\\\/\\\/www.bellunopress.it\\\/2012\\\/12\\\/16\\\/in-1-653-alla-santa-klaus-running-2012-il-bellunese-cristian-sommariva-domina-la-half-marathon\\\/#article\",\"isPartOf\":{\"@id\":\"https:\\\/\\\/www.bellunopress.it\\\/2012\\\/12\\\/16\\\/in-1-653-alla-santa-klaus-running-2012-il-bellunese-cristian-sommariva-domina-la-half-marathon\\\/\"},\"author\":{\"name\":\"redazione\",\"@id\":\"https:\\\/\\\/www.bellunopress.it\\\/#\\\/schema\\\/person\\\/79bb06722b37ece1c03d3e94beb30d73\"},\"headline\":\"In 1.653 alla Santa Klaus Running 2012. Il bellunese Cristian Sommariva domina la Half Marathon\",\"datePublished\":\"2012-12-16T22:41:26+00:00\",\"mainEntityOfPage\":{\"@id\":\"https:\\\/\\\/www.bellunopress.it\\\/2012\\\/12\\\/16\\\/in-1-653-alla-santa-klaus-running-2012-il-bellunese-cristian-sommariva-domina-la-half-marathon\\\/\"},\"wordCount\":561,\"publisher\":{\"@id\":\"https:\\\/\\\/www.bellunopress.it\\\/#organization\"},\"image\":{\"@id\":\"https:\\\/\\\/www.bellunopress.it\\\/2012\\\/12\\\/16\\\/in-1-653-alla-santa-klaus-running-2012-il-bellunese-cristian-sommariva-domina-la-half-marathon\\\/#primaryimage\"},\"thumbnailUrl\":\"http:\\\/\\\/www.bellunopress.it\\\/wp-content\\\/uploads\\\/2012\\\/12\\\/Cristian-Sommariva-santa-klaus-running-2012.jpg\",\"articleSection\":[\"Societ\u00e0, Associazioni, Istituzioni\",\"Sport, tempo libero\"],\"inLanguage\":\"fr-FR\"},{\"@type\":\"WebPage\",\"@id\":\"https:\\\/\\\/www.bellunopress.it\\\/2012\\\/12\\\/16\\\/in-1-653-alla-santa-klaus-running-2012-il-bellunese-cristian-sommariva-domina-la-half-marathon\\\/\",\"url\":\"https:\\\/\\\/www.bellunopress.it\\\/2012\\\/12\\\/16\\\/in-1-653-alla-santa-klaus-running-2012-il-bellunese-cristian-sommariva-domina-la-half-marathon\\\/\",\"name\":\"In 1.653 alla Santa Klaus Running 2012. Il bellunese Cristian Sommariva domina la Half Marathon - Bellunopress - Dolomiti\",\"isPartOf\":{\"@id\":\"https:\\\/\\\/www.bellunopress.it\\\/#website\"},\"primaryImageOfPage\":{\"@id\":\"https:\\\/\\\/www.bellunopress.it\\\/2012\\\/12\\\/16\\\/in-1-653-alla-santa-klaus-running-2012-il-bellunese-cristian-sommariva-domina-la-half-marathon\\\/#primaryimage\"},\"image\":{\"@id\":\"https:\\\/\\\/www.bellunopress.it\\\/2012\\\/12\\\/16\\\/in-1-653-alla-santa-klaus-running-2012-il-bellunese-cristian-sommariva-domina-la-half-marathon\\\/#primaryimage\"},\"thumbnailUrl\":\"http:\\\/\\\/www.bellunopress.it\\\/wp-content\\\/uploads\\\/2012\\\/12\\\/Cristian-Sommariva-santa-klaus-running-2012.jpg\",\"datePublished\":\"2012-12-16T22:41:26+00:00\",\"breadcrumb\":{\"@id\":\"https:\\\/\\\/www.bellunopress.it\\\/2012\\\/12\\\/16\\\/in-1-653-alla-santa-klaus-running-2012-il-bellunese-cristian-sommariva-domina-la-half-marathon\\\/#breadcrumb\"},\"inLanguage\":\"fr-FR\",\"potentialAction\":[{\"@type\":\"ReadAction\",\"target\":[\"https:\\\/\\\/www.bellunopress.it\\\/2012\\\/12\\\/16\\\/in-1-653-alla-santa-klaus-running-2012-il-bellunese-cristian-sommariva-domina-la-half-marathon\\\/\"]}]},{\"@type\":\"ImageObject\",\"inLanguage\":\"fr-FR\",\"@id\":\"https:\\\/\\\/www.bellunopress.it\\\/2012\\\/12\\\/16\\\/in-1-653-alla-santa-klaus-running-2012-il-bellunese-cristian-sommariva-domina-la-half-marathon\\\/#primaryimage\",\"url\":\"http:\\\/\\\/www.bellunopress.it\\\/wp-content\\\/uploads\\\/2012\\\/12\\\/Cristian-Sommariva-santa-klaus-running-2012.jpg\",\"contentUrl\":\"http:\\\/\\\/www.bellunopress.it\\\/wp-content\\\/uploads\\\/2012\\\/12\\\/Cristian-Sommariva-santa-klaus-running-2012.jpg\"},{\"@type\":\"BreadcrumbList\",\"@id\":\"https:\\\/\\\/www.bellunopress.it\\\/2012\\\/12\\\/16\\\/in-1-653-alla-santa-klaus-running-2012-il-bellunese-cristian-sommariva-domina-la-half-marathon\\\/#breadcrumb\",\"itemListElement\":[{\"@type\":\"ListItem\",\"position\":1,\"name\":\"Home\",\"item\":\"https:\\\/\\\/www.bellunopress.it\\\/\"},{\"@type\":\"ListItem\",\"position\":2,\"name\":\"In 1.653 alla Santa Klaus Running 2012. Il bellunese Cristian Sommariva domina la Half Marathon\"}]},{\"@type\":\"WebSite\",\"@id\":\"https:\\\/\\\/www.bellunopress.it\\\/#website\",\"url\":\"https:\\\/\\\/www.bellunopress.it\\\/\",\"name\":\"Bellunopress - Dolomiti\",\"description\":\"e-mail: redazione@bellunopress.it\",\"publisher\":{\"@id\":\"https:\\\/\\\/www.bellunopress.it\\\/#organization\"},\"potentialAction\":[{\"@type\":\"SearchAction\",\"target\":{\"@type\":\"EntryPoint\",\"urlTemplate\":\"https:\\\/\\\/www.bellunopress.it\\\/?s={search_term_string}\"},\"query-input\":{\"@type\":\"PropertyValueSpecification\",\"valueRequired\":true,\"valueName\":\"search_term_string\"}}],\"inLanguage\":\"fr-FR\"},{\"@type\":\"Organization\",\"@id\":\"https:\\\/\\\/www.bellunopress.it\\\/#organization\",\"name\":\"Bellunopress\",\"url\":\"https:\\\/\\\/www.bellunopress.it\\\/\",\"logo\":{\"@type\":\"ImageObject\",\"inLanguage\":\"fr-FR\",\"@id\":\"https:\\\/\\\/www.bellunopress.it\\\/#\\\/schema\\\/logo\\\/image\\\/\",\"url\":\"https:\\\/\\\/www.bellunopress.it\\\/wp-content\\\/uploads\\\/2011\\\/05\\\/cropped-logo-bellunopress-.jpg\",\"contentUrl\":\"https:\\\/\\\/www.bellunopress.it\\\/wp-content\\\/uploads\\\/2011\\\/05\\\/cropped-logo-bellunopress-.jpg\",\"width\":512,\"height\":512,\"caption\":\"Bellunopress\"},\"image\":{\"@id\":\"https:\\\/\\\/www.bellunopress.it\\\/#\\\/schema\\\/logo\\\/image\\\/\"},\"sameAs\":[\"https:\\\/\\\/www.facebook.com\\\/profile.php?id=100008943462799\",\"https:\\\/\\\/x.com\\\/bellunopress\",\"https:\\\/\\\/www.linkedin.com\\\/hp\\\/?dnr=JBzUWaJfMUw8vbXJJ2tVW5-I3jZKvC4wsoxE&amp;amp;amp;amp;amp;amp;trk=nav_responsive_tab_home\",\"https:\\\/\\\/www.youtube.com\\\/channel\\\/UCxL0wu1uN0_3_7hGG0306cw\"]},{\"@type\":\"Person\",\"@id\":\"https:\\\/\\\/www.bellunopress.it\\\/#\\\/schema\\\/person\\\/79bb06722b37ece1c03d3e94beb30d73\",\"name\":\"redazione\",\"image\":{\"@type\":\"ImageObject\",\"inLanguage\":\"fr-FR\",\"@id\":\"https:\\\/\\\/secure.gravatar.com\\\/avatar\\\/37d968a2e67a6fd04c169c4bdef102d0bc5d31b2546345219e348575eb80e9a0?s=96&d=mm&r=g\",\"url\":\"https:\\\/\\\/secure.gravatar.com\\\/avatar\\\/37d968a2e67a6fd04c169c4bdef102d0bc5d31b2546345219e348575eb80e9a0?s=96&d=mm&r=g\",\"contentUrl\":\"https:\\\/\\\/secure.gravatar.com\\\/avatar\\\/37d968a2e67a6fd04c169c4bdef102d0bc5d31b2546345219e348575eb80e9a0?s=96&d=mm&r=g\",\"caption\":\"redazione\"},\"sameAs\":[\"http:\\\/\\\/www.bellunopress.it\",\"https:\\\/\\\/x.com\\\/bellunopress\"],\"url\":\"https:\\\/\\\/www.bellunopress.it\\\/fr\\\/author\\\/redazione\\\/\"}]}<\/script>\n<!-- \/ Yoast SEO plugin. -->","yoast_head_json":{"title":"In 1.653 alla Santa Klaus Running 2012. Il bellunese Cristian Sommariva domina la Half Marathon - Bellunopress - Dolomiti","robots":{"index":"index","follow":"follow","max-snippet":"max-snippet:-1","max-image-preview":"max-image-preview:large","max-video-preview":"max-video-preview:-1"},"canonical":"https:\/\/www.bellunopress.it\/fr\/2012\/12\/16\/in-1-653-alla-santa-klaus-running-2012-il-bellunese-cristian-sommariva-domina-la-half-marathon\/","og_locale":"fr_FR","og_type":"article","og_title":"In 1.653 alla Santa Klaus Running 2012. Il bellunese Cristian Sommariva domina la Half Marathon - Bellunopress - Dolomiti","og_description":"La Santa Klaus Running di Belluno mette in cassaforte il suo record di iscritti: 1.653, il 10% pi\u00f9 dell\u2019anno scorso, malgrado un meteo non proprio favorevole e le difficolt\u00e0 create dalla nevicata di venerd\u00ec seguita alle forti piogge di sabato che hanno costretto gli organizzatori a modificare parte del tracciato per motivi di sicurezza. Tra [&hellip;]","og_url":"https:\/\/www.bellunopress.it\/fr\/2012\/12\/16\/in-1-653-alla-santa-klaus-running-2012-il-bellunese-cristian-sommariva-domina-la-half-marathon\/","og_site_name":"Bellunopress - Dolomiti","article_publisher":"https:\/\/www.facebook.com\/profile.php?id=100008943462799","article_published_time":"2012-12-16T22:41:26+00:00","og_image":[{"url":"http:\/\/www.bellunopress.it\/wp-content\/uploads\/2012\/12\/Cristian-Sommariva-santa-klaus-running-2012.jpg","type":"","width":"","height":""}],"author":"redazione","twitter_card":"summary_large_image","twitter_creator":"@bellunopress","twitter_site":"@bellunopress","twitter_misc":{"\u00c9crit par":"redazione","Dur\u00e9e de lecture estim\u00e9e":"3 minutes"},"schema":{"@context":"https:\/\/schema.org","@graph":[{"@type":"Article","@id":"https:\/\/www.bellunopress.it\/2012\/12\/16\/in-1-653-alla-santa-klaus-running-2012-il-bellunese-cristian-sommariva-domina-la-half-marathon\/#article","isPartOf":{"@id":"https:\/\/www.bellunopress.it\/2012\/12\/16\/in-1-653-alla-santa-klaus-running-2012-il-bellunese-cristian-sommariva-domina-la-half-marathon\/"},"author":{"name":"redazione","@id":"https:\/\/www.bellunopress.it\/#\/schema\/person\/79bb06722b37ece1c03d3e94beb30d73"},"headline":"In 1.653 alla Santa Klaus Running 2012. Il bellunese Cristian Sommariva domina la Half Marathon","datePublished":"2012-12-16T22:41:26+00:00","mainEntityOfPage":{"@id":"https:\/\/www.bellunopress.it\/2012\/12\/16\/in-1-653-alla-santa-klaus-running-2012-il-bellunese-cristian-sommariva-domina-la-half-marathon\/"},"wordCount":561,"publisher":{"@id":"https:\/\/www.bellunopress.it\/#organization"},"image":{"@id":"https:\/\/www.bellunopress.it\/2012\/12\/16\/in-1-653-alla-santa-klaus-running-2012-il-bellunese-cristian-sommariva-domina-la-half-marathon\/#primaryimage"},"thumbnailUrl":"http:\/\/www.bellunopress.it\/wp-content\/uploads\/2012\/12\/Cristian-Sommariva-santa-klaus-running-2012.jpg","articleSection":["Societ\u00e0, Associazioni, Istituzioni","Sport, tempo libero"],"inLanguage":"fr-FR"},{"@type":"WebPage","@id":"https:\/\/www.bellunopress.it\/2012\/12\/16\/in-1-653-alla-santa-klaus-running-2012-il-bellunese-cristian-sommariva-domina-la-half-marathon\/","url":"https:\/\/www.bellunopress.it\/2012\/12\/16\/in-1-653-alla-santa-klaus-running-2012-il-bellunese-cristian-sommariva-domina-la-half-marathon\/","name":"In 1.653 alla Santa Klaus Running 2012. Il bellunese Cristian Sommariva domina la Half Marathon - Bellunopress - Dolomiti","isPartOf":{"@id":"https:\/\/www.bellunopress.it\/#website"},"primaryImageOfPage":{"@id":"https:\/\/www.bellunopress.it\/2012\/12\/16\/in-1-653-alla-santa-klaus-running-2012-il-bellunese-cristian-sommariva-domina-la-half-marathon\/#primaryimage"},"image":{"@id":"https:\/\/www.bellunopress.it\/2012\/12\/16\/in-1-653-alla-santa-klaus-running-2012-il-bellunese-cristian-sommariva-domina-la-half-marathon\/#primaryimage"},"thumbnailUrl":"http:\/\/www.bellunopress.it\/wp-content\/uploads\/2012\/12\/Cristian-Sommariva-santa-klaus-running-2012.jpg","datePublished":"2012-12-16T22:41:26+00:00","breadcrumb":{"@id":"https:\/\/www.bellunopress.it\/2012\/12\/16\/in-1-653-alla-santa-klaus-running-2012-il-bellunese-cristian-sommariva-domina-la-half-marathon\/#breadcrumb"},"inLanguage":"fr-FR","potentialAction":[{"@type":"ReadAction","target":["https:\/\/www.bellunopress.it\/2012\/12\/16\/in-1-653-alla-santa-klaus-running-2012-il-bellunese-cristian-sommariva-domina-la-half-marathon\/"]}]},{"@type":"ImageObject","inLanguage":"fr-FR","@id":"https:\/\/www.bellunopress.it\/2012\/12\/16\/in-1-653-alla-santa-klaus-running-2012-il-bellunese-cristian-sommariva-domina-la-half-marathon\/#primaryimage","url":"http:\/\/www.bellunopress.it\/wp-content\/uploads\/2012\/12\/Cristian-Sommariva-santa-klaus-running-2012.jpg","contentUrl":"http:\/\/www.bellunopress.it\/wp-content\/uploads\/2012\/12\/Cristian-Sommariva-santa-klaus-running-2012.jpg"},{"@type":"BreadcrumbList","@id":"https:\/\/www.bellunopress.it\/2012\/12\/16\/in-1-653-alla-santa-klaus-running-2012-il-bellunese-cristian-sommariva-domina-la-half-marathon\/#breadcrumb","itemListElement":[{"@type":"ListItem","position":1,"name":"Home","item":"https:\/\/www.bellunopress.it\/"},{"@type":"ListItem","position":2,"name":"In 1.653 alla Santa Klaus Running 2012. Il bellunese Cristian Sommariva domina la Half Marathon"}]},{"@type":"WebSite","@id":"https:\/\/www.bellunopress.it\/#website","url":"https:\/\/www.bellunopress.it\/","name":"Bellunopress - Dolomiti","description":"e-mail: redazione@bellunopress.it","publisher":{"@id":"https:\/\/www.bellunopress.it\/#organization"},"potentialAction":[{"@type":"SearchAction","target":{"@type":"EntryPoint","urlTemplate":"https:\/\/www.bellunopress.it\/?s={search_term_string}"},"query-input":{"@type":"PropertyValueSpecification","valueRequired":true,"valueName":"search_term_string"}}],"inLanguage":"fr-FR"},{"@type":"Organization","@id":"https:\/\/www.bellunopress.it\/#organization","name":"Bellunopress","url":"https:\/\/www.bellunopress.it\/","logo":{"@type":"ImageObject","inLanguage":"fr-FR","@id":"https:\/\/www.bellunopress.it\/#\/schema\/logo\/image\/","url":"https:\/\/www.bellunopress.it\/wp-content\/uploads\/2011\/05\/cropped-logo-bellunopress-.jpg","contentUrl":"https:\/\/www.bellunopress.it\/wp-content\/uploads\/2011\/05\/cropped-logo-bellunopress-.jpg","width":512,"height":512,"caption":"Bellunopress"},"image":{"@id":"https:\/\/www.bellunopress.it\/#\/schema\/logo\/image\/"},"sameAs":["https:\/\/www.facebook.com\/profile.php?id=100008943462799","https:\/\/x.com\/bellunopress","https:\/\/www.linkedin.com\/hp\/?dnr=JBzUWaJfMUw8vbXJJ2tVW5-I3jZKvC4wsoxE&amp;amp;amp;amp;amp;amp;trk=nav_responsive_tab_home","https:\/\/www.youtube.com\/channel\/UCxL0wu1uN0_3_7hGG0306cw"]},{"@type":"Person","@id":"https:\/\/www.bellunopress.it\/#\/schema\/person\/79bb06722b37ece1c03d3e94beb30d73","name":"r\u00e9daction","image":{"@type":"ImageObject","inLanguage":"fr-FR","@id":"https:\/\/secure.gravatar.com\/avatar\/37d968a2e67a6fd04c169c4bdef102d0bc5d31b2546345219e348575eb80e9a0?s=96&d=mm&r=g","url":"https:\/\/secure.gravatar.com\/avatar\/37d968a2e67a6fd04c169c4bdef102d0bc5d31b2546345219e348575eb80e9a0?s=96&d=mm&r=g","contentUrl":"https:\/\/secure.gravatar.com\/avatar\/37d968a2e67a6fd04c169c4bdef102d0bc5d31b2546345219e348575eb80e9a0?s=96&d=mm&r=g","caption":"redazione"},"sameAs":["http:\/\/www.bellunopress.it","https:\/\/x.com\/bellunopress"],"url":"https:\/\/www.bellunopress.it\/fr\/author\/redazione\/"}]}},"_links":{"self":[{"href":"https:\/\/www.bellunopress.it\/fr\/wp-json\/wp\/v2\/posts\/44872","targetHints":{"allow":["GET"]}}],"collection":[{"href":"https:\/\/www.bellunopress.it\/fr\/wp-json\/wp\/v2\/posts"}],"about":[{"href":"https:\/\/www.bellunopress.it\/fr\/wp-json\/wp\/v2\/types\/post"}],"author":[{"embeddable":true,"href":"https:\/\/www.bellunopress.it\/fr\/wp-json\/wp\/v2\/users\/2"}],"replies":[{"embeddable":true,"href":"https:\/\/www.bellunopress.it\/fr\/wp-json\/wp\/v2\/comments?post=44872"}],"version-history":[{"count":1,"href":"https:\/\/www.bellunopress.it\/fr\/wp-json\/wp\/v2\/posts\/44872\/revisions"}],"predecessor-version":[{"id":44874,"href":"https:\/\/www.bellunopress.it\/fr\/wp-json\/wp\/v2\/posts\/44872\/revisions\/44874"}],"wp:attachment":[{"href":"https:\/\/www.bellunopress.it\/fr\/wp-json\/wp\/v2\/media?parent=44872"}],"wp:term":[{"taxonomy":"category","embeddable":true,"href":"https:\/\/www.bellunopress.it\/fr\/wp-json\/wp\/v2\/categories?post=44872"},{"taxonomy":"post_tag","embeddable":true,"href":"https:\/\/www.bellunopress.it\/fr\/wp-json\/wp\/v2\/tags?post=44872"}],"curies":[{"name":"wp","href":"https:\/\/api.w.org\/{rel}","templated":true}]}}