{"id":44864,"date":"2012-12-17T18:43:19","date_gmt":"2012-12-17T17:43:19","guid":{"rendered":"http:\/\/www.bellunopress.it\/?p=44864"},"modified":"2012-12-17T20:58:03","modified_gmt":"2012-12-17T19:58:03","slug":"mentelogos-mercoledi-cena-di-fine-anno-alla-nogherazza-con-intervento-di-giacomo-gerlin","status":"publish","type":"post","link":"https:\/\/www.bellunopress.it\/fr\/2012\/12\/17\/mentelogos-mercoledi-cena-di-fine-anno-alla-nogherazza-con-intervento-di-giacomo-gerlin\/","title":{"rendered":"Mentelogos: mercoled\u00ec cena di fine anno alla Nogherazza con intervento di Giacomo Gerlin"},"content":{"rendered":"<p>L&#8217;Associazione Mentelogos conclude il calendario degli eventi 2012 con la cena che si terr\u00e0 alla Nogherazza, il giorno mercoled\u00ec 19 dicembre alle 20,00. Alla serata interverr\u00e0 Giacomo Gerlin, fondatore del centro Yoga di Belluno, che parler\u00e0 dell\u2019alimentazione ayurvedica, del karma e del senso di colpa.<\/p>\n<p>La cena ha il costo di 25 euro. Per confermare la prenotazione:\u00a0info@mentelogos.org<\/p>\n<p>&nbsp;<\/p>\n<p>&nbsp;<\/p>\n<p><span style=\"color: #213889; font-family: Arial, Helvetica; font-size: 12px; line-height: normal; background-color: #eff6fc;\">\u00a0<\/span><\/p>","protected":false},"excerpt":{"rendered":"<p>L&#8217;Associazione Mentelogos conclude il calendario degli eventi 2012 con la cena che si terr\u00e0 alla Nogherazza, il giorno mercoled\u00ec 19 dicembre alle 20,00. Alla serata interverr\u00e0 Giacomo Gerlin, fondatore del centro Yoga di Belluno, che parler\u00e0 dell\u2019alimentazione ayurvedica, del karma e del senso di colpa. La cena ha il costo di 25 euro. Per confermare [&hellip;]<\/p>\n","protected":false},"author":2,"featured_media":0,"comment_status":"closed","ping_status":"open","sticky":false,"template":"","format":"standard","meta":{"footnotes":""},"categories":[27,25],"tags":[],"class_list":["post-44864","post","type-post","status-publish","format-standard","category-appuntamenti","category-pausa-caffe"],"yoast_head":"<!-- This site is optimized with the Yoast SEO plugin v28.4 - https:\/\/yoast.com\/product\/yoast-seo-wordpress\/ -->\n<title>Mentelogos: mercoled\u00ec cena di fine anno alla Nogherazza con intervento di Giacomo Gerlin - Bellunopress - Dolomiti<\/title>\n<meta name=\"robots\" content=\"index, follow, max-snippet:-1, max-image-preview:large, max-video-preview:-1\" \/>\n<link rel=\"canonical\" href=\"https:\/\/www.bellunopress.it\/fr\/2012\/12\/17\/mentelogos-mercoledi-cena-di-fine-anno-alla-nogherazza-con-intervento-di-giacomo-gerlin\/\" \/>\n<meta property=\"og:locale\" content=\"fr_FR\" \/>\n<meta property=\"og:type\" content=\"article\" \/>\n<meta property=\"og:title\" content=\"Mentelogos: mercoled\u00ec cena di fine anno alla Nogherazza con intervento di Giacomo Gerlin - Bellunopress - Dolomiti\" \/>\n<meta property=\"og:description\" content=\"L&#8217;Associazione Mentelogos conclude il calendario degli eventi 2012 con la cena che si terr\u00e0 alla Nogherazza, il giorno mercoled\u00ec 19 dicembre alle 20,00. Alla serata interverr\u00e0 Giacomo Gerlin, fondatore del centro Yoga di Belluno, che parler\u00e0 dell\u2019alimentazione ayurvedica, del karma e del senso di colpa. La cena ha il costo di 25 euro. Per confermare [&hellip;]\" \/>\n<meta property=\"og:url\" content=\"https:\/\/www.bellunopress.it\/fr\/2012\/12\/17\/mentelogos-mercoledi-cena-di-fine-anno-alla-nogherazza-con-intervento-di-giacomo-gerlin\/\" \/>\n<meta property=\"og:site_name\" content=\"Bellunopress - Dolomiti\" \/>\n<meta property=\"article:publisher\" content=\"https:\/\/www.facebook.com\/profile.php?id=100008943462799\" \/>\n<meta property=\"article:published_time\" content=\"2012-12-17T17:43:19+00:00\" \/>\n<meta property=\"article:modified_time\" content=\"2012-12-17T19:58:03+00:00\" \/>\n<meta property=\"og:image\" content=\"http:\/\/www.bellunopress.it\/wp-content\/uploads\/2012\/07\/logo-bellunopress-250x250-2012.jpg\" \/>\n<meta name=\"author\" content=\"redazione\" \/>\n<meta name=\"twitter:card\" content=\"summary_large_image\" \/>\n<meta name=\"twitter:creator\" content=\"@bellunopress\" \/>\n<meta name=\"twitter:site\" content=\"@bellunopress\" \/>\n<meta name=\"twitter:label1\" content=\"Written by\" \/>\n\t<meta name=\"twitter:data1\" content=\"redazione\" \/>\n<script type=\"application\/ld+json\" class=\"yoast-schema-graph\">{\"@context\":\"https:\\\/\\\/schema.org\",\"@graph\":[{\"@type\":\"Article\",\"@id\":\"https:\\\/\\\/www.bellunopress.it\\\/2012\\\/12\\\/17\\\/mentelogos-mercoledi-cena-di-fine-anno-alla-nogherazza-con-intervento-di-giacomo-gerlin\\\/#article\",\"isPartOf\":{\"@id\":\"https:\\\/\\\/www.bellunopress.it\\\/2012\\\/12\\\/17\\\/mentelogos-mercoledi-cena-di-fine-anno-alla-nogherazza-con-intervento-di-giacomo-gerlin\\\/\"},\"author\":{\"name\":\"redazione\",\"@id\":\"https:\\\/\\\/www.bellunopress.it\\\/#\\\/schema\\\/person\\\/79bb06722b37ece1c03d3e94beb30d73\"},\"headline\":\"Mentelogos: mercoled\u00ec cena di fine anno alla Nogherazza con intervento di Giacomo Gerlin\",\"datePublished\":\"2012-12-17T17:43:19+00:00\",\"dateModified\":\"2012-12-17T19:58:03+00:00\",\"mainEntityOfPage\":{\"@id\":\"https:\\\/\\\/www.bellunopress.it\\\/2012\\\/12\\\/17\\\/mentelogos-mercoledi-cena-di-fine-anno-alla-nogherazza-con-intervento-di-giacomo-gerlin\\\/\"},\"wordCount\":73,\"publisher\":{\"@id\":\"https:\\\/\\\/www.bellunopress.it\\\/#organization\"},\"articleSection\":[\"Appuntamenti, Eventi\",\"Pausa Caff\u00e8\"],\"inLanguage\":\"fr-FR\"},{\"@type\":\"WebPage\",\"@id\":\"https:\\\/\\\/www.bellunopress.it\\\/2012\\\/12\\\/17\\\/mentelogos-mercoledi-cena-di-fine-anno-alla-nogherazza-con-intervento-di-giacomo-gerlin\\\/\",\"url\":\"https:\\\/\\\/www.bellunopress.it\\\/2012\\\/12\\\/17\\\/mentelogos-mercoledi-cena-di-fine-anno-alla-nogherazza-con-intervento-di-giacomo-gerlin\\\/\",\"name\":\"Mentelogos: mercoled\u00ec cena di fine anno alla Nogherazza con intervento di Giacomo Gerlin - Bellunopress - Dolomiti\",\"isPartOf\":{\"@id\":\"https:\\\/\\\/www.bellunopress.it\\\/#website\"},\"datePublished\":\"2012-12-17T17:43:19+00:00\",\"dateModified\":\"2012-12-17T19:58:03+00:00\",\"breadcrumb\":{\"@id\":\"https:\\\/\\\/www.bellunopress.it\\\/2012\\\/12\\\/17\\\/mentelogos-mercoledi-cena-di-fine-anno-alla-nogherazza-con-intervento-di-giacomo-gerlin\\\/#breadcrumb\"},\"inLanguage\":\"fr-FR\",\"potentialAction\":[{\"@type\":\"ReadAction\",\"target\":[\"https:\\\/\\\/www.bellunopress.it\\\/2012\\\/12\\\/17\\\/mentelogos-mercoledi-cena-di-fine-anno-alla-nogherazza-con-intervento-di-giacomo-gerlin\\\/\"]}]},{\"@type\":\"BreadcrumbList\",\"@id\":\"https:\\\/\\\/www.bellunopress.it\\\/2012\\\/12\\\/17\\\/mentelogos-mercoledi-cena-di-fine-anno-alla-nogherazza-con-intervento-di-giacomo-gerlin\\\/#breadcrumb\",\"itemListElement\":[{\"@type\":\"ListItem\",\"position\":1,\"name\":\"Home\",\"item\":\"https:\\\/\\\/www.bellunopress.it\\\/\"},{\"@type\":\"ListItem\",\"position\":2,\"name\":\"Mentelogos: mercoled\u00ec cena di fine anno alla Nogherazza con intervento di Giacomo Gerlin\"}]},{\"@type\":\"WebSite\",\"@id\":\"https:\\\/\\\/www.bellunopress.it\\\/#website\",\"url\":\"https:\\\/\\\/www.bellunopress.it\\\/\",\"name\":\"Bellunopress - Dolomiti\",\"description\":\"e-mail: redazione@bellunopress.it\",\"publisher\":{\"@id\":\"https:\\\/\\\/www.bellunopress.it\\\/#organization\"},\"potentialAction\":[{\"@type\":\"SearchAction\",\"target\":{\"@type\":\"EntryPoint\",\"urlTemplate\":\"https:\\\/\\\/www.bellunopress.it\\\/?s={search_term_string}\"},\"query-input\":{\"@type\":\"PropertyValueSpecification\",\"valueRequired\":true,\"valueName\":\"search_term_string\"}}],\"inLanguage\":\"fr-FR\"},{\"@type\":\"Organization\",\"@id\":\"https:\\\/\\\/www.bellunopress.it\\\/#organization\",\"name\":\"Bellunopress\",\"url\":\"https:\\\/\\\/www.bellunopress.it\\\/\",\"logo\":{\"@type\":\"ImageObject\",\"inLanguage\":\"fr-FR\",\"@id\":\"https:\\\/\\\/www.bellunopress.it\\\/#\\\/schema\\\/logo\\\/image\\\/\",\"url\":\"https:\\\/\\\/www.bellunopress.it\\\/wp-content\\\/uploads\\\/2011\\\/05\\\/cropped-logo-bellunopress-.jpg\",\"contentUrl\":\"https:\\\/\\\/www.bellunopress.it\\\/wp-content\\\/uploads\\\/2011\\\/05\\\/cropped-logo-bellunopress-.jpg\",\"width\":512,\"height\":512,\"caption\":\"Bellunopress\"},\"image\":{\"@id\":\"https:\\\/\\\/www.bellunopress.it\\\/#\\\/schema\\\/logo\\\/image\\\/\"},\"sameAs\":[\"https:\\\/\\\/www.facebook.com\\\/profile.php?id=100008943462799\",\"https:\\\/\\\/x.com\\\/bellunopress\",\"https:\\\/\\\/www.linkedin.com\\\/hp\\\/?dnr=JBzUWaJfMUw8vbXJJ2tVW5-I3jZKvC4wsoxE&amp;amp;amp;amp;amp;amp;trk=nav_responsive_tab_home\",\"https:\\\/\\\/www.youtube.com\\\/channel\\\/UCxL0wu1uN0_3_7hGG0306cw\"]},{\"@type\":\"Person\",\"@id\":\"https:\\\/\\\/www.bellunopress.it\\\/#\\\/schema\\\/person\\\/79bb06722b37ece1c03d3e94beb30d73\",\"name\":\"redazione\",\"image\":{\"@type\":\"ImageObject\",\"inLanguage\":\"fr-FR\",\"@id\":\"https:\\\/\\\/secure.gravatar.com\\\/avatar\\\/37d968a2e67a6fd04c169c4bdef102d0bc5d31b2546345219e348575eb80e9a0?s=96&d=mm&r=g\",\"url\":\"https:\\\/\\\/secure.gravatar.com\\\/avatar\\\/37d968a2e67a6fd04c169c4bdef102d0bc5d31b2546345219e348575eb80e9a0?s=96&d=mm&r=g\",\"contentUrl\":\"https:\\\/\\\/secure.gravatar.com\\\/avatar\\\/37d968a2e67a6fd04c169c4bdef102d0bc5d31b2546345219e348575eb80e9a0?s=96&d=mm&r=g\",\"caption\":\"redazione\"},\"sameAs\":[\"http:\\\/\\\/www.bellunopress.it\",\"https:\\\/\\\/x.com\\\/bellunopress\"],\"url\":\"https:\\\/\\\/www.bellunopress.it\\\/fr\\\/author\\\/redazione\\\/\"}]}<\/script>\n<!-- \/ Yoast SEO plugin. -->","yoast_head_json":{"title":"Mentelogos: mercoled\u00ec cena di fine anno alla Nogherazza con intervento di Giacomo Gerlin - Bellunopress - Dolomiti","robots":{"index":"index","follow":"follow","max-snippet":"max-snippet:-1","max-image-preview":"max-image-preview:large","max-video-preview":"max-video-preview:-1"},"canonical":"https:\/\/www.bellunopress.it\/fr\/2012\/12\/17\/mentelogos-mercoledi-cena-di-fine-anno-alla-nogherazza-con-intervento-di-giacomo-gerlin\/","og_locale":"fr_FR","og_type":"article","og_title":"Mentelogos: mercoled\u00ec cena di fine anno alla Nogherazza con intervento di Giacomo Gerlin - Bellunopress - Dolomiti","og_description":"L&#8217;Associazione Mentelogos conclude il calendario degli eventi 2012 con la cena che si terr\u00e0 alla Nogherazza, il giorno mercoled\u00ec 19 dicembre alle 20,00. Alla serata interverr\u00e0 Giacomo Gerlin, fondatore del centro Yoga di Belluno, che parler\u00e0 dell\u2019alimentazione ayurvedica, del karma e del senso di colpa. La cena ha il costo di 25 euro. Per confermare [&hellip;]","og_url":"https:\/\/www.bellunopress.it\/fr\/2012\/12\/17\/mentelogos-mercoledi-cena-di-fine-anno-alla-nogherazza-con-intervento-di-giacomo-gerlin\/","og_site_name":"Bellunopress - Dolomiti","article_publisher":"https:\/\/www.facebook.com\/profile.php?id=100008943462799","article_published_time":"2012-12-17T17:43:19+00:00","article_modified_time":"2012-12-17T19:58:03+00:00","og_image":[{"url":"http:\/\/www.bellunopress.it\/wp-content\/uploads\/2012\/07\/logo-bellunopress-250x250-2012.jpg","type":"","width":"","height":""}],"author":"redazione","twitter_card":"summary_large_image","twitter_creator":"@bellunopress","twitter_site":"@bellunopress","twitter_misc":{"Written by":"redazione"},"schema":{"@context":"https:\/\/schema.org","@graph":[{"@type":"Article","@id":"https:\/\/www.bellunopress.it\/2012\/12\/17\/mentelogos-mercoledi-cena-di-fine-anno-alla-nogherazza-con-intervento-di-giacomo-gerlin\/#article","isPartOf":{"@id":"https:\/\/www.bellunopress.it\/2012\/12\/17\/mentelogos-mercoledi-cena-di-fine-anno-alla-nogherazza-con-intervento-di-giacomo-gerlin\/"},"author":{"name":"redazione","@id":"https:\/\/www.bellunopress.it\/#\/schema\/person\/79bb06722b37ece1c03d3e94beb30d73"},"headline":"Mentelogos: mercoled\u00ec cena di fine anno alla Nogherazza con intervento di Giacomo Gerlin","datePublished":"2012-12-17T17:43:19+00:00","dateModified":"2012-12-17T19:58:03+00:00","mainEntityOfPage":{"@id":"https:\/\/www.bellunopress.it\/2012\/12\/17\/mentelogos-mercoledi-cena-di-fine-anno-alla-nogherazza-con-intervento-di-giacomo-gerlin\/"},"wordCount":73,"publisher":{"@id":"https:\/\/www.bellunopress.it\/#organization"},"articleSection":["Appuntamenti, Eventi","Pausa Caff\u00e8"],"inLanguage":"fr-FR"},{"@type":"WebPage","@id":"https:\/\/www.bellunopress.it\/2012\/12\/17\/mentelogos-mercoledi-cena-di-fine-anno-alla-nogherazza-con-intervento-di-giacomo-gerlin\/","url":"https:\/\/www.bellunopress.it\/2012\/12\/17\/mentelogos-mercoledi-cena-di-fine-anno-alla-nogherazza-con-intervento-di-giacomo-gerlin\/","name":"Mentelogos: mercoled\u00ec cena di fine anno alla Nogherazza con intervento di Giacomo Gerlin - Bellunopress - Dolomiti","isPartOf":{"@id":"https:\/\/www.bellunopress.it\/#website"},"datePublished":"2012-12-17T17:43:19+00:00","dateModified":"2012-12-17T19:58:03+00:00","breadcrumb":{"@id":"https:\/\/www.bellunopress.it\/2012\/12\/17\/mentelogos-mercoledi-cena-di-fine-anno-alla-nogherazza-con-intervento-di-giacomo-gerlin\/#breadcrumb"},"inLanguage":"fr-FR","potentialAction":[{"@type":"ReadAction","target":["https:\/\/www.bellunopress.it\/2012\/12\/17\/mentelogos-mercoledi-cena-di-fine-anno-alla-nogherazza-con-intervento-di-giacomo-gerlin\/"]}]},{"@type":"BreadcrumbList","@id":"https:\/\/www.bellunopress.it\/2012\/12\/17\/mentelogos-mercoledi-cena-di-fine-anno-alla-nogherazza-con-intervento-di-giacomo-gerlin\/#breadcrumb","itemListElement":[{"@type":"ListItem","position":1,"name":"Home","item":"https:\/\/www.bellunopress.it\/"},{"@type":"ListItem","position":2,"name":"Mentelogos: mercoled\u00ec cena di fine anno alla Nogherazza con intervento di Giacomo Gerlin"}]},{"@type":"WebSite","@id":"https:\/\/www.bellunopress.it\/#website","url":"https:\/\/www.bellunopress.it\/","name":"Bellunopress - Dolomiti","description":"e-mail: redazione@bellunopress.it","publisher":{"@id":"https:\/\/www.bellunopress.it\/#organization"},"potentialAction":[{"@type":"SearchAction","target":{"@type":"EntryPoint","urlTemplate":"https:\/\/www.bellunopress.it\/?s={search_term_string}"},"query-input":{"@type":"PropertyValueSpecification","valueRequired":true,"valueName":"search_term_string"}}],"inLanguage":"fr-FR"},{"@type":"Organization","@id":"https:\/\/www.bellunopress.it\/#organization","name":"Bellunopress","url":"https:\/\/www.bellunopress.it\/","logo":{"@type":"ImageObject","inLanguage":"fr-FR","@id":"https:\/\/www.bellunopress.it\/#\/schema\/logo\/image\/","url":"https:\/\/www.bellunopress.it\/wp-content\/uploads\/2011\/05\/cropped-logo-bellunopress-.jpg","contentUrl":"https:\/\/www.bellunopress.it\/wp-content\/uploads\/2011\/05\/cropped-logo-bellunopress-.jpg","width":512,"height":512,"caption":"Bellunopress"},"image":{"@id":"https:\/\/www.bellunopress.it\/#\/schema\/logo\/image\/"},"sameAs":["https:\/\/www.facebook.com\/profile.php?id=100008943462799","https:\/\/x.com\/bellunopress","https:\/\/www.linkedin.com\/hp\/?dnr=JBzUWaJfMUw8vbXJJ2tVW5-I3jZKvC4wsoxE&amp;amp;amp;amp;amp;amp;trk=nav_responsive_tab_home","https:\/\/www.youtube.com\/channel\/UCxL0wu1uN0_3_7hGG0306cw"]},{"@type":"Person","@id":"https:\/\/www.bellunopress.it\/#\/schema\/person\/79bb06722b37ece1c03d3e94beb30d73","name":"r\u00e9daction","image":{"@type":"ImageObject","inLanguage":"fr-FR","@id":"https:\/\/secure.gravatar.com\/avatar\/37d968a2e67a6fd04c169c4bdef102d0bc5d31b2546345219e348575eb80e9a0?s=96&d=mm&r=g","url":"https:\/\/secure.gravatar.com\/avatar\/37d968a2e67a6fd04c169c4bdef102d0bc5d31b2546345219e348575eb80e9a0?s=96&d=mm&r=g","contentUrl":"https:\/\/secure.gravatar.com\/avatar\/37d968a2e67a6fd04c169c4bdef102d0bc5d31b2546345219e348575eb80e9a0?s=96&d=mm&r=g","caption":"redazione"},"sameAs":["http:\/\/www.bellunopress.it","https:\/\/x.com\/bellunopress"],"url":"https:\/\/www.bellunopress.it\/fr\/author\/redazione\/"}]}},"_links":{"self":[{"href":"https:\/\/www.bellunopress.it\/fr\/wp-json\/wp\/v2\/posts\/44864","targetHints":{"allow":["GET"]}}],"collection":[{"href":"https:\/\/www.bellunopress.it\/fr\/wp-json\/wp\/v2\/posts"}],"about":[{"href":"https:\/\/www.bellunopress.it\/fr\/wp-json\/wp\/v2\/types\/post"}],"author":[{"embeddable":true,"href":"https:\/\/www.bellunopress.it\/fr\/wp-json\/wp\/v2\/users\/2"}],"replies":[{"embeddable":true,"href":"https:\/\/www.bellunopress.it\/fr\/wp-json\/wp\/v2\/comments?post=44864"}],"version-history":[{"count":2,"href":"https:\/\/www.bellunopress.it\/fr\/wp-json\/wp\/v2\/posts\/44864\/revisions"}],"predecessor-version":[{"id":44901,"href":"https:\/\/www.bellunopress.it\/fr\/wp-json\/wp\/v2\/posts\/44864\/revisions\/44901"}],"wp:attachment":[{"href":"https:\/\/www.bellunopress.it\/fr\/wp-json\/wp\/v2\/media?parent=44864"}],"wp:term":[{"taxonomy":"category","embeddable":true,"href":"https:\/\/www.bellunopress.it\/fr\/wp-json\/wp\/v2\/categories?post=44864"},{"taxonomy":"post_tag","embeddable":true,"href":"https:\/\/www.bellunopress.it\/fr\/wp-json\/wp\/v2\/tags?post=44864"}],"curies":[{"name":"wp","href":"https:\/\/api.w.org\/{rel}","templated":true}]}}