{"id":44850,"date":"2012-12-16T23:45:00","date_gmt":"2012-12-16T22:45:00","guid":{"rendered":"http:\/\/www.bellunopress.it\/?p=44850"},"modified":"2012-12-16T23:45:07","modified_gmt":"2012-12-16T22:45:07","slug":"natale-con-la-banda-a-feltre-due-concerti-il-21-e-26-dicembre","status":"publish","type":"post","link":"https:\/\/www.bellunopress.it\/fr\/2012\/12\/16\/natale-con-la-banda-a-feltre-due-concerti-il-21-e-26-dicembre\/","title":{"rendered":"Natale con la banda a Feltre: due concerti il 21 e 26 dicembre"},"content":{"rendered":"<p>Per iniziativa dell\u2019Amministrazione comunale, la Banda Citt\u00e0 di Feltre, \u00e8 nuovamente protagonista dell\u2019animazione culturale delle frazioni e dei quartieri; una tradizione che ha ripreso avvio quest\u2019estate con un\u2019apprezzata esibizione nel borgo di Arson.<\/p>\n<p>Banda fuori centro quindi, anche a Natale, con due appuntamenti, venerd\u00ec 21 nella chiesa parrocchiale di Pren e mercoled\u00ec 26 dicembre in quella del Boscariz, entrambi alle 20.30.<\/p>\n<p>Il Concerto del Boscariz vede la gradita partecipazione, in apertura, del coro femminile Vocincanto diretto dal maestro Francesco Lorenzo Luciani, con cui la banda ha gi\u00e0 collaborato in pi\u00f9 occasioni, maturando un rapporto di amicizia.<\/p>\n<p>Si esibir\u00e0 inoltre, assieme al corpo bandistico, il soprano Claudia De Pian.<\/p>\n<p>All\u2019organizzazione collaborano il gruppo ANA di Lamen e le associazioni AIDO e ADMO che, da qualche tempo, stanno proponendo interventi mirati di divulgazione del concetto di Dono e Solidariet\u00e0 e che con la Banda \u201cCitt\u00e0 di Feltre\u201d stanno instaurando un rapporto di amicizia e di condivisione di questi obiettivi.<\/p>\n<p>&nbsp;<\/p>","protected":false},"excerpt":{"rendered":"<p>Per iniziativa dell\u2019Amministrazione comunale, la Banda Citt\u00e0 di Feltre, \u00e8 nuovamente protagonista dell\u2019animazione culturale delle frazioni e dei quartieri; una tradizione che ha ripreso avvio quest\u2019estate con un\u2019apprezzata esibizione nel borgo di Arson. Banda fuori centro quindi, anche a Natale, con due appuntamenti, venerd\u00ec 21 nella chiesa parrocchiale di Pren e mercoled\u00ec 26 dicembre in [&hellip;]<\/p>\n","protected":false},"author":2,"featured_media":0,"comment_status":"closed","ping_status":"open","sticky":false,"template":"","format":"standard","meta":{"footnotes":""},"categories":[27,3,25],"tags":[],"class_list":["post-44850","post","type-post","status-publish","format-standard","category-appuntamenti","category-arte-cultura-spettacoli-scienza-archivi","category-pausa-caffe"],"yoast_head":"<!-- This site is optimized with the Yoast SEO plugin v28.4 - https:\/\/yoast.com\/product\/yoast-seo-wordpress\/ -->\n<title>Natale con la banda a Feltre: due concerti il 21 e 26 dicembre  - Bellunopress - Dolomiti<\/title>\n<meta name=\"robots\" content=\"index, follow, max-snippet:-1, max-image-preview:large, max-video-preview:-1\" \/>\n<link rel=\"canonical\" href=\"https:\/\/www.bellunopress.it\/fr\/2012\/12\/16\/natale-con-la-banda-a-feltre-due-concerti-il-21-e-26-dicembre\/\" \/>\n<meta property=\"og:locale\" content=\"fr_FR\" \/>\n<meta property=\"og:type\" content=\"article\" \/>\n<meta property=\"og:title\" content=\"Natale con la banda a Feltre: due concerti il 21 e 26 dicembre  - Bellunopress - Dolomiti\" \/>\n<meta property=\"og:description\" content=\"Per iniziativa dell\u2019Amministrazione comunale, la Banda Citt\u00e0 di Feltre, \u00e8 nuovamente protagonista dell\u2019animazione culturale delle frazioni e dei quartieri; una tradizione che ha ripreso avvio quest\u2019estate con un\u2019apprezzata esibizione nel borgo di Arson. Banda fuori centro quindi, anche a Natale, con due appuntamenti, venerd\u00ec 21 nella chiesa parrocchiale di Pren e mercoled\u00ec 26 dicembre in [&hellip;]\" \/>\n<meta property=\"og:url\" content=\"https:\/\/www.bellunopress.it\/fr\/2012\/12\/16\/natale-con-la-banda-a-feltre-due-concerti-il-21-e-26-dicembre\/\" \/>\n<meta property=\"og:site_name\" content=\"Bellunopress - Dolomiti\" \/>\n<meta property=\"article:publisher\" content=\"https:\/\/www.facebook.com\/profile.php?id=100008943462799\" \/>\n<meta property=\"article:published_time\" content=\"2012-12-16T22:45:00+00:00\" \/>\n<meta property=\"article:modified_time\" content=\"2012-12-16T22:45:07+00:00\" \/>\n<meta property=\"og:image\" content=\"http:\/\/www.bellunopress.it\/wp-content\/uploads\/2012\/07\/logo-bellunopress-250x250-2012.jpg\" \/>\n<meta name=\"author\" content=\"redazione\" \/>\n<meta name=\"twitter:card\" content=\"summary_large_image\" \/>\n<meta name=\"twitter:creator\" content=\"@bellunopress\" \/>\n<meta name=\"twitter:site\" content=\"@bellunopress\" \/>\n<meta name=\"twitter:label1\" content=\"\u00c9crit par\" \/>\n\t<meta name=\"twitter:data1\" content=\"redazione\" \/>\n\t<meta name=\"twitter:label2\" content=\"Dur\u00e9e de lecture estim\u00e9e\" \/>\n\t<meta name=\"twitter:data2\" content=\"1 minute\" \/>\n<script type=\"application\/ld+json\" class=\"yoast-schema-graph\">{\"@context\":\"https:\\\/\\\/schema.org\",\"@graph\":[{\"@type\":\"Article\",\"@id\":\"https:\\\/\\\/www.bellunopress.it\\\/2012\\\/12\\\/16\\\/natale-con-la-banda-a-feltre-due-concerti-il-21-e-26-dicembre\\\/#article\",\"isPartOf\":{\"@id\":\"https:\\\/\\\/www.bellunopress.it\\\/2012\\\/12\\\/16\\\/natale-con-la-banda-a-feltre-due-concerti-il-21-e-26-dicembre\\\/\"},\"author\":{\"name\":\"redazione\",\"@id\":\"https:\\\/\\\/www.bellunopress.it\\\/#\\\/schema\\\/person\\\/79bb06722b37ece1c03d3e94beb30d73\"},\"headline\":\"Natale con la banda a Feltre: due concerti il 21 e 26 dicembre\",\"datePublished\":\"2012-12-16T22:45:00+00:00\",\"dateModified\":\"2012-12-16T22:45:07+00:00\",\"mainEntityOfPage\":{\"@id\":\"https:\\\/\\\/www.bellunopress.it\\\/2012\\\/12\\\/16\\\/natale-con-la-banda-a-feltre-due-concerti-il-21-e-26-dicembre\\\/\"},\"wordCount\":170,\"publisher\":{\"@id\":\"https:\\\/\\\/www.bellunopress.it\\\/#organization\"},\"articleSection\":[\"Appuntamenti, Eventi\",\"Arte, Cultura, Spettacoli, Scienza\",\"Pausa Caff\u00e8\"],\"inLanguage\":\"fr-FR\"},{\"@type\":\"WebPage\",\"@id\":\"https:\\\/\\\/www.bellunopress.it\\\/2012\\\/12\\\/16\\\/natale-con-la-banda-a-feltre-due-concerti-il-21-e-26-dicembre\\\/\",\"url\":\"https:\\\/\\\/www.bellunopress.it\\\/2012\\\/12\\\/16\\\/natale-con-la-banda-a-feltre-due-concerti-il-21-e-26-dicembre\\\/\",\"name\":\"Natale con la banda a Feltre: due concerti il 21 e 26 dicembre - Bellunopress - Dolomiti\",\"isPartOf\":{\"@id\":\"https:\\\/\\\/www.bellunopress.it\\\/#website\"},\"datePublished\":\"2012-12-16T22:45:00+00:00\",\"dateModified\":\"2012-12-16T22:45:07+00:00\",\"breadcrumb\":{\"@id\":\"https:\\\/\\\/www.bellunopress.it\\\/2012\\\/12\\\/16\\\/natale-con-la-banda-a-feltre-due-concerti-il-21-e-26-dicembre\\\/#breadcrumb\"},\"inLanguage\":\"fr-FR\",\"potentialAction\":[{\"@type\":\"ReadAction\",\"target\":[\"https:\\\/\\\/www.bellunopress.it\\\/2012\\\/12\\\/16\\\/natale-con-la-banda-a-feltre-due-concerti-il-21-e-26-dicembre\\\/\"]}]},{\"@type\":\"BreadcrumbList\",\"@id\":\"https:\\\/\\\/www.bellunopress.it\\\/2012\\\/12\\\/16\\\/natale-con-la-banda-a-feltre-due-concerti-il-21-e-26-dicembre\\\/#breadcrumb\",\"itemListElement\":[{\"@type\":\"ListItem\",\"position\":1,\"name\":\"Home\",\"item\":\"https:\\\/\\\/www.bellunopress.it\\\/\"},{\"@type\":\"ListItem\",\"position\":2,\"name\":\"Natale con la banda a Feltre: due concerti il 21 e 26 dicembre\"}]},{\"@type\":\"WebSite\",\"@id\":\"https:\\\/\\\/www.bellunopress.it\\\/#website\",\"url\":\"https:\\\/\\\/www.bellunopress.it\\\/\",\"name\":\"Bellunopress - Dolomiti\",\"description\":\"e-mail: redazione@bellunopress.it\",\"publisher\":{\"@id\":\"https:\\\/\\\/www.bellunopress.it\\\/#organization\"},\"potentialAction\":[{\"@type\":\"SearchAction\",\"target\":{\"@type\":\"EntryPoint\",\"urlTemplate\":\"https:\\\/\\\/www.bellunopress.it\\\/?s={search_term_string}\"},\"query-input\":{\"@type\":\"PropertyValueSpecification\",\"valueRequired\":true,\"valueName\":\"search_term_string\"}}],\"inLanguage\":\"fr-FR\"},{\"@type\":\"Organization\",\"@id\":\"https:\\\/\\\/www.bellunopress.it\\\/#organization\",\"name\":\"Bellunopress\",\"url\":\"https:\\\/\\\/www.bellunopress.it\\\/\",\"logo\":{\"@type\":\"ImageObject\",\"inLanguage\":\"fr-FR\",\"@id\":\"https:\\\/\\\/www.bellunopress.it\\\/#\\\/schema\\\/logo\\\/image\\\/\",\"url\":\"https:\\\/\\\/www.bellunopress.it\\\/wp-content\\\/uploads\\\/2011\\\/05\\\/cropped-logo-bellunopress-.jpg\",\"contentUrl\":\"https:\\\/\\\/www.bellunopress.it\\\/wp-content\\\/uploads\\\/2011\\\/05\\\/cropped-logo-bellunopress-.jpg\",\"width\":512,\"height\":512,\"caption\":\"Bellunopress\"},\"image\":{\"@id\":\"https:\\\/\\\/www.bellunopress.it\\\/#\\\/schema\\\/logo\\\/image\\\/\"},\"sameAs\":[\"https:\\\/\\\/www.facebook.com\\\/profile.php?id=100008943462799\",\"https:\\\/\\\/x.com\\\/bellunopress\",\"https:\\\/\\\/www.linkedin.com\\\/hp\\\/?dnr=JBzUWaJfMUw8vbXJJ2tVW5-I3jZKvC4wsoxE&amp;amp;amp;amp;amp;amp;trk=nav_responsive_tab_home\",\"https:\\\/\\\/www.youtube.com\\\/channel\\\/UCxL0wu1uN0_3_7hGG0306cw\"]},{\"@type\":\"Person\",\"@id\":\"https:\\\/\\\/www.bellunopress.it\\\/#\\\/schema\\\/person\\\/79bb06722b37ece1c03d3e94beb30d73\",\"name\":\"redazione\",\"image\":{\"@type\":\"ImageObject\",\"inLanguage\":\"fr-FR\",\"@id\":\"https:\\\/\\\/secure.gravatar.com\\\/avatar\\\/37d968a2e67a6fd04c169c4bdef102d0bc5d31b2546345219e348575eb80e9a0?s=96&d=mm&r=g\",\"url\":\"https:\\\/\\\/secure.gravatar.com\\\/avatar\\\/37d968a2e67a6fd04c169c4bdef102d0bc5d31b2546345219e348575eb80e9a0?s=96&d=mm&r=g\",\"contentUrl\":\"https:\\\/\\\/secure.gravatar.com\\\/avatar\\\/37d968a2e67a6fd04c169c4bdef102d0bc5d31b2546345219e348575eb80e9a0?s=96&d=mm&r=g\",\"caption\":\"redazione\"},\"sameAs\":[\"http:\\\/\\\/www.bellunopress.it\",\"https:\\\/\\\/x.com\\\/bellunopress\"],\"url\":\"https:\\\/\\\/www.bellunopress.it\\\/fr\\\/author\\\/redazione\\\/\"}]}<\/script>\n<!-- \/ Yoast SEO plugin. -->","yoast_head_json":{"title":"Natale con la banda a Feltre: due concerti il 21 e 26 dicembre  - Bellunopress - Dolomiti","robots":{"index":"index","follow":"follow","max-snippet":"max-snippet:-1","max-image-preview":"max-image-preview:large","max-video-preview":"max-video-preview:-1"},"canonical":"https:\/\/www.bellunopress.it\/fr\/2012\/12\/16\/natale-con-la-banda-a-feltre-due-concerti-il-21-e-26-dicembre\/","og_locale":"fr_FR","og_type":"article","og_title":"Natale con la banda a Feltre: due concerti il 21 e 26 dicembre  - Bellunopress - Dolomiti","og_description":"Per iniziativa dell\u2019Amministrazione comunale, la Banda Citt\u00e0 di Feltre, \u00e8 nuovamente protagonista dell\u2019animazione culturale delle frazioni e dei quartieri; una tradizione che ha ripreso avvio quest\u2019estate con un\u2019apprezzata esibizione nel borgo di Arson. Banda fuori centro quindi, anche a Natale, con due appuntamenti, venerd\u00ec 21 nella chiesa parrocchiale di Pren e mercoled\u00ec 26 dicembre in [&hellip;]","og_url":"https:\/\/www.bellunopress.it\/fr\/2012\/12\/16\/natale-con-la-banda-a-feltre-due-concerti-il-21-e-26-dicembre\/","og_site_name":"Bellunopress - Dolomiti","article_publisher":"https:\/\/www.facebook.com\/profile.php?id=100008943462799","article_published_time":"2012-12-16T22:45:00+00:00","article_modified_time":"2012-12-16T22:45:07+00:00","og_image":[{"url":"http:\/\/www.bellunopress.it\/wp-content\/uploads\/2012\/07\/logo-bellunopress-250x250-2012.jpg","type":"","width":"","height":""}],"author":"redazione","twitter_card":"summary_large_image","twitter_creator":"@bellunopress","twitter_site":"@bellunopress","twitter_misc":{"\u00c9crit par":"redazione","Dur\u00e9e de lecture estim\u00e9e":"1 minute"},"schema":{"@context":"https:\/\/schema.org","@graph":[{"@type":"Article","@id":"https:\/\/www.bellunopress.it\/2012\/12\/16\/natale-con-la-banda-a-feltre-due-concerti-il-21-e-26-dicembre\/#article","isPartOf":{"@id":"https:\/\/www.bellunopress.it\/2012\/12\/16\/natale-con-la-banda-a-feltre-due-concerti-il-21-e-26-dicembre\/"},"author":{"name":"redazione","@id":"https:\/\/www.bellunopress.it\/#\/schema\/person\/79bb06722b37ece1c03d3e94beb30d73"},"headline":"Natale con la banda a Feltre: due concerti il 21 e 26 dicembre","datePublished":"2012-12-16T22:45:00+00:00","dateModified":"2012-12-16T22:45:07+00:00","mainEntityOfPage":{"@id":"https:\/\/www.bellunopress.it\/2012\/12\/16\/natale-con-la-banda-a-feltre-due-concerti-il-21-e-26-dicembre\/"},"wordCount":170,"publisher":{"@id":"https:\/\/www.bellunopress.it\/#organization"},"articleSection":["Appuntamenti, Eventi","Arte, Cultura, Spettacoli, Scienza","Pausa Caff\u00e8"],"inLanguage":"fr-FR"},{"@type":"WebPage","@id":"https:\/\/www.bellunopress.it\/2012\/12\/16\/natale-con-la-banda-a-feltre-due-concerti-il-21-e-26-dicembre\/","url":"https:\/\/www.bellunopress.it\/2012\/12\/16\/natale-con-la-banda-a-feltre-due-concerti-il-21-e-26-dicembre\/","name":"Natale con la banda a Feltre: due concerti il 21 e 26 dicembre - Bellunopress - Dolomiti","isPartOf":{"@id":"https:\/\/www.bellunopress.it\/#website"},"datePublished":"2012-12-16T22:45:00+00:00","dateModified":"2012-12-16T22:45:07+00:00","breadcrumb":{"@id":"https:\/\/www.bellunopress.it\/2012\/12\/16\/natale-con-la-banda-a-feltre-due-concerti-il-21-e-26-dicembre\/#breadcrumb"},"inLanguage":"fr-FR","potentialAction":[{"@type":"ReadAction","target":["https:\/\/www.bellunopress.it\/2012\/12\/16\/natale-con-la-banda-a-feltre-due-concerti-il-21-e-26-dicembre\/"]}]},{"@type":"BreadcrumbList","@id":"https:\/\/www.bellunopress.it\/2012\/12\/16\/natale-con-la-banda-a-feltre-due-concerti-il-21-e-26-dicembre\/#breadcrumb","itemListElement":[{"@type":"ListItem","position":1,"name":"Home","item":"https:\/\/www.bellunopress.it\/"},{"@type":"ListItem","position":2,"name":"Natale con la banda a Feltre: due concerti il 21 e 26 dicembre"}]},{"@type":"WebSite","@id":"https:\/\/www.bellunopress.it\/#website","url":"https:\/\/www.bellunopress.it\/","name":"Bellunopress - Dolomiti","description":"e-mail: redazione@bellunopress.it","publisher":{"@id":"https:\/\/www.bellunopress.it\/#organization"},"potentialAction":[{"@type":"SearchAction","target":{"@type":"EntryPoint","urlTemplate":"https:\/\/www.bellunopress.it\/?s={search_term_string}"},"query-input":{"@type":"PropertyValueSpecification","valueRequired":true,"valueName":"search_term_string"}}],"inLanguage":"fr-FR"},{"@type":"Organization","@id":"https:\/\/www.bellunopress.it\/#organization","name":"Bellunopress","url":"https:\/\/www.bellunopress.it\/","logo":{"@type":"ImageObject","inLanguage":"fr-FR","@id":"https:\/\/www.bellunopress.it\/#\/schema\/logo\/image\/","url":"https:\/\/www.bellunopress.it\/wp-content\/uploads\/2011\/05\/cropped-logo-bellunopress-.jpg","contentUrl":"https:\/\/www.bellunopress.it\/wp-content\/uploads\/2011\/05\/cropped-logo-bellunopress-.jpg","width":512,"height":512,"caption":"Bellunopress"},"image":{"@id":"https:\/\/www.bellunopress.it\/#\/schema\/logo\/image\/"},"sameAs":["https:\/\/www.facebook.com\/profile.php?id=100008943462799","https:\/\/x.com\/bellunopress","https:\/\/www.linkedin.com\/hp\/?dnr=JBzUWaJfMUw8vbXJJ2tVW5-I3jZKvC4wsoxE&amp;amp;amp;amp;amp;amp;trk=nav_responsive_tab_home","https:\/\/www.youtube.com\/channel\/UCxL0wu1uN0_3_7hGG0306cw"]},{"@type":"Person","@id":"https:\/\/www.bellunopress.it\/#\/schema\/person\/79bb06722b37ece1c03d3e94beb30d73","name":"r\u00e9daction","image":{"@type":"ImageObject","inLanguage":"fr-FR","@id":"https:\/\/secure.gravatar.com\/avatar\/37d968a2e67a6fd04c169c4bdef102d0bc5d31b2546345219e348575eb80e9a0?s=96&d=mm&r=g","url":"https:\/\/secure.gravatar.com\/avatar\/37d968a2e67a6fd04c169c4bdef102d0bc5d31b2546345219e348575eb80e9a0?s=96&d=mm&r=g","contentUrl":"https:\/\/secure.gravatar.com\/avatar\/37d968a2e67a6fd04c169c4bdef102d0bc5d31b2546345219e348575eb80e9a0?s=96&d=mm&r=g","caption":"redazione"},"sameAs":["http:\/\/www.bellunopress.it","https:\/\/x.com\/bellunopress"],"url":"https:\/\/www.bellunopress.it\/fr\/author\/redazione\/"}]}},"_links":{"self":[{"href":"https:\/\/www.bellunopress.it\/fr\/wp-json\/wp\/v2\/posts\/44850","targetHints":{"allow":["GET"]}}],"collection":[{"href":"https:\/\/www.bellunopress.it\/fr\/wp-json\/wp\/v2\/posts"}],"about":[{"href":"https:\/\/www.bellunopress.it\/fr\/wp-json\/wp\/v2\/types\/post"}],"author":[{"embeddable":true,"href":"https:\/\/www.bellunopress.it\/fr\/wp-json\/wp\/v2\/users\/2"}],"replies":[{"embeddable":true,"href":"https:\/\/www.bellunopress.it\/fr\/wp-json\/wp\/v2\/comments?post=44850"}],"version-history":[{"count":2,"href":"https:\/\/www.bellunopress.it\/fr\/wp-json\/wp\/v2\/posts\/44850\/revisions"}],"predecessor-version":[{"id":44875,"href":"https:\/\/www.bellunopress.it\/fr\/wp-json\/wp\/v2\/posts\/44850\/revisions\/44875"}],"wp:attachment":[{"href":"https:\/\/www.bellunopress.it\/fr\/wp-json\/wp\/v2\/media?parent=44850"}],"wp:term":[{"taxonomy":"category","embeddable":true,"href":"https:\/\/www.bellunopress.it\/fr\/wp-json\/wp\/v2\/categories?post=44850"},{"taxonomy":"post_tag","embeddable":true,"href":"https:\/\/www.bellunopress.it\/fr\/wp-json\/wp\/v2\/tags?post=44850"}],"curies":[{"name":"wp","href":"https:\/\/api.w.org\/{rel}","templated":true}]}}