{"id":44848,"date":"2012-12-16T08:42:59","date_gmt":"2012-12-16T07:42:59","guid":{"rendered":"http:\/\/www.bellunopress.it\/?p=44848"},"modified":"2012-12-16T08:42:59","modified_gmt":"2012-12-16T07:42:59","slug":"nuovi-filmati-sul-sito-web-del-parco-con-videoschede-su-rifugi-itinerari-e-progetti","status":"publish","type":"post","link":"https:\/\/www.bellunopress.it\/fr\/2012\/12\/16\/nuovi-filmati-sul-sito-web-del-parco-con-videoschede-su-rifugi-itinerari-e-progetti\/","title":{"rendered":"Nuovi filmati sul sito web del Parco con \u201cVideoschede\u201d su rifugi, itinerari e progetti"},"content":{"rendered":"<p><a href=\"http:\/\/www.bellunopress.it\/wp-content\/uploads\/2011\/06\/parco-dolomiti-bellunesi.gif\"><img loading=\"lazy\" decoding=\"async\" class=\"alignleft size-full wp-image-28157\" alt=\"parco dolomiti bellunesi\" src=\"http:\/\/www.bellunopress.it\/wp-content\/uploads\/2011\/06\/parco-dolomiti-bellunesi.gif\" width=\"89\" height=\"145\" \/><\/a>Proseguono le azioni previste dal progetto \u201cComunicare il Parco\u201d, realizzato grazie al cofinanziamento del programma europeo Leader.<\/p>\n<p>Dopo la traduzione integrale del portale www.dolomitipark.it in francese e tedesco sono ora arrivati 15 nuovi filmati, che arricchiscono i contenuti del portale.<\/p>\n<p>I filmati, realizzati grazie alla collaborazione tecnica di Telebelluno, hanno una durata di circa tre minuti e mezzo ciascuno e costituiscono altrettante \u201cvideoschede\u201d di presentazione di itinerari o progetti del Parco.<\/p>\n<p>In particolare i nuovi filmati illustrano: la salita al rifugio Bianchet dalla val Cordevole; l\u2019escursione che conduce dalla Val Canzoi al rifugio Boz e un itinerario ad anello attraverso la splendida foresta di Cajada.<\/p>\n<p>Ci sono poi i video dedicati a tre itinerari tematici del Parco: quello dei Circhi delle Vette, che permette di visitare i \u201ccirchi glaciali\u201d delle Vette Feltrine, frutto dell\u2019azione erosiva di antichi ghiacciai; quello dei covoli della Val di Lamen, un itinerario storico-archeologico che permette di visitare ripari sottoroccia frequentati dal Paleolitico all\u2019Alto Medioevo; e l\u2019itinerario intitolato \u201cMontagna dimenticata\u201d, che ripercorre antiche strade militari e i sentieri utilizzati dai minatori di Valle Imperina e Vallalta.<\/p>\n<p>Altri filmati sono invece dedicati ai sentieri natura della Val Falcina e della Val Canzoi, all\u2019itinerario di salita al rifugio Pian de Fontana; a quello che permette di raggiungere il rifugio 7\u00b0 Alpini risalendo la valle dell\u2019Ardo e al sentiero che conduce da passo Croce d\u2019Aune al rifugio Dal Piaz.<\/p>\n<p>Ci sono poi due video dedicati al centro di educazione ambientale de La Santina, in Val Canzoi e al progetto \u201cParco Fossil free\u201d, che prevede l\u2019uso di fonti energetiche rinnovabili in tutte le infrastrutture del Parco. L\u2019ultimo filmato \u00e8 invece dedicato alle attivit\u00e0 realizzate negli anni scorsi per il recupero delle malghe e il mantenimento delle attivit\u00e0 di alpeggio.<\/p>\n<p>Tutti i video sono visibili nella sezione \u201cweb tv\u201d del sito del Parco, all\u2019indirizzo http:\/\/www.dolomitipark.it\/it\/web_tv.php<\/p>\n<p>&nbsp;<\/p>\n<p>&nbsp;<\/p>","protected":false},"excerpt":{"rendered":"<p>Proseguono le azioni previste dal progetto \u201cComunicare il Parco\u201d, realizzato grazie al cofinanziamento del programma europeo Leader. Dopo la traduzione integrale del portale www.dolomitipark.it in francese e tedesco sono ora arrivati 15 nuovi filmati, che arricchiscono i contenuti del portale. I filmati, realizzati grazie alla collaborazione tecnica di Telebelluno, hanno una durata di circa tre [&hellip;]<\/p>\n","protected":false},"author":2,"featured_media":0,"comment_status":"closed","ping_status":"open","sticky":false,"template":"","format":"standard","meta":{"footnotes":""},"categories":[38,26],"tags":[],"class_list":["post-44848","post","type-post","status-publish","format-standard","category-natura-ambiente","category-prima-pagina"],"yoast_head":"<!-- This site is optimized with the Yoast SEO plugin v28.4 - https:\/\/yoast.com\/product\/yoast-seo-wordpress\/ -->\n<title>Nuovi filmati sul sito web del Parco con \u201cVideoschede\u201d su rifugi, itinerari e progetti - Bellunopress - Dolomiti<\/title>\n<meta name=\"robots\" content=\"index, follow, max-snippet:-1, max-image-preview:large, max-video-preview:-1\" \/>\n<link rel=\"canonical\" href=\"https:\/\/www.bellunopress.it\/fr\/2012\/12\/16\/nuovi-filmati-sul-sito-web-del-parco-con-videoschede-su-rifugi-itinerari-e-progetti\/\" \/>\n<meta property=\"og:locale\" content=\"fr_FR\" \/>\n<meta property=\"og:type\" content=\"article\" \/>\n<meta property=\"og:title\" content=\"Nuovi filmati sul sito web del Parco con \u201cVideoschede\u201d su rifugi, itinerari e progetti - Bellunopress - Dolomiti\" \/>\n<meta property=\"og:description\" content=\"Proseguono le azioni previste dal progetto \u201cComunicare il Parco\u201d, realizzato grazie al cofinanziamento del programma europeo Leader. Dopo la traduzione integrale del portale www.dolomitipark.it in francese e tedesco sono ora arrivati 15 nuovi filmati, che arricchiscono i contenuti del portale. I filmati, realizzati grazie alla collaborazione tecnica di Telebelluno, hanno una durata di circa tre [&hellip;]\" \/>\n<meta property=\"og:url\" content=\"https:\/\/www.bellunopress.it\/fr\/2012\/12\/16\/nuovi-filmati-sul-sito-web-del-parco-con-videoschede-su-rifugi-itinerari-e-progetti\/\" \/>\n<meta property=\"og:site_name\" content=\"Bellunopress - Dolomiti\" \/>\n<meta property=\"article:publisher\" content=\"https:\/\/www.facebook.com\/profile.php?id=100008943462799\" \/>\n<meta property=\"article:published_time\" content=\"2012-12-16T07:42:59+00:00\" \/>\n<meta property=\"og:image\" content=\"http:\/\/www.bellunopress.it\/wp-content\/uploads\/2011\/06\/parco-dolomiti-bellunesi.gif\" \/>\n<meta name=\"author\" content=\"redazione\" \/>\n<meta name=\"twitter:card\" content=\"summary_large_image\" \/>\n<meta name=\"twitter:creator\" content=\"@bellunopress\" \/>\n<meta name=\"twitter:site\" content=\"@bellunopress\" \/>\n<meta name=\"twitter:label1\" content=\"Written by\" \/>\n\t<meta name=\"twitter:data1\" content=\"redazione\" \/>\n\t<meta name=\"twitter:label2\" content=\"Est. reading time\" \/>\n\t<meta name=\"twitter:data2\" content=\"2 minutes\" \/>\n<script type=\"application\/ld+json\" class=\"yoast-schema-graph\">{\"@context\":\"https:\\\/\\\/schema.org\",\"@graph\":[{\"@type\":\"Article\",\"@id\":\"https:\\\/\\\/www.bellunopress.it\\\/2012\\\/12\\\/16\\\/nuovi-filmati-sul-sito-web-del-parco-con-videoschede-su-rifugi-itinerari-e-progetti\\\/#article\",\"isPartOf\":{\"@id\":\"https:\\\/\\\/www.bellunopress.it\\\/2012\\\/12\\\/16\\\/nuovi-filmati-sul-sito-web-del-parco-con-videoschede-su-rifugi-itinerari-e-progetti\\\/\"},\"author\":{\"name\":\"redazione\",\"@id\":\"https:\\\/\\\/www.bellunopress.it\\\/#\\\/schema\\\/person\\\/79bb06722b37ece1c03d3e94beb30d73\"},\"headline\":\"Nuovi filmati sul sito web del Parco con \u201cVideoschede\u201d su rifugi, itinerari e progetti\",\"datePublished\":\"2012-12-16T07:42:59+00:00\",\"mainEntityOfPage\":{\"@id\":\"https:\\\/\\\/www.bellunopress.it\\\/2012\\\/12\\\/16\\\/nuovi-filmati-sul-sito-web-del-parco-con-videoschede-su-rifugi-itinerari-e-progetti\\\/\"},\"wordCount\":336,\"publisher\":{\"@id\":\"https:\\\/\\\/www.bellunopress.it\\\/#organization\"},\"image\":{\"@id\":\"https:\\\/\\\/www.bellunopress.it\\\/2012\\\/12\\\/16\\\/nuovi-filmati-sul-sito-web-del-parco-con-videoschede-su-rifugi-itinerari-e-progetti\\\/#primaryimage\"},\"thumbnailUrl\":\"http:\\\/\\\/www.bellunopress.it\\\/wp-content\\\/uploads\\\/2011\\\/06\\\/parco-dolomiti-bellunesi.gif\",\"articleSection\":[\"Meteo, natura, ambiente, animali\",\"Prima Pagina\"],\"inLanguage\":\"fr-FR\"},{\"@type\":\"WebPage\",\"@id\":\"https:\\\/\\\/www.bellunopress.it\\\/2012\\\/12\\\/16\\\/nuovi-filmati-sul-sito-web-del-parco-con-videoschede-su-rifugi-itinerari-e-progetti\\\/\",\"url\":\"https:\\\/\\\/www.bellunopress.it\\\/2012\\\/12\\\/16\\\/nuovi-filmati-sul-sito-web-del-parco-con-videoschede-su-rifugi-itinerari-e-progetti\\\/\",\"name\":\"Nuovi filmati sul sito web del Parco con \u201cVideoschede\u201d su rifugi, itinerari e progetti - Bellunopress - Dolomiti\",\"isPartOf\":{\"@id\":\"https:\\\/\\\/www.bellunopress.it\\\/#website\"},\"primaryImageOfPage\":{\"@id\":\"https:\\\/\\\/www.bellunopress.it\\\/2012\\\/12\\\/16\\\/nuovi-filmati-sul-sito-web-del-parco-con-videoschede-su-rifugi-itinerari-e-progetti\\\/#primaryimage\"},\"image\":{\"@id\":\"https:\\\/\\\/www.bellunopress.it\\\/2012\\\/12\\\/16\\\/nuovi-filmati-sul-sito-web-del-parco-con-videoschede-su-rifugi-itinerari-e-progetti\\\/#primaryimage\"},\"thumbnailUrl\":\"http:\\\/\\\/www.bellunopress.it\\\/wp-content\\\/uploads\\\/2011\\\/06\\\/parco-dolomiti-bellunesi.gif\",\"datePublished\":\"2012-12-16T07:42:59+00:00\",\"breadcrumb\":{\"@id\":\"https:\\\/\\\/www.bellunopress.it\\\/2012\\\/12\\\/16\\\/nuovi-filmati-sul-sito-web-del-parco-con-videoschede-su-rifugi-itinerari-e-progetti\\\/#breadcrumb\"},\"inLanguage\":\"fr-FR\",\"potentialAction\":[{\"@type\":\"ReadAction\",\"target\":[\"https:\\\/\\\/www.bellunopress.it\\\/2012\\\/12\\\/16\\\/nuovi-filmati-sul-sito-web-del-parco-con-videoschede-su-rifugi-itinerari-e-progetti\\\/\"]}]},{\"@type\":\"ImageObject\",\"inLanguage\":\"fr-FR\",\"@id\":\"https:\\\/\\\/www.bellunopress.it\\\/2012\\\/12\\\/16\\\/nuovi-filmati-sul-sito-web-del-parco-con-videoschede-su-rifugi-itinerari-e-progetti\\\/#primaryimage\",\"url\":\"http:\\\/\\\/www.bellunopress.it\\\/wp-content\\\/uploads\\\/2011\\\/06\\\/parco-dolomiti-bellunesi.gif\",\"contentUrl\":\"http:\\\/\\\/www.bellunopress.it\\\/wp-content\\\/uploads\\\/2011\\\/06\\\/parco-dolomiti-bellunesi.gif\"},{\"@type\":\"BreadcrumbList\",\"@id\":\"https:\\\/\\\/www.bellunopress.it\\\/2012\\\/12\\\/16\\\/nuovi-filmati-sul-sito-web-del-parco-con-videoschede-su-rifugi-itinerari-e-progetti\\\/#breadcrumb\",\"itemListElement\":[{\"@type\":\"ListItem\",\"position\":1,\"name\":\"Home\",\"item\":\"https:\\\/\\\/www.bellunopress.it\\\/\"},{\"@type\":\"ListItem\",\"position\":2,\"name\":\"Nuovi filmati sul sito web del Parco con \u201cVideoschede\u201d su rifugi, itinerari e progetti\"}]},{\"@type\":\"WebSite\",\"@id\":\"https:\\\/\\\/www.bellunopress.it\\\/#website\",\"url\":\"https:\\\/\\\/www.bellunopress.it\\\/\",\"name\":\"Bellunopress - Dolomiti\",\"description\":\"e-mail: redazione@bellunopress.it\",\"publisher\":{\"@id\":\"https:\\\/\\\/www.bellunopress.it\\\/#organization\"},\"potentialAction\":[{\"@type\":\"SearchAction\",\"target\":{\"@type\":\"EntryPoint\",\"urlTemplate\":\"https:\\\/\\\/www.bellunopress.it\\\/?s={search_term_string}\"},\"query-input\":{\"@type\":\"PropertyValueSpecification\",\"valueRequired\":true,\"valueName\":\"search_term_string\"}}],\"inLanguage\":\"fr-FR\"},{\"@type\":\"Organization\",\"@id\":\"https:\\\/\\\/www.bellunopress.it\\\/#organization\",\"name\":\"Bellunopress\",\"url\":\"https:\\\/\\\/www.bellunopress.it\\\/\",\"logo\":{\"@type\":\"ImageObject\",\"inLanguage\":\"fr-FR\",\"@id\":\"https:\\\/\\\/www.bellunopress.it\\\/#\\\/schema\\\/logo\\\/image\\\/\",\"url\":\"https:\\\/\\\/www.bellunopress.it\\\/wp-content\\\/uploads\\\/2011\\\/05\\\/cropped-logo-bellunopress-.jpg\",\"contentUrl\":\"https:\\\/\\\/www.bellunopress.it\\\/wp-content\\\/uploads\\\/2011\\\/05\\\/cropped-logo-bellunopress-.jpg\",\"width\":512,\"height\":512,\"caption\":\"Bellunopress\"},\"image\":{\"@id\":\"https:\\\/\\\/www.bellunopress.it\\\/#\\\/schema\\\/logo\\\/image\\\/\"},\"sameAs\":[\"https:\\\/\\\/www.facebook.com\\\/profile.php?id=100008943462799\",\"https:\\\/\\\/x.com\\\/bellunopress\",\"https:\\\/\\\/www.linkedin.com\\\/hp\\\/?dnr=JBzUWaJfMUw8vbXJJ2tVW5-I3jZKvC4wsoxE&amp;amp;amp;amp;amp;amp;trk=nav_responsive_tab_home\",\"https:\\\/\\\/www.youtube.com\\\/channel\\\/UCxL0wu1uN0_3_7hGG0306cw\"]},{\"@type\":\"Person\",\"@id\":\"https:\\\/\\\/www.bellunopress.it\\\/#\\\/schema\\\/person\\\/79bb06722b37ece1c03d3e94beb30d73\",\"name\":\"redazione\",\"image\":{\"@type\":\"ImageObject\",\"inLanguage\":\"fr-FR\",\"@id\":\"https:\\\/\\\/secure.gravatar.com\\\/avatar\\\/37d968a2e67a6fd04c169c4bdef102d0bc5d31b2546345219e348575eb80e9a0?s=96&d=mm&r=g\",\"url\":\"https:\\\/\\\/secure.gravatar.com\\\/avatar\\\/37d968a2e67a6fd04c169c4bdef102d0bc5d31b2546345219e348575eb80e9a0?s=96&d=mm&r=g\",\"contentUrl\":\"https:\\\/\\\/secure.gravatar.com\\\/avatar\\\/37d968a2e67a6fd04c169c4bdef102d0bc5d31b2546345219e348575eb80e9a0?s=96&d=mm&r=g\",\"caption\":\"redazione\"},\"sameAs\":[\"http:\\\/\\\/www.bellunopress.it\",\"https:\\\/\\\/x.com\\\/bellunopress\"],\"url\":\"https:\\\/\\\/www.bellunopress.it\\\/fr\\\/author\\\/redazione\\\/\"}]}<\/script>\n<!-- \/ Yoast SEO plugin. -->","yoast_head_json":{"title":"Nuovi filmati sul sito web del Parco con \u201cVideoschede\u201d su rifugi, itinerari e progetti - Bellunopress - Dolomiti","robots":{"index":"index","follow":"follow","max-snippet":"max-snippet:-1","max-image-preview":"max-image-preview:large","max-video-preview":"max-video-preview:-1"},"canonical":"https:\/\/www.bellunopress.it\/fr\/2012\/12\/16\/nuovi-filmati-sul-sito-web-del-parco-con-videoschede-su-rifugi-itinerari-e-progetti\/","og_locale":"fr_FR","og_type":"article","og_title":"Nuovi filmati sul sito web del Parco con \u201cVideoschede\u201d su rifugi, itinerari e progetti - Bellunopress - Dolomiti","og_description":"Proseguono le azioni previste dal progetto \u201cComunicare il Parco\u201d, realizzato grazie al cofinanziamento del programma europeo Leader. Dopo la traduzione integrale del portale www.dolomitipark.it in francese e tedesco sono ora arrivati 15 nuovi filmati, che arricchiscono i contenuti del portale. I filmati, realizzati grazie alla collaborazione tecnica di Telebelluno, hanno una durata di circa tre [&hellip;]","og_url":"https:\/\/www.bellunopress.it\/fr\/2012\/12\/16\/nuovi-filmati-sul-sito-web-del-parco-con-videoschede-su-rifugi-itinerari-e-progetti\/","og_site_name":"Bellunopress - Dolomiti","article_publisher":"https:\/\/www.facebook.com\/profile.php?id=100008943462799","article_published_time":"2012-12-16T07:42:59+00:00","og_image":[{"url":"http:\/\/www.bellunopress.it\/wp-content\/uploads\/2011\/06\/parco-dolomiti-bellunesi.gif","type":"","width":"","height":""}],"author":"redazione","twitter_card":"summary_large_image","twitter_creator":"@bellunopress","twitter_site":"@bellunopress","twitter_misc":{"Written by":"redazione","Est. reading time":"2 minutes"},"schema":{"@context":"https:\/\/schema.org","@graph":[{"@type":"Article","@id":"https:\/\/www.bellunopress.it\/2012\/12\/16\/nuovi-filmati-sul-sito-web-del-parco-con-videoschede-su-rifugi-itinerari-e-progetti\/#article","isPartOf":{"@id":"https:\/\/www.bellunopress.it\/2012\/12\/16\/nuovi-filmati-sul-sito-web-del-parco-con-videoschede-su-rifugi-itinerari-e-progetti\/"},"author":{"name":"redazione","@id":"https:\/\/www.bellunopress.it\/#\/schema\/person\/79bb06722b37ece1c03d3e94beb30d73"},"headline":"Nuovi filmati sul sito web del Parco con \u201cVideoschede\u201d su rifugi, itinerari e progetti","datePublished":"2012-12-16T07:42:59+00:00","mainEntityOfPage":{"@id":"https:\/\/www.bellunopress.it\/2012\/12\/16\/nuovi-filmati-sul-sito-web-del-parco-con-videoschede-su-rifugi-itinerari-e-progetti\/"},"wordCount":336,"publisher":{"@id":"https:\/\/www.bellunopress.it\/#organization"},"image":{"@id":"https:\/\/www.bellunopress.it\/2012\/12\/16\/nuovi-filmati-sul-sito-web-del-parco-con-videoschede-su-rifugi-itinerari-e-progetti\/#primaryimage"},"thumbnailUrl":"http:\/\/www.bellunopress.it\/wp-content\/uploads\/2011\/06\/parco-dolomiti-bellunesi.gif","articleSection":["Meteo, natura, ambiente, animali","Prima Pagina"],"inLanguage":"fr-FR"},{"@type":"WebPage","@id":"https:\/\/www.bellunopress.it\/2012\/12\/16\/nuovi-filmati-sul-sito-web-del-parco-con-videoschede-su-rifugi-itinerari-e-progetti\/","url":"https:\/\/www.bellunopress.it\/2012\/12\/16\/nuovi-filmati-sul-sito-web-del-parco-con-videoschede-su-rifugi-itinerari-e-progetti\/","name":"Nuovi filmati sul sito web del Parco con \u201cVideoschede\u201d su rifugi, itinerari e progetti - Bellunopress - Dolomiti","isPartOf":{"@id":"https:\/\/www.bellunopress.it\/#website"},"primaryImageOfPage":{"@id":"https:\/\/www.bellunopress.it\/2012\/12\/16\/nuovi-filmati-sul-sito-web-del-parco-con-videoschede-su-rifugi-itinerari-e-progetti\/#primaryimage"},"image":{"@id":"https:\/\/www.bellunopress.it\/2012\/12\/16\/nuovi-filmati-sul-sito-web-del-parco-con-videoschede-su-rifugi-itinerari-e-progetti\/#primaryimage"},"thumbnailUrl":"http:\/\/www.bellunopress.it\/wp-content\/uploads\/2011\/06\/parco-dolomiti-bellunesi.gif","datePublished":"2012-12-16T07:42:59+00:00","breadcrumb":{"@id":"https:\/\/www.bellunopress.it\/2012\/12\/16\/nuovi-filmati-sul-sito-web-del-parco-con-videoschede-su-rifugi-itinerari-e-progetti\/#breadcrumb"},"inLanguage":"fr-FR","potentialAction":[{"@type":"ReadAction","target":["https:\/\/www.bellunopress.it\/2012\/12\/16\/nuovi-filmati-sul-sito-web-del-parco-con-videoschede-su-rifugi-itinerari-e-progetti\/"]}]},{"@type":"ImageObject","inLanguage":"fr-FR","@id":"https:\/\/www.bellunopress.it\/2012\/12\/16\/nuovi-filmati-sul-sito-web-del-parco-con-videoschede-su-rifugi-itinerari-e-progetti\/#primaryimage","url":"http:\/\/www.bellunopress.it\/wp-content\/uploads\/2011\/06\/parco-dolomiti-bellunesi.gif","contentUrl":"http:\/\/www.bellunopress.it\/wp-content\/uploads\/2011\/06\/parco-dolomiti-bellunesi.gif"},{"@type":"BreadcrumbList","@id":"https:\/\/www.bellunopress.it\/2012\/12\/16\/nuovi-filmati-sul-sito-web-del-parco-con-videoschede-su-rifugi-itinerari-e-progetti\/#breadcrumb","itemListElement":[{"@type":"ListItem","position":1,"name":"Home","item":"https:\/\/www.bellunopress.it\/"},{"@type":"ListItem","position":2,"name":"Nuovi filmati sul sito web del Parco con \u201cVideoschede\u201d su rifugi, itinerari e progetti"}]},{"@type":"WebSite","@id":"https:\/\/www.bellunopress.it\/#website","url":"https:\/\/www.bellunopress.it\/","name":"Bellunopress - Dolomiti","description":"e-mail: redazione@bellunopress.it","publisher":{"@id":"https:\/\/www.bellunopress.it\/#organization"},"potentialAction":[{"@type":"SearchAction","target":{"@type":"EntryPoint","urlTemplate":"https:\/\/www.bellunopress.it\/?s={search_term_string}"},"query-input":{"@type":"PropertyValueSpecification","valueRequired":true,"valueName":"search_term_string"}}],"inLanguage":"fr-FR"},{"@type":"Organization","@id":"https:\/\/www.bellunopress.it\/#organization","name":"Bellunopress","url":"https:\/\/www.bellunopress.it\/","logo":{"@type":"ImageObject","inLanguage":"fr-FR","@id":"https:\/\/www.bellunopress.it\/#\/schema\/logo\/image\/","url":"https:\/\/www.bellunopress.it\/wp-content\/uploads\/2011\/05\/cropped-logo-bellunopress-.jpg","contentUrl":"https:\/\/www.bellunopress.it\/wp-content\/uploads\/2011\/05\/cropped-logo-bellunopress-.jpg","width":512,"height":512,"caption":"Bellunopress"},"image":{"@id":"https:\/\/www.bellunopress.it\/#\/schema\/logo\/image\/"},"sameAs":["https:\/\/www.facebook.com\/profile.php?id=100008943462799","https:\/\/x.com\/bellunopress","https:\/\/www.linkedin.com\/hp\/?dnr=JBzUWaJfMUw8vbXJJ2tVW5-I3jZKvC4wsoxE&amp;amp;amp;amp;amp;amp;trk=nav_responsive_tab_home","https:\/\/www.youtube.com\/channel\/UCxL0wu1uN0_3_7hGG0306cw"]},{"@type":"Person","@id":"https:\/\/www.bellunopress.it\/#\/schema\/person\/79bb06722b37ece1c03d3e94beb30d73","name":"r\u00e9daction","image":{"@type":"ImageObject","inLanguage":"fr-FR","@id":"https:\/\/secure.gravatar.com\/avatar\/37d968a2e67a6fd04c169c4bdef102d0bc5d31b2546345219e348575eb80e9a0?s=96&d=mm&r=g","url":"https:\/\/secure.gravatar.com\/avatar\/37d968a2e67a6fd04c169c4bdef102d0bc5d31b2546345219e348575eb80e9a0?s=96&d=mm&r=g","contentUrl":"https:\/\/secure.gravatar.com\/avatar\/37d968a2e67a6fd04c169c4bdef102d0bc5d31b2546345219e348575eb80e9a0?s=96&d=mm&r=g","caption":"redazione"},"sameAs":["http:\/\/www.bellunopress.it","https:\/\/x.com\/bellunopress"],"url":"https:\/\/www.bellunopress.it\/fr\/author\/redazione\/"}]}},"_links":{"self":[{"href":"https:\/\/www.bellunopress.it\/fr\/wp-json\/wp\/v2\/posts\/44848","targetHints":{"allow":["GET"]}}],"collection":[{"href":"https:\/\/www.bellunopress.it\/fr\/wp-json\/wp\/v2\/posts"}],"about":[{"href":"https:\/\/www.bellunopress.it\/fr\/wp-json\/wp\/v2\/types\/post"}],"author":[{"embeddable":true,"href":"https:\/\/www.bellunopress.it\/fr\/wp-json\/wp\/v2\/users\/2"}],"replies":[{"embeddable":true,"href":"https:\/\/www.bellunopress.it\/fr\/wp-json\/wp\/v2\/comments?post=44848"}],"version-history":[{"count":1,"href":"https:\/\/www.bellunopress.it\/fr\/wp-json\/wp\/v2\/posts\/44848\/revisions"}],"predecessor-version":[{"id":44849,"href":"https:\/\/www.bellunopress.it\/fr\/wp-json\/wp\/v2\/posts\/44848\/revisions\/44849"}],"wp:attachment":[{"href":"https:\/\/www.bellunopress.it\/fr\/wp-json\/wp\/v2\/media?parent=44848"}],"wp:term":[{"taxonomy":"category","embeddable":true,"href":"https:\/\/www.bellunopress.it\/fr\/wp-json\/wp\/v2\/categories?post=44848"},{"taxonomy":"post_tag","embeddable":true,"href":"https:\/\/www.bellunopress.it\/fr\/wp-json\/wp\/v2\/tags?post=44848"}],"curies":[{"name":"wp","href":"https:\/\/api.w.org\/{rel}","templated":true}]}}