{"id":44839,"date":"2012-12-15T08:14:21","date_gmt":"2012-12-15T07:14:21","guid":{"rendered":"http:\/\/www.bellunopress.it\/?p=44839"},"modified":"2012-12-16T08:18:34","modified_gmt":"2012-12-16T07:18:34","slug":"domenica-visita-guidata-con-ingresso-gratuito-allarchivio-di-stato-di-belluno","status":"publish","type":"post","link":"https:\/\/www.bellunopress.it\/fr\/2012\/12\/15\/domenica-visita-guidata-con-ingresso-gratuito-allarchivio-di-stato-di-belluno\/","title":{"rendered":"Domenica visita guidata con ingresso gratuito all&#8217;Archivio di Stato di Belluno"},"content":{"rendered":"<figure id=\"attachment_28163\" aria-describedby=\"caption-attachment-28163\" style=\"width: 202px\" class=\"wp-caption alignleft\"><a href=\"http:\/\/www.bellunopress.it\/wp-content\/uploads\/2011\/06\/archivio-di-stato-belluno.jpg\"><img loading=\"lazy\" decoding=\"async\" class=\"size-full wp-image-28163\" alt=\"Archivio di Stato\" src=\"http:\/\/www.bellunopress.it\/wp-content\/uploads\/2011\/06\/archivio-di-stato-belluno.jpg\" width=\"202\" height=\"270\" \/><\/a><figcaption id=\"caption-attachment-28163\" class=\"wp-caption-text\">Archivio di Stato<\/figcaption><\/figure>\n<p>Domenica 16 dicembre dalle ore 8.30 alle ore 13.30 (ore 11 \u0096 visita guidata) ingresso gratuito alle testimonianze storico artistiche dell&#8217;Archivio di Stato di Belluno.<\/p>\n<p>Nell&#8217;\u0092ambito della manifestazione sar\u00e0 possibile illustrare una parte dei documenti conservati negli scaffali.\u00a0Gli approfondimenti, con ricerche guidate dal personale dell\u0092Istituto, riguarderanno i ruoli matricolari (sar\u00e0 possibile cercare quelli degli antenati), contenuti in una banca dati elettronica e le mappe e i documenti catastali (si potranno rinvenire immobili antichi di interesse dei visitatori). In apposite postazioni di lavoro sar\u00e0 possibile, altres\u00ec, accedere alla banca dati interna dei testamenti (secc. XVII-XVIII) contenuti negli atti degli antichi notai bellunesi.<\/p>\n<p>La visita sar\u00e0 poi un\u0092occasione per visitare in una giornata festiva il complesso monumentale di Santa Maria dei Battuti, uno dei luoghi pi\u00f9 suggestivi della Belluno medioevale, decorato con affreschi quattrocenteschi e con una serie di \u0091tavolette\u0092 dipinte sempre nel secolo XV dedicate ad animali mitologici, simboli, animali, figure umane. Alle ore 11 il dott. Matteo Vieceli, storico dell\u0092arte, illustrer\u00e0 queste preziose testimonianze. Verr\u00e0 distribuito ai visitatori materiale illustrativo e didattico sulla sede monumentale dell\u0092Istituto, sull\u0092attivit\u00e0 dell\u0092Archivio, sui servizi offerti e su tutto il patrimonio conservato.<\/p>\n<p>L\u0092&#8217;appuntamento \u00e8 per domenica 16 dicembre dalle ore 8.30 alle 13.30 al&#8217;l\u0092Archivio di Stato, Via Santa Maria dei Battuti, 3; alle ore 11 per la visita guidata alle testimonianze storico artistiche.<\/p>\n<p>L&#8217;\u0092ingresso \u00e8 gratuito<\/p>","protected":false},"excerpt":{"rendered":"<p>Domenica 16 dicembre dalle ore 8.30 alle ore 13.30 (ore 11 \u0096 visita guidata) ingresso gratuito alle testimonianze storico artistiche dell&#8217;Archivio di Stato di Belluno. Nell&#8217;\u0092ambito della manifestazione sar\u00e0 possibile illustrare una parte dei documenti conservati negli scaffali.\u00a0Gli approfondimenti, con ricerche guidate dal personale dell\u0092Istituto, riguarderanno i ruoli matricolari (sar\u00e0 possibile cercare quelli degli antenati), [&hellip;]<\/p>\n","protected":false},"author":2,"featured_media":0,"comment_status":"closed","ping_status":"open","sticky":false,"template":"","format":"standard","meta":{"footnotes":""},"categories":[3,26],"tags":[],"class_list":["post-44839","post","type-post","status-publish","format-standard","category-arte-cultura-spettacoli-scienza-archivi","category-prima-pagina"],"yoast_head":"<!-- This site is optimized with the Yoast SEO plugin v28.4 - https:\/\/yoast.com\/product\/yoast-seo-wordpress\/ -->\n<title>Domenica visita guidata con ingresso gratuito all&#039;Archivio di Stato di Belluno - Bellunopress - Dolomiti<\/title>\n<meta name=\"robots\" content=\"index, follow, max-snippet:-1, max-image-preview:large, max-video-preview:-1\" \/>\n<link rel=\"canonical\" href=\"https:\/\/www.bellunopress.it\/fr\/2012\/12\/15\/domenica-visita-guidata-con-ingresso-gratuito-allarchivio-di-stato-di-belluno\/\" \/>\n<meta property=\"og:locale\" content=\"fr_FR\" \/>\n<meta property=\"og:type\" content=\"article\" \/>\n<meta property=\"og:title\" content=\"Domenica visita guidata con ingresso gratuito all&#039;Archivio di Stato di Belluno - Bellunopress - Dolomiti\" \/>\n<meta property=\"og:description\" content=\"Domenica 16 dicembre dalle ore 8.30 alle ore 13.30 (ore 11 \u0096 visita guidata) ingresso gratuito alle testimonianze storico artistiche dell&#8217;Archivio di Stato di Belluno. Nell&#8217;\u0092ambito della manifestazione sar\u00e0 possibile illustrare una parte dei documenti conservati negli scaffali.\u00a0Gli approfondimenti, con ricerche guidate dal personale dell\u0092Istituto, riguarderanno i ruoli matricolari (sar\u00e0 possibile cercare quelli degli antenati), [&hellip;]\" \/>\n<meta property=\"og:url\" content=\"https:\/\/www.bellunopress.it\/fr\/2012\/12\/15\/domenica-visita-guidata-con-ingresso-gratuito-allarchivio-di-stato-di-belluno\/\" \/>\n<meta property=\"og:site_name\" content=\"Bellunopress - Dolomiti\" \/>\n<meta property=\"article:publisher\" content=\"https:\/\/www.facebook.com\/profile.php?id=100008943462799\" \/>\n<meta property=\"article:published_time\" content=\"2012-12-15T07:14:21+00:00\" \/>\n<meta property=\"article:modified_time\" content=\"2012-12-16T07:18:34+00:00\" \/>\n<meta property=\"og:image\" content=\"http:\/\/www.bellunopress.it\/wp-content\/uploads\/2011\/06\/archivio-di-stato-belluno.jpg\" \/>\n<meta name=\"author\" content=\"redazione\" \/>\n<meta name=\"twitter:card\" content=\"summary_large_image\" \/>\n<meta name=\"twitter:creator\" content=\"@bellunopress\" \/>\n<meta name=\"twitter:site\" content=\"@bellunopress\" \/>\n<meta name=\"twitter:label1\" content=\"\u00c9crit par\" \/>\n\t<meta name=\"twitter:data1\" content=\"redazione\" \/>\n\t<meta name=\"twitter:label2\" content=\"Dur\u00e9e de lecture estim\u00e9e\" \/>\n\t<meta name=\"twitter:data2\" content=\"1 minute\" \/>\n<script type=\"application\/ld+json\" class=\"yoast-schema-graph\">{\"@context\":\"https:\\\/\\\/schema.org\",\"@graph\":[{\"@type\":\"Article\",\"@id\":\"https:\\\/\\\/www.bellunopress.it\\\/2012\\\/12\\\/15\\\/domenica-visita-guidata-con-ingresso-gratuito-allarchivio-di-stato-di-belluno\\\/#article\",\"isPartOf\":{\"@id\":\"https:\\\/\\\/www.bellunopress.it\\\/2012\\\/12\\\/15\\\/domenica-visita-guidata-con-ingresso-gratuito-allarchivio-di-stato-di-belluno\\\/\"},\"author\":{\"name\":\"redazione\",\"@id\":\"https:\\\/\\\/www.bellunopress.it\\\/#\\\/schema\\\/person\\\/79bb06722b37ece1c03d3e94beb30d73\"},\"headline\":\"Domenica visita guidata con ingresso gratuito all&#8217;Archivio di Stato di Belluno\",\"datePublished\":\"2012-12-15T07:14:21+00:00\",\"dateModified\":\"2012-12-16T07:18:34+00:00\",\"mainEntityOfPage\":{\"@id\":\"https:\\\/\\\/www.bellunopress.it\\\/2012\\\/12\\\/15\\\/domenica-visita-guidata-con-ingresso-gratuito-allarchivio-di-stato-di-belluno\\\/\"},\"wordCount\":243,\"publisher\":{\"@id\":\"https:\\\/\\\/www.bellunopress.it\\\/#organization\"},\"image\":{\"@id\":\"https:\\\/\\\/www.bellunopress.it\\\/2012\\\/12\\\/15\\\/domenica-visita-guidata-con-ingresso-gratuito-allarchivio-di-stato-di-belluno\\\/#primaryimage\"},\"thumbnailUrl\":\"http:\\\/\\\/www.bellunopress.it\\\/wp-content\\\/uploads\\\/2011\\\/06\\\/archivio-di-stato-belluno.jpg\",\"articleSection\":[\"Arte, Cultura, Spettacoli, Scienza\",\"Prima Pagina\"],\"inLanguage\":\"fr-FR\"},{\"@type\":\"WebPage\",\"@id\":\"https:\\\/\\\/www.bellunopress.it\\\/2012\\\/12\\\/15\\\/domenica-visita-guidata-con-ingresso-gratuito-allarchivio-di-stato-di-belluno\\\/\",\"url\":\"https:\\\/\\\/www.bellunopress.it\\\/2012\\\/12\\\/15\\\/domenica-visita-guidata-con-ingresso-gratuito-allarchivio-di-stato-di-belluno\\\/\",\"name\":\"Domenica visita guidata con ingresso gratuito all'Archivio di Stato di Belluno - Bellunopress - Dolomiti\",\"isPartOf\":{\"@id\":\"https:\\\/\\\/www.bellunopress.it\\\/#website\"},\"primaryImageOfPage\":{\"@id\":\"https:\\\/\\\/www.bellunopress.it\\\/2012\\\/12\\\/15\\\/domenica-visita-guidata-con-ingresso-gratuito-allarchivio-di-stato-di-belluno\\\/#primaryimage\"},\"image\":{\"@id\":\"https:\\\/\\\/www.bellunopress.it\\\/2012\\\/12\\\/15\\\/domenica-visita-guidata-con-ingresso-gratuito-allarchivio-di-stato-di-belluno\\\/#primaryimage\"},\"thumbnailUrl\":\"http:\\\/\\\/www.bellunopress.it\\\/wp-content\\\/uploads\\\/2011\\\/06\\\/archivio-di-stato-belluno.jpg\",\"datePublished\":\"2012-12-15T07:14:21+00:00\",\"dateModified\":\"2012-12-16T07:18:34+00:00\",\"breadcrumb\":{\"@id\":\"https:\\\/\\\/www.bellunopress.it\\\/2012\\\/12\\\/15\\\/domenica-visita-guidata-con-ingresso-gratuito-allarchivio-di-stato-di-belluno\\\/#breadcrumb\"},\"inLanguage\":\"fr-FR\",\"potentialAction\":[{\"@type\":\"ReadAction\",\"target\":[\"https:\\\/\\\/www.bellunopress.it\\\/2012\\\/12\\\/15\\\/domenica-visita-guidata-con-ingresso-gratuito-allarchivio-di-stato-di-belluno\\\/\"]}]},{\"@type\":\"ImageObject\",\"inLanguage\":\"fr-FR\",\"@id\":\"https:\\\/\\\/www.bellunopress.it\\\/2012\\\/12\\\/15\\\/domenica-visita-guidata-con-ingresso-gratuito-allarchivio-di-stato-di-belluno\\\/#primaryimage\",\"url\":\"http:\\\/\\\/www.bellunopress.it\\\/wp-content\\\/uploads\\\/2011\\\/06\\\/archivio-di-stato-belluno.jpg\",\"contentUrl\":\"http:\\\/\\\/www.bellunopress.it\\\/wp-content\\\/uploads\\\/2011\\\/06\\\/archivio-di-stato-belluno.jpg\"},{\"@type\":\"BreadcrumbList\",\"@id\":\"https:\\\/\\\/www.bellunopress.it\\\/2012\\\/12\\\/15\\\/domenica-visita-guidata-con-ingresso-gratuito-allarchivio-di-stato-di-belluno\\\/#breadcrumb\",\"itemListElement\":[{\"@type\":\"ListItem\",\"position\":1,\"name\":\"Home\",\"item\":\"https:\\\/\\\/www.bellunopress.it\\\/\"},{\"@type\":\"ListItem\",\"position\":2,\"name\":\"Domenica visita guidata con ingresso gratuito all&#8217;Archivio di Stato di Belluno\"}]},{\"@type\":\"WebSite\",\"@id\":\"https:\\\/\\\/www.bellunopress.it\\\/#website\",\"url\":\"https:\\\/\\\/www.bellunopress.it\\\/\",\"name\":\"Bellunopress - Dolomiti\",\"description\":\"e-mail: redazione@bellunopress.it\",\"publisher\":{\"@id\":\"https:\\\/\\\/www.bellunopress.it\\\/#organization\"},\"potentialAction\":[{\"@type\":\"SearchAction\",\"target\":{\"@type\":\"EntryPoint\",\"urlTemplate\":\"https:\\\/\\\/www.bellunopress.it\\\/?s={search_term_string}\"},\"query-input\":{\"@type\":\"PropertyValueSpecification\",\"valueRequired\":true,\"valueName\":\"search_term_string\"}}],\"inLanguage\":\"fr-FR\"},{\"@type\":\"Organization\",\"@id\":\"https:\\\/\\\/www.bellunopress.it\\\/#organization\",\"name\":\"Bellunopress\",\"url\":\"https:\\\/\\\/www.bellunopress.it\\\/\",\"logo\":{\"@type\":\"ImageObject\",\"inLanguage\":\"fr-FR\",\"@id\":\"https:\\\/\\\/www.bellunopress.it\\\/#\\\/schema\\\/logo\\\/image\\\/\",\"url\":\"https:\\\/\\\/www.bellunopress.it\\\/wp-content\\\/uploads\\\/2011\\\/05\\\/cropped-logo-bellunopress-.jpg\",\"contentUrl\":\"https:\\\/\\\/www.bellunopress.it\\\/wp-content\\\/uploads\\\/2011\\\/05\\\/cropped-logo-bellunopress-.jpg\",\"width\":512,\"height\":512,\"caption\":\"Bellunopress\"},\"image\":{\"@id\":\"https:\\\/\\\/www.bellunopress.it\\\/#\\\/schema\\\/logo\\\/image\\\/\"},\"sameAs\":[\"https:\\\/\\\/www.facebook.com\\\/profile.php?id=100008943462799\",\"https:\\\/\\\/x.com\\\/bellunopress\",\"https:\\\/\\\/www.linkedin.com\\\/hp\\\/?dnr=JBzUWaJfMUw8vbXJJ2tVW5-I3jZKvC4wsoxE&amp;amp;amp;amp;amp;amp;trk=nav_responsive_tab_home\",\"https:\\\/\\\/www.youtube.com\\\/channel\\\/UCxL0wu1uN0_3_7hGG0306cw\"]},{\"@type\":\"Person\",\"@id\":\"https:\\\/\\\/www.bellunopress.it\\\/#\\\/schema\\\/person\\\/79bb06722b37ece1c03d3e94beb30d73\",\"name\":\"redazione\",\"image\":{\"@type\":\"ImageObject\",\"inLanguage\":\"fr-FR\",\"@id\":\"https:\\\/\\\/secure.gravatar.com\\\/avatar\\\/37d968a2e67a6fd04c169c4bdef102d0bc5d31b2546345219e348575eb80e9a0?s=96&d=mm&r=g\",\"url\":\"https:\\\/\\\/secure.gravatar.com\\\/avatar\\\/37d968a2e67a6fd04c169c4bdef102d0bc5d31b2546345219e348575eb80e9a0?s=96&d=mm&r=g\",\"contentUrl\":\"https:\\\/\\\/secure.gravatar.com\\\/avatar\\\/37d968a2e67a6fd04c169c4bdef102d0bc5d31b2546345219e348575eb80e9a0?s=96&d=mm&r=g\",\"caption\":\"redazione\"},\"sameAs\":[\"http:\\\/\\\/www.bellunopress.it\",\"https:\\\/\\\/x.com\\\/bellunopress\"],\"url\":\"https:\\\/\\\/www.bellunopress.it\\\/fr\\\/author\\\/redazione\\\/\"}]}<\/script>\n<!-- \/ Yoast SEO plugin. -->","yoast_head_json":{"title":"Domenica visita guidata con ingresso gratuito all'Archivio di Stato di Belluno - Bellunopress - Dolomiti","robots":{"index":"index","follow":"follow","max-snippet":"max-snippet:-1","max-image-preview":"max-image-preview:large","max-video-preview":"max-video-preview:-1"},"canonical":"https:\/\/www.bellunopress.it\/fr\/2012\/12\/15\/domenica-visita-guidata-con-ingresso-gratuito-allarchivio-di-stato-di-belluno\/","og_locale":"fr_FR","og_type":"article","og_title":"Domenica visita guidata con ingresso gratuito all'Archivio di Stato di Belluno - Bellunopress - Dolomiti","og_description":"Domenica 16 dicembre dalle ore 8.30 alle ore 13.30 (ore 11 \u0096 visita guidata) ingresso gratuito alle testimonianze storico artistiche dell&#8217;Archivio di Stato di Belluno. Nell&#8217;\u0092ambito della manifestazione sar\u00e0 possibile illustrare una parte dei documenti conservati negli scaffali.\u00a0Gli approfondimenti, con ricerche guidate dal personale dell\u0092Istituto, riguarderanno i ruoli matricolari (sar\u00e0 possibile cercare quelli degli antenati), [&hellip;]","og_url":"https:\/\/www.bellunopress.it\/fr\/2012\/12\/15\/domenica-visita-guidata-con-ingresso-gratuito-allarchivio-di-stato-di-belluno\/","og_site_name":"Bellunopress - Dolomiti","article_publisher":"https:\/\/www.facebook.com\/profile.php?id=100008943462799","article_published_time":"2012-12-15T07:14:21+00:00","article_modified_time":"2012-12-16T07:18:34+00:00","og_image":[{"url":"http:\/\/www.bellunopress.it\/wp-content\/uploads\/2011\/06\/archivio-di-stato-belluno.jpg","type":"","width":"","height":""}],"author":"redazione","twitter_card":"summary_large_image","twitter_creator":"@bellunopress","twitter_site":"@bellunopress","twitter_misc":{"\u00c9crit par":"redazione","Dur\u00e9e de lecture estim\u00e9e":"1 minute"},"schema":{"@context":"https:\/\/schema.org","@graph":[{"@type":"Article","@id":"https:\/\/www.bellunopress.it\/2012\/12\/15\/domenica-visita-guidata-con-ingresso-gratuito-allarchivio-di-stato-di-belluno\/#article","isPartOf":{"@id":"https:\/\/www.bellunopress.it\/2012\/12\/15\/domenica-visita-guidata-con-ingresso-gratuito-allarchivio-di-stato-di-belluno\/"},"author":{"name":"redazione","@id":"https:\/\/www.bellunopress.it\/#\/schema\/person\/79bb06722b37ece1c03d3e94beb30d73"},"headline":"Domenica visita guidata con ingresso gratuito all&#8217;Archivio di Stato di Belluno","datePublished":"2012-12-15T07:14:21+00:00","dateModified":"2012-12-16T07:18:34+00:00","mainEntityOfPage":{"@id":"https:\/\/www.bellunopress.it\/2012\/12\/15\/domenica-visita-guidata-con-ingresso-gratuito-allarchivio-di-stato-di-belluno\/"},"wordCount":243,"publisher":{"@id":"https:\/\/www.bellunopress.it\/#organization"},"image":{"@id":"https:\/\/www.bellunopress.it\/2012\/12\/15\/domenica-visita-guidata-con-ingresso-gratuito-allarchivio-di-stato-di-belluno\/#primaryimage"},"thumbnailUrl":"http:\/\/www.bellunopress.it\/wp-content\/uploads\/2011\/06\/archivio-di-stato-belluno.jpg","articleSection":["Arte, Cultura, Spettacoli, Scienza","Prima Pagina"],"inLanguage":"fr-FR"},{"@type":"WebPage","@id":"https:\/\/www.bellunopress.it\/2012\/12\/15\/domenica-visita-guidata-con-ingresso-gratuito-allarchivio-di-stato-di-belluno\/","url":"https:\/\/www.bellunopress.it\/2012\/12\/15\/domenica-visita-guidata-con-ingresso-gratuito-allarchivio-di-stato-di-belluno\/","name":"Domenica visita guidata con ingresso gratuito all'Archivio di Stato di Belluno - Bellunopress - Dolomiti","isPartOf":{"@id":"https:\/\/www.bellunopress.it\/#website"},"primaryImageOfPage":{"@id":"https:\/\/www.bellunopress.it\/2012\/12\/15\/domenica-visita-guidata-con-ingresso-gratuito-allarchivio-di-stato-di-belluno\/#primaryimage"},"image":{"@id":"https:\/\/www.bellunopress.it\/2012\/12\/15\/domenica-visita-guidata-con-ingresso-gratuito-allarchivio-di-stato-di-belluno\/#primaryimage"},"thumbnailUrl":"http:\/\/www.bellunopress.it\/wp-content\/uploads\/2011\/06\/archivio-di-stato-belluno.jpg","datePublished":"2012-12-15T07:14:21+00:00","dateModified":"2012-12-16T07:18:34+00:00","breadcrumb":{"@id":"https:\/\/www.bellunopress.it\/2012\/12\/15\/domenica-visita-guidata-con-ingresso-gratuito-allarchivio-di-stato-di-belluno\/#breadcrumb"},"inLanguage":"fr-FR","potentialAction":[{"@type":"ReadAction","target":["https:\/\/www.bellunopress.it\/2012\/12\/15\/domenica-visita-guidata-con-ingresso-gratuito-allarchivio-di-stato-di-belluno\/"]}]},{"@type":"ImageObject","inLanguage":"fr-FR","@id":"https:\/\/www.bellunopress.it\/2012\/12\/15\/domenica-visita-guidata-con-ingresso-gratuito-allarchivio-di-stato-di-belluno\/#primaryimage","url":"http:\/\/www.bellunopress.it\/wp-content\/uploads\/2011\/06\/archivio-di-stato-belluno.jpg","contentUrl":"http:\/\/www.bellunopress.it\/wp-content\/uploads\/2011\/06\/archivio-di-stato-belluno.jpg"},{"@type":"BreadcrumbList","@id":"https:\/\/www.bellunopress.it\/2012\/12\/15\/domenica-visita-guidata-con-ingresso-gratuito-allarchivio-di-stato-di-belluno\/#breadcrumb","itemListElement":[{"@type":"ListItem","position":1,"name":"Home","item":"https:\/\/www.bellunopress.it\/"},{"@type":"ListItem","position":2,"name":"Domenica visita guidata con ingresso gratuito all&#8217;Archivio di Stato di Belluno"}]},{"@type":"WebSite","@id":"https:\/\/www.bellunopress.it\/#website","url":"https:\/\/www.bellunopress.it\/","name":"Bellunopress - Dolomiti","description":"e-mail: redazione@bellunopress.it","publisher":{"@id":"https:\/\/www.bellunopress.it\/#organization"},"potentialAction":[{"@type":"SearchAction","target":{"@type":"EntryPoint","urlTemplate":"https:\/\/www.bellunopress.it\/?s={search_term_string}"},"query-input":{"@type":"PropertyValueSpecification","valueRequired":true,"valueName":"search_term_string"}}],"inLanguage":"fr-FR"},{"@type":"Organization","@id":"https:\/\/www.bellunopress.it\/#organization","name":"Bellunopress","url":"https:\/\/www.bellunopress.it\/","logo":{"@type":"ImageObject","inLanguage":"fr-FR","@id":"https:\/\/www.bellunopress.it\/#\/schema\/logo\/image\/","url":"https:\/\/www.bellunopress.it\/wp-content\/uploads\/2011\/05\/cropped-logo-bellunopress-.jpg","contentUrl":"https:\/\/www.bellunopress.it\/wp-content\/uploads\/2011\/05\/cropped-logo-bellunopress-.jpg","width":512,"height":512,"caption":"Bellunopress"},"image":{"@id":"https:\/\/www.bellunopress.it\/#\/schema\/logo\/image\/"},"sameAs":["https:\/\/www.facebook.com\/profile.php?id=100008943462799","https:\/\/x.com\/bellunopress","https:\/\/www.linkedin.com\/hp\/?dnr=JBzUWaJfMUw8vbXJJ2tVW5-I3jZKvC4wsoxE&amp;amp;amp;amp;amp;amp;trk=nav_responsive_tab_home","https:\/\/www.youtube.com\/channel\/UCxL0wu1uN0_3_7hGG0306cw"]},{"@type":"Person","@id":"https:\/\/www.bellunopress.it\/#\/schema\/person\/79bb06722b37ece1c03d3e94beb30d73","name":"r\u00e9daction","image":{"@type":"ImageObject","inLanguage":"fr-FR","@id":"https:\/\/secure.gravatar.com\/avatar\/37d968a2e67a6fd04c169c4bdef102d0bc5d31b2546345219e348575eb80e9a0?s=96&d=mm&r=g","url":"https:\/\/secure.gravatar.com\/avatar\/37d968a2e67a6fd04c169c4bdef102d0bc5d31b2546345219e348575eb80e9a0?s=96&d=mm&r=g","contentUrl":"https:\/\/secure.gravatar.com\/avatar\/37d968a2e67a6fd04c169c4bdef102d0bc5d31b2546345219e348575eb80e9a0?s=96&d=mm&r=g","caption":"redazione"},"sameAs":["http:\/\/www.bellunopress.it","https:\/\/x.com\/bellunopress"],"url":"https:\/\/www.bellunopress.it\/fr\/author\/redazione\/"}]}},"_links":{"self":[{"href":"https:\/\/www.bellunopress.it\/fr\/wp-json\/wp\/v2\/posts\/44839","targetHints":{"allow":["GET"]}}],"collection":[{"href":"https:\/\/www.bellunopress.it\/fr\/wp-json\/wp\/v2\/posts"}],"about":[{"href":"https:\/\/www.bellunopress.it\/fr\/wp-json\/wp\/v2\/types\/post"}],"author":[{"embeddable":true,"href":"https:\/\/www.bellunopress.it\/fr\/wp-json\/wp\/v2\/users\/2"}],"replies":[{"embeddable":true,"href":"https:\/\/www.bellunopress.it\/fr\/wp-json\/wp\/v2\/comments?post=44839"}],"version-history":[{"count":1,"href":"https:\/\/www.bellunopress.it\/fr\/wp-json\/wp\/v2\/posts\/44839\/revisions"}],"predecessor-version":[{"id":44840,"href":"https:\/\/www.bellunopress.it\/fr\/wp-json\/wp\/v2\/posts\/44839\/revisions\/44840"}],"wp:attachment":[{"href":"https:\/\/www.bellunopress.it\/fr\/wp-json\/wp\/v2\/media?parent=44839"}],"wp:term":[{"taxonomy":"category","embeddable":true,"href":"https:\/\/www.bellunopress.it\/fr\/wp-json\/wp\/v2\/categories?post=44839"},{"taxonomy":"post_tag","embeddable":true,"href":"https:\/\/www.bellunopress.it\/fr\/wp-json\/wp\/v2\/tags?post=44839"}],"curies":[{"name":"wp","href":"https:\/\/api.w.org\/{rel}","templated":true}]}}