{"id":44831,"date":"2012-12-15T23:49:40","date_gmt":"2012-12-15T22:49:40","guid":{"rendered":"http:\/\/www.bellunopress.it\/?p=44831"},"modified":"2012-12-15T23:49:40","modified_gmt":"2012-12-15T22:49:40","slug":"rinnovo-cariche-lega-nord-leonardo-colle-e-il-nuovo-segretario-della-sezione-di-belluno","status":"publish","type":"post","link":"https:\/\/www.bellunopress.it\/fr\/2012\/12\/15\/rinnovo-cariche-lega-nord-leonardo-colle-e-il-nuovo-segretario-della-sezione-di-belluno\/","title":{"rendered":"Rinnovo cariche Lega Nord: Leonardo Colle \u00e8 il nuovo segretario della Sezione di Belluno"},"content":{"rendered":"<figure id=\"attachment_680\" aria-describedby=\"caption-attachment-680\" style=\"width: 181px\" class=\"wp-caption alignleft\"><a href=\"http:\/\/www.bellunopress.it\/wp-content\/uploads\/2009\/02\/leonardo-colle-lega1.jpg\"><img loading=\"lazy\" decoding=\"async\" class=\"size-full wp-image-680\" alt=\"Leonardo Colle\" src=\"http:\/\/www.bellunopress.it\/wp-content\/uploads\/2009\/02\/leonardo-colle-lega1.jpg\" width=\"181\" height=\"256\" \/><\/a><figcaption id=\"caption-attachment-680\" class=\"wp-caption-text\">Leonardo Colle<\/figcaption><\/figure>\n<p>Leonardo Colle, ex vicesindaco di Belluno, \u00e8 il nuovo segretario della Sezione della Lega Nord di Belluno. Il congresso della Sezione si \u00e8 tenuto venerd\u00ec 14 dicembre.\u00a0I lavori sono stati aperti dal saluto del Segretario Provinciale Diego Vello, dall&#8217;intervento dell&#8217;onorevole Franco Gidoni e dalla relazione del Segretario cittadino uscente Jacopo Savasta.<\/p>\n<p>E&#8217; seguita la presentazione del programma dei candidati al direttivo cittadino ed un approfondito dibattito tra i militanti.<\/p>\n<p>E&#8217; stato quindi nominato Segretario della Sezione di Belluno Leonardo Colle, con elezione di Andrea Stella, Oreste Cugnach, Marco Brida e Jacopo Savasta a membri del Consiglio direttivo.<\/p>\n<p>Maria Filippin \u00e8 stata nominata responsabile organizzativa, compito di particolare importanza in questi mesi segnati da incoraggianti segni di ritorno del consenso a favore della Lega Nord.<\/p>\n<p>Il nuovo segretario Leonardo Colle ha ringraziato i suoi predecessori Jacopo Savasta e Jacopo Vendrame per il lavoro svolto negli anni precedenti, in situazione di grande difficolt\u00e0 politica: e con loro i militanti che con lui hanno partecipato al recente turno elettorale.<\/p>\n<p>A breve verr\u00e0 aperto un sito web per comunicare l&#8217;attivit\u00e0 politica della sezione, come gi\u00e0 fatto dal gruppo di Sedico.<\/p>\n<p>Con la prima riunione del direttivo verranno completate le nomine dei responsabili di settore e dei componenti dei gruppi di lavoro sui principali temi dell&#8217;amministrazione comunale di Belluno.<\/p>","protected":false},"excerpt":{"rendered":"<p>Leonardo Colle, ex vicesindaco di Belluno, \u00e8 il nuovo segretario della Sezione della Lega Nord di Belluno. Il congresso della Sezione si \u00e8 tenuto venerd\u00ec 14 dicembre.\u00a0I lavori sono stati aperti dal saluto del Segretario Provinciale Diego Vello, dall&#8217;intervento dell&#8217;onorevole Franco Gidoni e dalla relazione del Segretario cittadino uscente Jacopo Savasta. E&#8217; seguita la presentazione [&hellip;]<\/p>\n","protected":false},"author":2,"featured_media":0,"comment_status":"closed","ping_status":"open","sticky":false,"template":"","format":"standard","meta":{"footnotes":""},"categories":[5,26],"tags":[],"class_list":["post-44831","post","type-post","status-publish","format-standard","category-cronaca","category-prima-pagina"],"yoast_head":"<!-- This site is optimized with the Yoast SEO plugin v28.4 - https:\/\/yoast.com\/product\/yoast-seo-wordpress\/ -->\n<title>Rinnovo cariche Lega Nord: Leonardo Colle \u00e8 il nuovo segretario della Sezione di Belluno  - Bellunopress - Dolomiti<\/title>\n<meta name=\"robots\" content=\"index, follow, max-snippet:-1, max-image-preview:large, max-video-preview:-1\" \/>\n<link rel=\"canonical\" href=\"https:\/\/www.bellunopress.it\/fr\/2012\/12\/15\/rinnovo-cariche-lega-nord-leonardo-colle-e-il-nuovo-segretario-della-sezione-di-belluno\/\" \/>\n<meta property=\"og:locale\" content=\"fr_FR\" \/>\n<meta property=\"og:type\" content=\"article\" \/>\n<meta property=\"og:title\" content=\"Rinnovo cariche Lega Nord: Leonardo Colle \u00e8 il nuovo segretario della Sezione di Belluno  - Bellunopress - Dolomiti\" \/>\n<meta property=\"og:description\" content=\"Leonardo Colle, ex vicesindaco di Belluno, \u00e8 il nuovo segretario della Sezione della Lega Nord di Belluno. Il congresso della Sezione si \u00e8 tenuto venerd\u00ec 14 dicembre.\u00a0I lavori sono stati aperti dal saluto del Segretario Provinciale Diego Vello, dall&#8217;intervento dell&#8217;onorevole Franco Gidoni e dalla relazione del Segretario cittadino uscente Jacopo Savasta. E&#8217; seguita la presentazione [&hellip;]\" \/>\n<meta property=\"og:url\" content=\"https:\/\/www.bellunopress.it\/fr\/2012\/12\/15\/rinnovo-cariche-lega-nord-leonardo-colle-e-il-nuovo-segretario-della-sezione-di-belluno\/\" \/>\n<meta property=\"og:site_name\" content=\"Bellunopress - Dolomiti\" \/>\n<meta property=\"article:publisher\" content=\"https:\/\/www.facebook.com\/profile.php?id=100008943462799\" \/>\n<meta property=\"article:published_time\" content=\"2012-12-15T22:49:40+00:00\" \/>\n<meta property=\"og:image\" content=\"http:\/\/www.bellunopress.it\/wp-content\/uploads\/2009\/02\/leonardo-colle-lega1.jpg\" \/>\n<meta name=\"author\" content=\"redazione\" \/>\n<meta name=\"twitter:card\" content=\"summary_large_image\" \/>\n<meta name=\"twitter:creator\" content=\"@bellunopress\" \/>\n<meta name=\"twitter:site\" content=\"@bellunopress\" \/>\n<meta name=\"twitter:label1\" content=\"\u00c9crit par\" \/>\n\t<meta name=\"twitter:data1\" content=\"redazione\" \/>\n\t<meta name=\"twitter:label2\" content=\"Dur\u00e9e de lecture estim\u00e9e\" \/>\n\t<meta name=\"twitter:data2\" content=\"1 minute\" \/>\n<script type=\"application\/ld+json\" class=\"yoast-schema-graph\">{\"@context\":\"https:\\\/\\\/schema.org\",\"@graph\":[{\"@type\":\"Article\",\"@id\":\"https:\\\/\\\/www.bellunopress.it\\\/2012\\\/12\\\/15\\\/rinnovo-cariche-lega-nord-leonardo-colle-e-il-nuovo-segretario-della-sezione-di-belluno\\\/#article\",\"isPartOf\":{\"@id\":\"https:\\\/\\\/www.bellunopress.it\\\/2012\\\/12\\\/15\\\/rinnovo-cariche-lega-nord-leonardo-colle-e-il-nuovo-segretario-della-sezione-di-belluno\\\/\"},\"author\":{\"name\":\"redazione\",\"@id\":\"https:\\\/\\\/www.bellunopress.it\\\/#\\\/schema\\\/person\\\/79bb06722b37ece1c03d3e94beb30d73\"},\"headline\":\"Rinnovo cariche Lega Nord: Leonardo Colle \u00e8 il nuovo segretario della Sezione di Belluno\",\"datePublished\":\"2012-12-15T22:49:40+00:00\",\"mainEntityOfPage\":{\"@id\":\"https:\\\/\\\/www.bellunopress.it\\\/2012\\\/12\\\/15\\\/rinnovo-cariche-lega-nord-leonardo-colle-e-il-nuovo-segretario-della-sezione-di-belluno\\\/\"},\"wordCount\":237,\"publisher\":{\"@id\":\"https:\\\/\\\/www.bellunopress.it\\\/#organization\"},\"image\":{\"@id\":\"https:\\\/\\\/www.bellunopress.it\\\/2012\\\/12\\\/15\\\/rinnovo-cariche-lega-nord-leonardo-colle-e-il-nuovo-segretario-della-sezione-di-belluno\\\/#primaryimage\"},\"thumbnailUrl\":\"http:\\\/\\\/www.bellunopress.it\\\/wp-content\\\/uploads\\\/2009\\\/02\\\/leonardo-colle-lega1.jpg\",\"articleSection\":[\"Cronaca\\\/Politica\",\"Prima Pagina\"],\"inLanguage\":\"fr-FR\"},{\"@type\":\"WebPage\",\"@id\":\"https:\\\/\\\/www.bellunopress.it\\\/2012\\\/12\\\/15\\\/rinnovo-cariche-lega-nord-leonardo-colle-e-il-nuovo-segretario-della-sezione-di-belluno\\\/\",\"url\":\"https:\\\/\\\/www.bellunopress.it\\\/2012\\\/12\\\/15\\\/rinnovo-cariche-lega-nord-leonardo-colle-e-il-nuovo-segretario-della-sezione-di-belluno\\\/\",\"name\":\"Rinnovo cariche Lega Nord: Leonardo Colle \u00e8 il nuovo segretario della Sezione di Belluno - Bellunopress - Dolomiti\",\"isPartOf\":{\"@id\":\"https:\\\/\\\/www.bellunopress.it\\\/#website\"},\"primaryImageOfPage\":{\"@id\":\"https:\\\/\\\/www.bellunopress.it\\\/2012\\\/12\\\/15\\\/rinnovo-cariche-lega-nord-leonardo-colle-e-il-nuovo-segretario-della-sezione-di-belluno\\\/#primaryimage\"},\"image\":{\"@id\":\"https:\\\/\\\/www.bellunopress.it\\\/2012\\\/12\\\/15\\\/rinnovo-cariche-lega-nord-leonardo-colle-e-il-nuovo-segretario-della-sezione-di-belluno\\\/#primaryimage\"},\"thumbnailUrl\":\"http:\\\/\\\/www.bellunopress.it\\\/wp-content\\\/uploads\\\/2009\\\/02\\\/leonardo-colle-lega1.jpg\",\"datePublished\":\"2012-12-15T22:49:40+00:00\",\"breadcrumb\":{\"@id\":\"https:\\\/\\\/www.bellunopress.it\\\/2012\\\/12\\\/15\\\/rinnovo-cariche-lega-nord-leonardo-colle-e-il-nuovo-segretario-della-sezione-di-belluno\\\/#breadcrumb\"},\"inLanguage\":\"fr-FR\",\"potentialAction\":[{\"@type\":\"ReadAction\",\"target\":[\"https:\\\/\\\/www.bellunopress.it\\\/2012\\\/12\\\/15\\\/rinnovo-cariche-lega-nord-leonardo-colle-e-il-nuovo-segretario-della-sezione-di-belluno\\\/\"]}]},{\"@type\":\"ImageObject\",\"inLanguage\":\"fr-FR\",\"@id\":\"https:\\\/\\\/www.bellunopress.it\\\/2012\\\/12\\\/15\\\/rinnovo-cariche-lega-nord-leonardo-colle-e-il-nuovo-segretario-della-sezione-di-belluno\\\/#primaryimage\",\"url\":\"http:\\\/\\\/www.bellunopress.it\\\/wp-content\\\/uploads\\\/2009\\\/02\\\/leonardo-colle-lega1.jpg\",\"contentUrl\":\"http:\\\/\\\/www.bellunopress.it\\\/wp-content\\\/uploads\\\/2009\\\/02\\\/leonardo-colle-lega1.jpg\"},{\"@type\":\"BreadcrumbList\",\"@id\":\"https:\\\/\\\/www.bellunopress.it\\\/2012\\\/12\\\/15\\\/rinnovo-cariche-lega-nord-leonardo-colle-e-il-nuovo-segretario-della-sezione-di-belluno\\\/#breadcrumb\",\"itemListElement\":[{\"@type\":\"ListItem\",\"position\":1,\"name\":\"Home\",\"item\":\"https:\\\/\\\/www.bellunopress.it\\\/\"},{\"@type\":\"ListItem\",\"position\":2,\"name\":\"Rinnovo cariche Lega Nord: Leonardo Colle \u00e8 il nuovo segretario della Sezione di Belluno\"}]},{\"@type\":\"WebSite\",\"@id\":\"https:\\\/\\\/www.bellunopress.it\\\/#website\",\"url\":\"https:\\\/\\\/www.bellunopress.it\\\/\",\"name\":\"Bellunopress - Dolomiti\",\"description\":\"e-mail: redazione@bellunopress.it\",\"publisher\":{\"@id\":\"https:\\\/\\\/www.bellunopress.it\\\/#organization\"},\"potentialAction\":[{\"@type\":\"SearchAction\",\"target\":{\"@type\":\"EntryPoint\",\"urlTemplate\":\"https:\\\/\\\/www.bellunopress.it\\\/?s={search_term_string}\"},\"query-input\":{\"@type\":\"PropertyValueSpecification\",\"valueRequired\":true,\"valueName\":\"search_term_string\"}}],\"inLanguage\":\"fr-FR\"},{\"@type\":\"Organization\",\"@id\":\"https:\\\/\\\/www.bellunopress.it\\\/#organization\",\"name\":\"Bellunopress\",\"url\":\"https:\\\/\\\/www.bellunopress.it\\\/\",\"logo\":{\"@type\":\"ImageObject\",\"inLanguage\":\"fr-FR\",\"@id\":\"https:\\\/\\\/www.bellunopress.it\\\/#\\\/schema\\\/logo\\\/image\\\/\",\"url\":\"https:\\\/\\\/www.bellunopress.it\\\/wp-content\\\/uploads\\\/2011\\\/05\\\/cropped-logo-bellunopress-.jpg\",\"contentUrl\":\"https:\\\/\\\/www.bellunopress.it\\\/wp-content\\\/uploads\\\/2011\\\/05\\\/cropped-logo-bellunopress-.jpg\",\"width\":512,\"height\":512,\"caption\":\"Bellunopress\"},\"image\":{\"@id\":\"https:\\\/\\\/www.bellunopress.it\\\/#\\\/schema\\\/logo\\\/image\\\/\"},\"sameAs\":[\"https:\\\/\\\/www.facebook.com\\\/profile.php?id=100008943462799\",\"https:\\\/\\\/x.com\\\/bellunopress\",\"https:\\\/\\\/www.linkedin.com\\\/hp\\\/?dnr=JBzUWaJfMUw8vbXJJ2tVW5-I3jZKvC4wsoxE&amp;amp;amp;amp;amp;amp;trk=nav_responsive_tab_home\",\"https:\\\/\\\/www.youtube.com\\\/channel\\\/UCxL0wu1uN0_3_7hGG0306cw\"]},{\"@type\":\"Person\",\"@id\":\"https:\\\/\\\/www.bellunopress.it\\\/#\\\/schema\\\/person\\\/79bb06722b37ece1c03d3e94beb30d73\",\"name\":\"redazione\",\"image\":{\"@type\":\"ImageObject\",\"inLanguage\":\"fr-FR\",\"@id\":\"https:\\\/\\\/secure.gravatar.com\\\/avatar\\\/37d968a2e67a6fd04c169c4bdef102d0bc5d31b2546345219e348575eb80e9a0?s=96&d=mm&r=g\",\"url\":\"https:\\\/\\\/secure.gravatar.com\\\/avatar\\\/37d968a2e67a6fd04c169c4bdef102d0bc5d31b2546345219e348575eb80e9a0?s=96&d=mm&r=g\",\"contentUrl\":\"https:\\\/\\\/secure.gravatar.com\\\/avatar\\\/37d968a2e67a6fd04c169c4bdef102d0bc5d31b2546345219e348575eb80e9a0?s=96&d=mm&r=g\",\"caption\":\"redazione\"},\"sameAs\":[\"http:\\\/\\\/www.bellunopress.it\",\"https:\\\/\\\/x.com\\\/bellunopress\"],\"url\":\"https:\\\/\\\/www.bellunopress.it\\\/fr\\\/author\\\/redazione\\\/\"}]}<\/script>\n<!-- \/ Yoast SEO plugin. -->","yoast_head_json":{"title":"Rinnovo cariche Lega Nord: Leonardo Colle \u00e8 il nuovo segretario della Sezione di Belluno  - Bellunopress - Dolomiti","robots":{"index":"index","follow":"follow","max-snippet":"max-snippet:-1","max-image-preview":"max-image-preview:large","max-video-preview":"max-video-preview:-1"},"canonical":"https:\/\/www.bellunopress.it\/fr\/2012\/12\/15\/rinnovo-cariche-lega-nord-leonardo-colle-e-il-nuovo-segretario-della-sezione-di-belluno\/","og_locale":"fr_FR","og_type":"article","og_title":"Rinnovo cariche Lega Nord: Leonardo Colle \u00e8 il nuovo segretario della Sezione di Belluno  - Bellunopress - Dolomiti","og_description":"Leonardo Colle, ex vicesindaco di Belluno, \u00e8 il nuovo segretario della Sezione della Lega Nord di Belluno. Il congresso della Sezione si \u00e8 tenuto venerd\u00ec 14 dicembre.\u00a0I lavori sono stati aperti dal saluto del Segretario Provinciale Diego Vello, dall&#8217;intervento dell&#8217;onorevole Franco Gidoni e dalla relazione del Segretario cittadino uscente Jacopo Savasta. E&#8217; seguita la presentazione [&hellip;]","og_url":"https:\/\/www.bellunopress.it\/fr\/2012\/12\/15\/rinnovo-cariche-lega-nord-leonardo-colle-e-il-nuovo-segretario-della-sezione-di-belluno\/","og_site_name":"Bellunopress - Dolomiti","article_publisher":"https:\/\/www.facebook.com\/profile.php?id=100008943462799","article_published_time":"2012-12-15T22:49:40+00:00","og_image":[{"url":"http:\/\/www.bellunopress.it\/wp-content\/uploads\/2009\/02\/leonardo-colle-lega1.jpg","type":"","width":"","height":""}],"author":"redazione","twitter_card":"summary_large_image","twitter_creator":"@bellunopress","twitter_site":"@bellunopress","twitter_misc":{"\u00c9crit par":"redazione","Dur\u00e9e de lecture estim\u00e9e":"1 minute"},"schema":{"@context":"https:\/\/schema.org","@graph":[{"@type":"Article","@id":"https:\/\/www.bellunopress.it\/2012\/12\/15\/rinnovo-cariche-lega-nord-leonardo-colle-e-il-nuovo-segretario-della-sezione-di-belluno\/#article","isPartOf":{"@id":"https:\/\/www.bellunopress.it\/2012\/12\/15\/rinnovo-cariche-lega-nord-leonardo-colle-e-il-nuovo-segretario-della-sezione-di-belluno\/"},"author":{"name":"redazione","@id":"https:\/\/www.bellunopress.it\/#\/schema\/person\/79bb06722b37ece1c03d3e94beb30d73"},"headline":"Rinnovo cariche Lega Nord: Leonardo Colle \u00e8 il nuovo segretario della Sezione di Belluno","datePublished":"2012-12-15T22:49:40+00:00","mainEntityOfPage":{"@id":"https:\/\/www.bellunopress.it\/2012\/12\/15\/rinnovo-cariche-lega-nord-leonardo-colle-e-il-nuovo-segretario-della-sezione-di-belluno\/"},"wordCount":237,"publisher":{"@id":"https:\/\/www.bellunopress.it\/#organization"},"image":{"@id":"https:\/\/www.bellunopress.it\/2012\/12\/15\/rinnovo-cariche-lega-nord-leonardo-colle-e-il-nuovo-segretario-della-sezione-di-belluno\/#primaryimage"},"thumbnailUrl":"http:\/\/www.bellunopress.it\/wp-content\/uploads\/2009\/02\/leonardo-colle-lega1.jpg","articleSection":["Cronaca\/Politica","Prima Pagina"],"inLanguage":"fr-FR"},{"@type":"WebPage","@id":"https:\/\/www.bellunopress.it\/2012\/12\/15\/rinnovo-cariche-lega-nord-leonardo-colle-e-il-nuovo-segretario-della-sezione-di-belluno\/","url":"https:\/\/www.bellunopress.it\/2012\/12\/15\/rinnovo-cariche-lega-nord-leonardo-colle-e-il-nuovo-segretario-della-sezione-di-belluno\/","name":"Rinnovo cariche Lega Nord: Leonardo Colle \u00e8 il nuovo segretario della Sezione di Belluno - Bellunopress - Dolomiti","isPartOf":{"@id":"https:\/\/www.bellunopress.it\/#website"},"primaryImageOfPage":{"@id":"https:\/\/www.bellunopress.it\/2012\/12\/15\/rinnovo-cariche-lega-nord-leonardo-colle-e-il-nuovo-segretario-della-sezione-di-belluno\/#primaryimage"},"image":{"@id":"https:\/\/www.bellunopress.it\/2012\/12\/15\/rinnovo-cariche-lega-nord-leonardo-colle-e-il-nuovo-segretario-della-sezione-di-belluno\/#primaryimage"},"thumbnailUrl":"http:\/\/www.bellunopress.it\/wp-content\/uploads\/2009\/02\/leonardo-colle-lega1.jpg","datePublished":"2012-12-15T22:49:40+00:00","breadcrumb":{"@id":"https:\/\/www.bellunopress.it\/2012\/12\/15\/rinnovo-cariche-lega-nord-leonardo-colle-e-il-nuovo-segretario-della-sezione-di-belluno\/#breadcrumb"},"inLanguage":"fr-FR","potentialAction":[{"@type":"ReadAction","target":["https:\/\/www.bellunopress.it\/2012\/12\/15\/rinnovo-cariche-lega-nord-leonardo-colle-e-il-nuovo-segretario-della-sezione-di-belluno\/"]}]},{"@type":"ImageObject","inLanguage":"fr-FR","@id":"https:\/\/www.bellunopress.it\/2012\/12\/15\/rinnovo-cariche-lega-nord-leonardo-colle-e-il-nuovo-segretario-della-sezione-di-belluno\/#primaryimage","url":"http:\/\/www.bellunopress.it\/wp-content\/uploads\/2009\/02\/leonardo-colle-lega1.jpg","contentUrl":"http:\/\/www.bellunopress.it\/wp-content\/uploads\/2009\/02\/leonardo-colle-lega1.jpg"},{"@type":"BreadcrumbList","@id":"https:\/\/www.bellunopress.it\/2012\/12\/15\/rinnovo-cariche-lega-nord-leonardo-colle-e-il-nuovo-segretario-della-sezione-di-belluno\/#breadcrumb","itemListElement":[{"@type":"ListItem","position":1,"name":"Home","item":"https:\/\/www.bellunopress.it\/"},{"@type":"ListItem","position":2,"name":"Rinnovo cariche Lega Nord: Leonardo Colle \u00e8 il nuovo segretario della Sezione di Belluno"}]},{"@type":"WebSite","@id":"https:\/\/www.bellunopress.it\/#website","url":"https:\/\/www.bellunopress.it\/","name":"Bellunopress - Dolomiti","description":"e-mail: redazione@bellunopress.it","publisher":{"@id":"https:\/\/www.bellunopress.it\/#organization"},"potentialAction":[{"@type":"SearchAction","target":{"@type":"EntryPoint","urlTemplate":"https:\/\/www.bellunopress.it\/?s={search_term_string}"},"query-input":{"@type":"PropertyValueSpecification","valueRequired":true,"valueName":"search_term_string"}}],"inLanguage":"fr-FR"},{"@type":"Organization","@id":"https:\/\/www.bellunopress.it\/#organization","name":"Bellunopress","url":"https:\/\/www.bellunopress.it\/","logo":{"@type":"ImageObject","inLanguage":"fr-FR","@id":"https:\/\/www.bellunopress.it\/#\/schema\/logo\/image\/","url":"https:\/\/www.bellunopress.it\/wp-content\/uploads\/2011\/05\/cropped-logo-bellunopress-.jpg","contentUrl":"https:\/\/www.bellunopress.it\/wp-content\/uploads\/2011\/05\/cropped-logo-bellunopress-.jpg","width":512,"height":512,"caption":"Bellunopress"},"image":{"@id":"https:\/\/www.bellunopress.it\/#\/schema\/logo\/image\/"},"sameAs":["https:\/\/www.facebook.com\/profile.php?id=100008943462799","https:\/\/x.com\/bellunopress","https:\/\/www.linkedin.com\/hp\/?dnr=JBzUWaJfMUw8vbXJJ2tVW5-I3jZKvC4wsoxE&amp;amp;amp;amp;amp;amp;trk=nav_responsive_tab_home","https:\/\/www.youtube.com\/channel\/UCxL0wu1uN0_3_7hGG0306cw"]},{"@type":"Person","@id":"https:\/\/www.bellunopress.it\/#\/schema\/person\/79bb06722b37ece1c03d3e94beb30d73","name":"r\u00e9daction","image":{"@type":"ImageObject","inLanguage":"fr-FR","@id":"https:\/\/secure.gravatar.com\/avatar\/37d968a2e67a6fd04c169c4bdef102d0bc5d31b2546345219e348575eb80e9a0?s=96&d=mm&r=g","url":"https:\/\/secure.gravatar.com\/avatar\/37d968a2e67a6fd04c169c4bdef102d0bc5d31b2546345219e348575eb80e9a0?s=96&d=mm&r=g","contentUrl":"https:\/\/secure.gravatar.com\/avatar\/37d968a2e67a6fd04c169c4bdef102d0bc5d31b2546345219e348575eb80e9a0?s=96&d=mm&r=g","caption":"redazione"},"sameAs":["http:\/\/www.bellunopress.it","https:\/\/x.com\/bellunopress"],"url":"https:\/\/www.bellunopress.it\/fr\/author\/redazione\/"}]}},"_links":{"self":[{"href":"https:\/\/www.bellunopress.it\/fr\/wp-json\/wp\/v2\/posts\/44831","targetHints":{"allow":["GET"]}}],"collection":[{"href":"https:\/\/www.bellunopress.it\/fr\/wp-json\/wp\/v2\/posts"}],"about":[{"href":"https:\/\/www.bellunopress.it\/fr\/wp-json\/wp\/v2\/types\/post"}],"author":[{"embeddable":true,"href":"https:\/\/www.bellunopress.it\/fr\/wp-json\/wp\/v2\/users\/2"}],"replies":[{"embeddable":true,"href":"https:\/\/www.bellunopress.it\/fr\/wp-json\/wp\/v2\/comments?post=44831"}],"version-history":[{"count":2,"href":"https:\/\/www.bellunopress.it\/fr\/wp-json\/wp\/v2\/posts\/44831\/revisions"}],"predecessor-version":[{"id":44833,"href":"https:\/\/www.bellunopress.it\/fr\/wp-json\/wp\/v2\/posts\/44831\/revisions\/44833"}],"wp:attachment":[{"href":"https:\/\/www.bellunopress.it\/fr\/wp-json\/wp\/v2\/media?parent=44831"}],"wp:term":[{"taxonomy":"category","embeddable":true,"href":"https:\/\/www.bellunopress.it\/fr\/wp-json\/wp\/v2\/categories?post=44831"},{"taxonomy":"post_tag","embeddable":true,"href":"https:\/\/www.bellunopress.it\/fr\/wp-json\/wp\/v2\/tags?post=44831"}],"curies":[{"name":"wp","href":"https:\/\/api.w.org\/{rel}","templated":true}]}}