{"id":4482,"date":"2009-06-05T16:39:01","date_gmt":"2009-06-05T15:39:01","guid":{"rendered":"http:\/\/www.bellunopress.it\/?p=4482"},"modified":"2009-06-05T16:39:01","modified_gmt":"2009-06-05T15:39:01","slug":"pazola-pezzo-agli-internazionali-ditalia-mtb-di-chies-dalpago","status":"publish","type":"post","link":"https:\/\/www.bellunopress.it\/fr\/2009\/06\/05\/pazola-pezzo-agli-internazionali-ditalia-mtb-di-chies-dalpago\/","title":{"rendered":"Pazola Pezzo agli &#8220;Internazionali d&#8217;Italia&#8221; Mtb di Chies d&#8217;Alpago"},"content":{"rendered":"<p>L\u2019olimpionica veronese sar\u00e0 nella Conca domani. Tanti nomi illustri tra i partenti che domenica cercheranno di contrastare la leadership dello spagnolo Gutierrez. A seguire l\u2019evento anche le telecamere di Rai Sport Pi\u00f9. Si sta definendo in queste ore la lista di partenza dell\u2019 Mtb Alpago Trophy, terza tappa che gli \u201cInternazionali d\u2019Italia\u201d, prestigioso circuito che si compone di 4 gare internazionali Classe 1-2, propongono a Lamosano di Chies d\u2019Alpago. I concorrenti in lizza saranno oltre 400, in rappresentanza di ben 10 paesi (Austria, Colombia, Costarica, Francia; Germania, Messico, Russia, Slovenia, Svizzera ed ovviamente Italia). L\u2019uomo da battere sar\u00e0 lo spagnolo Ivan Alvarez Gutierrez, incontrastato leader del circuito dal momento che ha vinto le prime due prove. A contrastarlo ci saranno, tra gli altri, il colombiano Hector Leonardo Paez Leon, attuale secondo con 47 punti, ed il francese Stephane Tempier, terzo a 43 punti. Tra gli azzurri, occhi puntati su Marco Aurelio Fontana, Johnny Cattaneo e Tony Longo. Una sintesi dell\u2019Mtb Alpago Trophy sar\u00e0 trasmessa sul canale Rai Sport Pi\u00f9, in una sintesi di 30 minuti che andr\u00e0 in onda dalle ore 19.30 alle 20 di domenica. Il programma degli Internazionali d\u2019Italia prevede, domenica mattina, alle 9 la partenza della categoria Esordienti, seguita da quella degli Allievi (ore 10), degli Juniores e della Open femminile (ore 11). Il \u201cclou\u201d nel pomeriggio, alle 14.30, con la gara riservata alla categoria Open maschile (Elite e Under 23). Le premiazioni si svolgeranno alle 16.15, mentre la giornata sar\u00e0 chiusa dai giovanissimi, protagonisti, alle 16.30, del circuito \u201cSaranno Campioni\u201d.<br \/>\nDomani, 6 giugno, ci sar\u00e0 un \u201cprologo\u201d con le gare riservate alla categoria Amatori, gare che prenderanno il via alle 14.30 e che metteranno in palio le maglie di campione provinciale per il Comitato di Belluno della Federazione ciclistica italiana. Sempre domani, alle 19 nella sala frazionale di Lamosano, ci sar\u00e0 la presentazione della prova di Campionato Triveneto MTB XC e Veneto Cup di Cortina d&#8217;Ampezzo del 9 agosto e la presentazione della Candidatura Mondiali Alpago \u2013 Nevegal 2012. Interverr\u00e0, nella sua nuova veste di componente lo staff tecnico della nazionale azzurra di mountain bike, la veronese Paola Pezzo, campionessa olimpica ad Atlanta 1996 e a Sydney 2000.<\/p>","protected":false},"excerpt":{"rendered":"<p>L\u2019olimpionica veronese sar\u00e0 nella Conca domani. Tanti nomi illustri tra i partenti che domenica cercheranno di contrastare la leadership dello spagnolo Gutierrez. A seguire l\u2019evento anche le telecamere di Rai Sport Pi\u00f9. Si sta definendo in queste ore la lista di partenza dell\u2019 Mtb Alpago Trophy, terza tappa che gli \u201cInternazionali d\u2019Italia\u201d, prestigioso circuito che [&hellip;]<\/p>\n","protected":false},"author":2,"featured_media":0,"comment_status":"closed","ping_status":"open","sticky":false,"template":"","format":"standard","meta":{"footnotes":""},"categories":[25,4],"tags":[139],"class_list":["post-4482","post","type-post","status-publish","format-standard","category-pausa-caffe","category-sport","tag-belluno"],"yoast_head":"<!-- This site is optimized with the Yoast SEO plugin v28.4 - https:\/\/yoast.com\/product\/yoast-seo-wordpress\/ -->\n<title>Pazola Pezzo agli &quot;Internazionali d&#039;Italia&quot; Mtb di Chies d&#039;Alpago - Bellunopress - Dolomiti<\/title>\n<meta name=\"robots\" content=\"index, follow, max-snippet:-1, max-image-preview:large, max-video-preview:-1\" \/>\n<link rel=\"canonical\" href=\"https:\/\/www.bellunopress.it\/fr\/2009\/06\/05\/pazola-pezzo-agli-internazionali-ditalia-mtb-di-chies-dalpago\/\" \/>\n<meta property=\"og:locale\" content=\"fr_FR\" \/>\n<meta property=\"og:type\" content=\"article\" \/>\n<meta property=\"og:title\" content=\"Pazola Pezzo agli &quot;Internazionali d&#039;Italia&quot; Mtb di Chies d&#039;Alpago - Bellunopress - Dolomiti\" \/>\n<meta property=\"og:description\" content=\"L\u2019olimpionica veronese sar\u00e0 nella Conca domani. Tanti nomi illustri tra i partenti che domenica cercheranno di contrastare la leadership dello spagnolo Gutierrez. A seguire l\u2019evento anche le telecamere di Rai Sport Pi\u00f9. Si sta definendo in queste ore la lista di partenza dell\u2019 Mtb Alpago Trophy, terza tappa che gli \u201cInternazionali d\u2019Italia\u201d, prestigioso circuito che [&hellip;]\" \/>\n<meta property=\"og:url\" content=\"https:\/\/www.bellunopress.it\/fr\/2009\/06\/05\/pazola-pezzo-agli-internazionali-ditalia-mtb-di-chies-dalpago\/\" \/>\n<meta property=\"og:site_name\" content=\"Bellunopress - Dolomiti\" \/>\n<meta property=\"article:publisher\" content=\"https:\/\/www.facebook.com\/profile.php?id=100008943462799\" \/>\n<meta property=\"article:published_time\" content=\"2009-06-05T15:39:01+00:00\" \/>\n<meta property=\"og:image\" content=\"http:\/\/www.bellunopress.it\/wp-content\/uploads\/2012\/07\/logo-bellunopress-250x250-2012.jpg\" \/>\n<meta name=\"author\" content=\"redazione\" \/>\n<meta name=\"twitter:card\" content=\"summary_large_image\" \/>\n<meta name=\"twitter:creator\" content=\"@bellunopress\" \/>\n<meta name=\"twitter:site\" content=\"@bellunopress\" \/>\n<meta name=\"twitter:label1\" content=\"Written by\" \/>\n\t<meta name=\"twitter:data1\" content=\"redazione\" \/>\n\t<meta name=\"twitter:label2\" content=\"Est. reading time\" \/>\n\t<meta name=\"twitter:data2\" content=\"2 minutes\" \/>\n<script type=\"application\/ld+json\" class=\"yoast-schema-graph\">{\"@context\":\"https:\\\/\\\/schema.org\",\"@graph\":[{\"@type\":\"Article\",\"@id\":\"https:\\\/\\\/www.bellunopress.it\\\/2009\\\/06\\\/05\\\/pazola-pezzo-agli-internazionali-ditalia-mtb-di-chies-dalpago\\\/#article\",\"isPartOf\":{\"@id\":\"https:\\\/\\\/www.bellunopress.it\\\/2009\\\/06\\\/05\\\/pazola-pezzo-agli-internazionali-ditalia-mtb-di-chies-dalpago\\\/\"},\"author\":{\"name\":\"redazione\",\"@id\":\"https:\\\/\\\/www.bellunopress.it\\\/#\\\/schema\\\/person\\\/79bb06722b37ece1c03d3e94beb30d73\"},\"headline\":\"Pazola Pezzo agli &#8220;Internazionali d&#8217;Italia&#8221; Mtb di Chies d&#8217;Alpago\",\"datePublished\":\"2009-06-05T15:39:01+00:00\",\"mainEntityOfPage\":{\"@id\":\"https:\\\/\\\/www.bellunopress.it\\\/2009\\\/06\\\/05\\\/pazola-pezzo-agli-internazionali-ditalia-mtb-di-chies-dalpago\\\/\"},\"wordCount\":358,\"publisher\":{\"@id\":\"https:\\\/\\\/www.bellunopress.it\\\/#organization\"},\"keywords\":[\"Belluno\"],\"articleSection\":[\"Pausa Caff\u00e8\",\"Sport, tempo libero\"],\"inLanguage\":\"fr-FR\"},{\"@type\":\"WebPage\",\"@id\":\"https:\\\/\\\/www.bellunopress.it\\\/2009\\\/06\\\/05\\\/pazola-pezzo-agli-internazionali-ditalia-mtb-di-chies-dalpago\\\/\",\"url\":\"https:\\\/\\\/www.bellunopress.it\\\/2009\\\/06\\\/05\\\/pazola-pezzo-agli-internazionali-ditalia-mtb-di-chies-dalpago\\\/\",\"name\":\"Pazola Pezzo agli \\\"Internazionali d'Italia\\\" Mtb di Chies d'Alpago - Bellunopress - Dolomiti\",\"isPartOf\":{\"@id\":\"https:\\\/\\\/www.bellunopress.it\\\/#website\"},\"datePublished\":\"2009-06-05T15:39:01+00:00\",\"breadcrumb\":{\"@id\":\"https:\\\/\\\/www.bellunopress.it\\\/2009\\\/06\\\/05\\\/pazola-pezzo-agli-internazionali-ditalia-mtb-di-chies-dalpago\\\/#breadcrumb\"},\"inLanguage\":\"fr-FR\",\"potentialAction\":[{\"@type\":\"ReadAction\",\"target\":[\"https:\\\/\\\/www.bellunopress.it\\\/2009\\\/06\\\/05\\\/pazola-pezzo-agli-internazionali-ditalia-mtb-di-chies-dalpago\\\/\"]}]},{\"@type\":\"BreadcrumbList\",\"@id\":\"https:\\\/\\\/www.bellunopress.it\\\/2009\\\/06\\\/05\\\/pazola-pezzo-agli-internazionali-ditalia-mtb-di-chies-dalpago\\\/#breadcrumb\",\"itemListElement\":[{\"@type\":\"ListItem\",\"position\":1,\"name\":\"Home\",\"item\":\"https:\\\/\\\/www.bellunopress.it\\\/\"},{\"@type\":\"ListItem\",\"position\":2,\"name\":\"Pazola Pezzo agli &#8220;Internazionali d&#8217;Italia&#8221; Mtb di Chies d&#8217;Alpago\"}]},{\"@type\":\"WebSite\",\"@id\":\"https:\\\/\\\/www.bellunopress.it\\\/#website\",\"url\":\"https:\\\/\\\/www.bellunopress.it\\\/\",\"name\":\"Bellunopress - Dolomiti\",\"description\":\"e-mail: redazione@bellunopress.it\",\"publisher\":{\"@id\":\"https:\\\/\\\/www.bellunopress.it\\\/#organization\"},\"potentialAction\":[{\"@type\":\"SearchAction\",\"target\":{\"@type\":\"EntryPoint\",\"urlTemplate\":\"https:\\\/\\\/www.bellunopress.it\\\/?s={search_term_string}\"},\"query-input\":{\"@type\":\"PropertyValueSpecification\",\"valueRequired\":true,\"valueName\":\"search_term_string\"}}],\"inLanguage\":\"fr-FR\"},{\"@type\":\"Organization\",\"@id\":\"https:\\\/\\\/www.bellunopress.it\\\/#organization\",\"name\":\"Bellunopress\",\"url\":\"https:\\\/\\\/www.bellunopress.it\\\/\",\"logo\":{\"@type\":\"ImageObject\",\"inLanguage\":\"fr-FR\",\"@id\":\"https:\\\/\\\/www.bellunopress.it\\\/#\\\/schema\\\/logo\\\/image\\\/\",\"url\":\"https:\\\/\\\/www.bellunopress.it\\\/wp-content\\\/uploads\\\/2011\\\/05\\\/cropped-logo-bellunopress-.jpg\",\"contentUrl\":\"https:\\\/\\\/www.bellunopress.it\\\/wp-content\\\/uploads\\\/2011\\\/05\\\/cropped-logo-bellunopress-.jpg\",\"width\":512,\"height\":512,\"caption\":\"Bellunopress\"},\"image\":{\"@id\":\"https:\\\/\\\/www.bellunopress.it\\\/#\\\/schema\\\/logo\\\/image\\\/\"},\"sameAs\":[\"https:\\\/\\\/www.facebook.com\\\/profile.php?id=100008943462799\",\"https:\\\/\\\/x.com\\\/bellunopress\",\"https:\\\/\\\/www.linkedin.com\\\/hp\\\/?dnr=JBzUWaJfMUw8vbXJJ2tVW5-I3jZKvC4wsoxE&amp;amp;amp;amp;amp;amp;trk=nav_responsive_tab_home\",\"https:\\\/\\\/www.youtube.com\\\/channel\\\/UCxL0wu1uN0_3_7hGG0306cw\"]},{\"@type\":\"Person\",\"@id\":\"https:\\\/\\\/www.bellunopress.it\\\/#\\\/schema\\\/person\\\/79bb06722b37ece1c03d3e94beb30d73\",\"name\":\"redazione\",\"image\":{\"@type\":\"ImageObject\",\"inLanguage\":\"fr-FR\",\"@id\":\"https:\\\/\\\/secure.gravatar.com\\\/avatar\\\/37d968a2e67a6fd04c169c4bdef102d0bc5d31b2546345219e348575eb80e9a0?s=96&d=mm&r=g\",\"url\":\"https:\\\/\\\/secure.gravatar.com\\\/avatar\\\/37d968a2e67a6fd04c169c4bdef102d0bc5d31b2546345219e348575eb80e9a0?s=96&d=mm&r=g\",\"contentUrl\":\"https:\\\/\\\/secure.gravatar.com\\\/avatar\\\/37d968a2e67a6fd04c169c4bdef102d0bc5d31b2546345219e348575eb80e9a0?s=96&d=mm&r=g\",\"caption\":\"redazione\"},\"sameAs\":[\"http:\\\/\\\/www.bellunopress.it\",\"https:\\\/\\\/x.com\\\/bellunopress\"],\"url\":\"https:\\\/\\\/www.bellunopress.it\\\/fr\\\/author\\\/redazione\\\/\"}]}<\/script>\n<!-- \/ Yoast SEO plugin. -->","yoast_head_json":{"title":"Pazola Pezzo agli \"Internazionali d'Italia\" Mtb di Chies d'Alpago - Bellunopress - Dolomiti","robots":{"index":"index","follow":"follow","max-snippet":"max-snippet:-1","max-image-preview":"max-image-preview:large","max-video-preview":"max-video-preview:-1"},"canonical":"https:\/\/www.bellunopress.it\/fr\/2009\/06\/05\/pazola-pezzo-agli-internazionali-ditalia-mtb-di-chies-dalpago\/","og_locale":"fr_FR","og_type":"article","og_title":"Pazola Pezzo agli \"Internazionali d'Italia\" Mtb di Chies d'Alpago - Bellunopress - Dolomiti","og_description":"L\u2019olimpionica veronese sar\u00e0 nella Conca domani. Tanti nomi illustri tra i partenti che domenica cercheranno di contrastare la leadership dello spagnolo Gutierrez. A seguire l\u2019evento anche le telecamere di Rai Sport Pi\u00f9. Si sta definendo in queste ore la lista di partenza dell\u2019 Mtb Alpago Trophy, terza tappa che gli \u201cInternazionali d\u2019Italia\u201d, prestigioso circuito che [&hellip;]","og_url":"https:\/\/www.bellunopress.it\/fr\/2009\/06\/05\/pazola-pezzo-agli-internazionali-ditalia-mtb-di-chies-dalpago\/","og_site_name":"Bellunopress - Dolomiti","article_publisher":"https:\/\/www.facebook.com\/profile.php?id=100008943462799","article_published_time":"2009-06-05T15:39:01+00:00","og_image":[{"url":"http:\/\/www.bellunopress.it\/wp-content\/uploads\/2012\/07\/logo-bellunopress-250x250-2012.jpg","type":"","width":"","height":""}],"author":"redazione","twitter_card":"summary_large_image","twitter_creator":"@bellunopress","twitter_site":"@bellunopress","twitter_misc":{"Written by":"redazione","Est. reading time":"2 minutes"},"schema":{"@context":"https:\/\/schema.org","@graph":[{"@type":"Article","@id":"https:\/\/www.bellunopress.it\/2009\/06\/05\/pazola-pezzo-agli-internazionali-ditalia-mtb-di-chies-dalpago\/#article","isPartOf":{"@id":"https:\/\/www.bellunopress.it\/2009\/06\/05\/pazola-pezzo-agli-internazionali-ditalia-mtb-di-chies-dalpago\/"},"author":{"name":"redazione","@id":"https:\/\/www.bellunopress.it\/#\/schema\/person\/79bb06722b37ece1c03d3e94beb30d73"},"headline":"Pazola Pezzo agli &#8220;Internazionali d&#8217;Italia&#8221; Mtb di Chies d&#8217;Alpago","datePublished":"2009-06-05T15:39:01+00:00","mainEntityOfPage":{"@id":"https:\/\/www.bellunopress.it\/2009\/06\/05\/pazola-pezzo-agli-internazionali-ditalia-mtb-di-chies-dalpago\/"},"wordCount":358,"publisher":{"@id":"https:\/\/www.bellunopress.it\/#organization"},"keywords":["Belluno"],"articleSection":["Pausa Caff\u00e8","Sport, tempo libero"],"inLanguage":"fr-FR"},{"@type":"WebPage","@id":"https:\/\/www.bellunopress.it\/2009\/06\/05\/pazola-pezzo-agli-internazionali-ditalia-mtb-di-chies-dalpago\/","url":"https:\/\/www.bellunopress.it\/2009\/06\/05\/pazola-pezzo-agli-internazionali-ditalia-mtb-di-chies-dalpago\/","name":"Pazola Pezzo agli \"Internazionali d'Italia\" Mtb di Chies d'Alpago - Bellunopress - Dolomiti","isPartOf":{"@id":"https:\/\/www.bellunopress.it\/#website"},"datePublished":"2009-06-05T15:39:01+00:00","breadcrumb":{"@id":"https:\/\/www.bellunopress.it\/2009\/06\/05\/pazola-pezzo-agli-internazionali-ditalia-mtb-di-chies-dalpago\/#breadcrumb"},"inLanguage":"fr-FR","potentialAction":[{"@type":"ReadAction","target":["https:\/\/www.bellunopress.it\/2009\/06\/05\/pazola-pezzo-agli-internazionali-ditalia-mtb-di-chies-dalpago\/"]}]},{"@type":"BreadcrumbList","@id":"https:\/\/www.bellunopress.it\/2009\/06\/05\/pazola-pezzo-agli-internazionali-ditalia-mtb-di-chies-dalpago\/#breadcrumb","itemListElement":[{"@type":"ListItem","position":1,"name":"Home","item":"https:\/\/www.bellunopress.it\/"},{"@type":"ListItem","position":2,"name":"Pazola Pezzo agli &#8220;Internazionali d&#8217;Italia&#8221; Mtb di Chies d&#8217;Alpago"}]},{"@type":"WebSite","@id":"https:\/\/www.bellunopress.it\/#website","url":"https:\/\/www.bellunopress.it\/","name":"Bellunopress - Dolomiti","description":"e-mail: redazione@bellunopress.it","publisher":{"@id":"https:\/\/www.bellunopress.it\/#organization"},"potentialAction":[{"@type":"SearchAction","target":{"@type":"EntryPoint","urlTemplate":"https:\/\/www.bellunopress.it\/?s={search_term_string}"},"query-input":{"@type":"PropertyValueSpecification","valueRequired":true,"valueName":"search_term_string"}}],"inLanguage":"fr-FR"},{"@type":"Organization","@id":"https:\/\/www.bellunopress.it\/#organization","name":"Bellunopress","url":"https:\/\/www.bellunopress.it\/","logo":{"@type":"ImageObject","inLanguage":"fr-FR","@id":"https:\/\/www.bellunopress.it\/#\/schema\/logo\/image\/","url":"https:\/\/www.bellunopress.it\/wp-content\/uploads\/2011\/05\/cropped-logo-bellunopress-.jpg","contentUrl":"https:\/\/www.bellunopress.it\/wp-content\/uploads\/2011\/05\/cropped-logo-bellunopress-.jpg","width":512,"height":512,"caption":"Bellunopress"},"image":{"@id":"https:\/\/www.bellunopress.it\/#\/schema\/logo\/image\/"},"sameAs":["https:\/\/www.facebook.com\/profile.php?id=100008943462799","https:\/\/x.com\/bellunopress","https:\/\/www.linkedin.com\/hp\/?dnr=JBzUWaJfMUw8vbXJJ2tVW5-I3jZKvC4wsoxE&amp;amp;amp;amp;amp;amp;trk=nav_responsive_tab_home","https:\/\/www.youtube.com\/channel\/UCxL0wu1uN0_3_7hGG0306cw"]},{"@type":"Person","@id":"https:\/\/www.bellunopress.it\/#\/schema\/person\/79bb06722b37ece1c03d3e94beb30d73","name":"r\u00e9daction","image":{"@type":"ImageObject","inLanguage":"fr-FR","@id":"https:\/\/secure.gravatar.com\/avatar\/37d968a2e67a6fd04c169c4bdef102d0bc5d31b2546345219e348575eb80e9a0?s=96&d=mm&r=g","url":"https:\/\/secure.gravatar.com\/avatar\/37d968a2e67a6fd04c169c4bdef102d0bc5d31b2546345219e348575eb80e9a0?s=96&d=mm&r=g","contentUrl":"https:\/\/secure.gravatar.com\/avatar\/37d968a2e67a6fd04c169c4bdef102d0bc5d31b2546345219e348575eb80e9a0?s=96&d=mm&r=g","caption":"redazione"},"sameAs":["http:\/\/www.bellunopress.it","https:\/\/x.com\/bellunopress"],"url":"https:\/\/www.bellunopress.it\/fr\/author\/redazione\/"}]}},"_links":{"self":[{"href":"https:\/\/www.bellunopress.it\/fr\/wp-json\/wp\/v2\/posts\/4482","targetHints":{"allow":["GET"]}}],"collection":[{"href":"https:\/\/www.bellunopress.it\/fr\/wp-json\/wp\/v2\/posts"}],"about":[{"href":"https:\/\/www.bellunopress.it\/fr\/wp-json\/wp\/v2\/types\/post"}],"author":[{"embeddable":true,"href":"https:\/\/www.bellunopress.it\/fr\/wp-json\/wp\/v2\/users\/2"}],"replies":[{"embeddable":true,"href":"https:\/\/www.bellunopress.it\/fr\/wp-json\/wp\/v2\/comments?post=4482"}],"version-history":[{"count":1,"href":"https:\/\/www.bellunopress.it\/fr\/wp-json\/wp\/v2\/posts\/4482\/revisions"}],"predecessor-version":[{"id":4483,"href":"https:\/\/www.bellunopress.it\/fr\/wp-json\/wp\/v2\/posts\/4482\/revisions\/4483"}],"wp:attachment":[{"href":"https:\/\/www.bellunopress.it\/fr\/wp-json\/wp\/v2\/media?parent=4482"}],"wp:term":[{"taxonomy":"category","embeddable":true,"href":"https:\/\/www.bellunopress.it\/fr\/wp-json\/wp\/v2\/categories?post=4482"},{"taxonomy":"post_tag","embeddable":true,"href":"https:\/\/www.bellunopress.it\/fr\/wp-json\/wp\/v2\/tags?post=4482"}],"curies":[{"name":"wp","href":"https:\/\/api.w.org\/{rel}","templated":true}]}}