{"id":44802,"date":"2012-12-15T10:24:07","date_gmt":"2012-12-15T09:24:07","guid":{"rendered":"http:\/\/www.bellunopress.it\/?p=44802"},"modified":"2012-12-15T10:24:07","modified_gmt":"2012-12-15T09:24:07","slug":"alpe-del-nevegal-oltre-200-sciatori-allapertura-degli-impianti-di-venerdi-sera","status":"publish","type":"post","link":"https:\/\/www.bellunopress.it\/fr\/2012\/12\/15\/alpe-del-nevegal-oltre-200-sciatori-allapertura-degli-impianti-di-venerdi-sera\/","title":{"rendered":"Alpe del Nevegal: oltre 200 sciatori all&#8217;apertura degli impianti di venerd\u00ec sera"},"content":{"rendered":"<p style=\"text-align: left;\" align=\"center\"><a href=\"http:\/\/www.bellunopress.it\/wp-content\/uploads\/2012\/12\/nevegal-coca.jpg\"><img loading=\"lazy\" decoding=\"async\" class=\"alignleft size-full wp-image-44804\" alt=\"nevegal coca\" src=\"http:\/\/www.bellunopress.it\/wp-content\/uploads\/2012\/12\/nevegal-coca.jpg\" width=\"290\" height=\"264\" \/><\/a>Sono stati oltre 200 gli sciatori che questa sera, venerd\u00ec 14 dicembre, sono saliti in Nevegal per la \u201cprima\u201d della stagione invernale 2012-2013. Una \u201cprima\u201d speciale che Alpe del Nevegal srl, la nuova societ\u00e0 che gestisce gli impianti, ha voluto regalare agli appassionati della neve che hanno potuto sciare gratis dalle 20 alle 22, sulla Coca Bassa illuminata.<\/p>\n<p style=\"text-align: left;\" align=\"justify\"><span data-mce-mark=\"1\">\u00abE\u2019 un bellissimo inizio \u2013 ha commentato\u00a0<b>Maurizio Curti<\/b>, amministratore delegato di Alpe del Nevegal srl -. Sono arrivate tante persone e l\u2019entusiasmo \u00e8 stato notevole. Anche la nevicata di oggi ci ha dato una mano al momento giusto e speriamo continui a farlo nelle prossime settimane. Dopo aver aperto Coca Bassa, Raccordo e Campo scuola grazie alle neve artificiale, il prossimo obiettivo che \u00e8 quello di aprire tutto il comprensorio tra Natale e Capodanno\u00bb.<\/span><\/p>\n<p style=\"text-align: left;\" align=\"justify\"><span>All\u2019 \u201cesordio\u201d di Alpe del Nevegal sono intervenuti anche il direttore generale della societ\u00e0, Piero Casagrande, che ha voluto ringraziare tutti coloro, dagli enti agli operatori del Colle, che hanno reso possibile l\u2019apertura, agli amministratori dei Comuni di Belluno (l\u2019assessore Erasmo Santesso), di Ponte nelle Alpi (l\u2019assessore Enrico De Bona) e della Comunit\u00e0 Montana Bellunese (il presidente Orlando Dal Farra).<\/span><\/p>\n<p style=\"text-align: left;\" align=\"justify\"><span>Nelle giornate di\u00a0<b>domani e domenica<\/b>, funzioneranno, oltre alla Coca, anche il Raccordo e il Campo scuola. L\u2019apertura degli impianti \u00e8 prevista per le 8.30, mentre la chiusura \u00e8 fissata per le 16. Questi saranno gli orari di apertura e chiusura per il fine settimana e per i festivi, mentre per i giorni feriali l\u2019apertura \u00e8 prevista per le 9. Nelle due giornate, inoltre, Alpe del Nevegal offrir\u00e0 un\u2019altra importante promozione: all\u2019ufficio skipass del Piazzale, infatti, sar\u00e0 possibile acquistare lo\u00a0<b>skipass stagionale a prezzi agevolati<\/b>, vale a dire agli stessi prezzi del primo step della promozione 2012-2013, il cui dettaglio si pu\u00f2 vedere sul sito\u00a0<a href=\"http:\/\/www.alpedelnevegal.it\/\" target=\"_blank\"><span style=\"color: #0000ff;\">www.alpedelnevegal.it<\/span><\/a>. In pi\u00f9, sia domani che domenica gli sciatori che presenteranno lo skipass, giornaliero o mattiniero, potranno acquistare al prezzo agevolato di 5 euro un panino con bibita presso gli esercizi commerciali convenzionati.<\/span><\/p>\n<p style=\"text-align: left;\"><span>\u00a0<\/span><\/p>","protected":false},"excerpt":{"rendered":"<p>Sono stati oltre 200 gli sciatori che questa sera, venerd\u00ec 14 dicembre, sono saliti in Nevegal per la \u201cprima\u201d della stagione invernale 2012-2013. Una \u201cprima\u201d speciale che Alpe del Nevegal srl, la nuova societ\u00e0 che gestisce gli impianti, ha voluto regalare agli appassionati della neve che hanno potuto sciare gratis dalle 20 alle 22, sulla [&hellip;]<\/p>\n","protected":false},"author":2,"featured_media":0,"comment_status":"closed","ping_status":"open","sticky":false,"template":"","format":"standard","meta":{"footnotes":""},"categories":[5,26],"tags":[],"class_list":["post-44802","post","type-post","status-publish","format-standard","category-cronaca","category-prima-pagina"],"yoast_head":"<!-- This site is optimized with the Yoast SEO plugin v28.4 - https:\/\/yoast.com\/product\/yoast-seo-wordpress\/ -->\n<title>Alpe del Nevegal: oltre 200 sciatori all&#039;apertura degli impianti di venerd\u00ec sera - Bellunopress - Dolomiti<\/title>\n<meta name=\"robots\" content=\"index, follow, max-snippet:-1, max-image-preview:large, max-video-preview:-1\" \/>\n<link rel=\"canonical\" href=\"https:\/\/www.bellunopress.it\/fr\/2012\/12\/15\/alpe-del-nevegal-oltre-200-sciatori-allapertura-degli-impianti-di-venerdi-sera\/\" \/>\n<meta property=\"og:locale\" content=\"fr_FR\" \/>\n<meta property=\"og:type\" content=\"article\" \/>\n<meta property=\"og:title\" content=\"Alpe del Nevegal: oltre 200 sciatori all&#039;apertura degli impianti di venerd\u00ec sera - Bellunopress - Dolomiti\" \/>\n<meta property=\"og:description\" content=\"Sono stati oltre 200 gli sciatori che questa sera, venerd\u00ec 14 dicembre, sono saliti in Nevegal per la \u201cprima\u201d della stagione invernale 2012-2013. Una \u201cprima\u201d speciale che Alpe del Nevegal srl, la nuova societ\u00e0 che gestisce gli impianti, ha voluto regalare agli appassionati della neve che hanno potuto sciare gratis dalle 20 alle 22, sulla [&hellip;]\" \/>\n<meta property=\"og:url\" content=\"https:\/\/www.bellunopress.it\/fr\/2012\/12\/15\/alpe-del-nevegal-oltre-200-sciatori-allapertura-degli-impianti-di-venerdi-sera\/\" \/>\n<meta property=\"og:site_name\" content=\"Bellunopress - Dolomiti\" \/>\n<meta property=\"article:publisher\" content=\"https:\/\/www.facebook.com\/profile.php?id=100008943462799\" \/>\n<meta property=\"article:published_time\" content=\"2012-12-15T09:24:07+00:00\" \/>\n<meta property=\"og:image\" content=\"http:\/\/www.bellunopress.it\/wp-content\/uploads\/2012\/12\/nevegal-coca.jpg\" \/>\n<meta name=\"author\" content=\"redazione\" \/>\n<meta name=\"twitter:card\" content=\"summary_large_image\" \/>\n<meta name=\"twitter:creator\" content=\"@bellunopress\" \/>\n<meta name=\"twitter:site\" content=\"@bellunopress\" \/>\n<meta name=\"twitter:label1\" content=\"\u00c9crit par\" \/>\n\t<meta name=\"twitter:data1\" content=\"redazione\" \/>\n\t<meta name=\"twitter:label2\" content=\"Dur\u00e9e de lecture estim\u00e9e\" \/>\n\t<meta name=\"twitter:data2\" content=\"2 minutes\" \/>\n<script type=\"application\/ld+json\" class=\"yoast-schema-graph\">{\"@context\":\"https:\\\/\\\/schema.org\",\"@graph\":[{\"@type\":\"Article\",\"@id\":\"https:\\\/\\\/www.bellunopress.it\\\/2012\\\/12\\\/15\\\/alpe-del-nevegal-oltre-200-sciatori-allapertura-degli-impianti-di-venerdi-sera\\\/#article\",\"isPartOf\":{\"@id\":\"https:\\\/\\\/www.bellunopress.it\\\/2012\\\/12\\\/15\\\/alpe-del-nevegal-oltre-200-sciatori-allapertura-degli-impianti-di-venerdi-sera\\\/\"},\"author\":{\"name\":\"redazione\",\"@id\":\"https:\\\/\\\/www.bellunopress.it\\\/#\\\/schema\\\/person\\\/79bb06722b37ece1c03d3e94beb30d73\"},\"headline\":\"Alpe del Nevegal: oltre 200 sciatori all&#8217;apertura degli impianti di venerd\u00ec sera\",\"datePublished\":\"2012-12-15T09:24:07+00:00\",\"mainEntityOfPage\":{\"@id\":\"https:\\\/\\\/www.bellunopress.it\\\/2012\\\/12\\\/15\\\/alpe-del-nevegal-oltre-200-sciatori-allapertura-degli-impianti-di-venerdi-sera\\\/\"},\"wordCount\":339,\"publisher\":{\"@id\":\"https:\\\/\\\/www.bellunopress.it\\\/#organization\"},\"image\":{\"@id\":\"https:\\\/\\\/www.bellunopress.it\\\/2012\\\/12\\\/15\\\/alpe-del-nevegal-oltre-200-sciatori-allapertura-degli-impianti-di-venerdi-sera\\\/#primaryimage\"},\"thumbnailUrl\":\"http:\\\/\\\/www.bellunopress.it\\\/wp-content\\\/uploads\\\/2012\\\/12\\\/nevegal-coca.jpg\",\"articleSection\":[\"Cronaca\\\/Politica\",\"Prima Pagina\"],\"inLanguage\":\"fr-FR\"},{\"@type\":\"WebPage\",\"@id\":\"https:\\\/\\\/www.bellunopress.it\\\/2012\\\/12\\\/15\\\/alpe-del-nevegal-oltre-200-sciatori-allapertura-degli-impianti-di-venerdi-sera\\\/\",\"url\":\"https:\\\/\\\/www.bellunopress.it\\\/2012\\\/12\\\/15\\\/alpe-del-nevegal-oltre-200-sciatori-allapertura-degli-impianti-di-venerdi-sera\\\/\",\"name\":\"Alpe del Nevegal: oltre 200 sciatori all'apertura degli impianti di venerd\u00ec sera - Bellunopress - Dolomiti\",\"isPartOf\":{\"@id\":\"https:\\\/\\\/www.bellunopress.it\\\/#website\"},\"primaryImageOfPage\":{\"@id\":\"https:\\\/\\\/www.bellunopress.it\\\/2012\\\/12\\\/15\\\/alpe-del-nevegal-oltre-200-sciatori-allapertura-degli-impianti-di-venerdi-sera\\\/#primaryimage\"},\"image\":{\"@id\":\"https:\\\/\\\/www.bellunopress.it\\\/2012\\\/12\\\/15\\\/alpe-del-nevegal-oltre-200-sciatori-allapertura-degli-impianti-di-venerdi-sera\\\/#primaryimage\"},\"thumbnailUrl\":\"http:\\\/\\\/www.bellunopress.it\\\/wp-content\\\/uploads\\\/2012\\\/12\\\/nevegal-coca.jpg\",\"datePublished\":\"2012-12-15T09:24:07+00:00\",\"breadcrumb\":{\"@id\":\"https:\\\/\\\/www.bellunopress.it\\\/2012\\\/12\\\/15\\\/alpe-del-nevegal-oltre-200-sciatori-allapertura-degli-impianti-di-venerdi-sera\\\/#breadcrumb\"},\"inLanguage\":\"fr-FR\",\"potentialAction\":[{\"@type\":\"ReadAction\",\"target\":[\"https:\\\/\\\/www.bellunopress.it\\\/2012\\\/12\\\/15\\\/alpe-del-nevegal-oltre-200-sciatori-allapertura-degli-impianti-di-venerdi-sera\\\/\"]}]},{\"@type\":\"ImageObject\",\"inLanguage\":\"fr-FR\",\"@id\":\"https:\\\/\\\/www.bellunopress.it\\\/2012\\\/12\\\/15\\\/alpe-del-nevegal-oltre-200-sciatori-allapertura-degli-impianti-di-venerdi-sera\\\/#primaryimage\",\"url\":\"http:\\\/\\\/www.bellunopress.it\\\/wp-content\\\/uploads\\\/2012\\\/12\\\/nevegal-coca.jpg\",\"contentUrl\":\"http:\\\/\\\/www.bellunopress.it\\\/wp-content\\\/uploads\\\/2012\\\/12\\\/nevegal-coca.jpg\"},{\"@type\":\"BreadcrumbList\",\"@id\":\"https:\\\/\\\/www.bellunopress.it\\\/2012\\\/12\\\/15\\\/alpe-del-nevegal-oltre-200-sciatori-allapertura-degli-impianti-di-venerdi-sera\\\/#breadcrumb\",\"itemListElement\":[{\"@type\":\"ListItem\",\"position\":1,\"name\":\"Home\",\"item\":\"https:\\\/\\\/www.bellunopress.it\\\/\"},{\"@type\":\"ListItem\",\"position\":2,\"name\":\"Alpe del Nevegal: oltre 200 sciatori all&#8217;apertura degli impianti di venerd\u00ec sera\"}]},{\"@type\":\"WebSite\",\"@id\":\"https:\\\/\\\/www.bellunopress.it\\\/#website\",\"url\":\"https:\\\/\\\/www.bellunopress.it\\\/\",\"name\":\"Bellunopress - Dolomiti\",\"description\":\"e-mail: redazione@bellunopress.it\",\"publisher\":{\"@id\":\"https:\\\/\\\/www.bellunopress.it\\\/#organization\"},\"potentialAction\":[{\"@type\":\"SearchAction\",\"target\":{\"@type\":\"EntryPoint\",\"urlTemplate\":\"https:\\\/\\\/www.bellunopress.it\\\/?s={search_term_string}\"},\"query-input\":{\"@type\":\"PropertyValueSpecification\",\"valueRequired\":true,\"valueName\":\"search_term_string\"}}],\"inLanguage\":\"fr-FR\"},{\"@type\":\"Organization\",\"@id\":\"https:\\\/\\\/www.bellunopress.it\\\/#organization\",\"name\":\"Bellunopress\",\"url\":\"https:\\\/\\\/www.bellunopress.it\\\/\",\"logo\":{\"@type\":\"ImageObject\",\"inLanguage\":\"fr-FR\",\"@id\":\"https:\\\/\\\/www.bellunopress.it\\\/#\\\/schema\\\/logo\\\/image\\\/\",\"url\":\"https:\\\/\\\/www.bellunopress.it\\\/wp-content\\\/uploads\\\/2011\\\/05\\\/cropped-logo-bellunopress-.jpg\",\"contentUrl\":\"https:\\\/\\\/www.bellunopress.it\\\/wp-content\\\/uploads\\\/2011\\\/05\\\/cropped-logo-bellunopress-.jpg\",\"width\":512,\"height\":512,\"caption\":\"Bellunopress\"},\"image\":{\"@id\":\"https:\\\/\\\/www.bellunopress.it\\\/#\\\/schema\\\/logo\\\/image\\\/\"},\"sameAs\":[\"https:\\\/\\\/www.facebook.com\\\/profile.php?id=100008943462799\",\"https:\\\/\\\/x.com\\\/bellunopress\",\"https:\\\/\\\/www.linkedin.com\\\/hp\\\/?dnr=JBzUWaJfMUw8vbXJJ2tVW5-I3jZKvC4wsoxE&amp;amp;amp;amp;amp;amp;trk=nav_responsive_tab_home\",\"https:\\\/\\\/www.youtube.com\\\/channel\\\/UCxL0wu1uN0_3_7hGG0306cw\"]},{\"@type\":\"Person\",\"@id\":\"https:\\\/\\\/www.bellunopress.it\\\/#\\\/schema\\\/person\\\/79bb06722b37ece1c03d3e94beb30d73\",\"name\":\"redazione\",\"image\":{\"@type\":\"ImageObject\",\"inLanguage\":\"fr-FR\",\"@id\":\"https:\\\/\\\/secure.gravatar.com\\\/avatar\\\/37d968a2e67a6fd04c169c4bdef102d0bc5d31b2546345219e348575eb80e9a0?s=96&d=mm&r=g\",\"url\":\"https:\\\/\\\/secure.gravatar.com\\\/avatar\\\/37d968a2e67a6fd04c169c4bdef102d0bc5d31b2546345219e348575eb80e9a0?s=96&d=mm&r=g\",\"contentUrl\":\"https:\\\/\\\/secure.gravatar.com\\\/avatar\\\/37d968a2e67a6fd04c169c4bdef102d0bc5d31b2546345219e348575eb80e9a0?s=96&d=mm&r=g\",\"caption\":\"redazione\"},\"sameAs\":[\"http:\\\/\\\/www.bellunopress.it\",\"https:\\\/\\\/x.com\\\/bellunopress\"],\"url\":\"https:\\\/\\\/www.bellunopress.it\\\/fr\\\/author\\\/redazione\\\/\"}]}<\/script>\n<!-- \/ Yoast SEO plugin. -->","yoast_head_json":{"title":"Alpe del Nevegal: oltre 200 sciatori all'apertura degli impianti di venerd\u00ec sera - Bellunopress - Dolomiti","robots":{"index":"index","follow":"follow","max-snippet":"max-snippet:-1","max-image-preview":"max-image-preview:large","max-video-preview":"max-video-preview:-1"},"canonical":"https:\/\/www.bellunopress.it\/fr\/2012\/12\/15\/alpe-del-nevegal-oltre-200-sciatori-allapertura-degli-impianti-di-venerdi-sera\/","og_locale":"fr_FR","og_type":"article","og_title":"Alpe del Nevegal: oltre 200 sciatori all'apertura degli impianti di venerd\u00ec sera - Bellunopress - Dolomiti","og_description":"Sono stati oltre 200 gli sciatori che questa sera, venerd\u00ec 14 dicembre, sono saliti in Nevegal per la \u201cprima\u201d della stagione invernale 2012-2013. Una \u201cprima\u201d speciale che Alpe del Nevegal srl, la nuova societ\u00e0 che gestisce gli impianti, ha voluto regalare agli appassionati della neve che hanno potuto sciare gratis dalle 20 alle 22, sulla [&hellip;]","og_url":"https:\/\/www.bellunopress.it\/fr\/2012\/12\/15\/alpe-del-nevegal-oltre-200-sciatori-allapertura-degli-impianti-di-venerdi-sera\/","og_site_name":"Bellunopress - Dolomiti","article_publisher":"https:\/\/www.facebook.com\/profile.php?id=100008943462799","article_published_time":"2012-12-15T09:24:07+00:00","og_image":[{"url":"http:\/\/www.bellunopress.it\/wp-content\/uploads\/2012\/12\/nevegal-coca.jpg","type":"","width":"","height":""}],"author":"redazione","twitter_card":"summary_large_image","twitter_creator":"@bellunopress","twitter_site":"@bellunopress","twitter_misc":{"\u00c9crit par":"redazione","Dur\u00e9e de lecture estim\u00e9e":"2 minutes"},"schema":{"@context":"https:\/\/schema.org","@graph":[{"@type":"Article","@id":"https:\/\/www.bellunopress.it\/2012\/12\/15\/alpe-del-nevegal-oltre-200-sciatori-allapertura-degli-impianti-di-venerdi-sera\/#article","isPartOf":{"@id":"https:\/\/www.bellunopress.it\/2012\/12\/15\/alpe-del-nevegal-oltre-200-sciatori-allapertura-degli-impianti-di-venerdi-sera\/"},"author":{"name":"redazione","@id":"https:\/\/www.bellunopress.it\/#\/schema\/person\/79bb06722b37ece1c03d3e94beb30d73"},"headline":"Alpe del Nevegal: oltre 200 sciatori all&#8217;apertura degli impianti di venerd\u00ec sera","datePublished":"2012-12-15T09:24:07+00:00","mainEntityOfPage":{"@id":"https:\/\/www.bellunopress.it\/2012\/12\/15\/alpe-del-nevegal-oltre-200-sciatori-allapertura-degli-impianti-di-venerdi-sera\/"},"wordCount":339,"publisher":{"@id":"https:\/\/www.bellunopress.it\/#organization"},"image":{"@id":"https:\/\/www.bellunopress.it\/2012\/12\/15\/alpe-del-nevegal-oltre-200-sciatori-allapertura-degli-impianti-di-venerdi-sera\/#primaryimage"},"thumbnailUrl":"http:\/\/www.bellunopress.it\/wp-content\/uploads\/2012\/12\/nevegal-coca.jpg","articleSection":["Cronaca\/Politica","Prima Pagina"],"inLanguage":"fr-FR"},{"@type":"WebPage","@id":"https:\/\/www.bellunopress.it\/2012\/12\/15\/alpe-del-nevegal-oltre-200-sciatori-allapertura-degli-impianti-di-venerdi-sera\/","url":"https:\/\/www.bellunopress.it\/2012\/12\/15\/alpe-del-nevegal-oltre-200-sciatori-allapertura-degli-impianti-di-venerdi-sera\/","name":"Alpe del Nevegal: oltre 200 sciatori all'apertura degli impianti di venerd\u00ec sera - Bellunopress - Dolomiti","isPartOf":{"@id":"https:\/\/www.bellunopress.it\/#website"},"primaryImageOfPage":{"@id":"https:\/\/www.bellunopress.it\/2012\/12\/15\/alpe-del-nevegal-oltre-200-sciatori-allapertura-degli-impianti-di-venerdi-sera\/#primaryimage"},"image":{"@id":"https:\/\/www.bellunopress.it\/2012\/12\/15\/alpe-del-nevegal-oltre-200-sciatori-allapertura-degli-impianti-di-venerdi-sera\/#primaryimage"},"thumbnailUrl":"http:\/\/www.bellunopress.it\/wp-content\/uploads\/2012\/12\/nevegal-coca.jpg","datePublished":"2012-12-15T09:24:07+00:00","breadcrumb":{"@id":"https:\/\/www.bellunopress.it\/2012\/12\/15\/alpe-del-nevegal-oltre-200-sciatori-allapertura-degli-impianti-di-venerdi-sera\/#breadcrumb"},"inLanguage":"fr-FR","potentialAction":[{"@type":"ReadAction","target":["https:\/\/www.bellunopress.it\/2012\/12\/15\/alpe-del-nevegal-oltre-200-sciatori-allapertura-degli-impianti-di-venerdi-sera\/"]}]},{"@type":"ImageObject","inLanguage":"fr-FR","@id":"https:\/\/www.bellunopress.it\/2012\/12\/15\/alpe-del-nevegal-oltre-200-sciatori-allapertura-degli-impianti-di-venerdi-sera\/#primaryimage","url":"http:\/\/www.bellunopress.it\/wp-content\/uploads\/2012\/12\/nevegal-coca.jpg","contentUrl":"http:\/\/www.bellunopress.it\/wp-content\/uploads\/2012\/12\/nevegal-coca.jpg"},{"@type":"BreadcrumbList","@id":"https:\/\/www.bellunopress.it\/2012\/12\/15\/alpe-del-nevegal-oltre-200-sciatori-allapertura-degli-impianti-di-venerdi-sera\/#breadcrumb","itemListElement":[{"@type":"ListItem","position":1,"name":"Home","item":"https:\/\/www.bellunopress.it\/"},{"@type":"ListItem","position":2,"name":"Alpe del Nevegal: oltre 200 sciatori all&#8217;apertura degli impianti di venerd\u00ec sera"}]},{"@type":"WebSite","@id":"https:\/\/www.bellunopress.it\/#website","url":"https:\/\/www.bellunopress.it\/","name":"Bellunopress - Dolomiti","description":"e-mail: redazione@bellunopress.it","publisher":{"@id":"https:\/\/www.bellunopress.it\/#organization"},"potentialAction":[{"@type":"SearchAction","target":{"@type":"EntryPoint","urlTemplate":"https:\/\/www.bellunopress.it\/?s={search_term_string}"},"query-input":{"@type":"PropertyValueSpecification","valueRequired":true,"valueName":"search_term_string"}}],"inLanguage":"fr-FR"},{"@type":"Organization","@id":"https:\/\/www.bellunopress.it\/#organization","name":"Bellunopress","url":"https:\/\/www.bellunopress.it\/","logo":{"@type":"ImageObject","inLanguage":"fr-FR","@id":"https:\/\/www.bellunopress.it\/#\/schema\/logo\/image\/","url":"https:\/\/www.bellunopress.it\/wp-content\/uploads\/2011\/05\/cropped-logo-bellunopress-.jpg","contentUrl":"https:\/\/www.bellunopress.it\/wp-content\/uploads\/2011\/05\/cropped-logo-bellunopress-.jpg","width":512,"height":512,"caption":"Bellunopress"},"image":{"@id":"https:\/\/www.bellunopress.it\/#\/schema\/logo\/image\/"},"sameAs":["https:\/\/www.facebook.com\/profile.php?id=100008943462799","https:\/\/x.com\/bellunopress","https:\/\/www.linkedin.com\/hp\/?dnr=JBzUWaJfMUw8vbXJJ2tVW5-I3jZKvC4wsoxE&amp;amp;amp;amp;amp;amp;trk=nav_responsive_tab_home","https:\/\/www.youtube.com\/channel\/UCxL0wu1uN0_3_7hGG0306cw"]},{"@type":"Person","@id":"https:\/\/www.bellunopress.it\/#\/schema\/person\/79bb06722b37ece1c03d3e94beb30d73","name":"r\u00e9daction","image":{"@type":"ImageObject","inLanguage":"fr-FR","@id":"https:\/\/secure.gravatar.com\/avatar\/37d968a2e67a6fd04c169c4bdef102d0bc5d31b2546345219e348575eb80e9a0?s=96&d=mm&r=g","url":"https:\/\/secure.gravatar.com\/avatar\/37d968a2e67a6fd04c169c4bdef102d0bc5d31b2546345219e348575eb80e9a0?s=96&d=mm&r=g","contentUrl":"https:\/\/secure.gravatar.com\/avatar\/37d968a2e67a6fd04c169c4bdef102d0bc5d31b2546345219e348575eb80e9a0?s=96&d=mm&r=g","caption":"redazione"},"sameAs":["http:\/\/www.bellunopress.it","https:\/\/x.com\/bellunopress"],"url":"https:\/\/www.bellunopress.it\/fr\/author\/redazione\/"}]}},"_links":{"self":[{"href":"https:\/\/www.bellunopress.it\/fr\/wp-json\/wp\/v2\/posts\/44802","targetHints":{"allow":["GET"]}}],"collection":[{"href":"https:\/\/www.bellunopress.it\/fr\/wp-json\/wp\/v2\/posts"}],"about":[{"href":"https:\/\/www.bellunopress.it\/fr\/wp-json\/wp\/v2\/types\/post"}],"author":[{"embeddable":true,"href":"https:\/\/www.bellunopress.it\/fr\/wp-json\/wp\/v2\/users\/2"}],"replies":[{"embeddable":true,"href":"https:\/\/www.bellunopress.it\/fr\/wp-json\/wp\/v2\/comments?post=44802"}],"version-history":[{"count":1,"href":"https:\/\/www.bellunopress.it\/fr\/wp-json\/wp\/v2\/posts\/44802\/revisions"}],"predecessor-version":[{"id":44805,"href":"https:\/\/www.bellunopress.it\/fr\/wp-json\/wp\/v2\/posts\/44802\/revisions\/44805"}],"wp:attachment":[{"href":"https:\/\/www.bellunopress.it\/fr\/wp-json\/wp\/v2\/media?parent=44802"}],"wp:term":[{"taxonomy":"category","embeddable":true,"href":"https:\/\/www.bellunopress.it\/fr\/wp-json\/wp\/v2\/categories?post=44802"},{"taxonomy":"post_tag","embeddable":true,"href":"https:\/\/www.bellunopress.it\/fr\/wp-json\/wp\/v2\/tags?post=44802"}],"curies":[{"name":"wp","href":"https:\/\/api.w.org\/{rel}","templated":true}]}}