{"id":44799,"date":"2012-12-15T11:23:18","date_gmt":"2012-12-15T10:23:18","guid":{"rendered":"http:\/\/www.bellunopress.it\/?p=44799"},"modified":"2012-12-15T11:23:20","modified_gmt":"2012-12-15T10:23:20","slug":"demolizione-per-gli-autobus-con-piu-di-15-anni-il-no-della-categoria-genuin-perche-dismettere-veicoli-perfettamente-funzionanti","status":"publish","type":"post","link":"https:\/\/www.bellunopress.it\/fr\/2012\/12\/15\/demolizione-per-gli-autobus-con-piu-di-15-anni-il-no-della-categoria-genuin-perche-dismettere-veicoli-perfettamente-funzionanti\/","title":{"rendered":"Demolizione per gli autobus con pi\u00f9 di 15 anni. Il no della categoria. Genuin: &#8220;perch\u00e9 dismettere veicoli perfettamente funzionanti?&#8221;"},"content":{"rendered":"<p><a href=\"http:\/\/www.bellunopress.it\/wp-content\/uploads\/2009\/07\/unione-artigiani-e-piccola-industria-belluno.jpg\"><img loading=\"lazy\" decoding=\"async\" class=\"alignleft size-full wp-image-6417\" alt=\"uapi unione-artigiani-e-piccola-industria-belluno\" src=\"http:\/\/www.bellunopress.it\/wp-content\/uploads\/2009\/07\/unione-artigiani-e-piccola-industria-belluno.jpg\" width=\"120\" height=\"120\" \/><\/a>Entro fine mese i bus adibiti a noleggi e servizi atipici (esclusi quindi quelli di linea) immatricolati da oltre 15 anni devono essere rottamati. Lo impone una legge della Regione Veneto, che aveva fissato l\u2019obbligo ancora per il 2011, ma che un intervento legislativo dell\u2019ultimo momento lo ha prorogato al prossimo 31 dicembre.<\/p>\n<p>In questi mesi le associazioni di categoria (Confartigianato BUS operator, ANAV e Confservizi) si sono prodigate a proporre soluzioni di compromesso tra l\u2019adozione del provvedimento regionale e la sua cancellazione. Ma a tutt\u2019oggi non si \u00e8 ancora visto nulla.<\/p>\n<p>\u201cLa preoccupazione tra le imprese del comparto interessate a questa norma &#8211; spiega Agostino Genuin, referente del settore per le aziende aderenti all\u2019UAPI di Belluno &#8211; \u00e8 decisamente elevata, perch\u00e9 i mesi concessi per la proroga sono passati inutilmente, malgrado la nostra disponibilit\u00e0 ad arrivare a una soluzione, purch\u00e9 non sia quella drastica di portare i mezzi allo sfasciacarrozze\u201d.<\/p>\n<p>In provincia di Belluno la questione viene a interessare un settore importante, che \u00e8 gi\u00e0 impegnato a sostenere la crisi del momento. Si parla, infatti, di un comparto nel quale gravitano una ventina di aziende, per lo pi\u00f9 piccole imprese, che gestiscono un parco mezzi di circa 90 autobus e a cui fanno riferimento un centinaio di autisti (dati del Registro regionale delle imprese autorizzate all\u2019attivit\u00e0 di noleggio autobus). Per di pi\u00f9 l\u2019applicazione della norma nella nostra provincia ha un peso ulteriore sulle aziende, visto che le province confinanti di Trento e Bolzano nulla prevedono al riguardo.<\/p>\n<p>Agostino Genuin \u00e8 chiaro nel presentare la situazione dei fatti. \u201cSiamo di fronte a una situazione insostenibile, dopo che da oltre un anno e mezzo stiamo cercando la soluzione a una norma che ci impone di dismettere autobus perfettamente funzionanti. Che senso ha tutto questo?\u201d.<\/p>\n<p>\u201cE chi li trova i soldi per sostituire i mezzi &#8211; si chiede Genuin &#8211; visto che un pullman nuovo capace di trasportare una sessantina di passeggeri costa intorno ai 300 mila euro? \u201c. \u201cLe nostre aziende &#8211; conclude Agostino Genuin &#8211; entro fine mese si trovano davanti a un bivio o investire parecchi soldi, per rinnovare il proprio parco macchine o riducono la propria attivit\u00e0, fermando i mezzi immatricolati prima del 1997 e lasciando a casa, per\u00f2, i propri dipendenti\u201d.<\/p>\n<p style=\"text-align: left\">","protected":false},"excerpt":{"rendered":"<p>Entro fine mese i bus adibiti a noleggi e servizi atipici (esclusi quindi quelli di linea) immatricolati da oltre 15 anni devono essere rottamati. Lo impone una legge della Regione Veneto, che aveva fissato l\u2019obbligo ancora per il 2011, ma che un intervento legislativo dell\u2019ultimo momento lo ha prorogato al prossimo 31 dicembre. In questi [&hellip;]<\/p>\n","protected":false},"author":2,"featured_media":0,"comment_status":"closed","ping_status":"open","sticky":false,"template":"","format":"standard","meta":{"footnotes":""},"categories":[36,26],"tags":[],"class_list":["post-44799","post","type-post","status-publish","format-standard","category-lavoro-economia","category-prima-pagina"],"yoast_head":"<!-- This site is optimized with the Yoast SEO plugin v28.4 - https:\/\/yoast.com\/product\/yoast-seo-wordpress\/ -->\n<title>Demolizione per gli autobus con pi\u00f9 di 15 anni. Il no della categoria. Genuin: &quot;perch\u00e9 dismettere veicoli perfettamente funzionanti?&quot;  - Bellunopress - Dolomiti<\/title>\n<meta name=\"robots\" content=\"index, follow, max-snippet:-1, max-image-preview:large, max-video-preview:-1\" \/>\n<link rel=\"canonical\" href=\"https:\/\/www.bellunopress.it\/fr\/2012\/12\/15\/demolizione-per-gli-autobus-con-piu-di-15-anni-il-no-della-categoria-genuin-perche-dismettere-veicoli-perfettamente-funzionanti\/\" \/>\n<meta property=\"og:locale\" content=\"fr_FR\" \/>\n<meta property=\"og:type\" content=\"article\" \/>\n<meta property=\"og:title\" content=\"Demolizione per gli autobus con pi\u00f9 di 15 anni. Il no della categoria. Genuin: &quot;perch\u00e9 dismettere veicoli perfettamente funzionanti?&quot;  - Bellunopress - Dolomiti\" \/>\n<meta property=\"og:description\" content=\"Entro fine mese i bus adibiti a noleggi e servizi atipici (esclusi quindi quelli di linea) immatricolati da oltre 15 anni devono essere rottamati. Lo impone una legge della Regione Veneto, che aveva fissato l\u2019obbligo ancora per il 2011, ma che un intervento legislativo dell\u2019ultimo momento lo ha prorogato al prossimo 31 dicembre. In questi [&hellip;]\" \/>\n<meta property=\"og:url\" content=\"https:\/\/www.bellunopress.it\/fr\/2012\/12\/15\/demolizione-per-gli-autobus-con-piu-di-15-anni-il-no-della-categoria-genuin-perche-dismettere-veicoli-perfettamente-funzionanti\/\" \/>\n<meta property=\"og:site_name\" content=\"Bellunopress - Dolomiti\" \/>\n<meta property=\"article:publisher\" content=\"https:\/\/www.facebook.com\/profile.php?id=100008943462799\" \/>\n<meta property=\"article:published_time\" content=\"2012-12-15T10:23:18+00:00\" \/>\n<meta property=\"article:modified_time\" content=\"2012-12-15T10:23:20+00:00\" \/>\n<meta property=\"og:image\" content=\"http:\/\/www.bellunopress.it\/wp-content\/uploads\/2009\/07\/unione-artigiani-e-piccola-industria-belluno.jpg\" \/>\n<meta name=\"author\" content=\"redazione\" \/>\n<meta name=\"twitter:card\" content=\"summary_large_image\" \/>\n<meta name=\"twitter:creator\" content=\"@bellunopress\" \/>\n<meta name=\"twitter:site\" content=\"@bellunopress\" \/>\n<meta name=\"twitter:label1\" content=\"\u00c9crit par\" \/>\n\t<meta name=\"twitter:data1\" content=\"redazione\" \/>\n\t<meta name=\"twitter:label2\" content=\"Dur\u00e9e de lecture estim\u00e9e\" \/>\n\t<meta name=\"twitter:data2\" content=\"2 minutes\" \/>\n<script type=\"application\/ld+json\" class=\"yoast-schema-graph\">{\"@context\":\"https:\\\/\\\/schema.org\",\"@graph\":[{\"@type\":\"Article\",\"@id\":\"https:\\\/\\\/www.bellunopress.it\\\/2012\\\/12\\\/15\\\/demolizione-per-gli-autobus-con-piu-di-15-anni-il-no-della-categoria-genuin-perche-dismettere-veicoli-perfettamente-funzionanti\\\/#article\",\"isPartOf\":{\"@id\":\"https:\\\/\\\/www.bellunopress.it\\\/2012\\\/12\\\/15\\\/demolizione-per-gli-autobus-con-piu-di-15-anni-il-no-della-categoria-genuin-perche-dismettere-veicoli-perfettamente-funzionanti\\\/\"},\"author\":{\"name\":\"redazione\",\"@id\":\"https:\\\/\\\/www.bellunopress.it\\\/#\\\/schema\\\/person\\\/79bb06722b37ece1c03d3e94beb30d73\"},\"headline\":\"Demolizione per gli autobus con pi\u00f9 di 15 anni. Il no della categoria. Genuin: &#8220;perch\u00e9 dismettere veicoli perfettamente funzionanti?&#8221;\",\"datePublished\":\"2012-12-15T10:23:18+00:00\",\"dateModified\":\"2012-12-15T10:23:20+00:00\",\"mainEntityOfPage\":{\"@id\":\"https:\\\/\\\/www.bellunopress.it\\\/2012\\\/12\\\/15\\\/demolizione-per-gli-autobus-con-piu-di-15-anni-il-no-della-categoria-genuin-perche-dismettere-veicoli-perfettamente-funzionanti\\\/\"},\"wordCount\":388,\"publisher\":{\"@id\":\"https:\\\/\\\/www.bellunopress.it\\\/#organization\"},\"image\":{\"@id\":\"https:\\\/\\\/www.bellunopress.it\\\/2012\\\/12\\\/15\\\/demolizione-per-gli-autobus-con-piu-di-15-anni-il-no-della-categoria-genuin-perche-dismettere-veicoli-perfettamente-funzionanti\\\/#primaryimage\"},\"thumbnailUrl\":\"http:\\\/\\\/www.bellunopress.it\\\/wp-content\\\/uploads\\\/2009\\\/07\\\/unione-artigiani-e-piccola-industria-belluno.jpg\",\"articleSection\":[\"Lavoro, Economia, Turismo\",\"Prima Pagina\"],\"inLanguage\":\"fr-FR\"},{\"@type\":\"WebPage\",\"@id\":\"https:\\\/\\\/www.bellunopress.it\\\/2012\\\/12\\\/15\\\/demolizione-per-gli-autobus-con-piu-di-15-anni-il-no-della-categoria-genuin-perche-dismettere-veicoli-perfettamente-funzionanti\\\/\",\"url\":\"https:\\\/\\\/www.bellunopress.it\\\/2012\\\/12\\\/15\\\/demolizione-per-gli-autobus-con-piu-di-15-anni-il-no-della-categoria-genuin-perche-dismettere-veicoli-perfettamente-funzionanti\\\/\",\"name\":\"Demolizione per gli autobus con pi\u00f9 di 15 anni. Il no della categoria. Genuin: \\\"perch\u00e9 dismettere veicoli perfettamente funzionanti?\\\" - Bellunopress - Dolomiti\",\"isPartOf\":{\"@id\":\"https:\\\/\\\/www.bellunopress.it\\\/#website\"},\"primaryImageOfPage\":{\"@id\":\"https:\\\/\\\/www.bellunopress.it\\\/2012\\\/12\\\/15\\\/demolizione-per-gli-autobus-con-piu-di-15-anni-il-no-della-categoria-genuin-perche-dismettere-veicoli-perfettamente-funzionanti\\\/#primaryimage\"},\"image\":{\"@id\":\"https:\\\/\\\/www.bellunopress.it\\\/2012\\\/12\\\/15\\\/demolizione-per-gli-autobus-con-piu-di-15-anni-il-no-della-categoria-genuin-perche-dismettere-veicoli-perfettamente-funzionanti\\\/#primaryimage\"},\"thumbnailUrl\":\"http:\\\/\\\/www.bellunopress.it\\\/wp-content\\\/uploads\\\/2009\\\/07\\\/unione-artigiani-e-piccola-industria-belluno.jpg\",\"datePublished\":\"2012-12-15T10:23:18+00:00\",\"dateModified\":\"2012-12-15T10:23:20+00:00\",\"breadcrumb\":{\"@id\":\"https:\\\/\\\/www.bellunopress.it\\\/2012\\\/12\\\/15\\\/demolizione-per-gli-autobus-con-piu-di-15-anni-il-no-della-categoria-genuin-perche-dismettere-veicoli-perfettamente-funzionanti\\\/#breadcrumb\"},\"inLanguage\":\"fr-FR\",\"potentialAction\":[{\"@type\":\"ReadAction\",\"target\":[\"https:\\\/\\\/www.bellunopress.it\\\/2012\\\/12\\\/15\\\/demolizione-per-gli-autobus-con-piu-di-15-anni-il-no-della-categoria-genuin-perche-dismettere-veicoli-perfettamente-funzionanti\\\/\"]}]},{\"@type\":\"ImageObject\",\"inLanguage\":\"fr-FR\",\"@id\":\"https:\\\/\\\/www.bellunopress.it\\\/2012\\\/12\\\/15\\\/demolizione-per-gli-autobus-con-piu-di-15-anni-il-no-della-categoria-genuin-perche-dismettere-veicoli-perfettamente-funzionanti\\\/#primaryimage\",\"url\":\"http:\\\/\\\/www.bellunopress.it\\\/wp-content\\\/uploads\\\/2009\\\/07\\\/unione-artigiani-e-piccola-industria-belluno.jpg\",\"contentUrl\":\"http:\\\/\\\/www.bellunopress.it\\\/wp-content\\\/uploads\\\/2009\\\/07\\\/unione-artigiani-e-piccola-industria-belluno.jpg\"},{\"@type\":\"BreadcrumbList\",\"@id\":\"https:\\\/\\\/www.bellunopress.it\\\/2012\\\/12\\\/15\\\/demolizione-per-gli-autobus-con-piu-di-15-anni-il-no-della-categoria-genuin-perche-dismettere-veicoli-perfettamente-funzionanti\\\/#breadcrumb\",\"itemListElement\":[{\"@type\":\"ListItem\",\"position\":1,\"name\":\"Home\",\"item\":\"https:\\\/\\\/www.bellunopress.it\\\/\"},{\"@type\":\"ListItem\",\"position\":2,\"name\":\"Demolizione per gli autobus con pi\u00f9 di 15 anni. Il no della categoria. Genuin: &#8220;perch\u00e9 dismettere veicoli perfettamente funzionanti?&#8221;\"}]},{\"@type\":\"WebSite\",\"@id\":\"https:\\\/\\\/www.bellunopress.it\\\/#website\",\"url\":\"https:\\\/\\\/www.bellunopress.it\\\/\",\"name\":\"Bellunopress - Dolomiti\",\"description\":\"e-mail: redazione@bellunopress.it\",\"publisher\":{\"@id\":\"https:\\\/\\\/www.bellunopress.it\\\/#organization\"},\"potentialAction\":[{\"@type\":\"SearchAction\",\"target\":{\"@type\":\"EntryPoint\",\"urlTemplate\":\"https:\\\/\\\/www.bellunopress.it\\\/?s={search_term_string}\"},\"query-input\":{\"@type\":\"PropertyValueSpecification\",\"valueRequired\":true,\"valueName\":\"search_term_string\"}}],\"inLanguage\":\"fr-FR\"},{\"@type\":\"Organization\",\"@id\":\"https:\\\/\\\/www.bellunopress.it\\\/#organization\",\"name\":\"Bellunopress\",\"url\":\"https:\\\/\\\/www.bellunopress.it\\\/\",\"logo\":{\"@type\":\"ImageObject\",\"inLanguage\":\"fr-FR\",\"@id\":\"https:\\\/\\\/www.bellunopress.it\\\/#\\\/schema\\\/logo\\\/image\\\/\",\"url\":\"https:\\\/\\\/www.bellunopress.it\\\/wp-content\\\/uploads\\\/2011\\\/05\\\/cropped-logo-bellunopress-.jpg\",\"contentUrl\":\"https:\\\/\\\/www.bellunopress.it\\\/wp-content\\\/uploads\\\/2011\\\/05\\\/cropped-logo-bellunopress-.jpg\",\"width\":512,\"height\":512,\"caption\":\"Bellunopress\"},\"image\":{\"@id\":\"https:\\\/\\\/www.bellunopress.it\\\/#\\\/schema\\\/logo\\\/image\\\/\"},\"sameAs\":[\"https:\\\/\\\/www.facebook.com\\\/profile.php?id=100008943462799\",\"https:\\\/\\\/x.com\\\/bellunopress\",\"https:\\\/\\\/www.linkedin.com\\\/hp\\\/?dnr=JBzUWaJfMUw8vbXJJ2tVW5-I3jZKvC4wsoxE&amp;amp;amp;amp;amp;amp;trk=nav_responsive_tab_home\",\"https:\\\/\\\/www.youtube.com\\\/channel\\\/UCxL0wu1uN0_3_7hGG0306cw\"]},{\"@type\":\"Person\",\"@id\":\"https:\\\/\\\/www.bellunopress.it\\\/#\\\/schema\\\/person\\\/79bb06722b37ece1c03d3e94beb30d73\",\"name\":\"redazione\",\"image\":{\"@type\":\"ImageObject\",\"inLanguage\":\"fr-FR\",\"@id\":\"https:\\\/\\\/secure.gravatar.com\\\/avatar\\\/37d968a2e67a6fd04c169c4bdef102d0bc5d31b2546345219e348575eb80e9a0?s=96&d=mm&r=g\",\"url\":\"https:\\\/\\\/secure.gravatar.com\\\/avatar\\\/37d968a2e67a6fd04c169c4bdef102d0bc5d31b2546345219e348575eb80e9a0?s=96&d=mm&r=g\",\"contentUrl\":\"https:\\\/\\\/secure.gravatar.com\\\/avatar\\\/37d968a2e67a6fd04c169c4bdef102d0bc5d31b2546345219e348575eb80e9a0?s=96&d=mm&r=g\",\"caption\":\"redazione\"},\"sameAs\":[\"http:\\\/\\\/www.bellunopress.it\",\"https:\\\/\\\/x.com\\\/bellunopress\"],\"url\":\"https:\\\/\\\/www.bellunopress.it\\\/fr\\\/author\\\/redazione\\\/\"}]}<\/script>\n<!-- \/ Yoast SEO plugin. -->","yoast_head_json":{"title":"Demolizione per gli autobus con pi\u00f9 di 15 anni. Il no della categoria. Genuin: \"perch\u00e9 dismettere veicoli perfettamente funzionanti?\"  - Bellunopress - Dolomiti","robots":{"index":"index","follow":"follow","max-snippet":"max-snippet:-1","max-image-preview":"max-image-preview:large","max-video-preview":"max-video-preview:-1"},"canonical":"https:\/\/www.bellunopress.it\/fr\/2012\/12\/15\/demolizione-per-gli-autobus-con-piu-di-15-anni-il-no-della-categoria-genuin-perche-dismettere-veicoli-perfettamente-funzionanti\/","og_locale":"fr_FR","og_type":"article","og_title":"Demolizione per gli autobus con pi\u00f9 di 15 anni. Il no della categoria. Genuin: \"perch\u00e9 dismettere veicoli perfettamente funzionanti?\"  - Bellunopress - Dolomiti","og_description":"Entro fine mese i bus adibiti a noleggi e servizi atipici (esclusi quindi quelli di linea) immatricolati da oltre 15 anni devono essere rottamati. Lo impone una legge della Regione Veneto, che aveva fissato l\u2019obbligo ancora per il 2011, ma che un intervento legislativo dell\u2019ultimo momento lo ha prorogato al prossimo 31 dicembre. In questi [&hellip;]","og_url":"https:\/\/www.bellunopress.it\/fr\/2012\/12\/15\/demolizione-per-gli-autobus-con-piu-di-15-anni-il-no-della-categoria-genuin-perche-dismettere-veicoli-perfettamente-funzionanti\/","og_site_name":"Bellunopress - Dolomiti","article_publisher":"https:\/\/www.facebook.com\/profile.php?id=100008943462799","article_published_time":"2012-12-15T10:23:18+00:00","article_modified_time":"2012-12-15T10:23:20+00:00","og_image":[{"url":"http:\/\/www.bellunopress.it\/wp-content\/uploads\/2009\/07\/unione-artigiani-e-piccola-industria-belluno.jpg","type":"","width":"","height":""}],"author":"redazione","twitter_card":"summary_large_image","twitter_creator":"@bellunopress","twitter_site":"@bellunopress","twitter_misc":{"\u00c9crit par":"redazione","Dur\u00e9e de lecture estim\u00e9e":"2 minutes"},"schema":{"@context":"https:\/\/schema.org","@graph":[{"@type":"Article","@id":"https:\/\/www.bellunopress.it\/2012\/12\/15\/demolizione-per-gli-autobus-con-piu-di-15-anni-il-no-della-categoria-genuin-perche-dismettere-veicoli-perfettamente-funzionanti\/#article","isPartOf":{"@id":"https:\/\/www.bellunopress.it\/2012\/12\/15\/demolizione-per-gli-autobus-con-piu-di-15-anni-il-no-della-categoria-genuin-perche-dismettere-veicoli-perfettamente-funzionanti\/"},"author":{"name":"redazione","@id":"https:\/\/www.bellunopress.it\/#\/schema\/person\/79bb06722b37ece1c03d3e94beb30d73"},"headline":"Demolizione per gli autobus con pi\u00f9 di 15 anni. Il no della categoria. Genuin: &#8220;perch\u00e9 dismettere veicoli perfettamente funzionanti?&#8221;","datePublished":"2012-12-15T10:23:18+00:00","dateModified":"2012-12-15T10:23:20+00:00","mainEntityOfPage":{"@id":"https:\/\/www.bellunopress.it\/2012\/12\/15\/demolizione-per-gli-autobus-con-piu-di-15-anni-il-no-della-categoria-genuin-perche-dismettere-veicoli-perfettamente-funzionanti\/"},"wordCount":388,"publisher":{"@id":"https:\/\/www.bellunopress.it\/#organization"},"image":{"@id":"https:\/\/www.bellunopress.it\/2012\/12\/15\/demolizione-per-gli-autobus-con-piu-di-15-anni-il-no-della-categoria-genuin-perche-dismettere-veicoli-perfettamente-funzionanti\/#primaryimage"},"thumbnailUrl":"http:\/\/www.bellunopress.it\/wp-content\/uploads\/2009\/07\/unione-artigiani-e-piccola-industria-belluno.jpg","articleSection":["Lavoro, Economia, Turismo","Prima Pagina"],"inLanguage":"fr-FR"},{"@type":"WebPage","@id":"https:\/\/www.bellunopress.it\/2012\/12\/15\/demolizione-per-gli-autobus-con-piu-di-15-anni-il-no-della-categoria-genuin-perche-dismettere-veicoli-perfettamente-funzionanti\/","url":"https:\/\/www.bellunopress.it\/2012\/12\/15\/demolizione-per-gli-autobus-con-piu-di-15-anni-il-no-della-categoria-genuin-perche-dismettere-veicoli-perfettamente-funzionanti\/","name":"Demolizione per gli autobus con pi\u00f9 di 15 anni. Il no della categoria. Genuin: \"perch\u00e9 dismettere veicoli perfettamente funzionanti?\" - Bellunopress - Dolomiti","isPartOf":{"@id":"https:\/\/www.bellunopress.it\/#website"},"primaryImageOfPage":{"@id":"https:\/\/www.bellunopress.it\/2012\/12\/15\/demolizione-per-gli-autobus-con-piu-di-15-anni-il-no-della-categoria-genuin-perche-dismettere-veicoli-perfettamente-funzionanti\/#primaryimage"},"image":{"@id":"https:\/\/www.bellunopress.it\/2012\/12\/15\/demolizione-per-gli-autobus-con-piu-di-15-anni-il-no-della-categoria-genuin-perche-dismettere-veicoli-perfettamente-funzionanti\/#primaryimage"},"thumbnailUrl":"http:\/\/www.bellunopress.it\/wp-content\/uploads\/2009\/07\/unione-artigiani-e-piccola-industria-belluno.jpg","datePublished":"2012-12-15T10:23:18+00:00","dateModified":"2012-12-15T10:23:20+00:00","breadcrumb":{"@id":"https:\/\/www.bellunopress.it\/2012\/12\/15\/demolizione-per-gli-autobus-con-piu-di-15-anni-il-no-della-categoria-genuin-perche-dismettere-veicoli-perfettamente-funzionanti\/#breadcrumb"},"inLanguage":"fr-FR","potentialAction":[{"@type":"ReadAction","target":["https:\/\/www.bellunopress.it\/2012\/12\/15\/demolizione-per-gli-autobus-con-piu-di-15-anni-il-no-della-categoria-genuin-perche-dismettere-veicoli-perfettamente-funzionanti\/"]}]},{"@type":"ImageObject","inLanguage":"fr-FR","@id":"https:\/\/www.bellunopress.it\/2012\/12\/15\/demolizione-per-gli-autobus-con-piu-di-15-anni-il-no-della-categoria-genuin-perche-dismettere-veicoli-perfettamente-funzionanti\/#primaryimage","url":"http:\/\/www.bellunopress.it\/wp-content\/uploads\/2009\/07\/unione-artigiani-e-piccola-industria-belluno.jpg","contentUrl":"http:\/\/www.bellunopress.it\/wp-content\/uploads\/2009\/07\/unione-artigiani-e-piccola-industria-belluno.jpg"},{"@type":"BreadcrumbList","@id":"https:\/\/www.bellunopress.it\/2012\/12\/15\/demolizione-per-gli-autobus-con-piu-di-15-anni-il-no-della-categoria-genuin-perche-dismettere-veicoli-perfettamente-funzionanti\/#breadcrumb","itemListElement":[{"@type":"ListItem","position":1,"name":"Home","item":"https:\/\/www.bellunopress.it\/"},{"@type":"ListItem","position":2,"name":"Demolizione per gli autobus con pi\u00f9 di 15 anni. Il no della categoria. Genuin: &#8220;perch\u00e9 dismettere veicoli perfettamente funzionanti?&#8221;"}]},{"@type":"WebSite","@id":"https:\/\/www.bellunopress.it\/#website","url":"https:\/\/www.bellunopress.it\/","name":"Bellunopress - Dolomiti","description":"e-mail: redazione@bellunopress.it","publisher":{"@id":"https:\/\/www.bellunopress.it\/#organization"},"potentialAction":[{"@type":"SearchAction","target":{"@type":"EntryPoint","urlTemplate":"https:\/\/www.bellunopress.it\/?s={search_term_string}"},"query-input":{"@type":"PropertyValueSpecification","valueRequired":true,"valueName":"search_term_string"}}],"inLanguage":"fr-FR"},{"@type":"Organization","@id":"https:\/\/www.bellunopress.it\/#organization","name":"Bellunopress","url":"https:\/\/www.bellunopress.it\/","logo":{"@type":"ImageObject","inLanguage":"fr-FR","@id":"https:\/\/www.bellunopress.it\/#\/schema\/logo\/image\/","url":"https:\/\/www.bellunopress.it\/wp-content\/uploads\/2011\/05\/cropped-logo-bellunopress-.jpg","contentUrl":"https:\/\/www.bellunopress.it\/wp-content\/uploads\/2011\/05\/cropped-logo-bellunopress-.jpg","width":512,"height":512,"caption":"Bellunopress"},"image":{"@id":"https:\/\/www.bellunopress.it\/#\/schema\/logo\/image\/"},"sameAs":["https:\/\/www.facebook.com\/profile.php?id=100008943462799","https:\/\/x.com\/bellunopress","https:\/\/www.linkedin.com\/hp\/?dnr=JBzUWaJfMUw8vbXJJ2tVW5-I3jZKvC4wsoxE&amp;amp;amp;amp;amp;amp;trk=nav_responsive_tab_home","https:\/\/www.youtube.com\/channel\/UCxL0wu1uN0_3_7hGG0306cw"]},{"@type":"Person","@id":"https:\/\/www.bellunopress.it\/#\/schema\/person\/79bb06722b37ece1c03d3e94beb30d73","name":"r\u00e9daction","image":{"@type":"ImageObject","inLanguage":"fr-FR","@id":"https:\/\/secure.gravatar.com\/avatar\/37d968a2e67a6fd04c169c4bdef102d0bc5d31b2546345219e348575eb80e9a0?s=96&d=mm&r=g","url":"https:\/\/secure.gravatar.com\/avatar\/37d968a2e67a6fd04c169c4bdef102d0bc5d31b2546345219e348575eb80e9a0?s=96&d=mm&r=g","contentUrl":"https:\/\/secure.gravatar.com\/avatar\/37d968a2e67a6fd04c169c4bdef102d0bc5d31b2546345219e348575eb80e9a0?s=96&d=mm&r=g","caption":"redazione"},"sameAs":["http:\/\/www.bellunopress.it","https:\/\/x.com\/bellunopress"],"url":"https:\/\/www.bellunopress.it\/fr\/author\/redazione\/"}]}},"_links":{"self":[{"href":"https:\/\/www.bellunopress.it\/fr\/wp-json\/wp\/v2\/posts\/44799","targetHints":{"allow":["GET"]}}],"collection":[{"href":"https:\/\/www.bellunopress.it\/fr\/wp-json\/wp\/v2\/posts"}],"about":[{"href":"https:\/\/www.bellunopress.it\/fr\/wp-json\/wp\/v2\/types\/post"}],"author":[{"embeddable":true,"href":"https:\/\/www.bellunopress.it\/fr\/wp-json\/wp\/v2\/users\/2"}],"replies":[{"embeddable":true,"href":"https:\/\/www.bellunopress.it\/fr\/wp-json\/wp\/v2\/comments?post=44799"}],"version-history":[{"count":2,"href":"https:\/\/www.bellunopress.it\/fr\/wp-json\/wp\/v2\/posts\/44799\/revisions"}],"predecessor-version":[{"id":44811,"href":"https:\/\/www.bellunopress.it\/fr\/wp-json\/wp\/v2\/posts\/44799\/revisions\/44811"}],"wp:attachment":[{"href":"https:\/\/www.bellunopress.it\/fr\/wp-json\/wp\/v2\/media?parent=44799"}],"wp:term":[{"taxonomy":"category","embeddable":true,"href":"https:\/\/www.bellunopress.it\/fr\/wp-json\/wp\/v2\/categories?post=44799"},{"taxonomy":"post_tag","embeddable":true,"href":"https:\/\/www.bellunopress.it\/fr\/wp-json\/wp\/v2\/tags?post=44799"}],"curies":[{"name":"wp","href":"https:\/\/api.w.org\/{rel}","templated":true}]}}