{"id":44796,"date":"2012-12-14T22:20:33","date_gmt":"2012-12-14T21:20:33","guid":{"rendered":"http:\/\/www.bellunopress.it\/?p=44796"},"modified":"2012-12-14T22:20:33","modified_gmt":"2012-12-14T21:20:33","slug":"imu-alle-imprese-la-classifica-dellunione-artigiani-premia-pieve-di-cadore","status":"publish","type":"post","link":"https:\/\/www.bellunopress.it\/fr\/2012\/12\/14\/imu-alle-imprese-la-classifica-dellunione-artigiani-premia-pieve-di-cadore\/","title":{"rendered":"Imu alle imprese: la classifica dell&#8217;Unione artigiani premia Pieve di Cadore"},"content":{"rendered":"<figure id=\"attachment_21263\" aria-describedby=\"caption-attachment-21263\" style=\"width: 121px\" class=\"wp-caption alignleft\"><a href=\"http:\/\/www.bellunopress.it\/wp-content\/uploads\/2010\/11\/walter-capraro-140x120.jpg\"><img loading=\"lazy\" decoding=\"async\" class=\"size-full wp-image-21263\" alt=\"Walter Capraro\" src=\"http:\/\/www.bellunopress.it\/wp-content\/uploads\/2010\/11\/walter-capraro-140x120.jpg\" width=\"121\" height=\"140\" \/><\/a><figcaption id=\"caption-attachment-21263\" class=\"wp-caption-text\">Walter Capraro<\/figcaption><\/figure>\n<p>Ma quanto mi costi ! Questa \u00e8 l\u2019espressione usata in questi giorni dai cittadini e dalle imprese che entro luned\u00ec 17 devono effettuare il pagamento dell\u2019IMU, un versamento che sta mettendo a dura prova i portafogli sia delle famiglie, che delle aziende.<\/p>\n<p>Fortunatamente, alcuni dei 69 Sindaci bellunesi hanno opportunamente prestato attenzione anche ai proprietari di immobili destinati ad attivit\u00e0 produttive, a ci\u00f2 sollecitati da una precisa e dettagliata richiesta inviata loro da UAPI.<\/p>\n<p>\u201cAncora a marzo &#8211; spiega Walter Capraro, direttore dell\u2019Unione Artigiani e Piccola Industria &#8211; abbiamo rivolto a tutti i Sindaci un appello affinch\u00e9 le Amministrazioni comunali considerassero le ricadute dell\u2019IMU sulle imprese, gi\u00e0 esposte pesantemente per gli effetti di una crisi che non accenna a risolversi. In particolare, avevamo chiesto ai Sindaci di valutare con attenzione l\u2019aliquota da applicare agli immobili occupati dalle aziende per la loro attivit\u00e0 e di esonerare dal pagamento dell\u2019IMU i tantissimi immobili costruiti dalle imprese edili ma rimasti invenduti.\u201d<\/p>\n<p>A ridosso della scadenza e quindi con aliquote certe, l\u2019UAPI fa un bilancio sulle decisioni assunte dai Comuni. \u201cSiamo ben consapevoli del significato che l\u2019IMU ha assunto per i bilanci degli enti locali &#8211; commenta il Direttore di UAPI &#8211; e ci\u00f2 che veniva chiesto ai Sindaci era di realizzare un gesto di equit\u00e0 e soprattutto di consapevolezza sull\u2019importanza che un\u2019attenzione ancorch\u00e9 minima sarebbe risultata particolarmente gradita a cittadini che stanno resistendo con le unghie pur di non chiudere e non licenziare. Poteva andare sicuramente meglio, ma che 21 Consigli Comunali abbiano compreso questa esigenza ci fa sicuramente piacere\u201d.<\/p>\n<p>Nella classifica dei \u201cComuni pi\u00f9 sensibili verso le imprese\u201d il primo posto spetta a Pieve di Cadore che ha fissato l\u2019aliquota al 4,5 per mille, peraltro limitandola ai fabbricati posseduti da soggetti Ires (quindi societ\u00e0); il secondo posto va a Cortina d\u2019Ampezzo, con l\u2019aliquota IMU per le attivit\u00e0 economiche al 4,6 per mille, seguita da Auronzo di Cadore, Colle S. Lucia e Zoldo Alto che applicano tutti il 5 per mille. Seguono Alleghe con il 5,8 per mille, Falcade, Valle di Cadore e S.Vito, con aliquota al 6 per mille, mentre altri comuni come il capoluogo Belluno o Comelico Superiore, pur prevedendo una riduzione dell\u2019aliquota ordinaria deliberata, si sono attestati sul valore minimo dell\u2019aliquota base stabilita per legge, vale a dire il 7,6 per mille.<\/p>\n<p>Risultano, invece, \u201cComuni meno sensibili verso le imprese\u201d: Ponte nelle Alpi, con aliquota per le attivit\u00e0 economiche al 10,6 per mille (escluse quelle classificate in categoria D, che comunque pagano il 9,6), Limana che applica il 10 per mille, seguiti da Ospitale (9,8), Feltre (9,6), Pedavena (9,5) e, infine, Danta, Longarone e Castellavazzo che hanno deliberato tutti e tre l\u2019aliquota del 9 per mille.<\/p>\n<p>\u201cResta apprezzabile l\u2019impegno di chi ha tentato un ancorch\u00e9 minimo ragionamento all\u2019interno della disciplina IMU &#8211; conclude Capraro &#8211; in molte amministrazioni, invece, non si ancora ben capito che pi\u00f9 si colpiscono le imprese pi\u00f9 si mette a rischio l\u2019occupazione e quindi il futuro stesso delle famiglie. E\u2019 un approccio che ha riguardato l\u2019IMU e riguarder\u00e0 la TARES, ma anche l\u2019imposta di pubblicit\u00e0, gli oneri e le lungaggini burocratiche per un permesso o un\u2019autorizzazione. O si impara a guardare con favore alle piccole aziende e al lavoro autonomo o le nostre speranze di ripresa sono destinate a trasformarsi in un incubo.\u201d<\/p>\n<p>&nbsp;<\/p>\n<p>&nbsp;<\/p>","protected":false},"excerpt":{"rendered":"<p>Ma quanto mi costi ! Questa \u00e8 l\u2019espressione usata in questi giorni dai cittadini e dalle imprese che entro luned\u00ec 17 devono effettuare il pagamento dell\u2019IMU, un versamento che sta mettendo a dura prova i portafogli sia delle famiglie, che delle aziende. Fortunatamente, alcuni dei 69 Sindaci bellunesi hanno opportunamente prestato attenzione anche ai proprietari [&hellip;]<\/p>\n","protected":false},"author":2,"featured_media":0,"comment_status":"closed","ping_status":"open","sticky":false,"template":"","format":"standard","meta":{"footnotes":""},"categories":[36,26],"tags":[],"class_list":["post-44796","post","type-post","status-publish","format-standard","category-lavoro-economia","category-prima-pagina"],"yoast_head":"<!-- This site is optimized with the Yoast SEO plugin v28.4 - https:\/\/yoast.com\/product\/yoast-seo-wordpress\/ -->\n<title>Imu alle imprese: la classifica dell&#039;Unione artigiani premia Pieve di Cadore - Bellunopress - Dolomiti<\/title>\n<meta name=\"robots\" content=\"index, follow, max-snippet:-1, max-image-preview:large, max-video-preview:-1\" \/>\n<link rel=\"canonical\" href=\"https:\/\/www.bellunopress.it\/fr\/2012\/12\/14\/imu-alle-imprese-la-classifica-dellunione-artigiani-premia-pieve-di-cadore\/\" \/>\n<meta property=\"og:locale\" content=\"fr_FR\" \/>\n<meta property=\"og:type\" content=\"article\" \/>\n<meta property=\"og:title\" content=\"Imu alle imprese: la classifica dell&#039;Unione artigiani premia Pieve di Cadore - Bellunopress - Dolomiti\" \/>\n<meta property=\"og:description\" content=\"Ma quanto mi costi ! Questa \u00e8 l\u2019espressione usata in questi giorni dai cittadini e dalle imprese che entro luned\u00ec 17 devono effettuare il pagamento dell\u2019IMU, un versamento che sta mettendo a dura prova i portafogli sia delle famiglie, che delle aziende. Fortunatamente, alcuni dei 69 Sindaci bellunesi hanno opportunamente prestato attenzione anche ai proprietari [&hellip;]\" \/>\n<meta property=\"og:url\" content=\"https:\/\/www.bellunopress.it\/fr\/2012\/12\/14\/imu-alle-imprese-la-classifica-dellunione-artigiani-premia-pieve-di-cadore\/\" \/>\n<meta property=\"og:site_name\" content=\"Bellunopress - Dolomiti\" \/>\n<meta property=\"article:publisher\" content=\"https:\/\/www.facebook.com\/profile.php?id=100008943462799\" \/>\n<meta property=\"article:published_time\" content=\"2012-12-14T21:20:33+00:00\" \/>\n<meta property=\"og:image\" content=\"http:\/\/www.bellunopress.it\/wp-content\/uploads\/2010\/11\/walter-capraro-140x120.jpg\" \/>\n<meta name=\"author\" content=\"redazione\" \/>\n<meta name=\"twitter:card\" content=\"summary_large_image\" \/>\n<meta name=\"twitter:creator\" content=\"@bellunopress\" \/>\n<meta name=\"twitter:site\" content=\"@bellunopress\" \/>\n<meta name=\"twitter:label1\" content=\"\u00c9crit par\" \/>\n\t<meta name=\"twitter:data1\" content=\"redazione\" \/>\n\t<meta name=\"twitter:label2\" content=\"Dur\u00e9e de lecture estim\u00e9e\" \/>\n\t<meta name=\"twitter:data2\" content=\"3 minutes\" \/>\n<script type=\"application\/ld+json\" class=\"yoast-schema-graph\">{\"@context\":\"https:\\\/\\\/schema.org\",\"@graph\":[{\"@type\":\"Article\",\"@id\":\"https:\\\/\\\/www.bellunopress.it\\\/2012\\\/12\\\/14\\\/imu-alle-imprese-la-classifica-dellunione-artigiani-premia-pieve-di-cadore\\\/#article\",\"isPartOf\":{\"@id\":\"https:\\\/\\\/www.bellunopress.it\\\/2012\\\/12\\\/14\\\/imu-alle-imprese-la-classifica-dellunione-artigiani-premia-pieve-di-cadore\\\/\"},\"author\":{\"name\":\"redazione\",\"@id\":\"https:\\\/\\\/www.bellunopress.it\\\/#\\\/schema\\\/person\\\/79bb06722b37ece1c03d3e94beb30d73\"},\"headline\":\"Imu alle imprese: la classifica dell&#8217;Unione artigiani premia Pieve di Cadore\",\"datePublished\":\"2012-12-14T21:20:33+00:00\",\"mainEntityOfPage\":{\"@id\":\"https:\\\/\\\/www.bellunopress.it\\\/2012\\\/12\\\/14\\\/imu-alle-imprese-la-classifica-dellunione-artigiani-premia-pieve-di-cadore\\\/\"},\"wordCount\":575,\"publisher\":{\"@id\":\"https:\\\/\\\/www.bellunopress.it\\\/#organization\"},\"image\":{\"@id\":\"https:\\\/\\\/www.bellunopress.it\\\/2012\\\/12\\\/14\\\/imu-alle-imprese-la-classifica-dellunione-artigiani-premia-pieve-di-cadore\\\/#primaryimage\"},\"thumbnailUrl\":\"http:\\\/\\\/www.bellunopress.it\\\/wp-content\\\/uploads\\\/2010\\\/11\\\/walter-capraro-140x120.jpg\",\"articleSection\":[\"Lavoro, Economia, Turismo\",\"Prima Pagina\"],\"inLanguage\":\"fr-FR\"},{\"@type\":\"WebPage\",\"@id\":\"https:\\\/\\\/www.bellunopress.it\\\/2012\\\/12\\\/14\\\/imu-alle-imprese-la-classifica-dellunione-artigiani-premia-pieve-di-cadore\\\/\",\"url\":\"https:\\\/\\\/www.bellunopress.it\\\/2012\\\/12\\\/14\\\/imu-alle-imprese-la-classifica-dellunione-artigiani-premia-pieve-di-cadore\\\/\",\"name\":\"Imu alle imprese: la classifica dell'Unione artigiani premia Pieve di Cadore - Bellunopress - Dolomiti\",\"isPartOf\":{\"@id\":\"https:\\\/\\\/www.bellunopress.it\\\/#website\"},\"primaryImageOfPage\":{\"@id\":\"https:\\\/\\\/www.bellunopress.it\\\/2012\\\/12\\\/14\\\/imu-alle-imprese-la-classifica-dellunione-artigiani-premia-pieve-di-cadore\\\/#primaryimage\"},\"image\":{\"@id\":\"https:\\\/\\\/www.bellunopress.it\\\/2012\\\/12\\\/14\\\/imu-alle-imprese-la-classifica-dellunione-artigiani-premia-pieve-di-cadore\\\/#primaryimage\"},\"thumbnailUrl\":\"http:\\\/\\\/www.bellunopress.it\\\/wp-content\\\/uploads\\\/2010\\\/11\\\/walter-capraro-140x120.jpg\",\"datePublished\":\"2012-12-14T21:20:33+00:00\",\"breadcrumb\":{\"@id\":\"https:\\\/\\\/www.bellunopress.it\\\/2012\\\/12\\\/14\\\/imu-alle-imprese-la-classifica-dellunione-artigiani-premia-pieve-di-cadore\\\/#breadcrumb\"},\"inLanguage\":\"fr-FR\",\"potentialAction\":[{\"@type\":\"ReadAction\",\"target\":[\"https:\\\/\\\/www.bellunopress.it\\\/2012\\\/12\\\/14\\\/imu-alle-imprese-la-classifica-dellunione-artigiani-premia-pieve-di-cadore\\\/\"]}]},{\"@type\":\"ImageObject\",\"inLanguage\":\"fr-FR\",\"@id\":\"https:\\\/\\\/www.bellunopress.it\\\/2012\\\/12\\\/14\\\/imu-alle-imprese-la-classifica-dellunione-artigiani-premia-pieve-di-cadore\\\/#primaryimage\",\"url\":\"http:\\\/\\\/www.bellunopress.it\\\/wp-content\\\/uploads\\\/2010\\\/11\\\/walter-capraro-140x120.jpg\",\"contentUrl\":\"http:\\\/\\\/www.bellunopress.it\\\/wp-content\\\/uploads\\\/2010\\\/11\\\/walter-capraro-140x120.jpg\"},{\"@type\":\"BreadcrumbList\",\"@id\":\"https:\\\/\\\/www.bellunopress.it\\\/2012\\\/12\\\/14\\\/imu-alle-imprese-la-classifica-dellunione-artigiani-premia-pieve-di-cadore\\\/#breadcrumb\",\"itemListElement\":[{\"@type\":\"ListItem\",\"position\":1,\"name\":\"Home\",\"item\":\"https:\\\/\\\/www.bellunopress.it\\\/\"},{\"@type\":\"ListItem\",\"position\":2,\"name\":\"Imu alle imprese: la classifica dell&#8217;Unione artigiani premia Pieve di Cadore\"}]},{\"@type\":\"WebSite\",\"@id\":\"https:\\\/\\\/www.bellunopress.it\\\/#website\",\"url\":\"https:\\\/\\\/www.bellunopress.it\\\/\",\"name\":\"Bellunopress - Dolomiti\",\"description\":\"e-mail: redazione@bellunopress.it\",\"publisher\":{\"@id\":\"https:\\\/\\\/www.bellunopress.it\\\/#organization\"},\"potentialAction\":[{\"@type\":\"SearchAction\",\"target\":{\"@type\":\"EntryPoint\",\"urlTemplate\":\"https:\\\/\\\/www.bellunopress.it\\\/?s={search_term_string}\"},\"query-input\":{\"@type\":\"PropertyValueSpecification\",\"valueRequired\":true,\"valueName\":\"search_term_string\"}}],\"inLanguage\":\"fr-FR\"},{\"@type\":\"Organization\",\"@id\":\"https:\\\/\\\/www.bellunopress.it\\\/#organization\",\"name\":\"Bellunopress\",\"url\":\"https:\\\/\\\/www.bellunopress.it\\\/\",\"logo\":{\"@type\":\"ImageObject\",\"inLanguage\":\"fr-FR\",\"@id\":\"https:\\\/\\\/www.bellunopress.it\\\/#\\\/schema\\\/logo\\\/image\\\/\",\"url\":\"https:\\\/\\\/www.bellunopress.it\\\/wp-content\\\/uploads\\\/2011\\\/05\\\/cropped-logo-bellunopress-.jpg\",\"contentUrl\":\"https:\\\/\\\/www.bellunopress.it\\\/wp-content\\\/uploads\\\/2011\\\/05\\\/cropped-logo-bellunopress-.jpg\",\"width\":512,\"height\":512,\"caption\":\"Bellunopress\"},\"image\":{\"@id\":\"https:\\\/\\\/www.bellunopress.it\\\/#\\\/schema\\\/logo\\\/image\\\/\"},\"sameAs\":[\"https:\\\/\\\/www.facebook.com\\\/profile.php?id=100008943462799\",\"https:\\\/\\\/x.com\\\/bellunopress\",\"https:\\\/\\\/www.linkedin.com\\\/hp\\\/?dnr=JBzUWaJfMUw8vbXJJ2tVW5-I3jZKvC4wsoxE&amp;amp;amp;amp;amp;amp;trk=nav_responsive_tab_home\",\"https:\\\/\\\/www.youtube.com\\\/channel\\\/UCxL0wu1uN0_3_7hGG0306cw\"]},{\"@type\":\"Person\",\"@id\":\"https:\\\/\\\/www.bellunopress.it\\\/#\\\/schema\\\/person\\\/79bb06722b37ece1c03d3e94beb30d73\",\"name\":\"redazione\",\"image\":{\"@type\":\"ImageObject\",\"inLanguage\":\"fr-FR\",\"@id\":\"https:\\\/\\\/secure.gravatar.com\\\/avatar\\\/37d968a2e67a6fd04c169c4bdef102d0bc5d31b2546345219e348575eb80e9a0?s=96&d=mm&r=g\",\"url\":\"https:\\\/\\\/secure.gravatar.com\\\/avatar\\\/37d968a2e67a6fd04c169c4bdef102d0bc5d31b2546345219e348575eb80e9a0?s=96&d=mm&r=g\",\"contentUrl\":\"https:\\\/\\\/secure.gravatar.com\\\/avatar\\\/37d968a2e67a6fd04c169c4bdef102d0bc5d31b2546345219e348575eb80e9a0?s=96&d=mm&r=g\",\"caption\":\"redazione\"},\"sameAs\":[\"http:\\\/\\\/www.bellunopress.it\",\"https:\\\/\\\/x.com\\\/bellunopress\"],\"url\":\"https:\\\/\\\/www.bellunopress.it\\\/fr\\\/author\\\/redazione\\\/\"}]}<\/script>\n<!-- \/ Yoast SEO plugin. -->","yoast_head_json":{"title":"Imu alle imprese: la classifica dell'Unione artigiani premia Pieve di Cadore - Bellunopress - Dolomiti","robots":{"index":"index","follow":"follow","max-snippet":"max-snippet:-1","max-image-preview":"max-image-preview:large","max-video-preview":"max-video-preview:-1"},"canonical":"https:\/\/www.bellunopress.it\/fr\/2012\/12\/14\/imu-alle-imprese-la-classifica-dellunione-artigiani-premia-pieve-di-cadore\/","og_locale":"fr_FR","og_type":"article","og_title":"Imu alle imprese: la classifica dell'Unione artigiani premia Pieve di Cadore - Bellunopress - Dolomiti","og_description":"Ma quanto mi costi ! Questa \u00e8 l\u2019espressione usata in questi giorni dai cittadini e dalle imprese che entro luned\u00ec 17 devono effettuare il pagamento dell\u2019IMU, un versamento che sta mettendo a dura prova i portafogli sia delle famiglie, che delle aziende. Fortunatamente, alcuni dei 69 Sindaci bellunesi hanno opportunamente prestato attenzione anche ai proprietari [&hellip;]","og_url":"https:\/\/www.bellunopress.it\/fr\/2012\/12\/14\/imu-alle-imprese-la-classifica-dellunione-artigiani-premia-pieve-di-cadore\/","og_site_name":"Bellunopress - Dolomiti","article_publisher":"https:\/\/www.facebook.com\/profile.php?id=100008943462799","article_published_time":"2012-12-14T21:20:33+00:00","og_image":[{"url":"http:\/\/www.bellunopress.it\/wp-content\/uploads\/2010\/11\/walter-capraro-140x120.jpg","type":"","width":"","height":""}],"author":"redazione","twitter_card":"summary_large_image","twitter_creator":"@bellunopress","twitter_site":"@bellunopress","twitter_misc":{"\u00c9crit par":"redazione","Dur\u00e9e de lecture estim\u00e9e":"3 minutes"},"schema":{"@context":"https:\/\/schema.org","@graph":[{"@type":"Article","@id":"https:\/\/www.bellunopress.it\/2012\/12\/14\/imu-alle-imprese-la-classifica-dellunione-artigiani-premia-pieve-di-cadore\/#article","isPartOf":{"@id":"https:\/\/www.bellunopress.it\/2012\/12\/14\/imu-alle-imprese-la-classifica-dellunione-artigiani-premia-pieve-di-cadore\/"},"author":{"name":"redazione","@id":"https:\/\/www.bellunopress.it\/#\/schema\/person\/79bb06722b37ece1c03d3e94beb30d73"},"headline":"Imu alle imprese: la classifica dell&#8217;Unione artigiani premia Pieve di Cadore","datePublished":"2012-12-14T21:20:33+00:00","mainEntityOfPage":{"@id":"https:\/\/www.bellunopress.it\/2012\/12\/14\/imu-alle-imprese-la-classifica-dellunione-artigiani-premia-pieve-di-cadore\/"},"wordCount":575,"publisher":{"@id":"https:\/\/www.bellunopress.it\/#organization"},"image":{"@id":"https:\/\/www.bellunopress.it\/2012\/12\/14\/imu-alle-imprese-la-classifica-dellunione-artigiani-premia-pieve-di-cadore\/#primaryimage"},"thumbnailUrl":"http:\/\/www.bellunopress.it\/wp-content\/uploads\/2010\/11\/walter-capraro-140x120.jpg","articleSection":["Lavoro, Economia, Turismo","Prima Pagina"],"inLanguage":"fr-FR"},{"@type":"WebPage","@id":"https:\/\/www.bellunopress.it\/2012\/12\/14\/imu-alle-imprese-la-classifica-dellunione-artigiani-premia-pieve-di-cadore\/","url":"https:\/\/www.bellunopress.it\/2012\/12\/14\/imu-alle-imprese-la-classifica-dellunione-artigiani-premia-pieve-di-cadore\/","name":"Imu alle imprese: la classifica dell'Unione artigiani premia Pieve di Cadore - Bellunopress - Dolomiti","isPartOf":{"@id":"https:\/\/www.bellunopress.it\/#website"},"primaryImageOfPage":{"@id":"https:\/\/www.bellunopress.it\/2012\/12\/14\/imu-alle-imprese-la-classifica-dellunione-artigiani-premia-pieve-di-cadore\/#primaryimage"},"image":{"@id":"https:\/\/www.bellunopress.it\/2012\/12\/14\/imu-alle-imprese-la-classifica-dellunione-artigiani-premia-pieve-di-cadore\/#primaryimage"},"thumbnailUrl":"http:\/\/www.bellunopress.it\/wp-content\/uploads\/2010\/11\/walter-capraro-140x120.jpg","datePublished":"2012-12-14T21:20:33+00:00","breadcrumb":{"@id":"https:\/\/www.bellunopress.it\/2012\/12\/14\/imu-alle-imprese-la-classifica-dellunione-artigiani-premia-pieve-di-cadore\/#breadcrumb"},"inLanguage":"fr-FR","potentialAction":[{"@type":"ReadAction","target":["https:\/\/www.bellunopress.it\/2012\/12\/14\/imu-alle-imprese-la-classifica-dellunione-artigiani-premia-pieve-di-cadore\/"]}]},{"@type":"ImageObject","inLanguage":"fr-FR","@id":"https:\/\/www.bellunopress.it\/2012\/12\/14\/imu-alle-imprese-la-classifica-dellunione-artigiani-premia-pieve-di-cadore\/#primaryimage","url":"http:\/\/www.bellunopress.it\/wp-content\/uploads\/2010\/11\/walter-capraro-140x120.jpg","contentUrl":"http:\/\/www.bellunopress.it\/wp-content\/uploads\/2010\/11\/walter-capraro-140x120.jpg"},{"@type":"BreadcrumbList","@id":"https:\/\/www.bellunopress.it\/2012\/12\/14\/imu-alle-imprese-la-classifica-dellunione-artigiani-premia-pieve-di-cadore\/#breadcrumb","itemListElement":[{"@type":"ListItem","position":1,"name":"Home","item":"https:\/\/www.bellunopress.it\/"},{"@type":"ListItem","position":2,"name":"Imu alle imprese: la classifica dell&#8217;Unione artigiani premia Pieve di Cadore"}]},{"@type":"WebSite","@id":"https:\/\/www.bellunopress.it\/#website","url":"https:\/\/www.bellunopress.it\/","name":"Bellunopress - Dolomiti","description":"e-mail: redazione@bellunopress.it","publisher":{"@id":"https:\/\/www.bellunopress.it\/#organization"},"potentialAction":[{"@type":"SearchAction","target":{"@type":"EntryPoint","urlTemplate":"https:\/\/www.bellunopress.it\/?s={search_term_string}"},"query-input":{"@type":"PropertyValueSpecification","valueRequired":true,"valueName":"search_term_string"}}],"inLanguage":"fr-FR"},{"@type":"Organization","@id":"https:\/\/www.bellunopress.it\/#organization","name":"Bellunopress","url":"https:\/\/www.bellunopress.it\/","logo":{"@type":"ImageObject","inLanguage":"fr-FR","@id":"https:\/\/www.bellunopress.it\/#\/schema\/logo\/image\/","url":"https:\/\/www.bellunopress.it\/wp-content\/uploads\/2011\/05\/cropped-logo-bellunopress-.jpg","contentUrl":"https:\/\/www.bellunopress.it\/wp-content\/uploads\/2011\/05\/cropped-logo-bellunopress-.jpg","width":512,"height":512,"caption":"Bellunopress"},"image":{"@id":"https:\/\/www.bellunopress.it\/#\/schema\/logo\/image\/"},"sameAs":["https:\/\/www.facebook.com\/profile.php?id=100008943462799","https:\/\/x.com\/bellunopress","https:\/\/www.linkedin.com\/hp\/?dnr=JBzUWaJfMUw8vbXJJ2tVW5-I3jZKvC4wsoxE&amp;amp;amp;amp;amp;amp;trk=nav_responsive_tab_home","https:\/\/www.youtube.com\/channel\/UCxL0wu1uN0_3_7hGG0306cw"]},{"@type":"Person","@id":"https:\/\/www.bellunopress.it\/#\/schema\/person\/79bb06722b37ece1c03d3e94beb30d73","name":"r\u00e9daction","image":{"@type":"ImageObject","inLanguage":"fr-FR","@id":"https:\/\/secure.gravatar.com\/avatar\/37d968a2e67a6fd04c169c4bdef102d0bc5d31b2546345219e348575eb80e9a0?s=96&d=mm&r=g","url":"https:\/\/secure.gravatar.com\/avatar\/37d968a2e67a6fd04c169c4bdef102d0bc5d31b2546345219e348575eb80e9a0?s=96&d=mm&r=g","contentUrl":"https:\/\/secure.gravatar.com\/avatar\/37d968a2e67a6fd04c169c4bdef102d0bc5d31b2546345219e348575eb80e9a0?s=96&d=mm&r=g","caption":"redazione"},"sameAs":["http:\/\/www.bellunopress.it","https:\/\/x.com\/bellunopress"],"url":"https:\/\/www.bellunopress.it\/fr\/author\/redazione\/"}]}},"_links":{"self":[{"href":"https:\/\/www.bellunopress.it\/fr\/wp-json\/wp\/v2\/posts\/44796","targetHints":{"allow":["GET"]}}],"collection":[{"href":"https:\/\/www.bellunopress.it\/fr\/wp-json\/wp\/v2\/posts"}],"about":[{"href":"https:\/\/www.bellunopress.it\/fr\/wp-json\/wp\/v2\/types\/post"}],"author":[{"embeddable":true,"href":"https:\/\/www.bellunopress.it\/fr\/wp-json\/wp\/v2\/users\/2"}],"replies":[{"embeddable":true,"href":"https:\/\/www.bellunopress.it\/fr\/wp-json\/wp\/v2\/comments?post=44796"}],"version-history":[{"count":2,"href":"https:\/\/www.bellunopress.it\/fr\/wp-json\/wp\/v2\/posts\/44796\/revisions"}],"predecessor-version":[{"id":44798,"href":"https:\/\/www.bellunopress.it\/fr\/wp-json\/wp\/v2\/posts\/44796\/revisions\/44798"}],"wp:attachment":[{"href":"https:\/\/www.bellunopress.it\/fr\/wp-json\/wp\/v2\/media?parent=44796"}],"wp:term":[{"taxonomy":"category","embeddable":true,"href":"https:\/\/www.bellunopress.it\/fr\/wp-json\/wp\/v2\/categories?post=44796"},{"taxonomy":"post_tag","embeddable":true,"href":"https:\/\/www.bellunopress.it\/fr\/wp-json\/wp\/v2\/tags?post=44796"}],"curies":[{"name":"wp","href":"https:\/\/api.w.org\/{rel}","templated":true}]}}