{"id":44790,"date":"2012-12-14T20:36:47","date_gmt":"2012-12-14T19:36:47","guid":{"rendered":"http:\/\/www.bellunopress.it\/?p=44790"},"modified":"2012-12-14T20:36:47","modified_gmt":"2012-12-14T19:36:47","slug":"sabato-la-presentazione-del-libro-doro-dei-caduti-e-dispersi-nella-guerra-19141918","status":"publish","type":"post","link":"https:\/\/www.bellunopress.it\/fr\/2012\/12\/14\/sabato-la-presentazione-del-libro-doro-dei-caduti-e-dispersi-nella-guerra-19141918\/","title":{"rendered":"Sabato la presentazione del Libro d\u2019Oro dei Caduti e Dispersi nella guerra 1914\/1918"},"content":{"rendered":"<figure id=\"attachment_12118\" aria-describedby=\"caption-attachment-12118\" style=\"width: 130px\" class=\"wp-caption alignleft\"><a href=\"http:\/\/www.bellunopress.it\/wp-content\/uploads\/2010\/02\/giuseppe-ziliotti-associazione-caduti-e-dispersi-in-guerra.jpg\"><img loading=\"lazy\" decoding=\"async\" class=\"size-full wp-image-12118\" alt=\"Giuseppe Ziliotti\" src=\"http:\/\/www.bellunopress.it\/wp-content\/uploads\/2010\/02\/giuseppe-ziliotti-associazione-caduti-e-dispersi-in-guerra.jpg\" width=\"130\" height=\"130\" \/><\/a><figcaption id=\"caption-attachment-12118\" class=\"wp-caption-text\">Giuseppe Ziliotti<\/figcaption><\/figure>\n<p>Verso il centenario della Grande Guerra: \u00abLibro d\u2019Oro dei Caduti e Dispersi nella guerra 1914\/1918 appartenenti ai Comuni della provincia di Belluno\u00bb<\/p>\n<p>Sabato 15 dicembre 2012,\u00a0presso la sede dell&#8217;Associazione Famiglie Caduti e Dispersi in Guerra, in via Rialto, 2 a Belluno, sar\u00e0 presentato l&#8217;esito finale della ricerca dei Caduti 1914\/1918 bellunesi nella sua stesura finale in forma telematica.<\/p>\n<p>&#8211; ore 9,30 &#8211; Riunione annuale delle Sezioni provinciali ANFCDG<\/p>\n<p>\u2013 ore 10,00 &#8211; Ospite d\u2019Onore il Signor Sindaco di Belluno, Jacopo Massaro<\/p>\n<p>&#8220;Nell\u2019occasione &#8211; spiega il presidente provinciale dell&#8217;Associazione Giuseppe Ziliotti &#8211; \u00a0avverr\u00e0 la consegna delle Benemerenze ai Soci che si sono distinti per la loro fedelt\u00e0 con oltre 30 anni di iscrizione&#8221;.<\/p>\n<p>Interverr\u00e0 il giornalista Dino Bridda per ricordare &#8220;L&#8217;anno dell&#8217;invasione e la popolazione del Bellunese nella 1^ Guerra Mondiale&#8221;.<\/p>\n<p>&nbsp;<\/p>\n<p><strong>\u201cLibro d\u2019Oro del Caduti e Dispersi nel corso della guerra 1914 \u2013 1918 appartenenti ai Comuni della Provincia di Belluno\u201d<\/strong><\/p>\n<p>www.anfcdg.belluno.it<\/p>\n<p>I primi Caduti bellunesi<\/p>\n<p>De Mario Luigi Casau di Santo Stefano di Cadore, Soldato 7\u00b0 Reggimento Alpini Battaglione Cadore 67^ Compagnia, m.24.05.1915 sulla carrabile Misurina Monte Piana, ferite riportate in combattimento; &#8220;Monte Piana&#8221; di A. Capretta &#8211; m. ore 8,30 per scoppio granata sparata da Monte Rudo; in AdO m. ad Auronzo per ferite riportate in combattimento<\/p>\n<p>Apigalli Beniamino di Sospirolo, Sergente, 7\u00b0 Reggimento Alpini Battaglione Cadore, m.24.05.1915 sulla carrabile Misurina Monte Piana per scoppio di granata; in AdO sul Monte Tre Cime di Lavaredo per ferite riportate in combattimento; in fm ad Auronzo d.C. in seguito a ferita<\/p>\n<p>Il Soldato pi\u00f9 anziano:\u00a0Fattor Giuseppe cl.1855 di San Tomaso Agordino, operaio militarizzato, m.05.09.1917 per infortunio<\/p>\n<p>Il Soldato pi\u00f9 giovane:\u00a0\u00a0Da Tos Antonio nato 01.01.1902 ad Alleghe, operaio militarizzato, m.07.10.1918 .<\/p>\n<p>I Soldati Scomparsi a causa degli affondamenti di navi<\/p>\n<p>L\u2019affondamento del piroscafo \u2018Principe Umberto\u2019<\/p>\n<p>70 sono i Soldati Scomparsi l\u201908.06.1916 al largo di Valona in una delle pagine pi\u00f9 \u201cnere\u201d della storia navale della Prima Guerra Mondiale, in fatto di vittime.<\/p>\n<p>Facevano tutti parte del 55\u00b0 Reggimento Fanteria, Brigata Marche (Comandante: colonnello Piano Ernesto). Dal diario di fanteria risulta che il 55\u00b0 venne trasferito dal fronte italiano verso quello albanese; si imbarc\u00f2 a Taranto, per arrivare a Valona l\u201911 Febbraio 1916. Questi soldati furono tra coloro che diedero il loro contributo all\u2019immensa azione di salvataggio dell\u2019esercito serbo, avvenuto tra Dicembre 1915 e Aprile 1916. Dopo alcuni mesi al 55\u00b0 arriv\u00f2 l\u2019ordine di rientro in Patria, per dare anche rinforzo sul fronte dell\u2019Isonzo. Ai primi di giugno si organizzarono i trasporti. Gran parte del 55\u00b0 fu imbarcato sul piroscafo Principe Umberto che sar\u00e0 vittima di un attacco da parte di un sommergibile nemico. L\u201908.06.1916 alle ore 19.00 circa, il piroscafo, con a bordo 2065 militari di truppa lasciava Valona ed era diretto a Taranto. La formazione del convoglio era cos\u00ec composta: Principe Umberto con \u201cEspero\u201d e \u201cPontiere\u201d; \u201cRavenna\u201d con \u201cImpavido\u201d, \u201cJonio\u201d ed \u201cEspero\u201d. La nave navigava alla velocit\u00e0 di 16 miglia e accennava ancora ad aumentare, quando alle 20.45, a 15 miglia per Sud Ovest da Capo Linguetta, colpita da un siluro di un sommergibile nemico (U-5), affondava in meno di sette minuti dalla parte poppiera. Vi perirono circa 1990 persone .<\/p>\n<p>L\u2019affondamento del piroscafo \u2018Linz\u2019<\/p>\n<p>10 sono i soldati bellunesi Scomparsi il 19 marzo del 1918, nell\u2019affondamento del piroscafo triestino \u00abLinz\u00bb, colpito da una torpedine mentre, partito da Fiume, stava per raggiungere Durazzo. A bordo c\u2019era una compagnia di marcia ungherese, soldati austroungarici in licenza dal fronte e 413 prigionieri di guerra italiani provenienti dal campo di prigionia di Ostffyyasszonyfa in Ungheria.<\/p>\n<p>Alle 18 del 18 marzo 1918 la nave Linz salp\u00f2 dal porto di Zelenika al comando del Capitano Hugo Tonello, scortata dalle torpediniere \u00ab98\u00bb e \u00ab74\u00bb nonch\u00e9 dal cacciatorpediniere \u00abBalaton\u00bb. Mentre navigava alla volta di Durazzo, poco dopo la mezzanotte del 19 marzo, il \u00abLinz\u00bb fu scosso da una tremenda esplosione e affond\u00f2 nel giro di 25 minuti. Morirono pi\u00f9 di settecento persone, e non \u00e8 mai stata appurata l\u2019esatta causa dell\u2019affondamento, anche se l\u2019ipotesi pi\u00f9 probabile fu l\u2019urto con una torpedine. Furono recuperati solo 340 naufraghi\u00bb.<\/p>\n<p>Da una notizia pubblicata su Il Piccolo 16 ottobre sappiamo che \u00e8 stato \u201cTrovato dopo 90 anni il relitto del &#8221;Linz&#8221; &#8211; Riemerge dalle acque albanesi un dimenticato dramma del mare\u201d.<\/p>\n<p>I Soldati morti a causa delle valanghe<\/p>\n<p>21.01.1916 in Val Fiorentina n.1<\/p>\n<p>06.02.1916 sul passo Volaja n.1<\/p>\n<p>25.02.1916 sul Col di Lana \u2013 Val di Ledro n.2<\/p>\n<p>28.02.1916 Monte Cristallo n.1<\/p>\n<p>03.03.1916 ??? n.1<\/p>\n<p>09.03.1916 a Furchiade \u2013 Alt. Asiago \u2013 val Frenzela \u2013 Marmolada n.20<\/p>\n<p>11.03.1916 conca di Plezzo n.1<\/p>\n<p>14.03.1916 sul Monte Cristallo n.1<\/p>\n<p>03.04.1916 sul Monte Campiello \u2013 Tonale n.2<\/p>\n<p>15.04.1916 sulle Tofane n.1<\/p>\n<p>23.04.1916 Tre Cime di Lavaredo n.1<\/p>\n<p>08.09.1916 in prigionia n.1<\/p>\n<p>27.10.1916 sulla Tofana 3\u00b0 Dita n.1<\/p>\n<p>09.11.1916 Le Tofane n.1<\/p>\n<p>10.11.1916 sul Monte Forame n.1<\/p>\n<p>06.12.1916 Monte Cauriol \u2013 Pasubio n.3<\/p>\n<p>11.12.1916 in Val Posina &#8211; Monte Forno n.4<\/p>\n<p>12.12.1916 Monte le Tofane n.1<\/p>\n<p>13.12.1916 in Valgrande &#8211; Cortina \u2013 Colbricon \u2013 Pasubio &#8211; Monte Baffelan n.6<\/p>\n<p>14.12.1916 Monte Tofane n.2<\/p>\n<p>15.12.1916 sul Pal Piccolo n.1<\/p>\n<p>30.12.1916 in Marmolada n.1<\/p>\n<p>10.01.1917 Monte Cristallo \u2013 Pal Piccolo \u2013 Passo Pramosio n.3<\/p>\n<p>16.01.1917 sul Pasubio n.1<\/p>\n<p>03.04.1917 val di Ledro n.1<\/p>\n<p>07.04.1917 Val Giudicarie n.1<\/p>\n<p>09.04.1917 sul passo Ombretta Marmolada n.1<\/p>\n<p>23.04.1917 a Pocol Ricovero Formenton n.1<\/p>\n<p>13.05.1917 in Valcamonica n.1<\/p>\n<p>20.06.1917 sul Col di Lana n.2<\/p>\n<p>03.03.1918 Val Camonica n.1<\/p>\n<p>04.03.1918 ??? n.1<\/p>\n<p>25.05.1918 Canalone Lagoscuro \u2013 Tonale n.3<\/p>\n<p>28.05.1918 ??? n.1<\/p>\n<p>&nbsp;<\/p>\n<p>in totale 72 Soldati travolti dalle valanghe<\/p>\n<p>&nbsp;<\/p>\n<p>I Soldati della U.S. Army<\/p>\n<p>&nbsp;<\/p>\n<p>Sono tre i Soldati arruolati con la U.S. Army di cui un operaio:<\/p>\n<p>De Sandre Pio Antonio di Laggio di Cadore, morto in Francia, Soldato;<\/p>\n<p>Gaio Giovanni di Lamon, operaio, morto in ospedale a Firenze;<\/p>\n<p>Nicolai Luigi di Vigo di Cadore, morto in prigionia<\/p>\n<p>&nbsp;<\/p>\n<p>I Soldati Caduti in vari fatti d\u2019arme<\/p>\n<p>&nbsp;<\/p>\n<p>Monte Piana n.72<\/p>\n<p>Monte Ortigara n.60<\/p>\n<p>sul Carso n.312<\/p>\n<p>Monte Cauriol n.37<\/p>\n<p>fortino Basson n.27<\/p>\n<p>Altipiano di Asiago n.142<\/p>\n<p>Monte Grappa n.167<\/p>\n<p>San Michele del Carso n.224<\/p>\n<p>Monte San Gabriele n.19<\/p>\n<p>in Libia n.37<\/p>\n<p>condannati alla fucilazione n.5 di cui n.2 in contumacia<\/p>\n<p>&nbsp;<\/p>\n<p>Tra i Caduti vi sono<\/p>\n<p>&#8211; n.12 Aviatori<\/p>\n<p>&#8211; n.98 Medaglie d\u2019Argento al V.M.<\/p>\n<p>&#8211; n.75 Medaglie di Bronzo al V.M.<\/p>\n<p>&#8211; inoltre i Caduti sono inquadrati in n.41 Corpi Militari<\/p>\n<p>&nbsp;<\/p>","protected":false},"excerpt":{"rendered":"<p>Verso il centenario della Grande Guerra: \u00abLibro d\u2019Oro dei Caduti e Dispersi nella guerra 1914\/1918 appartenenti ai Comuni della provincia di Belluno\u00bb Sabato 15 dicembre 2012,\u00a0presso la sede dell&#8217;Associazione Famiglie Caduti e Dispersi in Guerra, in via Rialto, 2 a Belluno, sar\u00e0 presentato l&#8217;esito finale della ricerca dei Caduti 1914\/1918 bellunesi nella sua stesura finale [&hellip;]<\/p>\n","protected":false},"author":2,"featured_media":0,"comment_status":"closed","ping_status":"open","sticky":false,"template":"","format":"standard","meta":{"footnotes":""},"categories":[27,26],"tags":[],"class_list":["post-44790","post","type-post","status-publish","format-standard","category-appuntamenti","category-prima-pagina"],"yoast_head":"<!-- This site is optimized with the Yoast SEO plugin v28.4 - https:\/\/yoast.com\/product\/yoast-seo-wordpress\/ -->\n<title>Sabato la presentazione del Libro d\u2019Oro dei Caduti e Dispersi nella guerra 1914\/1918  - Bellunopress - Dolomiti<\/title>\n<meta name=\"robots\" content=\"index, follow, max-snippet:-1, max-image-preview:large, max-video-preview:-1\" \/>\n<link rel=\"canonical\" href=\"https:\/\/www.bellunopress.it\/fr\/2012\/12\/14\/sabato-la-presentazione-del-libro-doro-dei-caduti-e-dispersi-nella-guerra-19141918\/\" \/>\n<meta property=\"og:locale\" content=\"fr_FR\" \/>\n<meta property=\"og:type\" content=\"article\" \/>\n<meta property=\"og:title\" content=\"Sabato la presentazione del Libro d\u2019Oro dei Caduti e Dispersi nella guerra 1914\/1918  - Bellunopress - Dolomiti\" \/>\n<meta property=\"og:description\" content=\"Verso il centenario della Grande Guerra: \u00abLibro d\u2019Oro dei Caduti e Dispersi nella guerra 1914\/1918 appartenenti ai Comuni della provincia di Belluno\u00bb Sabato 15 dicembre 2012,\u00a0presso la sede dell&#8217;Associazione Famiglie Caduti e Dispersi in Guerra, in via Rialto, 2 a Belluno, sar\u00e0 presentato l&#8217;esito finale della ricerca dei Caduti 1914\/1918 bellunesi nella sua stesura finale [&hellip;]\" \/>\n<meta property=\"og:url\" content=\"https:\/\/www.bellunopress.it\/fr\/2012\/12\/14\/sabato-la-presentazione-del-libro-doro-dei-caduti-e-dispersi-nella-guerra-19141918\/\" \/>\n<meta property=\"og:site_name\" content=\"Bellunopress - Dolomiti\" \/>\n<meta property=\"article:publisher\" content=\"https:\/\/www.facebook.com\/profile.php?id=100008943462799\" \/>\n<meta property=\"article:published_time\" content=\"2012-12-14T19:36:47+00:00\" \/>\n<meta property=\"og:image\" content=\"http:\/\/www.bellunopress.it\/wp-content\/uploads\/2010\/02\/giuseppe-ziliotti-associazione-caduti-e-dispersi-in-guerra.jpg\" \/>\n<meta name=\"author\" content=\"redazione\" \/>\n<meta name=\"twitter:card\" content=\"summary_large_image\" \/>\n<meta name=\"twitter:creator\" content=\"@bellunopress\" \/>\n<meta name=\"twitter:site\" content=\"@bellunopress\" \/>\n<meta name=\"twitter:label1\" content=\"Written by\" \/>\n\t<meta name=\"twitter:data1\" content=\"redazione\" \/>\n\t<meta name=\"twitter:label2\" content=\"Est. reading time\" \/>\n\t<meta name=\"twitter:data2\" content=\"5 minutes\" \/>\n<script type=\"application\/ld+json\" class=\"yoast-schema-graph\">{\"@context\":\"https:\\\/\\\/schema.org\",\"@graph\":[{\"@type\":\"Article\",\"@id\":\"https:\\\/\\\/www.bellunopress.it\\\/2012\\\/12\\\/14\\\/sabato-la-presentazione-del-libro-doro-dei-caduti-e-dispersi-nella-guerra-19141918\\\/#article\",\"isPartOf\":{\"@id\":\"https:\\\/\\\/www.bellunopress.it\\\/2012\\\/12\\\/14\\\/sabato-la-presentazione-del-libro-doro-dei-caduti-e-dispersi-nella-guerra-19141918\\\/\"},\"author\":{\"name\":\"redazione\",\"@id\":\"https:\\\/\\\/www.bellunopress.it\\\/#\\\/schema\\\/person\\\/79bb06722b37ece1c03d3e94beb30d73\"},\"headline\":\"Sabato la presentazione del Libro d\u2019Oro dei Caduti e Dispersi nella guerra 1914\\\/1918\",\"datePublished\":\"2012-12-14T19:36:47+00:00\",\"mainEntityOfPage\":{\"@id\":\"https:\\\/\\\/www.bellunopress.it\\\/2012\\\/12\\\/14\\\/sabato-la-presentazione-del-libro-doro-dei-caduti-e-dispersi-nella-guerra-19141918\\\/\"},\"wordCount\":998,\"publisher\":{\"@id\":\"https:\\\/\\\/www.bellunopress.it\\\/#organization\"},\"image\":{\"@id\":\"https:\\\/\\\/www.bellunopress.it\\\/2012\\\/12\\\/14\\\/sabato-la-presentazione-del-libro-doro-dei-caduti-e-dispersi-nella-guerra-19141918\\\/#primaryimage\"},\"thumbnailUrl\":\"http:\\\/\\\/www.bellunopress.it\\\/wp-content\\\/uploads\\\/2010\\\/02\\\/giuseppe-ziliotti-associazione-caduti-e-dispersi-in-guerra.jpg\",\"articleSection\":[\"Appuntamenti, Eventi\",\"Prima Pagina\"],\"inLanguage\":\"fr-FR\"},{\"@type\":\"WebPage\",\"@id\":\"https:\\\/\\\/www.bellunopress.it\\\/2012\\\/12\\\/14\\\/sabato-la-presentazione-del-libro-doro-dei-caduti-e-dispersi-nella-guerra-19141918\\\/\",\"url\":\"https:\\\/\\\/www.bellunopress.it\\\/2012\\\/12\\\/14\\\/sabato-la-presentazione-del-libro-doro-dei-caduti-e-dispersi-nella-guerra-19141918\\\/\",\"name\":\"Sabato la presentazione del Libro d\u2019Oro dei Caduti e Dispersi nella guerra 1914\\\/1918 - Bellunopress - Dolomiti\",\"isPartOf\":{\"@id\":\"https:\\\/\\\/www.bellunopress.it\\\/#website\"},\"primaryImageOfPage\":{\"@id\":\"https:\\\/\\\/www.bellunopress.it\\\/2012\\\/12\\\/14\\\/sabato-la-presentazione-del-libro-doro-dei-caduti-e-dispersi-nella-guerra-19141918\\\/#primaryimage\"},\"image\":{\"@id\":\"https:\\\/\\\/www.bellunopress.it\\\/2012\\\/12\\\/14\\\/sabato-la-presentazione-del-libro-doro-dei-caduti-e-dispersi-nella-guerra-19141918\\\/#primaryimage\"},\"thumbnailUrl\":\"http:\\\/\\\/www.bellunopress.it\\\/wp-content\\\/uploads\\\/2010\\\/02\\\/giuseppe-ziliotti-associazione-caduti-e-dispersi-in-guerra.jpg\",\"datePublished\":\"2012-12-14T19:36:47+00:00\",\"breadcrumb\":{\"@id\":\"https:\\\/\\\/www.bellunopress.it\\\/2012\\\/12\\\/14\\\/sabato-la-presentazione-del-libro-doro-dei-caduti-e-dispersi-nella-guerra-19141918\\\/#breadcrumb\"},\"inLanguage\":\"fr-FR\",\"potentialAction\":[{\"@type\":\"ReadAction\",\"target\":[\"https:\\\/\\\/www.bellunopress.it\\\/2012\\\/12\\\/14\\\/sabato-la-presentazione-del-libro-doro-dei-caduti-e-dispersi-nella-guerra-19141918\\\/\"]}]},{\"@type\":\"ImageObject\",\"inLanguage\":\"fr-FR\",\"@id\":\"https:\\\/\\\/www.bellunopress.it\\\/2012\\\/12\\\/14\\\/sabato-la-presentazione-del-libro-doro-dei-caduti-e-dispersi-nella-guerra-19141918\\\/#primaryimage\",\"url\":\"http:\\\/\\\/www.bellunopress.it\\\/wp-content\\\/uploads\\\/2010\\\/02\\\/giuseppe-ziliotti-associazione-caduti-e-dispersi-in-guerra.jpg\",\"contentUrl\":\"http:\\\/\\\/www.bellunopress.it\\\/wp-content\\\/uploads\\\/2010\\\/02\\\/giuseppe-ziliotti-associazione-caduti-e-dispersi-in-guerra.jpg\"},{\"@type\":\"BreadcrumbList\",\"@id\":\"https:\\\/\\\/www.bellunopress.it\\\/2012\\\/12\\\/14\\\/sabato-la-presentazione-del-libro-doro-dei-caduti-e-dispersi-nella-guerra-19141918\\\/#breadcrumb\",\"itemListElement\":[{\"@type\":\"ListItem\",\"position\":1,\"name\":\"Home\",\"item\":\"https:\\\/\\\/www.bellunopress.it\\\/\"},{\"@type\":\"ListItem\",\"position\":2,\"name\":\"Sabato la presentazione del Libro d\u2019Oro dei Caduti e Dispersi nella guerra 1914\\\/1918\"}]},{\"@type\":\"WebSite\",\"@id\":\"https:\\\/\\\/www.bellunopress.it\\\/#website\",\"url\":\"https:\\\/\\\/www.bellunopress.it\\\/\",\"name\":\"Bellunopress - Dolomiti\",\"description\":\"e-mail: redazione@bellunopress.it\",\"publisher\":{\"@id\":\"https:\\\/\\\/www.bellunopress.it\\\/#organization\"},\"potentialAction\":[{\"@type\":\"SearchAction\",\"target\":{\"@type\":\"EntryPoint\",\"urlTemplate\":\"https:\\\/\\\/www.bellunopress.it\\\/?s={search_term_string}\"},\"query-input\":{\"@type\":\"PropertyValueSpecification\",\"valueRequired\":true,\"valueName\":\"search_term_string\"}}],\"inLanguage\":\"fr-FR\"},{\"@type\":\"Organization\",\"@id\":\"https:\\\/\\\/www.bellunopress.it\\\/#organization\",\"name\":\"Bellunopress\",\"url\":\"https:\\\/\\\/www.bellunopress.it\\\/\",\"logo\":{\"@type\":\"ImageObject\",\"inLanguage\":\"fr-FR\",\"@id\":\"https:\\\/\\\/www.bellunopress.it\\\/#\\\/schema\\\/logo\\\/image\\\/\",\"url\":\"https:\\\/\\\/www.bellunopress.it\\\/wp-content\\\/uploads\\\/2011\\\/05\\\/cropped-logo-bellunopress-.jpg\",\"contentUrl\":\"https:\\\/\\\/www.bellunopress.it\\\/wp-content\\\/uploads\\\/2011\\\/05\\\/cropped-logo-bellunopress-.jpg\",\"width\":512,\"height\":512,\"caption\":\"Bellunopress\"},\"image\":{\"@id\":\"https:\\\/\\\/www.bellunopress.it\\\/#\\\/schema\\\/logo\\\/image\\\/\"},\"sameAs\":[\"https:\\\/\\\/www.facebook.com\\\/profile.php?id=100008943462799\",\"https:\\\/\\\/x.com\\\/bellunopress\",\"https:\\\/\\\/www.linkedin.com\\\/hp\\\/?dnr=JBzUWaJfMUw8vbXJJ2tVW5-I3jZKvC4wsoxE&amp;amp;amp;amp;amp;amp;trk=nav_responsive_tab_home\",\"https:\\\/\\\/www.youtube.com\\\/channel\\\/UCxL0wu1uN0_3_7hGG0306cw\"]},{\"@type\":\"Person\",\"@id\":\"https:\\\/\\\/www.bellunopress.it\\\/#\\\/schema\\\/person\\\/79bb06722b37ece1c03d3e94beb30d73\",\"name\":\"redazione\",\"image\":{\"@type\":\"ImageObject\",\"inLanguage\":\"fr-FR\",\"@id\":\"https:\\\/\\\/secure.gravatar.com\\\/avatar\\\/37d968a2e67a6fd04c169c4bdef102d0bc5d31b2546345219e348575eb80e9a0?s=96&d=mm&r=g\",\"url\":\"https:\\\/\\\/secure.gravatar.com\\\/avatar\\\/37d968a2e67a6fd04c169c4bdef102d0bc5d31b2546345219e348575eb80e9a0?s=96&d=mm&r=g\",\"contentUrl\":\"https:\\\/\\\/secure.gravatar.com\\\/avatar\\\/37d968a2e67a6fd04c169c4bdef102d0bc5d31b2546345219e348575eb80e9a0?s=96&d=mm&r=g\",\"caption\":\"redazione\"},\"sameAs\":[\"http:\\\/\\\/www.bellunopress.it\",\"https:\\\/\\\/x.com\\\/bellunopress\"],\"url\":\"https:\\\/\\\/www.bellunopress.it\\\/fr\\\/author\\\/redazione\\\/\"}]}<\/script>\n<!-- \/ Yoast SEO plugin. -->","yoast_head_json":{"title":"Sabato la presentazione del Libro d\u2019Oro dei Caduti e Dispersi nella guerra 1914\/1918  - Bellunopress - Dolomiti","robots":{"index":"index","follow":"follow","max-snippet":"max-snippet:-1","max-image-preview":"max-image-preview:large","max-video-preview":"max-video-preview:-1"},"canonical":"https:\/\/www.bellunopress.it\/fr\/2012\/12\/14\/sabato-la-presentazione-del-libro-doro-dei-caduti-e-dispersi-nella-guerra-19141918\/","og_locale":"fr_FR","og_type":"article","og_title":"Sabato la presentazione del Libro d\u2019Oro dei Caduti e Dispersi nella guerra 1914\/1918  - Bellunopress - Dolomiti","og_description":"Verso il centenario della Grande Guerra: \u00abLibro d\u2019Oro dei Caduti e Dispersi nella guerra 1914\/1918 appartenenti ai Comuni della provincia di Belluno\u00bb Sabato 15 dicembre 2012,\u00a0presso la sede dell&#8217;Associazione Famiglie Caduti e Dispersi in Guerra, in via Rialto, 2 a Belluno, sar\u00e0 presentato l&#8217;esito finale della ricerca dei Caduti 1914\/1918 bellunesi nella sua stesura finale [&hellip;]","og_url":"https:\/\/www.bellunopress.it\/fr\/2012\/12\/14\/sabato-la-presentazione-del-libro-doro-dei-caduti-e-dispersi-nella-guerra-19141918\/","og_site_name":"Bellunopress - Dolomiti","article_publisher":"https:\/\/www.facebook.com\/profile.php?id=100008943462799","article_published_time":"2012-12-14T19:36:47+00:00","og_image":[{"url":"http:\/\/www.bellunopress.it\/wp-content\/uploads\/2010\/02\/giuseppe-ziliotti-associazione-caduti-e-dispersi-in-guerra.jpg","type":"","width":"","height":""}],"author":"redazione","twitter_card":"summary_large_image","twitter_creator":"@bellunopress","twitter_site":"@bellunopress","twitter_misc":{"Written by":"redazione","Est. reading time":"5 minutes"},"schema":{"@context":"https:\/\/schema.org","@graph":[{"@type":"Article","@id":"https:\/\/www.bellunopress.it\/2012\/12\/14\/sabato-la-presentazione-del-libro-doro-dei-caduti-e-dispersi-nella-guerra-19141918\/#article","isPartOf":{"@id":"https:\/\/www.bellunopress.it\/2012\/12\/14\/sabato-la-presentazione-del-libro-doro-dei-caduti-e-dispersi-nella-guerra-19141918\/"},"author":{"name":"redazione","@id":"https:\/\/www.bellunopress.it\/#\/schema\/person\/79bb06722b37ece1c03d3e94beb30d73"},"headline":"Sabato la presentazione del Libro d\u2019Oro dei Caduti e Dispersi nella guerra 1914\/1918","datePublished":"2012-12-14T19:36:47+00:00","mainEntityOfPage":{"@id":"https:\/\/www.bellunopress.it\/2012\/12\/14\/sabato-la-presentazione-del-libro-doro-dei-caduti-e-dispersi-nella-guerra-19141918\/"},"wordCount":998,"publisher":{"@id":"https:\/\/www.bellunopress.it\/#organization"},"image":{"@id":"https:\/\/www.bellunopress.it\/2012\/12\/14\/sabato-la-presentazione-del-libro-doro-dei-caduti-e-dispersi-nella-guerra-19141918\/#primaryimage"},"thumbnailUrl":"http:\/\/www.bellunopress.it\/wp-content\/uploads\/2010\/02\/giuseppe-ziliotti-associazione-caduti-e-dispersi-in-guerra.jpg","articleSection":["Appuntamenti, Eventi","Prima Pagina"],"inLanguage":"fr-FR"},{"@type":"WebPage","@id":"https:\/\/www.bellunopress.it\/2012\/12\/14\/sabato-la-presentazione-del-libro-doro-dei-caduti-e-dispersi-nella-guerra-19141918\/","url":"https:\/\/www.bellunopress.it\/2012\/12\/14\/sabato-la-presentazione-del-libro-doro-dei-caduti-e-dispersi-nella-guerra-19141918\/","name":"Sabato la presentazione del Libro d\u2019Oro dei Caduti e Dispersi nella guerra 1914\/1918 - Bellunopress - Dolomiti","isPartOf":{"@id":"https:\/\/www.bellunopress.it\/#website"},"primaryImageOfPage":{"@id":"https:\/\/www.bellunopress.it\/2012\/12\/14\/sabato-la-presentazione-del-libro-doro-dei-caduti-e-dispersi-nella-guerra-19141918\/#primaryimage"},"image":{"@id":"https:\/\/www.bellunopress.it\/2012\/12\/14\/sabato-la-presentazione-del-libro-doro-dei-caduti-e-dispersi-nella-guerra-19141918\/#primaryimage"},"thumbnailUrl":"http:\/\/www.bellunopress.it\/wp-content\/uploads\/2010\/02\/giuseppe-ziliotti-associazione-caduti-e-dispersi-in-guerra.jpg","datePublished":"2012-12-14T19:36:47+00:00","breadcrumb":{"@id":"https:\/\/www.bellunopress.it\/2012\/12\/14\/sabato-la-presentazione-del-libro-doro-dei-caduti-e-dispersi-nella-guerra-19141918\/#breadcrumb"},"inLanguage":"fr-FR","potentialAction":[{"@type":"ReadAction","target":["https:\/\/www.bellunopress.it\/2012\/12\/14\/sabato-la-presentazione-del-libro-doro-dei-caduti-e-dispersi-nella-guerra-19141918\/"]}]},{"@type":"ImageObject","inLanguage":"fr-FR","@id":"https:\/\/www.bellunopress.it\/2012\/12\/14\/sabato-la-presentazione-del-libro-doro-dei-caduti-e-dispersi-nella-guerra-19141918\/#primaryimage","url":"http:\/\/www.bellunopress.it\/wp-content\/uploads\/2010\/02\/giuseppe-ziliotti-associazione-caduti-e-dispersi-in-guerra.jpg","contentUrl":"http:\/\/www.bellunopress.it\/wp-content\/uploads\/2010\/02\/giuseppe-ziliotti-associazione-caduti-e-dispersi-in-guerra.jpg"},{"@type":"BreadcrumbList","@id":"https:\/\/www.bellunopress.it\/2012\/12\/14\/sabato-la-presentazione-del-libro-doro-dei-caduti-e-dispersi-nella-guerra-19141918\/#breadcrumb","itemListElement":[{"@type":"ListItem","position":1,"name":"Home","item":"https:\/\/www.bellunopress.it\/"},{"@type":"ListItem","position":2,"name":"Sabato la presentazione del Libro d\u2019Oro dei Caduti e Dispersi nella guerra 1914\/1918"}]},{"@type":"WebSite","@id":"https:\/\/www.bellunopress.it\/#website","url":"https:\/\/www.bellunopress.it\/","name":"Bellunopress - Dolomiti","description":"e-mail: redazione@bellunopress.it","publisher":{"@id":"https:\/\/www.bellunopress.it\/#organization"},"potentialAction":[{"@type":"SearchAction","target":{"@type":"EntryPoint","urlTemplate":"https:\/\/www.bellunopress.it\/?s={search_term_string}"},"query-input":{"@type":"PropertyValueSpecification","valueRequired":true,"valueName":"search_term_string"}}],"inLanguage":"fr-FR"},{"@type":"Organization","@id":"https:\/\/www.bellunopress.it\/#organization","name":"Bellunopress","url":"https:\/\/www.bellunopress.it\/","logo":{"@type":"ImageObject","inLanguage":"fr-FR","@id":"https:\/\/www.bellunopress.it\/#\/schema\/logo\/image\/","url":"https:\/\/www.bellunopress.it\/wp-content\/uploads\/2011\/05\/cropped-logo-bellunopress-.jpg","contentUrl":"https:\/\/www.bellunopress.it\/wp-content\/uploads\/2011\/05\/cropped-logo-bellunopress-.jpg","width":512,"height":512,"caption":"Bellunopress"},"image":{"@id":"https:\/\/www.bellunopress.it\/#\/schema\/logo\/image\/"},"sameAs":["https:\/\/www.facebook.com\/profile.php?id=100008943462799","https:\/\/x.com\/bellunopress","https:\/\/www.linkedin.com\/hp\/?dnr=JBzUWaJfMUw8vbXJJ2tVW5-I3jZKvC4wsoxE&amp;amp;amp;amp;amp;amp;trk=nav_responsive_tab_home","https:\/\/www.youtube.com\/channel\/UCxL0wu1uN0_3_7hGG0306cw"]},{"@type":"Person","@id":"https:\/\/www.bellunopress.it\/#\/schema\/person\/79bb06722b37ece1c03d3e94beb30d73","name":"r\u00e9daction","image":{"@type":"ImageObject","inLanguage":"fr-FR","@id":"https:\/\/secure.gravatar.com\/avatar\/37d968a2e67a6fd04c169c4bdef102d0bc5d31b2546345219e348575eb80e9a0?s=96&d=mm&r=g","url":"https:\/\/secure.gravatar.com\/avatar\/37d968a2e67a6fd04c169c4bdef102d0bc5d31b2546345219e348575eb80e9a0?s=96&d=mm&r=g","contentUrl":"https:\/\/secure.gravatar.com\/avatar\/37d968a2e67a6fd04c169c4bdef102d0bc5d31b2546345219e348575eb80e9a0?s=96&d=mm&r=g","caption":"redazione"},"sameAs":["http:\/\/www.bellunopress.it","https:\/\/x.com\/bellunopress"],"url":"https:\/\/www.bellunopress.it\/fr\/author\/redazione\/"}]}},"_links":{"self":[{"href":"https:\/\/www.bellunopress.it\/fr\/wp-json\/wp\/v2\/posts\/44790","targetHints":{"allow":["GET"]}}],"collection":[{"href":"https:\/\/www.bellunopress.it\/fr\/wp-json\/wp\/v2\/posts"}],"about":[{"href":"https:\/\/www.bellunopress.it\/fr\/wp-json\/wp\/v2\/types\/post"}],"author":[{"embeddable":true,"href":"https:\/\/www.bellunopress.it\/fr\/wp-json\/wp\/v2\/users\/2"}],"replies":[{"embeddable":true,"href":"https:\/\/www.bellunopress.it\/fr\/wp-json\/wp\/v2\/comments?post=44790"}],"version-history":[{"count":1,"href":"https:\/\/www.bellunopress.it\/fr\/wp-json\/wp\/v2\/posts\/44790\/revisions"}],"predecessor-version":[{"id":44791,"href":"https:\/\/www.bellunopress.it\/fr\/wp-json\/wp\/v2\/posts\/44790\/revisions\/44791"}],"wp:attachment":[{"href":"https:\/\/www.bellunopress.it\/fr\/wp-json\/wp\/v2\/media?parent=44790"}],"wp:term":[{"taxonomy":"category","embeddable":true,"href":"https:\/\/www.bellunopress.it\/fr\/wp-json\/wp\/v2\/categories?post=44790"},{"taxonomy":"post_tag","embeddable":true,"href":"https:\/\/www.bellunopress.it\/fr\/wp-json\/wp\/v2\/tags?post=44790"}],"curies":[{"name":"wp","href":"https:\/\/api.w.org\/{rel}","templated":true}]}}