{"id":44782,"date":"2012-12-20T17:29:10","date_gmt":"2012-12-20T16:29:10","guid":{"rendered":"http:\/\/www.bellunopress.it\/?p=44782"},"modified":"2012-12-20T17:40:42","modified_gmt":"2012-12-20T16:40:42","slug":"le-mie-invernali-di-manrico-dallagnola-inaugurazione-venerdi-21-a-el-mighelon-a-mel","status":"publish","type":"post","link":"https:\/\/www.bellunopress.it\/fr\/2012\/12\/20\/le-mie-invernali-di-manrico-dallagnola-inaugurazione-venerdi-21-a-el-mighelon-a-mel\/","title":{"rendered":"Le &#8220;mie invernali&#8221; di Manrico Dall&#8217;Agnola, inaugurazione venerd\u00ec 21 a &#8220;El Mighelon&#8221; a Mel"},"content":{"rendered":"<p><a href=\"http:\/\/www.bellunopress.it\/wp-content\/uploads\/2012\/12\/Le-mie-invernali-Manrico-Dall\u00ecAgnola-leggera.jpg\"><img loading=\"lazy\" decoding=\"async\" class=\"alignleft size-full wp-image-44784\" alt=\"Le mie invernali Manrico Dall'\u00ecAgnola leggera\" src=\"http:\/\/www.bellunopress.it\/wp-content\/uploads\/2012\/12\/Le-mie-invernali-Manrico-Dall\u00ecAgnola-leggera.jpg\" width=\"280\" height=\"186\" \/><\/a>Venerd\u00ec 21 dicembre ore 18\u2013 Nave di Mel: il fotografo-alpinista Manrico Dell\u2019Agnola presenta la sua nuova produzione \u201cLe mie invernali\u201d, nuovi impressioni e grafiche di un fotografo visionario. Non \u00e8 una novit\u00e0 che in locali dediti alla ristorazione si presentino mostre di artisti di vario genere; un modo semplice di promuovere le leccornie di una buona cucina e allo stesso tempo di accostarsi all\u2019arte in modo meno accademico e pi\u00f9 informale.<br \/>\nMa l\u2019accoppiata bruschetteria \u201cEl Mighelon\u201d e Manrico Dell\u2019Agnola fotografo- alpinista, che verr\u00e0 presentata venerd\u00ec 21 alle 18, va ben oltre un semplice connubio cucina-fotografia. Innanzitutto perch\u00e9 la prima bellunese di \u201cLe mie invernali\u201d nasce, proposta a Nave, da un profondo legame di amicizia tra Manrico e Michele iniziato lungo una corda comune, dipanatasi in terre lontane come l\u2019Isola di Baffin; inoltre perch\u00e9, con grande sorpresa per tutti i presenti, le pareti della nota bruschetteria non ospiteranno le splendide fotografie di montagna a cui Manrico ci ha abituati, grazie anche ai famosi \u201cArchive\u201d, i suoi ambiti calendari, di tiratura limitata, presenti in cartoleria in questi giorni.<br \/>\nIl sottotitolo della vernice \u201cDalla fotografia realistica al surrealismo fotografico\u201d chiarisce il gioco di parole un po\u2019 burlesco del titolo (Manrico ama come alpinista le assolate pareti di El Capitan in Yosemite e non le fredde invernali).<br \/>\nQuello presentato venerd\u00ec da Mirta Amanda Barbonetti \u00e8 quindi un nuovo percorso artistico dell\u2019uomo fotografo, la cui bravura \u00e8 andata sempre ben oltre l\u2019ottima padronanza della tecnica fotografica, caratterizzandosi per la sapiente capacit\u00e0 di aspettare l\u2019attimo, individuare il particolare e l\u2019inquadratura e stabilire il giusto taglio anche in post-produzione.<br \/>\nTutte queste peculiarit\u00e0 ne \u201cLe mie invernali\u201d trovano forma in un\u2019esasperazione dell\u2019aspetto grafico che il paesaggio, in questo caso invernale, riesce ad offrire a chi lo sa cogliere; paesaggio reso minimalista dall\u2019annullamento del colore e allo stesso tempo impreziosito dall\u2019abbandono della carta fotografica a favore dello sviluppo su tela. Piccoli dettagli che diventano grandi scenari con l\u2019intento di andare al di l\u00e0 della soggettivit\u00e0 della bellezza per esplorare l\u2019oggettivit\u00e0 del sentire.<br \/>\nDell\u2019Agnola ha iniziato a\u00a0 proporre questa nuova esperienza all\u2019interno del Gruppo Sedna,\u00a0 che dal 2010 riunisce una decina tra pittori, scultori e un fotografo, Manrico per l\u2019appunto, provenienti da tutta Italia. Scopo del sodalizio \u00e8 la promozione, nell\u2019ambito dell\u2019arte contemporanea,\u00a0 di una comune ricerca linguistica, all\u2019interno della quale la parola e il linguaggio sono affidati all\u2019uso del colore e dell\u2019immagine. In questo modo s\u2019intende allargare la sfera dell\u2019indagine artistica al rapporto arte-societ\u00e0, alla funzione dell\u2019arte pura, alla ricerca degli assembramenti matrici e scenici e del linguaggio del corpo, alla ricerca del significato e del senso di fare arte.<br \/>\nL\u2019esposizione sar\u00e0 visitabile sino al 28 febbraio, chiuso il mercoled\u00ec.<\/p>","protected":false},"excerpt":{"rendered":"<p>Venerd\u00ec 21 dicembre ore 18\u2013 Nave di Mel: il fotografo-alpinista Manrico Dell\u2019Agnola presenta la sua nuova produzione \u201cLe mie invernali\u201d, nuovi impressioni e grafiche di un fotografo visionario. Non \u00e8 una novit\u00e0 che in locali dediti alla ristorazione si presentino mostre di artisti di vario genere; un modo semplice di promuovere le leccornie di una [&hellip;]<\/p>\n","protected":false},"author":2,"featured_media":0,"comment_status":"closed","ping_status":"open","sticky":false,"template":"","format":"standard","meta":{"footnotes":""},"categories":[3,38,25,4],"tags":[],"class_list":["post-44782","post","type-post","status-publish","format-standard","category-arte-cultura-spettacoli-scienza-archivi","category-natura-ambiente","category-pausa-caffe","category-sport"],"yoast_head":"<!-- This site is optimized with the Yoast SEO plugin v28.4 - https:\/\/yoast.com\/product\/yoast-seo-wordpress\/ -->\n<title>Le &quot;mie invernali&quot; di Manrico Dall&#039;Agnola, inaugurazione venerd\u00ec 21 a &quot;El Mighelon&quot; a Mel - Bellunopress - Dolomiti<\/title>\n<meta name=\"robots\" content=\"index, follow, max-snippet:-1, max-image-preview:large, max-video-preview:-1\" \/>\n<link rel=\"canonical\" href=\"https:\/\/www.bellunopress.it\/fr\/2012\/12\/20\/le-mie-invernali-di-manrico-dallagnola-inaugurazione-venerdi-21-a-el-mighelon-a-mel\/\" \/>\n<meta property=\"og:locale\" content=\"fr_FR\" \/>\n<meta property=\"og:type\" content=\"article\" \/>\n<meta property=\"og:title\" content=\"Le &quot;mie invernali&quot; di Manrico Dall&#039;Agnola, inaugurazione venerd\u00ec 21 a &quot;El Mighelon&quot; a Mel - Bellunopress - Dolomiti\" \/>\n<meta property=\"og:description\" content=\"Venerd\u00ec 21 dicembre ore 18\u2013 Nave di Mel: il fotografo-alpinista Manrico Dell\u2019Agnola presenta la sua nuova produzione \u201cLe mie invernali\u201d, nuovi impressioni e grafiche di un fotografo visionario. Non \u00e8 una novit\u00e0 che in locali dediti alla ristorazione si presentino mostre di artisti di vario genere; un modo semplice di promuovere le leccornie di una [&hellip;]\" \/>\n<meta property=\"og:url\" content=\"https:\/\/www.bellunopress.it\/fr\/2012\/12\/20\/le-mie-invernali-di-manrico-dallagnola-inaugurazione-venerdi-21-a-el-mighelon-a-mel\/\" \/>\n<meta property=\"og:site_name\" content=\"Bellunopress - Dolomiti\" \/>\n<meta property=\"article:publisher\" content=\"https:\/\/www.facebook.com\/profile.php?id=100008943462799\" \/>\n<meta property=\"article:published_time\" content=\"2012-12-20T16:29:10+00:00\" \/>\n<meta property=\"article:modified_time\" content=\"2012-12-20T16:40:42+00:00\" \/>\n<meta property=\"og:image\" content=\"http:\/\/www.bellunopress.it\/wp-content\/uploads\/2012\/12\/Le-mie-invernali-Manrico-Dall\u00ecAgnola-leggera.jpg\" \/>\n<meta name=\"author\" content=\"redazione\" \/>\n<meta name=\"twitter:card\" content=\"summary_large_image\" \/>\n<meta name=\"twitter:creator\" content=\"@bellunopress\" \/>\n<meta name=\"twitter:site\" content=\"@bellunopress\" \/>\n<meta name=\"twitter:label1\" content=\"\u00c9crit par\" \/>\n\t<meta name=\"twitter:data1\" content=\"redazione\" \/>\n\t<meta name=\"twitter:label2\" content=\"Dur\u00e9e de lecture estim\u00e9e\" \/>\n\t<meta name=\"twitter:data2\" content=\"2 minutes\" \/>\n<script type=\"application\/ld+json\" class=\"yoast-schema-graph\">{\"@context\":\"https:\\\/\\\/schema.org\",\"@graph\":[{\"@type\":\"Article\",\"@id\":\"https:\\\/\\\/www.bellunopress.it\\\/2012\\\/12\\\/20\\\/le-mie-invernali-di-manrico-dallagnola-inaugurazione-venerdi-21-a-el-mighelon-a-mel\\\/#article\",\"isPartOf\":{\"@id\":\"https:\\\/\\\/www.bellunopress.it\\\/2012\\\/12\\\/20\\\/le-mie-invernali-di-manrico-dallagnola-inaugurazione-venerdi-21-a-el-mighelon-a-mel\\\/\"},\"author\":{\"name\":\"redazione\",\"@id\":\"https:\\\/\\\/www.bellunopress.it\\\/#\\\/schema\\\/person\\\/79bb06722b37ece1c03d3e94beb30d73\"},\"headline\":\"Le &#8220;mie invernali&#8221; di Manrico Dall&#8217;Agnola, inaugurazione venerd\u00ec 21 a &#8220;El Mighelon&#8221; a Mel\",\"datePublished\":\"2012-12-20T16:29:10+00:00\",\"dateModified\":\"2012-12-20T16:40:42+00:00\",\"mainEntityOfPage\":{\"@id\":\"https:\\\/\\\/www.bellunopress.it\\\/2012\\\/12\\\/20\\\/le-mie-invernali-di-manrico-dallagnola-inaugurazione-venerdi-21-a-el-mighelon-a-mel\\\/\"},\"wordCount\":472,\"publisher\":{\"@id\":\"https:\\\/\\\/www.bellunopress.it\\\/#organization\"},\"articleSection\":[\"Arte, Cultura, Spettacoli, Scienza\",\"Meteo, natura, ambiente, animali\",\"Pausa Caff\u00e8\",\"Sport, tempo libero\"],\"inLanguage\":\"fr-FR\"},{\"@type\":\"WebPage\",\"@id\":\"https:\\\/\\\/www.bellunopress.it\\\/2012\\\/12\\\/20\\\/le-mie-invernali-di-manrico-dallagnola-inaugurazione-venerdi-21-a-el-mighelon-a-mel\\\/\",\"url\":\"https:\\\/\\\/www.bellunopress.it\\\/2012\\\/12\\\/20\\\/le-mie-invernali-di-manrico-dallagnola-inaugurazione-venerdi-21-a-el-mighelon-a-mel\\\/\",\"name\":\"Le \\\"mie invernali\\\" di Manrico Dall'Agnola, inaugurazione venerd\u00ec 21 a \\\"El Mighelon\\\" a Mel - Bellunopress - Dolomiti\",\"isPartOf\":{\"@id\":\"https:\\\/\\\/www.bellunopress.it\\\/#website\"},\"datePublished\":\"2012-12-20T16:29:10+00:00\",\"dateModified\":\"2012-12-20T16:40:42+00:00\",\"breadcrumb\":{\"@id\":\"https:\\\/\\\/www.bellunopress.it\\\/2012\\\/12\\\/20\\\/le-mie-invernali-di-manrico-dallagnola-inaugurazione-venerdi-21-a-el-mighelon-a-mel\\\/#breadcrumb\"},\"inLanguage\":\"fr-FR\",\"potentialAction\":[{\"@type\":\"ReadAction\",\"target\":[\"https:\\\/\\\/www.bellunopress.it\\\/2012\\\/12\\\/20\\\/le-mie-invernali-di-manrico-dallagnola-inaugurazione-venerdi-21-a-el-mighelon-a-mel\\\/\"]}]},{\"@type\":\"BreadcrumbList\",\"@id\":\"https:\\\/\\\/www.bellunopress.it\\\/2012\\\/12\\\/20\\\/le-mie-invernali-di-manrico-dallagnola-inaugurazione-venerdi-21-a-el-mighelon-a-mel\\\/#breadcrumb\",\"itemListElement\":[{\"@type\":\"ListItem\",\"position\":1,\"name\":\"Home\",\"item\":\"https:\\\/\\\/www.bellunopress.it\\\/\"},{\"@type\":\"ListItem\",\"position\":2,\"name\":\"Le &#8220;mie invernali&#8221; di Manrico Dall&#8217;Agnola, inaugurazione venerd\u00ec 21 a &#8220;El Mighelon&#8221; a Mel\"}]},{\"@type\":\"WebSite\",\"@id\":\"https:\\\/\\\/www.bellunopress.it\\\/#website\",\"url\":\"https:\\\/\\\/www.bellunopress.it\\\/\",\"name\":\"Bellunopress - Dolomiti\",\"description\":\"e-mail: redazione@bellunopress.it\",\"publisher\":{\"@id\":\"https:\\\/\\\/www.bellunopress.it\\\/#organization\"},\"potentialAction\":[{\"@type\":\"SearchAction\",\"target\":{\"@type\":\"EntryPoint\",\"urlTemplate\":\"https:\\\/\\\/www.bellunopress.it\\\/?s={search_term_string}\"},\"query-input\":{\"@type\":\"PropertyValueSpecification\",\"valueRequired\":true,\"valueName\":\"search_term_string\"}}],\"inLanguage\":\"fr-FR\"},{\"@type\":\"Organization\",\"@id\":\"https:\\\/\\\/www.bellunopress.it\\\/#organization\",\"name\":\"Bellunopress\",\"url\":\"https:\\\/\\\/www.bellunopress.it\\\/\",\"logo\":{\"@type\":\"ImageObject\",\"inLanguage\":\"fr-FR\",\"@id\":\"https:\\\/\\\/www.bellunopress.it\\\/#\\\/schema\\\/logo\\\/image\\\/\",\"url\":\"https:\\\/\\\/www.bellunopress.it\\\/wp-content\\\/uploads\\\/2011\\\/05\\\/cropped-logo-bellunopress-.jpg\",\"contentUrl\":\"https:\\\/\\\/www.bellunopress.it\\\/wp-content\\\/uploads\\\/2011\\\/05\\\/cropped-logo-bellunopress-.jpg\",\"width\":512,\"height\":512,\"caption\":\"Bellunopress\"},\"image\":{\"@id\":\"https:\\\/\\\/www.bellunopress.it\\\/#\\\/schema\\\/logo\\\/image\\\/\"},\"sameAs\":[\"https:\\\/\\\/www.facebook.com\\\/profile.php?id=100008943462799\",\"https:\\\/\\\/x.com\\\/bellunopress\",\"https:\\\/\\\/www.linkedin.com\\\/hp\\\/?dnr=JBzUWaJfMUw8vbXJJ2tVW5-I3jZKvC4wsoxE&amp;amp;amp;amp;amp;amp;trk=nav_responsive_tab_home\",\"https:\\\/\\\/www.youtube.com\\\/channel\\\/UCxL0wu1uN0_3_7hGG0306cw\"]},{\"@type\":\"Person\",\"@id\":\"https:\\\/\\\/www.bellunopress.it\\\/#\\\/schema\\\/person\\\/79bb06722b37ece1c03d3e94beb30d73\",\"name\":\"redazione\",\"image\":{\"@type\":\"ImageObject\",\"inLanguage\":\"fr-FR\",\"@id\":\"https:\\\/\\\/secure.gravatar.com\\\/avatar\\\/37d968a2e67a6fd04c169c4bdef102d0bc5d31b2546345219e348575eb80e9a0?s=96&d=mm&r=g\",\"url\":\"https:\\\/\\\/secure.gravatar.com\\\/avatar\\\/37d968a2e67a6fd04c169c4bdef102d0bc5d31b2546345219e348575eb80e9a0?s=96&d=mm&r=g\",\"contentUrl\":\"https:\\\/\\\/secure.gravatar.com\\\/avatar\\\/37d968a2e67a6fd04c169c4bdef102d0bc5d31b2546345219e348575eb80e9a0?s=96&d=mm&r=g\",\"caption\":\"redazione\"},\"sameAs\":[\"http:\\\/\\\/www.bellunopress.it\",\"https:\\\/\\\/x.com\\\/bellunopress\"],\"url\":\"https:\\\/\\\/www.bellunopress.it\\\/fr\\\/author\\\/redazione\\\/\"}]}<\/script>\n<!-- \/ Yoast SEO plugin. -->","yoast_head_json":{"title":"Le \"mie invernali\" di Manrico Dall'Agnola, inaugurazione venerd\u00ec 21 a \"El Mighelon\" a Mel - Bellunopress - Dolomiti","robots":{"index":"index","follow":"follow","max-snippet":"max-snippet:-1","max-image-preview":"max-image-preview:large","max-video-preview":"max-video-preview:-1"},"canonical":"https:\/\/www.bellunopress.it\/fr\/2012\/12\/20\/le-mie-invernali-di-manrico-dallagnola-inaugurazione-venerdi-21-a-el-mighelon-a-mel\/","og_locale":"fr_FR","og_type":"article","og_title":"Le \"mie invernali\" di Manrico Dall'Agnola, inaugurazione venerd\u00ec 21 a \"El Mighelon\" a Mel - Bellunopress - Dolomiti","og_description":"Venerd\u00ec 21 dicembre ore 18\u2013 Nave di Mel: il fotografo-alpinista Manrico Dell\u2019Agnola presenta la sua nuova produzione \u201cLe mie invernali\u201d, nuovi impressioni e grafiche di un fotografo visionario. Non \u00e8 una novit\u00e0 che in locali dediti alla ristorazione si presentino mostre di artisti di vario genere; un modo semplice di promuovere le leccornie di una [&hellip;]","og_url":"https:\/\/www.bellunopress.it\/fr\/2012\/12\/20\/le-mie-invernali-di-manrico-dallagnola-inaugurazione-venerdi-21-a-el-mighelon-a-mel\/","og_site_name":"Bellunopress - Dolomiti","article_publisher":"https:\/\/www.facebook.com\/profile.php?id=100008943462799","article_published_time":"2012-12-20T16:29:10+00:00","article_modified_time":"2012-12-20T16:40:42+00:00","og_image":[{"url":"http:\/\/www.bellunopress.it\/wp-content\/uploads\/2012\/12\/Le-mie-invernali-Manrico-Dall\u00ecAgnola-leggera.jpg","type":"","width":"","height":""}],"author":"redazione","twitter_card":"summary_large_image","twitter_creator":"@bellunopress","twitter_site":"@bellunopress","twitter_misc":{"\u00c9crit par":"redazione","Dur\u00e9e de lecture estim\u00e9e":"2 minutes"},"schema":{"@context":"https:\/\/schema.org","@graph":[{"@type":"Article","@id":"https:\/\/www.bellunopress.it\/2012\/12\/20\/le-mie-invernali-di-manrico-dallagnola-inaugurazione-venerdi-21-a-el-mighelon-a-mel\/#article","isPartOf":{"@id":"https:\/\/www.bellunopress.it\/2012\/12\/20\/le-mie-invernali-di-manrico-dallagnola-inaugurazione-venerdi-21-a-el-mighelon-a-mel\/"},"author":{"name":"redazione","@id":"https:\/\/www.bellunopress.it\/#\/schema\/person\/79bb06722b37ece1c03d3e94beb30d73"},"headline":"Le &#8220;mie invernali&#8221; di Manrico Dall&#8217;Agnola, inaugurazione venerd\u00ec 21 a &#8220;El Mighelon&#8221; a Mel","datePublished":"2012-12-20T16:29:10+00:00","dateModified":"2012-12-20T16:40:42+00:00","mainEntityOfPage":{"@id":"https:\/\/www.bellunopress.it\/2012\/12\/20\/le-mie-invernali-di-manrico-dallagnola-inaugurazione-venerdi-21-a-el-mighelon-a-mel\/"},"wordCount":472,"publisher":{"@id":"https:\/\/www.bellunopress.it\/#organization"},"articleSection":["Arte, Cultura, Spettacoli, Scienza","Meteo, natura, ambiente, animali","Pausa Caff\u00e8","Sport, tempo libero"],"inLanguage":"fr-FR"},{"@type":"WebPage","@id":"https:\/\/www.bellunopress.it\/2012\/12\/20\/le-mie-invernali-di-manrico-dallagnola-inaugurazione-venerdi-21-a-el-mighelon-a-mel\/","url":"https:\/\/www.bellunopress.it\/2012\/12\/20\/le-mie-invernali-di-manrico-dallagnola-inaugurazione-venerdi-21-a-el-mighelon-a-mel\/","name":"Le \"mie invernali\" di Manrico Dall'Agnola, inaugurazione venerd\u00ec 21 a \"El Mighelon\" a Mel - Bellunopress - Dolomiti","isPartOf":{"@id":"https:\/\/www.bellunopress.it\/#website"},"datePublished":"2012-12-20T16:29:10+00:00","dateModified":"2012-12-20T16:40:42+00:00","breadcrumb":{"@id":"https:\/\/www.bellunopress.it\/2012\/12\/20\/le-mie-invernali-di-manrico-dallagnola-inaugurazione-venerdi-21-a-el-mighelon-a-mel\/#breadcrumb"},"inLanguage":"fr-FR","potentialAction":[{"@type":"ReadAction","target":["https:\/\/www.bellunopress.it\/2012\/12\/20\/le-mie-invernali-di-manrico-dallagnola-inaugurazione-venerdi-21-a-el-mighelon-a-mel\/"]}]},{"@type":"BreadcrumbList","@id":"https:\/\/www.bellunopress.it\/2012\/12\/20\/le-mie-invernali-di-manrico-dallagnola-inaugurazione-venerdi-21-a-el-mighelon-a-mel\/#breadcrumb","itemListElement":[{"@type":"ListItem","position":1,"name":"Home","item":"https:\/\/www.bellunopress.it\/"},{"@type":"ListItem","position":2,"name":"Le &#8220;mie invernali&#8221; di Manrico Dall&#8217;Agnola, inaugurazione venerd\u00ec 21 a &#8220;El Mighelon&#8221; a Mel"}]},{"@type":"WebSite","@id":"https:\/\/www.bellunopress.it\/#website","url":"https:\/\/www.bellunopress.it\/","name":"Bellunopress - Dolomiti","description":"e-mail: redazione@bellunopress.it","publisher":{"@id":"https:\/\/www.bellunopress.it\/#organization"},"potentialAction":[{"@type":"SearchAction","target":{"@type":"EntryPoint","urlTemplate":"https:\/\/www.bellunopress.it\/?s={search_term_string}"},"query-input":{"@type":"PropertyValueSpecification","valueRequired":true,"valueName":"search_term_string"}}],"inLanguage":"fr-FR"},{"@type":"Organization","@id":"https:\/\/www.bellunopress.it\/#organization","name":"Bellunopress","url":"https:\/\/www.bellunopress.it\/","logo":{"@type":"ImageObject","inLanguage":"fr-FR","@id":"https:\/\/www.bellunopress.it\/#\/schema\/logo\/image\/","url":"https:\/\/www.bellunopress.it\/wp-content\/uploads\/2011\/05\/cropped-logo-bellunopress-.jpg","contentUrl":"https:\/\/www.bellunopress.it\/wp-content\/uploads\/2011\/05\/cropped-logo-bellunopress-.jpg","width":512,"height":512,"caption":"Bellunopress"},"image":{"@id":"https:\/\/www.bellunopress.it\/#\/schema\/logo\/image\/"},"sameAs":["https:\/\/www.facebook.com\/profile.php?id=100008943462799","https:\/\/x.com\/bellunopress","https:\/\/www.linkedin.com\/hp\/?dnr=JBzUWaJfMUw8vbXJJ2tVW5-I3jZKvC4wsoxE&amp;amp;amp;amp;amp;amp;trk=nav_responsive_tab_home","https:\/\/www.youtube.com\/channel\/UCxL0wu1uN0_3_7hGG0306cw"]},{"@type":"Person","@id":"https:\/\/www.bellunopress.it\/#\/schema\/person\/79bb06722b37ece1c03d3e94beb30d73","name":"r\u00e9daction","image":{"@type":"ImageObject","inLanguage":"fr-FR","@id":"https:\/\/secure.gravatar.com\/avatar\/37d968a2e67a6fd04c169c4bdef102d0bc5d31b2546345219e348575eb80e9a0?s=96&d=mm&r=g","url":"https:\/\/secure.gravatar.com\/avatar\/37d968a2e67a6fd04c169c4bdef102d0bc5d31b2546345219e348575eb80e9a0?s=96&d=mm&r=g","contentUrl":"https:\/\/secure.gravatar.com\/avatar\/37d968a2e67a6fd04c169c4bdef102d0bc5d31b2546345219e348575eb80e9a0?s=96&d=mm&r=g","caption":"redazione"},"sameAs":["http:\/\/www.bellunopress.it","https:\/\/x.com\/bellunopress"],"url":"https:\/\/www.bellunopress.it\/fr\/author\/redazione\/"}]}},"_links":{"self":[{"href":"https:\/\/www.bellunopress.it\/fr\/wp-json\/wp\/v2\/posts\/44782","targetHints":{"allow":["GET"]}}],"collection":[{"href":"https:\/\/www.bellunopress.it\/fr\/wp-json\/wp\/v2\/posts"}],"about":[{"href":"https:\/\/www.bellunopress.it\/fr\/wp-json\/wp\/v2\/types\/post"}],"author":[{"embeddable":true,"href":"https:\/\/www.bellunopress.it\/fr\/wp-json\/wp\/v2\/users\/2"}],"replies":[{"embeddable":true,"href":"https:\/\/www.bellunopress.it\/fr\/wp-json\/wp\/v2\/comments?post=44782"}],"version-history":[{"count":5,"href":"https:\/\/www.bellunopress.it\/fr\/wp-json\/wp\/v2\/posts\/44782\/revisions"}],"predecessor-version":[{"id":45011,"href":"https:\/\/www.bellunopress.it\/fr\/wp-json\/wp\/v2\/posts\/44782\/revisions\/45011"}],"wp:attachment":[{"href":"https:\/\/www.bellunopress.it\/fr\/wp-json\/wp\/v2\/media?parent=44782"}],"wp:term":[{"taxonomy":"category","embeddable":true,"href":"https:\/\/www.bellunopress.it\/fr\/wp-json\/wp\/v2\/categories?post=44782"},{"taxonomy":"post_tag","embeddable":true,"href":"https:\/\/www.bellunopress.it\/fr\/wp-json\/wp\/v2\/tags?post=44782"}],"curies":[{"name":"wp","href":"https:\/\/api.w.org\/{rel}","templated":true}]}}