{"id":44776,"date":"2012-12-14T17:09:46","date_gmt":"2012-12-14T16:09:46","guid":{"rendered":"http:\/\/www.bellunopress.it\/?p=44776"},"modified":"2012-12-14T17:09:46","modified_gmt":"2012-12-14T16:09:46","slug":"dimissioni-del-presidente-della-comunita-montana-val-belluna-i-comuni-di-trichiana-e-mel-dichiarano-la-loro-estraneita-sulla-decisione-di-maraga","status":"publish","type":"post","link":"https:\/\/www.bellunopress.it\/fr\/2012\/12\/14\/dimissioni-del-presidente-della-comunita-montana-val-belluna-i-comuni-di-trichiana-e-mel-dichiarano-la-loro-estraneita-sulla-decisione-di-maraga\/","title":{"rendered":"Dimissioni del presidente della Comunit\u00e0 montana Val Belluna. I comuni di Trichiana e Mel dichiarano la loro estraneit\u00e0 sulla decisione di Maraga"},"content":{"rendered":"<figure id=\"attachment_44777\" aria-describedby=\"caption-attachment-44777\" style=\"width: 119px\" class=\"wp-caption alignleft\"><a href=\"http:\/\/www.bellunopress.it\/wp-content\/uploads\/2012\/12\/roberto-maraga.jpg\"><img loading=\"lazy\" decoding=\"async\" class=\"size-full wp-image-44777\" alt=\"Roberto Maraga\" src=\"http:\/\/www.bellunopress.it\/wp-content\/uploads\/2012\/12\/roberto-maraga.jpg\" width=\"119\" height=\"160\" \/><\/a><figcaption id=\"caption-attachment-44777\" class=\"wp-caption-text\">Roberto Maraga<\/figcaption><\/figure>\n<p>&#8220;Apprendiamo con stupore delle dimissioni del nostro Presidente della Comunit\u00e0 Montana Val Belluna, Roberto Maraga, anche se, in pi\u00f9 occasioni, annunciate dallo stesso in sedi e tempi diversi&#8221;. Lo comunicano in una nota congiunta i sindaci dei comuni di Trichiana e di Mel.<\/p>\n<p>&#8220;Lo stupore nasce dal fatto che, da quanto ci \u00e8 dato sapere &#8211; prosegue il comunicato &#8211; , nessuno all\u2019interno del Consiglio n\u00e9 all\u2019interno della Conferenza dei Sindaci ha mai manifestato alcun atto di sfiducia nei confronti dell&#8217;operato del Presidente n\u00e9 tanto meno nei confronti dell\u2019Ente da lui guidato.<\/p>\n<p>Ci\u00f2 che \u00e8 sbagliato, \u00e8 trasmettere ai cittadini il messaggio che il Presidente Maraga si \u00e8 dimesso a seguito delle scelte assolutamente legittime assunte dei Consigli Comunali di Mel e Trichiana. Infatti, dato che la Comunit\u00e0 montana costituisce un ente di secondo grado, il cui organo assembleare, tra cui il Presidente, \u00e8 costituito da rappresentanti dei Comuni che la costituiscono, ad essa spetta il compito di attuare gli atti di indirizzo politico-amministrativo che in piena autonomia ciascun Comune emana.<\/p>\n<p>I Comuni di Mel e Trichiana non si sentono in alcun modo responsabili, n\u00e9 direttamente n\u00e9 indirettamente, delle dimissioni di Maraga e ritengono le stesse frutto di sue scelte autonome e assolutamente personali e, a nostro parere, in questo particolare momento storico, del tutto inopportune.<\/p>\n<p>Se invece, come volutamente sottolineato, non si discute la sostanza ma, tanto per sollevare polveroni, si contesta il metodo accusando i Sindaci di Trichiana e Mel di non aver mai esplicitamente detto questa loro intenzione nelle Conferenze dei Sindaci, allora pi\u00f9 che mai vale il proverbio che \u201cnon c&#8217;\u00e8 peggior sordo di chi non vuol sentire\u201d.<\/p>\n<p>Al di l\u00e0 dei molteplici incontri promossi in questi tre anni dagli stessi Sindaci di Mel e Trichiana con gli altri colleghi della Sinistra Piave, a volte anche alla presenza di Giunte o Capigruppo di maggioranza, a cui ormai l&#8217;ex assessore Magagnin farebbe bene ad informarsi prima di elargire lezioni di correttezza e rispetto, si ricorda soltanto che sia nell&#8217;incontro del 26 ottobre come in quello del 9 novembre, anche alla presenza dei Sindaci di Santa Giustina, San Gregorio nelle Alpi e Cesiomaggiore, da parte di Cavallet e Cesa \u00e8 stato chiaramente espresso che per Trichiana e Mel l&#8217;ambito ottimale per svolgere assieme tutti i servizi comunali erogati \u00e8 il territorio dei quattro Comuni della Sinistra Piave. Altre sono state le occasioni per ribadire questo concetto attraverso la stampa o la televisione anche perch\u00e9 lo stesso Presidente Maraga non si era mai riservato di esprimere la sua personale opinione sull&#8217;opportunit\u00e0 di un Comune unico in Sinistra Piave e sulla fusione tra Sedico e Sospirolo.<\/p>\n<p>I Consigli Comunali di Trichiana e Mel, con le delibere tanto discusse nel Consiglio Comunitario, in un quadro normativo complesso e ancora piuttosto incerto, hanno avuto il coraggio di scegliere e assumersi la responsabilit\u00e0 della scelta prima di inesorabili ed inevitabili imposizioni centralistiche. E&#8217; comunque paradossale che mentre due Comuni procedono nel desiderio di intensificare le collaborazioni amministrative per far fronte alle sfide economiche del futuro cercando di coinvolgere anche gli altri due Comuni della sx Piave, si gridi allo scandalo, mentre passa per normalit\u00e0 e non si dice nulla sul fatto che una decina di Comuni bellunesi stanno intraprendendo un iter amministrativo che li porter\u00e0 ad un referendum per passare in altra Regione.<\/p>\n<p>&nbsp;<\/p>\n<p>&nbsp;<\/p>\n<p>&nbsp;<\/p>\n<p>&nbsp;<\/p>\n<p>&nbsp;<\/p>\n<p>&nbsp;<\/p>\n<p>&nbsp;<\/p>\n<p>&nbsp;<\/p>","protected":false},"excerpt":{"rendered":"<p>&#8220;Apprendiamo con stupore delle dimissioni del nostro Presidente della Comunit\u00e0 Montana Val Belluna, Roberto Maraga, anche se, in pi\u00f9 occasioni, annunciate dallo stesso in sedi e tempi diversi&#8221;. Lo comunicano in una nota congiunta i sindaci dei comuni di Trichiana e di Mel. &#8220;Lo stupore nasce dal fatto che, da quanto ci \u00e8 dato sapere [&hellip;]<\/p>\n","protected":false},"author":2,"featured_media":0,"comment_status":"closed","ping_status":"open","sticky":false,"template":"","format":"standard","meta":{"footnotes":""},"categories":[5,26],"tags":[],"class_list":["post-44776","post","type-post","status-publish","format-standard","category-cronaca","category-prima-pagina"],"yoast_head":"<!-- This site is optimized with the Yoast SEO plugin v28.4 - https:\/\/yoast.com\/product\/yoast-seo-wordpress\/ -->\n<title>Dimissioni del presidente della Comunit\u00e0 montana Val Belluna. I comuni di Trichiana e Mel dichiarano la loro estraneit\u00e0 sulla decisione di Maraga - Bellunopress - Dolomiti<\/title>\n<meta name=\"robots\" content=\"index, follow, max-snippet:-1, max-image-preview:large, max-video-preview:-1\" \/>\n<link rel=\"canonical\" href=\"https:\/\/www.bellunopress.it\/fr\/2012\/12\/14\/dimissioni-del-presidente-della-comunita-montana-val-belluna-i-comuni-di-trichiana-e-mel-dichiarano-la-loro-estraneita-sulla-decisione-di-maraga\/\" \/>\n<meta property=\"og:locale\" content=\"fr_FR\" \/>\n<meta property=\"og:type\" content=\"article\" \/>\n<meta property=\"og:title\" content=\"Dimissioni del presidente della Comunit\u00e0 montana Val Belluna. I comuni di Trichiana e Mel dichiarano la loro estraneit\u00e0 sulla decisione di Maraga - Bellunopress - Dolomiti\" \/>\n<meta property=\"og:description\" content=\"&#8220;Apprendiamo con stupore delle dimissioni del nostro Presidente della Comunit\u00e0 Montana Val Belluna, Roberto Maraga, anche se, in pi\u00f9 occasioni, annunciate dallo stesso in sedi e tempi diversi&#8221;. Lo comunicano in una nota congiunta i sindaci dei comuni di Trichiana e di Mel. &#8220;Lo stupore nasce dal fatto che, da quanto ci \u00e8 dato sapere [&hellip;]\" \/>\n<meta property=\"og:url\" content=\"https:\/\/www.bellunopress.it\/fr\/2012\/12\/14\/dimissioni-del-presidente-della-comunita-montana-val-belluna-i-comuni-di-trichiana-e-mel-dichiarano-la-loro-estraneita-sulla-decisione-di-maraga\/\" \/>\n<meta property=\"og:site_name\" content=\"Bellunopress - Dolomiti\" \/>\n<meta property=\"article:publisher\" content=\"https:\/\/www.facebook.com\/profile.php?id=100008943462799\" \/>\n<meta property=\"article:published_time\" content=\"2012-12-14T16:09:46+00:00\" \/>\n<meta property=\"og:image\" content=\"http:\/\/www.bellunopress.it\/wp-content\/uploads\/2012\/12\/roberto-maraga.jpg\" \/>\n<meta name=\"author\" content=\"redazione\" \/>\n<meta name=\"twitter:card\" content=\"summary_large_image\" \/>\n<meta name=\"twitter:creator\" content=\"@bellunopress\" \/>\n<meta name=\"twitter:site\" content=\"@bellunopress\" \/>\n<meta name=\"twitter:label1\" content=\"Written by\" \/>\n\t<meta name=\"twitter:data1\" content=\"redazione\" \/>\n\t<meta name=\"twitter:label2\" content=\"Est. reading time\" \/>\n\t<meta name=\"twitter:data2\" content=\"3 minutes\" \/>\n<script type=\"application\/ld+json\" class=\"yoast-schema-graph\">{\"@context\":\"https:\\\/\\\/schema.org\",\"@graph\":[{\"@type\":\"Article\",\"@id\":\"https:\\\/\\\/www.bellunopress.it\\\/2012\\\/12\\\/14\\\/dimissioni-del-presidente-della-comunita-montana-val-belluna-i-comuni-di-trichiana-e-mel-dichiarano-la-loro-estraneita-sulla-decisione-di-maraga\\\/#article\",\"isPartOf\":{\"@id\":\"https:\\\/\\\/www.bellunopress.it\\\/2012\\\/12\\\/14\\\/dimissioni-del-presidente-della-comunita-montana-val-belluna-i-comuni-di-trichiana-e-mel-dichiarano-la-loro-estraneita-sulla-decisione-di-maraga\\\/\"},\"author\":{\"name\":\"redazione\",\"@id\":\"https:\\\/\\\/www.bellunopress.it\\\/#\\\/schema\\\/person\\\/79bb06722b37ece1c03d3e94beb30d73\"},\"headline\":\"Dimissioni del presidente della Comunit\u00e0 montana Val Belluna. I comuni di Trichiana e Mel dichiarano la loro estraneit\u00e0 sulla decisione di Maraga\",\"datePublished\":\"2012-12-14T16:09:46+00:00\",\"mainEntityOfPage\":{\"@id\":\"https:\\\/\\\/www.bellunopress.it\\\/2012\\\/12\\\/14\\\/dimissioni-del-presidente-della-comunita-montana-val-belluna-i-comuni-di-trichiana-e-mel-dichiarano-la-loro-estraneita-sulla-decisione-di-maraga\\\/\"},\"wordCount\":587,\"publisher\":{\"@id\":\"https:\\\/\\\/www.bellunopress.it\\\/#organization\"},\"image\":{\"@id\":\"https:\\\/\\\/www.bellunopress.it\\\/2012\\\/12\\\/14\\\/dimissioni-del-presidente-della-comunita-montana-val-belluna-i-comuni-di-trichiana-e-mel-dichiarano-la-loro-estraneita-sulla-decisione-di-maraga\\\/#primaryimage\"},\"thumbnailUrl\":\"http:\\\/\\\/www.bellunopress.it\\\/wp-content\\\/uploads\\\/2012\\\/12\\\/roberto-maraga.jpg\",\"articleSection\":[\"Cronaca\\\/Politica\",\"Prima Pagina\"],\"inLanguage\":\"fr-FR\"},{\"@type\":\"WebPage\",\"@id\":\"https:\\\/\\\/www.bellunopress.it\\\/2012\\\/12\\\/14\\\/dimissioni-del-presidente-della-comunita-montana-val-belluna-i-comuni-di-trichiana-e-mel-dichiarano-la-loro-estraneita-sulla-decisione-di-maraga\\\/\",\"url\":\"https:\\\/\\\/www.bellunopress.it\\\/2012\\\/12\\\/14\\\/dimissioni-del-presidente-della-comunita-montana-val-belluna-i-comuni-di-trichiana-e-mel-dichiarano-la-loro-estraneita-sulla-decisione-di-maraga\\\/\",\"name\":\"Dimissioni del presidente della Comunit\u00e0 montana Val Belluna. I comuni di Trichiana e Mel dichiarano la loro estraneit\u00e0 sulla decisione di Maraga - Bellunopress - Dolomiti\",\"isPartOf\":{\"@id\":\"https:\\\/\\\/www.bellunopress.it\\\/#website\"},\"primaryImageOfPage\":{\"@id\":\"https:\\\/\\\/www.bellunopress.it\\\/2012\\\/12\\\/14\\\/dimissioni-del-presidente-della-comunita-montana-val-belluna-i-comuni-di-trichiana-e-mel-dichiarano-la-loro-estraneita-sulla-decisione-di-maraga\\\/#primaryimage\"},\"image\":{\"@id\":\"https:\\\/\\\/www.bellunopress.it\\\/2012\\\/12\\\/14\\\/dimissioni-del-presidente-della-comunita-montana-val-belluna-i-comuni-di-trichiana-e-mel-dichiarano-la-loro-estraneita-sulla-decisione-di-maraga\\\/#primaryimage\"},\"thumbnailUrl\":\"http:\\\/\\\/www.bellunopress.it\\\/wp-content\\\/uploads\\\/2012\\\/12\\\/roberto-maraga.jpg\",\"datePublished\":\"2012-12-14T16:09:46+00:00\",\"breadcrumb\":{\"@id\":\"https:\\\/\\\/www.bellunopress.it\\\/2012\\\/12\\\/14\\\/dimissioni-del-presidente-della-comunita-montana-val-belluna-i-comuni-di-trichiana-e-mel-dichiarano-la-loro-estraneita-sulla-decisione-di-maraga\\\/#breadcrumb\"},\"inLanguage\":\"fr-FR\",\"potentialAction\":[{\"@type\":\"ReadAction\",\"target\":[\"https:\\\/\\\/www.bellunopress.it\\\/2012\\\/12\\\/14\\\/dimissioni-del-presidente-della-comunita-montana-val-belluna-i-comuni-di-trichiana-e-mel-dichiarano-la-loro-estraneita-sulla-decisione-di-maraga\\\/\"]}]},{\"@type\":\"ImageObject\",\"inLanguage\":\"fr-FR\",\"@id\":\"https:\\\/\\\/www.bellunopress.it\\\/2012\\\/12\\\/14\\\/dimissioni-del-presidente-della-comunita-montana-val-belluna-i-comuni-di-trichiana-e-mel-dichiarano-la-loro-estraneita-sulla-decisione-di-maraga\\\/#primaryimage\",\"url\":\"http:\\\/\\\/www.bellunopress.it\\\/wp-content\\\/uploads\\\/2012\\\/12\\\/roberto-maraga.jpg\",\"contentUrl\":\"http:\\\/\\\/www.bellunopress.it\\\/wp-content\\\/uploads\\\/2012\\\/12\\\/roberto-maraga.jpg\"},{\"@type\":\"BreadcrumbList\",\"@id\":\"https:\\\/\\\/www.bellunopress.it\\\/2012\\\/12\\\/14\\\/dimissioni-del-presidente-della-comunita-montana-val-belluna-i-comuni-di-trichiana-e-mel-dichiarano-la-loro-estraneita-sulla-decisione-di-maraga\\\/#breadcrumb\",\"itemListElement\":[{\"@type\":\"ListItem\",\"position\":1,\"name\":\"Home\",\"item\":\"https:\\\/\\\/www.bellunopress.it\\\/\"},{\"@type\":\"ListItem\",\"position\":2,\"name\":\"Dimissioni del presidente della Comunit\u00e0 montana Val Belluna. I comuni di Trichiana e Mel dichiarano la loro estraneit\u00e0 sulla decisione di Maraga\"}]},{\"@type\":\"WebSite\",\"@id\":\"https:\\\/\\\/www.bellunopress.it\\\/#website\",\"url\":\"https:\\\/\\\/www.bellunopress.it\\\/\",\"name\":\"Bellunopress - Dolomiti\",\"description\":\"e-mail: redazione@bellunopress.it\",\"publisher\":{\"@id\":\"https:\\\/\\\/www.bellunopress.it\\\/#organization\"},\"potentialAction\":[{\"@type\":\"SearchAction\",\"target\":{\"@type\":\"EntryPoint\",\"urlTemplate\":\"https:\\\/\\\/www.bellunopress.it\\\/?s={search_term_string}\"},\"query-input\":{\"@type\":\"PropertyValueSpecification\",\"valueRequired\":true,\"valueName\":\"search_term_string\"}}],\"inLanguage\":\"fr-FR\"},{\"@type\":\"Organization\",\"@id\":\"https:\\\/\\\/www.bellunopress.it\\\/#organization\",\"name\":\"Bellunopress\",\"url\":\"https:\\\/\\\/www.bellunopress.it\\\/\",\"logo\":{\"@type\":\"ImageObject\",\"inLanguage\":\"fr-FR\",\"@id\":\"https:\\\/\\\/www.bellunopress.it\\\/#\\\/schema\\\/logo\\\/image\\\/\",\"url\":\"https:\\\/\\\/www.bellunopress.it\\\/wp-content\\\/uploads\\\/2011\\\/05\\\/cropped-logo-bellunopress-.jpg\",\"contentUrl\":\"https:\\\/\\\/www.bellunopress.it\\\/wp-content\\\/uploads\\\/2011\\\/05\\\/cropped-logo-bellunopress-.jpg\",\"width\":512,\"height\":512,\"caption\":\"Bellunopress\"},\"image\":{\"@id\":\"https:\\\/\\\/www.bellunopress.it\\\/#\\\/schema\\\/logo\\\/image\\\/\"},\"sameAs\":[\"https:\\\/\\\/www.facebook.com\\\/profile.php?id=100008943462799\",\"https:\\\/\\\/x.com\\\/bellunopress\",\"https:\\\/\\\/www.linkedin.com\\\/hp\\\/?dnr=JBzUWaJfMUw8vbXJJ2tVW5-I3jZKvC4wsoxE&amp;amp;amp;amp;amp;amp;trk=nav_responsive_tab_home\",\"https:\\\/\\\/www.youtube.com\\\/channel\\\/UCxL0wu1uN0_3_7hGG0306cw\"]},{\"@type\":\"Person\",\"@id\":\"https:\\\/\\\/www.bellunopress.it\\\/#\\\/schema\\\/person\\\/79bb06722b37ece1c03d3e94beb30d73\",\"name\":\"redazione\",\"image\":{\"@type\":\"ImageObject\",\"inLanguage\":\"fr-FR\",\"@id\":\"https:\\\/\\\/secure.gravatar.com\\\/avatar\\\/37d968a2e67a6fd04c169c4bdef102d0bc5d31b2546345219e348575eb80e9a0?s=96&d=mm&r=g\",\"url\":\"https:\\\/\\\/secure.gravatar.com\\\/avatar\\\/37d968a2e67a6fd04c169c4bdef102d0bc5d31b2546345219e348575eb80e9a0?s=96&d=mm&r=g\",\"contentUrl\":\"https:\\\/\\\/secure.gravatar.com\\\/avatar\\\/37d968a2e67a6fd04c169c4bdef102d0bc5d31b2546345219e348575eb80e9a0?s=96&d=mm&r=g\",\"caption\":\"redazione\"},\"sameAs\":[\"http:\\\/\\\/www.bellunopress.it\",\"https:\\\/\\\/x.com\\\/bellunopress\"],\"url\":\"https:\\\/\\\/www.bellunopress.it\\\/fr\\\/author\\\/redazione\\\/\"}]}<\/script>\n<!-- \/ Yoast SEO plugin. -->","yoast_head_json":{"title":"Dimissioni del presidente della Comunit\u00e0 montana Val Belluna. I comuni di Trichiana e Mel dichiarano la loro estraneit\u00e0 sulla decisione di Maraga - Bellunopress - Dolomiti","robots":{"index":"index","follow":"follow","max-snippet":"max-snippet:-1","max-image-preview":"max-image-preview:large","max-video-preview":"max-video-preview:-1"},"canonical":"https:\/\/www.bellunopress.it\/fr\/2012\/12\/14\/dimissioni-del-presidente-della-comunita-montana-val-belluna-i-comuni-di-trichiana-e-mel-dichiarano-la-loro-estraneita-sulla-decisione-di-maraga\/","og_locale":"fr_FR","og_type":"article","og_title":"Dimissioni del presidente della Comunit\u00e0 montana Val Belluna. I comuni di Trichiana e Mel dichiarano la loro estraneit\u00e0 sulla decisione di Maraga - Bellunopress - Dolomiti","og_description":"&#8220;Apprendiamo con stupore delle dimissioni del nostro Presidente della Comunit\u00e0 Montana Val Belluna, Roberto Maraga, anche se, in pi\u00f9 occasioni, annunciate dallo stesso in sedi e tempi diversi&#8221;. Lo comunicano in una nota congiunta i sindaci dei comuni di Trichiana e di Mel. &#8220;Lo stupore nasce dal fatto che, da quanto ci \u00e8 dato sapere [&hellip;]","og_url":"https:\/\/www.bellunopress.it\/fr\/2012\/12\/14\/dimissioni-del-presidente-della-comunita-montana-val-belluna-i-comuni-di-trichiana-e-mel-dichiarano-la-loro-estraneita-sulla-decisione-di-maraga\/","og_site_name":"Bellunopress - Dolomiti","article_publisher":"https:\/\/www.facebook.com\/profile.php?id=100008943462799","article_published_time":"2012-12-14T16:09:46+00:00","og_image":[{"url":"http:\/\/www.bellunopress.it\/wp-content\/uploads\/2012\/12\/roberto-maraga.jpg","type":"","width":"","height":""}],"author":"redazione","twitter_card":"summary_large_image","twitter_creator":"@bellunopress","twitter_site":"@bellunopress","twitter_misc":{"Written by":"redazione","Est. reading time":"3 minutes"},"schema":{"@context":"https:\/\/schema.org","@graph":[{"@type":"Article","@id":"https:\/\/www.bellunopress.it\/2012\/12\/14\/dimissioni-del-presidente-della-comunita-montana-val-belluna-i-comuni-di-trichiana-e-mel-dichiarano-la-loro-estraneita-sulla-decisione-di-maraga\/#article","isPartOf":{"@id":"https:\/\/www.bellunopress.it\/2012\/12\/14\/dimissioni-del-presidente-della-comunita-montana-val-belluna-i-comuni-di-trichiana-e-mel-dichiarano-la-loro-estraneita-sulla-decisione-di-maraga\/"},"author":{"name":"redazione","@id":"https:\/\/www.bellunopress.it\/#\/schema\/person\/79bb06722b37ece1c03d3e94beb30d73"},"headline":"Dimissioni del presidente della Comunit\u00e0 montana Val Belluna. I comuni di Trichiana e Mel dichiarano la loro estraneit\u00e0 sulla decisione di Maraga","datePublished":"2012-12-14T16:09:46+00:00","mainEntityOfPage":{"@id":"https:\/\/www.bellunopress.it\/2012\/12\/14\/dimissioni-del-presidente-della-comunita-montana-val-belluna-i-comuni-di-trichiana-e-mel-dichiarano-la-loro-estraneita-sulla-decisione-di-maraga\/"},"wordCount":587,"publisher":{"@id":"https:\/\/www.bellunopress.it\/#organization"},"image":{"@id":"https:\/\/www.bellunopress.it\/2012\/12\/14\/dimissioni-del-presidente-della-comunita-montana-val-belluna-i-comuni-di-trichiana-e-mel-dichiarano-la-loro-estraneita-sulla-decisione-di-maraga\/#primaryimage"},"thumbnailUrl":"http:\/\/www.bellunopress.it\/wp-content\/uploads\/2012\/12\/roberto-maraga.jpg","articleSection":["Cronaca\/Politica","Prima Pagina"],"inLanguage":"fr-FR"},{"@type":"WebPage","@id":"https:\/\/www.bellunopress.it\/2012\/12\/14\/dimissioni-del-presidente-della-comunita-montana-val-belluna-i-comuni-di-trichiana-e-mel-dichiarano-la-loro-estraneita-sulla-decisione-di-maraga\/","url":"https:\/\/www.bellunopress.it\/2012\/12\/14\/dimissioni-del-presidente-della-comunita-montana-val-belluna-i-comuni-di-trichiana-e-mel-dichiarano-la-loro-estraneita-sulla-decisione-di-maraga\/","name":"Dimissioni del presidente della Comunit\u00e0 montana Val Belluna. I comuni di Trichiana e Mel dichiarano la loro estraneit\u00e0 sulla decisione di Maraga - Bellunopress - Dolomiti","isPartOf":{"@id":"https:\/\/www.bellunopress.it\/#website"},"primaryImageOfPage":{"@id":"https:\/\/www.bellunopress.it\/2012\/12\/14\/dimissioni-del-presidente-della-comunita-montana-val-belluna-i-comuni-di-trichiana-e-mel-dichiarano-la-loro-estraneita-sulla-decisione-di-maraga\/#primaryimage"},"image":{"@id":"https:\/\/www.bellunopress.it\/2012\/12\/14\/dimissioni-del-presidente-della-comunita-montana-val-belluna-i-comuni-di-trichiana-e-mel-dichiarano-la-loro-estraneita-sulla-decisione-di-maraga\/#primaryimage"},"thumbnailUrl":"http:\/\/www.bellunopress.it\/wp-content\/uploads\/2012\/12\/roberto-maraga.jpg","datePublished":"2012-12-14T16:09:46+00:00","breadcrumb":{"@id":"https:\/\/www.bellunopress.it\/2012\/12\/14\/dimissioni-del-presidente-della-comunita-montana-val-belluna-i-comuni-di-trichiana-e-mel-dichiarano-la-loro-estraneita-sulla-decisione-di-maraga\/#breadcrumb"},"inLanguage":"fr-FR","potentialAction":[{"@type":"ReadAction","target":["https:\/\/www.bellunopress.it\/2012\/12\/14\/dimissioni-del-presidente-della-comunita-montana-val-belluna-i-comuni-di-trichiana-e-mel-dichiarano-la-loro-estraneita-sulla-decisione-di-maraga\/"]}]},{"@type":"ImageObject","inLanguage":"fr-FR","@id":"https:\/\/www.bellunopress.it\/2012\/12\/14\/dimissioni-del-presidente-della-comunita-montana-val-belluna-i-comuni-di-trichiana-e-mel-dichiarano-la-loro-estraneita-sulla-decisione-di-maraga\/#primaryimage","url":"http:\/\/www.bellunopress.it\/wp-content\/uploads\/2012\/12\/roberto-maraga.jpg","contentUrl":"http:\/\/www.bellunopress.it\/wp-content\/uploads\/2012\/12\/roberto-maraga.jpg"},{"@type":"BreadcrumbList","@id":"https:\/\/www.bellunopress.it\/2012\/12\/14\/dimissioni-del-presidente-della-comunita-montana-val-belluna-i-comuni-di-trichiana-e-mel-dichiarano-la-loro-estraneita-sulla-decisione-di-maraga\/#breadcrumb","itemListElement":[{"@type":"ListItem","position":1,"name":"Home","item":"https:\/\/www.bellunopress.it\/"},{"@type":"ListItem","position":2,"name":"Dimissioni del presidente della Comunit\u00e0 montana Val Belluna. I comuni di Trichiana e Mel dichiarano la loro estraneit\u00e0 sulla decisione di Maraga"}]},{"@type":"WebSite","@id":"https:\/\/www.bellunopress.it\/#website","url":"https:\/\/www.bellunopress.it\/","name":"Bellunopress - Dolomiti","description":"e-mail: redazione@bellunopress.it","publisher":{"@id":"https:\/\/www.bellunopress.it\/#organization"},"potentialAction":[{"@type":"SearchAction","target":{"@type":"EntryPoint","urlTemplate":"https:\/\/www.bellunopress.it\/?s={search_term_string}"},"query-input":{"@type":"PropertyValueSpecification","valueRequired":true,"valueName":"search_term_string"}}],"inLanguage":"fr-FR"},{"@type":"Organization","@id":"https:\/\/www.bellunopress.it\/#organization","name":"Bellunopress","url":"https:\/\/www.bellunopress.it\/","logo":{"@type":"ImageObject","inLanguage":"fr-FR","@id":"https:\/\/www.bellunopress.it\/#\/schema\/logo\/image\/","url":"https:\/\/www.bellunopress.it\/wp-content\/uploads\/2011\/05\/cropped-logo-bellunopress-.jpg","contentUrl":"https:\/\/www.bellunopress.it\/wp-content\/uploads\/2011\/05\/cropped-logo-bellunopress-.jpg","width":512,"height":512,"caption":"Bellunopress"},"image":{"@id":"https:\/\/www.bellunopress.it\/#\/schema\/logo\/image\/"},"sameAs":["https:\/\/www.facebook.com\/profile.php?id=100008943462799","https:\/\/x.com\/bellunopress","https:\/\/www.linkedin.com\/hp\/?dnr=JBzUWaJfMUw8vbXJJ2tVW5-I3jZKvC4wsoxE&amp;amp;amp;amp;amp;amp;trk=nav_responsive_tab_home","https:\/\/www.youtube.com\/channel\/UCxL0wu1uN0_3_7hGG0306cw"]},{"@type":"Person","@id":"https:\/\/www.bellunopress.it\/#\/schema\/person\/79bb06722b37ece1c03d3e94beb30d73","name":"r\u00e9daction","image":{"@type":"ImageObject","inLanguage":"fr-FR","@id":"https:\/\/secure.gravatar.com\/avatar\/37d968a2e67a6fd04c169c4bdef102d0bc5d31b2546345219e348575eb80e9a0?s=96&d=mm&r=g","url":"https:\/\/secure.gravatar.com\/avatar\/37d968a2e67a6fd04c169c4bdef102d0bc5d31b2546345219e348575eb80e9a0?s=96&d=mm&r=g","contentUrl":"https:\/\/secure.gravatar.com\/avatar\/37d968a2e67a6fd04c169c4bdef102d0bc5d31b2546345219e348575eb80e9a0?s=96&d=mm&r=g","caption":"redazione"},"sameAs":["http:\/\/www.bellunopress.it","https:\/\/x.com\/bellunopress"],"url":"https:\/\/www.bellunopress.it\/fr\/author\/redazione\/"}]}},"_links":{"self":[{"href":"https:\/\/www.bellunopress.it\/fr\/wp-json\/wp\/v2\/posts\/44776","targetHints":{"allow":["GET"]}}],"collection":[{"href":"https:\/\/www.bellunopress.it\/fr\/wp-json\/wp\/v2\/posts"}],"about":[{"href":"https:\/\/www.bellunopress.it\/fr\/wp-json\/wp\/v2\/types\/post"}],"author":[{"embeddable":true,"href":"https:\/\/www.bellunopress.it\/fr\/wp-json\/wp\/v2\/users\/2"}],"replies":[{"embeddable":true,"href":"https:\/\/www.bellunopress.it\/fr\/wp-json\/wp\/v2\/comments?post=44776"}],"version-history":[{"count":2,"href":"https:\/\/www.bellunopress.it\/fr\/wp-json\/wp\/v2\/posts\/44776\/revisions"}],"predecessor-version":[{"id":44779,"href":"https:\/\/www.bellunopress.it\/fr\/wp-json\/wp\/v2\/posts\/44776\/revisions\/44779"}],"wp:attachment":[{"href":"https:\/\/www.bellunopress.it\/fr\/wp-json\/wp\/v2\/media?parent=44776"}],"wp:term":[{"taxonomy":"category","embeddable":true,"href":"https:\/\/www.bellunopress.it\/fr\/wp-json\/wp\/v2\/categories?post=44776"},{"taxonomy":"post_tag","embeddable":true,"href":"https:\/\/www.bellunopress.it\/fr\/wp-json\/wp\/v2\/tags?post=44776"}],"curies":[{"name":"wp","href":"https:\/\/api.w.org\/{rel}","templated":true}]}}