{"id":44745,"date":"2012-12-13T18:52:20","date_gmt":"2012-12-13T17:52:20","guid":{"rendered":"http:\/\/www.bellunopress.it\/?p=44745"},"modified":"2012-12-13T18:52:20","modified_gmt":"2012-12-13T17:52:20","slug":"da-giugno-miglioramenti-alle-linee-ferroviarie-venete","status":"publish","type":"post","link":"https:\/\/www.bellunopress.it\/fr\/2012\/12\/13\/da-giugno-miglioramenti-alle-linee-ferroviarie-venete\/","title":{"rendered":"Da giugno miglioramenti alle linee ferroviarie venete"},"content":{"rendered":"<figure id=\"attachment_8175\" aria-describedby=\"caption-attachment-8175\" style=\"width: 246px\" class=\"wp-caption alignleft\"><a href=\"http:\/\/www.bellunopress.it\/wp-content\/uploads\/2009\/09\/renato-chisso.jpg\"><img loading=\"lazy\" decoding=\"async\" class=\"size-full wp-image-8175\" alt=\"Renato Chisso\" src=\"http:\/\/www.bellunopress.it\/wp-content\/uploads\/2009\/09\/renato-chisso.jpg\" width=\"246\" height=\"280\" \/><\/a><figcaption id=\"caption-attachment-8175\" class=\"wp-caption-text\">Renato Chisso<\/figcaption><\/figure>\n<p>Renato Chisso, assessore alle politiche della mobilit\u00e0 del Veneto, non ha dubbi: dal giugno prossimo la situazione inizier\u00e0 a cambiare in meglio per i pendolari che si spostano con il servizio ferroviario regionale. Il principale motivo di tanto ottimismo \u00e8 oggi alle sue spalle: un treno nuovo di fabbrica (svizzera), fermo al primo binario della stazione di Piove di Sacco, il primo di 24 convogli completi, l\u2019ultimo dei quali entrer\u00e0 in servizio nel dicembre del 2013, da adibire alla mobilit\u00e0 locale, acquistati con soldi regionali e dunque di propriet\u00e0 dei veneti. Il secondo motivo \u00e8 che si sta chiudendo la partita dell\u2019individuazione del nuovo sistema di corse cadenzate, in modo da offrire agli utenti servizi di trasporto che si susseguono a intervalli regolari, pi\u00f9 brevi nelle ore di punta e nelle linee pi\u00f9 frequentate, cadenzamenti che cominceranno ad entrare in vigore appunto a giungo, con l\u2019aggiustamento di met\u00e0 anno dell\u2019orario ferroviario.<\/p>\n<p>\u201cQuesti treni sono il futuro del trasporto locale\u201d, ribadisce Chisso, affiancato dal sindaco di Piove Alessandro Marcolin e da Michele Gambato, presidente della societ\u00e0 controllata Sistemi Territoriali che ha materialmente gestito l\u2019appalto per l\u2019acquisto. \u201cSono convinto che sar\u00e0 l\u2019inizio di una nuova stagione: cadenzamento e treni nuovi e capienti \u2013 afferma l\u2019assessore \u2013 ci permettono di guardare ai prossimi anni con un po\u2019 pi\u00f9 di ottimismo di oggi: da giugno le cose dovrebbero cambiare, in termini di puntualit\u00e0 e sovraffollamento, cominciando ad eliminare gran parte dei problemi che riscontriamo quotidianamente\u201d.<\/p>\n<p>Legambiente, qualche giorno fa, ha definito la tratta Padova \u2013 Mestre come la peggiore linea del Veneto. \u201cCredo che questa segnalazione sia limitativa e che nel percorso segnalato le cose non vadano malissimo: ci sono tratte ancora peggiori e lo sappiamo bene noi e i pendolari. Non stiamo per\u00f2 a vedere cosa dicono le varie organizzazioni; siamo consapevoli di quello che accade sulle nostre linee regionali e continuiamo a lavorare per migliorare la situazione. Questi nuovi convogli sono un primo importante contributo \u2013 conclude Chisso \u2013 e da giugno in poi sono certo che le cose continueranno a migliorare\u201d.<\/p>\n<p>&nbsp;<\/p>\n<p>&nbsp;<\/p>","protected":false},"excerpt":{"rendered":"<p>Renato Chisso, assessore alle politiche della mobilit\u00e0 del Veneto, non ha dubbi: dal giugno prossimo la situazione inizier\u00e0 a cambiare in meglio per i pendolari che si spostano con il servizio ferroviario regionale. Il principale motivo di tanto ottimismo \u00e8 oggi alle sue spalle: un treno nuovo di fabbrica (svizzera), fermo al primo binario della [&hellip;]<\/p>\n","protected":false},"author":2,"featured_media":0,"comment_status":"closed","ping_status":"open","sticky":false,"template":"","format":"standard","meta":{"footnotes":""},"categories":[5,26],"tags":[],"class_list":["post-44745","post","type-post","status-publish","format-standard","category-cronaca","category-prima-pagina"],"yoast_head":"<!-- This site is optimized with the Yoast SEO plugin v28.4 - https:\/\/yoast.com\/product\/yoast-seo-wordpress\/ -->\n<title>Da giugno miglioramenti alle linee ferroviarie venete - Bellunopress - Dolomiti<\/title>\n<meta name=\"robots\" content=\"index, follow, max-snippet:-1, max-image-preview:large, max-video-preview:-1\" \/>\n<link rel=\"canonical\" href=\"https:\/\/www.bellunopress.it\/fr\/2012\/12\/13\/da-giugno-miglioramenti-alle-linee-ferroviarie-venete\/\" \/>\n<meta property=\"og:locale\" content=\"fr_FR\" \/>\n<meta property=\"og:type\" content=\"article\" \/>\n<meta property=\"og:title\" content=\"Da giugno miglioramenti alle linee ferroviarie venete - Bellunopress - Dolomiti\" \/>\n<meta property=\"og:description\" content=\"Renato Chisso, assessore alle politiche della mobilit\u00e0 del Veneto, non ha dubbi: dal giugno prossimo la situazione inizier\u00e0 a cambiare in meglio per i pendolari che si spostano con il servizio ferroviario regionale. Il principale motivo di tanto ottimismo \u00e8 oggi alle sue spalle: un treno nuovo di fabbrica (svizzera), fermo al primo binario della [&hellip;]\" \/>\n<meta property=\"og:url\" content=\"https:\/\/www.bellunopress.it\/fr\/2012\/12\/13\/da-giugno-miglioramenti-alle-linee-ferroviarie-venete\/\" \/>\n<meta property=\"og:site_name\" content=\"Bellunopress - Dolomiti\" \/>\n<meta property=\"article:publisher\" content=\"https:\/\/www.facebook.com\/profile.php?id=100008943462799\" \/>\n<meta property=\"article:published_time\" content=\"2012-12-13T17:52:20+00:00\" \/>\n<meta property=\"og:image\" content=\"http:\/\/www.bellunopress.it\/wp-content\/uploads\/2009\/09\/renato-chisso.jpg\" \/>\n<meta name=\"author\" content=\"redazione\" \/>\n<meta name=\"twitter:card\" content=\"summary_large_image\" \/>\n<meta name=\"twitter:creator\" content=\"@bellunopress\" \/>\n<meta name=\"twitter:site\" content=\"@bellunopress\" \/>\n<meta name=\"twitter:label1\" content=\"\u00c9crit par\" \/>\n\t<meta name=\"twitter:data1\" content=\"redazione\" \/>\n\t<meta name=\"twitter:label2\" content=\"Dur\u00e9e de lecture estim\u00e9e\" \/>\n\t<meta name=\"twitter:data2\" content=\"2 minutes\" \/>\n<script type=\"application\/ld+json\" class=\"yoast-schema-graph\">{\"@context\":\"https:\\\/\\\/schema.org\",\"@graph\":[{\"@type\":\"Article\",\"@id\":\"https:\\\/\\\/www.bellunopress.it\\\/2012\\\/12\\\/13\\\/da-giugno-miglioramenti-alle-linee-ferroviarie-venete\\\/#article\",\"isPartOf\":{\"@id\":\"https:\\\/\\\/www.bellunopress.it\\\/2012\\\/12\\\/13\\\/da-giugno-miglioramenti-alle-linee-ferroviarie-venete\\\/\"},\"author\":{\"name\":\"redazione\",\"@id\":\"https:\\\/\\\/www.bellunopress.it\\\/#\\\/schema\\\/person\\\/79bb06722b37ece1c03d3e94beb30d73\"},\"headline\":\"Da giugno miglioramenti alle linee ferroviarie venete\",\"datePublished\":\"2012-12-13T17:52:20+00:00\",\"mainEntityOfPage\":{\"@id\":\"https:\\\/\\\/www.bellunopress.it\\\/2012\\\/12\\\/13\\\/da-giugno-miglioramenti-alle-linee-ferroviarie-venete\\\/\"},\"wordCount\":357,\"publisher\":{\"@id\":\"https:\\\/\\\/www.bellunopress.it\\\/#organization\"},\"image\":{\"@id\":\"https:\\\/\\\/www.bellunopress.it\\\/2012\\\/12\\\/13\\\/da-giugno-miglioramenti-alle-linee-ferroviarie-venete\\\/#primaryimage\"},\"thumbnailUrl\":\"http:\\\/\\\/www.bellunopress.it\\\/wp-content\\\/uploads\\\/2009\\\/09\\\/renato-chisso.jpg\",\"articleSection\":[\"Cronaca\\\/Politica\",\"Prima Pagina\"],\"inLanguage\":\"fr-FR\"},{\"@type\":\"WebPage\",\"@id\":\"https:\\\/\\\/www.bellunopress.it\\\/2012\\\/12\\\/13\\\/da-giugno-miglioramenti-alle-linee-ferroviarie-venete\\\/\",\"url\":\"https:\\\/\\\/www.bellunopress.it\\\/2012\\\/12\\\/13\\\/da-giugno-miglioramenti-alle-linee-ferroviarie-venete\\\/\",\"name\":\"Da giugno miglioramenti alle linee ferroviarie venete - Bellunopress - Dolomiti\",\"isPartOf\":{\"@id\":\"https:\\\/\\\/www.bellunopress.it\\\/#website\"},\"primaryImageOfPage\":{\"@id\":\"https:\\\/\\\/www.bellunopress.it\\\/2012\\\/12\\\/13\\\/da-giugno-miglioramenti-alle-linee-ferroviarie-venete\\\/#primaryimage\"},\"image\":{\"@id\":\"https:\\\/\\\/www.bellunopress.it\\\/2012\\\/12\\\/13\\\/da-giugno-miglioramenti-alle-linee-ferroviarie-venete\\\/#primaryimage\"},\"thumbnailUrl\":\"http:\\\/\\\/www.bellunopress.it\\\/wp-content\\\/uploads\\\/2009\\\/09\\\/renato-chisso.jpg\",\"datePublished\":\"2012-12-13T17:52:20+00:00\",\"breadcrumb\":{\"@id\":\"https:\\\/\\\/www.bellunopress.it\\\/2012\\\/12\\\/13\\\/da-giugno-miglioramenti-alle-linee-ferroviarie-venete\\\/#breadcrumb\"},\"inLanguage\":\"fr-FR\",\"potentialAction\":[{\"@type\":\"ReadAction\",\"target\":[\"https:\\\/\\\/www.bellunopress.it\\\/2012\\\/12\\\/13\\\/da-giugno-miglioramenti-alle-linee-ferroviarie-venete\\\/\"]}]},{\"@type\":\"ImageObject\",\"inLanguage\":\"fr-FR\",\"@id\":\"https:\\\/\\\/www.bellunopress.it\\\/2012\\\/12\\\/13\\\/da-giugno-miglioramenti-alle-linee-ferroviarie-venete\\\/#primaryimage\",\"url\":\"http:\\\/\\\/www.bellunopress.it\\\/wp-content\\\/uploads\\\/2009\\\/09\\\/renato-chisso.jpg\",\"contentUrl\":\"http:\\\/\\\/www.bellunopress.it\\\/wp-content\\\/uploads\\\/2009\\\/09\\\/renato-chisso.jpg\"},{\"@type\":\"BreadcrumbList\",\"@id\":\"https:\\\/\\\/www.bellunopress.it\\\/2012\\\/12\\\/13\\\/da-giugno-miglioramenti-alle-linee-ferroviarie-venete\\\/#breadcrumb\",\"itemListElement\":[{\"@type\":\"ListItem\",\"position\":1,\"name\":\"Home\",\"item\":\"https:\\\/\\\/www.bellunopress.it\\\/\"},{\"@type\":\"ListItem\",\"position\":2,\"name\":\"Da giugno miglioramenti alle linee ferroviarie venete\"}]},{\"@type\":\"WebSite\",\"@id\":\"https:\\\/\\\/www.bellunopress.it\\\/#website\",\"url\":\"https:\\\/\\\/www.bellunopress.it\\\/\",\"name\":\"Bellunopress - Dolomiti\",\"description\":\"e-mail: redazione@bellunopress.it\",\"publisher\":{\"@id\":\"https:\\\/\\\/www.bellunopress.it\\\/#organization\"},\"potentialAction\":[{\"@type\":\"SearchAction\",\"target\":{\"@type\":\"EntryPoint\",\"urlTemplate\":\"https:\\\/\\\/www.bellunopress.it\\\/?s={search_term_string}\"},\"query-input\":{\"@type\":\"PropertyValueSpecification\",\"valueRequired\":true,\"valueName\":\"search_term_string\"}}],\"inLanguage\":\"fr-FR\"},{\"@type\":\"Organization\",\"@id\":\"https:\\\/\\\/www.bellunopress.it\\\/#organization\",\"name\":\"Bellunopress\",\"url\":\"https:\\\/\\\/www.bellunopress.it\\\/\",\"logo\":{\"@type\":\"ImageObject\",\"inLanguage\":\"fr-FR\",\"@id\":\"https:\\\/\\\/www.bellunopress.it\\\/#\\\/schema\\\/logo\\\/image\\\/\",\"url\":\"https:\\\/\\\/www.bellunopress.it\\\/wp-content\\\/uploads\\\/2011\\\/05\\\/cropped-logo-bellunopress-.jpg\",\"contentUrl\":\"https:\\\/\\\/www.bellunopress.it\\\/wp-content\\\/uploads\\\/2011\\\/05\\\/cropped-logo-bellunopress-.jpg\",\"width\":512,\"height\":512,\"caption\":\"Bellunopress\"},\"image\":{\"@id\":\"https:\\\/\\\/www.bellunopress.it\\\/#\\\/schema\\\/logo\\\/image\\\/\"},\"sameAs\":[\"https:\\\/\\\/www.facebook.com\\\/profile.php?id=100008943462799\",\"https:\\\/\\\/x.com\\\/bellunopress\",\"https:\\\/\\\/www.linkedin.com\\\/hp\\\/?dnr=JBzUWaJfMUw8vbXJJ2tVW5-I3jZKvC4wsoxE&amp;amp;amp;amp;amp;amp;trk=nav_responsive_tab_home\",\"https:\\\/\\\/www.youtube.com\\\/channel\\\/UCxL0wu1uN0_3_7hGG0306cw\"]},{\"@type\":\"Person\",\"@id\":\"https:\\\/\\\/www.bellunopress.it\\\/#\\\/schema\\\/person\\\/79bb06722b37ece1c03d3e94beb30d73\",\"name\":\"redazione\",\"image\":{\"@type\":\"ImageObject\",\"inLanguage\":\"fr-FR\",\"@id\":\"https:\\\/\\\/secure.gravatar.com\\\/avatar\\\/37d968a2e67a6fd04c169c4bdef102d0bc5d31b2546345219e348575eb80e9a0?s=96&d=mm&r=g\",\"url\":\"https:\\\/\\\/secure.gravatar.com\\\/avatar\\\/37d968a2e67a6fd04c169c4bdef102d0bc5d31b2546345219e348575eb80e9a0?s=96&d=mm&r=g\",\"contentUrl\":\"https:\\\/\\\/secure.gravatar.com\\\/avatar\\\/37d968a2e67a6fd04c169c4bdef102d0bc5d31b2546345219e348575eb80e9a0?s=96&d=mm&r=g\",\"caption\":\"redazione\"},\"sameAs\":[\"http:\\\/\\\/www.bellunopress.it\",\"https:\\\/\\\/x.com\\\/bellunopress\"],\"url\":\"https:\\\/\\\/www.bellunopress.it\\\/fr\\\/author\\\/redazione\\\/\"}]}<\/script>\n<!-- \/ Yoast SEO plugin. -->","yoast_head_json":{"title":"Da giugno miglioramenti alle linee ferroviarie venete - Bellunopress - Dolomiti","robots":{"index":"index","follow":"follow","max-snippet":"max-snippet:-1","max-image-preview":"max-image-preview:large","max-video-preview":"max-video-preview:-1"},"canonical":"https:\/\/www.bellunopress.it\/fr\/2012\/12\/13\/da-giugno-miglioramenti-alle-linee-ferroviarie-venete\/","og_locale":"fr_FR","og_type":"article","og_title":"Da giugno miglioramenti alle linee ferroviarie venete - Bellunopress - Dolomiti","og_description":"Renato Chisso, assessore alle politiche della mobilit\u00e0 del Veneto, non ha dubbi: dal giugno prossimo la situazione inizier\u00e0 a cambiare in meglio per i pendolari che si spostano con il servizio ferroviario regionale. Il principale motivo di tanto ottimismo \u00e8 oggi alle sue spalle: un treno nuovo di fabbrica (svizzera), fermo al primo binario della [&hellip;]","og_url":"https:\/\/www.bellunopress.it\/fr\/2012\/12\/13\/da-giugno-miglioramenti-alle-linee-ferroviarie-venete\/","og_site_name":"Bellunopress - Dolomiti","article_publisher":"https:\/\/www.facebook.com\/profile.php?id=100008943462799","article_published_time":"2012-12-13T17:52:20+00:00","og_image":[{"url":"http:\/\/www.bellunopress.it\/wp-content\/uploads\/2009\/09\/renato-chisso.jpg","type":"","width":"","height":""}],"author":"redazione","twitter_card":"summary_large_image","twitter_creator":"@bellunopress","twitter_site":"@bellunopress","twitter_misc":{"\u00c9crit par":"redazione","Dur\u00e9e de lecture estim\u00e9e":"2 minutes"},"schema":{"@context":"https:\/\/schema.org","@graph":[{"@type":"Article","@id":"https:\/\/www.bellunopress.it\/2012\/12\/13\/da-giugno-miglioramenti-alle-linee-ferroviarie-venete\/#article","isPartOf":{"@id":"https:\/\/www.bellunopress.it\/2012\/12\/13\/da-giugno-miglioramenti-alle-linee-ferroviarie-venete\/"},"author":{"name":"redazione","@id":"https:\/\/www.bellunopress.it\/#\/schema\/person\/79bb06722b37ece1c03d3e94beb30d73"},"headline":"Da giugno miglioramenti alle linee ferroviarie venete","datePublished":"2012-12-13T17:52:20+00:00","mainEntityOfPage":{"@id":"https:\/\/www.bellunopress.it\/2012\/12\/13\/da-giugno-miglioramenti-alle-linee-ferroviarie-venete\/"},"wordCount":357,"publisher":{"@id":"https:\/\/www.bellunopress.it\/#organization"},"image":{"@id":"https:\/\/www.bellunopress.it\/2012\/12\/13\/da-giugno-miglioramenti-alle-linee-ferroviarie-venete\/#primaryimage"},"thumbnailUrl":"http:\/\/www.bellunopress.it\/wp-content\/uploads\/2009\/09\/renato-chisso.jpg","articleSection":["Cronaca\/Politica","Prima Pagina"],"inLanguage":"fr-FR"},{"@type":"WebPage","@id":"https:\/\/www.bellunopress.it\/2012\/12\/13\/da-giugno-miglioramenti-alle-linee-ferroviarie-venete\/","url":"https:\/\/www.bellunopress.it\/2012\/12\/13\/da-giugno-miglioramenti-alle-linee-ferroviarie-venete\/","name":"Da giugno miglioramenti alle linee ferroviarie venete - Bellunopress - Dolomiti","isPartOf":{"@id":"https:\/\/www.bellunopress.it\/#website"},"primaryImageOfPage":{"@id":"https:\/\/www.bellunopress.it\/2012\/12\/13\/da-giugno-miglioramenti-alle-linee-ferroviarie-venete\/#primaryimage"},"image":{"@id":"https:\/\/www.bellunopress.it\/2012\/12\/13\/da-giugno-miglioramenti-alle-linee-ferroviarie-venete\/#primaryimage"},"thumbnailUrl":"http:\/\/www.bellunopress.it\/wp-content\/uploads\/2009\/09\/renato-chisso.jpg","datePublished":"2012-12-13T17:52:20+00:00","breadcrumb":{"@id":"https:\/\/www.bellunopress.it\/2012\/12\/13\/da-giugno-miglioramenti-alle-linee-ferroviarie-venete\/#breadcrumb"},"inLanguage":"fr-FR","potentialAction":[{"@type":"ReadAction","target":["https:\/\/www.bellunopress.it\/2012\/12\/13\/da-giugno-miglioramenti-alle-linee-ferroviarie-venete\/"]}]},{"@type":"ImageObject","inLanguage":"fr-FR","@id":"https:\/\/www.bellunopress.it\/2012\/12\/13\/da-giugno-miglioramenti-alle-linee-ferroviarie-venete\/#primaryimage","url":"http:\/\/www.bellunopress.it\/wp-content\/uploads\/2009\/09\/renato-chisso.jpg","contentUrl":"http:\/\/www.bellunopress.it\/wp-content\/uploads\/2009\/09\/renato-chisso.jpg"},{"@type":"BreadcrumbList","@id":"https:\/\/www.bellunopress.it\/2012\/12\/13\/da-giugno-miglioramenti-alle-linee-ferroviarie-venete\/#breadcrumb","itemListElement":[{"@type":"ListItem","position":1,"name":"Home","item":"https:\/\/www.bellunopress.it\/"},{"@type":"ListItem","position":2,"name":"Da giugno miglioramenti alle linee ferroviarie venete"}]},{"@type":"WebSite","@id":"https:\/\/www.bellunopress.it\/#website","url":"https:\/\/www.bellunopress.it\/","name":"Bellunopress - Dolomiti","description":"e-mail: redazione@bellunopress.it","publisher":{"@id":"https:\/\/www.bellunopress.it\/#organization"},"potentialAction":[{"@type":"SearchAction","target":{"@type":"EntryPoint","urlTemplate":"https:\/\/www.bellunopress.it\/?s={search_term_string}"},"query-input":{"@type":"PropertyValueSpecification","valueRequired":true,"valueName":"search_term_string"}}],"inLanguage":"fr-FR"},{"@type":"Organization","@id":"https:\/\/www.bellunopress.it\/#organization","name":"Bellunopress","url":"https:\/\/www.bellunopress.it\/","logo":{"@type":"ImageObject","inLanguage":"fr-FR","@id":"https:\/\/www.bellunopress.it\/#\/schema\/logo\/image\/","url":"https:\/\/www.bellunopress.it\/wp-content\/uploads\/2011\/05\/cropped-logo-bellunopress-.jpg","contentUrl":"https:\/\/www.bellunopress.it\/wp-content\/uploads\/2011\/05\/cropped-logo-bellunopress-.jpg","width":512,"height":512,"caption":"Bellunopress"},"image":{"@id":"https:\/\/www.bellunopress.it\/#\/schema\/logo\/image\/"},"sameAs":["https:\/\/www.facebook.com\/profile.php?id=100008943462799","https:\/\/x.com\/bellunopress","https:\/\/www.linkedin.com\/hp\/?dnr=JBzUWaJfMUw8vbXJJ2tVW5-I3jZKvC4wsoxE&amp;amp;amp;amp;amp;amp;trk=nav_responsive_tab_home","https:\/\/www.youtube.com\/channel\/UCxL0wu1uN0_3_7hGG0306cw"]},{"@type":"Person","@id":"https:\/\/www.bellunopress.it\/#\/schema\/person\/79bb06722b37ece1c03d3e94beb30d73","name":"r\u00e9daction","image":{"@type":"ImageObject","inLanguage":"fr-FR","@id":"https:\/\/secure.gravatar.com\/avatar\/37d968a2e67a6fd04c169c4bdef102d0bc5d31b2546345219e348575eb80e9a0?s=96&d=mm&r=g","url":"https:\/\/secure.gravatar.com\/avatar\/37d968a2e67a6fd04c169c4bdef102d0bc5d31b2546345219e348575eb80e9a0?s=96&d=mm&r=g","contentUrl":"https:\/\/secure.gravatar.com\/avatar\/37d968a2e67a6fd04c169c4bdef102d0bc5d31b2546345219e348575eb80e9a0?s=96&d=mm&r=g","caption":"redazione"},"sameAs":["http:\/\/www.bellunopress.it","https:\/\/x.com\/bellunopress"],"url":"https:\/\/www.bellunopress.it\/fr\/author\/redazione\/"}]}},"_links":{"self":[{"href":"https:\/\/www.bellunopress.it\/fr\/wp-json\/wp\/v2\/posts\/44745","targetHints":{"allow":["GET"]}}],"collection":[{"href":"https:\/\/www.bellunopress.it\/fr\/wp-json\/wp\/v2\/posts"}],"about":[{"href":"https:\/\/www.bellunopress.it\/fr\/wp-json\/wp\/v2\/types\/post"}],"author":[{"embeddable":true,"href":"https:\/\/www.bellunopress.it\/fr\/wp-json\/wp\/v2\/users\/2"}],"replies":[{"embeddable":true,"href":"https:\/\/www.bellunopress.it\/fr\/wp-json\/wp\/v2\/comments?post=44745"}],"version-history":[{"count":1,"href":"https:\/\/www.bellunopress.it\/fr\/wp-json\/wp\/v2\/posts\/44745\/revisions"}],"predecessor-version":[{"id":44746,"href":"https:\/\/www.bellunopress.it\/fr\/wp-json\/wp\/v2\/posts\/44745\/revisions\/44746"}],"wp:attachment":[{"href":"https:\/\/www.bellunopress.it\/fr\/wp-json\/wp\/v2\/media?parent=44745"}],"wp:term":[{"taxonomy":"category","embeddable":true,"href":"https:\/\/www.bellunopress.it\/fr\/wp-json\/wp\/v2\/categories?post=44745"},{"taxonomy":"post_tag","embeddable":true,"href":"https:\/\/www.bellunopress.it\/fr\/wp-json\/wp\/v2\/tags?post=44745"}],"curies":[{"name":"wp","href":"https:\/\/api.w.org\/{rel}","templated":true}]}}