{"id":44740,"date":"2012-12-13T18:23:26","date_gmt":"2012-12-13T17:23:26","guid":{"rendered":"http:\/\/www.bellunopress.it\/?p=44740"},"modified":"2012-12-13T18:23:26","modified_gmt":"2012-12-13T17:23:26","slug":"ultimi-giorni-per-il-9-censimento-dellindustria-e-dei-servizi-e-censimento-delle-istituzioni-non-profit","status":"publish","type":"post","link":"https:\/\/www.bellunopress.it\/fr\/2012\/12\/13\/ultimi-giorni-per-il-9-censimento-dellindustria-e-dei-servizi-e-censimento-delle-istituzioni-non-profit\/","title":{"rendered":"Ultimi giorni per il 9\u00b0 Censimento dell\u2019Industria e dei Servizi e Censimento delle Istituzioni non profit"},"content":{"rendered":"<figure id=\"attachment_13635\" aria-describedby=\"caption-attachment-13635\" style=\"width: 280px\" class=\"wp-caption alignleft\"><a href=\"http:\/\/www.bellunopress.it\/wp-content\/uploads\/2010\/03\/camera-commercio.jpg\"><img loading=\"lazy\" decoding=\"async\" class=\"size-full wp-image-13635\" alt=\"Camera di Commercio di Belluno\" src=\"http:\/\/www.bellunopress.it\/wp-content\/uploads\/2010\/03\/camera-commercio.jpg\" width=\"280\" height=\"210\" \/><\/a><figcaption id=\"caption-attachment-13635\" class=\"wp-caption-text\">Camera di Commercio di Belluno<\/figcaption><\/figure>\n<p>Scade il 20 dicembre il termine ultimo per la consegna dei questionari del censimento delle imprese e dei servizi e censimento delle istituzioni non profit e ci sono ancora molte unit\u00e0 non rispondenti. Il questionario deve essere restituito all\u2019Ufficio Provinciale di Censimento (UPC) presso la Camera di Commercio oppure caricato via web, utilizzando le proprie credenziali, sul sito http:\/\/censimentoindustriaeservizi.istat.it.<\/p>\n<p>La data \u00e8 improrogabile ed \u00e8 possibile un sovracarimento del web con conseguenti disfunzioni per quella giornata.<\/p>\n<p>Il censimento rientra tra le indagini con obbligo di risposta ai sensi dell\u2019art. 7 D.lgs. n. 322 del 6 settembre 1989 e la violazione comporta l\u2019applicazione delle sanzioni amministrative (da un minimo di \u20ac 516 a un massimo di \u20ac 5.164).<\/p>\n<p>L\u2019UPC invita le associazione non profit e le imprese che hanno ricevuto il questionario e non l\u2019hanno ancora restituito a provvedere nei prossimi giorni possibilmente prima della scadenza del 20 dicembre e si rende disponibile per informazioni e assistenza nella compilazione. \u00c8 aperto dal luned\u00ec al venerd\u00ec dalle 8.30 alle 12.30, il gioved\u00ec anche dalle 15.00 alle 17.00 e su appuntamento in altre giornate e orari.<\/p>\n<p>(Camera di Commercio di Belluno, Piazza S. Stefano 15\/17, 32100 Belluno; tel . 0437 955131\/132; e-mail: statistica@bl.camcom.it)<\/p>\n<p>&nbsp;<\/p>","protected":false},"excerpt":{"rendered":"<p>Scade il 20 dicembre il termine ultimo per la consegna dei questionari del censimento delle imprese e dei servizi e censimento delle istituzioni non profit e ci sono ancora molte unit\u00e0 non rispondenti. Il questionario deve essere restituito all\u2019Ufficio Provinciale di Censimento (UPC) presso la Camera di Commercio oppure caricato via web, utilizzando le proprie [&hellip;]<\/p>\n","protected":false},"author":2,"featured_media":0,"comment_status":"closed","ping_status":"open","sticky":false,"template":"","format":"standard","meta":{"footnotes":""},"categories":[36,26],"tags":[],"class_list":["post-44740","post","type-post","status-publish","format-standard","category-lavoro-economia","category-prima-pagina"],"yoast_head":"<!-- This site is optimized with the Yoast SEO plugin v28.4 - https:\/\/yoast.com\/product\/yoast-seo-wordpress\/ -->\n<title>Ultimi giorni per il 9\u00b0 Censimento dell\u2019Industria e dei Servizi e Censimento delle Istituzioni non profit - Bellunopress - Dolomiti<\/title>\n<meta name=\"robots\" content=\"index, follow, max-snippet:-1, max-image-preview:large, max-video-preview:-1\" \/>\n<link rel=\"canonical\" href=\"https:\/\/www.bellunopress.it\/fr\/2012\/12\/13\/ultimi-giorni-per-il-9-censimento-dellindustria-e-dei-servizi-e-censimento-delle-istituzioni-non-profit\/\" \/>\n<meta property=\"og:locale\" content=\"fr_FR\" \/>\n<meta property=\"og:type\" content=\"article\" \/>\n<meta property=\"og:title\" content=\"Ultimi giorni per il 9\u00b0 Censimento dell\u2019Industria e dei Servizi e Censimento delle Istituzioni non profit - Bellunopress - Dolomiti\" \/>\n<meta property=\"og:description\" content=\"Scade il 20 dicembre il termine ultimo per la consegna dei questionari del censimento delle imprese e dei servizi e censimento delle istituzioni non profit e ci sono ancora molte unit\u00e0 non rispondenti. Il questionario deve essere restituito all\u2019Ufficio Provinciale di Censimento (UPC) presso la Camera di Commercio oppure caricato via web, utilizzando le proprie [&hellip;]\" \/>\n<meta property=\"og:url\" content=\"https:\/\/www.bellunopress.it\/fr\/2012\/12\/13\/ultimi-giorni-per-il-9-censimento-dellindustria-e-dei-servizi-e-censimento-delle-istituzioni-non-profit\/\" \/>\n<meta property=\"og:site_name\" content=\"Bellunopress - Dolomiti\" \/>\n<meta property=\"article:publisher\" content=\"https:\/\/www.facebook.com\/profile.php?id=100008943462799\" \/>\n<meta property=\"article:published_time\" content=\"2012-12-13T17:23:26+00:00\" \/>\n<meta property=\"og:image\" content=\"http:\/\/www.bellunopress.it\/wp-content\/uploads\/2010\/03\/camera-commercio.jpg\" \/>\n<meta name=\"author\" content=\"redazione\" \/>\n<meta name=\"twitter:card\" content=\"summary_large_image\" \/>\n<meta name=\"twitter:creator\" content=\"@bellunopress\" \/>\n<meta name=\"twitter:site\" content=\"@bellunopress\" \/>\n<meta name=\"twitter:label1\" content=\"\u00c9crit par\" \/>\n\t<meta name=\"twitter:data1\" content=\"redazione\" \/>\n\t<meta name=\"twitter:label2\" content=\"Dur\u00e9e de lecture estim\u00e9e\" \/>\n\t<meta name=\"twitter:data2\" content=\"1 minute\" \/>\n<script type=\"application\/ld+json\" class=\"yoast-schema-graph\">{\"@context\":\"https:\\\/\\\/schema.org\",\"@graph\":[{\"@type\":\"Article\",\"@id\":\"https:\\\/\\\/www.bellunopress.it\\\/2012\\\/12\\\/13\\\/ultimi-giorni-per-il-9-censimento-dellindustria-e-dei-servizi-e-censimento-delle-istituzioni-non-profit\\\/#article\",\"isPartOf\":{\"@id\":\"https:\\\/\\\/www.bellunopress.it\\\/2012\\\/12\\\/13\\\/ultimi-giorni-per-il-9-censimento-dellindustria-e-dei-servizi-e-censimento-delle-istituzioni-non-profit\\\/\"},\"author\":{\"name\":\"redazione\",\"@id\":\"https:\\\/\\\/www.bellunopress.it\\\/#\\\/schema\\\/person\\\/79bb06722b37ece1c03d3e94beb30d73\"},\"headline\":\"Ultimi giorni per il 9\u00b0 Censimento dell\u2019Industria e dei Servizi e Censimento delle Istituzioni non profit\",\"datePublished\":\"2012-12-13T17:23:26+00:00\",\"mainEntityOfPage\":{\"@id\":\"https:\\\/\\\/www.bellunopress.it\\\/2012\\\/12\\\/13\\\/ultimi-giorni-per-il-9-censimento-dellindustria-e-dei-servizi-e-censimento-delle-istituzioni-non-profit\\\/\"},\"wordCount\":219,\"publisher\":{\"@id\":\"https:\\\/\\\/www.bellunopress.it\\\/#organization\"},\"image\":{\"@id\":\"https:\\\/\\\/www.bellunopress.it\\\/2012\\\/12\\\/13\\\/ultimi-giorni-per-il-9-censimento-dellindustria-e-dei-servizi-e-censimento-delle-istituzioni-non-profit\\\/#primaryimage\"},\"thumbnailUrl\":\"http:\\\/\\\/www.bellunopress.it\\\/wp-content\\\/uploads\\\/2010\\\/03\\\/camera-commercio.jpg\",\"articleSection\":[\"Lavoro, Economia, Turismo\",\"Prima Pagina\"],\"inLanguage\":\"fr-FR\"},{\"@type\":\"WebPage\",\"@id\":\"https:\\\/\\\/www.bellunopress.it\\\/2012\\\/12\\\/13\\\/ultimi-giorni-per-il-9-censimento-dellindustria-e-dei-servizi-e-censimento-delle-istituzioni-non-profit\\\/\",\"url\":\"https:\\\/\\\/www.bellunopress.it\\\/2012\\\/12\\\/13\\\/ultimi-giorni-per-il-9-censimento-dellindustria-e-dei-servizi-e-censimento-delle-istituzioni-non-profit\\\/\",\"name\":\"Ultimi giorni per il 9\u00b0 Censimento dell\u2019Industria e dei Servizi e Censimento delle Istituzioni non profit - Bellunopress - Dolomiti\",\"isPartOf\":{\"@id\":\"https:\\\/\\\/www.bellunopress.it\\\/#website\"},\"primaryImageOfPage\":{\"@id\":\"https:\\\/\\\/www.bellunopress.it\\\/2012\\\/12\\\/13\\\/ultimi-giorni-per-il-9-censimento-dellindustria-e-dei-servizi-e-censimento-delle-istituzioni-non-profit\\\/#primaryimage\"},\"image\":{\"@id\":\"https:\\\/\\\/www.bellunopress.it\\\/2012\\\/12\\\/13\\\/ultimi-giorni-per-il-9-censimento-dellindustria-e-dei-servizi-e-censimento-delle-istituzioni-non-profit\\\/#primaryimage\"},\"thumbnailUrl\":\"http:\\\/\\\/www.bellunopress.it\\\/wp-content\\\/uploads\\\/2010\\\/03\\\/camera-commercio.jpg\",\"datePublished\":\"2012-12-13T17:23:26+00:00\",\"breadcrumb\":{\"@id\":\"https:\\\/\\\/www.bellunopress.it\\\/2012\\\/12\\\/13\\\/ultimi-giorni-per-il-9-censimento-dellindustria-e-dei-servizi-e-censimento-delle-istituzioni-non-profit\\\/#breadcrumb\"},\"inLanguage\":\"fr-FR\",\"potentialAction\":[{\"@type\":\"ReadAction\",\"target\":[\"https:\\\/\\\/www.bellunopress.it\\\/2012\\\/12\\\/13\\\/ultimi-giorni-per-il-9-censimento-dellindustria-e-dei-servizi-e-censimento-delle-istituzioni-non-profit\\\/\"]}]},{\"@type\":\"ImageObject\",\"inLanguage\":\"fr-FR\",\"@id\":\"https:\\\/\\\/www.bellunopress.it\\\/2012\\\/12\\\/13\\\/ultimi-giorni-per-il-9-censimento-dellindustria-e-dei-servizi-e-censimento-delle-istituzioni-non-profit\\\/#primaryimage\",\"url\":\"http:\\\/\\\/www.bellunopress.it\\\/wp-content\\\/uploads\\\/2010\\\/03\\\/camera-commercio.jpg\",\"contentUrl\":\"http:\\\/\\\/www.bellunopress.it\\\/wp-content\\\/uploads\\\/2010\\\/03\\\/camera-commercio.jpg\"},{\"@type\":\"BreadcrumbList\",\"@id\":\"https:\\\/\\\/www.bellunopress.it\\\/2012\\\/12\\\/13\\\/ultimi-giorni-per-il-9-censimento-dellindustria-e-dei-servizi-e-censimento-delle-istituzioni-non-profit\\\/#breadcrumb\",\"itemListElement\":[{\"@type\":\"ListItem\",\"position\":1,\"name\":\"Home\",\"item\":\"https:\\\/\\\/www.bellunopress.it\\\/\"},{\"@type\":\"ListItem\",\"position\":2,\"name\":\"Ultimi giorni per il 9\u00b0 Censimento dell\u2019Industria e dei Servizi e Censimento delle Istituzioni non profit\"}]},{\"@type\":\"WebSite\",\"@id\":\"https:\\\/\\\/www.bellunopress.it\\\/#website\",\"url\":\"https:\\\/\\\/www.bellunopress.it\\\/\",\"name\":\"Bellunopress - Dolomiti\",\"description\":\"e-mail: redazione@bellunopress.it\",\"publisher\":{\"@id\":\"https:\\\/\\\/www.bellunopress.it\\\/#organization\"},\"potentialAction\":[{\"@type\":\"SearchAction\",\"target\":{\"@type\":\"EntryPoint\",\"urlTemplate\":\"https:\\\/\\\/www.bellunopress.it\\\/?s={search_term_string}\"},\"query-input\":{\"@type\":\"PropertyValueSpecification\",\"valueRequired\":true,\"valueName\":\"search_term_string\"}}],\"inLanguage\":\"fr-FR\"},{\"@type\":\"Organization\",\"@id\":\"https:\\\/\\\/www.bellunopress.it\\\/#organization\",\"name\":\"Bellunopress\",\"url\":\"https:\\\/\\\/www.bellunopress.it\\\/\",\"logo\":{\"@type\":\"ImageObject\",\"inLanguage\":\"fr-FR\",\"@id\":\"https:\\\/\\\/www.bellunopress.it\\\/#\\\/schema\\\/logo\\\/image\\\/\",\"url\":\"https:\\\/\\\/www.bellunopress.it\\\/wp-content\\\/uploads\\\/2011\\\/05\\\/cropped-logo-bellunopress-.jpg\",\"contentUrl\":\"https:\\\/\\\/www.bellunopress.it\\\/wp-content\\\/uploads\\\/2011\\\/05\\\/cropped-logo-bellunopress-.jpg\",\"width\":512,\"height\":512,\"caption\":\"Bellunopress\"},\"image\":{\"@id\":\"https:\\\/\\\/www.bellunopress.it\\\/#\\\/schema\\\/logo\\\/image\\\/\"},\"sameAs\":[\"https:\\\/\\\/www.facebook.com\\\/profile.php?id=100008943462799\",\"https:\\\/\\\/x.com\\\/bellunopress\",\"https:\\\/\\\/www.linkedin.com\\\/hp\\\/?dnr=JBzUWaJfMUw8vbXJJ2tVW5-I3jZKvC4wsoxE&amp;amp;amp;amp;amp;amp;trk=nav_responsive_tab_home\",\"https:\\\/\\\/www.youtube.com\\\/channel\\\/UCxL0wu1uN0_3_7hGG0306cw\"]},{\"@type\":\"Person\",\"@id\":\"https:\\\/\\\/www.bellunopress.it\\\/#\\\/schema\\\/person\\\/79bb06722b37ece1c03d3e94beb30d73\",\"name\":\"redazione\",\"image\":{\"@type\":\"ImageObject\",\"inLanguage\":\"fr-FR\",\"@id\":\"https:\\\/\\\/secure.gravatar.com\\\/avatar\\\/37d968a2e67a6fd04c169c4bdef102d0bc5d31b2546345219e348575eb80e9a0?s=96&d=mm&r=g\",\"url\":\"https:\\\/\\\/secure.gravatar.com\\\/avatar\\\/37d968a2e67a6fd04c169c4bdef102d0bc5d31b2546345219e348575eb80e9a0?s=96&d=mm&r=g\",\"contentUrl\":\"https:\\\/\\\/secure.gravatar.com\\\/avatar\\\/37d968a2e67a6fd04c169c4bdef102d0bc5d31b2546345219e348575eb80e9a0?s=96&d=mm&r=g\",\"caption\":\"redazione\"},\"sameAs\":[\"http:\\\/\\\/www.bellunopress.it\",\"https:\\\/\\\/x.com\\\/bellunopress\"],\"url\":\"https:\\\/\\\/www.bellunopress.it\\\/fr\\\/author\\\/redazione\\\/\"}]}<\/script>\n<!-- \/ Yoast SEO plugin. -->","yoast_head_json":{"title":"Ultimi giorni per il 9\u00b0 Censimento dell\u2019Industria e dei Servizi e Censimento delle Istituzioni non profit - Bellunopress - Dolomiti","robots":{"index":"index","follow":"follow","max-snippet":"max-snippet:-1","max-image-preview":"max-image-preview:large","max-video-preview":"max-video-preview:-1"},"canonical":"https:\/\/www.bellunopress.it\/fr\/2012\/12\/13\/ultimi-giorni-per-il-9-censimento-dellindustria-e-dei-servizi-e-censimento-delle-istituzioni-non-profit\/","og_locale":"fr_FR","og_type":"article","og_title":"Ultimi giorni per il 9\u00b0 Censimento dell\u2019Industria e dei Servizi e Censimento delle Istituzioni non profit - Bellunopress - Dolomiti","og_description":"Scade il 20 dicembre il termine ultimo per la consegna dei questionari del censimento delle imprese e dei servizi e censimento delle istituzioni non profit e ci sono ancora molte unit\u00e0 non rispondenti. Il questionario deve essere restituito all\u2019Ufficio Provinciale di Censimento (UPC) presso la Camera di Commercio oppure caricato via web, utilizzando le proprie [&hellip;]","og_url":"https:\/\/www.bellunopress.it\/fr\/2012\/12\/13\/ultimi-giorni-per-il-9-censimento-dellindustria-e-dei-servizi-e-censimento-delle-istituzioni-non-profit\/","og_site_name":"Bellunopress - Dolomiti","article_publisher":"https:\/\/www.facebook.com\/profile.php?id=100008943462799","article_published_time":"2012-12-13T17:23:26+00:00","og_image":[{"url":"http:\/\/www.bellunopress.it\/wp-content\/uploads\/2010\/03\/camera-commercio.jpg","type":"","width":"","height":""}],"author":"redazione","twitter_card":"summary_large_image","twitter_creator":"@bellunopress","twitter_site":"@bellunopress","twitter_misc":{"\u00c9crit par":"redazione","Dur\u00e9e de lecture estim\u00e9e":"1 minute"},"schema":{"@context":"https:\/\/schema.org","@graph":[{"@type":"Article","@id":"https:\/\/www.bellunopress.it\/2012\/12\/13\/ultimi-giorni-per-il-9-censimento-dellindustria-e-dei-servizi-e-censimento-delle-istituzioni-non-profit\/#article","isPartOf":{"@id":"https:\/\/www.bellunopress.it\/2012\/12\/13\/ultimi-giorni-per-il-9-censimento-dellindustria-e-dei-servizi-e-censimento-delle-istituzioni-non-profit\/"},"author":{"name":"redazione","@id":"https:\/\/www.bellunopress.it\/#\/schema\/person\/79bb06722b37ece1c03d3e94beb30d73"},"headline":"Ultimi giorni per il 9\u00b0 Censimento dell\u2019Industria e dei Servizi e Censimento delle Istituzioni non profit","datePublished":"2012-12-13T17:23:26+00:00","mainEntityOfPage":{"@id":"https:\/\/www.bellunopress.it\/2012\/12\/13\/ultimi-giorni-per-il-9-censimento-dellindustria-e-dei-servizi-e-censimento-delle-istituzioni-non-profit\/"},"wordCount":219,"publisher":{"@id":"https:\/\/www.bellunopress.it\/#organization"},"image":{"@id":"https:\/\/www.bellunopress.it\/2012\/12\/13\/ultimi-giorni-per-il-9-censimento-dellindustria-e-dei-servizi-e-censimento-delle-istituzioni-non-profit\/#primaryimage"},"thumbnailUrl":"http:\/\/www.bellunopress.it\/wp-content\/uploads\/2010\/03\/camera-commercio.jpg","articleSection":["Lavoro, Economia, Turismo","Prima Pagina"],"inLanguage":"fr-FR"},{"@type":"WebPage","@id":"https:\/\/www.bellunopress.it\/2012\/12\/13\/ultimi-giorni-per-il-9-censimento-dellindustria-e-dei-servizi-e-censimento-delle-istituzioni-non-profit\/","url":"https:\/\/www.bellunopress.it\/2012\/12\/13\/ultimi-giorni-per-il-9-censimento-dellindustria-e-dei-servizi-e-censimento-delle-istituzioni-non-profit\/","name":"Ultimi giorni per il 9\u00b0 Censimento dell\u2019Industria e dei Servizi e Censimento delle Istituzioni non profit - Bellunopress - Dolomiti","isPartOf":{"@id":"https:\/\/www.bellunopress.it\/#website"},"primaryImageOfPage":{"@id":"https:\/\/www.bellunopress.it\/2012\/12\/13\/ultimi-giorni-per-il-9-censimento-dellindustria-e-dei-servizi-e-censimento-delle-istituzioni-non-profit\/#primaryimage"},"image":{"@id":"https:\/\/www.bellunopress.it\/2012\/12\/13\/ultimi-giorni-per-il-9-censimento-dellindustria-e-dei-servizi-e-censimento-delle-istituzioni-non-profit\/#primaryimage"},"thumbnailUrl":"http:\/\/www.bellunopress.it\/wp-content\/uploads\/2010\/03\/camera-commercio.jpg","datePublished":"2012-12-13T17:23:26+00:00","breadcrumb":{"@id":"https:\/\/www.bellunopress.it\/2012\/12\/13\/ultimi-giorni-per-il-9-censimento-dellindustria-e-dei-servizi-e-censimento-delle-istituzioni-non-profit\/#breadcrumb"},"inLanguage":"fr-FR","potentialAction":[{"@type":"ReadAction","target":["https:\/\/www.bellunopress.it\/2012\/12\/13\/ultimi-giorni-per-il-9-censimento-dellindustria-e-dei-servizi-e-censimento-delle-istituzioni-non-profit\/"]}]},{"@type":"ImageObject","inLanguage":"fr-FR","@id":"https:\/\/www.bellunopress.it\/2012\/12\/13\/ultimi-giorni-per-il-9-censimento-dellindustria-e-dei-servizi-e-censimento-delle-istituzioni-non-profit\/#primaryimage","url":"http:\/\/www.bellunopress.it\/wp-content\/uploads\/2010\/03\/camera-commercio.jpg","contentUrl":"http:\/\/www.bellunopress.it\/wp-content\/uploads\/2010\/03\/camera-commercio.jpg"},{"@type":"BreadcrumbList","@id":"https:\/\/www.bellunopress.it\/2012\/12\/13\/ultimi-giorni-per-il-9-censimento-dellindustria-e-dei-servizi-e-censimento-delle-istituzioni-non-profit\/#breadcrumb","itemListElement":[{"@type":"ListItem","position":1,"name":"Home","item":"https:\/\/www.bellunopress.it\/"},{"@type":"ListItem","position":2,"name":"Ultimi giorni per il 9\u00b0 Censimento dell\u2019Industria e dei Servizi e Censimento delle Istituzioni non profit"}]},{"@type":"WebSite","@id":"https:\/\/www.bellunopress.it\/#website","url":"https:\/\/www.bellunopress.it\/","name":"Bellunopress - Dolomiti","description":"e-mail: redazione@bellunopress.it","publisher":{"@id":"https:\/\/www.bellunopress.it\/#organization"},"potentialAction":[{"@type":"SearchAction","target":{"@type":"EntryPoint","urlTemplate":"https:\/\/www.bellunopress.it\/?s={search_term_string}"},"query-input":{"@type":"PropertyValueSpecification","valueRequired":true,"valueName":"search_term_string"}}],"inLanguage":"fr-FR"},{"@type":"Organization","@id":"https:\/\/www.bellunopress.it\/#organization","name":"Bellunopress","url":"https:\/\/www.bellunopress.it\/","logo":{"@type":"ImageObject","inLanguage":"fr-FR","@id":"https:\/\/www.bellunopress.it\/#\/schema\/logo\/image\/","url":"https:\/\/www.bellunopress.it\/wp-content\/uploads\/2011\/05\/cropped-logo-bellunopress-.jpg","contentUrl":"https:\/\/www.bellunopress.it\/wp-content\/uploads\/2011\/05\/cropped-logo-bellunopress-.jpg","width":512,"height":512,"caption":"Bellunopress"},"image":{"@id":"https:\/\/www.bellunopress.it\/#\/schema\/logo\/image\/"},"sameAs":["https:\/\/www.facebook.com\/profile.php?id=100008943462799","https:\/\/x.com\/bellunopress","https:\/\/www.linkedin.com\/hp\/?dnr=JBzUWaJfMUw8vbXJJ2tVW5-I3jZKvC4wsoxE&amp;amp;amp;amp;amp;amp;trk=nav_responsive_tab_home","https:\/\/www.youtube.com\/channel\/UCxL0wu1uN0_3_7hGG0306cw"]},{"@type":"Person","@id":"https:\/\/www.bellunopress.it\/#\/schema\/person\/79bb06722b37ece1c03d3e94beb30d73","name":"r\u00e9daction","image":{"@type":"ImageObject","inLanguage":"fr-FR","@id":"https:\/\/secure.gravatar.com\/avatar\/37d968a2e67a6fd04c169c4bdef102d0bc5d31b2546345219e348575eb80e9a0?s=96&d=mm&r=g","url":"https:\/\/secure.gravatar.com\/avatar\/37d968a2e67a6fd04c169c4bdef102d0bc5d31b2546345219e348575eb80e9a0?s=96&d=mm&r=g","contentUrl":"https:\/\/secure.gravatar.com\/avatar\/37d968a2e67a6fd04c169c4bdef102d0bc5d31b2546345219e348575eb80e9a0?s=96&d=mm&r=g","caption":"redazione"},"sameAs":["http:\/\/www.bellunopress.it","https:\/\/x.com\/bellunopress"],"url":"https:\/\/www.bellunopress.it\/fr\/author\/redazione\/"}]}},"_links":{"self":[{"href":"https:\/\/www.bellunopress.it\/fr\/wp-json\/wp\/v2\/posts\/44740","targetHints":{"allow":["GET"]}}],"collection":[{"href":"https:\/\/www.bellunopress.it\/fr\/wp-json\/wp\/v2\/posts"}],"about":[{"href":"https:\/\/www.bellunopress.it\/fr\/wp-json\/wp\/v2\/types\/post"}],"author":[{"embeddable":true,"href":"https:\/\/www.bellunopress.it\/fr\/wp-json\/wp\/v2\/users\/2"}],"replies":[{"embeddable":true,"href":"https:\/\/www.bellunopress.it\/fr\/wp-json\/wp\/v2\/comments?post=44740"}],"version-history":[{"count":1,"href":"https:\/\/www.bellunopress.it\/fr\/wp-json\/wp\/v2\/posts\/44740\/revisions"}],"predecessor-version":[{"id":44741,"href":"https:\/\/www.bellunopress.it\/fr\/wp-json\/wp\/v2\/posts\/44740\/revisions\/44741"}],"wp:attachment":[{"href":"https:\/\/www.bellunopress.it\/fr\/wp-json\/wp\/v2\/media?parent=44740"}],"wp:term":[{"taxonomy":"category","embeddable":true,"href":"https:\/\/www.bellunopress.it\/fr\/wp-json\/wp\/v2\/categories?post=44740"},{"taxonomy":"post_tag","embeddable":true,"href":"https:\/\/www.bellunopress.it\/fr\/wp-json\/wp\/v2\/tags?post=44740"}],"curies":[{"name":"wp","href":"https:\/\/api.w.org\/{rel}","templated":true}]}}