{"id":44738,"date":"2012-12-13T18:16:49","date_gmt":"2012-12-13T17:16:49","guid":{"rendered":"http:\/\/www.bellunopress.it\/?p=44738"},"modified":"2012-12-13T18:16:49","modified_gmt":"2012-12-13T17:16:49","slug":"ritardatissima-2012-un-blog-dove-i-pendolari-registrano-ritardi-e-disservizi-della-tratta-ferroviaria-padova-calalzo","status":"publish","type":"post","link":"https:\/\/www.bellunopress.it\/fr\/2012\/12\/13\/ritardatissima-2012-un-blog-dove-i-pendolari-registrano-ritardi-e-disservizi-della-tratta-ferroviaria-padova-calalzo\/","title":{"rendered":"Ritardatissima 2012: un blog dove i pendolari registrano ritardi e disservizi della tratta ferroviaria Padova-Calalzo"},"content":{"rendered":"<p>Indovina il ritardo annuo della tratta ferroviaria Feltre-Padova e vinci vinci un premio.<\/p>\n<p>E&#8217; la provocazione lanciata in rete attraverso un blog dallo\u00a0staff di <a href=\"http:\/\/binariquotidiani2.altervista.org\">BinariQuotidiani2<\/a><\/p>\n<p><a href=\"http:\/\/www.bellunopress.it\/wp-content\/uploads\/2011\/10\/treno-140x140.jpg\"><img loading=\"lazy\" decoding=\"async\" class=\"alignleft size-full wp-image-31256\" alt=\"treno 140x140\" src=\"http:\/\/www.bellunopress.it\/wp-content\/uploads\/2011\/10\/treno-140x140.jpg\" width=\"140\" height=\"140\" \/><\/a>E&#8217; quasi il 31 dicembre ed \u00e8 quasi un anno intero (dal 3 gennaio 2012) che un gruppo di pendolari della linea ferroviaria Calalzo-Padova registra i ritardi che quotidianamente subisce nell\u2019andare e tornare a Padova in treno nella tratta Feltre &#8211; Padova.<\/p>\n<p>E cosa c&#8217;\u00e8 di meglio che festeggiare l&#8217;anniversario del quotidiano rilevamento del ritardo subito, in andata e in ritorno; del quotidiano disservizio subito; della quotidiana crescente repulsione verso il messaggio &#8220;ci scusiamo per il disagio&#8221; ?<\/p>\n<p>Come festeggiarlo?<\/p>\n<p>Prova ad indovinare il ritardo annuo totale al 31\/12\/2012 \u00e8 facile:<\/p>\n<p>&#8211; vai nel blog BINARIQUOTIDIANI2 (http:\/\/binariquotidiani2.altervista.org)<\/p>\n<p>&#8211; segui il link &#8220;Ritardissima 2012&#8221;,<\/p>\n<p>&#8211; leggi le informazioni e il metodo di rilevamento<\/p>\n<p>&#8211; tira ad indovinare quanto sar\u00e0 il ritardo totale annuo al 31\/12\/2012<\/p>\n<p>&#8211; nell&#8217;apposita pagina del blog scrivi come commento il numero di<\/p>\n<p>minuti di ritardo totali che prevedi<\/p>\n<p>&#8211; aspetta fin all&#8217;epifania e potresti essere il vincitore di biglietti chilometrici ferroviari e inoltre potrai partecipare ad un evento &#8220;colazione sul 5851&#8221;<\/p>\n<p>Dopo undici mesi di rilevamenti (1 treno andata e 1 treno ritorno per 5 giorni alla settimana) il ritardo totale \u00e8 pari a 3238 minuti (vedi dettagli numerici nella sezione Segnalazioni\/Dati Rilevati).<\/p>\n<p>Da questo numero in base alle medie il ritardo previsto a fine anno\u00a0sar\u00e0 3532 minuti totali.<\/p>\n<p>La partecipazione \u00e8 aperta a tutti ed \u00e8 gratuita.<\/p>\n<p>&nbsp;<\/p>\n<p>&nbsp;<\/p>","protected":false},"excerpt":{"rendered":"<p>Indovina il ritardo annuo della tratta ferroviaria Feltre-Padova e vinci vinci un premio. E&#8217; la provocazione lanciata in rete attraverso un blog dallo\u00a0staff di BinariQuotidiani2 E&#8217; quasi il 31 dicembre ed \u00e8 quasi un anno intero (dal 3 gennaio 2012) che un gruppo di pendolari della linea ferroviaria Calalzo-Padova registra i ritardi che quotidianamente subisce [&hellip;]<\/p>\n","protected":false},"author":2,"featured_media":0,"comment_status":"closed","ping_status":"open","sticky":false,"template":"","format":"standard","meta":{"footnotes":""},"categories":[5,26],"tags":[],"class_list":["post-44738","post","type-post","status-publish","format-standard","category-cronaca","category-prima-pagina"],"yoast_head":"<!-- This site is optimized with the Yoast SEO plugin v28.4 - https:\/\/yoast.com\/product\/yoast-seo-wordpress\/ -->\n<title>Ritardatissima 2012: un blog dove i pendolari registrano ritardi e disservizi della tratta ferroviaria Padova-Calalzo - Bellunopress - Dolomiti<\/title>\n<meta name=\"robots\" content=\"index, follow, max-snippet:-1, max-image-preview:large, max-video-preview:-1\" \/>\n<link rel=\"canonical\" href=\"https:\/\/www.bellunopress.it\/fr\/2012\/12\/13\/ritardatissima-2012-un-blog-dove-i-pendolari-registrano-ritardi-e-disservizi-della-tratta-ferroviaria-padova-calalzo\/\" \/>\n<meta property=\"og:locale\" content=\"fr_FR\" \/>\n<meta property=\"og:type\" content=\"article\" \/>\n<meta property=\"og:title\" content=\"Ritardatissima 2012: un blog dove i pendolari registrano ritardi e disservizi della tratta ferroviaria Padova-Calalzo - Bellunopress - Dolomiti\" \/>\n<meta property=\"og:description\" content=\"Indovina il ritardo annuo della tratta ferroviaria Feltre-Padova e vinci vinci un premio. E&#8217; la provocazione lanciata in rete attraverso un blog dallo\u00a0staff di BinariQuotidiani2 E&#8217; quasi il 31 dicembre ed \u00e8 quasi un anno intero (dal 3 gennaio 2012) che un gruppo di pendolari della linea ferroviaria Calalzo-Padova registra i ritardi che quotidianamente subisce [&hellip;]\" \/>\n<meta property=\"og:url\" content=\"https:\/\/www.bellunopress.it\/fr\/2012\/12\/13\/ritardatissima-2012-un-blog-dove-i-pendolari-registrano-ritardi-e-disservizi-della-tratta-ferroviaria-padova-calalzo\/\" \/>\n<meta property=\"og:site_name\" content=\"Bellunopress - Dolomiti\" \/>\n<meta property=\"article:publisher\" content=\"https:\/\/www.facebook.com\/profile.php?id=100008943462799\" \/>\n<meta property=\"article:published_time\" content=\"2012-12-13T17:16:49+00:00\" \/>\n<meta property=\"og:image\" content=\"http:\/\/www.bellunopress.it\/wp-content\/uploads\/2011\/10\/treno-140x140.jpg\" \/>\n<meta name=\"author\" content=\"redazione\" \/>\n<meta name=\"twitter:card\" content=\"summary_large_image\" \/>\n<meta name=\"twitter:creator\" content=\"@bellunopress\" \/>\n<meta name=\"twitter:site\" content=\"@bellunopress\" \/>\n<meta name=\"twitter:label1\" content=\"\u00c9crit par\" \/>\n\t<meta name=\"twitter:data1\" content=\"redazione\" \/>\n\t<meta name=\"twitter:label2\" content=\"Dur\u00e9e de lecture estim\u00e9e\" \/>\n\t<meta name=\"twitter:data2\" content=\"1 minute\" \/>\n<script type=\"application\/ld+json\" class=\"yoast-schema-graph\">{\"@context\":\"https:\\\/\\\/schema.org\",\"@graph\":[{\"@type\":\"Article\",\"@id\":\"https:\\\/\\\/www.bellunopress.it\\\/2012\\\/12\\\/13\\\/ritardatissima-2012-un-blog-dove-i-pendolari-registrano-ritardi-e-disservizi-della-tratta-ferroviaria-padova-calalzo\\\/#article\",\"isPartOf\":{\"@id\":\"https:\\\/\\\/www.bellunopress.it\\\/2012\\\/12\\\/13\\\/ritardatissima-2012-un-blog-dove-i-pendolari-registrano-ritardi-e-disservizi-della-tratta-ferroviaria-padova-calalzo\\\/\"},\"author\":{\"name\":\"redazione\",\"@id\":\"https:\\\/\\\/www.bellunopress.it\\\/#\\\/schema\\\/person\\\/79bb06722b37ece1c03d3e94beb30d73\"},\"headline\":\"Ritardatissima 2012: un blog dove i pendolari registrano ritardi e disservizi della tratta ferroviaria Padova-Calalzo\",\"datePublished\":\"2012-12-13T17:16:49+00:00\",\"mainEntityOfPage\":{\"@id\":\"https:\\\/\\\/www.bellunopress.it\\\/2012\\\/12\\\/13\\\/ritardatissima-2012-un-blog-dove-i-pendolari-registrano-ritardi-e-disservizi-della-tratta-ferroviaria-padova-calalzo\\\/\"},\"wordCount\":254,\"publisher\":{\"@id\":\"https:\\\/\\\/www.bellunopress.it\\\/#organization\"},\"image\":{\"@id\":\"https:\\\/\\\/www.bellunopress.it\\\/2012\\\/12\\\/13\\\/ritardatissima-2012-un-blog-dove-i-pendolari-registrano-ritardi-e-disservizi-della-tratta-ferroviaria-padova-calalzo\\\/#primaryimage\"},\"thumbnailUrl\":\"http:\\\/\\\/www.bellunopress.it\\\/wp-content\\\/uploads\\\/2011\\\/10\\\/treno-140x140.jpg\",\"articleSection\":[\"Cronaca\\\/Politica\",\"Prima Pagina\"],\"inLanguage\":\"fr-FR\"},{\"@type\":\"WebPage\",\"@id\":\"https:\\\/\\\/www.bellunopress.it\\\/2012\\\/12\\\/13\\\/ritardatissima-2012-un-blog-dove-i-pendolari-registrano-ritardi-e-disservizi-della-tratta-ferroviaria-padova-calalzo\\\/\",\"url\":\"https:\\\/\\\/www.bellunopress.it\\\/2012\\\/12\\\/13\\\/ritardatissima-2012-un-blog-dove-i-pendolari-registrano-ritardi-e-disservizi-della-tratta-ferroviaria-padova-calalzo\\\/\",\"name\":\"Ritardatissima 2012: un blog dove i pendolari registrano ritardi e disservizi della tratta ferroviaria Padova-Calalzo - Bellunopress - Dolomiti\",\"isPartOf\":{\"@id\":\"https:\\\/\\\/www.bellunopress.it\\\/#website\"},\"primaryImageOfPage\":{\"@id\":\"https:\\\/\\\/www.bellunopress.it\\\/2012\\\/12\\\/13\\\/ritardatissima-2012-un-blog-dove-i-pendolari-registrano-ritardi-e-disservizi-della-tratta-ferroviaria-padova-calalzo\\\/#primaryimage\"},\"image\":{\"@id\":\"https:\\\/\\\/www.bellunopress.it\\\/2012\\\/12\\\/13\\\/ritardatissima-2012-un-blog-dove-i-pendolari-registrano-ritardi-e-disservizi-della-tratta-ferroviaria-padova-calalzo\\\/#primaryimage\"},\"thumbnailUrl\":\"http:\\\/\\\/www.bellunopress.it\\\/wp-content\\\/uploads\\\/2011\\\/10\\\/treno-140x140.jpg\",\"datePublished\":\"2012-12-13T17:16:49+00:00\",\"breadcrumb\":{\"@id\":\"https:\\\/\\\/www.bellunopress.it\\\/2012\\\/12\\\/13\\\/ritardatissima-2012-un-blog-dove-i-pendolari-registrano-ritardi-e-disservizi-della-tratta-ferroviaria-padova-calalzo\\\/#breadcrumb\"},\"inLanguage\":\"fr-FR\",\"potentialAction\":[{\"@type\":\"ReadAction\",\"target\":[\"https:\\\/\\\/www.bellunopress.it\\\/2012\\\/12\\\/13\\\/ritardatissima-2012-un-blog-dove-i-pendolari-registrano-ritardi-e-disservizi-della-tratta-ferroviaria-padova-calalzo\\\/\"]}]},{\"@type\":\"ImageObject\",\"inLanguage\":\"fr-FR\",\"@id\":\"https:\\\/\\\/www.bellunopress.it\\\/2012\\\/12\\\/13\\\/ritardatissima-2012-un-blog-dove-i-pendolari-registrano-ritardi-e-disservizi-della-tratta-ferroviaria-padova-calalzo\\\/#primaryimage\",\"url\":\"http:\\\/\\\/www.bellunopress.it\\\/wp-content\\\/uploads\\\/2011\\\/10\\\/treno-140x140.jpg\",\"contentUrl\":\"http:\\\/\\\/www.bellunopress.it\\\/wp-content\\\/uploads\\\/2011\\\/10\\\/treno-140x140.jpg\"},{\"@type\":\"BreadcrumbList\",\"@id\":\"https:\\\/\\\/www.bellunopress.it\\\/2012\\\/12\\\/13\\\/ritardatissima-2012-un-blog-dove-i-pendolari-registrano-ritardi-e-disservizi-della-tratta-ferroviaria-padova-calalzo\\\/#breadcrumb\",\"itemListElement\":[{\"@type\":\"ListItem\",\"position\":1,\"name\":\"Home\",\"item\":\"https:\\\/\\\/www.bellunopress.it\\\/\"},{\"@type\":\"ListItem\",\"position\":2,\"name\":\"Ritardatissima 2012: un blog dove i pendolari registrano ritardi e disservizi della tratta ferroviaria Padova-Calalzo\"}]},{\"@type\":\"WebSite\",\"@id\":\"https:\\\/\\\/www.bellunopress.it\\\/#website\",\"url\":\"https:\\\/\\\/www.bellunopress.it\\\/\",\"name\":\"Bellunopress - Dolomiti\",\"description\":\"e-mail: redazione@bellunopress.it\",\"publisher\":{\"@id\":\"https:\\\/\\\/www.bellunopress.it\\\/#organization\"},\"potentialAction\":[{\"@type\":\"SearchAction\",\"target\":{\"@type\":\"EntryPoint\",\"urlTemplate\":\"https:\\\/\\\/www.bellunopress.it\\\/?s={search_term_string}\"},\"query-input\":{\"@type\":\"PropertyValueSpecification\",\"valueRequired\":true,\"valueName\":\"search_term_string\"}}],\"inLanguage\":\"fr-FR\"},{\"@type\":\"Organization\",\"@id\":\"https:\\\/\\\/www.bellunopress.it\\\/#organization\",\"name\":\"Bellunopress\",\"url\":\"https:\\\/\\\/www.bellunopress.it\\\/\",\"logo\":{\"@type\":\"ImageObject\",\"inLanguage\":\"fr-FR\",\"@id\":\"https:\\\/\\\/www.bellunopress.it\\\/#\\\/schema\\\/logo\\\/image\\\/\",\"url\":\"https:\\\/\\\/www.bellunopress.it\\\/wp-content\\\/uploads\\\/2011\\\/05\\\/cropped-logo-bellunopress-.jpg\",\"contentUrl\":\"https:\\\/\\\/www.bellunopress.it\\\/wp-content\\\/uploads\\\/2011\\\/05\\\/cropped-logo-bellunopress-.jpg\",\"width\":512,\"height\":512,\"caption\":\"Bellunopress\"},\"image\":{\"@id\":\"https:\\\/\\\/www.bellunopress.it\\\/#\\\/schema\\\/logo\\\/image\\\/\"},\"sameAs\":[\"https:\\\/\\\/www.facebook.com\\\/profile.php?id=100008943462799\",\"https:\\\/\\\/x.com\\\/bellunopress\",\"https:\\\/\\\/www.linkedin.com\\\/hp\\\/?dnr=JBzUWaJfMUw8vbXJJ2tVW5-I3jZKvC4wsoxE&amp;amp;amp;amp;amp;amp;trk=nav_responsive_tab_home\",\"https:\\\/\\\/www.youtube.com\\\/channel\\\/UCxL0wu1uN0_3_7hGG0306cw\"]},{\"@type\":\"Person\",\"@id\":\"https:\\\/\\\/www.bellunopress.it\\\/#\\\/schema\\\/person\\\/79bb06722b37ece1c03d3e94beb30d73\",\"name\":\"redazione\",\"image\":{\"@type\":\"ImageObject\",\"inLanguage\":\"fr-FR\",\"@id\":\"https:\\\/\\\/secure.gravatar.com\\\/avatar\\\/37d968a2e67a6fd04c169c4bdef102d0bc5d31b2546345219e348575eb80e9a0?s=96&d=mm&r=g\",\"url\":\"https:\\\/\\\/secure.gravatar.com\\\/avatar\\\/37d968a2e67a6fd04c169c4bdef102d0bc5d31b2546345219e348575eb80e9a0?s=96&d=mm&r=g\",\"contentUrl\":\"https:\\\/\\\/secure.gravatar.com\\\/avatar\\\/37d968a2e67a6fd04c169c4bdef102d0bc5d31b2546345219e348575eb80e9a0?s=96&d=mm&r=g\",\"caption\":\"redazione\"},\"sameAs\":[\"http:\\\/\\\/www.bellunopress.it\",\"https:\\\/\\\/x.com\\\/bellunopress\"],\"url\":\"https:\\\/\\\/www.bellunopress.it\\\/fr\\\/author\\\/redazione\\\/\"}]}<\/script>\n<!-- \/ Yoast SEO plugin. -->","yoast_head_json":{"title":"Ritardatissima 2012: un blog dove i pendolari registrano ritardi e disservizi della tratta ferroviaria Padova-Calalzo - Bellunopress - Dolomiti","robots":{"index":"index","follow":"follow","max-snippet":"max-snippet:-1","max-image-preview":"max-image-preview:large","max-video-preview":"max-video-preview:-1"},"canonical":"https:\/\/www.bellunopress.it\/fr\/2012\/12\/13\/ritardatissima-2012-un-blog-dove-i-pendolari-registrano-ritardi-e-disservizi-della-tratta-ferroviaria-padova-calalzo\/","og_locale":"fr_FR","og_type":"article","og_title":"Ritardatissima 2012: un blog dove i pendolari registrano ritardi e disservizi della tratta ferroviaria Padova-Calalzo - Bellunopress - Dolomiti","og_description":"Indovina il ritardo annuo della tratta ferroviaria Feltre-Padova e vinci vinci un premio. E&#8217; la provocazione lanciata in rete attraverso un blog dallo\u00a0staff di BinariQuotidiani2 E&#8217; quasi il 31 dicembre ed \u00e8 quasi un anno intero (dal 3 gennaio 2012) che un gruppo di pendolari della linea ferroviaria Calalzo-Padova registra i ritardi che quotidianamente subisce [&hellip;]","og_url":"https:\/\/www.bellunopress.it\/fr\/2012\/12\/13\/ritardatissima-2012-un-blog-dove-i-pendolari-registrano-ritardi-e-disservizi-della-tratta-ferroviaria-padova-calalzo\/","og_site_name":"Bellunopress - Dolomiti","article_publisher":"https:\/\/www.facebook.com\/profile.php?id=100008943462799","article_published_time":"2012-12-13T17:16:49+00:00","og_image":[{"url":"http:\/\/www.bellunopress.it\/wp-content\/uploads\/2011\/10\/treno-140x140.jpg","type":"","width":"","height":""}],"author":"redazione","twitter_card":"summary_large_image","twitter_creator":"@bellunopress","twitter_site":"@bellunopress","twitter_misc":{"\u00c9crit par":"redazione","Dur\u00e9e de lecture estim\u00e9e":"1 minute"},"schema":{"@context":"https:\/\/schema.org","@graph":[{"@type":"Article","@id":"https:\/\/www.bellunopress.it\/2012\/12\/13\/ritardatissima-2012-un-blog-dove-i-pendolari-registrano-ritardi-e-disservizi-della-tratta-ferroviaria-padova-calalzo\/#article","isPartOf":{"@id":"https:\/\/www.bellunopress.it\/2012\/12\/13\/ritardatissima-2012-un-blog-dove-i-pendolari-registrano-ritardi-e-disservizi-della-tratta-ferroviaria-padova-calalzo\/"},"author":{"name":"redazione","@id":"https:\/\/www.bellunopress.it\/#\/schema\/person\/79bb06722b37ece1c03d3e94beb30d73"},"headline":"Ritardatissima 2012: un blog dove i pendolari registrano ritardi e disservizi della tratta ferroviaria Padova-Calalzo","datePublished":"2012-12-13T17:16:49+00:00","mainEntityOfPage":{"@id":"https:\/\/www.bellunopress.it\/2012\/12\/13\/ritardatissima-2012-un-blog-dove-i-pendolari-registrano-ritardi-e-disservizi-della-tratta-ferroviaria-padova-calalzo\/"},"wordCount":254,"publisher":{"@id":"https:\/\/www.bellunopress.it\/#organization"},"image":{"@id":"https:\/\/www.bellunopress.it\/2012\/12\/13\/ritardatissima-2012-un-blog-dove-i-pendolari-registrano-ritardi-e-disservizi-della-tratta-ferroviaria-padova-calalzo\/#primaryimage"},"thumbnailUrl":"http:\/\/www.bellunopress.it\/wp-content\/uploads\/2011\/10\/treno-140x140.jpg","articleSection":["Cronaca\/Politica","Prima Pagina"],"inLanguage":"fr-FR"},{"@type":"WebPage","@id":"https:\/\/www.bellunopress.it\/2012\/12\/13\/ritardatissima-2012-un-blog-dove-i-pendolari-registrano-ritardi-e-disservizi-della-tratta-ferroviaria-padova-calalzo\/","url":"https:\/\/www.bellunopress.it\/2012\/12\/13\/ritardatissima-2012-un-blog-dove-i-pendolari-registrano-ritardi-e-disservizi-della-tratta-ferroviaria-padova-calalzo\/","name":"Ritardatissima 2012: un blog dove i pendolari registrano ritardi e disservizi della tratta ferroviaria Padova-Calalzo - Bellunopress - Dolomiti","isPartOf":{"@id":"https:\/\/www.bellunopress.it\/#website"},"primaryImageOfPage":{"@id":"https:\/\/www.bellunopress.it\/2012\/12\/13\/ritardatissima-2012-un-blog-dove-i-pendolari-registrano-ritardi-e-disservizi-della-tratta-ferroviaria-padova-calalzo\/#primaryimage"},"image":{"@id":"https:\/\/www.bellunopress.it\/2012\/12\/13\/ritardatissima-2012-un-blog-dove-i-pendolari-registrano-ritardi-e-disservizi-della-tratta-ferroviaria-padova-calalzo\/#primaryimage"},"thumbnailUrl":"http:\/\/www.bellunopress.it\/wp-content\/uploads\/2011\/10\/treno-140x140.jpg","datePublished":"2012-12-13T17:16:49+00:00","breadcrumb":{"@id":"https:\/\/www.bellunopress.it\/2012\/12\/13\/ritardatissima-2012-un-blog-dove-i-pendolari-registrano-ritardi-e-disservizi-della-tratta-ferroviaria-padova-calalzo\/#breadcrumb"},"inLanguage":"fr-FR","potentialAction":[{"@type":"ReadAction","target":["https:\/\/www.bellunopress.it\/2012\/12\/13\/ritardatissima-2012-un-blog-dove-i-pendolari-registrano-ritardi-e-disservizi-della-tratta-ferroviaria-padova-calalzo\/"]}]},{"@type":"ImageObject","inLanguage":"fr-FR","@id":"https:\/\/www.bellunopress.it\/2012\/12\/13\/ritardatissima-2012-un-blog-dove-i-pendolari-registrano-ritardi-e-disservizi-della-tratta-ferroviaria-padova-calalzo\/#primaryimage","url":"http:\/\/www.bellunopress.it\/wp-content\/uploads\/2011\/10\/treno-140x140.jpg","contentUrl":"http:\/\/www.bellunopress.it\/wp-content\/uploads\/2011\/10\/treno-140x140.jpg"},{"@type":"BreadcrumbList","@id":"https:\/\/www.bellunopress.it\/2012\/12\/13\/ritardatissima-2012-un-blog-dove-i-pendolari-registrano-ritardi-e-disservizi-della-tratta-ferroviaria-padova-calalzo\/#breadcrumb","itemListElement":[{"@type":"ListItem","position":1,"name":"Home","item":"https:\/\/www.bellunopress.it\/"},{"@type":"ListItem","position":2,"name":"Ritardatissima 2012: un blog dove i pendolari registrano ritardi e disservizi della tratta ferroviaria Padova-Calalzo"}]},{"@type":"WebSite","@id":"https:\/\/www.bellunopress.it\/#website","url":"https:\/\/www.bellunopress.it\/","name":"Bellunopress - Dolomiti","description":"e-mail: redazione@bellunopress.it","publisher":{"@id":"https:\/\/www.bellunopress.it\/#organization"},"potentialAction":[{"@type":"SearchAction","target":{"@type":"EntryPoint","urlTemplate":"https:\/\/www.bellunopress.it\/?s={search_term_string}"},"query-input":{"@type":"PropertyValueSpecification","valueRequired":true,"valueName":"search_term_string"}}],"inLanguage":"fr-FR"},{"@type":"Organization","@id":"https:\/\/www.bellunopress.it\/#organization","name":"Bellunopress","url":"https:\/\/www.bellunopress.it\/","logo":{"@type":"ImageObject","inLanguage":"fr-FR","@id":"https:\/\/www.bellunopress.it\/#\/schema\/logo\/image\/","url":"https:\/\/www.bellunopress.it\/wp-content\/uploads\/2011\/05\/cropped-logo-bellunopress-.jpg","contentUrl":"https:\/\/www.bellunopress.it\/wp-content\/uploads\/2011\/05\/cropped-logo-bellunopress-.jpg","width":512,"height":512,"caption":"Bellunopress"},"image":{"@id":"https:\/\/www.bellunopress.it\/#\/schema\/logo\/image\/"},"sameAs":["https:\/\/www.facebook.com\/profile.php?id=100008943462799","https:\/\/x.com\/bellunopress","https:\/\/www.linkedin.com\/hp\/?dnr=JBzUWaJfMUw8vbXJJ2tVW5-I3jZKvC4wsoxE&amp;amp;amp;amp;amp;amp;trk=nav_responsive_tab_home","https:\/\/www.youtube.com\/channel\/UCxL0wu1uN0_3_7hGG0306cw"]},{"@type":"Person","@id":"https:\/\/www.bellunopress.it\/#\/schema\/person\/79bb06722b37ece1c03d3e94beb30d73","name":"r\u00e9daction","image":{"@type":"ImageObject","inLanguage":"fr-FR","@id":"https:\/\/secure.gravatar.com\/avatar\/37d968a2e67a6fd04c169c4bdef102d0bc5d31b2546345219e348575eb80e9a0?s=96&d=mm&r=g","url":"https:\/\/secure.gravatar.com\/avatar\/37d968a2e67a6fd04c169c4bdef102d0bc5d31b2546345219e348575eb80e9a0?s=96&d=mm&r=g","contentUrl":"https:\/\/secure.gravatar.com\/avatar\/37d968a2e67a6fd04c169c4bdef102d0bc5d31b2546345219e348575eb80e9a0?s=96&d=mm&r=g","caption":"redazione"},"sameAs":["http:\/\/www.bellunopress.it","https:\/\/x.com\/bellunopress"],"url":"https:\/\/www.bellunopress.it\/fr\/author\/redazione\/"}]}},"_links":{"self":[{"href":"https:\/\/www.bellunopress.it\/fr\/wp-json\/wp\/v2\/posts\/44738","targetHints":{"allow":["GET"]}}],"collection":[{"href":"https:\/\/www.bellunopress.it\/fr\/wp-json\/wp\/v2\/posts"}],"about":[{"href":"https:\/\/www.bellunopress.it\/fr\/wp-json\/wp\/v2\/types\/post"}],"author":[{"embeddable":true,"href":"https:\/\/www.bellunopress.it\/fr\/wp-json\/wp\/v2\/users\/2"}],"replies":[{"embeddable":true,"href":"https:\/\/www.bellunopress.it\/fr\/wp-json\/wp\/v2\/comments?post=44738"}],"version-history":[{"count":1,"href":"https:\/\/www.bellunopress.it\/fr\/wp-json\/wp\/v2\/posts\/44738\/revisions"}],"predecessor-version":[{"id":44739,"href":"https:\/\/www.bellunopress.it\/fr\/wp-json\/wp\/v2\/posts\/44738\/revisions\/44739"}],"wp:attachment":[{"href":"https:\/\/www.bellunopress.it\/fr\/wp-json\/wp\/v2\/media?parent=44738"}],"wp:term":[{"taxonomy":"category","embeddable":true,"href":"https:\/\/www.bellunopress.it\/fr\/wp-json\/wp\/v2\/categories?post=44738"},{"taxonomy":"post_tag","embeddable":true,"href":"https:\/\/www.bellunopress.it\/fr\/wp-json\/wp\/v2\/tags?post=44738"}],"curies":[{"name":"wp","href":"https:\/\/api.w.org\/{rel}","templated":true}]}}