{"id":44736,"date":"2012-12-13T17:43:57","date_gmt":"2012-12-13T16:43:57","guid":{"rendered":"http:\/\/www.bellunopress.it\/?p=44736"},"modified":"2012-12-13T17:43:57","modified_gmt":"2012-12-13T16:43:57","slug":"a-calalzo-weekend-tutto-dedicato-agli-alpini","status":"publish","type":"post","link":"https:\/\/www.bellunopress.it\/fr\/2012\/12\/13\/a-calalzo-weekend-tutto-dedicato-agli-alpini\/","title":{"rendered":"A Calalzo weekend tutto dedicato agli Alpini"},"content":{"rendered":"<p><a href=\"http:\/\/www.bellunopress.it\/wp-content\/uploads\/2011\/03\/7-alpini.jpg\"><img loading=\"lazy\" decoding=\"async\" class=\"alignleft size-full wp-image-24877\" alt=\"7 alpini\" src=\"http:\/\/www.bellunopress.it\/wp-content\/uploads\/2011\/03\/7-alpini.jpg\" width=\"290\" height=\"218\" \/><\/a><br \/>\nUn weekend tutto dedicato agli Alpini quello che sta per iniziare a Calalzo. Domani e sabato sono previsti due appuntamenti che rievocheranno la figura di Camillo De Carlo e la consacrazione della Chiesetta degli Alpini intitolando due nuove piazzette.<\/p>\n<p>Domani sera, venerd\u00ec 14 dicembre, alle 21 in sala consiliare si terr\u00e0 l\u2019incontro \u201cPiave 1918: forca o gloria? Camillo De Carlo eroe della Grande Guerra\u201d, a cura di Guglielmo De Bon e Pierluigi Bergamo con introduzione del sindaco Luca De Carlo. Sabato invece ricorre il 90\u00b0 della Sezione Ana Cadore e il 500\u00b0 della Chiesetta degli Alpini in localit\u00e0 Orsina. Il ritrovo sar\u00e0 dalle 16.30 alla Chiesetta, dove sar\u00e0 ricordata la lunga storia dei cinque secoli della pieve gotica. A seguire, in centro paese saranno effettuate le intitolazioni di due piazzette: la prima ai fratelli Fedon, cui \u00e8 dedicato il Gruppo Ana di Calalzo, e un\u2019altra a Camillo De Carlo, medaglia d\u2019oro al Valor militare, i cui resti in futuro saranno tumulati (come da suo desiderio) nella chiesetta degli Alpini. Alle 18.15 si svolger\u00e0 una sfilata fino alla chiesa parrocchiale di San Biagio, dove sar\u00e0 celebrata la messa di Natale per gli Alpini.<\/p>","protected":false},"excerpt":{"rendered":"<p>Un weekend tutto dedicato agli Alpini quello che sta per iniziare a Calalzo. Domani e sabato sono previsti due appuntamenti che rievocheranno la figura di Camillo De Carlo e la consacrazione della Chiesetta degli Alpini intitolando due nuove piazzette. Domani sera, venerd\u00ec 14 dicembre, alle 21 in sala consiliare si terr\u00e0 l\u2019incontro \u201cPiave 1918: forca [&hellip;]<\/p>\n","protected":false},"author":2,"featured_media":0,"comment_status":"closed","ping_status":"open","sticky":false,"template":"","format":"standard","meta":{"footnotes":""},"categories":[27,26],"tags":[],"class_list":["post-44736","post","type-post","status-publish","format-standard","category-appuntamenti","category-prima-pagina"],"yoast_head":"<!-- This site is optimized with the Yoast SEO plugin v28.4 - https:\/\/yoast.com\/product\/yoast-seo-wordpress\/ -->\n<title>A Calalzo weekend tutto dedicato agli Alpini - Bellunopress - Dolomiti<\/title>\n<meta name=\"robots\" content=\"index, follow, max-snippet:-1, max-image-preview:large, max-video-preview:-1\" \/>\n<link rel=\"canonical\" href=\"https:\/\/www.bellunopress.it\/fr\/2012\/12\/13\/a-calalzo-weekend-tutto-dedicato-agli-alpini\/\" \/>\n<meta property=\"og:locale\" content=\"fr_FR\" \/>\n<meta property=\"og:type\" content=\"article\" \/>\n<meta property=\"og:title\" content=\"A Calalzo weekend tutto dedicato agli Alpini - Bellunopress - Dolomiti\" \/>\n<meta property=\"og:description\" content=\"Un weekend tutto dedicato agli Alpini quello che sta per iniziare a Calalzo. Domani e sabato sono previsti due appuntamenti che rievocheranno la figura di Camillo De Carlo e la consacrazione della Chiesetta degli Alpini intitolando due nuove piazzette. Domani sera, venerd\u00ec 14 dicembre, alle 21 in sala consiliare si terr\u00e0 l\u2019incontro \u201cPiave 1918: forca [&hellip;]\" \/>\n<meta property=\"og:url\" content=\"https:\/\/www.bellunopress.it\/fr\/2012\/12\/13\/a-calalzo-weekend-tutto-dedicato-agli-alpini\/\" \/>\n<meta property=\"og:site_name\" content=\"Bellunopress - Dolomiti\" \/>\n<meta property=\"article:publisher\" content=\"https:\/\/www.facebook.com\/profile.php?id=100008943462799\" \/>\n<meta property=\"article:published_time\" content=\"2012-12-13T16:43:57+00:00\" \/>\n<meta property=\"og:image\" content=\"http:\/\/www.bellunopress.it\/wp-content\/uploads\/2011\/03\/7-alpini.jpg\" \/>\n<meta name=\"author\" content=\"redazione\" \/>\n<meta name=\"twitter:card\" content=\"summary_large_image\" \/>\n<meta name=\"twitter:creator\" content=\"@bellunopress\" \/>\n<meta name=\"twitter:site\" content=\"@bellunopress\" \/>\n<meta name=\"twitter:label1\" content=\"Written by\" \/>\n\t<meta name=\"twitter:data1\" content=\"redazione\" \/>\n\t<meta name=\"twitter:label2\" content=\"Est. reading time\" \/>\n\t<meta name=\"twitter:data2\" content=\"1 minute\" \/>\n<script type=\"application\/ld+json\" class=\"yoast-schema-graph\">{\"@context\":\"https:\\\/\\\/schema.org\",\"@graph\":[{\"@type\":\"Article\",\"@id\":\"https:\\\/\\\/www.bellunopress.it\\\/2012\\\/12\\\/13\\\/a-calalzo-weekend-tutto-dedicato-agli-alpini\\\/#article\",\"isPartOf\":{\"@id\":\"https:\\\/\\\/www.bellunopress.it\\\/2012\\\/12\\\/13\\\/a-calalzo-weekend-tutto-dedicato-agli-alpini\\\/\"},\"author\":{\"name\":\"redazione\",\"@id\":\"https:\\\/\\\/www.bellunopress.it\\\/#\\\/schema\\\/person\\\/79bb06722b37ece1c03d3e94beb30d73\"},\"headline\":\"A Calalzo weekend tutto dedicato agli Alpini\",\"datePublished\":\"2012-12-13T16:43:57+00:00\",\"mainEntityOfPage\":{\"@id\":\"https:\\\/\\\/www.bellunopress.it\\\/2012\\\/12\\\/13\\\/a-calalzo-weekend-tutto-dedicato-agli-alpini\\\/\"},\"wordCount\":194,\"publisher\":{\"@id\":\"https:\\\/\\\/www.bellunopress.it\\\/#organization\"},\"image\":{\"@id\":\"https:\\\/\\\/www.bellunopress.it\\\/2012\\\/12\\\/13\\\/a-calalzo-weekend-tutto-dedicato-agli-alpini\\\/#primaryimage\"},\"thumbnailUrl\":\"http:\\\/\\\/www.bellunopress.it\\\/wp-content\\\/uploads\\\/2011\\\/03\\\/7-alpini.jpg\",\"articleSection\":[\"Appuntamenti, Eventi\",\"Prima Pagina\"],\"inLanguage\":\"fr-FR\"},{\"@type\":\"WebPage\",\"@id\":\"https:\\\/\\\/www.bellunopress.it\\\/2012\\\/12\\\/13\\\/a-calalzo-weekend-tutto-dedicato-agli-alpini\\\/\",\"url\":\"https:\\\/\\\/www.bellunopress.it\\\/2012\\\/12\\\/13\\\/a-calalzo-weekend-tutto-dedicato-agli-alpini\\\/\",\"name\":\"A Calalzo weekend tutto dedicato agli Alpini - Bellunopress - Dolomiti\",\"isPartOf\":{\"@id\":\"https:\\\/\\\/www.bellunopress.it\\\/#website\"},\"primaryImageOfPage\":{\"@id\":\"https:\\\/\\\/www.bellunopress.it\\\/2012\\\/12\\\/13\\\/a-calalzo-weekend-tutto-dedicato-agli-alpini\\\/#primaryimage\"},\"image\":{\"@id\":\"https:\\\/\\\/www.bellunopress.it\\\/2012\\\/12\\\/13\\\/a-calalzo-weekend-tutto-dedicato-agli-alpini\\\/#primaryimage\"},\"thumbnailUrl\":\"http:\\\/\\\/www.bellunopress.it\\\/wp-content\\\/uploads\\\/2011\\\/03\\\/7-alpini.jpg\",\"datePublished\":\"2012-12-13T16:43:57+00:00\",\"breadcrumb\":{\"@id\":\"https:\\\/\\\/www.bellunopress.it\\\/2012\\\/12\\\/13\\\/a-calalzo-weekend-tutto-dedicato-agli-alpini\\\/#breadcrumb\"},\"inLanguage\":\"fr-FR\",\"potentialAction\":[{\"@type\":\"ReadAction\",\"target\":[\"https:\\\/\\\/www.bellunopress.it\\\/2012\\\/12\\\/13\\\/a-calalzo-weekend-tutto-dedicato-agli-alpini\\\/\"]}]},{\"@type\":\"ImageObject\",\"inLanguage\":\"fr-FR\",\"@id\":\"https:\\\/\\\/www.bellunopress.it\\\/2012\\\/12\\\/13\\\/a-calalzo-weekend-tutto-dedicato-agli-alpini\\\/#primaryimage\",\"url\":\"http:\\\/\\\/www.bellunopress.it\\\/wp-content\\\/uploads\\\/2011\\\/03\\\/7-alpini.jpg\",\"contentUrl\":\"http:\\\/\\\/www.bellunopress.it\\\/wp-content\\\/uploads\\\/2011\\\/03\\\/7-alpini.jpg\"},{\"@type\":\"BreadcrumbList\",\"@id\":\"https:\\\/\\\/www.bellunopress.it\\\/2012\\\/12\\\/13\\\/a-calalzo-weekend-tutto-dedicato-agli-alpini\\\/#breadcrumb\",\"itemListElement\":[{\"@type\":\"ListItem\",\"position\":1,\"name\":\"Home\",\"item\":\"https:\\\/\\\/www.bellunopress.it\\\/\"},{\"@type\":\"ListItem\",\"position\":2,\"name\":\"A Calalzo weekend tutto dedicato agli Alpini\"}]},{\"@type\":\"WebSite\",\"@id\":\"https:\\\/\\\/www.bellunopress.it\\\/#website\",\"url\":\"https:\\\/\\\/www.bellunopress.it\\\/\",\"name\":\"Bellunopress - Dolomiti\",\"description\":\"e-mail: redazione@bellunopress.it\",\"publisher\":{\"@id\":\"https:\\\/\\\/www.bellunopress.it\\\/#organization\"},\"potentialAction\":[{\"@type\":\"SearchAction\",\"target\":{\"@type\":\"EntryPoint\",\"urlTemplate\":\"https:\\\/\\\/www.bellunopress.it\\\/?s={search_term_string}\"},\"query-input\":{\"@type\":\"PropertyValueSpecification\",\"valueRequired\":true,\"valueName\":\"search_term_string\"}}],\"inLanguage\":\"fr-FR\"},{\"@type\":\"Organization\",\"@id\":\"https:\\\/\\\/www.bellunopress.it\\\/#organization\",\"name\":\"Bellunopress\",\"url\":\"https:\\\/\\\/www.bellunopress.it\\\/\",\"logo\":{\"@type\":\"ImageObject\",\"inLanguage\":\"fr-FR\",\"@id\":\"https:\\\/\\\/www.bellunopress.it\\\/#\\\/schema\\\/logo\\\/image\\\/\",\"url\":\"https:\\\/\\\/www.bellunopress.it\\\/wp-content\\\/uploads\\\/2011\\\/05\\\/cropped-logo-bellunopress-.jpg\",\"contentUrl\":\"https:\\\/\\\/www.bellunopress.it\\\/wp-content\\\/uploads\\\/2011\\\/05\\\/cropped-logo-bellunopress-.jpg\",\"width\":512,\"height\":512,\"caption\":\"Bellunopress\"},\"image\":{\"@id\":\"https:\\\/\\\/www.bellunopress.it\\\/#\\\/schema\\\/logo\\\/image\\\/\"},\"sameAs\":[\"https:\\\/\\\/www.facebook.com\\\/profile.php?id=100008943462799\",\"https:\\\/\\\/x.com\\\/bellunopress\",\"https:\\\/\\\/www.linkedin.com\\\/hp\\\/?dnr=JBzUWaJfMUw8vbXJJ2tVW5-I3jZKvC4wsoxE&amp;amp;amp;amp;amp;amp;trk=nav_responsive_tab_home\",\"https:\\\/\\\/www.youtube.com\\\/channel\\\/UCxL0wu1uN0_3_7hGG0306cw\"]},{\"@type\":\"Person\",\"@id\":\"https:\\\/\\\/www.bellunopress.it\\\/#\\\/schema\\\/person\\\/79bb06722b37ece1c03d3e94beb30d73\",\"name\":\"redazione\",\"image\":{\"@type\":\"ImageObject\",\"inLanguage\":\"fr-FR\",\"@id\":\"https:\\\/\\\/secure.gravatar.com\\\/avatar\\\/37d968a2e67a6fd04c169c4bdef102d0bc5d31b2546345219e348575eb80e9a0?s=96&d=mm&r=g\",\"url\":\"https:\\\/\\\/secure.gravatar.com\\\/avatar\\\/37d968a2e67a6fd04c169c4bdef102d0bc5d31b2546345219e348575eb80e9a0?s=96&d=mm&r=g\",\"contentUrl\":\"https:\\\/\\\/secure.gravatar.com\\\/avatar\\\/37d968a2e67a6fd04c169c4bdef102d0bc5d31b2546345219e348575eb80e9a0?s=96&d=mm&r=g\",\"caption\":\"redazione\"},\"sameAs\":[\"http:\\\/\\\/www.bellunopress.it\",\"https:\\\/\\\/x.com\\\/bellunopress\"],\"url\":\"https:\\\/\\\/www.bellunopress.it\\\/fr\\\/author\\\/redazione\\\/\"}]}<\/script>\n<!-- \/ Yoast SEO plugin. -->","yoast_head_json":{"title":"A Calalzo weekend tutto dedicato agli Alpini - Bellunopress - Dolomiti","robots":{"index":"index","follow":"follow","max-snippet":"max-snippet:-1","max-image-preview":"max-image-preview:large","max-video-preview":"max-video-preview:-1"},"canonical":"https:\/\/www.bellunopress.it\/fr\/2012\/12\/13\/a-calalzo-weekend-tutto-dedicato-agli-alpini\/","og_locale":"fr_FR","og_type":"article","og_title":"A Calalzo weekend tutto dedicato agli Alpini - Bellunopress - Dolomiti","og_description":"Un weekend tutto dedicato agli Alpini quello che sta per iniziare a Calalzo. Domani e sabato sono previsti due appuntamenti che rievocheranno la figura di Camillo De Carlo e la consacrazione della Chiesetta degli Alpini intitolando due nuove piazzette. Domani sera, venerd\u00ec 14 dicembre, alle 21 in sala consiliare si terr\u00e0 l\u2019incontro \u201cPiave 1918: forca [&hellip;]","og_url":"https:\/\/www.bellunopress.it\/fr\/2012\/12\/13\/a-calalzo-weekend-tutto-dedicato-agli-alpini\/","og_site_name":"Bellunopress - Dolomiti","article_publisher":"https:\/\/www.facebook.com\/profile.php?id=100008943462799","article_published_time":"2012-12-13T16:43:57+00:00","og_image":[{"url":"http:\/\/www.bellunopress.it\/wp-content\/uploads\/2011\/03\/7-alpini.jpg","type":"","width":"","height":""}],"author":"redazione","twitter_card":"summary_large_image","twitter_creator":"@bellunopress","twitter_site":"@bellunopress","twitter_misc":{"Written by":"redazione","Est. reading time":"1 minute"},"schema":{"@context":"https:\/\/schema.org","@graph":[{"@type":"Article","@id":"https:\/\/www.bellunopress.it\/2012\/12\/13\/a-calalzo-weekend-tutto-dedicato-agli-alpini\/#article","isPartOf":{"@id":"https:\/\/www.bellunopress.it\/2012\/12\/13\/a-calalzo-weekend-tutto-dedicato-agli-alpini\/"},"author":{"name":"redazione","@id":"https:\/\/www.bellunopress.it\/#\/schema\/person\/79bb06722b37ece1c03d3e94beb30d73"},"headline":"A Calalzo weekend tutto dedicato agli Alpini","datePublished":"2012-12-13T16:43:57+00:00","mainEntityOfPage":{"@id":"https:\/\/www.bellunopress.it\/2012\/12\/13\/a-calalzo-weekend-tutto-dedicato-agli-alpini\/"},"wordCount":194,"publisher":{"@id":"https:\/\/www.bellunopress.it\/#organization"},"image":{"@id":"https:\/\/www.bellunopress.it\/2012\/12\/13\/a-calalzo-weekend-tutto-dedicato-agli-alpini\/#primaryimage"},"thumbnailUrl":"http:\/\/www.bellunopress.it\/wp-content\/uploads\/2011\/03\/7-alpini.jpg","articleSection":["Appuntamenti, Eventi","Prima Pagina"],"inLanguage":"fr-FR"},{"@type":"WebPage","@id":"https:\/\/www.bellunopress.it\/2012\/12\/13\/a-calalzo-weekend-tutto-dedicato-agli-alpini\/","url":"https:\/\/www.bellunopress.it\/2012\/12\/13\/a-calalzo-weekend-tutto-dedicato-agli-alpini\/","name":"A Calalzo weekend tutto dedicato agli Alpini - Bellunopress - Dolomiti","isPartOf":{"@id":"https:\/\/www.bellunopress.it\/#website"},"primaryImageOfPage":{"@id":"https:\/\/www.bellunopress.it\/2012\/12\/13\/a-calalzo-weekend-tutto-dedicato-agli-alpini\/#primaryimage"},"image":{"@id":"https:\/\/www.bellunopress.it\/2012\/12\/13\/a-calalzo-weekend-tutto-dedicato-agli-alpini\/#primaryimage"},"thumbnailUrl":"http:\/\/www.bellunopress.it\/wp-content\/uploads\/2011\/03\/7-alpini.jpg","datePublished":"2012-12-13T16:43:57+00:00","breadcrumb":{"@id":"https:\/\/www.bellunopress.it\/2012\/12\/13\/a-calalzo-weekend-tutto-dedicato-agli-alpini\/#breadcrumb"},"inLanguage":"fr-FR","potentialAction":[{"@type":"ReadAction","target":["https:\/\/www.bellunopress.it\/2012\/12\/13\/a-calalzo-weekend-tutto-dedicato-agli-alpini\/"]}]},{"@type":"ImageObject","inLanguage":"fr-FR","@id":"https:\/\/www.bellunopress.it\/2012\/12\/13\/a-calalzo-weekend-tutto-dedicato-agli-alpini\/#primaryimage","url":"http:\/\/www.bellunopress.it\/wp-content\/uploads\/2011\/03\/7-alpini.jpg","contentUrl":"http:\/\/www.bellunopress.it\/wp-content\/uploads\/2011\/03\/7-alpini.jpg"},{"@type":"BreadcrumbList","@id":"https:\/\/www.bellunopress.it\/2012\/12\/13\/a-calalzo-weekend-tutto-dedicato-agli-alpini\/#breadcrumb","itemListElement":[{"@type":"ListItem","position":1,"name":"Home","item":"https:\/\/www.bellunopress.it\/"},{"@type":"ListItem","position":2,"name":"A Calalzo weekend tutto dedicato agli Alpini"}]},{"@type":"WebSite","@id":"https:\/\/www.bellunopress.it\/#website","url":"https:\/\/www.bellunopress.it\/","name":"Bellunopress - Dolomiti","description":"e-mail: redazione@bellunopress.it","publisher":{"@id":"https:\/\/www.bellunopress.it\/#organization"},"potentialAction":[{"@type":"SearchAction","target":{"@type":"EntryPoint","urlTemplate":"https:\/\/www.bellunopress.it\/?s={search_term_string}"},"query-input":{"@type":"PropertyValueSpecification","valueRequired":true,"valueName":"search_term_string"}}],"inLanguage":"fr-FR"},{"@type":"Organization","@id":"https:\/\/www.bellunopress.it\/#organization","name":"Bellunopress","url":"https:\/\/www.bellunopress.it\/","logo":{"@type":"ImageObject","inLanguage":"fr-FR","@id":"https:\/\/www.bellunopress.it\/#\/schema\/logo\/image\/","url":"https:\/\/www.bellunopress.it\/wp-content\/uploads\/2011\/05\/cropped-logo-bellunopress-.jpg","contentUrl":"https:\/\/www.bellunopress.it\/wp-content\/uploads\/2011\/05\/cropped-logo-bellunopress-.jpg","width":512,"height":512,"caption":"Bellunopress"},"image":{"@id":"https:\/\/www.bellunopress.it\/#\/schema\/logo\/image\/"},"sameAs":["https:\/\/www.facebook.com\/profile.php?id=100008943462799","https:\/\/x.com\/bellunopress","https:\/\/www.linkedin.com\/hp\/?dnr=JBzUWaJfMUw8vbXJJ2tVW5-I3jZKvC4wsoxE&amp;amp;amp;amp;amp;amp;trk=nav_responsive_tab_home","https:\/\/www.youtube.com\/channel\/UCxL0wu1uN0_3_7hGG0306cw"]},{"@type":"Person","@id":"https:\/\/www.bellunopress.it\/#\/schema\/person\/79bb06722b37ece1c03d3e94beb30d73","name":"r\u00e9daction","image":{"@type":"ImageObject","inLanguage":"fr-FR","@id":"https:\/\/secure.gravatar.com\/avatar\/37d968a2e67a6fd04c169c4bdef102d0bc5d31b2546345219e348575eb80e9a0?s=96&d=mm&r=g","url":"https:\/\/secure.gravatar.com\/avatar\/37d968a2e67a6fd04c169c4bdef102d0bc5d31b2546345219e348575eb80e9a0?s=96&d=mm&r=g","contentUrl":"https:\/\/secure.gravatar.com\/avatar\/37d968a2e67a6fd04c169c4bdef102d0bc5d31b2546345219e348575eb80e9a0?s=96&d=mm&r=g","caption":"redazione"},"sameAs":["http:\/\/www.bellunopress.it","https:\/\/x.com\/bellunopress"],"url":"https:\/\/www.bellunopress.it\/fr\/author\/redazione\/"}]}},"_links":{"self":[{"href":"https:\/\/www.bellunopress.it\/fr\/wp-json\/wp\/v2\/posts\/44736","targetHints":{"allow":["GET"]}}],"collection":[{"href":"https:\/\/www.bellunopress.it\/fr\/wp-json\/wp\/v2\/posts"}],"about":[{"href":"https:\/\/www.bellunopress.it\/fr\/wp-json\/wp\/v2\/types\/post"}],"author":[{"embeddable":true,"href":"https:\/\/www.bellunopress.it\/fr\/wp-json\/wp\/v2\/users\/2"}],"replies":[{"embeddable":true,"href":"https:\/\/www.bellunopress.it\/fr\/wp-json\/wp\/v2\/comments?post=44736"}],"version-history":[{"count":1,"href":"https:\/\/www.bellunopress.it\/fr\/wp-json\/wp\/v2\/posts\/44736\/revisions"}],"predecessor-version":[{"id":44737,"href":"https:\/\/www.bellunopress.it\/fr\/wp-json\/wp\/v2\/posts\/44736\/revisions\/44737"}],"wp:attachment":[{"href":"https:\/\/www.bellunopress.it\/fr\/wp-json\/wp\/v2\/media?parent=44736"}],"wp:term":[{"taxonomy":"category","embeddable":true,"href":"https:\/\/www.bellunopress.it\/fr\/wp-json\/wp\/v2\/categories?post=44736"},{"taxonomy":"post_tag","embeddable":true,"href":"https:\/\/www.bellunopress.it\/fr\/wp-json\/wp\/v2\/tags?post=44736"}],"curies":[{"name":"wp","href":"https:\/\/api.w.org\/{rel}","templated":true}]}}