{"id":44733,"date":"2012-12-15T20:35:49","date_gmt":"2012-12-15T19:35:49","guid":{"rendered":"http:\/\/www.bellunopress.it\/?p=44733"},"modified":"2012-12-16T08:28:07","modified_gmt":"2012-12-16T07:28:07","slug":"occidente-solitario-domenica-e-lunedi-al-teatro-comunale-con-claudio-santamaria-e-filippo-nigro","status":"publish","type":"post","link":"https:\/\/www.bellunopress.it\/fr\/2012\/12\/15\/occidente-solitario-domenica-e-lunedi-al-teatro-comunale-con-claudio-santamaria-e-filippo-nigro\/","title":{"rendered":"Occidente solitario. Domenica e luned\u00ec al Teatro comunale con Claudio Santamaria e Filippo Nigro"},"content":{"rendered":"<p>Per la Stagione di Prosa del Teatro Comunale di Belluno, organizzata da Tib Teatro per la direzione artistica di Daniela Nicosia, \u00e8 in arrivo domenica 16 e luned\u00ec 17 alle 20.45 Occidente Solitario del contemporaneo Martin McDonagh, drammaturgo inglese di successo &#8211; nel 1997, a soli 27 anni, ben quattro dei suoi spettacoli venivano rappresentati simultaneamente nei teatri del West-End di Londra &#8211; con Claudio Santamaria e Filippo Nigro, attori ben noti al pubblico e particolarmente amati dai giovani.<\/p>\n<figure id=\"attachment_44806\" aria-describedby=\"caption-attachment-44806\" style=\"width: 103px\" class=\"wp-caption alignleft\"><a href=\"http:\/\/www.bellunopress.it\/wp-content\/uploads\/2012\/12\/claudio-santamaria1.jpg\"><img loading=\"lazy\" decoding=\"async\" class=\"size-full wp-image-44806\" alt=\"Claudio Santamaria\" src=\"http:\/\/www.bellunopress.it\/wp-content\/uploads\/2012\/12\/claudio-santamaria1.jpg\" width=\"103\" height=\"150\" \/><\/a><figcaption id=\"caption-attachment-44806\" class=\"wp-caption-text\">Claudio Santamaria<\/figcaption><\/figure>\n<p>Santamaria gi\u00e0 interprete in tv del film su Rino Gaetano, e di tante pellicole di successo da Romanzo Criminale di Michele Placido a L&#8217;Ultimo bacio (per il quale \u00e8 candidato al David di Donatello) e Baciami ancora di Muccino; Nigro di recente vincitore del Premio le maschere del Teatro 2012, e gi\u00e0 interprete di numerosi film tra cui Le fate ignoranti di Ferzan Ozpetek.<\/p>\n<p>Lo spettacolo in scena a Belluno, titolo originale Lonesome West attualmente in programmazione in Inghilterra e Francia, racconta, nell&#8217;apparente tranquillit\u00e0 della campagna irlandese, la storia di due fratelli. Dispute e aggressioni continue connotano il loro rapporto: l&#8217;uno, Valene, possessivo e maniacale, contrassegna con la propria iniziale ogni oggetto, colleziona statuine religiose e beve whisky; l&#8217;altro Coleman, pensa solo a mangiare e partecipa ai funerali del paese per riuscire a degustare gratuitamente salsicce e rustici. Incapaci di relazionarsi tra loro i due fratelli, vivono quel legame di sangue come fosse una sfida costante, una condanna in un&#8217;atmosfera quotidiana di litigi e piccole vendette. Tra loro un giovane prete, dedito all&#8217;alcool, che tenta inutilmente la rappacificazione fra i due, e una ragazza, venditrice abusiva di whisky, dai teneri risvolti. Quattro personaggi per una commedia concentrata in una stanza &#8211; suggestiva, nella sinistra scenografia di Bruno Buonincontri &#8211; dove delirio e stravaganza s&#8217;incontrano, tessuti delicatamente con umorismo e cinismo ad un tempo. La crudelt\u00e0 si sottrae alla morale e si manifesta come gioco, ritmo, energia, se i personaggi aprono bocca \u00e8 per insultare, rivendicare o compiangersi. E se non funziona tra fratelli, sembra volerci dire l&#8217;autore, come si pu\u00f2 sperare in un legame sociale che possa fondare una vera comunit\u00e0? La regia \u00e8 di Juan Diego Puerta Lopez, le scene di Bruno Buonincontri, gli altri interpreti sono Massimo De Santis e Azzurra Antonacci.<\/p>\n<p>Claudio Santamaria e Filippo Nigro incontreranno il pubblico, al Teatro Comunale, luned\u00ec 17 dicembre alle 18.15, prima della seconda replica; un&#8217;iniziativa, questa, che inaugura il ciclo degli incontri di approfondimento collegati alla Stagione, occasione per conoscere da vicino i segreti dell&#8217;arte scenica e le sfide di un mestiere complesso, in questo caso le differenze tra cinema e teatro, occhi negli occhi con i protagonisti!<\/p>\n<p>Ad accompagnare lo spettacolo presso il Ristorante la Nicchia, in via Matteotti, prima i cicchetti e dopo teatro, su prenotazione, la cena a tema connessa allo spettacolo, in questo caso il piatto FRATELLO DI SANGUE creato ad hoc dallo chef Sebastiano Saviane! Tel. 3271750911<\/p>\n<p>PRENOTAZIONI BIGLIETTI: Tib Teatro 0437 943303<\/p>\n<p>RITIRO BIGLIETTI: Teatro Comunale 16 e 17 dicembre 11-13 e 17- 20 tel. 0437940349<\/p>","protected":false},"excerpt":{"rendered":"<p>Per la Stagione di Prosa del Teatro Comunale di Belluno, organizzata da Tib Teatro per la direzione artistica di Daniela Nicosia, \u00e8 in arrivo domenica 16 e luned\u00ec 17 alle 20.45 Occidente Solitario del contemporaneo Martin McDonagh, drammaturgo inglese di successo &#8211; nel 1997, a soli 27 anni, ben quattro dei suoi spettacoli venivano rappresentati [&hellip;]<\/p>\n","protected":false},"author":2,"featured_media":0,"comment_status":"closed","ping_status":"open","sticky":false,"template":"","format":"standard","meta":{"footnotes":""},"categories":[27,3,25],"tags":[],"class_list":["post-44733","post","type-post","status-publish","format-standard","category-appuntamenti","category-arte-cultura-spettacoli-scienza-archivi","category-pausa-caffe"],"yoast_head":"<!-- This site is optimized with the Yoast SEO plugin v28.4 - https:\/\/yoast.com\/product\/yoast-seo-wordpress\/ -->\n<title>Occidente solitario. Domenica e luned\u00ec al Teatro comunale con Claudio Santamaria e Filippo Nigro  - Bellunopress - Dolomiti<\/title>\n<meta name=\"robots\" content=\"index, follow, max-snippet:-1, max-image-preview:large, max-video-preview:-1\" \/>\n<link rel=\"canonical\" href=\"https:\/\/www.bellunopress.it\/fr\/2012\/12\/15\/occidente-solitario-domenica-e-lunedi-al-teatro-comunale-con-claudio-santamaria-e-filippo-nigro\/\" \/>\n<meta property=\"og:locale\" content=\"fr_FR\" \/>\n<meta property=\"og:type\" content=\"article\" \/>\n<meta property=\"og:title\" content=\"Occidente solitario. Domenica e luned\u00ec al Teatro comunale con Claudio Santamaria e Filippo Nigro  - Bellunopress - Dolomiti\" \/>\n<meta property=\"og:description\" content=\"Per la Stagione di Prosa del Teatro Comunale di Belluno, organizzata da Tib Teatro per la direzione artistica di Daniela Nicosia, \u00e8 in arrivo domenica 16 e luned\u00ec 17 alle 20.45 Occidente Solitario del contemporaneo Martin McDonagh, drammaturgo inglese di successo &#8211; nel 1997, a soli 27 anni, ben quattro dei suoi spettacoli venivano rappresentati [&hellip;]\" \/>\n<meta property=\"og:url\" content=\"https:\/\/www.bellunopress.it\/fr\/2012\/12\/15\/occidente-solitario-domenica-e-lunedi-al-teatro-comunale-con-claudio-santamaria-e-filippo-nigro\/\" \/>\n<meta property=\"og:site_name\" content=\"Bellunopress - Dolomiti\" \/>\n<meta property=\"article:publisher\" content=\"https:\/\/www.facebook.com\/profile.php?id=100008943462799\" \/>\n<meta property=\"article:published_time\" content=\"2012-12-15T19:35:49+00:00\" \/>\n<meta property=\"article:modified_time\" content=\"2012-12-16T07:28:07+00:00\" \/>\n<meta property=\"og:image\" content=\"http:\/\/www.bellunopress.it\/wp-content\/uploads\/2012\/12\/claudio-santamaria1.jpg\" \/>\n<meta name=\"author\" content=\"redazione\" \/>\n<meta name=\"twitter:card\" content=\"summary_large_image\" \/>\n<meta name=\"twitter:creator\" content=\"@bellunopress\" \/>\n<meta name=\"twitter:site\" content=\"@bellunopress\" \/>\n<meta name=\"twitter:label1\" content=\"Written by\" \/>\n\t<meta name=\"twitter:data1\" content=\"redazione\" \/>\n\t<meta name=\"twitter:label2\" content=\"Est. reading time\" \/>\n\t<meta name=\"twitter:data2\" content=\"2 minutes\" \/>\n<script type=\"application\/ld+json\" class=\"yoast-schema-graph\">{\"@context\":\"https:\\\/\\\/schema.org\",\"@graph\":[{\"@type\":\"Article\",\"@id\":\"https:\\\/\\\/www.bellunopress.it\\\/2012\\\/12\\\/15\\\/occidente-solitario-domenica-e-lunedi-al-teatro-comunale-con-claudio-santamaria-e-filippo-nigro\\\/#article\",\"isPartOf\":{\"@id\":\"https:\\\/\\\/www.bellunopress.it\\\/2012\\\/12\\\/15\\\/occidente-solitario-domenica-e-lunedi-al-teatro-comunale-con-claudio-santamaria-e-filippo-nigro\\\/\"},\"author\":{\"name\":\"redazione\",\"@id\":\"https:\\\/\\\/www.bellunopress.it\\\/#\\\/schema\\\/person\\\/79bb06722b37ece1c03d3e94beb30d73\"},\"headline\":\"Occidente solitario. Domenica e luned\u00ec al Teatro comunale con Claudio Santamaria e Filippo Nigro\",\"datePublished\":\"2012-12-15T19:35:49+00:00\",\"dateModified\":\"2012-12-16T07:28:07+00:00\",\"mainEntityOfPage\":{\"@id\":\"https:\\\/\\\/www.bellunopress.it\\\/2012\\\/12\\\/15\\\/occidente-solitario-domenica-e-lunedi-al-teatro-comunale-con-claudio-santamaria-e-filippo-nigro\\\/\"},\"wordCount\":515,\"publisher\":{\"@id\":\"https:\\\/\\\/www.bellunopress.it\\\/#organization\"},\"image\":{\"@id\":\"https:\\\/\\\/www.bellunopress.it\\\/2012\\\/12\\\/15\\\/occidente-solitario-domenica-e-lunedi-al-teatro-comunale-con-claudio-santamaria-e-filippo-nigro\\\/#primaryimage\"},\"thumbnailUrl\":\"http:\\\/\\\/www.bellunopress.it\\\/wp-content\\\/uploads\\\/2012\\\/12\\\/claudio-santamaria1.jpg\",\"articleSection\":[\"Appuntamenti, Eventi\",\"Arte, Cultura, Spettacoli, Scienza\",\"Pausa Caff\u00e8\"],\"inLanguage\":\"fr-FR\"},{\"@type\":\"WebPage\",\"@id\":\"https:\\\/\\\/www.bellunopress.it\\\/2012\\\/12\\\/15\\\/occidente-solitario-domenica-e-lunedi-al-teatro-comunale-con-claudio-santamaria-e-filippo-nigro\\\/\",\"url\":\"https:\\\/\\\/www.bellunopress.it\\\/2012\\\/12\\\/15\\\/occidente-solitario-domenica-e-lunedi-al-teatro-comunale-con-claudio-santamaria-e-filippo-nigro\\\/\",\"name\":\"Occidente solitario. Domenica e luned\u00ec al Teatro comunale con Claudio Santamaria e Filippo Nigro - Bellunopress - Dolomiti\",\"isPartOf\":{\"@id\":\"https:\\\/\\\/www.bellunopress.it\\\/#website\"},\"primaryImageOfPage\":{\"@id\":\"https:\\\/\\\/www.bellunopress.it\\\/2012\\\/12\\\/15\\\/occidente-solitario-domenica-e-lunedi-al-teatro-comunale-con-claudio-santamaria-e-filippo-nigro\\\/#primaryimage\"},\"image\":{\"@id\":\"https:\\\/\\\/www.bellunopress.it\\\/2012\\\/12\\\/15\\\/occidente-solitario-domenica-e-lunedi-al-teatro-comunale-con-claudio-santamaria-e-filippo-nigro\\\/#primaryimage\"},\"thumbnailUrl\":\"http:\\\/\\\/www.bellunopress.it\\\/wp-content\\\/uploads\\\/2012\\\/12\\\/claudio-santamaria1.jpg\",\"datePublished\":\"2012-12-15T19:35:49+00:00\",\"dateModified\":\"2012-12-16T07:28:07+00:00\",\"breadcrumb\":{\"@id\":\"https:\\\/\\\/www.bellunopress.it\\\/2012\\\/12\\\/15\\\/occidente-solitario-domenica-e-lunedi-al-teatro-comunale-con-claudio-santamaria-e-filippo-nigro\\\/#breadcrumb\"},\"inLanguage\":\"fr-FR\",\"potentialAction\":[{\"@type\":\"ReadAction\",\"target\":[\"https:\\\/\\\/www.bellunopress.it\\\/2012\\\/12\\\/15\\\/occidente-solitario-domenica-e-lunedi-al-teatro-comunale-con-claudio-santamaria-e-filippo-nigro\\\/\"]}]},{\"@type\":\"ImageObject\",\"inLanguage\":\"fr-FR\",\"@id\":\"https:\\\/\\\/www.bellunopress.it\\\/2012\\\/12\\\/15\\\/occidente-solitario-domenica-e-lunedi-al-teatro-comunale-con-claudio-santamaria-e-filippo-nigro\\\/#primaryimage\",\"url\":\"http:\\\/\\\/www.bellunopress.it\\\/wp-content\\\/uploads\\\/2012\\\/12\\\/claudio-santamaria1.jpg\",\"contentUrl\":\"http:\\\/\\\/www.bellunopress.it\\\/wp-content\\\/uploads\\\/2012\\\/12\\\/claudio-santamaria1.jpg\"},{\"@type\":\"BreadcrumbList\",\"@id\":\"https:\\\/\\\/www.bellunopress.it\\\/2012\\\/12\\\/15\\\/occidente-solitario-domenica-e-lunedi-al-teatro-comunale-con-claudio-santamaria-e-filippo-nigro\\\/#breadcrumb\",\"itemListElement\":[{\"@type\":\"ListItem\",\"position\":1,\"name\":\"Home\",\"item\":\"https:\\\/\\\/www.bellunopress.it\\\/\"},{\"@type\":\"ListItem\",\"position\":2,\"name\":\"Occidente solitario. Domenica e luned\u00ec al Teatro comunale con Claudio Santamaria e Filippo Nigro\"}]},{\"@type\":\"WebSite\",\"@id\":\"https:\\\/\\\/www.bellunopress.it\\\/#website\",\"url\":\"https:\\\/\\\/www.bellunopress.it\\\/\",\"name\":\"Bellunopress - Dolomiti\",\"description\":\"e-mail: redazione@bellunopress.it\",\"publisher\":{\"@id\":\"https:\\\/\\\/www.bellunopress.it\\\/#organization\"},\"potentialAction\":[{\"@type\":\"SearchAction\",\"target\":{\"@type\":\"EntryPoint\",\"urlTemplate\":\"https:\\\/\\\/www.bellunopress.it\\\/?s={search_term_string}\"},\"query-input\":{\"@type\":\"PropertyValueSpecification\",\"valueRequired\":true,\"valueName\":\"search_term_string\"}}],\"inLanguage\":\"fr-FR\"},{\"@type\":\"Organization\",\"@id\":\"https:\\\/\\\/www.bellunopress.it\\\/#organization\",\"name\":\"Bellunopress\",\"url\":\"https:\\\/\\\/www.bellunopress.it\\\/\",\"logo\":{\"@type\":\"ImageObject\",\"inLanguage\":\"fr-FR\",\"@id\":\"https:\\\/\\\/www.bellunopress.it\\\/#\\\/schema\\\/logo\\\/image\\\/\",\"url\":\"https:\\\/\\\/www.bellunopress.it\\\/wp-content\\\/uploads\\\/2011\\\/05\\\/cropped-logo-bellunopress-.jpg\",\"contentUrl\":\"https:\\\/\\\/www.bellunopress.it\\\/wp-content\\\/uploads\\\/2011\\\/05\\\/cropped-logo-bellunopress-.jpg\",\"width\":512,\"height\":512,\"caption\":\"Bellunopress\"},\"image\":{\"@id\":\"https:\\\/\\\/www.bellunopress.it\\\/#\\\/schema\\\/logo\\\/image\\\/\"},\"sameAs\":[\"https:\\\/\\\/www.facebook.com\\\/profile.php?id=100008943462799\",\"https:\\\/\\\/x.com\\\/bellunopress\",\"https:\\\/\\\/www.linkedin.com\\\/hp\\\/?dnr=JBzUWaJfMUw8vbXJJ2tVW5-I3jZKvC4wsoxE&amp;amp;amp;amp;amp;amp;trk=nav_responsive_tab_home\",\"https:\\\/\\\/www.youtube.com\\\/channel\\\/UCxL0wu1uN0_3_7hGG0306cw\"]},{\"@type\":\"Person\",\"@id\":\"https:\\\/\\\/www.bellunopress.it\\\/#\\\/schema\\\/person\\\/79bb06722b37ece1c03d3e94beb30d73\",\"name\":\"redazione\",\"image\":{\"@type\":\"ImageObject\",\"inLanguage\":\"fr-FR\",\"@id\":\"https:\\\/\\\/secure.gravatar.com\\\/avatar\\\/37d968a2e67a6fd04c169c4bdef102d0bc5d31b2546345219e348575eb80e9a0?s=96&d=mm&r=g\",\"url\":\"https:\\\/\\\/secure.gravatar.com\\\/avatar\\\/37d968a2e67a6fd04c169c4bdef102d0bc5d31b2546345219e348575eb80e9a0?s=96&d=mm&r=g\",\"contentUrl\":\"https:\\\/\\\/secure.gravatar.com\\\/avatar\\\/37d968a2e67a6fd04c169c4bdef102d0bc5d31b2546345219e348575eb80e9a0?s=96&d=mm&r=g\",\"caption\":\"redazione\"},\"sameAs\":[\"http:\\\/\\\/www.bellunopress.it\",\"https:\\\/\\\/x.com\\\/bellunopress\"],\"url\":\"https:\\\/\\\/www.bellunopress.it\\\/fr\\\/author\\\/redazione\\\/\"}]}<\/script>\n<!-- \/ Yoast SEO plugin. -->","yoast_head_json":{"title":"Occidente solitario. Domenica e luned\u00ec al Teatro comunale con Claudio Santamaria e Filippo Nigro  - Bellunopress - Dolomiti","robots":{"index":"index","follow":"follow","max-snippet":"max-snippet:-1","max-image-preview":"max-image-preview:large","max-video-preview":"max-video-preview:-1"},"canonical":"https:\/\/www.bellunopress.it\/fr\/2012\/12\/15\/occidente-solitario-domenica-e-lunedi-al-teatro-comunale-con-claudio-santamaria-e-filippo-nigro\/","og_locale":"fr_FR","og_type":"article","og_title":"Occidente solitario. Domenica e luned\u00ec al Teatro comunale con Claudio Santamaria e Filippo Nigro  - Bellunopress - Dolomiti","og_description":"Per la Stagione di Prosa del Teatro Comunale di Belluno, organizzata da Tib Teatro per la direzione artistica di Daniela Nicosia, \u00e8 in arrivo domenica 16 e luned\u00ec 17 alle 20.45 Occidente Solitario del contemporaneo Martin McDonagh, drammaturgo inglese di successo &#8211; nel 1997, a soli 27 anni, ben quattro dei suoi spettacoli venivano rappresentati [&hellip;]","og_url":"https:\/\/www.bellunopress.it\/fr\/2012\/12\/15\/occidente-solitario-domenica-e-lunedi-al-teatro-comunale-con-claudio-santamaria-e-filippo-nigro\/","og_site_name":"Bellunopress - Dolomiti","article_publisher":"https:\/\/www.facebook.com\/profile.php?id=100008943462799","article_published_time":"2012-12-15T19:35:49+00:00","article_modified_time":"2012-12-16T07:28:07+00:00","og_image":[{"url":"http:\/\/www.bellunopress.it\/wp-content\/uploads\/2012\/12\/claudio-santamaria1.jpg","type":"","width":"","height":""}],"author":"redazione","twitter_card":"summary_large_image","twitter_creator":"@bellunopress","twitter_site":"@bellunopress","twitter_misc":{"Written by":"redazione","Est. reading time":"2 minutes"},"schema":{"@context":"https:\/\/schema.org","@graph":[{"@type":"Article","@id":"https:\/\/www.bellunopress.it\/2012\/12\/15\/occidente-solitario-domenica-e-lunedi-al-teatro-comunale-con-claudio-santamaria-e-filippo-nigro\/#article","isPartOf":{"@id":"https:\/\/www.bellunopress.it\/2012\/12\/15\/occidente-solitario-domenica-e-lunedi-al-teatro-comunale-con-claudio-santamaria-e-filippo-nigro\/"},"author":{"name":"redazione","@id":"https:\/\/www.bellunopress.it\/#\/schema\/person\/79bb06722b37ece1c03d3e94beb30d73"},"headline":"Occidente solitario. Domenica e luned\u00ec al Teatro comunale con Claudio Santamaria e Filippo Nigro","datePublished":"2012-12-15T19:35:49+00:00","dateModified":"2012-12-16T07:28:07+00:00","mainEntityOfPage":{"@id":"https:\/\/www.bellunopress.it\/2012\/12\/15\/occidente-solitario-domenica-e-lunedi-al-teatro-comunale-con-claudio-santamaria-e-filippo-nigro\/"},"wordCount":515,"publisher":{"@id":"https:\/\/www.bellunopress.it\/#organization"},"image":{"@id":"https:\/\/www.bellunopress.it\/2012\/12\/15\/occidente-solitario-domenica-e-lunedi-al-teatro-comunale-con-claudio-santamaria-e-filippo-nigro\/#primaryimage"},"thumbnailUrl":"http:\/\/www.bellunopress.it\/wp-content\/uploads\/2012\/12\/claudio-santamaria1.jpg","articleSection":["Appuntamenti, Eventi","Arte, Cultura, Spettacoli, Scienza","Pausa Caff\u00e8"],"inLanguage":"fr-FR"},{"@type":"WebPage","@id":"https:\/\/www.bellunopress.it\/2012\/12\/15\/occidente-solitario-domenica-e-lunedi-al-teatro-comunale-con-claudio-santamaria-e-filippo-nigro\/","url":"https:\/\/www.bellunopress.it\/2012\/12\/15\/occidente-solitario-domenica-e-lunedi-al-teatro-comunale-con-claudio-santamaria-e-filippo-nigro\/","name":"Occidente solitario. Domenica e luned\u00ec al Teatro comunale con Claudio Santamaria e Filippo Nigro - Bellunopress - Dolomiti","isPartOf":{"@id":"https:\/\/www.bellunopress.it\/#website"},"primaryImageOfPage":{"@id":"https:\/\/www.bellunopress.it\/2012\/12\/15\/occidente-solitario-domenica-e-lunedi-al-teatro-comunale-con-claudio-santamaria-e-filippo-nigro\/#primaryimage"},"image":{"@id":"https:\/\/www.bellunopress.it\/2012\/12\/15\/occidente-solitario-domenica-e-lunedi-al-teatro-comunale-con-claudio-santamaria-e-filippo-nigro\/#primaryimage"},"thumbnailUrl":"http:\/\/www.bellunopress.it\/wp-content\/uploads\/2012\/12\/claudio-santamaria1.jpg","datePublished":"2012-12-15T19:35:49+00:00","dateModified":"2012-12-16T07:28:07+00:00","breadcrumb":{"@id":"https:\/\/www.bellunopress.it\/2012\/12\/15\/occidente-solitario-domenica-e-lunedi-al-teatro-comunale-con-claudio-santamaria-e-filippo-nigro\/#breadcrumb"},"inLanguage":"fr-FR","potentialAction":[{"@type":"ReadAction","target":["https:\/\/www.bellunopress.it\/2012\/12\/15\/occidente-solitario-domenica-e-lunedi-al-teatro-comunale-con-claudio-santamaria-e-filippo-nigro\/"]}]},{"@type":"ImageObject","inLanguage":"fr-FR","@id":"https:\/\/www.bellunopress.it\/2012\/12\/15\/occidente-solitario-domenica-e-lunedi-al-teatro-comunale-con-claudio-santamaria-e-filippo-nigro\/#primaryimage","url":"http:\/\/www.bellunopress.it\/wp-content\/uploads\/2012\/12\/claudio-santamaria1.jpg","contentUrl":"http:\/\/www.bellunopress.it\/wp-content\/uploads\/2012\/12\/claudio-santamaria1.jpg"},{"@type":"BreadcrumbList","@id":"https:\/\/www.bellunopress.it\/2012\/12\/15\/occidente-solitario-domenica-e-lunedi-al-teatro-comunale-con-claudio-santamaria-e-filippo-nigro\/#breadcrumb","itemListElement":[{"@type":"ListItem","position":1,"name":"Home","item":"https:\/\/www.bellunopress.it\/"},{"@type":"ListItem","position":2,"name":"Occidente solitario. Domenica e luned\u00ec al Teatro comunale con Claudio Santamaria e Filippo Nigro"}]},{"@type":"WebSite","@id":"https:\/\/www.bellunopress.it\/#website","url":"https:\/\/www.bellunopress.it\/","name":"Bellunopress - Dolomiti","description":"e-mail: redazione@bellunopress.it","publisher":{"@id":"https:\/\/www.bellunopress.it\/#organization"},"potentialAction":[{"@type":"SearchAction","target":{"@type":"EntryPoint","urlTemplate":"https:\/\/www.bellunopress.it\/?s={search_term_string}"},"query-input":{"@type":"PropertyValueSpecification","valueRequired":true,"valueName":"search_term_string"}}],"inLanguage":"fr-FR"},{"@type":"Organization","@id":"https:\/\/www.bellunopress.it\/#organization","name":"Bellunopress","url":"https:\/\/www.bellunopress.it\/","logo":{"@type":"ImageObject","inLanguage":"fr-FR","@id":"https:\/\/www.bellunopress.it\/#\/schema\/logo\/image\/","url":"https:\/\/www.bellunopress.it\/wp-content\/uploads\/2011\/05\/cropped-logo-bellunopress-.jpg","contentUrl":"https:\/\/www.bellunopress.it\/wp-content\/uploads\/2011\/05\/cropped-logo-bellunopress-.jpg","width":512,"height":512,"caption":"Bellunopress"},"image":{"@id":"https:\/\/www.bellunopress.it\/#\/schema\/logo\/image\/"},"sameAs":["https:\/\/www.facebook.com\/profile.php?id=100008943462799","https:\/\/x.com\/bellunopress","https:\/\/www.linkedin.com\/hp\/?dnr=JBzUWaJfMUw8vbXJJ2tVW5-I3jZKvC4wsoxE&amp;amp;amp;amp;amp;amp;trk=nav_responsive_tab_home","https:\/\/www.youtube.com\/channel\/UCxL0wu1uN0_3_7hGG0306cw"]},{"@type":"Person","@id":"https:\/\/www.bellunopress.it\/#\/schema\/person\/79bb06722b37ece1c03d3e94beb30d73","name":"r\u00e9daction","image":{"@type":"ImageObject","inLanguage":"fr-FR","@id":"https:\/\/secure.gravatar.com\/avatar\/37d968a2e67a6fd04c169c4bdef102d0bc5d31b2546345219e348575eb80e9a0?s=96&d=mm&r=g","url":"https:\/\/secure.gravatar.com\/avatar\/37d968a2e67a6fd04c169c4bdef102d0bc5d31b2546345219e348575eb80e9a0?s=96&d=mm&r=g","contentUrl":"https:\/\/secure.gravatar.com\/avatar\/37d968a2e67a6fd04c169c4bdef102d0bc5d31b2546345219e348575eb80e9a0?s=96&d=mm&r=g","caption":"redazione"},"sameAs":["http:\/\/www.bellunopress.it","https:\/\/x.com\/bellunopress"],"url":"https:\/\/www.bellunopress.it\/fr\/author\/redazione\/"}]}},"_links":{"self":[{"href":"https:\/\/www.bellunopress.it\/fr\/wp-json\/wp\/v2\/posts\/44733","targetHints":{"allow":["GET"]}}],"collection":[{"href":"https:\/\/www.bellunopress.it\/fr\/wp-json\/wp\/v2\/posts"}],"about":[{"href":"https:\/\/www.bellunopress.it\/fr\/wp-json\/wp\/v2\/types\/post"}],"author":[{"embeddable":true,"href":"https:\/\/www.bellunopress.it\/fr\/wp-json\/wp\/v2\/users\/2"}],"replies":[{"embeddable":true,"href":"https:\/\/www.bellunopress.it\/fr\/wp-json\/wp\/v2\/comments?post=44733"}],"version-history":[{"count":5,"href":"https:\/\/www.bellunopress.it\/fr\/wp-json\/wp\/v2\/posts\/44733\/revisions"}],"predecessor-version":[{"id":44845,"href":"https:\/\/www.bellunopress.it\/fr\/wp-json\/wp\/v2\/posts\/44733\/revisions\/44845"}],"wp:attachment":[{"href":"https:\/\/www.bellunopress.it\/fr\/wp-json\/wp\/v2\/media?parent=44733"}],"wp:term":[{"taxonomy":"category","embeddable":true,"href":"https:\/\/www.bellunopress.it\/fr\/wp-json\/wp\/v2\/categories?post=44733"},{"taxonomy":"post_tag","embeddable":true,"href":"https:\/\/www.bellunopress.it\/fr\/wp-json\/wp\/v2\/tags?post=44733"}],"curies":[{"name":"wp","href":"https:\/\/api.w.org\/{rel}","templated":true}]}}