{"id":44709,"date":"2012-12-12T09:22:07","date_gmt":"2012-12-12T08:22:07","guid":{"rendered":"http:\/\/www.bellunopress.it\/?p=44709"},"modified":"2012-12-12T16:35:55","modified_gmt":"2012-12-12T15:35:55","slug":"nevegal-nel-fine-settimana-si-scia","status":"publish","type":"post","link":"https:\/\/www.bellunopress.it\/fr\/2012\/12\/12\/nevegal-nel-fine-settimana-si-scia\/","title":{"rendered":"Nevegal: nel fine settimana si scia"},"content":{"rendered":"<figure id=\"attachment_33588\" aria-describedby=\"caption-attachment-33588\" style=\"width: 270px\" class=\"wp-caption alignleft\"><a href=\"http:\/\/www.bellunopress.it\/wp-content\/uploads\/2011\/12\/pista-coca-nevegal.jpg\"><img loading=\"lazy\" decoding=\"async\" class=\"size-full wp-image-33588\" alt=\"Pista &quot;Coca&quot; Nevegal (Belluno)\" src=\"http:\/\/www.bellunopress.it\/wp-content\/uploads\/2011\/12\/pista-coca-nevegal.jpg\" width=\"270\" height=\"191\" \/><\/a><figcaption id=\"caption-attachment-33588\" class=\"wp-caption-text\">Pista &#8220;Coca&#8221; Nevegal (Belluno)<\/figcaption><\/figure>\n<p>Gli impianti del Colle bellunese apriranno venerd\u00ec 14 dicembre con due ore di notturna gratuita e una grande festa all\u2019Apr\u00e8s ski. Sabato e domenica ci sar\u00e0 la possibilit\u00e0 di acquistare gli stagionali a un prezzo promozionale<\/p>\n<p>Nel fine settimana apriranno gli impianti dell\u2019Alpe del Nevegal. Grazie all\u2019innevamento artificiale, che sta per essere completato proprio in queste ore, si potr\u00e0 sciare sulla Coca Bassa, sul Raccordo e sul Campo scuola.<\/p>\n<p>Sul Colle bellunese si comincer\u00e0 a sciare venerd\u00ec sera sulla pista illuminata della parte bassa della Coca: l\u2019appuntamento \u00e8 dalle 20 alle 22. Per dare il benvenuto agli sciatori della stagione 2012-2013, Alpe del Nevegal srl, la nuova societ\u00e0 che gestisce gli impianti, regaler\u00e0 le prime due ore di sci: venerd\u00ec sera, infatti, si potr\u00e0 sciare gratis. E per tutti, ci sar\u00e0 la possibilit\u00e0 di ristorarsi e riscaldarsi con il vin brul\u00e8 e il pastin. In pi\u00f9, all\u2019Apr\u00e8s Ski, ci si potr\u00e0 divertire con tanta buona musica.<\/p>\n<p>Nelle giornate di sabato e domenica, funzioneranno, oltre alla Coca, anche il Raccordo e il Campo scuola. L\u2019apertura degli impianti \u00e8 prevista per le 8.30, mentre la chiusura \u00e8 fissata per le 16. Questi saranno gli orari di apertura e chiusura per il fine settimana e per i festivi, mentre per i giorni feriali l\u2019apertura \u00e8 prevista per le 9.<\/p>\n<p>Nelle due giornate, inoltre, Alpe del Nevegal offrir\u00e0 un\u2019altra importante promozione: all\u2019ufficio skipass del Piazzale, infatti, sar\u00e0 possibile acquistare lo skipass stagionale a prezzi agevolati, vale a dire agli stessi prezzi del primo step della promozione 2012-2013, il cui dettaglio si pu\u00f2 vedere sul sito www.alpedelnevegal.it. In pi\u00f9, sabato e domenica gli sciatori che presenteranno lo skipass, giornaliero o mattiniero, potranno acquistare al prezzo agevolato di 5 euro un panino con bibita presso gli esercizi commerciali convenzionati.<\/p>\n<p>\u00abRiusciamo ad aprire prima delle festivit\u00e0 natalizie e questo \u00e8 motivo di grande soddisfazione \u2013 commenta Maurizio Curti, amministratore delegato di Alpe del Nevegal srl \u2013 Dobbiamo dire grazie a tutti coloro che hanno lavorato per rendere possibile l\u2019apertura, in particolare agli operatori del Colle che si sono dati da fare in maniera notevole anche per consentire la festa di venerd\u00ec sera, e a quegli enti, come i Comuni di Belluno e Ponte nelle Alpi e la Comunit\u00e0 Montana Bellunese, che hanno collaborato e stanno collaborando con noi. Grazie anche, naturalmente, a tutti quegli sciatori, in questi giorni hanno quasi raggiunto quota mille, che ci hanno dato fiducia, acquistando gli stagionali\u00bb.<\/p>\n<p>\u00abAperti Coca Bassa, Raccordo e Campo Scuola \u2013 aggiunge Piero Casagrande, direttore generale della societ\u00e0 &#8211; stiamo ora lavorando al prossimo obiettivo che \u00e8 quello di aprire tutto il comprensorio tra Natale e Capodanno. Speriamo di poter contare, oltre che sulla neve artificiale, anche su quella naturale\u00bb.<\/p>","protected":false},"excerpt":{"rendered":"<p>Gli impianti del Colle bellunese apriranno venerd\u00ec 14 dicembre con due ore di notturna gratuita e una grande festa all\u2019Apr\u00e8s ski. Sabato e domenica ci sar\u00e0 la possibilit\u00e0 di acquistare gli stagionali a un prezzo promozionale Nel fine settimana apriranno gli impianti dell\u2019Alpe del Nevegal. Grazie all\u2019innevamento artificiale, che sta per essere completato proprio in [&hellip;]<\/p>\n","protected":false},"author":2,"featured_media":0,"comment_status":"closed","ping_status":"open","sticky":false,"template":"","format":"standard","meta":{"footnotes":""},"categories":[26,8,4],"tags":[],"class_list":["post-44709","post","type-post","status-publish","format-standard","category-prima-pagina","category-societa-istituzioni","category-sport"],"yoast_head":"<!-- This site is optimized with the Yoast SEO plugin v28.4 - https:\/\/yoast.com\/product\/yoast-seo-wordpress\/ -->\n<title>Nevegal: nel fine settimana si scia - Bellunopress - Dolomiti<\/title>\n<meta name=\"robots\" content=\"index, follow, max-snippet:-1, max-image-preview:large, max-video-preview:-1\" \/>\n<link rel=\"canonical\" href=\"https:\/\/www.bellunopress.it\/fr\/2012\/12\/12\/nevegal-nel-fine-settimana-si-scia\/\" \/>\n<meta property=\"og:locale\" content=\"fr_FR\" \/>\n<meta property=\"og:type\" content=\"article\" \/>\n<meta property=\"og:title\" content=\"Nevegal: nel fine settimana si scia - Bellunopress - Dolomiti\" \/>\n<meta property=\"og:description\" content=\"Gli impianti del Colle bellunese apriranno venerd\u00ec 14 dicembre con due ore di notturna gratuita e una grande festa all\u2019Apr\u00e8s ski. Sabato e domenica ci sar\u00e0 la possibilit\u00e0 di acquistare gli stagionali a un prezzo promozionale Nel fine settimana apriranno gli impianti dell\u2019Alpe del Nevegal. Grazie all\u2019innevamento artificiale, che sta per essere completato proprio in [&hellip;]\" \/>\n<meta property=\"og:url\" content=\"https:\/\/www.bellunopress.it\/fr\/2012\/12\/12\/nevegal-nel-fine-settimana-si-scia\/\" \/>\n<meta property=\"og:site_name\" content=\"Bellunopress - Dolomiti\" \/>\n<meta property=\"article:publisher\" content=\"https:\/\/www.facebook.com\/profile.php?id=100008943462799\" \/>\n<meta property=\"article:published_time\" content=\"2012-12-12T08:22:07+00:00\" \/>\n<meta property=\"article:modified_time\" content=\"2012-12-12T15:35:55+00:00\" \/>\n<meta property=\"og:image\" content=\"http:\/\/www.bellunopress.it\/wp-content\/uploads\/2011\/12\/pista-coca-nevegal.jpg\" \/>\n<meta name=\"author\" content=\"redazione\" \/>\n<meta name=\"twitter:card\" content=\"summary_large_image\" \/>\n<meta name=\"twitter:creator\" content=\"@bellunopress\" \/>\n<meta name=\"twitter:site\" content=\"@bellunopress\" \/>\n<meta name=\"twitter:label1\" content=\"Written by\" \/>\n\t<meta name=\"twitter:data1\" content=\"redazione\" \/>\n\t<meta name=\"twitter:label2\" content=\"Est. reading time\" \/>\n\t<meta name=\"twitter:data2\" content=\"2 minutes\" \/>\n<script type=\"application\/ld+json\" class=\"yoast-schema-graph\">{\"@context\":\"https:\\\/\\\/schema.org\",\"@graph\":[{\"@type\":\"Article\",\"@id\":\"https:\\\/\\\/www.bellunopress.it\\\/2012\\\/12\\\/12\\\/nevegal-nel-fine-settimana-si-scia\\\/#article\",\"isPartOf\":{\"@id\":\"https:\\\/\\\/www.bellunopress.it\\\/2012\\\/12\\\/12\\\/nevegal-nel-fine-settimana-si-scia\\\/\"},\"author\":{\"name\":\"redazione\",\"@id\":\"https:\\\/\\\/www.bellunopress.it\\\/#\\\/schema\\\/person\\\/79bb06722b37ece1c03d3e94beb30d73\"},\"headline\":\"Nevegal: nel fine settimana si scia\",\"datePublished\":\"2012-12-12T08:22:07+00:00\",\"dateModified\":\"2012-12-12T15:35:55+00:00\",\"mainEntityOfPage\":{\"@id\":\"https:\\\/\\\/www.bellunopress.it\\\/2012\\\/12\\\/12\\\/nevegal-nel-fine-settimana-si-scia\\\/\"},\"wordCount\":466,\"publisher\":{\"@id\":\"https:\\\/\\\/www.bellunopress.it\\\/#organization\"},\"image\":{\"@id\":\"https:\\\/\\\/www.bellunopress.it\\\/2012\\\/12\\\/12\\\/nevegal-nel-fine-settimana-si-scia\\\/#primaryimage\"},\"thumbnailUrl\":\"http:\\\/\\\/www.bellunopress.it\\\/wp-content\\\/uploads\\\/2011\\\/12\\\/pista-coca-nevegal.jpg\",\"articleSection\":[\"Prima Pagina\",\"Societ\u00e0, Associazioni, Istituzioni\",\"Sport, tempo libero\"],\"inLanguage\":\"fr-FR\"},{\"@type\":\"WebPage\",\"@id\":\"https:\\\/\\\/www.bellunopress.it\\\/2012\\\/12\\\/12\\\/nevegal-nel-fine-settimana-si-scia\\\/\",\"url\":\"https:\\\/\\\/www.bellunopress.it\\\/2012\\\/12\\\/12\\\/nevegal-nel-fine-settimana-si-scia\\\/\",\"name\":\"Nevegal: nel fine settimana si scia - Bellunopress - Dolomiti\",\"isPartOf\":{\"@id\":\"https:\\\/\\\/www.bellunopress.it\\\/#website\"},\"primaryImageOfPage\":{\"@id\":\"https:\\\/\\\/www.bellunopress.it\\\/2012\\\/12\\\/12\\\/nevegal-nel-fine-settimana-si-scia\\\/#primaryimage\"},\"image\":{\"@id\":\"https:\\\/\\\/www.bellunopress.it\\\/2012\\\/12\\\/12\\\/nevegal-nel-fine-settimana-si-scia\\\/#primaryimage\"},\"thumbnailUrl\":\"http:\\\/\\\/www.bellunopress.it\\\/wp-content\\\/uploads\\\/2011\\\/12\\\/pista-coca-nevegal.jpg\",\"datePublished\":\"2012-12-12T08:22:07+00:00\",\"dateModified\":\"2012-12-12T15:35:55+00:00\",\"breadcrumb\":{\"@id\":\"https:\\\/\\\/www.bellunopress.it\\\/2012\\\/12\\\/12\\\/nevegal-nel-fine-settimana-si-scia\\\/#breadcrumb\"},\"inLanguage\":\"fr-FR\",\"potentialAction\":[{\"@type\":\"ReadAction\",\"target\":[\"https:\\\/\\\/www.bellunopress.it\\\/2012\\\/12\\\/12\\\/nevegal-nel-fine-settimana-si-scia\\\/\"]}]},{\"@type\":\"ImageObject\",\"inLanguage\":\"fr-FR\",\"@id\":\"https:\\\/\\\/www.bellunopress.it\\\/2012\\\/12\\\/12\\\/nevegal-nel-fine-settimana-si-scia\\\/#primaryimage\",\"url\":\"http:\\\/\\\/www.bellunopress.it\\\/wp-content\\\/uploads\\\/2011\\\/12\\\/pista-coca-nevegal.jpg\",\"contentUrl\":\"http:\\\/\\\/www.bellunopress.it\\\/wp-content\\\/uploads\\\/2011\\\/12\\\/pista-coca-nevegal.jpg\"},{\"@type\":\"BreadcrumbList\",\"@id\":\"https:\\\/\\\/www.bellunopress.it\\\/2012\\\/12\\\/12\\\/nevegal-nel-fine-settimana-si-scia\\\/#breadcrumb\",\"itemListElement\":[{\"@type\":\"ListItem\",\"position\":1,\"name\":\"Home\",\"item\":\"https:\\\/\\\/www.bellunopress.it\\\/\"},{\"@type\":\"ListItem\",\"position\":2,\"name\":\"Nevegal: nel fine settimana si scia\"}]},{\"@type\":\"WebSite\",\"@id\":\"https:\\\/\\\/www.bellunopress.it\\\/#website\",\"url\":\"https:\\\/\\\/www.bellunopress.it\\\/\",\"name\":\"Bellunopress - Dolomiti\",\"description\":\"e-mail: redazione@bellunopress.it\",\"publisher\":{\"@id\":\"https:\\\/\\\/www.bellunopress.it\\\/#organization\"},\"potentialAction\":[{\"@type\":\"SearchAction\",\"target\":{\"@type\":\"EntryPoint\",\"urlTemplate\":\"https:\\\/\\\/www.bellunopress.it\\\/?s={search_term_string}\"},\"query-input\":{\"@type\":\"PropertyValueSpecification\",\"valueRequired\":true,\"valueName\":\"search_term_string\"}}],\"inLanguage\":\"fr-FR\"},{\"@type\":\"Organization\",\"@id\":\"https:\\\/\\\/www.bellunopress.it\\\/#organization\",\"name\":\"Bellunopress\",\"url\":\"https:\\\/\\\/www.bellunopress.it\\\/\",\"logo\":{\"@type\":\"ImageObject\",\"inLanguage\":\"fr-FR\",\"@id\":\"https:\\\/\\\/www.bellunopress.it\\\/#\\\/schema\\\/logo\\\/image\\\/\",\"url\":\"https:\\\/\\\/www.bellunopress.it\\\/wp-content\\\/uploads\\\/2011\\\/05\\\/cropped-logo-bellunopress-.jpg\",\"contentUrl\":\"https:\\\/\\\/www.bellunopress.it\\\/wp-content\\\/uploads\\\/2011\\\/05\\\/cropped-logo-bellunopress-.jpg\",\"width\":512,\"height\":512,\"caption\":\"Bellunopress\"},\"image\":{\"@id\":\"https:\\\/\\\/www.bellunopress.it\\\/#\\\/schema\\\/logo\\\/image\\\/\"},\"sameAs\":[\"https:\\\/\\\/www.facebook.com\\\/profile.php?id=100008943462799\",\"https:\\\/\\\/x.com\\\/bellunopress\",\"https:\\\/\\\/www.linkedin.com\\\/hp\\\/?dnr=JBzUWaJfMUw8vbXJJ2tVW5-I3jZKvC4wsoxE&amp;amp;amp;amp;amp;amp;trk=nav_responsive_tab_home\",\"https:\\\/\\\/www.youtube.com\\\/channel\\\/UCxL0wu1uN0_3_7hGG0306cw\"]},{\"@type\":\"Person\",\"@id\":\"https:\\\/\\\/www.bellunopress.it\\\/#\\\/schema\\\/person\\\/79bb06722b37ece1c03d3e94beb30d73\",\"name\":\"redazione\",\"image\":{\"@type\":\"ImageObject\",\"inLanguage\":\"fr-FR\",\"@id\":\"https:\\\/\\\/secure.gravatar.com\\\/avatar\\\/37d968a2e67a6fd04c169c4bdef102d0bc5d31b2546345219e348575eb80e9a0?s=96&d=mm&r=g\",\"url\":\"https:\\\/\\\/secure.gravatar.com\\\/avatar\\\/37d968a2e67a6fd04c169c4bdef102d0bc5d31b2546345219e348575eb80e9a0?s=96&d=mm&r=g\",\"contentUrl\":\"https:\\\/\\\/secure.gravatar.com\\\/avatar\\\/37d968a2e67a6fd04c169c4bdef102d0bc5d31b2546345219e348575eb80e9a0?s=96&d=mm&r=g\",\"caption\":\"redazione\"},\"sameAs\":[\"http:\\\/\\\/www.bellunopress.it\",\"https:\\\/\\\/x.com\\\/bellunopress\"],\"url\":\"https:\\\/\\\/www.bellunopress.it\\\/fr\\\/author\\\/redazione\\\/\"}]}<\/script>\n<!-- \/ Yoast SEO plugin. -->","yoast_head_json":{"title":"Nevegal: nel fine settimana si scia - Bellunopress - Dolomiti","robots":{"index":"index","follow":"follow","max-snippet":"max-snippet:-1","max-image-preview":"max-image-preview:large","max-video-preview":"max-video-preview:-1"},"canonical":"https:\/\/www.bellunopress.it\/fr\/2012\/12\/12\/nevegal-nel-fine-settimana-si-scia\/","og_locale":"fr_FR","og_type":"article","og_title":"Nevegal: nel fine settimana si scia - Bellunopress - Dolomiti","og_description":"Gli impianti del Colle bellunese apriranno venerd\u00ec 14 dicembre con due ore di notturna gratuita e una grande festa all\u2019Apr\u00e8s ski. Sabato e domenica ci sar\u00e0 la possibilit\u00e0 di acquistare gli stagionali a un prezzo promozionale Nel fine settimana apriranno gli impianti dell\u2019Alpe del Nevegal. Grazie all\u2019innevamento artificiale, che sta per essere completato proprio in [&hellip;]","og_url":"https:\/\/www.bellunopress.it\/fr\/2012\/12\/12\/nevegal-nel-fine-settimana-si-scia\/","og_site_name":"Bellunopress - Dolomiti","article_publisher":"https:\/\/www.facebook.com\/profile.php?id=100008943462799","article_published_time":"2012-12-12T08:22:07+00:00","article_modified_time":"2012-12-12T15:35:55+00:00","og_image":[{"url":"http:\/\/www.bellunopress.it\/wp-content\/uploads\/2011\/12\/pista-coca-nevegal.jpg","type":"","width":"","height":""}],"author":"redazione","twitter_card":"summary_large_image","twitter_creator":"@bellunopress","twitter_site":"@bellunopress","twitter_misc":{"Written by":"redazione","Est. reading time":"2 minutes"},"schema":{"@context":"https:\/\/schema.org","@graph":[{"@type":"Article","@id":"https:\/\/www.bellunopress.it\/2012\/12\/12\/nevegal-nel-fine-settimana-si-scia\/#article","isPartOf":{"@id":"https:\/\/www.bellunopress.it\/2012\/12\/12\/nevegal-nel-fine-settimana-si-scia\/"},"author":{"name":"redazione","@id":"https:\/\/www.bellunopress.it\/#\/schema\/person\/79bb06722b37ece1c03d3e94beb30d73"},"headline":"Nevegal: nel fine settimana si scia","datePublished":"2012-12-12T08:22:07+00:00","dateModified":"2012-12-12T15:35:55+00:00","mainEntityOfPage":{"@id":"https:\/\/www.bellunopress.it\/2012\/12\/12\/nevegal-nel-fine-settimana-si-scia\/"},"wordCount":466,"publisher":{"@id":"https:\/\/www.bellunopress.it\/#organization"},"image":{"@id":"https:\/\/www.bellunopress.it\/2012\/12\/12\/nevegal-nel-fine-settimana-si-scia\/#primaryimage"},"thumbnailUrl":"http:\/\/www.bellunopress.it\/wp-content\/uploads\/2011\/12\/pista-coca-nevegal.jpg","articleSection":["Prima Pagina","Societ\u00e0, Associazioni, Istituzioni","Sport, tempo libero"],"inLanguage":"fr-FR"},{"@type":"WebPage","@id":"https:\/\/www.bellunopress.it\/2012\/12\/12\/nevegal-nel-fine-settimana-si-scia\/","url":"https:\/\/www.bellunopress.it\/2012\/12\/12\/nevegal-nel-fine-settimana-si-scia\/","name":"Nevegal: nel fine settimana si scia - Bellunopress - Dolomiti","isPartOf":{"@id":"https:\/\/www.bellunopress.it\/#website"},"primaryImageOfPage":{"@id":"https:\/\/www.bellunopress.it\/2012\/12\/12\/nevegal-nel-fine-settimana-si-scia\/#primaryimage"},"image":{"@id":"https:\/\/www.bellunopress.it\/2012\/12\/12\/nevegal-nel-fine-settimana-si-scia\/#primaryimage"},"thumbnailUrl":"http:\/\/www.bellunopress.it\/wp-content\/uploads\/2011\/12\/pista-coca-nevegal.jpg","datePublished":"2012-12-12T08:22:07+00:00","dateModified":"2012-12-12T15:35:55+00:00","breadcrumb":{"@id":"https:\/\/www.bellunopress.it\/2012\/12\/12\/nevegal-nel-fine-settimana-si-scia\/#breadcrumb"},"inLanguage":"fr-FR","potentialAction":[{"@type":"ReadAction","target":["https:\/\/www.bellunopress.it\/2012\/12\/12\/nevegal-nel-fine-settimana-si-scia\/"]}]},{"@type":"ImageObject","inLanguage":"fr-FR","@id":"https:\/\/www.bellunopress.it\/2012\/12\/12\/nevegal-nel-fine-settimana-si-scia\/#primaryimage","url":"http:\/\/www.bellunopress.it\/wp-content\/uploads\/2011\/12\/pista-coca-nevegal.jpg","contentUrl":"http:\/\/www.bellunopress.it\/wp-content\/uploads\/2011\/12\/pista-coca-nevegal.jpg"},{"@type":"BreadcrumbList","@id":"https:\/\/www.bellunopress.it\/2012\/12\/12\/nevegal-nel-fine-settimana-si-scia\/#breadcrumb","itemListElement":[{"@type":"ListItem","position":1,"name":"Home","item":"https:\/\/www.bellunopress.it\/"},{"@type":"ListItem","position":2,"name":"Nevegal: nel fine settimana si scia"}]},{"@type":"WebSite","@id":"https:\/\/www.bellunopress.it\/#website","url":"https:\/\/www.bellunopress.it\/","name":"Bellunopress - Dolomiti","description":"e-mail: redazione@bellunopress.it","publisher":{"@id":"https:\/\/www.bellunopress.it\/#organization"},"potentialAction":[{"@type":"SearchAction","target":{"@type":"EntryPoint","urlTemplate":"https:\/\/www.bellunopress.it\/?s={search_term_string}"},"query-input":{"@type":"PropertyValueSpecification","valueRequired":true,"valueName":"search_term_string"}}],"inLanguage":"fr-FR"},{"@type":"Organization","@id":"https:\/\/www.bellunopress.it\/#organization","name":"Bellunopress","url":"https:\/\/www.bellunopress.it\/","logo":{"@type":"ImageObject","inLanguage":"fr-FR","@id":"https:\/\/www.bellunopress.it\/#\/schema\/logo\/image\/","url":"https:\/\/www.bellunopress.it\/wp-content\/uploads\/2011\/05\/cropped-logo-bellunopress-.jpg","contentUrl":"https:\/\/www.bellunopress.it\/wp-content\/uploads\/2011\/05\/cropped-logo-bellunopress-.jpg","width":512,"height":512,"caption":"Bellunopress"},"image":{"@id":"https:\/\/www.bellunopress.it\/#\/schema\/logo\/image\/"},"sameAs":["https:\/\/www.facebook.com\/profile.php?id=100008943462799","https:\/\/x.com\/bellunopress","https:\/\/www.linkedin.com\/hp\/?dnr=JBzUWaJfMUw8vbXJJ2tVW5-I3jZKvC4wsoxE&amp;amp;amp;amp;amp;amp;trk=nav_responsive_tab_home","https:\/\/www.youtube.com\/channel\/UCxL0wu1uN0_3_7hGG0306cw"]},{"@type":"Person","@id":"https:\/\/www.bellunopress.it\/#\/schema\/person\/79bb06722b37ece1c03d3e94beb30d73","name":"r\u00e9daction","image":{"@type":"ImageObject","inLanguage":"fr-FR","@id":"https:\/\/secure.gravatar.com\/avatar\/37d968a2e67a6fd04c169c4bdef102d0bc5d31b2546345219e348575eb80e9a0?s=96&d=mm&r=g","url":"https:\/\/secure.gravatar.com\/avatar\/37d968a2e67a6fd04c169c4bdef102d0bc5d31b2546345219e348575eb80e9a0?s=96&d=mm&r=g","contentUrl":"https:\/\/secure.gravatar.com\/avatar\/37d968a2e67a6fd04c169c4bdef102d0bc5d31b2546345219e348575eb80e9a0?s=96&d=mm&r=g","caption":"redazione"},"sameAs":["http:\/\/www.bellunopress.it","https:\/\/x.com\/bellunopress"],"url":"https:\/\/www.bellunopress.it\/fr\/author\/redazione\/"}]}},"_links":{"self":[{"href":"https:\/\/www.bellunopress.it\/fr\/wp-json\/wp\/v2\/posts\/44709","targetHints":{"allow":["GET"]}}],"collection":[{"href":"https:\/\/www.bellunopress.it\/fr\/wp-json\/wp\/v2\/posts"}],"about":[{"href":"https:\/\/www.bellunopress.it\/fr\/wp-json\/wp\/v2\/types\/post"}],"author":[{"embeddable":true,"href":"https:\/\/www.bellunopress.it\/fr\/wp-json\/wp\/v2\/users\/2"}],"replies":[{"embeddable":true,"href":"https:\/\/www.bellunopress.it\/fr\/wp-json\/wp\/v2\/comments?post=44709"}],"version-history":[{"count":2,"href":"https:\/\/www.bellunopress.it\/fr\/wp-json\/wp\/v2\/posts\/44709\/revisions"}],"predecessor-version":[{"id":44716,"href":"https:\/\/www.bellunopress.it\/fr\/wp-json\/wp\/v2\/posts\/44709\/revisions\/44716"}],"wp:attachment":[{"href":"https:\/\/www.bellunopress.it\/fr\/wp-json\/wp\/v2\/media?parent=44709"}],"wp:term":[{"taxonomy":"category","embeddable":true,"href":"https:\/\/www.bellunopress.it\/fr\/wp-json\/wp\/v2\/categories?post=44709"},{"taxonomy":"post_tag","embeddable":true,"href":"https:\/\/www.bellunopress.it\/fr\/wp-json\/wp\/v2\/tags?post=44709"}],"curies":[{"name":"wp","href":"https:\/\/api.w.org\/{rel}","templated":true}]}}