{"id":4470,"date":"2009-06-05T13:54:28","date_gmt":"2009-06-05T12:54:28","guid":{"rendered":"http:\/\/www.bellunopress.it\/?p=4470"},"modified":"2009-06-05T16:15:22","modified_gmt":"2009-06-05T15:15:22","slug":"si-vende-meno-ma-si-rottama-di-piu-nel-maggio-scorso-i-bellunesi-guidano-la-classifica-veneta-delle-immatricolazioni-con-rottamazione","status":"publish","type":"post","link":"https:\/\/www.bellunopress.it\/fr\/2009\/06\/05\/si-vende-meno-ma-si-rottama-di-piu-nel-maggio-scorso-i-bellunesi-guidano-la-classifica-veneta-delle-immatricolazioni-con-rottamazione\/","title":{"rendered":"Si vende meno, ma si rottama di pi\u00f9: nel maggio scorso i bellunesi guidano la classifica veneta delle immatricolazioni con rottamazione"},"content":{"rendered":"<p><a href=\"http:\/\/www.bellunopress.it\/wp-content\/uploads\/2009\/06\/autodemolizioni.jpg\"><img loading=\"lazy\" decoding=\"async\" class=\"alignleft size-medium wp-image-4472\" title=\"autodemolizioni\" src=\"http:\/\/www.bellunopress.it\/wp-content\/uploads\/2009\/06\/autodemolizioni.jpg\" alt=\"\" width=\"240\" height=\"180\" \/><\/a>Calano le immatricolazioni a maggio, ma aumentano le immatricolazioni con rottamazione. Questo significa che l&#8217;acquisto dell&#8217;auto nuova \u00e8 principalmemnte motivato dalla presenza di una vecchia auto euro 0, 1 e 2 per la quale non \u00e8 pi\u00f9 conveniente spendere in manutenzione, ma conviene prendere al volo i benefici degli ecoincentivi e demolirla. Le immatricolazioni con ecoincentivo in provincia, infatti, sono aumentate dell&#8217;8,22% rispetto ad aprile. Per un totale di 395 veicoli nuovi di cui il 94,43% pari a 373 immatricolati con rottamazione del vecchio veicolo. Mentre il 5,57% pari a 22 mezzi, sono stati immatricolati con i benefici degli ecoincentivi senza alcuna rottamazione, come prevede la legge per l&#8217;acquisto delle autovetture superecologiche (e autocarri fino a 3500 Kg di peso complessivo con emissioni di CO2 inferiore a 120 Gr\/Km) aventi alimentazione esclusiva o doppia a metano, elettrica, idrogeno o Gpl. Il dato statistico di Belluno, rivela una provincia di automobilisti che hanno utilizzato pi\u00f9 della media nazionale l&#8217;opportunit\u00e0 dei benefici degli ecoincentivi. In Italia, infatti, a maggio sono state immatricolati 103.719 veicoli nuovi di cui 94.771 pari al 91,37% con rottamazione dell&#8217;usato e 8.948 pari al 8,63% di veicoli superecologici, senza rottamazione. Anche rispetto ai dati regionali, Belluno si conferma a maggio la provincia pi\u00f9 incline a utilizzarte i benefici di legge degli ecoincentivi con rottamazione dell&#8217;usato. Mentre \u00e8 fanalino di coda sull&#8217;acquisto senza rottamazione di veicoli superecologici. (Fonte Aci)<\/p>","protected":false},"excerpt":{"rendered":"<p>Calano le immatricolazioni a maggio, ma aumentano le immatricolazioni con rottamazione. Questo significa che l&#8217;acquisto dell&#8217;auto nuova \u00e8 principalmemnte motivato dalla presenza di una vecchia auto euro 0, 1 e 2 per la quale non \u00e8 pi\u00f9 conveniente spendere in manutenzione, ma conviene prendere al volo i benefici degli ecoincentivi e demolirla. Le immatricolazioni con [&hellip;]<\/p>\n","protected":false},"author":2,"featured_media":0,"comment_status":"closed","ping_status":"open","sticky":false,"template":"","format":"standard","meta":{"footnotes":""},"categories":[26,8],"tags":[139],"class_list":["post-4470","post","type-post","status-publish","format-standard","category-prima-pagina","category-societa-istituzioni","tag-belluno"],"yoast_head":"<!-- This site is optimized with the Yoast SEO plugin v28.4 - https:\/\/yoast.com\/product\/yoast-seo-wordpress\/ -->\n<title>Si vende meno, ma si rottama di pi\u00f9: nel maggio scorso i bellunesi guidano la classifica veneta delle immatricolazioni con rottamazione - Bellunopress - Dolomiti<\/title>\n<meta name=\"robots\" content=\"index, follow, max-snippet:-1, max-image-preview:large, max-video-preview:-1\" \/>\n<link rel=\"canonical\" href=\"https:\/\/www.bellunopress.it\/fr\/2009\/06\/05\/si-vende-meno-ma-si-rottama-di-piu-nel-maggio-scorso-i-bellunesi-guidano-la-classifica-veneta-delle-immatricolazioni-con-rottamazione\/\" \/>\n<meta property=\"og:locale\" content=\"fr_FR\" \/>\n<meta property=\"og:type\" content=\"article\" \/>\n<meta property=\"og:title\" content=\"Si vende meno, ma si rottama di pi\u00f9: nel maggio scorso i bellunesi guidano la classifica veneta delle immatricolazioni con rottamazione - Bellunopress - Dolomiti\" \/>\n<meta property=\"og:description\" content=\"Calano le immatricolazioni a maggio, ma aumentano le immatricolazioni con rottamazione. Questo significa che l&#8217;acquisto dell&#8217;auto nuova \u00e8 principalmemnte motivato dalla presenza di una vecchia auto euro 0, 1 e 2 per la quale non \u00e8 pi\u00f9 conveniente spendere in manutenzione, ma conviene prendere al volo i benefici degli ecoincentivi e demolirla. Le immatricolazioni con [&hellip;]\" \/>\n<meta property=\"og:url\" content=\"https:\/\/www.bellunopress.it\/fr\/2009\/06\/05\/si-vende-meno-ma-si-rottama-di-piu-nel-maggio-scorso-i-bellunesi-guidano-la-classifica-veneta-delle-immatricolazioni-con-rottamazione\/\" \/>\n<meta property=\"og:site_name\" content=\"Bellunopress - Dolomiti\" \/>\n<meta property=\"article:publisher\" content=\"https:\/\/www.facebook.com\/profile.php?id=100008943462799\" \/>\n<meta property=\"article:published_time\" content=\"2009-06-05T12:54:28+00:00\" \/>\n<meta property=\"article:modified_time\" content=\"2009-06-05T15:15:22+00:00\" \/>\n<meta property=\"og:image\" content=\"http:\/\/www.bellunopress.it\/wp-content\/uploads\/2009\/06\/autodemolizioni.jpg\" \/>\n<meta name=\"author\" content=\"redazione\" \/>\n<meta name=\"twitter:card\" content=\"summary_large_image\" \/>\n<meta name=\"twitter:creator\" content=\"@bellunopress\" \/>\n<meta name=\"twitter:site\" content=\"@bellunopress\" \/>\n<meta name=\"twitter:label1\" content=\"Written by\" \/>\n\t<meta name=\"twitter:data1\" content=\"redazione\" \/>\n\t<meta name=\"twitter:label2\" content=\"Est. reading time\" \/>\n\t<meta name=\"twitter:data2\" content=\"1 minute\" \/>\n<script type=\"application\/ld+json\" class=\"yoast-schema-graph\">{\"@context\":\"https:\\\/\\\/schema.org\",\"@graph\":[{\"@type\":\"Article\",\"@id\":\"https:\\\/\\\/www.bellunopress.it\\\/2009\\\/06\\\/05\\\/si-vende-meno-ma-si-rottama-di-piu-nel-maggio-scorso-i-bellunesi-guidano-la-classifica-veneta-delle-immatricolazioni-con-rottamazione\\\/#article\",\"isPartOf\":{\"@id\":\"https:\\\/\\\/www.bellunopress.it\\\/2009\\\/06\\\/05\\\/si-vende-meno-ma-si-rottama-di-piu-nel-maggio-scorso-i-bellunesi-guidano-la-classifica-veneta-delle-immatricolazioni-con-rottamazione\\\/\"},\"author\":{\"name\":\"redazione\",\"@id\":\"https:\\\/\\\/www.bellunopress.it\\\/#\\\/schema\\\/person\\\/79bb06722b37ece1c03d3e94beb30d73\"},\"headline\":\"Si vende meno, ma si rottama di pi\u00f9: nel maggio scorso i bellunesi guidano la classifica veneta delle immatricolazioni con rottamazione\",\"datePublished\":\"2009-06-05T12:54:28+00:00\",\"dateModified\":\"2009-06-05T15:15:22+00:00\",\"mainEntityOfPage\":{\"@id\":\"https:\\\/\\\/www.bellunopress.it\\\/2009\\\/06\\\/05\\\/si-vende-meno-ma-si-rottama-di-piu-nel-maggio-scorso-i-bellunesi-guidano-la-classifica-veneta-delle-immatricolazioni-con-rottamazione\\\/\"},\"wordCount\":241,\"publisher\":{\"@id\":\"https:\\\/\\\/www.bellunopress.it\\\/#organization\"},\"image\":{\"@id\":\"https:\\\/\\\/www.bellunopress.it\\\/2009\\\/06\\\/05\\\/si-vende-meno-ma-si-rottama-di-piu-nel-maggio-scorso-i-bellunesi-guidano-la-classifica-veneta-delle-immatricolazioni-con-rottamazione\\\/#primaryimage\"},\"thumbnailUrl\":\"http:\\\/\\\/www.bellunopress.it\\\/wp-content\\\/uploads\\\/2009\\\/06\\\/autodemolizioni.jpg\",\"keywords\":[\"Belluno\"],\"articleSection\":[\"Prima Pagina\",\"Societ\u00e0, Associazioni, Istituzioni\"],\"inLanguage\":\"fr-FR\"},{\"@type\":\"WebPage\",\"@id\":\"https:\\\/\\\/www.bellunopress.it\\\/2009\\\/06\\\/05\\\/si-vende-meno-ma-si-rottama-di-piu-nel-maggio-scorso-i-bellunesi-guidano-la-classifica-veneta-delle-immatricolazioni-con-rottamazione\\\/\",\"url\":\"https:\\\/\\\/www.bellunopress.it\\\/2009\\\/06\\\/05\\\/si-vende-meno-ma-si-rottama-di-piu-nel-maggio-scorso-i-bellunesi-guidano-la-classifica-veneta-delle-immatricolazioni-con-rottamazione\\\/\",\"name\":\"Si vende meno, ma si rottama di pi\u00f9: nel maggio scorso i bellunesi guidano la classifica veneta delle immatricolazioni con rottamazione - Bellunopress - Dolomiti\",\"isPartOf\":{\"@id\":\"https:\\\/\\\/www.bellunopress.it\\\/#website\"},\"primaryImageOfPage\":{\"@id\":\"https:\\\/\\\/www.bellunopress.it\\\/2009\\\/06\\\/05\\\/si-vende-meno-ma-si-rottama-di-piu-nel-maggio-scorso-i-bellunesi-guidano-la-classifica-veneta-delle-immatricolazioni-con-rottamazione\\\/#primaryimage\"},\"image\":{\"@id\":\"https:\\\/\\\/www.bellunopress.it\\\/2009\\\/06\\\/05\\\/si-vende-meno-ma-si-rottama-di-piu-nel-maggio-scorso-i-bellunesi-guidano-la-classifica-veneta-delle-immatricolazioni-con-rottamazione\\\/#primaryimage\"},\"thumbnailUrl\":\"http:\\\/\\\/www.bellunopress.it\\\/wp-content\\\/uploads\\\/2009\\\/06\\\/autodemolizioni.jpg\",\"datePublished\":\"2009-06-05T12:54:28+00:00\",\"dateModified\":\"2009-06-05T15:15:22+00:00\",\"breadcrumb\":{\"@id\":\"https:\\\/\\\/www.bellunopress.it\\\/2009\\\/06\\\/05\\\/si-vende-meno-ma-si-rottama-di-piu-nel-maggio-scorso-i-bellunesi-guidano-la-classifica-veneta-delle-immatricolazioni-con-rottamazione\\\/#breadcrumb\"},\"inLanguage\":\"fr-FR\",\"potentialAction\":[{\"@type\":\"ReadAction\",\"target\":[\"https:\\\/\\\/www.bellunopress.it\\\/2009\\\/06\\\/05\\\/si-vende-meno-ma-si-rottama-di-piu-nel-maggio-scorso-i-bellunesi-guidano-la-classifica-veneta-delle-immatricolazioni-con-rottamazione\\\/\"]}]},{\"@type\":\"ImageObject\",\"inLanguage\":\"fr-FR\",\"@id\":\"https:\\\/\\\/www.bellunopress.it\\\/2009\\\/06\\\/05\\\/si-vende-meno-ma-si-rottama-di-piu-nel-maggio-scorso-i-bellunesi-guidano-la-classifica-veneta-delle-immatricolazioni-con-rottamazione\\\/#primaryimage\",\"url\":\"http:\\\/\\\/www.bellunopress.it\\\/wp-content\\\/uploads\\\/2009\\\/06\\\/autodemolizioni.jpg\",\"contentUrl\":\"http:\\\/\\\/www.bellunopress.it\\\/wp-content\\\/uploads\\\/2009\\\/06\\\/autodemolizioni.jpg\"},{\"@type\":\"BreadcrumbList\",\"@id\":\"https:\\\/\\\/www.bellunopress.it\\\/2009\\\/06\\\/05\\\/si-vende-meno-ma-si-rottama-di-piu-nel-maggio-scorso-i-bellunesi-guidano-la-classifica-veneta-delle-immatricolazioni-con-rottamazione\\\/#breadcrumb\",\"itemListElement\":[{\"@type\":\"ListItem\",\"position\":1,\"name\":\"Home\",\"item\":\"https:\\\/\\\/www.bellunopress.it\\\/\"},{\"@type\":\"ListItem\",\"position\":2,\"name\":\"Si vende meno, ma si rottama di pi\u00f9: nel maggio scorso i bellunesi guidano la classifica veneta delle immatricolazioni con rottamazione\"}]},{\"@type\":\"WebSite\",\"@id\":\"https:\\\/\\\/www.bellunopress.it\\\/#website\",\"url\":\"https:\\\/\\\/www.bellunopress.it\\\/\",\"name\":\"Bellunopress - Dolomiti\",\"description\":\"e-mail: redazione@bellunopress.it\",\"publisher\":{\"@id\":\"https:\\\/\\\/www.bellunopress.it\\\/#organization\"},\"potentialAction\":[{\"@type\":\"SearchAction\",\"target\":{\"@type\":\"EntryPoint\",\"urlTemplate\":\"https:\\\/\\\/www.bellunopress.it\\\/?s={search_term_string}\"},\"query-input\":{\"@type\":\"PropertyValueSpecification\",\"valueRequired\":true,\"valueName\":\"search_term_string\"}}],\"inLanguage\":\"fr-FR\"},{\"@type\":\"Organization\",\"@id\":\"https:\\\/\\\/www.bellunopress.it\\\/#organization\",\"name\":\"Bellunopress\",\"url\":\"https:\\\/\\\/www.bellunopress.it\\\/\",\"logo\":{\"@type\":\"ImageObject\",\"inLanguage\":\"fr-FR\",\"@id\":\"https:\\\/\\\/www.bellunopress.it\\\/#\\\/schema\\\/logo\\\/image\\\/\",\"url\":\"https:\\\/\\\/www.bellunopress.it\\\/wp-content\\\/uploads\\\/2011\\\/05\\\/cropped-logo-bellunopress-.jpg\",\"contentUrl\":\"https:\\\/\\\/www.bellunopress.it\\\/wp-content\\\/uploads\\\/2011\\\/05\\\/cropped-logo-bellunopress-.jpg\",\"width\":512,\"height\":512,\"caption\":\"Bellunopress\"},\"image\":{\"@id\":\"https:\\\/\\\/www.bellunopress.it\\\/#\\\/schema\\\/logo\\\/image\\\/\"},\"sameAs\":[\"https:\\\/\\\/www.facebook.com\\\/profile.php?id=100008943462799\",\"https:\\\/\\\/x.com\\\/bellunopress\",\"https:\\\/\\\/www.linkedin.com\\\/hp\\\/?dnr=JBzUWaJfMUw8vbXJJ2tVW5-I3jZKvC4wsoxE&amp;amp;amp;amp;amp;amp;trk=nav_responsive_tab_home\",\"https:\\\/\\\/www.youtube.com\\\/channel\\\/UCxL0wu1uN0_3_7hGG0306cw\"]},{\"@type\":\"Person\",\"@id\":\"https:\\\/\\\/www.bellunopress.it\\\/#\\\/schema\\\/person\\\/79bb06722b37ece1c03d3e94beb30d73\",\"name\":\"redazione\",\"image\":{\"@type\":\"ImageObject\",\"inLanguage\":\"fr-FR\",\"@id\":\"https:\\\/\\\/secure.gravatar.com\\\/avatar\\\/37d968a2e67a6fd04c169c4bdef102d0bc5d31b2546345219e348575eb80e9a0?s=96&d=mm&r=g\",\"url\":\"https:\\\/\\\/secure.gravatar.com\\\/avatar\\\/37d968a2e67a6fd04c169c4bdef102d0bc5d31b2546345219e348575eb80e9a0?s=96&d=mm&r=g\",\"contentUrl\":\"https:\\\/\\\/secure.gravatar.com\\\/avatar\\\/37d968a2e67a6fd04c169c4bdef102d0bc5d31b2546345219e348575eb80e9a0?s=96&d=mm&r=g\",\"caption\":\"redazione\"},\"sameAs\":[\"http:\\\/\\\/www.bellunopress.it\",\"https:\\\/\\\/x.com\\\/bellunopress\"],\"url\":\"https:\\\/\\\/www.bellunopress.it\\\/fr\\\/author\\\/redazione\\\/\"}]}<\/script>\n<!-- \/ Yoast SEO plugin. -->","yoast_head_json":{"title":"Si vende meno, ma si rottama di pi\u00f9: nel maggio scorso i bellunesi guidano la classifica veneta delle immatricolazioni con rottamazione - Bellunopress - Dolomiti","robots":{"index":"index","follow":"follow","max-snippet":"max-snippet:-1","max-image-preview":"max-image-preview:large","max-video-preview":"max-video-preview:-1"},"canonical":"https:\/\/www.bellunopress.it\/fr\/2009\/06\/05\/si-vende-meno-ma-si-rottama-di-piu-nel-maggio-scorso-i-bellunesi-guidano-la-classifica-veneta-delle-immatricolazioni-con-rottamazione\/","og_locale":"fr_FR","og_type":"article","og_title":"Si vende meno, ma si rottama di pi\u00f9: nel maggio scorso i bellunesi guidano la classifica veneta delle immatricolazioni con rottamazione - Bellunopress - Dolomiti","og_description":"Calano le immatricolazioni a maggio, ma aumentano le immatricolazioni con rottamazione. Questo significa che l&#8217;acquisto dell&#8217;auto nuova \u00e8 principalmemnte motivato dalla presenza di una vecchia auto euro 0, 1 e 2 per la quale non \u00e8 pi\u00f9 conveniente spendere in manutenzione, ma conviene prendere al volo i benefici degli ecoincentivi e demolirla. Le immatricolazioni con [&hellip;]","og_url":"https:\/\/www.bellunopress.it\/fr\/2009\/06\/05\/si-vende-meno-ma-si-rottama-di-piu-nel-maggio-scorso-i-bellunesi-guidano-la-classifica-veneta-delle-immatricolazioni-con-rottamazione\/","og_site_name":"Bellunopress - Dolomiti","article_publisher":"https:\/\/www.facebook.com\/profile.php?id=100008943462799","article_published_time":"2009-06-05T12:54:28+00:00","article_modified_time":"2009-06-05T15:15:22+00:00","og_image":[{"url":"http:\/\/www.bellunopress.it\/wp-content\/uploads\/2009\/06\/autodemolizioni.jpg","type":"","width":"","height":""}],"author":"redazione","twitter_card":"summary_large_image","twitter_creator":"@bellunopress","twitter_site":"@bellunopress","twitter_misc":{"Written by":"redazione","Est. reading time":"1 minute"},"schema":{"@context":"https:\/\/schema.org","@graph":[{"@type":"Article","@id":"https:\/\/www.bellunopress.it\/2009\/06\/05\/si-vende-meno-ma-si-rottama-di-piu-nel-maggio-scorso-i-bellunesi-guidano-la-classifica-veneta-delle-immatricolazioni-con-rottamazione\/#article","isPartOf":{"@id":"https:\/\/www.bellunopress.it\/2009\/06\/05\/si-vende-meno-ma-si-rottama-di-piu-nel-maggio-scorso-i-bellunesi-guidano-la-classifica-veneta-delle-immatricolazioni-con-rottamazione\/"},"author":{"name":"redazione","@id":"https:\/\/www.bellunopress.it\/#\/schema\/person\/79bb06722b37ece1c03d3e94beb30d73"},"headline":"Si vende meno, ma si rottama di pi\u00f9: nel maggio scorso i bellunesi guidano la classifica veneta delle immatricolazioni con rottamazione","datePublished":"2009-06-05T12:54:28+00:00","dateModified":"2009-06-05T15:15:22+00:00","mainEntityOfPage":{"@id":"https:\/\/www.bellunopress.it\/2009\/06\/05\/si-vende-meno-ma-si-rottama-di-piu-nel-maggio-scorso-i-bellunesi-guidano-la-classifica-veneta-delle-immatricolazioni-con-rottamazione\/"},"wordCount":241,"publisher":{"@id":"https:\/\/www.bellunopress.it\/#organization"},"image":{"@id":"https:\/\/www.bellunopress.it\/2009\/06\/05\/si-vende-meno-ma-si-rottama-di-piu-nel-maggio-scorso-i-bellunesi-guidano-la-classifica-veneta-delle-immatricolazioni-con-rottamazione\/#primaryimage"},"thumbnailUrl":"http:\/\/www.bellunopress.it\/wp-content\/uploads\/2009\/06\/autodemolizioni.jpg","keywords":["Belluno"],"articleSection":["Prima Pagina","Societ\u00e0, Associazioni, Istituzioni"],"inLanguage":"fr-FR"},{"@type":"WebPage","@id":"https:\/\/www.bellunopress.it\/2009\/06\/05\/si-vende-meno-ma-si-rottama-di-piu-nel-maggio-scorso-i-bellunesi-guidano-la-classifica-veneta-delle-immatricolazioni-con-rottamazione\/","url":"https:\/\/www.bellunopress.it\/2009\/06\/05\/si-vende-meno-ma-si-rottama-di-piu-nel-maggio-scorso-i-bellunesi-guidano-la-classifica-veneta-delle-immatricolazioni-con-rottamazione\/","name":"Si vende meno, ma si rottama di pi\u00f9: nel maggio scorso i bellunesi guidano la classifica veneta delle immatricolazioni con rottamazione - Bellunopress - Dolomiti","isPartOf":{"@id":"https:\/\/www.bellunopress.it\/#website"},"primaryImageOfPage":{"@id":"https:\/\/www.bellunopress.it\/2009\/06\/05\/si-vende-meno-ma-si-rottama-di-piu-nel-maggio-scorso-i-bellunesi-guidano-la-classifica-veneta-delle-immatricolazioni-con-rottamazione\/#primaryimage"},"image":{"@id":"https:\/\/www.bellunopress.it\/2009\/06\/05\/si-vende-meno-ma-si-rottama-di-piu-nel-maggio-scorso-i-bellunesi-guidano-la-classifica-veneta-delle-immatricolazioni-con-rottamazione\/#primaryimage"},"thumbnailUrl":"http:\/\/www.bellunopress.it\/wp-content\/uploads\/2009\/06\/autodemolizioni.jpg","datePublished":"2009-06-05T12:54:28+00:00","dateModified":"2009-06-05T15:15:22+00:00","breadcrumb":{"@id":"https:\/\/www.bellunopress.it\/2009\/06\/05\/si-vende-meno-ma-si-rottama-di-piu-nel-maggio-scorso-i-bellunesi-guidano-la-classifica-veneta-delle-immatricolazioni-con-rottamazione\/#breadcrumb"},"inLanguage":"fr-FR","potentialAction":[{"@type":"ReadAction","target":["https:\/\/www.bellunopress.it\/2009\/06\/05\/si-vende-meno-ma-si-rottama-di-piu-nel-maggio-scorso-i-bellunesi-guidano-la-classifica-veneta-delle-immatricolazioni-con-rottamazione\/"]}]},{"@type":"ImageObject","inLanguage":"fr-FR","@id":"https:\/\/www.bellunopress.it\/2009\/06\/05\/si-vende-meno-ma-si-rottama-di-piu-nel-maggio-scorso-i-bellunesi-guidano-la-classifica-veneta-delle-immatricolazioni-con-rottamazione\/#primaryimage","url":"http:\/\/www.bellunopress.it\/wp-content\/uploads\/2009\/06\/autodemolizioni.jpg","contentUrl":"http:\/\/www.bellunopress.it\/wp-content\/uploads\/2009\/06\/autodemolizioni.jpg"},{"@type":"BreadcrumbList","@id":"https:\/\/www.bellunopress.it\/2009\/06\/05\/si-vende-meno-ma-si-rottama-di-piu-nel-maggio-scorso-i-bellunesi-guidano-la-classifica-veneta-delle-immatricolazioni-con-rottamazione\/#breadcrumb","itemListElement":[{"@type":"ListItem","position":1,"name":"Home","item":"https:\/\/www.bellunopress.it\/"},{"@type":"ListItem","position":2,"name":"Si vende meno, ma si rottama di pi\u00f9: nel maggio scorso i bellunesi guidano la classifica veneta delle immatricolazioni con rottamazione"}]},{"@type":"WebSite","@id":"https:\/\/www.bellunopress.it\/#website","url":"https:\/\/www.bellunopress.it\/","name":"Bellunopress - Dolomiti","description":"e-mail: redazione@bellunopress.it","publisher":{"@id":"https:\/\/www.bellunopress.it\/#organization"},"potentialAction":[{"@type":"SearchAction","target":{"@type":"EntryPoint","urlTemplate":"https:\/\/www.bellunopress.it\/?s={search_term_string}"},"query-input":{"@type":"PropertyValueSpecification","valueRequired":true,"valueName":"search_term_string"}}],"inLanguage":"fr-FR"},{"@type":"Organization","@id":"https:\/\/www.bellunopress.it\/#organization","name":"Bellunopress","url":"https:\/\/www.bellunopress.it\/","logo":{"@type":"ImageObject","inLanguage":"fr-FR","@id":"https:\/\/www.bellunopress.it\/#\/schema\/logo\/image\/","url":"https:\/\/www.bellunopress.it\/wp-content\/uploads\/2011\/05\/cropped-logo-bellunopress-.jpg","contentUrl":"https:\/\/www.bellunopress.it\/wp-content\/uploads\/2011\/05\/cropped-logo-bellunopress-.jpg","width":512,"height":512,"caption":"Bellunopress"},"image":{"@id":"https:\/\/www.bellunopress.it\/#\/schema\/logo\/image\/"},"sameAs":["https:\/\/www.facebook.com\/profile.php?id=100008943462799","https:\/\/x.com\/bellunopress","https:\/\/www.linkedin.com\/hp\/?dnr=JBzUWaJfMUw8vbXJJ2tVW5-I3jZKvC4wsoxE&amp;amp;amp;amp;amp;amp;trk=nav_responsive_tab_home","https:\/\/www.youtube.com\/channel\/UCxL0wu1uN0_3_7hGG0306cw"]},{"@type":"Person","@id":"https:\/\/www.bellunopress.it\/#\/schema\/person\/79bb06722b37ece1c03d3e94beb30d73","name":"r\u00e9daction","image":{"@type":"ImageObject","inLanguage":"fr-FR","@id":"https:\/\/secure.gravatar.com\/avatar\/37d968a2e67a6fd04c169c4bdef102d0bc5d31b2546345219e348575eb80e9a0?s=96&d=mm&r=g","url":"https:\/\/secure.gravatar.com\/avatar\/37d968a2e67a6fd04c169c4bdef102d0bc5d31b2546345219e348575eb80e9a0?s=96&d=mm&r=g","contentUrl":"https:\/\/secure.gravatar.com\/avatar\/37d968a2e67a6fd04c169c4bdef102d0bc5d31b2546345219e348575eb80e9a0?s=96&d=mm&r=g","caption":"redazione"},"sameAs":["http:\/\/www.bellunopress.it","https:\/\/x.com\/bellunopress"],"url":"https:\/\/www.bellunopress.it\/fr\/author\/redazione\/"}]}},"_links":{"self":[{"href":"https:\/\/www.bellunopress.it\/fr\/wp-json\/wp\/v2\/posts\/4470","targetHints":{"allow":["GET"]}}],"collection":[{"href":"https:\/\/www.bellunopress.it\/fr\/wp-json\/wp\/v2\/posts"}],"about":[{"href":"https:\/\/www.bellunopress.it\/fr\/wp-json\/wp\/v2\/types\/post"}],"author":[{"embeddable":true,"href":"https:\/\/www.bellunopress.it\/fr\/wp-json\/wp\/v2\/users\/2"}],"replies":[{"embeddable":true,"href":"https:\/\/www.bellunopress.it\/fr\/wp-json\/wp\/v2\/comments?post=4470"}],"version-history":[{"count":2,"href":"https:\/\/www.bellunopress.it\/fr\/wp-json\/wp\/v2\/posts\/4470\/revisions"}],"predecessor-version":[{"id":4474,"href":"https:\/\/www.bellunopress.it\/fr\/wp-json\/wp\/v2\/posts\/4470\/revisions\/4474"}],"wp:attachment":[{"href":"https:\/\/www.bellunopress.it\/fr\/wp-json\/wp\/v2\/media?parent=4470"}],"wp:term":[{"taxonomy":"category","embeddable":true,"href":"https:\/\/www.bellunopress.it\/fr\/wp-json\/wp\/v2\/categories?post=4470"},{"taxonomy":"post_tag","embeddable":true,"href":"https:\/\/www.bellunopress.it\/fr\/wp-json\/wp\/v2\/tags?post=4470"}],"curies":[{"name":"wp","href":"https:\/\/api.w.org\/{rel}","templated":true}]}}