{"id":44690,"date":"2012-12-12T07:52:48","date_gmt":"2012-12-12T06:52:48","guid":{"rendered":"http:\/\/www.bellunopress.it\/?p=44690"},"modified":"2012-12-12T16:36:57","modified_gmt":"2012-12-12T15:36:57","slug":"gruppo-coltivare-condividendo-belluno-la-prima-provincia-bio-ditalia","status":"publish","type":"post","link":"https:\/\/www.bellunopress.it\/fr\/2012\/12\/12\/gruppo-coltivare-condividendo-belluno-la-prima-provincia-bio-ditalia\/","title":{"rendered":"Gruppo Coltivare condividendo: Belluno la prima provincia bio d&#8217;Italia"},"content":{"rendered":"<p><a href=\"http:\/\/www.bellunopress.it\/wp-content\/uploads\/2012\/08\/sementi.jpg\"><img loading=\"lazy\" decoding=\"async\" class=\"alignleft size-full wp-image-40923\" alt=\"sementi\" src=\"http:\/\/www.bellunopress.it\/wp-content\/uploads\/2012\/08\/sementi.jpg\" width=\"150\" height=\"150\" \/><\/a>La proposta del Presidente del Parco delle Dolomiti bellunesi \u00e8 sicuramente molto interessante. Tanto pi\u00f9 che segue di pochi giorni quella avanzata dal Comune di Feltre di \u201cbiodistretto\u201d.<\/p>\n<p>Finalmente delle proposte coraggiose, che guardano al futuro, che innescano una serie di opportunit\u00e0 per questa nostra Terra &#8211; sottolineano i responsabili del Gruppo Coltivare condividendo &#8211; , ben lontane da arroccamenti e doglianze tese pi\u00f9 ad avere qualche spicciolo di elemosina che costruire opportunit\u00e0<\/p>\n<p>E&#8217; ovvio che sono proposte a \u201clungo termine\u201d, \u00e8 vitale che il percorso per la loro concretizzazione sia un qualcosa di graduale, che coinvolga il maggior numero di persone, di conoscenze e competenze, che sia all&#8217;insegna della partecipazione e dell&#8217;inclusione, che sia percepito come una grande opportunit\u00e0 e mai come un vincolo e una limitazione (se non per chi vuole devastare la nostra terra per meri scopi speculativi)<\/p>\n<p>Un percorso che \u00e8 fatta di formazione e informazioni, di spazi di proposta e innovazione (ad esempio la certificazione biologica partecipata..) di capacit\u00e0 di intercettare finanziamenti europei (finora spesso inutilizzati) e di diffonderli sul territorio, incentivando progetti partecipati e non a favore dei soliti noti<\/p>\n<p>Noi &#8211; proseguono i referenti del Gruppo Coltivare condividendo &#8211; \u00a0da sempre crediamo in una provincia che costruisce il suo domani puntando sul suo enorme patrimonio di biodiversit\u00e0, sulla salubrit\u00e0, sulla sostenibilit\u00e0, su tutela del paesaggio, su un legame forte da agricoltura e turismo sostenibile. Quando parliamo di agricoltura non ci riferiamo solo alle aziende agricole ma anche ai piccoli produttori, agli autoproduttori e agli appassionati. Del resto sono proprio loro i principali produttori di molte delle nostre eccellenze (a partire dai fagioli)<\/p>\n<p>Crediamo in una Provincia che riesce a caratterizzare e dare il valore aggiunto della salubrit\u00e0 ai suoi prodotti e ai suoi servizi, sia per i residenti che per i turisti.<\/p>\n<p>Certo, coltivare bio puo&#8217; avere dei costi maggiori ma ci consente sia di non impregnare la nostra terra di pesticidi e veleni chimici (con pesanti ricadute a livello di salute e vivibilit\u00e0) che di proporre produzioni che si differenziano notevolmente da quelle standard e \u201cconvenzionali\u201d<\/p>\n<p>Pensare di produrre nel bellunese un qualsiasi ibrido commerciale (mais, mela, fagiolo che sia) lo stesso che viene coltivato in pianura, in Brasile o in Cina e trattandolo con gli stessi pesticidi, conservanti ecc.. non ci permette certo di affermare (in un mercato che \u00e8 globale) che il \u201cnostro\u201d \u00e8 un prodotto migliore e \u201cdiverso\u201d, non ci consente di giustificare costi di produzione inevitabilmente pi\u00f9 alti<\/p>\n<p>Se invece puntiamo sulle tipicit\u00e0 bellunesi (fagiolo gialet, bonel, mais sponcio ecc..) le coltiviamo biologicamente e magari le offriamo a turisti e visitatori, legandole al territorio, sicuramente possiamo giustificare un valore aggiunto dovuto a qualit\u00e0 e unicit\u00e0.<\/p>\n<p>Del resto \u00e8 sempre pi\u00f9 evidente l&#8217;enorme attrattiva che ha questa nostra terra; un territorio non ancora devastato o deturpato da cementificazione o da un agricoltura intensiva che ha sfregiato altri ambiti Un territorio che, non dimentichiamocelo ospita un importante Parco Nazionale e molti siti \u201cDolomiti UNESCO Patrimonio dell&#8217; Umanit\u00e0\u201d.<\/p>\n<p>Un attrattiva dimostrata anche dall&#8217; enorme partecipazione a una giornata che abbiamo recentemente organizzato a Feltre. Migliaia di persone da tutto il Nord Italia, interessate a conoscere la nostra biodiversit\u00e0, le bellezze, i sapori della nostra terra.<\/p>\n<p>Figuriamoci se tale interesse fosse amplificato da un riconoscimento di salubrit\u00e0 e sostenibilit\u00e0, dalla certezza di trovare cibo sano e tipico, da sentieri in cui non si trovano cartelli di \u201cpericolo irrorazioni chimiche\u201d..<\/p>\n<p>Siamo certi che non solo aumenterebbe la qualit\u00e0 della vita dei bellunesi, che aumenterebbe la residenzialit\u00e0 e il recupero di molte abitazioni, ma anche i turisti inizierebbero a trovarci molto pi\u00f9 interessanti di trentini e bolzanini (dove la salubrit\u00e0 tra meleti e vigneti iper trattati non \u00e8 cos\u00ec scontata)<\/p>\n<p>In attesa che alle dichiarazioni di principio del Presidente e degli Amministratori locali seguano anche fatti concreti, noi, nel nostro piccolo, mettiamo a disposizione le nostre competenze, conoscenze, pratiche e tutto il nostro entusiasmo per concretizzare, passo dopo passo, questi progetti. Consapevoli che viviamo in un territorio percorso da molto \u201cfermento partecipativo\u201d da molti gruppi, associazioni, comitati, cittadini desiderosi di fare e mettersi in gioco. Che attraverso la collaborazione e la partecipazione di tutti ce la possiamo fare. Lasciando da parte timori e piccole enclave di potere da tutele, riusciremmo a costruire un degno futuro per noi, i nostri figli, la nostra Terra<\/p>\n<p>Certo, sarebbe molto pi\u00f9 facile e poco impegnativo auspicare la colonizzazione da parte di qualche imprenditore della Val di Non o della zona del prosecco &#8211; concludono i responsabili del Gruyppo Coltivare condividendo &#8211; ma se non siamo capaci di credere in noi, nelle nostre capacit\u00e0, nelle nostre potenzialit\u00e0, in questa nostra Terra,\u00a0forse non siamo davvero degni di abitarla di esserne parte<\/p>","protected":false},"excerpt":{"rendered":"<p>La proposta del Presidente del Parco delle Dolomiti bellunesi \u00e8 sicuramente molto interessante. Tanto pi\u00f9 che segue di pochi giorni quella avanzata dal Comune di Feltre di \u201cbiodistretto\u201d. Finalmente delle proposte coraggiose, che guardano al futuro, che innescano una serie di opportunit\u00e0 per questa nostra Terra &#8211; sottolineano i responsabili del Gruppo Coltivare condividendo &#8211; [&hellip;]<\/p>\n","protected":false},"author":2,"featured_media":0,"comment_status":"closed","ping_status":"open","sticky":false,"template":"","format":"standard","meta":{"footnotes":""},"categories":[38,26],"tags":[],"class_list":["post-44690","post","type-post","status-publish","format-standard","category-natura-ambiente","category-prima-pagina"],"yoast_head":"<!-- This site is optimized with the Yoast SEO plugin v28.4 - https:\/\/yoast.com\/product\/yoast-seo-wordpress\/ -->\n<title>Gruppo Coltivare condividendo: Belluno la prima provincia bio d&#039;Italia - Bellunopress - Dolomiti<\/title>\n<meta name=\"robots\" content=\"index, follow, max-snippet:-1, max-image-preview:large, max-video-preview:-1\" \/>\n<link rel=\"canonical\" href=\"https:\/\/www.bellunopress.it\/fr\/2012\/12\/12\/gruppo-coltivare-condividendo-belluno-la-prima-provincia-bio-ditalia\/\" \/>\n<meta property=\"og:locale\" content=\"fr_FR\" \/>\n<meta property=\"og:type\" content=\"article\" \/>\n<meta property=\"og:title\" content=\"Gruppo Coltivare condividendo: Belluno la prima provincia bio d&#039;Italia - Bellunopress - Dolomiti\" \/>\n<meta property=\"og:description\" content=\"La proposta del Presidente del Parco delle Dolomiti bellunesi \u00e8 sicuramente molto interessante. Tanto pi\u00f9 che segue di pochi giorni quella avanzata dal Comune di Feltre di \u201cbiodistretto\u201d. Finalmente delle proposte coraggiose, che guardano al futuro, che innescano una serie di opportunit\u00e0 per questa nostra Terra &#8211; sottolineano i responsabili del Gruppo Coltivare condividendo &#8211; [&hellip;]\" \/>\n<meta property=\"og:url\" content=\"https:\/\/www.bellunopress.it\/fr\/2012\/12\/12\/gruppo-coltivare-condividendo-belluno-la-prima-provincia-bio-ditalia\/\" \/>\n<meta property=\"og:site_name\" content=\"Bellunopress - Dolomiti\" \/>\n<meta property=\"article:publisher\" content=\"https:\/\/www.facebook.com\/profile.php?id=100008943462799\" \/>\n<meta property=\"article:published_time\" content=\"2012-12-12T06:52:48+00:00\" \/>\n<meta property=\"article:modified_time\" content=\"2012-12-12T15:36:57+00:00\" \/>\n<meta property=\"og:image\" content=\"http:\/\/www.bellunopress.it\/wp-content\/uploads\/2012\/08\/sementi.jpg\" \/>\n<meta name=\"author\" content=\"redazione\" \/>\n<meta name=\"twitter:card\" content=\"summary_large_image\" \/>\n<meta name=\"twitter:creator\" content=\"@bellunopress\" \/>\n<meta name=\"twitter:site\" content=\"@bellunopress\" \/>\n<meta name=\"twitter:label1\" content=\"\u00c9crit par\" \/>\n\t<meta name=\"twitter:data1\" content=\"redazione\" \/>\n\t<meta name=\"twitter:label2\" content=\"Dur\u00e9e de lecture estim\u00e9e\" \/>\n\t<meta name=\"twitter:data2\" content=\"4 minutes\" \/>\n<script type=\"application\/ld+json\" class=\"yoast-schema-graph\">{\"@context\":\"https:\\\/\\\/schema.org\",\"@graph\":[{\"@type\":\"Article\",\"@id\":\"https:\\\/\\\/www.bellunopress.it\\\/2012\\\/12\\\/12\\\/gruppo-coltivare-condividendo-belluno-la-prima-provincia-bio-ditalia\\\/#article\",\"isPartOf\":{\"@id\":\"https:\\\/\\\/www.bellunopress.it\\\/2012\\\/12\\\/12\\\/gruppo-coltivare-condividendo-belluno-la-prima-provincia-bio-ditalia\\\/\"},\"author\":{\"name\":\"redazione\",\"@id\":\"https:\\\/\\\/www.bellunopress.it\\\/#\\\/schema\\\/person\\\/79bb06722b37ece1c03d3e94beb30d73\"},\"headline\":\"Gruppo Coltivare condividendo: Belluno la prima provincia bio d&#8217;Italia\",\"datePublished\":\"2012-12-12T06:52:48+00:00\",\"dateModified\":\"2012-12-12T15:36:57+00:00\",\"mainEntityOfPage\":{\"@id\":\"https:\\\/\\\/www.bellunopress.it\\\/2012\\\/12\\\/12\\\/gruppo-coltivare-condividendo-belluno-la-prima-provincia-bio-ditalia\\\/\"},\"wordCount\":787,\"publisher\":{\"@id\":\"https:\\\/\\\/www.bellunopress.it\\\/#organization\"},\"image\":{\"@id\":\"https:\\\/\\\/www.bellunopress.it\\\/2012\\\/12\\\/12\\\/gruppo-coltivare-condividendo-belluno-la-prima-provincia-bio-ditalia\\\/#primaryimage\"},\"thumbnailUrl\":\"http:\\\/\\\/www.bellunopress.it\\\/wp-content\\\/uploads\\\/2012\\\/08\\\/sementi.jpg\",\"articleSection\":[\"Meteo, natura, ambiente, animali\",\"Prima Pagina\"],\"inLanguage\":\"fr-FR\"},{\"@type\":\"WebPage\",\"@id\":\"https:\\\/\\\/www.bellunopress.it\\\/2012\\\/12\\\/12\\\/gruppo-coltivare-condividendo-belluno-la-prima-provincia-bio-ditalia\\\/\",\"url\":\"https:\\\/\\\/www.bellunopress.it\\\/2012\\\/12\\\/12\\\/gruppo-coltivare-condividendo-belluno-la-prima-provincia-bio-ditalia\\\/\",\"name\":\"Gruppo Coltivare condividendo: Belluno la prima provincia bio d'Italia - Bellunopress - Dolomiti\",\"isPartOf\":{\"@id\":\"https:\\\/\\\/www.bellunopress.it\\\/#website\"},\"primaryImageOfPage\":{\"@id\":\"https:\\\/\\\/www.bellunopress.it\\\/2012\\\/12\\\/12\\\/gruppo-coltivare-condividendo-belluno-la-prima-provincia-bio-ditalia\\\/#primaryimage\"},\"image\":{\"@id\":\"https:\\\/\\\/www.bellunopress.it\\\/2012\\\/12\\\/12\\\/gruppo-coltivare-condividendo-belluno-la-prima-provincia-bio-ditalia\\\/#primaryimage\"},\"thumbnailUrl\":\"http:\\\/\\\/www.bellunopress.it\\\/wp-content\\\/uploads\\\/2012\\\/08\\\/sementi.jpg\",\"datePublished\":\"2012-12-12T06:52:48+00:00\",\"dateModified\":\"2012-12-12T15:36:57+00:00\",\"breadcrumb\":{\"@id\":\"https:\\\/\\\/www.bellunopress.it\\\/2012\\\/12\\\/12\\\/gruppo-coltivare-condividendo-belluno-la-prima-provincia-bio-ditalia\\\/#breadcrumb\"},\"inLanguage\":\"fr-FR\",\"potentialAction\":[{\"@type\":\"ReadAction\",\"target\":[\"https:\\\/\\\/www.bellunopress.it\\\/2012\\\/12\\\/12\\\/gruppo-coltivare-condividendo-belluno-la-prima-provincia-bio-ditalia\\\/\"]}]},{\"@type\":\"ImageObject\",\"inLanguage\":\"fr-FR\",\"@id\":\"https:\\\/\\\/www.bellunopress.it\\\/2012\\\/12\\\/12\\\/gruppo-coltivare-condividendo-belluno-la-prima-provincia-bio-ditalia\\\/#primaryimage\",\"url\":\"http:\\\/\\\/www.bellunopress.it\\\/wp-content\\\/uploads\\\/2012\\\/08\\\/sementi.jpg\",\"contentUrl\":\"http:\\\/\\\/www.bellunopress.it\\\/wp-content\\\/uploads\\\/2012\\\/08\\\/sementi.jpg\"},{\"@type\":\"BreadcrumbList\",\"@id\":\"https:\\\/\\\/www.bellunopress.it\\\/2012\\\/12\\\/12\\\/gruppo-coltivare-condividendo-belluno-la-prima-provincia-bio-ditalia\\\/#breadcrumb\",\"itemListElement\":[{\"@type\":\"ListItem\",\"position\":1,\"name\":\"Home\",\"item\":\"https:\\\/\\\/www.bellunopress.it\\\/\"},{\"@type\":\"ListItem\",\"position\":2,\"name\":\"Gruppo Coltivare condividendo: Belluno la prima provincia bio d&#8217;Italia\"}]},{\"@type\":\"WebSite\",\"@id\":\"https:\\\/\\\/www.bellunopress.it\\\/#website\",\"url\":\"https:\\\/\\\/www.bellunopress.it\\\/\",\"name\":\"Bellunopress - Dolomiti\",\"description\":\"e-mail: redazione@bellunopress.it\",\"publisher\":{\"@id\":\"https:\\\/\\\/www.bellunopress.it\\\/#organization\"},\"potentialAction\":[{\"@type\":\"SearchAction\",\"target\":{\"@type\":\"EntryPoint\",\"urlTemplate\":\"https:\\\/\\\/www.bellunopress.it\\\/?s={search_term_string}\"},\"query-input\":{\"@type\":\"PropertyValueSpecification\",\"valueRequired\":true,\"valueName\":\"search_term_string\"}}],\"inLanguage\":\"fr-FR\"},{\"@type\":\"Organization\",\"@id\":\"https:\\\/\\\/www.bellunopress.it\\\/#organization\",\"name\":\"Bellunopress\",\"url\":\"https:\\\/\\\/www.bellunopress.it\\\/\",\"logo\":{\"@type\":\"ImageObject\",\"inLanguage\":\"fr-FR\",\"@id\":\"https:\\\/\\\/www.bellunopress.it\\\/#\\\/schema\\\/logo\\\/image\\\/\",\"url\":\"https:\\\/\\\/www.bellunopress.it\\\/wp-content\\\/uploads\\\/2011\\\/05\\\/cropped-logo-bellunopress-.jpg\",\"contentUrl\":\"https:\\\/\\\/www.bellunopress.it\\\/wp-content\\\/uploads\\\/2011\\\/05\\\/cropped-logo-bellunopress-.jpg\",\"width\":512,\"height\":512,\"caption\":\"Bellunopress\"},\"image\":{\"@id\":\"https:\\\/\\\/www.bellunopress.it\\\/#\\\/schema\\\/logo\\\/image\\\/\"},\"sameAs\":[\"https:\\\/\\\/www.facebook.com\\\/profile.php?id=100008943462799\",\"https:\\\/\\\/x.com\\\/bellunopress\",\"https:\\\/\\\/www.linkedin.com\\\/hp\\\/?dnr=JBzUWaJfMUw8vbXJJ2tVW5-I3jZKvC4wsoxE&amp;amp;amp;amp;amp;amp;trk=nav_responsive_tab_home\",\"https:\\\/\\\/www.youtube.com\\\/channel\\\/UCxL0wu1uN0_3_7hGG0306cw\"]},{\"@type\":\"Person\",\"@id\":\"https:\\\/\\\/www.bellunopress.it\\\/#\\\/schema\\\/person\\\/79bb06722b37ece1c03d3e94beb30d73\",\"name\":\"redazione\",\"image\":{\"@type\":\"ImageObject\",\"inLanguage\":\"fr-FR\",\"@id\":\"https:\\\/\\\/secure.gravatar.com\\\/avatar\\\/37d968a2e67a6fd04c169c4bdef102d0bc5d31b2546345219e348575eb80e9a0?s=96&d=mm&r=g\",\"url\":\"https:\\\/\\\/secure.gravatar.com\\\/avatar\\\/37d968a2e67a6fd04c169c4bdef102d0bc5d31b2546345219e348575eb80e9a0?s=96&d=mm&r=g\",\"contentUrl\":\"https:\\\/\\\/secure.gravatar.com\\\/avatar\\\/37d968a2e67a6fd04c169c4bdef102d0bc5d31b2546345219e348575eb80e9a0?s=96&d=mm&r=g\",\"caption\":\"redazione\"},\"sameAs\":[\"http:\\\/\\\/www.bellunopress.it\",\"https:\\\/\\\/x.com\\\/bellunopress\"],\"url\":\"https:\\\/\\\/www.bellunopress.it\\\/fr\\\/author\\\/redazione\\\/\"}]}<\/script>\n<!-- \/ Yoast SEO plugin. -->","yoast_head_json":{"title":"Gruppo Coltivare condividendo: Belluno la prima provincia bio d'Italia - Bellunopress - Dolomiti","robots":{"index":"index","follow":"follow","max-snippet":"max-snippet:-1","max-image-preview":"max-image-preview:large","max-video-preview":"max-video-preview:-1"},"canonical":"https:\/\/www.bellunopress.it\/fr\/2012\/12\/12\/gruppo-coltivare-condividendo-belluno-la-prima-provincia-bio-ditalia\/","og_locale":"fr_FR","og_type":"article","og_title":"Gruppo Coltivare condividendo: Belluno la prima provincia bio d'Italia - Bellunopress - Dolomiti","og_description":"La proposta del Presidente del Parco delle Dolomiti bellunesi \u00e8 sicuramente molto interessante. Tanto pi\u00f9 che segue di pochi giorni quella avanzata dal Comune di Feltre di \u201cbiodistretto\u201d. Finalmente delle proposte coraggiose, che guardano al futuro, che innescano una serie di opportunit\u00e0 per questa nostra Terra &#8211; sottolineano i responsabili del Gruppo Coltivare condividendo &#8211; [&hellip;]","og_url":"https:\/\/www.bellunopress.it\/fr\/2012\/12\/12\/gruppo-coltivare-condividendo-belluno-la-prima-provincia-bio-ditalia\/","og_site_name":"Bellunopress - Dolomiti","article_publisher":"https:\/\/www.facebook.com\/profile.php?id=100008943462799","article_published_time":"2012-12-12T06:52:48+00:00","article_modified_time":"2012-12-12T15:36:57+00:00","og_image":[{"url":"http:\/\/www.bellunopress.it\/wp-content\/uploads\/2012\/08\/sementi.jpg","type":"","width":"","height":""}],"author":"redazione","twitter_card":"summary_large_image","twitter_creator":"@bellunopress","twitter_site":"@bellunopress","twitter_misc":{"\u00c9crit par":"redazione","Dur\u00e9e de lecture estim\u00e9e":"4 minutes"},"schema":{"@context":"https:\/\/schema.org","@graph":[{"@type":"Article","@id":"https:\/\/www.bellunopress.it\/2012\/12\/12\/gruppo-coltivare-condividendo-belluno-la-prima-provincia-bio-ditalia\/#article","isPartOf":{"@id":"https:\/\/www.bellunopress.it\/2012\/12\/12\/gruppo-coltivare-condividendo-belluno-la-prima-provincia-bio-ditalia\/"},"author":{"name":"redazione","@id":"https:\/\/www.bellunopress.it\/#\/schema\/person\/79bb06722b37ece1c03d3e94beb30d73"},"headline":"Gruppo Coltivare condividendo: Belluno la prima provincia bio d&#8217;Italia","datePublished":"2012-12-12T06:52:48+00:00","dateModified":"2012-12-12T15:36:57+00:00","mainEntityOfPage":{"@id":"https:\/\/www.bellunopress.it\/2012\/12\/12\/gruppo-coltivare-condividendo-belluno-la-prima-provincia-bio-ditalia\/"},"wordCount":787,"publisher":{"@id":"https:\/\/www.bellunopress.it\/#organization"},"image":{"@id":"https:\/\/www.bellunopress.it\/2012\/12\/12\/gruppo-coltivare-condividendo-belluno-la-prima-provincia-bio-ditalia\/#primaryimage"},"thumbnailUrl":"http:\/\/www.bellunopress.it\/wp-content\/uploads\/2012\/08\/sementi.jpg","articleSection":["Meteo, natura, ambiente, animali","Prima Pagina"],"inLanguage":"fr-FR"},{"@type":"WebPage","@id":"https:\/\/www.bellunopress.it\/2012\/12\/12\/gruppo-coltivare-condividendo-belluno-la-prima-provincia-bio-ditalia\/","url":"https:\/\/www.bellunopress.it\/2012\/12\/12\/gruppo-coltivare-condividendo-belluno-la-prima-provincia-bio-ditalia\/","name":"Gruppo Coltivare condividendo: Belluno la prima provincia bio d'Italia - Bellunopress - Dolomiti","isPartOf":{"@id":"https:\/\/www.bellunopress.it\/#website"},"primaryImageOfPage":{"@id":"https:\/\/www.bellunopress.it\/2012\/12\/12\/gruppo-coltivare-condividendo-belluno-la-prima-provincia-bio-ditalia\/#primaryimage"},"image":{"@id":"https:\/\/www.bellunopress.it\/2012\/12\/12\/gruppo-coltivare-condividendo-belluno-la-prima-provincia-bio-ditalia\/#primaryimage"},"thumbnailUrl":"http:\/\/www.bellunopress.it\/wp-content\/uploads\/2012\/08\/sementi.jpg","datePublished":"2012-12-12T06:52:48+00:00","dateModified":"2012-12-12T15:36:57+00:00","breadcrumb":{"@id":"https:\/\/www.bellunopress.it\/2012\/12\/12\/gruppo-coltivare-condividendo-belluno-la-prima-provincia-bio-ditalia\/#breadcrumb"},"inLanguage":"fr-FR","potentialAction":[{"@type":"ReadAction","target":["https:\/\/www.bellunopress.it\/2012\/12\/12\/gruppo-coltivare-condividendo-belluno-la-prima-provincia-bio-ditalia\/"]}]},{"@type":"ImageObject","inLanguage":"fr-FR","@id":"https:\/\/www.bellunopress.it\/2012\/12\/12\/gruppo-coltivare-condividendo-belluno-la-prima-provincia-bio-ditalia\/#primaryimage","url":"http:\/\/www.bellunopress.it\/wp-content\/uploads\/2012\/08\/sementi.jpg","contentUrl":"http:\/\/www.bellunopress.it\/wp-content\/uploads\/2012\/08\/sementi.jpg"},{"@type":"BreadcrumbList","@id":"https:\/\/www.bellunopress.it\/2012\/12\/12\/gruppo-coltivare-condividendo-belluno-la-prima-provincia-bio-ditalia\/#breadcrumb","itemListElement":[{"@type":"ListItem","position":1,"name":"Home","item":"https:\/\/www.bellunopress.it\/"},{"@type":"ListItem","position":2,"name":"Gruppo Coltivare condividendo: Belluno la prima provincia bio d&#8217;Italia"}]},{"@type":"WebSite","@id":"https:\/\/www.bellunopress.it\/#website","url":"https:\/\/www.bellunopress.it\/","name":"Bellunopress - Dolomiti","description":"e-mail: redazione@bellunopress.it","publisher":{"@id":"https:\/\/www.bellunopress.it\/#organization"},"potentialAction":[{"@type":"SearchAction","target":{"@type":"EntryPoint","urlTemplate":"https:\/\/www.bellunopress.it\/?s={search_term_string}"},"query-input":{"@type":"PropertyValueSpecification","valueRequired":true,"valueName":"search_term_string"}}],"inLanguage":"fr-FR"},{"@type":"Organization","@id":"https:\/\/www.bellunopress.it\/#organization","name":"Bellunopress","url":"https:\/\/www.bellunopress.it\/","logo":{"@type":"ImageObject","inLanguage":"fr-FR","@id":"https:\/\/www.bellunopress.it\/#\/schema\/logo\/image\/","url":"https:\/\/www.bellunopress.it\/wp-content\/uploads\/2011\/05\/cropped-logo-bellunopress-.jpg","contentUrl":"https:\/\/www.bellunopress.it\/wp-content\/uploads\/2011\/05\/cropped-logo-bellunopress-.jpg","width":512,"height":512,"caption":"Bellunopress"},"image":{"@id":"https:\/\/www.bellunopress.it\/#\/schema\/logo\/image\/"},"sameAs":["https:\/\/www.facebook.com\/profile.php?id=100008943462799","https:\/\/x.com\/bellunopress","https:\/\/www.linkedin.com\/hp\/?dnr=JBzUWaJfMUw8vbXJJ2tVW5-I3jZKvC4wsoxE&amp;amp;amp;amp;amp;amp;trk=nav_responsive_tab_home","https:\/\/www.youtube.com\/channel\/UCxL0wu1uN0_3_7hGG0306cw"]},{"@type":"Person","@id":"https:\/\/www.bellunopress.it\/#\/schema\/person\/79bb06722b37ece1c03d3e94beb30d73","name":"r\u00e9daction","image":{"@type":"ImageObject","inLanguage":"fr-FR","@id":"https:\/\/secure.gravatar.com\/avatar\/37d968a2e67a6fd04c169c4bdef102d0bc5d31b2546345219e348575eb80e9a0?s=96&d=mm&r=g","url":"https:\/\/secure.gravatar.com\/avatar\/37d968a2e67a6fd04c169c4bdef102d0bc5d31b2546345219e348575eb80e9a0?s=96&d=mm&r=g","contentUrl":"https:\/\/secure.gravatar.com\/avatar\/37d968a2e67a6fd04c169c4bdef102d0bc5d31b2546345219e348575eb80e9a0?s=96&d=mm&r=g","caption":"redazione"},"sameAs":["http:\/\/www.bellunopress.it","https:\/\/x.com\/bellunopress"],"url":"https:\/\/www.bellunopress.it\/fr\/author\/redazione\/"}]}},"_links":{"self":[{"href":"https:\/\/www.bellunopress.it\/fr\/wp-json\/wp\/v2\/posts\/44690","targetHints":{"allow":["GET"]}}],"collection":[{"href":"https:\/\/www.bellunopress.it\/fr\/wp-json\/wp\/v2\/posts"}],"about":[{"href":"https:\/\/www.bellunopress.it\/fr\/wp-json\/wp\/v2\/types\/post"}],"author":[{"embeddable":true,"href":"https:\/\/www.bellunopress.it\/fr\/wp-json\/wp\/v2\/users\/2"}],"replies":[{"embeddable":true,"href":"https:\/\/www.bellunopress.it\/fr\/wp-json\/wp\/v2\/comments?post=44690"}],"version-history":[{"count":6,"href":"https:\/\/www.bellunopress.it\/fr\/wp-json\/wp\/v2\/posts\/44690\/revisions"}],"predecessor-version":[{"id":44705,"href":"https:\/\/www.bellunopress.it\/fr\/wp-json\/wp\/v2\/posts\/44690\/revisions\/44705"}],"wp:attachment":[{"href":"https:\/\/www.bellunopress.it\/fr\/wp-json\/wp\/v2\/media?parent=44690"}],"wp:term":[{"taxonomy":"category","embeddable":true,"href":"https:\/\/www.bellunopress.it\/fr\/wp-json\/wp\/v2\/categories?post=44690"},{"taxonomy":"post_tag","embeddable":true,"href":"https:\/\/www.bellunopress.it\/fr\/wp-json\/wp\/v2\/tags?post=44690"}],"curies":[{"name":"wp","href":"https:\/\/api.w.org\/{rel}","templated":true}]}}