{"id":44674,"date":"2012-12-11T20:33:10","date_gmt":"2012-12-11T19:33:10","guid":{"rendered":"http:\/\/www.bellunopress.it\/?p=44674"},"modified":"2012-12-11T20:33:50","modified_gmt":"2012-12-11T19:33:50","slug":"bando-sviluppo-rurale-reolon-lega-e-pdl-vogliono-penalizzare-le-aziende-bellunesi","status":"publish","type":"post","link":"https:\/\/www.bellunopress.it\/fr\/2012\/12\/11\/bando-sviluppo-rurale-reolon-lega-e-pdl-vogliono-penalizzare-le-aziende-bellunesi\/","title":{"rendered":"Bando sviluppo rurale. Reolon: &#8220;Lega e Pdl vogliono penalizzare le aziende bellunesi&#8221;"},"content":{"rendered":"<figure id=\"attachment_16387\" aria-describedby=\"caption-attachment-16387\" style=\"width: 130px\" class=\"wp-caption alignleft\"><a href=\"http:\/\/www.bellunopress.it\/wp-content\/uploads\/2010\/06\/sergio-reolon-130x130.jpg\"><img loading=\"lazy\" decoding=\"async\" class=\"size-full wp-image-16387\" title=\"sergio-reolon-130x130\" src=\"http:\/\/www.bellunopress.it\/wp-content\/uploads\/2010\/06\/sergio-reolon-130x130.jpg\" alt=\"\" width=\"130\" height=\"130\" \/><\/a><figcaption id=\"caption-attachment-16387\" class=\"wp-caption-text\">Sergio Reolon<\/figcaption><\/figure>\n<p>\u201cLega e PdL penalizzano le aziende agricole della montagna bellunese\u201d! A dirlo il consigliere regionale del PD, Sergio Reolon, a margine della odierna seduta della commissione agricoltura nel corso della quale \u00e8 stato esaminato il bando di sviluppo rurale relativo ad alcune misure che riguardano le aziende agricole.<\/p>\n<p>\u201cSi tratta di un bando di 40 milioni con una riserva specifica per le zone montane. Su questa parte, la Lega ha proposto che ci sia un punteggio specifico per le zone sensibili ai nitrati. L\u2019emendamento &#8211; spiega l\u2019esponente democratico &#8211; \u00e8 stato sostenuto anche dal PdL. Ci\u00f2 significa che le aziende agricole situate in zone montane e sensibili ai nitrati avranno due punti in pi\u00f9\u201d.<\/p>\n<p>\u201cVisto che l\u2019area della provincia di Belluno non rientra tra quelle sensibili \u00e8 facile prevedere che nessuna di esse riuscir\u00e0 ad accedere ai contributi del bando e che solo le aziende del veronese e del vicentino ne beneficeranno. Auspico che l\u2019assessore Manzato con intelligenza e buon senso &#8211; conclude Reolon &#8211; non tenga conto di questa richiesta del centrodestra. Una richiesta che in ogni caso dimostra il disinteresse che questi gruppi politici hanno verso la provincia di Belluno\u201d.<\/p>\n<p>&nbsp;<\/p>","protected":false},"excerpt":{"rendered":"<p>\u201cLega e PdL penalizzano le aziende agricole della montagna bellunese\u201d! A dirlo il consigliere regionale del PD, Sergio Reolon, a margine della odierna seduta della commissione agricoltura nel corso della quale \u00e8 stato esaminato il bando di sviluppo rurale relativo ad alcune misure che riguardano le aziende agricole. \u201cSi tratta di un bando di 40 [&hellip;]<\/p>\n","protected":false},"author":2,"featured_media":0,"comment_status":"closed","ping_status":"open","sticky":false,"template":"","format":"standard","meta":{"footnotes":""},"categories":[5,26],"tags":[],"class_list":["post-44674","post","type-post","status-publish","format-standard","category-cronaca","category-prima-pagina"],"yoast_head":"<!-- This site is optimized with the Yoast SEO plugin v28.4 - https:\/\/yoast.com\/product\/yoast-seo-wordpress\/ -->\n<title>Bando sviluppo rurale. Reolon: &quot;Lega e Pdl vogliono penalizzare le aziende bellunesi&quot; - Bellunopress - Dolomiti<\/title>\n<meta name=\"robots\" content=\"index, follow, max-snippet:-1, max-image-preview:large, max-video-preview:-1\" \/>\n<link rel=\"canonical\" href=\"https:\/\/www.bellunopress.it\/fr\/2012\/12\/11\/bando-sviluppo-rurale-reolon-lega-e-pdl-vogliono-penalizzare-le-aziende-bellunesi\/\" \/>\n<meta property=\"og:locale\" content=\"fr_FR\" \/>\n<meta property=\"og:type\" content=\"article\" \/>\n<meta property=\"og:title\" content=\"Bando sviluppo rurale. Reolon: &quot;Lega e Pdl vogliono penalizzare le aziende bellunesi&quot; - Bellunopress - Dolomiti\" \/>\n<meta property=\"og:description\" content=\"\u201cLega e PdL penalizzano le aziende agricole della montagna bellunese\u201d! A dirlo il consigliere regionale del PD, Sergio Reolon, a margine della odierna seduta della commissione agricoltura nel corso della quale \u00e8 stato esaminato il bando di sviluppo rurale relativo ad alcune misure che riguardano le aziende agricole. \u201cSi tratta di un bando di 40 [&hellip;]\" \/>\n<meta property=\"og:url\" content=\"https:\/\/www.bellunopress.it\/fr\/2012\/12\/11\/bando-sviluppo-rurale-reolon-lega-e-pdl-vogliono-penalizzare-le-aziende-bellunesi\/\" \/>\n<meta property=\"og:site_name\" content=\"Bellunopress - Dolomiti\" \/>\n<meta property=\"article:publisher\" content=\"https:\/\/www.facebook.com\/profile.php?id=100008943462799\" \/>\n<meta property=\"article:published_time\" content=\"2012-12-11T19:33:10+00:00\" \/>\n<meta property=\"article:modified_time\" content=\"2012-12-11T19:33:50+00:00\" \/>\n<meta property=\"og:image\" content=\"http:\/\/www.bellunopress.it\/wp-content\/uploads\/2010\/06\/sergio-reolon-130x130.jpg\" \/>\n<meta name=\"author\" content=\"redazione\" \/>\n<meta name=\"twitter:card\" content=\"summary_large_image\" \/>\n<meta name=\"twitter:creator\" content=\"@bellunopress\" \/>\n<meta name=\"twitter:site\" content=\"@bellunopress\" \/>\n<meta name=\"twitter:label1\" content=\"\u00c9crit par\" \/>\n\t<meta name=\"twitter:data1\" content=\"redazione\" \/>\n\t<meta name=\"twitter:label2\" content=\"Dur\u00e9e de lecture estim\u00e9e\" \/>\n\t<meta name=\"twitter:data2\" content=\"1 minute\" \/>\n<script type=\"application\/ld+json\" class=\"yoast-schema-graph\">{\"@context\":\"https:\\\/\\\/schema.org\",\"@graph\":[{\"@type\":\"Article\",\"@id\":\"https:\\\/\\\/www.bellunopress.it\\\/2012\\\/12\\\/11\\\/bando-sviluppo-rurale-reolon-lega-e-pdl-vogliono-penalizzare-le-aziende-bellunesi\\\/#article\",\"isPartOf\":{\"@id\":\"https:\\\/\\\/www.bellunopress.it\\\/2012\\\/12\\\/11\\\/bando-sviluppo-rurale-reolon-lega-e-pdl-vogliono-penalizzare-le-aziende-bellunesi\\\/\"},\"author\":{\"name\":\"redazione\",\"@id\":\"https:\\\/\\\/www.bellunopress.it\\\/#\\\/schema\\\/person\\\/79bb06722b37ece1c03d3e94beb30d73\"},\"headline\":\"Bando sviluppo rurale. Reolon: &#8220;Lega e Pdl vogliono penalizzare le aziende bellunesi&#8221;\",\"datePublished\":\"2012-12-11T19:33:10+00:00\",\"dateModified\":\"2012-12-11T19:33:50+00:00\",\"mainEntityOfPage\":{\"@id\":\"https:\\\/\\\/www.bellunopress.it\\\/2012\\\/12\\\/11\\\/bando-sviluppo-rurale-reolon-lega-e-pdl-vogliono-penalizzare-le-aziende-bellunesi\\\/\"},\"wordCount\":214,\"publisher\":{\"@id\":\"https:\\\/\\\/www.bellunopress.it\\\/#organization\"},\"image\":{\"@id\":\"https:\\\/\\\/www.bellunopress.it\\\/2012\\\/12\\\/11\\\/bando-sviluppo-rurale-reolon-lega-e-pdl-vogliono-penalizzare-le-aziende-bellunesi\\\/#primaryimage\"},\"thumbnailUrl\":\"http:\\\/\\\/www.bellunopress.it\\\/wp-content\\\/uploads\\\/2010\\\/06\\\/sergio-reolon-130x130.jpg\",\"articleSection\":[\"Cronaca\\\/Politica\",\"Prima Pagina\"],\"inLanguage\":\"fr-FR\"},{\"@type\":\"WebPage\",\"@id\":\"https:\\\/\\\/www.bellunopress.it\\\/2012\\\/12\\\/11\\\/bando-sviluppo-rurale-reolon-lega-e-pdl-vogliono-penalizzare-le-aziende-bellunesi\\\/\",\"url\":\"https:\\\/\\\/www.bellunopress.it\\\/2012\\\/12\\\/11\\\/bando-sviluppo-rurale-reolon-lega-e-pdl-vogliono-penalizzare-le-aziende-bellunesi\\\/\",\"name\":\"Bando sviluppo rurale. Reolon: \\\"Lega e Pdl vogliono penalizzare le aziende bellunesi\\\" - Bellunopress - Dolomiti\",\"isPartOf\":{\"@id\":\"https:\\\/\\\/www.bellunopress.it\\\/#website\"},\"primaryImageOfPage\":{\"@id\":\"https:\\\/\\\/www.bellunopress.it\\\/2012\\\/12\\\/11\\\/bando-sviluppo-rurale-reolon-lega-e-pdl-vogliono-penalizzare-le-aziende-bellunesi\\\/#primaryimage\"},\"image\":{\"@id\":\"https:\\\/\\\/www.bellunopress.it\\\/2012\\\/12\\\/11\\\/bando-sviluppo-rurale-reolon-lega-e-pdl-vogliono-penalizzare-le-aziende-bellunesi\\\/#primaryimage\"},\"thumbnailUrl\":\"http:\\\/\\\/www.bellunopress.it\\\/wp-content\\\/uploads\\\/2010\\\/06\\\/sergio-reolon-130x130.jpg\",\"datePublished\":\"2012-12-11T19:33:10+00:00\",\"dateModified\":\"2012-12-11T19:33:50+00:00\",\"breadcrumb\":{\"@id\":\"https:\\\/\\\/www.bellunopress.it\\\/2012\\\/12\\\/11\\\/bando-sviluppo-rurale-reolon-lega-e-pdl-vogliono-penalizzare-le-aziende-bellunesi\\\/#breadcrumb\"},\"inLanguage\":\"fr-FR\",\"potentialAction\":[{\"@type\":\"ReadAction\",\"target\":[\"https:\\\/\\\/www.bellunopress.it\\\/2012\\\/12\\\/11\\\/bando-sviluppo-rurale-reolon-lega-e-pdl-vogliono-penalizzare-le-aziende-bellunesi\\\/\"]}]},{\"@type\":\"ImageObject\",\"inLanguage\":\"fr-FR\",\"@id\":\"https:\\\/\\\/www.bellunopress.it\\\/2012\\\/12\\\/11\\\/bando-sviluppo-rurale-reolon-lega-e-pdl-vogliono-penalizzare-le-aziende-bellunesi\\\/#primaryimage\",\"url\":\"http:\\\/\\\/www.bellunopress.it\\\/wp-content\\\/uploads\\\/2010\\\/06\\\/sergio-reolon-130x130.jpg\",\"contentUrl\":\"http:\\\/\\\/www.bellunopress.it\\\/wp-content\\\/uploads\\\/2010\\\/06\\\/sergio-reolon-130x130.jpg\"},{\"@type\":\"BreadcrumbList\",\"@id\":\"https:\\\/\\\/www.bellunopress.it\\\/2012\\\/12\\\/11\\\/bando-sviluppo-rurale-reolon-lega-e-pdl-vogliono-penalizzare-le-aziende-bellunesi\\\/#breadcrumb\",\"itemListElement\":[{\"@type\":\"ListItem\",\"position\":1,\"name\":\"Home\",\"item\":\"https:\\\/\\\/www.bellunopress.it\\\/\"},{\"@type\":\"ListItem\",\"position\":2,\"name\":\"Bando sviluppo rurale. Reolon: &#8220;Lega e Pdl vogliono penalizzare le aziende bellunesi&#8221;\"}]},{\"@type\":\"WebSite\",\"@id\":\"https:\\\/\\\/www.bellunopress.it\\\/#website\",\"url\":\"https:\\\/\\\/www.bellunopress.it\\\/\",\"name\":\"Bellunopress - Dolomiti\",\"description\":\"e-mail: redazione@bellunopress.it\",\"publisher\":{\"@id\":\"https:\\\/\\\/www.bellunopress.it\\\/#organization\"},\"potentialAction\":[{\"@type\":\"SearchAction\",\"target\":{\"@type\":\"EntryPoint\",\"urlTemplate\":\"https:\\\/\\\/www.bellunopress.it\\\/?s={search_term_string}\"},\"query-input\":{\"@type\":\"PropertyValueSpecification\",\"valueRequired\":true,\"valueName\":\"search_term_string\"}}],\"inLanguage\":\"fr-FR\"},{\"@type\":\"Organization\",\"@id\":\"https:\\\/\\\/www.bellunopress.it\\\/#organization\",\"name\":\"Bellunopress\",\"url\":\"https:\\\/\\\/www.bellunopress.it\\\/\",\"logo\":{\"@type\":\"ImageObject\",\"inLanguage\":\"fr-FR\",\"@id\":\"https:\\\/\\\/www.bellunopress.it\\\/#\\\/schema\\\/logo\\\/image\\\/\",\"url\":\"https:\\\/\\\/www.bellunopress.it\\\/wp-content\\\/uploads\\\/2011\\\/05\\\/cropped-logo-bellunopress-.jpg\",\"contentUrl\":\"https:\\\/\\\/www.bellunopress.it\\\/wp-content\\\/uploads\\\/2011\\\/05\\\/cropped-logo-bellunopress-.jpg\",\"width\":512,\"height\":512,\"caption\":\"Bellunopress\"},\"image\":{\"@id\":\"https:\\\/\\\/www.bellunopress.it\\\/#\\\/schema\\\/logo\\\/image\\\/\"},\"sameAs\":[\"https:\\\/\\\/www.facebook.com\\\/profile.php?id=100008943462799\",\"https:\\\/\\\/x.com\\\/bellunopress\",\"https:\\\/\\\/www.linkedin.com\\\/hp\\\/?dnr=JBzUWaJfMUw8vbXJJ2tVW5-I3jZKvC4wsoxE&amp;amp;amp;amp;amp;amp;trk=nav_responsive_tab_home\",\"https:\\\/\\\/www.youtube.com\\\/channel\\\/UCxL0wu1uN0_3_7hGG0306cw\"]},{\"@type\":\"Person\",\"@id\":\"https:\\\/\\\/www.bellunopress.it\\\/#\\\/schema\\\/person\\\/79bb06722b37ece1c03d3e94beb30d73\",\"name\":\"redazione\",\"image\":{\"@type\":\"ImageObject\",\"inLanguage\":\"fr-FR\",\"@id\":\"https:\\\/\\\/secure.gravatar.com\\\/avatar\\\/37d968a2e67a6fd04c169c4bdef102d0bc5d31b2546345219e348575eb80e9a0?s=96&d=mm&r=g\",\"url\":\"https:\\\/\\\/secure.gravatar.com\\\/avatar\\\/37d968a2e67a6fd04c169c4bdef102d0bc5d31b2546345219e348575eb80e9a0?s=96&d=mm&r=g\",\"contentUrl\":\"https:\\\/\\\/secure.gravatar.com\\\/avatar\\\/37d968a2e67a6fd04c169c4bdef102d0bc5d31b2546345219e348575eb80e9a0?s=96&d=mm&r=g\",\"caption\":\"redazione\"},\"sameAs\":[\"http:\\\/\\\/www.bellunopress.it\",\"https:\\\/\\\/x.com\\\/bellunopress\"],\"url\":\"https:\\\/\\\/www.bellunopress.it\\\/fr\\\/author\\\/redazione\\\/\"}]}<\/script>\n<!-- \/ Yoast SEO plugin. -->","yoast_head_json":{"title":"Bando sviluppo rurale. Reolon: \"Lega e Pdl vogliono penalizzare le aziende bellunesi\" - Bellunopress - Dolomiti","robots":{"index":"index","follow":"follow","max-snippet":"max-snippet:-1","max-image-preview":"max-image-preview:large","max-video-preview":"max-video-preview:-1"},"canonical":"https:\/\/www.bellunopress.it\/fr\/2012\/12\/11\/bando-sviluppo-rurale-reolon-lega-e-pdl-vogliono-penalizzare-le-aziende-bellunesi\/","og_locale":"fr_FR","og_type":"article","og_title":"Bando sviluppo rurale. Reolon: \"Lega e Pdl vogliono penalizzare le aziende bellunesi\" - Bellunopress - Dolomiti","og_description":"\u201cLega e PdL penalizzano le aziende agricole della montagna bellunese\u201d! A dirlo il consigliere regionale del PD, Sergio Reolon, a margine della odierna seduta della commissione agricoltura nel corso della quale \u00e8 stato esaminato il bando di sviluppo rurale relativo ad alcune misure che riguardano le aziende agricole. \u201cSi tratta di un bando di 40 [&hellip;]","og_url":"https:\/\/www.bellunopress.it\/fr\/2012\/12\/11\/bando-sviluppo-rurale-reolon-lega-e-pdl-vogliono-penalizzare-le-aziende-bellunesi\/","og_site_name":"Bellunopress - Dolomiti","article_publisher":"https:\/\/www.facebook.com\/profile.php?id=100008943462799","article_published_time":"2012-12-11T19:33:10+00:00","article_modified_time":"2012-12-11T19:33:50+00:00","og_image":[{"url":"http:\/\/www.bellunopress.it\/wp-content\/uploads\/2010\/06\/sergio-reolon-130x130.jpg","type":"","width":"","height":""}],"author":"redazione","twitter_card":"summary_large_image","twitter_creator":"@bellunopress","twitter_site":"@bellunopress","twitter_misc":{"\u00c9crit par":"redazione","Dur\u00e9e de lecture estim\u00e9e":"1 minute"},"schema":{"@context":"https:\/\/schema.org","@graph":[{"@type":"Article","@id":"https:\/\/www.bellunopress.it\/2012\/12\/11\/bando-sviluppo-rurale-reolon-lega-e-pdl-vogliono-penalizzare-le-aziende-bellunesi\/#article","isPartOf":{"@id":"https:\/\/www.bellunopress.it\/2012\/12\/11\/bando-sviluppo-rurale-reolon-lega-e-pdl-vogliono-penalizzare-le-aziende-bellunesi\/"},"author":{"name":"redazione","@id":"https:\/\/www.bellunopress.it\/#\/schema\/person\/79bb06722b37ece1c03d3e94beb30d73"},"headline":"Bando sviluppo rurale. Reolon: &#8220;Lega e Pdl vogliono penalizzare le aziende bellunesi&#8221;","datePublished":"2012-12-11T19:33:10+00:00","dateModified":"2012-12-11T19:33:50+00:00","mainEntityOfPage":{"@id":"https:\/\/www.bellunopress.it\/2012\/12\/11\/bando-sviluppo-rurale-reolon-lega-e-pdl-vogliono-penalizzare-le-aziende-bellunesi\/"},"wordCount":214,"publisher":{"@id":"https:\/\/www.bellunopress.it\/#organization"},"image":{"@id":"https:\/\/www.bellunopress.it\/2012\/12\/11\/bando-sviluppo-rurale-reolon-lega-e-pdl-vogliono-penalizzare-le-aziende-bellunesi\/#primaryimage"},"thumbnailUrl":"http:\/\/www.bellunopress.it\/wp-content\/uploads\/2010\/06\/sergio-reolon-130x130.jpg","articleSection":["Cronaca\/Politica","Prima Pagina"],"inLanguage":"fr-FR"},{"@type":"WebPage","@id":"https:\/\/www.bellunopress.it\/2012\/12\/11\/bando-sviluppo-rurale-reolon-lega-e-pdl-vogliono-penalizzare-le-aziende-bellunesi\/","url":"https:\/\/www.bellunopress.it\/2012\/12\/11\/bando-sviluppo-rurale-reolon-lega-e-pdl-vogliono-penalizzare-le-aziende-bellunesi\/","name":"Bando sviluppo rurale. Reolon: \"Lega e Pdl vogliono penalizzare le aziende bellunesi\" - Bellunopress - Dolomiti","isPartOf":{"@id":"https:\/\/www.bellunopress.it\/#website"},"primaryImageOfPage":{"@id":"https:\/\/www.bellunopress.it\/2012\/12\/11\/bando-sviluppo-rurale-reolon-lega-e-pdl-vogliono-penalizzare-le-aziende-bellunesi\/#primaryimage"},"image":{"@id":"https:\/\/www.bellunopress.it\/2012\/12\/11\/bando-sviluppo-rurale-reolon-lega-e-pdl-vogliono-penalizzare-le-aziende-bellunesi\/#primaryimage"},"thumbnailUrl":"http:\/\/www.bellunopress.it\/wp-content\/uploads\/2010\/06\/sergio-reolon-130x130.jpg","datePublished":"2012-12-11T19:33:10+00:00","dateModified":"2012-12-11T19:33:50+00:00","breadcrumb":{"@id":"https:\/\/www.bellunopress.it\/2012\/12\/11\/bando-sviluppo-rurale-reolon-lega-e-pdl-vogliono-penalizzare-le-aziende-bellunesi\/#breadcrumb"},"inLanguage":"fr-FR","potentialAction":[{"@type":"ReadAction","target":["https:\/\/www.bellunopress.it\/2012\/12\/11\/bando-sviluppo-rurale-reolon-lega-e-pdl-vogliono-penalizzare-le-aziende-bellunesi\/"]}]},{"@type":"ImageObject","inLanguage":"fr-FR","@id":"https:\/\/www.bellunopress.it\/2012\/12\/11\/bando-sviluppo-rurale-reolon-lega-e-pdl-vogliono-penalizzare-le-aziende-bellunesi\/#primaryimage","url":"http:\/\/www.bellunopress.it\/wp-content\/uploads\/2010\/06\/sergio-reolon-130x130.jpg","contentUrl":"http:\/\/www.bellunopress.it\/wp-content\/uploads\/2010\/06\/sergio-reolon-130x130.jpg"},{"@type":"BreadcrumbList","@id":"https:\/\/www.bellunopress.it\/2012\/12\/11\/bando-sviluppo-rurale-reolon-lega-e-pdl-vogliono-penalizzare-le-aziende-bellunesi\/#breadcrumb","itemListElement":[{"@type":"ListItem","position":1,"name":"Home","item":"https:\/\/www.bellunopress.it\/"},{"@type":"ListItem","position":2,"name":"Bando sviluppo rurale. Reolon: &#8220;Lega e Pdl vogliono penalizzare le aziende bellunesi&#8221;"}]},{"@type":"WebSite","@id":"https:\/\/www.bellunopress.it\/#website","url":"https:\/\/www.bellunopress.it\/","name":"Bellunopress - Dolomiti","description":"e-mail: redazione@bellunopress.it","publisher":{"@id":"https:\/\/www.bellunopress.it\/#organization"},"potentialAction":[{"@type":"SearchAction","target":{"@type":"EntryPoint","urlTemplate":"https:\/\/www.bellunopress.it\/?s={search_term_string}"},"query-input":{"@type":"PropertyValueSpecification","valueRequired":true,"valueName":"search_term_string"}}],"inLanguage":"fr-FR"},{"@type":"Organization","@id":"https:\/\/www.bellunopress.it\/#organization","name":"Bellunopress","url":"https:\/\/www.bellunopress.it\/","logo":{"@type":"ImageObject","inLanguage":"fr-FR","@id":"https:\/\/www.bellunopress.it\/#\/schema\/logo\/image\/","url":"https:\/\/www.bellunopress.it\/wp-content\/uploads\/2011\/05\/cropped-logo-bellunopress-.jpg","contentUrl":"https:\/\/www.bellunopress.it\/wp-content\/uploads\/2011\/05\/cropped-logo-bellunopress-.jpg","width":512,"height":512,"caption":"Bellunopress"},"image":{"@id":"https:\/\/www.bellunopress.it\/#\/schema\/logo\/image\/"},"sameAs":["https:\/\/www.facebook.com\/profile.php?id=100008943462799","https:\/\/x.com\/bellunopress","https:\/\/www.linkedin.com\/hp\/?dnr=JBzUWaJfMUw8vbXJJ2tVW5-I3jZKvC4wsoxE&amp;amp;amp;amp;amp;amp;trk=nav_responsive_tab_home","https:\/\/www.youtube.com\/channel\/UCxL0wu1uN0_3_7hGG0306cw"]},{"@type":"Person","@id":"https:\/\/www.bellunopress.it\/#\/schema\/person\/79bb06722b37ece1c03d3e94beb30d73","name":"r\u00e9daction","image":{"@type":"ImageObject","inLanguage":"fr-FR","@id":"https:\/\/secure.gravatar.com\/avatar\/37d968a2e67a6fd04c169c4bdef102d0bc5d31b2546345219e348575eb80e9a0?s=96&d=mm&r=g","url":"https:\/\/secure.gravatar.com\/avatar\/37d968a2e67a6fd04c169c4bdef102d0bc5d31b2546345219e348575eb80e9a0?s=96&d=mm&r=g","contentUrl":"https:\/\/secure.gravatar.com\/avatar\/37d968a2e67a6fd04c169c4bdef102d0bc5d31b2546345219e348575eb80e9a0?s=96&d=mm&r=g","caption":"redazione"},"sameAs":["http:\/\/www.bellunopress.it","https:\/\/x.com\/bellunopress"],"url":"https:\/\/www.bellunopress.it\/fr\/author\/redazione\/"}]}},"_links":{"self":[{"href":"https:\/\/www.bellunopress.it\/fr\/wp-json\/wp\/v2\/posts\/44674","targetHints":{"allow":["GET"]}}],"collection":[{"href":"https:\/\/www.bellunopress.it\/fr\/wp-json\/wp\/v2\/posts"}],"about":[{"href":"https:\/\/www.bellunopress.it\/fr\/wp-json\/wp\/v2\/types\/post"}],"author":[{"embeddable":true,"href":"https:\/\/www.bellunopress.it\/fr\/wp-json\/wp\/v2\/users\/2"}],"replies":[{"embeddable":true,"href":"https:\/\/www.bellunopress.it\/fr\/wp-json\/wp\/v2\/comments?post=44674"}],"version-history":[{"count":2,"href":"https:\/\/www.bellunopress.it\/fr\/wp-json\/wp\/v2\/posts\/44674\/revisions"}],"predecessor-version":[{"id":44676,"href":"https:\/\/www.bellunopress.it\/fr\/wp-json\/wp\/v2\/posts\/44674\/revisions\/44676"}],"wp:attachment":[{"href":"https:\/\/www.bellunopress.it\/fr\/wp-json\/wp\/v2\/media?parent=44674"}],"wp:term":[{"taxonomy":"category","embeddable":true,"href":"https:\/\/www.bellunopress.it\/fr\/wp-json\/wp\/v2\/categories?post=44674"},{"taxonomy":"post_tag","embeddable":true,"href":"https:\/\/www.bellunopress.it\/fr\/wp-json\/wp\/v2\/tags?post=44674"}],"curies":[{"name":"wp","href":"https:\/\/api.w.org\/{rel}","templated":true}]}}