{"id":44672,"date":"2012-12-11T20:25:22","date_gmt":"2012-12-11T19:25:22","guid":{"rendered":"http:\/\/www.bellunopress.it\/?p=44672"},"modified":"2012-12-11T20:25:22","modified_gmt":"2012-12-11T19:25:22","slug":"afghanistan-le-forze-afghane-assumono-la-leadership-della-sicurezza-nella-provincia-di-herat-e-gli-alpini-passano-la-base-di-bakwa-allesercito-di-kabul","status":"publish","type":"post","link":"https:\/\/www.bellunopress.it\/fr\/2012\/12\/11\/afghanistan-le-forze-afghane-assumono-la-leadership-della-sicurezza-nella-provincia-di-herat-e-gli-alpini-passano-la-base-di-bakwa-allesercito-di-kabul\/","title":{"rendered":"Afghanistan: le forze afghane assumono la leadership della sicurezza nella provincia di Herat e gli Alpini passano la base di Bakwa all\u2019esercito di Kabul"},"content":{"rendered":"<figure id=\"attachment_23228\" aria-describedby=\"caption-attachment-23228\" style=\"width: 290px\" class=\"wp-caption alignleft\"><a href=\"http:\/\/www.bellunopress.it\/wp-content\/uploads\/2011\/01\/afghanistan-bakwa.jpg\"><img loading=\"lazy\" decoding=\"async\" class=\"size-full wp-image-23228\" title=\"afghanistan bakwa\" src=\"http:\/\/www.bellunopress.it\/wp-content\/uploads\/2011\/01\/afghanistan-bakwa.jpg\" alt=\"\" width=\"290\" height=\"193\" \/><\/a><figcaption id=\"caption-attachment-23228\" class=\"wp-caption-text\">Afghanistan: Bakwa<\/figcaption><\/figure>\n<p>E\u2019 stato firmato oggi a Herat dai vertici delle forze di sicurezza afghane e dal generale Dario Ranieri \u2013 comandante del Regional Command West di ISAF su base brigata alpina Taurinense &#8211; il documento congiunto che sancisce l\u2019assunzione della leadership sulla sicurezza da parte della polizia e dell\u2019esercito locali nella provincia di Herat che costituisce larga parte della regione occidentale dell\u2019Afghanistan.<\/p>\n<p>Nel quadro generale del trasferimento della responsabilit\u00e0 della sicurezza alle forze di sicurezza afghane, gli Alpini del 2\u00b0 reggimento hanno passato all\u2019esercito di Kabul la base operativa avanzata \u2018Lavaredo\u2019 cos\u00ec battezzata nel 2010 dagli Alpini del 7\u00b0 reggimento di Belluno della Bruigata Julia all\u2019atto dell\u2019apertura.<\/p>\n<p><a href=\"http:\/\/www.bellunopress.it\/wp-content\/uploads\/2010\/12\/cartina-afghanistan.jpg\"><img loading=\"lazy\" decoding=\"async\" class=\"alignleft size-full wp-image-22067\" title=\"cartina-afghanistan\" src=\"http:\/\/www.bellunopress.it\/wp-content\/uploads\/2010\/12\/cartina-afghanistan.jpg\" alt=\"\" width=\"300\" height=\"225\" \/><\/a>Negli ultimi quattro mesi la Task Force italiana comandata dal colonnello Cristiano Chiti &#8211; costituita dagli Alpini del 2\u00b0 di Cuneo insieme agli specialisti del 32\u00b0 genio guastatori di Torino e del 232\u00b0 trasmissioni di Avellino &#8211; hanno operato con successo nel distretto pi\u00f9 remoto e delicato dell\u2019area di operazioni italiana in partnership con le forze di sicurezza afghane. In precedenza, le forze di Kabul avevano assunto la responsabilit\u00e0 delle basi in Gulistan e a Bala Murghab, sostituendo i militari italiani della brigata \u2018Garibaldi\u2019 a luglio e a settembre di quest\u2019anno. Con il rientro in Italia della Task Force South East, nelle prossime settimane il contingente italiano in Afghanistan scender\u00e0 di circa 450 unit\u00e0, attestandosi a quota 3.600 effettivi circa. La responsabilit\u00e0 della base verr\u00e0 assunta in un primo momento dall\u2019unit\u00e0 del 207\u00b0 Corpo dell\u2019Esercito afghano, che negli ultimi mesi ha operato dalla stessa base di Bakwa con il sostegno della Task Force South East italiana.<\/p>\n<figure id=\"attachment_21760\" aria-describedby=\"caption-attachment-21760\" style=\"width: 300px\" class=\"wp-caption alignleft\"><a href=\"http:\/\/www.bellunopress.it\/wp-content\/uploads\/2010\/12\/afghanistan-7mo-alpini.jpg\"><img loading=\"lazy\" decoding=\"async\" class=\"size-full wp-image-21760\" title=\"afghanistan-7mo-alpini\" src=\"http:\/\/www.bellunopress.it\/wp-content\/uploads\/2010\/12\/afghanistan-7mo-alpini.jpg\" alt=\"\" width=\"300\" height=\"190\" \/><\/a><figcaption id=\"caption-attachment-21760\" class=\"wp-caption-text\">Gli alpini del 7mo Rgt in Afghanistan<\/figcaption><\/figure>\n<p>Le forze dell\u2019esercito verranno integrate nelle prossime settimane da unit\u00e0 scelte della 3^ brigata di polizia, affiancate da mentors e assetti operativi statunitensi. Nel distretto di Bakwa, area di notevole importanza situata a cavallo tra la provincia meridionale dell\u2019Helmand e quella di Farah, le forze di sicurezza afghane e italiane hanno agito nell\u2019ambito delle operazioni \u2018Shaping South\u2019 e \u2018Al Dhui\u2019, condotte in tutta la regione ovest per contrastare i gruppi di insorti provenienti da sud e garantire la libert\u00e0 di movimento lungo la Ring Road \u2013 l\u2019asse stradale che collega Kabul a Herat passando a sud per Kandahar \u2013 e la Route 515. Le due operazioni si sono sviluppate per oltre otto settimane nelle provincie di Herat e Farah e hanno visto scendere in campo oltre 4.000 uomini del 207\u00b0 Corpo d\u2019Armata dell\u2019Esercito Afghano e del 606\u00b0 della Polizia, in partnership con le tre Task Force italiane \u2013 su base 2\u00b0, 3\u00b0 e 9\u00b0 reggimento Alpini integrate da specialisti della Task Force Genio e della Task Force C4 delle Trasmissioni &#8211; con il supporto degli acquisitori obiettivi della Task Force Victor, degli elicotteri CH47, Mangusta e NH90 della Task Force Fenice e i velivoli dell\u2019Aeronautica Militare, per un totale complessivo di 2.000 militari italiani.<\/p>\n<p><a href=\"http:\/\/www.bellunopress.it\/wp-content\/uploads\/2010\/12\/afghanistan-rc_west_com_e_isaf_com_in_prossimita_della_fob_ice.jpg\"><img loading=\"lazy\" decoding=\"async\" class=\"alignleft size-full wp-image-21811\" title=\"afghanistan-rc_west_com_e_isaf_com_in_prossimita_della_fob_ice\" src=\"http:\/\/www.bellunopress.it\/wp-content\/uploads\/2010\/12\/afghanistan-rc_west_com_e_isaf_com_in_prossimita_della_fob_ice.jpg\" alt=\"\" width=\"300\" height=\"199\" \/><\/a>Tutte le attivit\u00e0 sul campo sono state pianificate e condotte in partnership con la polizia e l\u2019esercito locali, nell\u2019ottica della transizione della responsabilit\u00e0 esclusiva della sicurezza nella regione. Nel solo distretto di Bakwa, oltre duecento operazioni da parte della Task Force South East e delle forze afghane hanno portato negli ultimi quattro mesi al fermo di numerosi individui sospetti e al sequestro di un ingente quantitativo di armi e munizioni, oltre ad aver consentito di ricognire tutti gli insediamenti del distretto e di rifornire con continuit\u00e0 gli avamposti delle forze di sicurezza afghane presenti lungo gli assi di comunicazione. Nello stesso periodo si \u00e8 inoltre registrata una diminuzione del 70% degli ordigni esplosivi improvvisati ritrovati lungo le strade. Grazie a due operazioni aeree condotte da velivoli AMX e Predator dell\u2019Aeronautica Militare con il supporto della Task Force South East, sono stati infine distrutti tre ripetitori radio adoperati dagli insorti per le proprie comunicazioni nella zona di Bakwa. Nel campo dell\u2019assistenza alla popolazione, gli Alpini del 2\u00b0 hanno realizzato otto pozzi e distribuito generi di prima necessit\u00e0, tra cui 2500 coperte, 50 generatori elettrici, 20 pannelli solari, oltre a centinaia di indumenti e di kit scolastici per gli studenti del distretto, mentre i team sanitari afghani e italiani al seguito delle pattuglie hanno dispensato cure mediche di base a centinaia di abitanti.<\/p>\n<p>Durante la cerimonia di consegna delle medaglie della NATO ai militari della Task Force, il colonnello Chiti ha ricordato il sacrificio dei quattro caduti italiani a Bakwa: il Capitano degli Incursori Alessandro Romani (17 settembre 2010), il Caporal Maggiore Scelto Gaetano Tuccillo del battaglione logistico \u2018Ariete\u2019 (2 luglio 2011), il 1\u00b0 Caporal Maggiore Roberto Marchini dell\u20198\u00b0 genio paracadutisti (12 luglio 2011) e il Caporal Maggiore Tiziano Chierotti del 2\u00b0 reggimento Alpini della brigata \u2018Taurinense\u2019, scomparso lo scorso 25 ottobre in seguito ad uno scontro a fuoco. Per il 2\u00b0 Alpini di Cuneo si \u00e8 trattato del secondo impegno nell\u2019Afghanistan occidentale, dopo lo schieramento per sei mesi nel distretto remoto di Bala Murghab come Task Force North, da aprile a ottobre del 2010. In precedenza era stato impiegato a sud di Kabul, nella valle di Musahi, dove in operazione persero la vita cinque uomini, uno dei quali \u2013 il capitano Manuel Fiorito \u2013 \u00e8 stato decorato di Medaglia d\u2019Argento al Valor Militare alla memoria.<\/p>\n<p>Federica Fant<\/p>\n<p>&nbsp;<\/p>","protected":false},"excerpt":{"rendered":"<p>E\u2019 stato firmato oggi a Herat dai vertici delle forze di sicurezza afghane e dal generale Dario Ranieri \u2013 comandante del Regional Command West di ISAF su base brigata alpina Taurinense &#8211; il documento congiunto che sancisce l\u2019assunzione della leadership sulla sicurezza da parte della polizia e dell\u2019esercito locali nella provincia di Herat che costituisce [&hellip;]<\/p>\n","protected":false},"author":2,"featured_media":0,"comment_status":"closed","ping_status":"open","sticky":false,"template":"","format":"standard","meta":{"footnotes":""},"categories":[5,26],"tags":[],"class_list":["post-44672","post","type-post","status-publish","format-standard","category-cronaca","category-prima-pagina"],"yoast_head":"<!-- This site is optimized with the Yoast SEO plugin v28.4 - https:\/\/yoast.com\/product\/yoast-seo-wordpress\/ -->\n<title>Afghanistan: le forze afghane assumono la leadership della sicurezza nella provincia di Herat e gli Alpini passano la base di Bakwa all\u2019esercito di Kabul - Bellunopress - Dolomiti<\/title>\n<meta name=\"robots\" content=\"index, follow, max-snippet:-1, max-image-preview:large, max-video-preview:-1\" \/>\n<link rel=\"canonical\" href=\"https:\/\/www.bellunopress.it\/fr\/2012\/12\/11\/afghanistan-le-forze-afghane-assumono-la-leadership-della-sicurezza-nella-provincia-di-herat-e-gli-alpini-passano-la-base-di-bakwa-allesercito-di-kabul\/\" \/>\n<meta property=\"og:locale\" content=\"fr_FR\" \/>\n<meta property=\"og:type\" content=\"article\" \/>\n<meta property=\"og:title\" content=\"Afghanistan: le forze afghane assumono la leadership della sicurezza nella provincia di Herat e gli Alpini passano la base di Bakwa all\u2019esercito di Kabul - Bellunopress - Dolomiti\" \/>\n<meta property=\"og:description\" content=\"E\u2019 stato firmato oggi a Herat dai vertici delle forze di sicurezza afghane e dal generale Dario Ranieri \u2013 comandante del Regional Command West di ISAF su base brigata alpina Taurinense &#8211; il documento congiunto che sancisce l\u2019assunzione della leadership sulla sicurezza da parte della polizia e dell\u2019esercito locali nella provincia di Herat che costituisce [&hellip;]\" \/>\n<meta property=\"og:url\" content=\"https:\/\/www.bellunopress.it\/fr\/2012\/12\/11\/afghanistan-le-forze-afghane-assumono-la-leadership-della-sicurezza-nella-provincia-di-herat-e-gli-alpini-passano-la-base-di-bakwa-allesercito-di-kabul\/\" \/>\n<meta property=\"og:site_name\" content=\"Bellunopress - Dolomiti\" \/>\n<meta property=\"article:publisher\" content=\"https:\/\/www.facebook.com\/profile.php?id=100008943462799\" \/>\n<meta property=\"article:published_time\" content=\"2012-12-11T19:25:22+00:00\" \/>\n<meta property=\"og:image\" content=\"http:\/\/www.bellunopress.it\/wp-content\/uploads\/2011\/01\/afghanistan-bakwa.jpg\" \/>\n<meta name=\"author\" content=\"redazione\" \/>\n<meta name=\"twitter:card\" content=\"summary_large_image\" \/>\n<meta name=\"twitter:creator\" content=\"@bellunopress\" \/>\n<meta name=\"twitter:site\" content=\"@bellunopress\" \/>\n<meta name=\"twitter:label1\" content=\"\u00c9crit par\" \/>\n\t<meta name=\"twitter:data1\" content=\"redazione\" \/>\n\t<meta name=\"twitter:label2\" content=\"Dur\u00e9e de lecture estim\u00e9e\" \/>\n\t<meta name=\"twitter:data2\" content=\"4 minutes\" \/>\n<script type=\"application\/ld+json\" class=\"yoast-schema-graph\">{\"@context\":\"https:\\\/\\\/schema.org\",\"@graph\":[{\"@type\":\"Article\",\"@id\":\"https:\\\/\\\/www.bellunopress.it\\\/2012\\\/12\\\/11\\\/afghanistan-le-forze-afghane-assumono-la-leadership-della-sicurezza-nella-provincia-di-herat-e-gli-alpini-passano-la-base-di-bakwa-allesercito-di-kabul\\\/#article\",\"isPartOf\":{\"@id\":\"https:\\\/\\\/www.bellunopress.it\\\/2012\\\/12\\\/11\\\/afghanistan-le-forze-afghane-assumono-la-leadership-della-sicurezza-nella-provincia-di-herat-e-gli-alpini-passano-la-base-di-bakwa-allesercito-di-kabul\\\/\"},\"author\":{\"name\":\"redazione\",\"@id\":\"https:\\\/\\\/www.bellunopress.it\\\/#\\\/schema\\\/person\\\/79bb06722b37ece1c03d3e94beb30d73\"},\"headline\":\"Afghanistan: le forze afghane assumono la leadership della sicurezza nella provincia di Herat e gli Alpini passano la base di Bakwa all\u2019esercito di Kabul\",\"datePublished\":\"2012-12-11T19:25:22+00:00\",\"mainEntityOfPage\":{\"@id\":\"https:\\\/\\\/www.bellunopress.it\\\/2012\\\/12\\\/11\\\/afghanistan-le-forze-afghane-assumono-la-leadership-della-sicurezza-nella-provincia-di-herat-e-gli-alpini-passano-la-base-di-bakwa-allesercito-di-kabul\\\/\"},\"wordCount\":881,\"publisher\":{\"@id\":\"https:\\\/\\\/www.bellunopress.it\\\/#organization\"},\"image\":{\"@id\":\"https:\\\/\\\/www.bellunopress.it\\\/2012\\\/12\\\/11\\\/afghanistan-le-forze-afghane-assumono-la-leadership-della-sicurezza-nella-provincia-di-herat-e-gli-alpini-passano-la-base-di-bakwa-allesercito-di-kabul\\\/#primaryimage\"},\"thumbnailUrl\":\"http:\\\/\\\/www.bellunopress.it\\\/wp-content\\\/uploads\\\/2011\\\/01\\\/afghanistan-bakwa.jpg\",\"articleSection\":[\"Cronaca\\\/Politica\",\"Prima Pagina\"],\"inLanguage\":\"fr-FR\"},{\"@type\":\"WebPage\",\"@id\":\"https:\\\/\\\/www.bellunopress.it\\\/2012\\\/12\\\/11\\\/afghanistan-le-forze-afghane-assumono-la-leadership-della-sicurezza-nella-provincia-di-herat-e-gli-alpini-passano-la-base-di-bakwa-allesercito-di-kabul\\\/\",\"url\":\"https:\\\/\\\/www.bellunopress.it\\\/2012\\\/12\\\/11\\\/afghanistan-le-forze-afghane-assumono-la-leadership-della-sicurezza-nella-provincia-di-herat-e-gli-alpini-passano-la-base-di-bakwa-allesercito-di-kabul\\\/\",\"name\":\"Afghanistan: le forze afghane assumono la leadership della sicurezza nella provincia di Herat e gli Alpini passano la base di Bakwa all\u2019esercito di Kabul - Bellunopress - Dolomiti\",\"isPartOf\":{\"@id\":\"https:\\\/\\\/www.bellunopress.it\\\/#website\"},\"primaryImageOfPage\":{\"@id\":\"https:\\\/\\\/www.bellunopress.it\\\/2012\\\/12\\\/11\\\/afghanistan-le-forze-afghane-assumono-la-leadership-della-sicurezza-nella-provincia-di-herat-e-gli-alpini-passano-la-base-di-bakwa-allesercito-di-kabul\\\/#primaryimage\"},\"image\":{\"@id\":\"https:\\\/\\\/www.bellunopress.it\\\/2012\\\/12\\\/11\\\/afghanistan-le-forze-afghane-assumono-la-leadership-della-sicurezza-nella-provincia-di-herat-e-gli-alpini-passano-la-base-di-bakwa-allesercito-di-kabul\\\/#primaryimage\"},\"thumbnailUrl\":\"http:\\\/\\\/www.bellunopress.it\\\/wp-content\\\/uploads\\\/2011\\\/01\\\/afghanistan-bakwa.jpg\",\"datePublished\":\"2012-12-11T19:25:22+00:00\",\"breadcrumb\":{\"@id\":\"https:\\\/\\\/www.bellunopress.it\\\/2012\\\/12\\\/11\\\/afghanistan-le-forze-afghane-assumono-la-leadership-della-sicurezza-nella-provincia-di-herat-e-gli-alpini-passano-la-base-di-bakwa-allesercito-di-kabul\\\/#breadcrumb\"},\"inLanguage\":\"fr-FR\",\"potentialAction\":[{\"@type\":\"ReadAction\",\"target\":[\"https:\\\/\\\/www.bellunopress.it\\\/2012\\\/12\\\/11\\\/afghanistan-le-forze-afghane-assumono-la-leadership-della-sicurezza-nella-provincia-di-herat-e-gli-alpini-passano-la-base-di-bakwa-allesercito-di-kabul\\\/\"]}]},{\"@type\":\"ImageObject\",\"inLanguage\":\"fr-FR\",\"@id\":\"https:\\\/\\\/www.bellunopress.it\\\/2012\\\/12\\\/11\\\/afghanistan-le-forze-afghane-assumono-la-leadership-della-sicurezza-nella-provincia-di-herat-e-gli-alpini-passano-la-base-di-bakwa-allesercito-di-kabul\\\/#primaryimage\",\"url\":\"http:\\\/\\\/www.bellunopress.it\\\/wp-content\\\/uploads\\\/2011\\\/01\\\/afghanistan-bakwa.jpg\",\"contentUrl\":\"http:\\\/\\\/www.bellunopress.it\\\/wp-content\\\/uploads\\\/2011\\\/01\\\/afghanistan-bakwa.jpg\"},{\"@type\":\"BreadcrumbList\",\"@id\":\"https:\\\/\\\/www.bellunopress.it\\\/2012\\\/12\\\/11\\\/afghanistan-le-forze-afghane-assumono-la-leadership-della-sicurezza-nella-provincia-di-herat-e-gli-alpini-passano-la-base-di-bakwa-allesercito-di-kabul\\\/#breadcrumb\",\"itemListElement\":[{\"@type\":\"ListItem\",\"position\":1,\"name\":\"Home\",\"item\":\"https:\\\/\\\/www.bellunopress.it\\\/\"},{\"@type\":\"ListItem\",\"position\":2,\"name\":\"Afghanistan: le forze afghane assumono la leadership della sicurezza nella provincia di Herat e gli Alpini passano la base di Bakwa all\u2019esercito di Kabul\"}]},{\"@type\":\"WebSite\",\"@id\":\"https:\\\/\\\/www.bellunopress.it\\\/#website\",\"url\":\"https:\\\/\\\/www.bellunopress.it\\\/\",\"name\":\"Bellunopress - Dolomiti\",\"description\":\"e-mail: redazione@bellunopress.it\",\"publisher\":{\"@id\":\"https:\\\/\\\/www.bellunopress.it\\\/#organization\"},\"potentialAction\":[{\"@type\":\"SearchAction\",\"target\":{\"@type\":\"EntryPoint\",\"urlTemplate\":\"https:\\\/\\\/www.bellunopress.it\\\/?s={search_term_string}\"},\"query-input\":{\"@type\":\"PropertyValueSpecification\",\"valueRequired\":true,\"valueName\":\"search_term_string\"}}],\"inLanguage\":\"fr-FR\"},{\"@type\":\"Organization\",\"@id\":\"https:\\\/\\\/www.bellunopress.it\\\/#organization\",\"name\":\"Bellunopress\",\"url\":\"https:\\\/\\\/www.bellunopress.it\\\/\",\"logo\":{\"@type\":\"ImageObject\",\"inLanguage\":\"fr-FR\",\"@id\":\"https:\\\/\\\/www.bellunopress.it\\\/#\\\/schema\\\/logo\\\/image\\\/\",\"url\":\"https:\\\/\\\/www.bellunopress.it\\\/wp-content\\\/uploads\\\/2011\\\/05\\\/cropped-logo-bellunopress-.jpg\",\"contentUrl\":\"https:\\\/\\\/www.bellunopress.it\\\/wp-content\\\/uploads\\\/2011\\\/05\\\/cropped-logo-bellunopress-.jpg\",\"width\":512,\"height\":512,\"caption\":\"Bellunopress\"},\"image\":{\"@id\":\"https:\\\/\\\/www.bellunopress.it\\\/#\\\/schema\\\/logo\\\/image\\\/\"},\"sameAs\":[\"https:\\\/\\\/www.facebook.com\\\/profile.php?id=100008943462799\",\"https:\\\/\\\/x.com\\\/bellunopress\",\"https:\\\/\\\/www.linkedin.com\\\/hp\\\/?dnr=JBzUWaJfMUw8vbXJJ2tVW5-I3jZKvC4wsoxE&amp;amp;amp;amp;amp;amp;trk=nav_responsive_tab_home\",\"https:\\\/\\\/www.youtube.com\\\/channel\\\/UCxL0wu1uN0_3_7hGG0306cw\"]},{\"@type\":\"Person\",\"@id\":\"https:\\\/\\\/www.bellunopress.it\\\/#\\\/schema\\\/person\\\/79bb06722b37ece1c03d3e94beb30d73\",\"name\":\"redazione\",\"image\":{\"@type\":\"ImageObject\",\"inLanguage\":\"fr-FR\",\"@id\":\"https:\\\/\\\/secure.gravatar.com\\\/avatar\\\/37d968a2e67a6fd04c169c4bdef102d0bc5d31b2546345219e348575eb80e9a0?s=96&d=mm&r=g\",\"url\":\"https:\\\/\\\/secure.gravatar.com\\\/avatar\\\/37d968a2e67a6fd04c169c4bdef102d0bc5d31b2546345219e348575eb80e9a0?s=96&d=mm&r=g\",\"contentUrl\":\"https:\\\/\\\/secure.gravatar.com\\\/avatar\\\/37d968a2e67a6fd04c169c4bdef102d0bc5d31b2546345219e348575eb80e9a0?s=96&d=mm&r=g\",\"caption\":\"redazione\"},\"sameAs\":[\"http:\\\/\\\/www.bellunopress.it\",\"https:\\\/\\\/x.com\\\/bellunopress\"],\"url\":\"https:\\\/\\\/www.bellunopress.it\\\/fr\\\/author\\\/redazione\\\/\"}]}<\/script>\n<!-- \/ Yoast SEO plugin. -->","yoast_head_json":{"title":"Afghanistan: le forze afghane assumono la leadership della sicurezza nella provincia di Herat e gli Alpini passano la base di Bakwa all\u2019esercito di Kabul - Bellunopress - Dolomiti","robots":{"index":"index","follow":"follow","max-snippet":"max-snippet:-1","max-image-preview":"max-image-preview:large","max-video-preview":"max-video-preview:-1"},"canonical":"https:\/\/www.bellunopress.it\/fr\/2012\/12\/11\/afghanistan-le-forze-afghane-assumono-la-leadership-della-sicurezza-nella-provincia-di-herat-e-gli-alpini-passano-la-base-di-bakwa-allesercito-di-kabul\/","og_locale":"fr_FR","og_type":"article","og_title":"Afghanistan: le forze afghane assumono la leadership della sicurezza nella provincia di Herat e gli Alpini passano la base di Bakwa all\u2019esercito di Kabul - Bellunopress - Dolomiti","og_description":"E\u2019 stato firmato oggi a Herat dai vertici delle forze di sicurezza afghane e dal generale Dario Ranieri \u2013 comandante del Regional Command West di ISAF su base brigata alpina Taurinense &#8211; il documento congiunto che sancisce l\u2019assunzione della leadership sulla sicurezza da parte della polizia e dell\u2019esercito locali nella provincia di Herat che costituisce [&hellip;]","og_url":"https:\/\/www.bellunopress.it\/fr\/2012\/12\/11\/afghanistan-le-forze-afghane-assumono-la-leadership-della-sicurezza-nella-provincia-di-herat-e-gli-alpini-passano-la-base-di-bakwa-allesercito-di-kabul\/","og_site_name":"Bellunopress - Dolomiti","article_publisher":"https:\/\/www.facebook.com\/profile.php?id=100008943462799","article_published_time":"2012-12-11T19:25:22+00:00","og_image":[{"url":"http:\/\/www.bellunopress.it\/wp-content\/uploads\/2011\/01\/afghanistan-bakwa.jpg","type":"","width":"","height":""}],"author":"redazione","twitter_card":"summary_large_image","twitter_creator":"@bellunopress","twitter_site":"@bellunopress","twitter_misc":{"\u00c9crit par":"redazione","Dur\u00e9e de lecture estim\u00e9e":"4 minutes"},"schema":{"@context":"https:\/\/schema.org","@graph":[{"@type":"Article","@id":"https:\/\/www.bellunopress.it\/2012\/12\/11\/afghanistan-le-forze-afghane-assumono-la-leadership-della-sicurezza-nella-provincia-di-herat-e-gli-alpini-passano-la-base-di-bakwa-allesercito-di-kabul\/#article","isPartOf":{"@id":"https:\/\/www.bellunopress.it\/2012\/12\/11\/afghanistan-le-forze-afghane-assumono-la-leadership-della-sicurezza-nella-provincia-di-herat-e-gli-alpini-passano-la-base-di-bakwa-allesercito-di-kabul\/"},"author":{"name":"redazione","@id":"https:\/\/www.bellunopress.it\/#\/schema\/person\/79bb06722b37ece1c03d3e94beb30d73"},"headline":"Afghanistan: le forze afghane assumono la leadership della sicurezza nella provincia di Herat e gli Alpini passano la base di Bakwa all\u2019esercito di Kabul","datePublished":"2012-12-11T19:25:22+00:00","mainEntityOfPage":{"@id":"https:\/\/www.bellunopress.it\/2012\/12\/11\/afghanistan-le-forze-afghane-assumono-la-leadership-della-sicurezza-nella-provincia-di-herat-e-gli-alpini-passano-la-base-di-bakwa-allesercito-di-kabul\/"},"wordCount":881,"publisher":{"@id":"https:\/\/www.bellunopress.it\/#organization"},"image":{"@id":"https:\/\/www.bellunopress.it\/2012\/12\/11\/afghanistan-le-forze-afghane-assumono-la-leadership-della-sicurezza-nella-provincia-di-herat-e-gli-alpini-passano-la-base-di-bakwa-allesercito-di-kabul\/#primaryimage"},"thumbnailUrl":"http:\/\/www.bellunopress.it\/wp-content\/uploads\/2011\/01\/afghanistan-bakwa.jpg","articleSection":["Cronaca\/Politica","Prima Pagina"],"inLanguage":"fr-FR"},{"@type":"WebPage","@id":"https:\/\/www.bellunopress.it\/2012\/12\/11\/afghanistan-le-forze-afghane-assumono-la-leadership-della-sicurezza-nella-provincia-di-herat-e-gli-alpini-passano-la-base-di-bakwa-allesercito-di-kabul\/","url":"https:\/\/www.bellunopress.it\/2012\/12\/11\/afghanistan-le-forze-afghane-assumono-la-leadership-della-sicurezza-nella-provincia-di-herat-e-gli-alpini-passano-la-base-di-bakwa-allesercito-di-kabul\/","name":"Afghanistan: le forze afghane assumono la leadership della sicurezza nella provincia di Herat e gli Alpini passano la base di Bakwa all\u2019esercito di Kabul - Bellunopress - Dolomiti","isPartOf":{"@id":"https:\/\/www.bellunopress.it\/#website"},"primaryImageOfPage":{"@id":"https:\/\/www.bellunopress.it\/2012\/12\/11\/afghanistan-le-forze-afghane-assumono-la-leadership-della-sicurezza-nella-provincia-di-herat-e-gli-alpini-passano-la-base-di-bakwa-allesercito-di-kabul\/#primaryimage"},"image":{"@id":"https:\/\/www.bellunopress.it\/2012\/12\/11\/afghanistan-le-forze-afghane-assumono-la-leadership-della-sicurezza-nella-provincia-di-herat-e-gli-alpini-passano-la-base-di-bakwa-allesercito-di-kabul\/#primaryimage"},"thumbnailUrl":"http:\/\/www.bellunopress.it\/wp-content\/uploads\/2011\/01\/afghanistan-bakwa.jpg","datePublished":"2012-12-11T19:25:22+00:00","breadcrumb":{"@id":"https:\/\/www.bellunopress.it\/2012\/12\/11\/afghanistan-le-forze-afghane-assumono-la-leadership-della-sicurezza-nella-provincia-di-herat-e-gli-alpini-passano-la-base-di-bakwa-allesercito-di-kabul\/#breadcrumb"},"inLanguage":"fr-FR","potentialAction":[{"@type":"ReadAction","target":["https:\/\/www.bellunopress.it\/2012\/12\/11\/afghanistan-le-forze-afghane-assumono-la-leadership-della-sicurezza-nella-provincia-di-herat-e-gli-alpini-passano-la-base-di-bakwa-allesercito-di-kabul\/"]}]},{"@type":"ImageObject","inLanguage":"fr-FR","@id":"https:\/\/www.bellunopress.it\/2012\/12\/11\/afghanistan-le-forze-afghane-assumono-la-leadership-della-sicurezza-nella-provincia-di-herat-e-gli-alpini-passano-la-base-di-bakwa-allesercito-di-kabul\/#primaryimage","url":"http:\/\/www.bellunopress.it\/wp-content\/uploads\/2011\/01\/afghanistan-bakwa.jpg","contentUrl":"http:\/\/www.bellunopress.it\/wp-content\/uploads\/2011\/01\/afghanistan-bakwa.jpg"},{"@type":"BreadcrumbList","@id":"https:\/\/www.bellunopress.it\/2012\/12\/11\/afghanistan-le-forze-afghane-assumono-la-leadership-della-sicurezza-nella-provincia-di-herat-e-gli-alpini-passano-la-base-di-bakwa-allesercito-di-kabul\/#breadcrumb","itemListElement":[{"@type":"ListItem","position":1,"name":"Home","item":"https:\/\/www.bellunopress.it\/"},{"@type":"ListItem","position":2,"name":"Afghanistan: le forze afghane assumono la leadership della sicurezza nella provincia di Herat e gli Alpini passano la base di Bakwa all\u2019esercito di Kabul"}]},{"@type":"WebSite","@id":"https:\/\/www.bellunopress.it\/#website","url":"https:\/\/www.bellunopress.it\/","name":"Bellunopress - Dolomiti","description":"e-mail: redazione@bellunopress.it","publisher":{"@id":"https:\/\/www.bellunopress.it\/#organization"},"potentialAction":[{"@type":"SearchAction","target":{"@type":"EntryPoint","urlTemplate":"https:\/\/www.bellunopress.it\/?s={search_term_string}"},"query-input":{"@type":"PropertyValueSpecification","valueRequired":true,"valueName":"search_term_string"}}],"inLanguage":"fr-FR"},{"@type":"Organization","@id":"https:\/\/www.bellunopress.it\/#organization","name":"Bellunopress","url":"https:\/\/www.bellunopress.it\/","logo":{"@type":"ImageObject","inLanguage":"fr-FR","@id":"https:\/\/www.bellunopress.it\/#\/schema\/logo\/image\/","url":"https:\/\/www.bellunopress.it\/wp-content\/uploads\/2011\/05\/cropped-logo-bellunopress-.jpg","contentUrl":"https:\/\/www.bellunopress.it\/wp-content\/uploads\/2011\/05\/cropped-logo-bellunopress-.jpg","width":512,"height":512,"caption":"Bellunopress"},"image":{"@id":"https:\/\/www.bellunopress.it\/#\/schema\/logo\/image\/"},"sameAs":["https:\/\/www.facebook.com\/profile.php?id=100008943462799","https:\/\/x.com\/bellunopress","https:\/\/www.linkedin.com\/hp\/?dnr=JBzUWaJfMUw8vbXJJ2tVW5-I3jZKvC4wsoxE&amp;amp;amp;amp;amp;amp;trk=nav_responsive_tab_home","https:\/\/www.youtube.com\/channel\/UCxL0wu1uN0_3_7hGG0306cw"]},{"@type":"Person","@id":"https:\/\/www.bellunopress.it\/#\/schema\/person\/79bb06722b37ece1c03d3e94beb30d73","name":"r\u00e9daction","image":{"@type":"ImageObject","inLanguage":"fr-FR","@id":"https:\/\/secure.gravatar.com\/avatar\/37d968a2e67a6fd04c169c4bdef102d0bc5d31b2546345219e348575eb80e9a0?s=96&d=mm&r=g","url":"https:\/\/secure.gravatar.com\/avatar\/37d968a2e67a6fd04c169c4bdef102d0bc5d31b2546345219e348575eb80e9a0?s=96&d=mm&r=g","contentUrl":"https:\/\/secure.gravatar.com\/avatar\/37d968a2e67a6fd04c169c4bdef102d0bc5d31b2546345219e348575eb80e9a0?s=96&d=mm&r=g","caption":"redazione"},"sameAs":["http:\/\/www.bellunopress.it","https:\/\/x.com\/bellunopress"],"url":"https:\/\/www.bellunopress.it\/fr\/author\/redazione\/"}]}},"_links":{"self":[{"href":"https:\/\/www.bellunopress.it\/fr\/wp-json\/wp\/v2\/posts\/44672","targetHints":{"allow":["GET"]}}],"collection":[{"href":"https:\/\/www.bellunopress.it\/fr\/wp-json\/wp\/v2\/posts"}],"about":[{"href":"https:\/\/www.bellunopress.it\/fr\/wp-json\/wp\/v2\/types\/post"}],"author":[{"embeddable":true,"href":"https:\/\/www.bellunopress.it\/fr\/wp-json\/wp\/v2\/users\/2"}],"replies":[{"embeddable":true,"href":"https:\/\/www.bellunopress.it\/fr\/wp-json\/wp\/v2\/comments?post=44672"}],"version-history":[{"count":1,"href":"https:\/\/www.bellunopress.it\/fr\/wp-json\/wp\/v2\/posts\/44672\/revisions"}],"predecessor-version":[{"id":44673,"href":"https:\/\/www.bellunopress.it\/fr\/wp-json\/wp\/v2\/posts\/44672\/revisions\/44673"}],"wp:attachment":[{"href":"https:\/\/www.bellunopress.it\/fr\/wp-json\/wp\/v2\/media?parent=44672"}],"wp:term":[{"taxonomy":"category","embeddable":true,"href":"https:\/\/www.bellunopress.it\/fr\/wp-json\/wp\/v2\/categories?post=44672"},{"taxonomy":"post_tag","embeddable":true,"href":"https:\/\/www.bellunopress.it\/fr\/wp-json\/wp\/v2\/tags?post=44672"}],"curies":[{"name":"wp","href":"https:\/\/api.w.org\/{rel}","templated":true}]}}