{"id":44670,"date":"2012-12-11T14:16:26","date_gmt":"2012-12-11T13:16:26","guid":{"rendered":"http:\/\/www.bellunopress.it\/?p=44670"},"modified":"2012-12-11T14:16:26","modified_gmt":"2012-12-11T13:16:26","slug":"natale-al-cubo-e-presepe-dei-bambini-da-venerdi-14-a-domenica-16-dicembre-letture-animate-e-attivita-per-bambini-e-famiglie-a-palazzo-crepadona-lunedi-17-ore-9-30-inaugurazione","status":"publish","type":"post","link":"https:\/\/www.bellunopress.it\/fr\/2012\/12\/11\/natale-al-cubo-e-presepe-dei-bambini-da-venerdi-14-a-domenica-16-dicembre-letture-animate-e-attivita-per-bambini-e-famiglie-a-palazzo-crepadona-lunedi-17-ore-9-30-inaugurazione\/","title":{"rendered":"\u201cNatale al Cubo\u201d e presepe dei bambini. Da venerd\u00ec 14 a domenica 16 dicembre, letture animate e attivit\u00e0 per bambini e famiglie a Palazzo Crepadona. Luned\u00ec 17, ore 9.30, inaugurazione del presepe dei bimbi in piazza Castello"},"content":{"rendered":"<p>Il calendario di manifestazioni natalizie messo a punto dal Comune di Belluno riserva un&#8217;attenzione speciale alle famiglie, e in particolar modo ai pi\u00f9 piccini.<\/p>\n<figure id=\"attachment_10610\" aria-describedby=\"caption-attachment-10610\" style=\"width: 270px\" class=\"wp-caption alignleft\"><a href=\"http:\/\/www.bellunopress.it\/wp-content\/uploads\/2009\/12\/crepadona.jpg\"><img loading=\"lazy\" decoding=\"async\" class=\"size-full wp-image-10610\" title=\"crepadona\" src=\"http:\/\/www.bellunopress.it\/wp-content\/uploads\/2009\/12\/crepadona.jpg\" alt=\"\" width=\"270\" height=\"202\" \/><\/a><figcaption id=\"caption-attachment-10610\" class=\"wp-caption-text\">Palazzo Crepadona via Ripa Belluno<\/figcaption><\/figure>\n<p>\u201cNatale al Cubo\u201d \u00e8 la proposta organizzata dalla Biblioteca Civica, che si svolger\u00e0 venerd\u00ec 14, sabato 15 e domenica 16 dicembre, a Palazzo Crepadona: in programma ci sono letture e laboratori per bambini e famiglie intorno all&#8217;albero di Natale addobbato all&#8217;interno del Cubo di Botta e presso la Biblioteca dei Ragazzi.<\/p>\n<p>L&#8217;iniziativa intende essere un momento di incontro ludico e creativo, capace di coinvolgere i bambini della scuola dell&#8217;infanzia e delle primarie per approfondire alcuni temi legati al riciclo in questo particolare momento dell&#8217;anno in cui diverse forme di spreco appaiono pi\u00f9 evidenti. Verranno proposti letture pubbliche a tema natalizio, diversi laboratori a partecipazione libera, alcuni su iscrizione e alcuni percorsi didattici per famiglie che si svolgeranno tra il Museo civico e le principali chiese del centro storico. Tutte le attivit\u00e0 sono gratuite.<\/p>\n<p><strong>Il programma<\/strong><\/p>\n<p>Venerd\u00ec 14 dicembre, in Biblioteca dei Ragazzi<\/p>\n<p>ore 15.00 &#8211; 17.00 &#8220;Il Grinch e altre storie&#8221;: lettura, animazione e laboratori con Cristina Gianni e Davide De Bona; per bambini dai 6 anni; su iscrizione (max 15)<\/p>\n<p>ore 17.00 &#8220;Natale in famiglia&#8221;: appuntamento con \u201cQUANTE STORIE\u201d a cura del Gruppo di Lettura della Biblioteca; per bambini da 3 a 6 anni; su iscrizione (max 15)<\/p>\n<p>Sabato 15 dicembre, presso il Cubo a Palazzo Crepadona<\/p>\n<p>ore 9.00 \u2013 12.00 &#8220;Riciclo di Natale&#8221; a cura dell&#8217;Associazione Il Margine con Valentina Gregato, Paola Nard e Gabriella Sperotto: Laboratorio di ricicli natalizi per decorare l\u2019albero di Natale: plastica, carta, cartone, bicchieri e vecchie stoffe trovano nuova forma nella creazione di decorazioni natalizie da appendere in parte all\u2019albero allestito nel Cubo e in parte nelle case di tutti i partecipanti; per classi di scuola primaria (su iscrizione e grandi e piccini [0-99 anni];<\/p>\n<p>ore 15.30-18.30, prosegue &#8220;Riciclo di Natale&#8221; per tutti [3-99 anni] (i bimbi di 3-6 anni con un genitore) a partecipazione libera e con il grande ritorno di Cartoncino Magico\u00ae \u201cNatale con Muucca Babba\u201d di Dino Maraga: Laboratorio di costruzione del personaggio di Muucca Babba col metodo-gioco Cartoncino Magico\u00ae che da oltre dodici anni sviluppa la manualit\u00e0 e il divertimento dei bambini; per bambini e famiglie(i bimbi di 3-6 anni con un genitore) su iscrizione (max 15, per 2 turni)<\/p>\n<p>Domenica 16 dicembre, presso il Cubo a Palazzo Crepadona<\/p>\n<p>ore 10.00 \u2013 12.00 &#8220;Il Natale degli animali\u201d : letture, animazione e laboratori con Cristina Gianni e Davide De Bona; per bambini e famiglie; a partecipazione libera<\/p>\n<p>ore 15.30-18.30 &#8220;E&#8217; Natale, Tigrotto!\u201d a cura di Cristina Pocchiesa Cno e Elena Funes Laboratorio per costruire palline di Natale, in pasta di maizena, con la forma della testa di Tigrotto e Oscar con il cappellino rosso natalizio da appendere all&#8217;albero e da portare a casa; per bambini e famiglie; su iscrizione (max 15, per 2 turni)<\/p>\n<p>Inoltre, \u00e8 in programma un percorso didattico per famiglie: \u201cGesu&#8217; Bambino nell&#8217;arte: alla scoperta delle sacre rappresentazioni\u201d, a cura di Marta Azzalini. Si tratta di una passeggiata tra i dipinti e le sculture ospitate nel Museo Civico e in alcune chiese del centro storico, alla scoperta delle opere d&#8217;arte che rappresentano la Sacra Famiglia, della durata di un&#8217;ora e mezza. L&#8217;iniziativa \u2013 che richiede la prenotazione &#8211; si terr\u00e0 venerd\u00ec 14 dicembre, ore 16.00, sabato 15 dicembre, ore 10.30 e 16.00, domenica 16 dicembre, ore 10.30, con ritrovo presso il Museo Civico.<\/p>\n<p>Tutte le attivit\u00e0 sono gratuite.<\/p>\n<p>Per informazioni e iscrizioni: Biblioteca Civica di Belluno \u2013 Sezione Ragazzi<\/p>\n<p>Palazzo Crepadona &#8211; Via Ripa 3 &#8211; tel. 0437-948093 &#8211; e-mail: biblioteca@comune.belluno.it<\/p>\n<p><strong>Il presepe dei pi\u00f9 piccoli<\/strong><\/p>\n<p>Luned\u00ec 17 dicembre, alle 9.30, presso gli storici giardini di piazza Castello, \u00e8 in programma l&#8217;inaugurazione del presepe allestito da bimbi e ragazzi dei tre circoli didattici.<\/p>\n<p>Gli alunni delle scuole primarie, utilizzando materiali di recupero, resistenti all&#8217;acqua, hanno realizzato le statuine della Sacra Famiglia e delle pecorelle, mentre stella cometa, mangiatoia, bue e asinello sono stati preparati dai ragazzi delle medie, durante i laboratori di riciclo creativo allo Spazio Giovani, in collaborazione con l&#8217;associazione culturale Il Margine.<\/p>\n<p>All&#8217;inaugurazione del presepe, allestito presso le rovine dell&#8217;antico castello, saranno presenti i giovanissimi artisti che hanno lavorato alla sua realizzazione, il Sindaco Jacopo Massaro e l&#8217;assessore alle politiche per l&#8217;infanzia Valentina Tomasi.<\/p>\n","protected":false},"excerpt":{"rendered":"<p>Il calendario di manifestazioni natalizie messo a punto dal Comune di Belluno riserva un&#8217;attenzione speciale alle famiglie, e in particolar modo ai pi\u00f9 piccini. \u201cNatale al Cubo\u201d \u00e8 la proposta organizzata dalla Biblioteca Civica, che si svolger\u00e0 venerd\u00ec 14, sabato 15 e domenica 16 dicembre, a Palazzo Crepadona: in programma ci sono letture e laboratori [&hellip;]<\/p>\n","protected":false},"author":2,"featured_media":0,"comment_status":"closed","ping_status":"open","sticky":false,"template":"","format":"standard","meta":{"footnotes":""},"categories":[3,5,25],"tags":[],"class_list":["post-44670","post","type-post","status-publish","format-standard","category-arte-cultura-spettacoli-scienza-archivi","category-cronaca","category-pausa-caffe"],"yoast_head":"<!-- This site is optimized with the Yoast SEO plugin v28.4 - https:\/\/yoast.com\/product\/yoast-seo-wordpress\/ -->\n<title>\u201cNatale al Cubo\u201d e presepe dei bambini. Da venerd\u00ec 14 a domenica 16 dicembre, letture animate e attivit\u00e0 per bambini e famiglie a Palazzo Crepadona. Luned\u00ec 17, ore 9.30, inaugurazione del presepe dei bimbi in piazza Castello - Bellunopress - Dolomiti<\/title>\n<meta name=\"robots\" content=\"index, follow, max-snippet:-1, max-image-preview:large, max-video-preview:-1\" \/>\n<link rel=\"canonical\" href=\"https:\/\/www.bellunopress.it\/fr\/2012\/12\/11\/natale-al-cubo-e-presepe-dei-bambini-da-venerdi-14-a-domenica-16-dicembre-letture-animate-e-attivita-per-bambini-e-famiglie-a-palazzo-crepadona-lunedi-17-ore-9-30-inaugurazione\/\" \/>\n<meta property=\"og:locale\" content=\"fr_FR\" \/>\n<meta property=\"og:type\" content=\"article\" \/>\n<meta property=\"og:title\" content=\"\u201cNatale al Cubo\u201d e presepe dei bambini. Da venerd\u00ec 14 a domenica 16 dicembre, letture animate e attivit\u00e0 per bambini e famiglie a Palazzo Crepadona. Luned\u00ec 17, ore 9.30, inaugurazione del presepe dei bimbi in piazza Castello - Bellunopress - Dolomiti\" \/>\n<meta property=\"og:description\" content=\"Il calendario di manifestazioni natalizie messo a punto dal Comune di Belluno riserva un&#8217;attenzione speciale alle famiglie, e in particolar modo ai pi\u00f9 piccini. \u201cNatale al Cubo\u201d \u00e8 la proposta organizzata dalla Biblioteca Civica, che si svolger\u00e0 venerd\u00ec 14, sabato 15 e domenica 16 dicembre, a Palazzo Crepadona: in programma ci sono letture e laboratori [&hellip;]\" \/>\n<meta property=\"og:url\" content=\"https:\/\/www.bellunopress.it\/fr\/2012\/12\/11\/natale-al-cubo-e-presepe-dei-bambini-da-venerdi-14-a-domenica-16-dicembre-letture-animate-e-attivita-per-bambini-e-famiglie-a-palazzo-crepadona-lunedi-17-ore-9-30-inaugurazione\/\" \/>\n<meta property=\"og:site_name\" content=\"Bellunopress - Dolomiti\" \/>\n<meta property=\"article:publisher\" content=\"https:\/\/www.facebook.com\/profile.php?id=100008943462799\" \/>\n<meta property=\"article:published_time\" content=\"2012-12-11T13:16:26+00:00\" \/>\n<meta property=\"og:image\" content=\"http:\/\/www.bellunopress.it\/wp-content\/uploads\/2009\/12\/crepadona.jpg\" \/>\n<meta name=\"author\" content=\"redazione\" \/>\n<meta name=\"twitter:card\" content=\"summary_large_image\" \/>\n<meta name=\"twitter:creator\" content=\"@bellunopress\" \/>\n<meta name=\"twitter:site\" content=\"@bellunopress\" \/>\n<meta name=\"twitter:label1\" content=\"Written by\" \/>\n\t<meta name=\"twitter:data1\" content=\"redazione\" \/>\n\t<meta name=\"twitter:label2\" content=\"Est. reading time\" \/>\n\t<meta name=\"twitter:data2\" content=\"3 minutes\" \/>\n<script type=\"application\/ld+json\" class=\"yoast-schema-graph\">{\"@context\":\"https:\\\/\\\/schema.org\",\"@graph\":[{\"@type\":\"Article\",\"@id\":\"https:\\\/\\\/www.bellunopress.it\\\/2012\\\/12\\\/11\\\/natale-al-cubo-e-presepe-dei-bambini-da-venerdi-14-a-domenica-16-dicembre-letture-animate-e-attivita-per-bambini-e-famiglie-a-palazzo-crepadona-lunedi-17-ore-9-30-inaugurazione\\\/#article\",\"isPartOf\":{\"@id\":\"https:\\\/\\\/www.bellunopress.it\\\/2012\\\/12\\\/11\\\/natale-al-cubo-e-presepe-dei-bambini-da-venerdi-14-a-domenica-16-dicembre-letture-animate-e-attivita-per-bambini-e-famiglie-a-palazzo-crepadona-lunedi-17-ore-9-30-inaugurazione\\\/\"},\"author\":{\"name\":\"redazione\",\"@id\":\"https:\\\/\\\/www.bellunopress.it\\\/#\\\/schema\\\/person\\\/79bb06722b37ece1c03d3e94beb30d73\"},\"headline\":\"\u201cNatale al Cubo\u201d e presepe dei bambini. Da venerd\u00ec 14 a domenica 16 dicembre, letture animate e attivit\u00e0 per bambini e famiglie a Palazzo Crepadona. Luned\u00ec 17, ore 9.30, inaugurazione del presepe dei bimbi in piazza Castello\",\"datePublished\":\"2012-12-11T13:16:26+00:00\",\"mainEntityOfPage\":{\"@id\":\"https:\\\/\\\/www.bellunopress.it\\\/2012\\\/12\\\/11\\\/natale-al-cubo-e-presepe-dei-bambini-da-venerdi-14-a-domenica-16-dicembre-letture-animate-e-attivita-per-bambini-e-famiglie-a-palazzo-crepadona-lunedi-17-ore-9-30-inaugurazione\\\/\"},\"wordCount\":743,\"publisher\":{\"@id\":\"https:\\\/\\\/www.bellunopress.it\\\/#organization\"},\"image\":{\"@id\":\"https:\\\/\\\/www.bellunopress.it\\\/2012\\\/12\\\/11\\\/natale-al-cubo-e-presepe-dei-bambini-da-venerdi-14-a-domenica-16-dicembre-letture-animate-e-attivita-per-bambini-e-famiglie-a-palazzo-crepadona-lunedi-17-ore-9-30-inaugurazione\\\/#primaryimage\"},\"thumbnailUrl\":\"http:\\\/\\\/www.bellunopress.it\\\/wp-content\\\/uploads\\\/2009\\\/12\\\/crepadona.jpg\",\"articleSection\":[\"Arte, Cultura, Spettacoli, Scienza\",\"Cronaca\\\/Politica\",\"Pausa Caff\u00e8\"],\"inLanguage\":\"fr-FR\"},{\"@type\":\"WebPage\",\"@id\":\"https:\\\/\\\/www.bellunopress.it\\\/2012\\\/12\\\/11\\\/natale-al-cubo-e-presepe-dei-bambini-da-venerdi-14-a-domenica-16-dicembre-letture-animate-e-attivita-per-bambini-e-famiglie-a-palazzo-crepadona-lunedi-17-ore-9-30-inaugurazione\\\/\",\"url\":\"https:\\\/\\\/www.bellunopress.it\\\/2012\\\/12\\\/11\\\/natale-al-cubo-e-presepe-dei-bambini-da-venerdi-14-a-domenica-16-dicembre-letture-animate-e-attivita-per-bambini-e-famiglie-a-palazzo-crepadona-lunedi-17-ore-9-30-inaugurazione\\\/\",\"name\":\"\u201cNatale al Cubo\u201d e presepe dei bambini. Da venerd\u00ec 14 a domenica 16 dicembre, letture animate e attivit\u00e0 per bambini e famiglie a Palazzo Crepadona. Luned\u00ec 17, ore 9.30, inaugurazione del presepe dei bimbi in piazza Castello - Bellunopress - Dolomiti\",\"isPartOf\":{\"@id\":\"https:\\\/\\\/www.bellunopress.it\\\/#website\"},\"primaryImageOfPage\":{\"@id\":\"https:\\\/\\\/www.bellunopress.it\\\/2012\\\/12\\\/11\\\/natale-al-cubo-e-presepe-dei-bambini-da-venerdi-14-a-domenica-16-dicembre-letture-animate-e-attivita-per-bambini-e-famiglie-a-palazzo-crepadona-lunedi-17-ore-9-30-inaugurazione\\\/#primaryimage\"},\"image\":{\"@id\":\"https:\\\/\\\/www.bellunopress.it\\\/2012\\\/12\\\/11\\\/natale-al-cubo-e-presepe-dei-bambini-da-venerdi-14-a-domenica-16-dicembre-letture-animate-e-attivita-per-bambini-e-famiglie-a-palazzo-crepadona-lunedi-17-ore-9-30-inaugurazione\\\/#primaryimage\"},\"thumbnailUrl\":\"http:\\\/\\\/www.bellunopress.it\\\/wp-content\\\/uploads\\\/2009\\\/12\\\/crepadona.jpg\",\"datePublished\":\"2012-12-11T13:16:26+00:00\",\"breadcrumb\":{\"@id\":\"https:\\\/\\\/www.bellunopress.it\\\/2012\\\/12\\\/11\\\/natale-al-cubo-e-presepe-dei-bambini-da-venerdi-14-a-domenica-16-dicembre-letture-animate-e-attivita-per-bambini-e-famiglie-a-palazzo-crepadona-lunedi-17-ore-9-30-inaugurazione\\\/#breadcrumb\"},\"inLanguage\":\"fr-FR\",\"potentialAction\":[{\"@type\":\"ReadAction\",\"target\":[\"https:\\\/\\\/www.bellunopress.it\\\/2012\\\/12\\\/11\\\/natale-al-cubo-e-presepe-dei-bambini-da-venerdi-14-a-domenica-16-dicembre-letture-animate-e-attivita-per-bambini-e-famiglie-a-palazzo-crepadona-lunedi-17-ore-9-30-inaugurazione\\\/\"]}]},{\"@type\":\"ImageObject\",\"inLanguage\":\"fr-FR\",\"@id\":\"https:\\\/\\\/www.bellunopress.it\\\/2012\\\/12\\\/11\\\/natale-al-cubo-e-presepe-dei-bambini-da-venerdi-14-a-domenica-16-dicembre-letture-animate-e-attivita-per-bambini-e-famiglie-a-palazzo-crepadona-lunedi-17-ore-9-30-inaugurazione\\\/#primaryimage\",\"url\":\"http:\\\/\\\/www.bellunopress.it\\\/wp-content\\\/uploads\\\/2009\\\/12\\\/crepadona.jpg\",\"contentUrl\":\"http:\\\/\\\/www.bellunopress.it\\\/wp-content\\\/uploads\\\/2009\\\/12\\\/crepadona.jpg\"},{\"@type\":\"BreadcrumbList\",\"@id\":\"https:\\\/\\\/www.bellunopress.it\\\/2012\\\/12\\\/11\\\/natale-al-cubo-e-presepe-dei-bambini-da-venerdi-14-a-domenica-16-dicembre-letture-animate-e-attivita-per-bambini-e-famiglie-a-palazzo-crepadona-lunedi-17-ore-9-30-inaugurazione\\\/#breadcrumb\",\"itemListElement\":[{\"@type\":\"ListItem\",\"position\":1,\"name\":\"Home\",\"item\":\"https:\\\/\\\/www.bellunopress.it\\\/\"},{\"@type\":\"ListItem\",\"position\":2,\"name\":\"\u201cNatale al Cubo\u201d e presepe dei bambini. Da venerd\u00ec 14 a domenica 16 dicembre, letture animate e attivit\u00e0 per bambini e famiglie a Palazzo Crepadona. Luned\u00ec 17, ore 9.30, inaugurazione del presepe dei bimbi in piazza Castello\"}]},{\"@type\":\"WebSite\",\"@id\":\"https:\\\/\\\/www.bellunopress.it\\\/#website\",\"url\":\"https:\\\/\\\/www.bellunopress.it\\\/\",\"name\":\"Bellunopress - Dolomiti\",\"description\":\"e-mail: redazione@bellunopress.it\",\"publisher\":{\"@id\":\"https:\\\/\\\/www.bellunopress.it\\\/#organization\"},\"potentialAction\":[{\"@type\":\"SearchAction\",\"target\":{\"@type\":\"EntryPoint\",\"urlTemplate\":\"https:\\\/\\\/www.bellunopress.it\\\/?s={search_term_string}\"},\"query-input\":{\"@type\":\"PropertyValueSpecification\",\"valueRequired\":true,\"valueName\":\"search_term_string\"}}],\"inLanguage\":\"fr-FR\"},{\"@type\":\"Organization\",\"@id\":\"https:\\\/\\\/www.bellunopress.it\\\/#organization\",\"name\":\"Bellunopress\",\"url\":\"https:\\\/\\\/www.bellunopress.it\\\/\",\"logo\":{\"@type\":\"ImageObject\",\"inLanguage\":\"fr-FR\",\"@id\":\"https:\\\/\\\/www.bellunopress.it\\\/#\\\/schema\\\/logo\\\/image\\\/\",\"url\":\"https:\\\/\\\/www.bellunopress.it\\\/wp-content\\\/uploads\\\/2011\\\/05\\\/cropped-logo-bellunopress-.jpg\",\"contentUrl\":\"https:\\\/\\\/www.bellunopress.it\\\/wp-content\\\/uploads\\\/2011\\\/05\\\/cropped-logo-bellunopress-.jpg\",\"width\":512,\"height\":512,\"caption\":\"Bellunopress\"},\"image\":{\"@id\":\"https:\\\/\\\/www.bellunopress.it\\\/#\\\/schema\\\/logo\\\/image\\\/\"},\"sameAs\":[\"https:\\\/\\\/www.facebook.com\\\/profile.php?id=100008943462799\",\"https:\\\/\\\/x.com\\\/bellunopress\",\"https:\\\/\\\/www.linkedin.com\\\/hp\\\/?dnr=JBzUWaJfMUw8vbXJJ2tVW5-I3jZKvC4wsoxE&amp;amp;amp;amp;amp;amp;trk=nav_responsive_tab_home\",\"https:\\\/\\\/www.youtube.com\\\/channel\\\/UCxL0wu1uN0_3_7hGG0306cw\"]},{\"@type\":\"Person\",\"@id\":\"https:\\\/\\\/www.bellunopress.it\\\/#\\\/schema\\\/person\\\/79bb06722b37ece1c03d3e94beb30d73\",\"name\":\"redazione\",\"image\":{\"@type\":\"ImageObject\",\"inLanguage\":\"fr-FR\",\"@id\":\"https:\\\/\\\/secure.gravatar.com\\\/avatar\\\/37d968a2e67a6fd04c169c4bdef102d0bc5d31b2546345219e348575eb80e9a0?s=96&d=mm&r=g\",\"url\":\"https:\\\/\\\/secure.gravatar.com\\\/avatar\\\/37d968a2e67a6fd04c169c4bdef102d0bc5d31b2546345219e348575eb80e9a0?s=96&d=mm&r=g\",\"contentUrl\":\"https:\\\/\\\/secure.gravatar.com\\\/avatar\\\/37d968a2e67a6fd04c169c4bdef102d0bc5d31b2546345219e348575eb80e9a0?s=96&d=mm&r=g\",\"caption\":\"redazione\"},\"sameAs\":[\"http:\\\/\\\/www.bellunopress.it\",\"https:\\\/\\\/x.com\\\/bellunopress\"],\"url\":\"https:\\\/\\\/www.bellunopress.it\\\/fr\\\/author\\\/redazione\\\/\"}]}<\/script>\n<!-- \/ Yoast SEO plugin. -->","yoast_head_json":{"title":"\u201cNatale al Cubo\u201d e presepe dei bambini. Da venerd\u00ec 14 a domenica 16 dicembre, letture animate e attivit\u00e0 per bambini e famiglie a Palazzo Crepadona. Luned\u00ec 17, ore 9.30, inaugurazione del presepe dei bimbi in piazza Castello - Bellunopress - Dolomiti","robots":{"index":"index","follow":"follow","max-snippet":"max-snippet:-1","max-image-preview":"max-image-preview:large","max-video-preview":"max-video-preview:-1"},"canonical":"https:\/\/www.bellunopress.it\/fr\/2012\/12\/11\/natale-al-cubo-e-presepe-dei-bambini-da-venerdi-14-a-domenica-16-dicembre-letture-animate-e-attivita-per-bambini-e-famiglie-a-palazzo-crepadona-lunedi-17-ore-9-30-inaugurazione\/","og_locale":"fr_FR","og_type":"article","og_title":"\u201cNatale al Cubo\u201d e presepe dei bambini. Da venerd\u00ec 14 a domenica 16 dicembre, letture animate e attivit\u00e0 per bambini e famiglie a Palazzo Crepadona. Luned\u00ec 17, ore 9.30, inaugurazione del presepe dei bimbi in piazza Castello - Bellunopress - Dolomiti","og_description":"Il calendario di manifestazioni natalizie messo a punto dal Comune di Belluno riserva un&#8217;attenzione speciale alle famiglie, e in particolar modo ai pi\u00f9 piccini. \u201cNatale al Cubo\u201d \u00e8 la proposta organizzata dalla Biblioteca Civica, che si svolger\u00e0 venerd\u00ec 14, sabato 15 e domenica 16 dicembre, a Palazzo Crepadona: in programma ci sono letture e laboratori [&hellip;]","og_url":"https:\/\/www.bellunopress.it\/fr\/2012\/12\/11\/natale-al-cubo-e-presepe-dei-bambini-da-venerdi-14-a-domenica-16-dicembre-letture-animate-e-attivita-per-bambini-e-famiglie-a-palazzo-crepadona-lunedi-17-ore-9-30-inaugurazione\/","og_site_name":"Bellunopress - Dolomiti","article_publisher":"https:\/\/www.facebook.com\/profile.php?id=100008943462799","article_published_time":"2012-12-11T13:16:26+00:00","og_image":[{"url":"http:\/\/www.bellunopress.it\/wp-content\/uploads\/2009\/12\/crepadona.jpg","type":"","width":"","height":""}],"author":"redazione","twitter_card":"summary_large_image","twitter_creator":"@bellunopress","twitter_site":"@bellunopress","twitter_misc":{"Written by":"redazione","Est. reading time":"3 minutes"},"schema":{"@context":"https:\/\/schema.org","@graph":[{"@type":"Article","@id":"https:\/\/www.bellunopress.it\/2012\/12\/11\/natale-al-cubo-e-presepe-dei-bambini-da-venerdi-14-a-domenica-16-dicembre-letture-animate-e-attivita-per-bambini-e-famiglie-a-palazzo-crepadona-lunedi-17-ore-9-30-inaugurazione\/#article","isPartOf":{"@id":"https:\/\/www.bellunopress.it\/2012\/12\/11\/natale-al-cubo-e-presepe-dei-bambini-da-venerdi-14-a-domenica-16-dicembre-letture-animate-e-attivita-per-bambini-e-famiglie-a-palazzo-crepadona-lunedi-17-ore-9-30-inaugurazione\/"},"author":{"name":"redazione","@id":"https:\/\/www.bellunopress.it\/#\/schema\/person\/79bb06722b37ece1c03d3e94beb30d73"},"headline":"\u201cNatale al Cubo\u201d e presepe dei bambini. Da venerd\u00ec 14 a domenica 16 dicembre, letture animate e attivit\u00e0 per bambini e famiglie a Palazzo Crepadona. Luned\u00ec 17, ore 9.30, inaugurazione del presepe dei bimbi in piazza Castello","datePublished":"2012-12-11T13:16:26+00:00","mainEntityOfPage":{"@id":"https:\/\/www.bellunopress.it\/2012\/12\/11\/natale-al-cubo-e-presepe-dei-bambini-da-venerdi-14-a-domenica-16-dicembre-letture-animate-e-attivita-per-bambini-e-famiglie-a-palazzo-crepadona-lunedi-17-ore-9-30-inaugurazione\/"},"wordCount":743,"publisher":{"@id":"https:\/\/www.bellunopress.it\/#organization"},"image":{"@id":"https:\/\/www.bellunopress.it\/2012\/12\/11\/natale-al-cubo-e-presepe-dei-bambini-da-venerdi-14-a-domenica-16-dicembre-letture-animate-e-attivita-per-bambini-e-famiglie-a-palazzo-crepadona-lunedi-17-ore-9-30-inaugurazione\/#primaryimage"},"thumbnailUrl":"http:\/\/www.bellunopress.it\/wp-content\/uploads\/2009\/12\/crepadona.jpg","articleSection":["Arte, Cultura, Spettacoli, Scienza","Cronaca\/Politica","Pausa Caff\u00e8"],"inLanguage":"fr-FR"},{"@type":"WebPage","@id":"https:\/\/www.bellunopress.it\/2012\/12\/11\/natale-al-cubo-e-presepe-dei-bambini-da-venerdi-14-a-domenica-16-dicembre-letture-animate-e-attivita-per-bambini-e-famiglie-a-palazzo-crepadona-lunedi-17-ore-9-30-inaugurazione\/","url":"https:\/\/www.bellunopress.it\/2012\/12\/11\/natale-al-cubo-e-presepe-dei-bambini-da-venerdi-14-a-domenica-16-dicembre-letture-animate-e-attivita-per-bambini-e-famiglie-a-palazzo-crepadona-lunedi-17-ore-9-30-inaugurazione\/","name":"\u201cNatale al Cubo\u201d e presepe dei bambini. Da venerd\u00ec 14 a domenica 16 dicembre, letture animate e attivit\u00e0 per bambini e famiglie a Palazzo Crepadona. Luned\u00ec 17, ore 9.30, inaugurazione del presepe dei bimbi in piazza Castello - Bellunopress - Dolomiti","isPartOf":{"@id":"https:\/\/www.bellunopress.it\/#website"},"primaryImageOfPage":{"@id":"https:\/\/www.bellunopress.it\/2012\/12\/11\/natale-al-cubo-e-presepe-dei-bambini-da-venerdi-14-a-domenica-16-dicembre-letture-animate-e-attivita-per-bambini-e-famiglie-a-palazzo-crepadona-lunedi-17-ore-9-30-inaugurazione\/#primaryimage"},"image":{"@id":"https:\/\/www.bellunopress.it\/2012\/12\/11\/natale-al-cubo-e-presepe-dei-bambini-da-venerdi-14-a-domenica-16-dicembre-letture-animate-e-attivita-per-bambini-e-famiglie-a-palazzo-crepadona-lunedi-17-ore-9-30-inaugurazione\/#primaryimage"},"thumbnailUrl":"http:\/\/www.bellunopress.it\/wp-content\/uploads\/2009\/12\/crepadona.jpg","datePublished":"2012-12-11T13:16:26+00:00","breadcrumb":{"@id":"https:\/\/www.bellunopress.it\/2012\/12\/11\/natale-al-cubo-e-presepe-dei-bambini-da-venerdi-14-a-domenica-16-dicembre-letture-animate-e-attivita-per-bambini-e-famiglie-a-palazzo-crepadona-lunedi-17-ore-9-30-inaugurazione\/#breadcrumb"},"inLanguage":"fr-FR","potentialAction":[{"@type":"ReadAction","target":["https:\/\/www.bellunopress.it\/2012\/12\/11\/natale-al-cubo-e-presepe-dei-bambini-da-venerdi-14-a-domenica-16-dicembre-letture-animate-e-attivita-per-bambini-e-famiglie-a-palazzo-crepadona-lunedi-17-ore-9-30-inaugurazione\/"]}]},{"@type":"ImageObject","inLanguage":"fr-FR","@id":"https:\/\/www.bellunopress.it\/2012\/12\/11\/natale-al-cubo-e-presepe-dei-bambini-da-venerdi-14-a-domenica-16-dicembre-letture-animate-e-attivita-per-bambini-e-famiglie-a-palazzo-crepadona-lunedi-17-ore-9-30-inaugurazione\/#primaryimage","url":"http:\/\/www.bellunopress.it\/wp-content\/uploads\/2009\/12\/crepadona.jpg","contentUrl":"http:\/\/www.bellunopress.it\/wp-content\/uploads\/2009\/12\/crepadona.jpg"},{"@type":"BreadcrumbList","@id":"https:\/\/www.bellunopress.it\/2012\/12\/11\/natale-al-cubo-e-presepe-dei-bambini-da-venerdi-14-a-domenica-16-dicembre-letture-animate-e-attivita-per-bambini-e-famiglie-a-palazzo-crepadona-lunedi-17-ore-9-30-inaugurazione\/#breadcrumb","itemListElement":[{"@type":"ListItem","position":1,"name":"Home","item":"https:\/\/www.bellunopress.it\/"},{"@type":"ListItem","position":2,"name":"\u201cNatale al Cubo\u201d e presepe dei bambini. Da venerd\u00ec 14 a domenica 16 dicembre, letture animate e attivit\u00e0 per bambini e famiglie a Palazzo Crepadona. Luned\u00ec 17, ore 9.30, inaugurazione del presepe dei bimbi in piazza Castello"}]},{"@type":"WebSite","@id":"https:\/\/www.bellunopress.it\/#website","url":"https:\/\/www.bellunopress.it\/","name":"Bellunopress - Dolomiti","description":"e-mail: redazione@bellunopress.it","publisher":{"@id":"https:\/\/www.bellunopress.it\/#organization"},"potentialAction":[{"@type":"SearchAction","target":{"@type":"EntryPoint","urlTemplate":"https:\/\/www.bellunopress.it\/?s={search_term_string}"},"query-input":{"@type":"PropertyValueSpecification","valueRequired":true,"valueName":"search_term_string"}}],"inLanguage":"fr-FR"},{"@type":"Organization","@id":"https:\/\/www.bellunopress.it\/#organization","name":"Bellunopress","url":"https:\/\/www.bellunopress.it\/","logo":{"@type":"ImageObject","inLanguage":"fr-FR","@id":"https:\/\/www.bellunopress.it\/#\/schema\/logo\/image\/","url":"https:\/\/www.bellunopress.it\/wp-content\/uploads\/2011\/05\/cropped-logo-bellunopress-.jpg","contentUrl":"https:\/\/www.bellunopress.it\/wp-content\/uploads\/2011\/05\/cropped-logo-bellunopress-.jpg","width":512,"height":512,"caption":"Bellunopress"},"image":{"@id":"https:\/\/www.bellunopress.it\/#\/schema\/logo\/image\/"},"sameAs":["https:\/\/www.facebook.com\/profile.php?id=100008943462799","https:\/\/x.com\/bellunopress","https:\/\/www.linkedin.com\/hp\/?dnr=JBzUWaJfMUw8vbXJJ2tVW5-I3jZKvC4wsoxE&amp;amp;amp;amp;amp;amp;trk=nav_responsive_tab_home","https:\/\/www.youtube.com\/channel\/UCxL0wu1uN0_3_7hGG0306cw"]},{"@type":"Person","@id":"https:\/\/www.bellunopress.it\/#\/schema\/person\/79bb06722b37ece1c03d3e94beb30d73","name":"r\u00e9daction","image":{"@type":"ImageObject","inLanguage":"fr-FR","@id":"https:\/\/secure.gravatar.com\/avatar\/37d968a2e67a6fd04c169c4bdef102d0bc5d31b2546345219e348575eb80e9a0?s=96&d=mm&r=g","url":"https:\/\/secure.gravatar.com\/avatar\/37d968a2e67a6fd04c169c4bdef102d0bc5d31b2546345219e348575eb80e9a0?s=96&d=mm&r=g","contentUrl":"https:\/\/secure.gravatar.com\/avatar\/37d968a2e67a6fd04c169c4bdef102d0bc5d31b2546345219e348575eb80e9a0?s=96&d=mm&r=g","caption":"redazione"},"sameAs":["http:\/\/www.bellunopress.it","https:\/\/x.com\/bellunopress"],"url":"https:\/\/www.bellunopress.it\/fr\/author\/redazione\/"}]}},"_links":{"self":[{"href":"https:\/\/www.bellunopress.it\/fr\/wp-json\/wp\/v2\/posts\/44670","targetHints":{"allow":["GET"]}}],"collection":[{"href":"https:\/\/www.bellunopress.it\/fr\/wp-json\/wp\/v2\/posts"}],"about":[{"href":"https:\/\/www.bellunopress.it\/fr\/wp-json\/wp\/v2\/types\/post"}],"author":[{"embeddable":true,"href":"https:\/\/www.bellunopress.it\/fr\/wp-json\/wp\/v2\/users\/2"}],"replies":[{"embeddable":true,"href":"https:\/\/www.bellunopress.it\/fr\/wp-json\/wp\/v2\/comments?post=44670"}],"version-history":[{"count":1,"href":"https:\/\/www.bellunopress.it\/fr\/wp-json\/wp\/v2\/posts\/44670\/revisions"}],"predecessor-version":[{"id":44671,"href":"https:\/\/www.bellunopress.it\/fr\/wp-json\/wp\/v2\/posts\/44670\/revisions\/44671"}],"wp:attachment":[{"href":"https:\/\/www.bellunopress.it\/fr\/wp-json\/wp\/v2\/media?parent=44670"}],"wp:term":[{"taxonomy":"category","embeddable":true,"href":"https:\/\/www.bellunopress.it\/fr\/wp-json\/wp\/v2\/categories?post=44670"},{"taxonomy":"post_tag","embeddable":true,"href":"https:\/\/www.bellunopress.it\/fr\/wp-json\/wp\/v2\/tags?post=44670"}],"curies":[{"name":"wp","href":"https:\/\/api.w.org\/{rel}","templated":true}]}}