{"id":44664,"date":"2012-12-11T12:29:47","date_gmt":"2012-12-11T11:29:47","guid":{"rendered":"http:\/\/www.bellunopress.it\/?p=44664"},"modified":"2012-12-11T12:29:47","modified_gmt":"2012-12-11T11:29:47","slug":"al-pop-bar-linsolita-storia-ce-la-nativita-raccontata-in-un-patchwork","status":"publish","type":"post","link":"https:\/\/www.bellunopress.it\/fr\/2012\/12\/11\/al-pop-bar-linsolita-storia-ce-la-nativita-raccontata-in-un-patchwork\/","title":{"rendered":"Al pop bar L&#8217;Insolita Storia c&#8217;\u00e8 la Nativit\u00e0 raccontata in un patchwork"},"content":{"rendered":"<p><a href=\"http:\/\/www.bellunopress.it\/wp-content\/uploads\/2012\/12\/Insolita-Storia-2-mosaico-leggera.jpg\"><img loading=\"lazy\" decoding=\"async\" class=\"alignleft size-full wp-image-44665\" title=\"Insolita Storia 2 mosaico leggera\" src=\"http:\/\/www.bellunopress.it\/wp-content\/uploads\/2012\/12\/Insolita-Storia-2-mosaico-leggera.jpg\" alt=\"\" width=\"220\" height=\"201\" \/><\/a>La Nativit\u00e0 raccontata in un patchwork. Al pop bar L\u2019Insolita Storia (in via Zuppani a Belluno), in occasione delle prossime festivit\u00e0 natalizie, \u00e8 stata allestita una particolare mostra esterna, grazie al contributo dei tanti artisti e delle persone (non mancano nemmeno i bambini) che seguono le attivit\u00e0 culturali organizzate dalle titolari Giuliana D\u2019Alberto e Romana Serra. L\u2019opera si presenta come un grande collage (2 metri per 2), composto da un centinaio di quadretti (cartoncini), con al centro la sacra famiglia (con gli scomunicati bue e asinello), dove intorno trovano posto gli invitati all\u2019evento come pastori, re magi, angeli, stelle, alberi, laghi, animali e molto altro. Diverse le tecniche utilizzate dai partecipanti: foto, dipinto, collage\u2026, e il soggetto, che ciascuno era libero di interpretare a suo modo. L\u2019opera collettiva rimarr\u00e0 esposta in via Zuppani (angolo Piazza Piloni) fino all\u2019epifania, e al termine della mostra i quadretti saranno venduti all\u2019asta nel corso di una serata e il ricavato andr\u00e0 a beneficio di alcune associazioni locali che si spendono sul territorio. Chi lo desidera pu\u00f2 prenotare l\u2019opera prescelta in anticipo. Romana e Giuliana ringraziano tutte le persone che hanno aderito alla realizzazione del presepio collettivo: \u201cUn grazie a tutti gli artisti che hanno reso l\u2019opera un vero mosaico, variopinto e bellissimo.Desideriamo ringraziare particolarmente\u00a0 Claudio Rossi e Silvano Della Libera per il loro professionale supporto, Sergio per l\u2019installazione dell\u2019opera, Stefano per\u00a0la fornitura dei\u00a0 cartoncini, Laura e Tiziano per l\u2019impianto luci, Fai da te per gli utili consigli. Inoltre il Comune di Belluno per le belle illuminazioni che per la prima volta sono state installate anche in Via Zuppani\u201d.<\/p>","protected":false},"excerpt":{"rendered":"<p>La Nativit\u00e0 raccontata in un patchwork. Al pop bar L\u2019Insolita Storia (in via Zuppani a Belluno), in occasione delle prossime festivit\u00e0 natalizie, \u00e8 stata allestita una particolare mostra esterna, grazie al contributo dei tanti artisti e delle persone (non mancano nemmeno i bambini) che seguono le attivit\u00e0 culturali organizzate dalle titolari Giuliana D\u2019Alberto e Romana [&hellip;]<\/p>\n","protected":false},"author":2,"featured_media":0,"comment_status":"closed","ping_status":"open","sticky":false,"template":"","format":"standard","meta":{"footnotes":""},"categories":[27,3,25],"tags":[],"class_list":["post-44664","post","type-post","status-publish","format-standard","category-appuntamenti","category-arte-cultura-spettacoli-scienza-archivi","category-pausa-caffe"],"yoast_head":"<!-- This site is optimized with the Yoast SEO plugin v28.4 - https:\/\/yoast.com\/product\/yoast-seo-wordpress\/ -->\n<title>Al pop bar L&#039;Insolita Storia c&#039;\u00e8 la Nativit\u00e0 raccontata in un patchwork - Bellunopress - Dolomiti<\/title>\n<meta name=\"robots\" content=\"index, follow, max-snippet:-1, max-image-preview:large, max-video-preview:-1\" \/>\n<link rel=\"canonical\" href=\"https:\/\/www.bellunopress.it\/fr\/2012\/12\/11\/al-pop-bar-linsolita-storia-ce-la-nativita-raccontata-in-un-patchwork\/\" \/>\n<meta property=\"og:locale\" content=\"fr_FR\" \/>\n<meta property=\"og:type\" content=\"article\" \/>\n<meta property=\"og:title\" content=\"Al pop bar L&#039;Insolita Storia c&#039;\u00e8 la Nativit\u00e0 raccontata in un patchwork - Bellunopress - Dolomiti\" \/>\n<meta property=\"og:description\" content=\"La Nativit\u00e0 raccontata in un patchwork. Al pop bar L\u2019Insolita Storia (in via Zuppani a Belluno), in occasione delle prossime festivit\u00e0 natalizie, \u00e8 stata allestita una particolare mostra esterna, grazie al contributo dei tanti artisti e delle persone (non mancano nemmeno i bambini) che seguono le attivit\u00e0 culturali organizzate dalle titolari Giuliana D\u2019Alberto e Romana [&hellip;]\" \/>\n<meta property=\"og:url\" content=\"https:\/\/www.bellunopress.it\/fr\/2012\/12\/11\/al-pop-bar-linsolita-storia-ce-la-nativita-raccontata-in-un-patchwork\/\" \/>\n<meta property=\"og:site_name\" content=\"Bellunopress - Dolomiti\" \/>\n<meta property=\"article:publisher\" content=\"https:\/\/www.facebook.com\/profile.php?id=100008943462799\" \/>\n<meta property=\"article:published_time\" content=\"2012-12-11T11:29:47+00:00\" \/>\n<meta property=\"og:image\" content=\"http:\/\/www.bellunopress.it\/wp-content\/uploads\/2012\/12\/Insolita-Storia-2-mosaico-leggera.jpg\" \/>\n<meta name=\"author\" content=\"redazione\" \/>\n<meta name=\"twitter:card\" content=\"summary_large_image\" \/>\n<meta name=\"twitter:creator\" content=\"@bellunopress\" \/>\n<meta name=\"twitter:site\" content=\"@bellunopress\" \/>\n<meta name=\"twitter:label1\" content=\"Written by\" \/>\n\t<meta name=\"twitter:data1\" content=\"redazione\" \/>\n\t<meta name=\"twitter:label2\" content=\"Est. reading time\" \/>\n\t<meta name=\"twitter:data2\" content=\"1 minute\" \/>\n<script type=\"application\/ld+json\" class=\"yoast-schema-graph\">{\"@context\":\"https:\\\/\\\/schema.org\",\"@graph\":[{\"@type\":\"Article\",\"@id\":\"https:\\\/\\\/www.bellunopress.it\\\/2012\\\/12\\\/11\\\/al-pop-bar-linsolita-storia-ce-la-nativita-raccontata-in-un-patchwork\\\/#article\",\"isPartOf\":{\"@id\":\"https:\\\/\\\/www.bellunopress.it\\\/2012\\\/12\\\/11\\\/al-pop-bar-linsolita-storia-ce-la-nativita-raccontata-in-un-patchwork\\\/\"},\"author\":{\"name\":\"redazione\",\"@id\":\"https:\\\/\\\/www.bellunopress.it\\\/#\\\/schema\\\/person\\\/79bb06722b37ece1c03d3e94beb30d73\"},\"headline\":\"Al pop bar L&#8217;Insolita Storia c&#8217;\u00e8 la Nativit\u00e0 raccontata in un patchwork\",\"datePublished\":\"2012-12-11T11:29:47+00:00\",\"mainEntityOfPage\":{\"@id\":\"https:\\\/\\\/www.bellunopress.it\\\/2012\\\/12\\\/11\\\/al-pop-bar-linsolita-storia-ce-la-nativita-raccontata-in-un-patchwork\\\/\"},\"wordCount\":288,\"publisher\":{\"@id\":\"https:\\\/\\\/www.bellunopress.it\\\/#organization\"},\"image\":{\"@id\":\"https:\\\/\\\/www.bellunopress.it\\\/2012\\\/12\\\/11\\\/al-pop-bar-linsolita-storia-ce-la-nativita-raccontata-in-un-patchwork\\\/#primaryimage\"},\"thumbnailUrl\":\"http:\\\/\\\/www.bellunopress.it\\\/wp-content\\\/uploads\\\/2012\\\/12\\\/Insolita-Storia-2-mosaico-leggera.jpg\",\"articleSection\":[\"Appuntamenti, Eventi\",\"Arte, Cultura, Spettacoli, Scienza\",\"Pausa Caff\u00e8\"],\"inLanguage\":\"fr-FR\"},{\"@type\":\"WebPage\",\"@id\":\"https:\\\/\\\/www.bellunopress.it\\\/2012\\\/12\\\/11\\\/al-pop-bar-linsolita-storia-ce-la-nativita-raccontata-in-un-patchwork\\\/\",\"url\":\"https:\\\/\\\/www.bellunopress.it\\\/2012\\\/12\\\/11\\\/al-pop-bar-linsolita-storia-ce-la-nativita-raccontata-in-un-patchwork\\\/\",\"name\":\"Al pop bar L'Insolita Storia c'\u00e8 la Nativit\u00e0 raccontata in un patchwork - Bellunopress - Dolomiti\",\"isPartOf\":{\"@id\":\"https:\\\/\\\/www.bellunopress.it\\\/#website\"},\"primaryImageOfPage\":{\"@id\":\"https:\\\/\\\/www.bellunopress.it\\\/2012\\\/12\\\/11\\\/al-pop-bar-linsolita-storia-ce-la-nativita-raccontata-in-un-patchwork\\\/#primaryimage\"},\"image\":{\"@id\":\"https:\\\/\\\/www.bellunopress.it\\\/2012\\\/12\\\/11\\\/al-pop-bar-linsolita-storia-ce-la-nativita-raccontata-in-un-patchwork\\\/#primaryimage\"},\"thumbnailUrl\":\"http:\\\/\\\/www.bellunopress.it\\\/wp-content\\\/uploads\\\/2012\\\/12\\\/Insolita-Storia-2-mosaico-leggera.jpg\",\"datePublished\":\"2012-12-11T11:29:47+00:00\",\"breadcrumb\":{\"@id\":\"https:\\\/\\\/www.bellunopress.it\\\/2012\\\/12\\\/11\\\/al-pop-bar-linsolita-storia-ce-la-nativita-raccontata-in-un-patchwork\\\/#breadcrumb\"},\"inLanguage\":\"fr-FR\",\"potentialAction\":[{\"@type\":\"ReadAction\",\"target\":[\"https:\\\/\\\/www.bellunopress.it\\\/2012\\\/12\\\/11\\\/al-pop-bar-linsolita-storia-ce-la-nativita-raccontata-in-un-patchwork\\\/\"]}]},{\"@type\":\"ImageObject\",\"inLanguage\":\"fr-FR\",\"@id\":\"https:\\\/\\\/www.bellunopress.it\\\/2012\\\/12\\\/11\\\/al-pop-bar-linsolita-storia-ce-la-nativita-raccontata-in-un-patchwork\\\/#primaryimage\",\"url\":\"http:\\\/\\\/www.bellunopress.it\\\/wp-content\\\/uploads\\\/2012\\\/12\\\/Insolita-Storia-2-mosaico-leggera.jpg\",\"contentUrl\":\"http:\\\/\\\/www.bellunopress.it\\\/wp-content\\\/uploads\\\/2012\\\/12\\\/Insolita-Storia-2-mosaico-leggera.jpg\"},{\"@type\":\"BreadcrumbList\",\"@id\":\"https:\\\/\\\/www.bellunopress.it\\\/2012\\\/12\\\/11\\\/al-pop-bar-linsolita-storia-ce-la-nativita-raccontata-in-un-patchwork\\\/#breadcrumb\",\"itemListElement\":[{\"@type\":\"ListItem\",\"position\":1,\"name\":\"Home\",\"item\":\"https:\\\/\\\/www.bellunopress.it\\\/\"},{\"@type\":\"ListItem\",\"position\":2,\"name\":\"Al pop bar L&#8217;Insolita Storia c&#8217;\u00e8 la Nativit\u00e0 raccontata in un patchwork\"}]},{\"@type\":\"WebSite\",\"@id\":\"https:\\\/\\\/www.bellunopress.it\\\/#website\",\"url\":\"https:\\\/\\\/www.bellunopress.it\\\/\",\"name\":\"Bellunopress - Dolomiti\",\"description\":\"e-mail: redazione@bellunopress.it\",\"publisher\":{\"@id\":\"https:\\\/\\\/www.bellunopress.it\\\/#organization\"},\"potentialAction\":[{\"@type\":\"SearchAction\",\"target\":{\"@type\":\"EntryPoint\",\"urlTemplate\":\"https:\\\/\\\/www.bellunopress.it\\\/?s={search_term_string}\"},\"query-input\":{\"@type\":\"PropertyValueSpecification\",\"valueRequired\":true,\"valueName\":\"search_term_string\"}}],\"inLanguage\":\"fr-FR\"},{\"@type\":\"Organization\",\"@id\":\"https:\\\/\\\/www.bellunopress.it\\\/#organization\",\"name\":\"Bellunopress\",\"url\":\"https:\\\/\\\/www.bellunopress.it\\\/\",\"logo\":{\"@type\":\"ImageObject\",\"inLanguage\":\"fr-FR\",\"@id\":\"https:\\\/\\\/www.bellunopress.it\\\/#\\\/schema\\\/logo\\\/image\\\/\",\"url\":\"https:\\\/\\\/www.bellunopress.it\\\/wp-content\\\/uploads\\\/2011\\\/05\\\/cropped-logo-bellunopress-.jpg\",\"contentUrl\":\"https:\\\/\\\/www.bellunopress.it\\\/wp-content\\\/uploads\\\/2011\\\/05\\\/cropped-logo-bellunopress-.jpg\",\"width\":512,\"height\":512,\"caption\":\"Bellunopress\"},\"image\":{\"@id\":\"https:\\\/\\\/www.bellunopress.it\\\/#\\\/schema\\\/logo\\\/image\\\/\"},\"sameAs\":[\"https:\\\/\\\/www.facebook.com\\\/profile.php?id=100008943462799\",\"https:\\\/\\\/x.com\\\/bellunopress\",\"https:\\\/\\\/www.linkedin.com\\\/hp\\\/?dnr=JBzUWaJfMUw8vbXJJ2tVW5-I3jZKvC4wsoxE&amp;amp;amp;amp;amp;amp;trk=nav_responsive_tab_home\",\"https:\\\/\\\/www.youtube.com\\\/channel\\\/UCxL0wu1uN0_3_7hGG0306cw\"]},{\"@type\":\"Person\",\"@id\":\"https:\\\/\\\/www.bellunopress.it\\\/#\\\/schema\\\/person\\\/79bb06722b37ece1c03d3e94beb30d73\",\"name\":\"redazione\",\"image\":{\"@type\":\"ImageObject\",\"inLanguage\":\"fr-FR\",\"@id\":\"https:\\\/\\\/secure.gravatar.com\\\/avatar\\\/37d968a2e67a6fd04c169c4bdef102d0bc5d31b2546345219e348575eb80e9a0?s=96&d=mm&r=g\",\"url\":\"https:\\\/\\\/secure.gravatar.com\\\/avatar\\\/37d968a2e67a6fd04c169c4bdef102d0bc5d31b2546345219e348575eb80e9a0?s=96&d=mm&r=g\",\"contentUrl\":\"https:\\\/\\\/secure.gravatar.com\\\/avatar\\\/37d968a2e67a6fd04c169c4bdef102d0bc5d31b2546345219e348575eb80e9a0?s=96&d=mm&r=g\",\"caption\":\"redazione\"},\"sameAs\":[\"http:\\\/\\\/www.bellunopress.it\",\"https:\\\/\\\/x.com\\\/bellunopress\"],\"url\":\"https:\\\/\\\/www.bellunopress.it\\\/fr\\\/author\\\/redazione\\\/\"}]}<\/script>\n<!-- \/ Yoast SEO plugin. -->","yoast_head_json":{"title":"Al pop bar L'Insolita Storia c'\u00e8 la Nativit\u00e0 raccontata in un patchwork - Bellunopress - Dolomiti","robots":{"index":"index","follow":"follow","max-snippet":"max-snippet:-1","max-image-preview":"max-image-preview:large","max-video-preview":"max-video-preview:-1"},"canonical":"https:\/\/www.bellunopress.it\/fr\/2012\/12\/11\/al-pop-bar-linsolita-storia-ce-la-nativita-raccontata-in-un-patchwork\/","og_locale":"fr_FR","og_type":"article","og_title":"Al pop bar L'Insolita Storia c'\u00e8 la Nativit\u00e0 raccontata in un patchwork - Bellunopress - Dolomiti","og_description":"La Nativit\u00e0 raccontata in un patchwork. Al pop bar L\u2019Insolita Storia (in via Zuppani a Belluno), in occasione delle prossime festivit\u00e0 natalizie, \u00e8 stata allestita una particolare mostra esterna, grazie al contributo dei tanti artisti e delle persone (non mancano nemmeno i bambini) che seguono le attivit\u00e0 culturali organizzate dalle titolari Giuliana D\u2019Alberto e Romana [&hellip;]","og_url":"https:\/\/www.bellunopress.it\/fr\/2012\/12\/11\/al-pop-bar-linsolita-storia-ce-la-nativita-raccontata-in-un-patchwork\/","og_site_name":"Bellunopress - Dolomiti","article_publisher":"https:\/\/www.facebook.com\/profile.php?id=100008943462799","article_published_time":"2012-12-11T11:29:47+00:00","og_image":[{"url":"http:\/\/www.bellunopress.it\/wp-content\/uploads\/2012\/12\/Insolita-Storia-2-mosaico-leggera.jpg","type":"","width":"","height":""}],"author":"redazione","twitter_card":"summary_large_image","twitter_creator":"@bellunopress","twitter_site":"@bellunopress","twitter_misc":{"Written by":"redazione","Est. reading time":"1 minute"},"schema":{"@context":"https:\/\/schema.org","@graph":[{"@type":"Article","@id":"https:\/\/www.bellunopress.it\/2012\/12\/11\/al-pop-bar-linsolita-storia-ce-la-nativita-raccontata-in-un-patchwork\/#article","isPartOf":{"@id":"https:\/\/www.bellunopress.it\/2012\/12\/11\/al-pop-bar-linsolita-storia-ce-la-nativita-raccontata-in-un-patchwork\/"},"author":{"name":"redazione","@id":"https:\/\/www.bellunopress.it\/#\/schema\/person\/79bb06722b37ece1c03d3e94beb30d73"},"headline":"Al pop bar L&#8217;Insolita Storia c&#8217;\u00e8 la Nativit\u00e0 raccontata in un patchwork","datePublished":"2012-12-11T11:29:47+00:00","mainEntityOfPage":{"@id":"https:\/\/www.bellunopress.it\/2012\/12\/11\/al-pop-bar-linsolita-storia-ce-la-nativita-raccontata-in-un-patchwork\/"},"wordCount":288,"publisher":{"@id":"https:\/\/www.bellunopress.it\/#organization"},"image":{"@id":"https:\/\/www.bellunopress.it\/2012\/12\/11\/al-pop-bar-linsolita-storia-ce-la-nativita-raccontata-in-un-patchwork\/#primaryimage"},"thumbnailUrl":"http:\/\/www.bellunopress.it\/wp-content\/uploads\/2012\/12\/Insolita-Storia-2-mosaico-leggera.jpg","articleSection":["Appuntamenti, Eventi","Arte, Cultura, Spettacoli, Scienza","Pausa Caff\u00e8"],"inLanguage":"fr-FR"},{"@type":"WebPage","@id":"https:\/\/www.bellunopress.it\/2012\/12\/11\/al-pop-bar-linsolita-storia-ce-la-nativita-raccontata-in-un-patchwork\/","url":"https:\/\/www.bellunopress.it\/2012\/12\/11\/al-pop-bar-linsolita-storia-ce-la-nativita-raccontata-in-un-patchwork\/","name":"Al pop bar L'Insolita Storia c'\u00e8 la Nativit\u00e0 raccontata in un patchwork - Bellunopress - Dolomiti","isPartOf":{"@id":"https:\/\/www.bellunopress.it\/#website"},"primaryImageOfPage":{"@id":"https:\/\/www.bellunopress.it\/2012\/12\/11\/al-pop-bar-linsolita-storia-ce-la-nativita-raccontata-in-un-patchwork\/#primaryimage"},"image":{"@id":"https:\/\/www.bellunopress.it\/2012\/12\/11\/al-pop-bar-linsolita-storia-ce-la-nativita-raccontata-in-un-patchwork\/#primaryimage"},"thumbnailUrl":"http:\/\/www.bellunopress.it\/wp-content\/uploads\/2012\/12\/Insolita-Storia-2-mosaico-leggera.jpg","datePublished":"2012-12-11T11:29:47+00:00","breadcrumb":{"@id":"https:\/\/www.bellunopress.it\/2012\/12\/11\/al-pop-bar-linsolita-storia-ce-la-nativita-raccontata-in-un-patchwork\/#breadcrumb"},"inLanguage":"fr-FR","potentialAction":[{"@type":"ReadAction","target":["https:\/\/www.bellunopress.it\/2012\/12\/11\/al-pop-bar-linsolita-storia-ce-la-nativita-raccontata-in-un-patchwork\/"]}]},{"@type":"ImageObject","inLanguage":"fr-FR","@id":"https:\/\/www.bellunopress.it\/2012\/12\/11\/al-pop-bar-linsolita-storia-ce-la-nativita-raccontata-in-un-patchwork\/#primaryimage","url":"http:\/\/www.bellunopress.it\/wp-content\/uploads\/2012\/12\/Insolita-Storia-2-mosaico-leggera.jpg","contentUrl":"http:\/\/www.bellunopress.it\/wp-content\/uploads\/2012\/12\/Insolita-Storia-2-mosaico-leggera.jpg"},{"@type":"BreadcrumbList","@id":"https:\/\/www.bellunopress.it\/2012\/12\/11\/al-pop-bar-linsolita-storia-ce-la-nativita-raccontata-in-un-patchwork\/#breadcrumb","itemListElement":[{"@type":"ListItem","position":1,"name":"Home","item":"https:\/\/www.bellunopress.it\/"},{"@type":"ListItem","position":2,"name":"Al pop bar L&#8217;Insolita Storia c&#8217;\u00e8 la Nativit\u00e0 raccontata in un patchwork"}]},{"@type":"WebSite","@id":"https:\/\/www.bellunopress.it\/#website","url":"https:\/\/www.bellunopress.it\/","name":"Bellunopress - Dolomiti","description":"e-mail: redazione@bellunopress.it","publisher":{"@id":"https:\/\/www.bellunopress.it\/#organization"},"potentialAction":[{"@type":"SearchAction","target":{"@type":"EntryPoint","urlTemplate":"https:\/\/www.bellunopress.it\/?s={search_term_string}"},"query-input":{"@type":"PropertyValueSpecification","valueRequired":true,"valueName":"search_term_string"}}],"inLanguage":"fr-FR"},{"@type":"Organization","@id":"https:\/\/www.bellunopress.it\/#organization","name":"Bellunopress","url":"https:\/\/www.bellunopress.it\/","logo":{"@type":"ImageObject","inLanguage":"fr-FR","@id":"https:\/\/www.bellunopress.it\/#\/schema\/logo\/image\/","url":"https:\/\/www.bellunopress.it\/wp-content\/uploads\/2011\/05\/cropped-logo-bellunopress-.jpg","contentUrl":"https:\/\/www.bellunopress.it\/wp-content\/uploads\/2011\/05\/cropped-logo-bellunopress-.jpg","width":512,"height":512,"caption":"Bellunopress"},"image":{"@id":"https:\/\/www.bellunopress.it\/#\/schema\/logo\/image\/"},"sameAs":["https:\/\/www.facebook.com\/profile.php?id=100008943462799","https:\/\/x.com\/bellunopress","https:\/\/www.linkedin.com\/hp\/?dnr=JBzUWaJfMUw8vbXJJ2tVW5-I3jZKvC4wsoxE&amp;amp;amp;amp;amp;amp;trk=nav_responsive_tab_home","https:\/\/www.youtube.com\/channel\/UCxL0wu1uN0_3_7hGG0306cw"]},{"@type":"Person","@id":"https:\/\/www.bellunopress.it\/#\/schema\/person\/79bb06722b37ece1c03d3e94beb30d73","name":"r\u00e9daction","image":{"@type":"ImageObject","inLanguage":"fr-FR","@id":"https:\/\/secure.gravatar.com\/avatar\/37d968a2e67a6fd04c169c4bdef102d0bc5d31b2546345219e348575eb80e9a0?s=96&d=mm&r=g","url":"https:\/\/secure.gravatar.com\/avatar\/37d968a2e67a6fd04c169c4bdef102d0bc5d31b2546345219e348575eb80e9a0?s=96&d=mm&r=g","contentUrl":"https:\/\/secure.gravatar.com\/avatar\/37d968a2e67a6fd04c169c4bdef102d0bc5d31b2546345219e348575eb80e9a0?s=96&d=mm&r=g","caption":"redazione"},"sameAs":["http:\/\/www.bellunopress.it","https:\/\/x.com\/bellunopress"],"url":"https:\/\/www.bellunopress.it\/fr\/author\/redazione\/"}]}},"_links":{"self":[{"href":"https:\/\/www.bellunopress.it\/fr\/wp-json\/wp\/v2\/posts\/44664","targetHints":{"allow":["GET"]}}],"collection":[{"href":"https:\/\/www.bellunopress.it\/fr\/wp-json\/wp\/v2\/posts"}],"about":[{"href":"https:\/\/www.bellunopress.it\/fr\/wp-json\/wp\/v2\/types\/post"}],"author":[{"embeddable":true,"href":"https:\/\/www.bellunopress.it\/fr\/wp-json\/wp\/v2\/users\/2"}],"replies":[{"embeddable":true,"href":"https:\/\/www.bellunopress.it\/fr\/wp-json\/wp\/v2\/comments?post=44664"}],"version-history":[{"count":1,"href":"https:\/\/www.bellunopress.it\/fr\/wp-json\/wp\/v2\/posts\/44664\/revisions"}],"predecessor-version":[{"id":44666,"href":"https:\/\/www.bellunopress.it\/fr\/wp-json\/wp\/v2\/posts\/44664\/revisions\/44666"}],"wp:attachment":[{"href":"https:\/\/www.bellunopress.it\/fr\/wp-json\/wp\/v2\/media?parent=44664"}],"wp:term":[{"taxonomy":"category","embeddable":true,"href":"https:\/\/www.bellunopress.it\/fr\/wp-json\/wp\/v2\/categories?post=44664"},{"taxonomy":"post_tag","embeddable":true,"href":"https:\/\/www.bellunopress.it\/fr\/wp-json\/wp\/v2\/tags?post=44664"}],"curies":[{"name":"wp","href":"https:\/\/api.w.org\/{rel}","templated":true}]}}