{"id":44656,"date":"2012-12-10T21:16:25","date_gmt":"2012-12-10T20:16:25","guid":{"rendered":"http:\/\/www.bellunopress.it\/?p=44656"},"modified":"2012-12-10T21:16:25","modified_gmt":"2012-12-10T20:16:25","slug":"belluno-pronta-allinvasione-di-migliaia-di-babbi-natale","status":"publish","type":"post","link":"https:\/\/www.bellunopress.it\/fr\/2012\/12\/10\/belluno-pronta-allinvasione-di-migliaia-di-babbi-natale\/","title":{"rendered":"Belluno pronta all\u2019invasione di migliaia di Babbi Natale"},"content":{"rendered":"<p>Tutto pronto a Belluno per l\u2019invasione dei Babbi Natale della Santa Klaus Running, la mezza\u00a0maratona in programma domenica 16 dicembre. Oggi la sala giunta di Palazzo Rosso, sede del Comune di Belluno, ha ospitato la presentazione ufficiale alla stampa dell\u2019evento che conta gi\u00e0 oltre mille iscritti, ad una settimana dalla manifestazione.<\/p>\n<p><a href=\"http:\/\/www.bellunopress.it\/wp-content\/uploads\/2012\/12\/santa-klaus-Giacomini-Luongo-Tabacchi-Giop-Tormen-Piol-Slongo-e-Trevisson.jpg\"><img loading=\"lazy\" decoding=\"async\" class=\"alignright size-full wp-image-44657\" title=\"santa klaus  Giacomini, Luongo, Tabacchi, Giop, Tormen, Piol; Slongo e Trevisson\" src=\"http:\/\/www.bellunopress.it\/wp-content\/uploads\/2012\/12\/santa-klaus-Giacomini-Luongo-Tabacchi-Giop-Tormen-Piol-Slongo-e-Trevisson.jpg\" alt=\"\" width=\"350\" height=\"181\" \/><\/a>Attorno al tavolo l\u2019assessore al Turismo del Comune, Valerio Tabacchi, il comandante provinciale dei vigili del fuoco Mauro Luongo con il funzionario Franco Magrin,\u00a0il presidente del Coni Belluno Luciano Trevisson, il presidente della Consulta Ascom Andrea Da Pont e del Consorzio negozi del Centro storico di Belluno Massimo Simionato.<\/p>\n<p>La presentazione \u00e8 stata curata dalla societ\u00e0 organizzatrice, Dolomiti Psg con il presidente Stefano Giop e i due vice Gianpietro Slongo (gi\u00e0 organizzatore del Giro delle Mura di Feltre) e Ivan Piol (organizzatore della Sportful Dolomiti Race di Feltre).<\/p>\n<p><a href=\"http:\/\/www.bellunopress.it\/wp-content\/uploads\/2010\/12\/santa-klaus-running-150x138.jpg\"><img loading=\"lazy\" decoding=\"async\" class=\"alignleft size-full wp-image-22033\" title=\"santa-klaus-running-150x138\" src=\"http:\/\/www.bellunopress.it\/wp-content\/uploads\/2010\/12\/santa-klaus-running-150x138.jpg\" alt=\"\" width=\"138\" height=\"150\" \/><\/a>La Santa Klaus Running di Belluno rappresenta l\u2019ultima mezza maratona dell\u2019anno, questo fa ben sperare di abbattere la soglia delle duemila presenze. \u201cStiamo superando il trend degli ultimi tre anni, il percorso anche se \u00e8 cittadino \u00e8 tecnicamente molto valido e vario da un punto di vista paesaggistico\u201d ha detto Giop. Mentre Piol ha annunciato il gemellaggio con la storica Maratona di Roma che ha inserito la \u201cmezza\u201d di Belluno tra le prove \u201camiche\u201d e quello con il Nordic Walking in Tour (presenti le referenti Luciana Tormen e Antonella Giacomini) che chiuder\u00e0 il tour con la 19ma tappa dedicata ai Babbi Natale. Piol ha sottolineato l\u2019importanza dell\u2019indotto economico portato dalla manifestazione in citt\u00e0 grazie ai duemila partecipanti pi\u00f9 i famigliari.<\/p>\n<p>Un indotto tutto extra bellunese visto che a oggi gli iscritti della provincia di Belluno sono solo un quinto sul totale. Per gli amanti della camminata veloce con i bastoncini \u00e8 previsto un percorso di 8 km lungo le rive dell\u2019Ardo e attraverso il Parco di Mussoi.<\/p>\n<p><a href=\"http:\/\/www.bellunopress.it\/wp-content\/uploads\/2010\/12\/santa-klaus-running-300x160.jpg\"><img loading=\"lazy\" decoding=\"async\" class=\"alignright size-full wp-image-22032\" title=\"santa-klaus-running-300x160\" src=\"http:\/\/www.bellunopress.it\/wp-content\/uploads\/2010\/12\/santa-klaus-running-300x160.jpg\" alt=\"\" width=\"300\" height=\"160\" \/><\/a>Un evento \u00e8 tale anche per la sinergia tra le diverse realt\u00e0 che operano in citt\u00e0, ha sottolineato Slongo. Ed in effetti quest\u2019anno l\u2019organizzazione pu\u00f2 contare sull\u2019appoggio ufficiale di uomini e mezzi del Comando provinciale dei vigili del fuoco: \u201cA noi fa piacere aiutare chi mette passione per lo sport e aiutare l\u2019organizzazione sar\u00e0 per noi una palestra per mettere alla prova l\u2019organizzazione interna\u201d ha spiegato il comandante Luongo. Il Gruppo Sportivo De Vecchi dei vigili del fuoco curer\u00e0 anche il servizio di pacemaker per dare il ritmo ai partecipanti della Half Marathon che vorranno fare un tempo di 1h45\u2019. Il gruppo di pompieri-podisti si distinguer\u00e0 grazie ai palloncini rossi Sinergia anche con Protezione civile e Coni: \u201cIl Coni provinciale c\u2019\u00e8 e la protezione civile garantir\u00e0 la sicurezza dei partecipanti lungo il percorso\u201d ha chiarito Trevisson.<\/p>\n<figure id=\"attachment_16639\" aria-describedby=\"caption-attachment-16639\" style=\"width: 116px\" class=\"wp-caption alignright\"><a href=\"http:\/\/www.bellunopress.it\/wp-content\/uploads\/2010\/06\/andrea-dal-pont-140x116.jpg\"><img loading=\"lazy\" decoding=\"async\" class=\"size-full wp-image-16639\" title=\"andrea-dal-pont-140x116\" src=\"http:\/\/www.bellunopress.it\/wp-content\/uploads\/2010\/06\/andrea-dal-pont-140x116.jpg\" alt=\"\" width=\"116\" height=\"140\" \/><\/a><figcaption id=\"caption-attachment-16639\" class=\"wp-caption-text\">Andrea Dal Pont<\/figcaption><\/figure>\n<p>Infine quest\u2019anno per la prima volta l\u2019organizzazione pu\u00f2 contare su una reale collaborazione degli esercenti e degli albergatori: oltre una ventina di strutture hanno proposto offerte speciali a chi si fermer\u00e0 a Belluno e una decina i ristoranti\/pizzerie che faranno uno sconto del 10% a chi si fermer\u00e0 a pranzare in citt\u00e0. \u201cPer noi \u00e8 importante far conoscere la citt\u00e0 ed eventi come questi ci aiutano in questo\u201d ha detto Dal Pont, gli ha fatto eco Simionato: \u201cI soci hanno accettato subito la richiesta di fare uno sconto ai partecipanti, ringrazio gli organizzatori che rendono Belluno una citt\u00e0 viva portando non solo gli sportivi ma anche le famiglie in centro\u201d.<\/p>\n<figure id=\"attachment_41667\" aria-describedby=\"caption-attachment-41667\" style=\"width: 122px\" class=\"wp-caption alignleft\"><a href=\"http:\/\/www.bellunopress.it\/wp-content\/uploads\/2012\/09\/valerio-tabacchi-150.jpg\"><img loading=\"lazy\" decoding=\"async\" class=\"size-full wp-image-41667\" title=\"valerio tabacchi 150\" src=\"http:\/\/www.bellunopress.it\/wp-content\/uploads\/2012\/09\/valerio-tabacchi-150.jpg\" alt=\"\" width=\"122\" height=\"150\" \/><\/a><figcaption id=\"caption-attachment-41667\" class=\"wp-caption-text\">Valerio Tabacchi<\/figcaption><\/figure>\n<p>Infine la parola al padrone di casa, l\u2019assessore Tabacchi che ha gi\u00e0 garantito l\u2019impegno del Comune per il futuro: \u201cI grandi eventi sono la carta vincente per la promozione del territorio e del turismo. Il Comune ci crede e appogger\u00e0 questo evento anche in futuro, speriamo che ci sia un maggior coinvolgimento anche dei privati\u201d.<\/p>\n<p>Le iscrizioni continueranno online e via fax fino a venerd\u00ec 14 dicembre alle ore 20 dopodich\u00e9 saranno chiuse e riaperte sabato dalle 12 direttamente in Piazza Martiri a Belluno e domenica dalle 8 alle 9.30 sempre in Piazza Martiri.<\/p>\n<p>CURIOSITA\u2019 ISCRITTI 2012 (fino a oggi)<\/p>\n<p>Oltre mille gli iscritti totali a una settimana dall\u2019evento. Di questi: 650 iscritti alla Half Marathon; 280 alla 12 km; 150 alla 6 km. Una novantina al Nordic Walking ma se ne attendono almeno il doppio.<\/p>\n<p>Le donne sono oltre 350.<\/p>\n<p>Stranieri: Austria (3), Spagna (Siviglia), Russia (21 da Mosca), Usa (3), Turchia (1).<\/p>\n<p>Italia: Belluno (194), Verona (3), Vicenza (28), Venezia (62), Udine (16), Treviso (194), Trento<\/p>\n<p>(28), Reggio Emilia, Siena, Savona, Pavia, Pordenone (50), Padova (24), Novara, Milano, Mantova, Bolzano (11), Cuneo, Como, Bologna, Brescia, Asti, Alessandria, Bari, Avellino.<\/p>\n<p>Tutte le informazioni nel sito www.santaklausrunning.it e nella pagina ufficiale Facebook<\/p>","protected":false},"excerpt":{"rendered":"<p>Tutto pronto a Belluno per l\u2019invasione dei Babbi Natale della Santa Klaus Running, la mezza\u00a0maratona in programma domenica 16 dicembre. Oggi la sala giunta di Palazzo Rosso, sede del Comune di Belluno, ha ospitato la presentazione ufficiale alla stampa dell\u2019evento che conta gi\u00e0 oltre mille iscritti, ad una settimana dalla manifestazione. Attorno al tavolo l\u2019assessore [&hellip;]<\/p>\n","protected":false},"author":2,"featured_media":0,"comment_status":"closed","ping_status":"open","sticky":false,"template":"","format":"standard","meta":{"footnotes":""},"categories":[26,4],"tags":[],"class_list":["post-44656","post","type-post","status-publish","format-standard","category-prima-pagina","category-sport"],"yoast_head":"<!-- This site is optimized with the Yoast SEO plugin v28.4 - https:\/\/yoast.com\/product\/yoast-seo-wordpress\/ -->\n<title>Belluno pronta all\u2019invasione di migliaia di Babbi Natale - Bellunopress - Dolomiti<\/title>\n<meta name=\"robots\" content=\"index, follow, max-snippet:-1, max-image-preview:large, max-video-preview:-1\" \/>\n<link rel=\"canonical\" href=\"https:\/\/www.bellunopress.it\/fr\/2012\/12\/10\/belluno-pronta-allinvasione-di-migliaia-di-babbi-natale\/\" \/>\n<meta property=\"og:locale\" content=\"fr_FR\" \/>\n<meta property=\"og:type\" content=\"article\" \/>\n<meta property=\"og:title\" content=\"Belluno pronta all\u2019invasione di migliaia di Babbi Natale - Bellunopress - Dolomiti\" \/>\n<meta property=\"og:description\" content=\"Tutto pronto a Belluno per l\u2019invasione dei Babbi Natale della Santa Klaus Running, la mezza\u00a0maratona in programma domenica 16 dicembre. Oggi la sala giunta di Palazzo Rosso, sede del Comune di Belluno, ha ospitato la presentazione ufficiale alla stampa dell\u2019evento che conta gi\u00e0 oltre mille iscritti, ad una settimana dalla manifestazione. Attorno al tavolo l\u2019assessore [&hellip;]\" \/>\n<meta property=\"og:url\" content=\"https:\/\/www.bellunopress.it\/fr\/2012\/12\/10\/belluno-pronta-allinvasione-di-migliaia-di-babbi-natale\/\" \/>\n<meta property=\"og:site_name\" content=\"Bellunopress - Dolomiti\" \/>\n<meta property=\"article:publisher\" content=\"https:\/\/www.facebook.com\/profile.php?id=100008943462799\" \/>\n<meta property=\"article:published_time\" content=\"2012-12-10T20:16:25+00:00\" \/>\n<meta property=\"og:image\" content=\"http:\/\/www.bellunopress.it\/wp-content\/uploads\/2012\/12\/santa-klaus-Giacomini-Luongo-Tabacchi-Giop-Tormen-Piol-Slongo-e-Trevisson.jpg\" \/>\n<meta name=\"author\" content=\"redazione\" \/>\n<meta name=\"twitter:card\" content=\"summary_large_image\" \/>\n<meta name=\"twitter:creator\" content=\"@bellunopress\" \/>\n<meta name=\"twitter:site\" content=\"@bellunopress\" \/>\n<meta name=\"twitter:label1\" content=\"\u00c9crit par\" \/>\n\t<meta name=\"twitter:data1\" content=\"redazione\" \/>\n\t<meta name=\"twitter:label2\" content=\"Dur\u00e9e de lecture estim\u00e9e\" \/>\n\t<meta name=\"twitter:data2\" content=\"4 minutes\" \/>\n<script type=\"application\/ld+json\" class=\"yoast-schema-graph\">{\"@context\":\"https:\\\/\\\/schema.org\",\"@graph\":[{\"@type\":\"Article\",\"@id\":\"https:\\\/\\\/www.bellunopress.it\\\/2012\\\/12\\\/10\\\/belluno-pronta-allinvasione-di-migliaia-di-babbi-natale\\\/#article\",\"isPartOf\":{\"@id\":\"https:\\\/\\\/www.bellunopress.it\\\/2012\\\/12\\\/10\\\/belluno-pronta-allinvasione-di-migliaia-di-babbi-natale\\\/\"},\"author\":{\"name\":\"redazione\",\"@id\":\"https:\\\/\\\/www.bellunopress.it\\\/#\\\/schema\\\/person\\\/79bb06722b37ece1c03d3e94beb30d73\"},\"headline\":\"Belluno pronta all\u2019invasione di migliaia di Babbi Natale\",\"datePublished\":\"2012-12-10T20:16:25+00:00\",\"mainEntityOfPage\":{\"@id\":\"https:\\\/\\\/www.bellunopress.it\\\/2012\\\/12\\\/10\\\/belluno-pronta-allinvasione-di-migliaia-di-babbi-natale\\\/\"},\"wordCount\":770,\"publisher\":{\"@id\":\"https:\\\/\\\/www.bellunopress.it\\\/#organization\"},\"image\":{\"@id\":\"https:\\\/\\\/www.bellunopress.it\\\/2012\\\/12\\\/10\\\/belluno-pronta-allinvasione-di-migliaia-di-babbi-natale\\\/#primaryimage\"},\"thumbnailUrl\":\"http:\\\/\\\/www.bellunopress.it\\\/wp-content\\\/uploads\\\/2012\\\/12\\\/santa-klaus-Giacomini-Luongo-Tabacchi-Giop-Tormen-Piol-Slongo-e-Trevisson.jpg\",\"articleSection\":[\"Prima Pagina\",\"Sport, tempo libero\"],\"inLanguage\":\"fr-FR\"},{\"@type\":\"WebPage\",\"@id\":\"https:\\\/\\\/www.bellunopress.it\\\/2012\\\/12\\\/10\\\/belluno-pronta-allinvasione-di-migliaia-di-babbi-natale\\\/\",\"url\":\"https:\\\/\\\/www.bellunopress.it\\\/2012\\\/12\\\/10\\\/belluno-pronta-allinvasione-di-migliaia-di-babbi-natale\\\/\",\"name\":\"Belluno pronta all\u2019invasione di migliaia di Babbi Natale - Bellunopress - Dolomiti\",\"isPartOf\":{\"@id\":\"https:\\\/\\\/www.bellunopress.it\\\/#website\"},\"primaryImageOfPage\":{\"@id\":\"https:\\\/\\\/www.bellunopress.it\\\/2012\\\/12\\\/10\\\/belluno-pronta-allinvasione-di-migliaia-di-babbi-natale\\\/#primaryimage\"},\"image\":{\"@id\":\"https:\\\/\\\/www.bellunopress.it\\\/2012\\\/12\\\/10\\\/belluno-pronta-allinvasione-di-migliaia-di-babbi-natale\\\/#primaryimage\"},\"thumbnailUrl\":\"http:\\\/\\\/www.bellunopress.it\\\/wp-content\\\/uploads\\\/2012\\\/12\\\/santa-klaus-Giacomini-Luongo-Tabacchi-Giop-Tormen-Piol-Slongo-e-Trevisson.jpg\",\"datePublished\":\"2012-12-10T20:16:25+00:00\",\"breadcrumb\":{\"@id\":\"https:\\\/\\\/www.bellunopress.it\\\/2012\\\/12\\\/10\\\/belluno-pronta-allinvasione-di-migliaia-di-babbi-natale\\\/#breadcrumb\"},\"inLanguage\":\"fr-FR\",\"potentialAction\":[{\"@type\":\"ReadAction\",\"target\":[\"https:\\\/\\\/www.bellunopress.it\\\/2012\\\/12\\\/10\\\/belluno-pronta-allinvasione-di-migliaia-di-babbi-natale\\\/\"]}]},{\"@type\":\"ImageObject\",\"inLanguage\":\"fr-FR\",\"@id\":\"https:\\\/\\\/www.bellunopress.it\\\/2012\\\/12\\\/10\\\/belluno-pronta-allinvasione-di-migliaia-di-babbi-natale\\\/#primaryimage\",\"url\":\"http:\\\/\\\/www.bellunopress.it\\\/wp-content\\\/uploads\\\/2012\\\/12\\\/santa-klaus-Giacomini-Luongo-Tabacchi-Giop-Tormen-Piol-Slongo-e-Trevisson.jpg\",\"contentUrl\":\"http:\\\/\\\/www.bellunopress.it\\\/wp-content\\\/uploads\\\/2012\\\/12\\\/santa-klaus-Giacomini-Luongo-Tabacchi-Giop-Tormen-Piol-Slongo-e-Trevisson.jpg\"},{\"@type\":\"BreadcrumbList\",\"@id\":\"https:\\\/\\\/www.bellunopress.it\\\/2012\\\/12\\\/10\\\/belluno-pronta-allinvasione-di-migliaia-di-babbi-natale\\\/#breadcrumb\",\"itemListElement\":[{\"@type\":\"ListItem\",\"position\":1,\"name\":\"Home\",\"item\":\"https:\\\/\\\/www.bellunopress.it\\\/\"},{\"@type\":\"ListItem\",\"position\":2,\"name\":\"Belluno pronta all\u2019invasione di migliaia di Babbi Natale\"}]},{\"@type\":\"WebSite\",\"@id\":\"https:\\\/\\\/www.bellunopress.it\\\/#website\",\"url\":\"https:\\\/\\\/www.bellunopress.it\\\/\",\"name\":\"Bellunopress - Dolomiti\",\"description\":\"e-mail: redazione@bellunopress.it\",\"publisher\":{\"@id\":\"https:\\\/\\\/www.bellunopress.it\\\/#organization\"},\"potentialAction\":[{\"@type\":\"SearchAction\",\"target\":{\"@type\":\"EntryPoint\",\"urlTemplate\":\"https:\\\/\\\/www.bellunopress.it\\\/?s={search_term_string}\"},\"query-input\":{\"@type\":\"PropertyValueSpecification\",\"valueRequired\":true,\"valueName\":\"search_term_string\"}}],\"inLanguage\":\"fr-FR\"},{\"@type\":\"Organization\",\"@id\":\"https:\\\/\\\/www.bellunopress.it\\\/#organization\",\"name\":\"Bellunopress\",\"url\":\"https:\\\/\\\/www.bellunopress.it\\\/\",\"logo\":{\"@type\":\"ImageObject\",\"inLanguage\":\"fr-FR\",\"@id\":\"https:\\\/\\\/www.bellunopress.it\\\/#\\\/schema\\\/logo\\\/image\\\/\",\"url\":\"https:\\\/\\\/www.bellunopress.it\\\/wp-content\\\/uploads\\\/2011\\\/05\\\/cropped-logo-bellunopress-.jpg\",\"contentUrl\":\"https:\\\/\\\/www.bellunopress.it\\\/wp-content\\\/uploads\\\/2011\\\/05\\\/cropped-logo-bellunopress-.jpg\",\"width\":512,\"height\":512,\"caption\":\"Bellunopress\"},\"image\":{\"@id\":\"https:\\\/\\\/www.bellunopress.it\\\/#\\\/schema\\\/logo\\\/image\\\/\"},\"sameAs\":[\"https:\\\/\\\/www.facebook.com\\\/profile.php?id=100008943462799\",\"https:\\\/\\\/x.com\\\/bellunopress\",\"https:\\\/\\\/www.linkedin.com\\\/hp\\\/?dnr=JBzUWaJfMUw8vbXJJ2tVW5-I3jZKvC4wsoxE&amp;amp;amp;amp;amp;amp;trk=nav_responsive_tab_home\",\"https:\\\/\\\/www.youtube.com\\\/channel\\\/UCxL0wu1uN0_3_7hGG0306cw\"]},{\"@type\":\"Person\",\"@id\":\"https:\\\/\\\/www.bellunopress.it\\\/#\\\/schema\\\/person\\\/79bb06722b37ece1c03d3e94beb30d73\",\"name\":\"redazione\",\"image\":{\"@type\":\"ImageObject\",\"inLanguage\":\"fr-FR\",\"@id\":\"https:\\\/\\\/secure.gravatar.com\\\/avatar\\\/37d968a2e67a6fd04c169c4bdef102d0bc5d31b2546345219e348575eb80e9a0?s=96&d=mm&r=g\",\"url\":\"https:\\\/\\\/secure.gravatar.com\\\/avatar\\\/37d968a2e67a6fd04c169c4bdef102d0bc5d31b2546345219e348575eb80e9a0?s=96&d=mm&r=g\",\"contentUrl\":\"https:\\\/\\\/secure.gravatar.com\\\/avatar\\\/37d968a2e67a6fd04c169c4bdef102d0bc5d31b2546345219e348575eb80e9a0?s=96&d=mm&r=g\",\"caption\":\"redazione\"},\"sameAs\":[\"http:\\\/\\\/www.bellunopress.it\",\"https:\\\/\\\/x.com\\\/bellunopress\"],\"url\":\"https:\\\/\\\/www.bellunopress.it\\\/fr\\\/author\\\/redazione\\\/\"}]}<\/script>\n<!-- \/ Yoast SEO plugin. -->","yoast_head_json":{"title":"Belluno pronta all\u2019invasione di migliaia di Babbi Natale - Bellunopress - Dolomiti","robots":{"index":"index","follow":"follow","max-snippet":"max-snippet:-1","max-image-preview":"max-image-preview:large","max-video-preview":"max-video-preview:-1"},"canonical":"https:\/\/www.bellunopress.it\/fr\/2012\/12\/10\/belluno-pronta-allinvasione-di-migliaia-di-babbi-natale\/","og_locale":"fr_FR","og_type":"article","og_title":"Belluno pronta all\u2019invasione di migliaia di Babbi Natale - Bellunopress - Dolomiti","og_description":"Tutto pronto a Belluno per l\u2019invasione dei Babbi Natale della Santa Klaus Running, la mezza\u00a0maratona in programma domenica 16 dicembre. Oggi la sala giunta di Palazzo Rosso, sede del Comune di Belluno, ha ospitato la presentazione ufficiale alla stampa dell\u2019evento che conta gi\u00e0 oltre mille iscritti, ad una settimana dalla manifestazione. Attorno al tavolo l\u2019assessore [&hellip;]","og_url":"https:\/\/www.bellunopress.it\/fr\/2012\/12\/10\/belluno-pronta-allinvasione-di-migliaia-di-babbi-natale\/","og_site_name":"Bellunopress - Dolomiti","article_publisher":"https:\/\/www.facebook.com\/profile.php?id=100008943462799","article_published_time":"2012-12-10T20:16:25+00:00","og_image":[{"url":"http:\/\/www.bellunopress.it\/wp-content\/uploads\/2012\/12\/santa-klaus-Giacomini-Luongo-Tabacchi-Giop-Tormen-Piol-Slongo-e-Trevisson.jpg","type":"","width":"","height":""}],"author":"redazione","twitter_card":"summary_large_image","twitter_creator":"@bellunopress","twitter_site":"@bellunopress","twitter_misc":{"\u00c9crit par":"redazione","Dur\u00e9e de lecture estim\u00e9e":"4 minutes"},"schema":{"@context":"https:\/\/schema.org","@graph":[{"@type":"Article","@id":"https:\/\/www.bellunopress.it\/2012\/12\/10\/belluno-pronta-allinvasione-di-migliaia-di-babbi-natale\/#article","isPartOf":{"@id":"https:\/\/www.bellunopress.it\/2012\/12\/10\/belluno-pronta-allinvasione-di-migliaia-di-babbi-natale\/"},"author":{"name":"redazione","@id":"https:\/\/www.bellunopress.it\/#\/schema\/person\/79bb06722b37ece1c03d3e94beb30d73"},"headline":"Belluno pronta all\u2019invasione di migliaia di Babbi Natale","datePublished":"2012-12-10T20:16:25+00:00","mainEntityOfPage":{"@id":"https:\/\/www.bellunopress.it\/2012\/12\/10\/belluno-pronta-allinvasione-di-migliaia-di-babbi-natale\/"},"wordCount":770,"publisher":{"@id":"https:\/\/www.bellunopress.it\/#organization"},"image":{"@id":"https:\/\/www.bellunopress.it\/2012\/12\/10\/belluno-pronta-allinvasione-di-migliaia-di-babbi-natale\/#primaryimage"},"thumbnailUrl":"http:\/\/www.bellunopress.it\/wp-content\/uploads\/2012\/12\/santa-klaus-Giacomini-Luongo-Tabacchi-Giop-Tormen-Piol-Slongo-e-Trevisson.jpg","articleSection":["Prima Pagina","Sport, tempo libero"],"inLanguage":"fr-FR"},{"@type":"WebPage","@id":"https:\/\/www.bellunopress.it\/2012\/12\/10\/belluno-pronta-allinvasione-di-migliaia-di-babbi-natale\/","url":"https:\/\/www.bellunopress.it\/2012\/12\/10\/belluno-pronta-allinvasione-di-migliaia-di-babbi-natale\/","name":"Belluno pronta all\u2019invasione di migliaia di Babbi Natale - Bellunopress - Dolomiti","isPartOf":{"@id":"https:\/\/www.bellunopress.it\/#website"},"primaryImageOfPage":{"@id":"https:\/\/www.bellunopress.it\/2012\/12\/10\/belluno-pronta-allinvasione-di-migliaia-di-babbi-natale\/#primaryimage"},"image":{"@id":"https:\/\/www.bellunopress.it\/2012\/12\/10\/belluno-pronta-allinvasione-di-migliaia-di-babbi-natale\/#primaryimage"},"thumbnailUrl":"http:\/\/www.bellunopress.it\/wp-content\/uploads\/2012\/12\/santa-klaus-Giacomini-Luongo-Tabacchi-Giop-Tormen-Piol-Slongo-e-Trevisson.jpg","datePublished":"2012-12-10T20:16:25+00:00","breadcrumb":{"@id":"https:\/\/www.bellunopress.it\/2012\/12\/10\/belluno-pronta-allinvasione-di-migliaia-di-babbi-natale\/#breadcrumb"},"inLanguage":"fr-FR","potentialAction":[{"@type":"ReadAction","target":["https:\/\/www.bellunopress.it\/2012\/12\/10\/belluno-pronta-allinvasione-di-migliaia-di-babbi-natale\/"]}]},{"@type":"ImageObject","inLanguage":"fr-FR","@id":"https:\/\/www.bellunopress.it\/2012\/12\/10\/belluno-pronta-allinvasione-di-migliaia-di-babbi-natale\/#primaryimage","url":"http:\/\/www.bellunopress.it\/wp-content\/uploads\/2012\/12\/santa-klaus-Giacomini-Luongo-Tabacchi-Giop-Tormen-Piol-Slongo-e-Trevisson.jpg","contentUrl":"http:\/\/www.bellunopress.it\/wp-content\/uploads\/2012\/12\/santa-klaus-Giacomini-Luongo-Tabacchi-Giop-Tormen-Piol-Slongo-e-Trevisson.jpg"},{"@type":"BreadcrumbList","@id":"https:\/\/www.bellunopress.it\/2012\/12\/10\/belluno-pronta-allinvasione-di-migliaia-di-babbi-natale\/#breadcrumb","itemListElement":[{"@type":"ListItem","position":1,"name":"Home","item":"https:\/\/www.bellunopress.it\/"},{"@type":"ListItem","position":2,"name":"Belluno pronta all\u2019invasione di migliaia di Babbi Natale"}]},{"@type":"WebSite","@id":"https:\/\/www.bellunopress.it\/#website","url":"https:\/\/www.bellunopress.it\/","name":"Bellunopress - Dolomiti","description":"e-mail: redazione@bellunopress.it","publisher":{"@id":"https:\/\/www.bellunopress.it\/#organization"},"potentialAction":[{"@type":"SearchAction","target":{"@type":"EntryPoint","urlTemplate":"https:\/\/www.bellunopress.it\/?s={search_term_string}"},"query-input":{"@type":"PropertyValueSpecification","valueRequired":true,"valueName":"search_term_string"}}],"inLanguage":"fr-FR"},{"@type":"Organization","@id":"https:\/\/www.bellunopress.it\/#organization","name":"Bellunopress","url":"https:\/\/www.bellunopress.it\/","logo":{"@type":"ImageObject","inLanguage":"fr-FR","@id":"https:\/\/www.bellunopress.it\/#\/schema\/logo\/image\/","url":"https:\/\/www.bellunopress.it\/wp-content\/uploads\/2011\/05\/cropped-logo-bellunopress-.jpg","contentUrl":"https:\/\/www.bellunopress.it\/wp-content\/uploads\/2011\/05\/cropped-logo-bellunopress-.jpg","width":512,"height":512,"caption":"Bellunopress"},"image":{"@id":"https:\/\/www.bellunopress.it\/#\/schema\/logo\/image\/"},"sameAs":["https:\/\/www.facebook.com\/profile.php?id=100008943462799","https:\/\/x.com\/bellunopress","https:\/\/www.linkedin.com\/hp\/?dnr=JBzUWaJfMUw8vbXJJ2tVW5-I3jZKvC4wsoxE&amp;amp;amp;amp;amp;amp;trk=nav_responsive_tab_home","https:\/\/www.youtube.com\/channel\/UCxL0wu1uN0_3_7hGG0306cw"]},{"@type":"Person","@id":"https:\/\/www.bellunopress.it\/#\/schema\/person\/79bb06722b37ece1c03d3e94beb30d73","name":"r\u00e9daction","image":{"@type":"ImageObject","inLanguage":"fr-FR","@id":"https:\/\/secure.gravatar.com\/avatar\/37d968a2e67a6fd04c169c4bdef102d0bc5d31b2546345219e348575eb80e9a0?s=96&d=mm&r=g","url":"https:\/\/secure.gravatar.com\/avatar\/37d968a2e67a6fd04c169c4bdef102d0bc5d31b2546345219e348575eb80e9a0?s=96&d=mm&r=g","contentUrl":"https:\/\/secure.gravatar.com\/avatar\/37d968a2e67a6fd04c169c4bdef102d0bc5d31b2546345219e348575eb80e9a0?s=96&d=mm&r=g","caption":"redazione"},"sameAs":["http:\/\/www.bellunopress.it","https:\/\/x.com\/bellunopress"],"url":"https:\/\/www.bellunopress.it\/fr\/author\/redazione\/"}]}},"_links":{"self":[{"href":"https:\/\/www.bellunopress.it\/fr\/wp-json\/wp\/v2\/posts\/44656","targetHints":{"allow":["GET"]}}],"collection":[{"href":"https:\/\/www.bellunopress.it\/fr\/wp-json\/wp\/v2\/posts"}],"about":[{"href":"https:\/\/www.bellunopress.it\/fr\/wp-json\/wp\/v2\/types\/post"}],"author":[{"embeddable":true,"href":"https:\/\/www.bellunopress.it\/fr\/wp-json\/wp\/v2\/users\/2"}],"replies":[{"embeddable":true,"href":"https:\/\/www.bellunopress.it\/fr\/wp-json\/wp\/v2\/comments?post=44656"}],"version-history":[{"count":1,"href":"https:\/\/www.bellunopress.it\/fr\/wp-json\/wp\/v2\/posts\/44656\/revisions"}],"predecessor-version":[{"id":44658,"href":"https:\/\/www.bellunopress.it\/fr\/wp-json\/wp\/v2\/posts\/44656\/revisions\/44658"}],"wp:attachment":[{"href":"https:\/\/www.bellunopress.it\/fr\/wp-json\/wp\/v2\/media?parent=44656"}],"wp:term":[{"taxonomy":"category","embeddable":true,"href":"https:\/\/www.bellunopress.it\/fr\/wp-json\/wp\/v2\/categories?post=44656"},{"taxonomy":"post_tag","embeddable":true,"href":"https:\/\/www.bellunopress.it\/fr\/wp-json\/wp\/v2\/tags?post=44656"}],"curies":[{"name":"wp","href":"https:\/\/api.w.org\/{rel}","templated":true}]}}