{"id":44638,"date":"2012-12-10T09:17:42","date_gmt":"2012-12-10T08:17:42","guid":{"rendered":"http:\/\/www.bellunopress.it\/?p=44638"},"modified":"2012-12-10T09:17:42","modified_gmt":"2012-12-10T08:17:42","slug":"armenia-e-monte-ararat-martedi-sera-in-sala-dal-pont-bianchi-di-belluno-lesploratore-bellunese-tito-de-luca-e-il-fumettista-paolo-cossi-presentano-le-loro-ultime-opere","status":"publish","type":"post","link":"https:\/\/www.bellunopress.it\/fr\/2012\/12\/10\/armenia-e-monte-ararat-martedi-sera-in-sala-dal-pont-bianchi-di-belluno-lesploratore-bellunese-tito-de-luca-e-il-fumettista-paolo-cossi-presentano-le-loro-ultime-opere\/","title":{"rendered":"Armenia e monte Ararat. Marted\u00ec sera in Sala Dal Pont &#8211; Bianchi di belluno l\u2019esploratore bellunese Tito De Luca e il fumettista Paolo Cossi presentano le loro ultime opere"},"content":{"rendered":"<p><a href=\"http:\/\/www.bellunopress.it\/wp-content\/uploads\/2010\/03\/ivana-del-pizzol.jpg\"><img loading=\"lazy\" decoding=\"async\" class=\"alignleft size-full wp-image-13917\" title=\"ivana-del-pizzol\" src=\"http:\/\/www.bellunopress.it\/wp-content\/uploads\/2010\/03\/ivana-del-pizzol.jpg\" alt=\"\" width=\"215\" height=\"270\" \/><\/a>Donne Impresa e UAPI (Unione Artigiani e Piccola Industria) di Belluno marted\u00ec 11 dicembre alle ore 20.30 presso la sala \u201cEliseo Bianchi-Dal Pont\u201d organizzano la serata \u201cArmenia e monte Ararat\u201d, che gode del patrocinio del Comune di Belluno.<\/p>\n<p>Interverranno: il noto esploratore bellunese Tito De Luca, che presenter\u00e0 \u2013 per la prima volta in Citt\u00e0 &#8211; il suo libro \u201cIl soave suono del duduk\u201d (edizione Nuovi Sentieri) e il fumettista Paolo Cossi proporr\u00e0 la sua ultima fatica \u201cArarat la montagna del mistero\u201d (edizioni Hazard). Presenter\u00e0 la serata Pierluigi Svaluto Moreolo.<\/p>\n<p>\u201cL\u2019iniziativa \u2013 spiega la presidente di Donne Impresa Belluno, Ivana Del Pizzol (nella foto) \u2013 sar\u00e0 anche l\u2019occasione per il completamento del progetto Amiche di Panik, attivato nel 2004 per sostenere lo sviluppo di imprenditoria femminile nel villaggio di Panik, in Armenia, e che ha gi\u00e0 visto l\u2019apertura del Belluno center e l\u2019insediamento di alcune attivit\u00e0 artigianali\u201d.<\/p>\n<p>Una serata in cui Donne Impresa e UAPI intendono unire storia ed economia di due terre lontane, ma avvicinate dalla solidariet\u00e0. \u201cContribuire all\u2019approfondimento della storia dell\u2019Armenia e delle martoriate vicissitudini che hanno toccato il suo popolo \u2013 precisa la presidente Del Pizzol \u2013 \u00e8 l\u2019obiettivo della serata. Per questo riusciamo a offrire il contributo degli importanti lavori di ricerca e documentazione come quelli che saranno proposti al pubblico bellunese dall\u2019esploratore Tito De Luca e dall\u2019affermato fumettista Paolo Cossi\u201d.<\/p>","protected":false},"excerpt":{"rendered":"<p>Donne Impresa e UAPI (Unione Artigiani e Piccola Industria) di Belluno marted\u00ec 11 dicembre alle ore 20.30 presso la sala \u201cEliseo Bianchi-Dal Pont\u201d organizzano la serata \u201cArmenia e monte Ararat\u201d, che gode del patrocinio del Comune di Belluno. Interverranno: il noto esploratore bellunese Tito De Luca, che presenter\u00e0 \u2013 per la prima volta in Citt\u00e0 [&hellip;]<\/p>\n","protected":false},"author":2,"featured_media":0,"comment_status":"closed","ping_status":"open","sticky":false,"template":"","format":"standard","meta":{"footnotes":""},"categories":[27,26,8],"tags":[],"class_list":["post-44638","post","type-post","status-publish","format-standard","category-appuntamenti","category-prima-pagina","category-societa-istituzioni"],"yoast_head":"<!-- This site is optimized with the Yoast SEO plugin v28.4 - https:\/\/yoast.com\/product\/yoast-seo-wordpress\/ -->\n<title>Armenia e monte Ararat. Marted\u00ec sera in Sala Dal Pont - Bianchi di belluno l\u2019esploratore bellunese Tito De Luca e il fumettista Paolo Cossi presentano le loro ultime opere - Bellunopress - Dolomiti<\/title>\n<meta name=\"robots\" content=\"index, follow, max-snippet:-1, max-image-preview:large, max-video-preview:-1\" \/>\n<link rel=\"canonical\" href=\"https:\/\/www.bellunopress.it\/fr\/2012\/12\/10\/armenia-e-monte-ararat-martedi-sera-in-sala-dal-pont-bianchi-di-belluno-lesploratore-bellunese-tito-de-luca-e-il-fumettista-paolo-cossi-presentano-le-loro-ultime-opere\/\" \/>\n<meta property=\"og:locale\" content=\"fr_FR\" \/>\n<meta property=\"og:type\" content=\"article\" \/>\n<meta property=\"og:title\" content=\"Armenia e monte Ararat. Marted\u00ec sera in Sala Dal Pont - Bianchi di belluno l\u2019esploratore bellunese Tito De Luca e il fumettista Paolo Cossi presentano le loro ultime opere - Bellunopress - Dolomiti\" \/>\n<meta property=\"og:description\" content=\"Donne Impresa e UAPI (Unione Artigiani e Piccola Industria) di Belluno marted\u00ec 11 dicembre alle ore 20.30 presso la sala \u201cEliseo Bianchi-Dal Pont\u201d organizzano la serata \u201cArmenia e monte Ararat\u201d, che gode del patrocinio del Comune di Belluno. Interverranno: il noto esploratore bellunese Tito De Luca, che presenter\u00e0 \u2013 per la prima volta in Citt\u00e0 [&hellip;]\" \/>\n<meta property=\"og:url\" content=\"https:\/\/www.bellunopress.it\/fr\/2012\/12\/10\/armenia-e-monte-ararat-martedi-sera-in-sala-dal-pont-bianchi-di-belluno-lesploratore-bellunese-tito-de-luca-e-il-fumettista-paolo-cossi-presentano-le-loro-ultime-opere\/\" \/>\n<meta property=\"og:site_name\" content=\"Bellunopress - Dolomiti\" \/>\n<meta property=\"article:publisher\" content=\"https:\/\/www.facebook.com\/profile.php?id=100008943462799\" \/>\n<meta property=\"article:published_time\" content=\"2012-12-10T08:17:42+00:00\" \/>\n<meta property=\"og:image\" content=\"http:\/\/www.bellunopress.it\/wp-content\/uploads\/2010\/03\/ivana-del-pizzol.jpg\" \/>\n<meta name=\"author\" content=\"redazione\" \/>\n<meta name=\"twitter:card\" content=\"summary_large_image\" \/>\n<meta name=\"twitter:creator\" content=\"@bellunopress\" \/>\n<meta name=\"twitter:site\" content=\"@bellunopress\" \/>\n<meta name=\"twitter:label1\" content=\"\u00c9crit par\" \/>\n\t<meta name=\"twitter:data1\" content=\"redazione\" \/>\n\t<meta name=\"twitter:label2\" content=\"Dur\u00e9e de lecture estim\u00e9e\" \/>\n\t<meta name=\"twitter:data2\" content=\"1 minute\" \/>\n<script type=\"application\/ld+json\" class=\"yoast-schema-graph\">{\"@context\":\"https:\\\/\\\/schema.org\",\"@graph\":[{\"@type\":\"Article\",\"@id\":\"https:\\\/\\\/www.bellunopress.it\\\/2012\\\/12\\\/10\\\/armenia-e-monte-ararat-martedi-sera-in-sala-dal-pont-bianchi-di-belluno-lesploratore-bellunese-tito-de-luca-e-il-fumettista-paolo-cossi-presentano-le-loro-ultime-opere\\\/#article\",\"isPartOf\":{\"@id\":\"https:\\\/\\\/www.bellunopress.it\\\/2012\\\/12\\\/10\\\/armenia-e-monte-ararat-martedi-sera-in-sala-dal-pont-bianchi-di-belluno-lesploratore-bellunese-tito-de-luca-e-il-fumettista-paolo-cossi-presentano-le-loro-ultime-opere\\\/\"},\"author\":{\"name\":\"redazione\",\"@id\":\"https:\\\/\\\/www.bellunopress.it\\\/#\\\/schema\\\/person\\\/79bb06722b37ece1c03d3e94beb30d73\"},\"headline\":\"Armenia e monte Ararat. Marted\u00ec sera in Sala Dal Pont &#8211; Bianchi di belluno l\u2019esploratore bellunese Tito De Luca e il fumettista Paolo Cossi presentano le loro ultime opere\",\"datePublished\":\"2012-12-10T08:17:42+00:00\",\"mainEntityOfPage\":{\"@id\":\"https:\\\/\\\/www.bellunopress.it\\\/2012\\\/12\\\/10\\\/armenia-e-monte-ararat-martedi-sera-in-sala-dal-pont-bianchi-di-belluno-lesploratore-bellunese-tito-de-luca-e-il-fumettista-paolo-cossi-presentano-le-loro-ultime-opere\\\/\"},\"wordCount\":255,\"publisher\":{\"@id\":\"https:\\\/\\\/www.bellunopress.it\\\/#organization\"},\"image\":{\"@id\":\"https:\\\/\\\/www.bellunopress.it\\\/2012\\\/12\\\/10\\\/armenia-e-monte-ararat-martedi-sera-in-sala-dal-pont-bianchi-di-belluno-lesploratore-bellunese-tito-de-luca-e-il-fumettista-paolo-cossi-presentano-le-loro-ultime-opere\\\/#primaryimage\"},\"thumbnailUrl\":\"http:\\\/\\\/www.bellunopress.it\\\/wp-content\\\/uploads\\\/2010\\\/03\\\/ivana-del-pizzol.jpg\",\"articleSection\":[\"Appuntamenti, Eventi\",\"Prima Pagina\",\"Societ\u00e0, Associazioni, Istituzioni\"],\"inLanguage\":\"fr-FR\"},{\"@type\":\"WebPage\",\"@id\":\"https:\\\/\\\/www.bellunopress.it\\\/2012\\\/12\\\/10\\\/armenia-e-monte-ararat-martedi-sera-in-sala-dal-pont-bianchi-di-belluno-lesploratore-bellunese-tito-de-luca-e-il-fumettista-paolo-cossi-presentano-le-loro-ultime-opere\\\/\",\"url\":\"https:\\\/\\\/www.bellunopress.it\\\/2012\\\/12\\\/10\\\/armenia-e-monte-ararat-martedi-sera-in-sala-dal-pont-bianchi-di-belluno-lesploratore-bellunese-tito-de-luca-e-il-fumettista-paolo-cossi-presentano-le-loro-ultime-opere\\\/\",\"name\":\"Armenia e monte Ararat. Marted\u00ec sera in Sala Dal Pont - Bianchi di belluno l\u2019esploratore bellunese Tito De Luca e il fumettista Paolo Cossi presentano le loro ultime opere - Bellunopress - Dolomiti\",\"isPartOf\":{\"@id\":\"https:\\\/\\\/www.bellunopress.it\\\/#website\"},\"primaryImageOfPage\":{\"@id\":\"https:\\\/\\\/www.bellunopress.it\\\/2012\\\/12\\\/10\\\/armenia-e-monte-ararat-martedi-sera-in-sala-dal-pont-bianchi-di-belluno-lesploratore-bellunese-tito-de-luca-e-il-fumettista-paolo-cossi-presentano-le-loro-ultime-opere\\\/#primaryimage\"},\"image\":{\"@id\":\"https:\\\/\\\/www.bellunopress.it\\\/2012\\\/12\\\/10\\\/armenia-e-monte-ararat-martedi-sera-in-sala-dal-pont-bianchi-di-belluno-lesploratore-bellunese-tito-de-luca-e-il-fumettista-paolo-cossi-presentano-le-loro-ultime-opere\\\/#primaryimage\"},\"thumbnailUrl\":\"http:\\\/\\\/www.bellunopress.it\\\/wp-content\\\/uploads\\\/2010\\\/03\\\/ivana-del-pizzol.jpg\",\"datePublished\":\"2012-12-10T08:17:42+00:00\",\"breadcrumb\":{\"@id\":\"https:\\\/\\\/www.bellunopress.it\\\/2012\\\/12\\\/10\\\/armenia-e-monte-ararat-martedi-sera-in-sala-dal-pont-bianchi-di-belluno-lesploratore-bellunese-tito-de-luca-e-il-fumettista-paolo-cossi-presentano-le-loro-ultime-opere\\\/#breadcrumb\"},\"inLanguage\":\"fr-FR\",\"potentialAction\":[{\"@type\":\"ReadAction\",\"target\":[\"https:\\\/\\\/www.bellunopress.it\\\/2012\\\/12\\\/10\\\/armenia-e-monte-ararat-martedi-sera-in-sala-dal-pont-bianchi-di-belluno-lesploratore-bellunese-tito-de-luca-e-il-fumettista-paolo-cossi-presentano-le-loro-ultime-opere\\\/\"]}]},{\"@type\":\"ImageObject\",\"inLanguage\":\"fr-FR\",\"@id\":\"https:\\\/\\\/www.bellunopress.it\\\/2012\\\/12\\\/10\\\/armenia-e-monte-ararat-martedi-sera-in-sala-dal-pont-bianchi-di-belluno-lesploratore-bellunese-tito-de-luca-e-il-fumettista-paolo-cossi-presentano-le-loro-ultime-opere\\\/#primaryimage\",\"url\":\"http:\\\/\\\/www.bellunopress.it\\\/wp-content\\\/uploads\\\/2010\\\/03\\\/ivana-del-pizzol.jpg\",\"contentUrl\":\"http:\\\/\\\/www.bellunopress.it\\\/wp-content\\\/uploads\\\/2010\\\/03\\\/ivana-del-pizzol.jpg\"},{\"@type\":\"BreadcrumbList\",\"@id\":\"https:\\\/\\\/www.bellunopress.it\\\/2012\\\/12\\\/10\\\/armenia-e-monte-ararat-martedi-sera-in-sala-dal-pont-bianchi-di-belluno-lesploratore-bellunese-tito-de-luca-e-il-fumettista-paolo-cossi-presentano-le-loro-ultime-opere\\\/#breadcrumb\",\"itemListElement\":[{\"@type\":\"ListItem\",\"position\":1,\"name\":\"Home\",\"item\":\"https:\\\/\\\/www.bellunopress.it\\\/\"},{\"@type\":\"ListItem\",\"position\":2,\"name\":\"Armenia e monte Ararat. Marted\u00ec sera in Sala Dal Pont &#8211; Bianchi di belluno l\u2019esploratore bellunese Tito De Luca e il fumettista Paolo Cossi presentano le loro ultime opere\"}]},{\"@type\":\"WebSite\",\"@id\":\"https:\\\/\\\/www.bellunopress.it\\\/#website\",\"url\":\"https:\\\/\\\/www.bellunopress.it\\\/\",\"name\":\"Bellunopress - Dolomiti\",\"description\":\"e-mail: redazione@bellunopress.it\",\"publisher\":{\"@id\":\"https:\\\/\\\/www.bellunopress.it\\\/#organization\"},\"potentialAction\":[{\"@type\":\"SearchAction\",\"target\":{\"@type\":\"EntryPoint\",\"urlTemplate\":\"https:\\\/\\\/www.bellunopress.it\\\/?s={search_term_string}\"},\"query-input\":{\"@type\":\"PropertyValueSpecification\",\"valueRequired\":true,\"valueName\":\"search_term_string\"}}],\"inLanguage\":\"fr-FR\"},{\"@type\":\"Organization\",\"@id\":\"https:\\\/\\\/www.bellunopress.it\\\/#organization\",\"name\":\"Bellunopress\",\"url\":\"https:\\\/\\\/www.bellunopress.it\\\/\",\"logo\":{\"@type\":\"ImageObject\",\"inLanguage\":\"fr-FR\",\"@id\":\"https:\\\/\\\/www.bellunopress.it\\\/#\\\/schema\\\/logo\\\/image\\\/\",\"url\":\"https:\\\/\\\/www.bellunopress.it\\\/wp-content\\\/uploads\\\/2011\\\/05\\\/cropped-logo-bellunopress-.jpg\",\"contentUrl\":\"https:\\\/\\\/www.bellunopress.it\\\/wp-content\\\/uploads\\\/2011\\\/05\\\/cropped-logo-bellunopress-.jpg\",\"width\":512,\"height\":512,\"caption\":\"Bellunopress\"},\"image\":{\"@id\":\"https:\\\/\\\/www.bellunopress.it\\\/#\\\/schema\\\/logo\\\/image\\\/\"},\"sameAs\":[\"https:\\\/\\\/www.facebook.com\\\/profile.php?id=100008943462799\",\"https:\\\/\\\/x.com\\\/bellunopress\",\"https:\\\/\\\/www.linkedin.com\\\/hp\\\/?dnr=JBzUWaJfMUw8vbXJJ2tVW5-I3jZKvC4wsoxE&amp;amp;amp;amp;amp;amp;trk=nav_responsive_tab_home\",\"https:\\\/\\\/www.youtube.com\\\/channel\\\/UCxL0wu1uN0_3_7hGG0306cw\"]},{\"@type\":\"Person\",\"@id\":\"https:\\\/\\\/www.bellunopress.it\\\/#\\\/schema\\\/person\\\/79bb06722b37ece1c03d3e94beb30d73\",\"name\":\"redazione\",\"image\":{\"@type\":\"ImageObject\",\"inLanguage\":\"fr-FR\",\"@id\":\"https:\\\/\\\/secure.gravatar.com\\\/avatar\\\/37d968a2e67a6fd04c169c4bdef102d0bc5d31b2546345219e348575eb80e9a0?s=96&d=mm&r=g\",\"url\":\"https:\\\/\\\/secure.gravatar.com\\\/avatar\\\/37d968a2e67a6fd04c169c4bdef102d0bc5d31b2546345219e348575eb80e9a0?s=96&d=mm&r=g\",\"contentUrl\":\"https:\\\/\\\/secure.gravatar.com\\\/avatar\\\/37d968a2e67a6fd04c169c4bdef102d0bc5d31b2546345219e348575eb80e9a0?s=96&d=mm&r=g\",\"caption\":\"redazione\"},\"sameAs\":[\"http:\\\/\\\/www.bellunopress.it\",\"https:\\\/\\\/x.com\\\/bellunopress\"],\"url\":\"https:\\\/\\\/www.bellunopress.it\\\/fr\\\/author\\\/redazione\\\/\"}]}<\/script>\n<!-- \/ Yoast SEO plugin. -->","yoast_head_json":{"title":"Armenia e monte Ararat. Marted\u00ec sera in Sala Dal Pont - Bianchi di belluno l\u2019esploratore bellunese Tito De Luca e il fumettista Paolo Cossi presentano le loro ultime opere - Bellunopress - Dolomiti","robots":{"index":"index","follow":"follow","max-snippet":"max-snippet:-1","max-image-preview":"max-image-preview:large","max-video-preview":"max-video-preview:-1"},"canonical":"https:\/\/www.bellunopress.it\/fr\/2012\/12\/10\/armenia-e-monte-ararat-martedi-sera-in-sala-dal-pont-bianchi-di-belluno-lesploratore-bellunese-tito-de-luca-e-il-fumettista-paolo-cossi-presentano-le-loro-ultime-opere\/","og_locale":"fr_FR","og_type":"article","og_title":"Armenia e monte Ararat. Marted\u00ec sera in Sala Dal Pont - Bianchi di belluno l\u2019esploratore bellunese Tito De Luca e il fumettista Paolo Cossi presentano le loro ultime opere - Bellunopress - Dolomiti","og_description":"Donne Impresa e UAPI (Unione Artigiani e Piccola Industria) di Belluno marted\u00ec 11 dicembre alle ore 20.30 presso la sala \u201cEliseo Bianchi-Dal Pont\u201d organizzano la serata \u201cArmenia e monte Ararat\u201d, che gode del patrocinio del Comune di Belluno. Interverranno: il noto esploratore bellunese Tito De Luca, che presenter\u00e0 \u2013 per la prima volta in Citt\u00e0 [&hellip;]","og_url":"https:\/\/www.bellunopress.it\/fr\/2012\/12\/10\/armenia-e-monte-ararat-martedi-sera-in-sala-dal-pont-bianchi-di-belluno-lesploratore-bellunese-tito-de-luca-e-il-fumettista-paolo-cossi-presentano-le-loro-ultime-opere\/","og_site_name":"Bellunopress - Dolomiti","article_publisher":"https:\/\/www.facebook.com\/profile.php?id=100008943462799","article_published_time":"2012-12-10T08:17:42+00:00","og_image":[{"url":"http:\/\/www.bellunopress.it\/wp-content\/uploads\/2010\/03\/ivana-del-pizzol.jpg","type":"","width":"","height":""}],"author":"redazione","twitter_card":"summary_large_image","twitter_creator":"@bellunopress","twitter_site":"@bellunopress","twitter_misc":{"\u00c9crit par":"redazione","Dur\u00e9e de lecture estim\u00e9e":"1 minute"},"schema":{"@context":"https:\/\/schema.org","@graph":[{"@type":"Article","@id":"https:\/\/www.bellunopress.it\/2012\/12\/10\/armenia-e-monte-ararat-martedi-sera-in-sala-dal-pont-bianchi-di-belluno-lesploratore-bellunese-tito-de-luca-e-il-fumettista-paolo-cossi-presentano-le-loro-ultime-opere\/#article","isPartOf":{"@id":"https:\/\/www.bellunopress.it\/2012\/12\/10\/armenia-e-monte-ararat-martedi-sera-in-sala-dal-pont-bianchi-di-belluno-lesploratore-bellunese-tito-de-luca-e-il-fumettista-paolo-cossi-presentano-le-loro-ultime-opere\/"},"author":{"name":"redazione","@id":"https:\/\/www.bellunopress.it\/#\/schema\/person\/79bb06722b37ece1c03d3e94beb30d73"},"headline":"Armenia e monte Ararat. Marted\u00ec sera in Sala Dal Pont &#8211; Bianchi di belluno l\u2019esploratore bellunese Tito De Luca e il fumettista Paolo Cossi presentano le loro ultime opere","datePublished":"2012-12-10T08:17:42+00:00","mainEntityOfPage":{"@id":"https:\/\/www.bellunopress.it\/2012\/12\/10\/armenia-e-monte-ararat-martedi-sera-in-sala-dal-pont-bianchi-di-belluno-lesploratore-bellunese-tito-de-luca-e-il-fumettista-paolo-cossi-presentano-le-loro-ultime-opere\/"},"wordCount":255,"publisher":{"@id":"https:\/\/www.bellunopress.it\/#organization"},"image":{"@id":"https:\/\/www.bellunopress.it\/2012\/12\/10\/armenia-e-monte-ararat-martedi-sera-in-sala-dal-pont-bianchi-di-belluno-lesploratore-bellunese-tito-de-luca-e-il-fumettista-paolo-cossi-presentano-le-loro-ultime-opere\/#primaryimage"},"thumbnailUrl":"http:\/\/www.bellunopress.it\/wp-content\/uploads\/2010\/03\/ivana-del-pizzol.jpg","articleSection":["Appuntamenti, Eventi","Prima Pagina","Societ\u00e0, Associazioni, Istituzioni"],"inLanguage":"fr-FR"},{"@type":"WebPage","@id":"https:\/\/www.bellunopress.it\/2012\/12\/10\/armenia-e-monte-ararat-martedi-sera-in-sala-dal-pont-bianchi-di-belluno-lesploratore-bellunese-tito-de-luca-e-il-fumettista-paolo-cossi-presentano-le-loro-ultime-opere\/","url":"https:\/\/www.bellunopress.it\/2012\/12\/10\/armenia-e-monte-ararat-martedi-sera-in-sala-dal-pont-bianchi-di-belluno-lesploratore-bellunese-tito-de-luca-e-il-fumettista-paolo-cossi-presentano-le-loro-ultime-opere\/","name":"Armenia e monte Ararat. Marted\u00ec sera in Sala Dal Pont - Bianchi di belluno l\u2019esploratore bellunese Tito De Luca e il fumettista Paolo Cossi presentano le loro ultime opere - Bellunopress - Dolomiti","isPartOf":{"@id":"https:\/\/www.bellunopress.it\/#website"},"primaryImageOfPage":{"@id":"https:\/\/www.bellunopress.it\/2012\/12\/10\/armenia-e-monte-ararat-martedi-sera-in-sala-dal-pont-bianchi-di-belluno-lesploratore-bellunese-tito-de-luca-e-il-fumettista-paolo-cossi-presentano-le-loro-ultime-opere\/#primaryimage"},"image":{"@id":"https:\/\/www.bellunopress.it\/2012\/12\/10\/armenia-e-monte-ararat-martedi-sera-in-sala-dal-pont-bianchi-di-belluno-lesploratore-bellunese-tito-de-luca-e-il-fumettista-paolo-cossi-presentano-le-loro-ultime-opere\/#primaryimage"},"thumbnailUrl":"http:\/\/www.bellunopress.it\/wp-content\/uploads\/2010\/03\/ivana-del-pizzol.jpg","datePublished":"2012-12-10T08:17:42+00:00","breadcrumb":{"@id":"https:\/\/www.bellunopress.it\/2012\/12\/10\/armenia-e-monte-ararat-martedi-sera-in-sala-dal-pont-bianchi-di-belluno-lesploratore-bellunese-tito-de-luca-e-il-fumettista-paolo-cossi-presentano-le-loro-ultime-opere\/#breadcrumb"},"inLanguage":"fr-FR","potentialAction":[{"@type":"ReadAction","target":["https:\/\/www.bellunopress.it\/2012\/12\/10\/armenia-e-monte-ararat-martedi-sera-in-sala-dal-pont-bianchi-di-belluno-lesploratore-bellunese-tito-de-luca-e-il-fumettista-paolo-cossi-presentano-le-loro-ultime-opere\/"]}]},{"@type":"ImageObject","inLanguage":"fr-FR","@id":"https:\/\/www.bellunopress.it\/2012\/12\/10\/armenia-e-monte-ararat-martedi-sera-in-sala-dal-pont-bianchi-di-belluno-lesploratore-bellunese-tito-de-luca-e-il-fumettista-paolo-cossi-presentano-le-loro-ultime-opere\/#primaryimage","url":"http:\/\/www.bellunopress.it\/wp-content\/uploads\/2010\/03\/ivana-del-pizzol.jpg","contentUrl":"http:\/\/www.bellunopress.it\/wp-content\/uploads\/2010\/03\/ivana-del-pizzol.jpg"},{"@type":"BreadcrumbList","@id":"https:\/\/www.bellunopress.it\/2012\/12\/10\/armenia-e-monte-ararat-martedi-sera-in-sala-dal-pont-bianchi-di-belluno-lesploratore-bellunese-tito-de-luca-e-il-fumettista-paolo-cossi-presentano-le-loro-ultime-opere\/#breadcrumb","itemListElement":[{"@type":"ListItem","position":1,"name":"Home","item":"https:\/\/www.bellunopress.it\/"},{"@type":"ListItem","position":2,"name":"Armenia e monte Ararat. Marted\u00ec sera in Sala Dal Pont &#8211; Bianchi di belluno l\u2019esploratore bellunese Tito De Luca e il fumettista Paolo Cossi presentano le loro ultime opere"}]},{"@type":"WebSite","@id":"https:\/\/www.bellunopress.it\/#website","url":"https:\/\/www.bellunopress.it\/","name":"Bellunopress - Dolomiti","description":"e-mail: redazione@bellunopress.it","publisher":{"@id":"https:\/\/www.bellunopress.it\/#organization"},"potentialAction":[{"@type":"SearchAction","target":{"@type":"EntryPoint","urlTemplate":"https:\/\/www.bellunopress.it\/?s={search_term_string}"},"query-input":{"@type":"PropertyValueSpecification","valueRequired":true,"valueName":"search_term_string"}}],"inLanguage":"fr-FR"},{"@type":"Organization","@id":"https:\/\/www.bellunopress.it\/#organization","name":"Bellunopress","url":"https:\/\/www.bellunopress.it\/","logo":{"@type":"ImageObject","inLanguage":"fr-FR","@id":"https:\/\/www.bellunopress.it\/#\/schema\/logo\/image\/","url":"https:\/\/www.bellunopress.it\/wp-content\/uploads\/2011\/05\/cropped-logo-bellunopress-.jpg","contentUrl":"https:\/\/www.bellunopress.it\/wp-content\/uploads\/2011\/05\/cropped-logo-bellunopress-.jpg","width":512,"height":512,"caption":"Bellunopress"},"image":{"@id":"https:\/\/www.bellunopress.it\/#\/schema\/logo\/image\/"},"sameAs":["https:\/\/www.facebook.com\/profile.php?id=100008943462799","https:\/\/x.com\/bellunopress","https:\/\/www.linkedin.com\/hp\/?dnr=JBzUWaJfMUw8vbXJJ2tVW5-I3jZKvC4wsoxE&amp;amp;amp;amp;amp;amp;trk=nav_responsive_tab_home","https:\/\/www.youtube.com\/channel\/UCxL0wu1uN0_3_7hGG0306cw"]},{"@type":"Person","@id":"https:\/\/www.bellunopress.it\/#\/schema\/person\/79bb06722b37ece1c03d3e94beb30d73","name":"r\u00e9daction","image":{"@type":"ImageObject","inLanguage":"fr-FR","@id":"https:\/\/secure.gravatar.com\/avatar\/37d968a2e67a6fd04c169c4bdef102d0bc5d31b2546345219e348575eb80e9a0?s=96&d=mm&r=g","url":"https:\/\/secure.gravatar.com\/avatar\/37d968a2e67a6fd04c169c4bdef102d0bc5d31b2546345219e348575eb80e9a0?s=96&d=mm&r=g","contentUrl":"https:\/\/secure.gravatar.com\/avatar\/37d968a2e67a6fd04c169c4bdef102d0bc5d31b2546345219e348575eb80e9a0?s=96&d=mm&r=g","caption":"redazione"},"sameAs":["http:\/\/www.bellunopress.it","https:\/\/x.com\/bellunopress"],"url":"https:\/\/www.bellunopress.it\/fr\/author\/redazione\/"}]}},"_links":{"self":[{"href":"https:\/\/www.bellunopress.it\/fr\/wp-json\/wp\/v2\/posts\/44638","targetHints":{"allow":["GET"]}}],"collection":[{"href":"https:\/\/www.bellunopress.it\/fr\/wp-json\/wp\/v2\/posts"}],"about":[{"href":"https:\/\/www.bellunopress.it\/fr\/wp-json\/wp\/v2\/types\/post"}],"author":[{"embeddable":true,"href":"https:\/\/www.bellunopress.it\/fr\/wp-json\/wp\/v2\/users\/2"}],"replies":[{"embeddable":true,"href":"https:\/\/www.bellunopress.it\/fr\/wp-json\/wp\/v2\/comments?post=44638"}],"version-history":[{"count":1,"href":"https:\/\/www.bellunopress.it\/fr\/wp-json\/wp\/v2\/posts\/44638\/revisions"}],"predecessor-version":[{"id":44639,"href":"https:\/\/www.bellunopress.it\/fr\/wp-json\/wp\/v2\/posts\/44638\/revisions\/44639"}],"wp:attachment":[{"href":"https:\/\/www.bellunopress.it\/fr\/wp-json\/wp\/v2\/media?parent=44638"}],"wp:term":[{"taxonomy":"category","embeddable":true,"href":"https:\/\/www.bellunopress.it\/fr\/wp-json\/wp\/v2\/categories?post=44638"},{"taxonomy":"post_tag","embeddable":true,"href":"https:\/\/www.bellunopress.it\/fr\/wp-json\/wp\/v2\/tags?post=44638"}],"curies":[{"name":"wp","href":"https:\/\/api.w.org\/{rel}","templated":true}]}}