{"id":44615,"date":"2012-12-09T15:58:41","date_gmt":"2012-12-09T14:58:41","guid":{"rendered":"http:\/\/www.bellunopress.it\/?p=44615"},"modified":"2012-12-09T15:58:41","modified_gmt":"2012-12-09T14:58:41","slug":"da-lunedi-mattina-a-rete-4-mediaset-la-pedemontana-veneta-protagonista","status":"publish","type":"post","link":"https:\/\/www.bellunopress.it\/fr\/2012\/12\/09\/da-lunedi-mattina-a-rete-4-mediaset-la-pedemontana-veneta-protagonista\/","title":{"rendered":"Da luned\u00ec mattina a Rete 4 Mediaset la Pedemontana veneta protagonista"},"content":{"rendered":"<figure id=\"attachment_14949\" aria-describedby=\"caption-attachment-14949\" style=\"width: 130px\" class=\"wp-caption alignleft\"><a href=\"http:\/\/www.bellunopress.it\/wp-content\/uploads\/2010\/05\/marino-finozzi-leggeriss.jpg\"><img loading=\"lazy\" decoding=\"async\" class=\"size-full wp-image-14949\" title=\"marino-finozzi-leggeriss\" src=\"http:\/\/www.bellunopress.it\/wp-content\/uploads\/2010\/05\/marino-finozzi-leggeriss.jpg\" alt=\"\" width=\"130\" height=\"130\" \/><\/a><figcaption id=\"caption-attachment-14949\" class=\"wp-caption-text\">Marino Finozzi<\/figcaption><\/figure>\n<p>La Pedemontana Veneta, le sue risorse ambientali, culturali ed enogastronomiche, saranno protagoniste del programma \u201cRicette in famiglia\u201d, in onda tutti i giorni da luned\u00ec 10 a sabato 15 dicembre prossimi, dalle ore 10.50, su Rete 4, emittente di Mediaset.<\/p>\n<p>L\u2019iniziativa, promossa dalla Regione del Veneto con la collaborazione dell&#8217;Associazione Pedemontana.Vi Turismo, \u00e8 parte di un pi\u00f9 ampio progetto, voluto dall\u2019assessore regionale al turismo Marino Finozzi, di valorizzazione e promozione di quest\u2019area, meno conosciuta e celebrata di altre del Veneto, ma non certo meno ricca di fascino, di tesori architettonici e paesaggistici, di tradizioni, di prelibatezze per il palato, di itinerari naturalistici e di opportunit\u00e0 per la pratica di diverse discipline sportive.<\/p>\n<p>Nell\u2019arco di una settimana, il programma proporr\u00e0 un panorama completo delle caratteristiche e dell\u2019offerta della Pedemontana, attraversando i territori del veronese, del vicentino e del trevigiano. Un percorso suggestivo tra borghi, piazze, chiese, musei, e ville, facendo conoscere la grande variet\u00e0 e qualit\u00e0 dei prodotti tipici locali: da vini come l\u2019Amarone, il Torcolato, il Durello, il Prosecco, a formaggi come il Monteveronese, l\u2019Asiago, la Casatella, il Bastardo e il Morlacco, dalla preparazione del baccal\u00e0 alla sopressa, sino a dolci come la Treccia d\u2019Oro.<\/p>\n<p>Luoghi da visitare e suggerimenti per scoprire il territorio posto tra la montagna e la pianura di quel Veneto che primeggia per vocazione turistica.<\/p>\n<p>&nbsp;<\/p>\n<p>&nbsp;<\/p>","protected":false},"excerpt":{"rendered":"<p>La Pedemontana Veneta, le sue risorse ambientali, culturali ed enogastronomiche, saranno protagoniste del programma \u201cRicette in famiglia\u201d, in onda tutti i giorni da luned\u00ec 10 a sabato 15 dicembre prossimi, dalle ore 10.50, su Rete 4, emittente di Mediaset. L\u2019iniziativa, promossa dalla Regione del Veneto con la collaborazione dell&#8217;Associazione Pedemontana.Vi Turismo, \u00e8 parte di un [&hellip;]<\/p>\n","protected":false},"author":2,"featured_media":0,"comment_status":"closed","ping_status":"open","sticky":false,"template":"","format":"standard","meta":{"footnotes":""},"categories":[5,26],"tags":[],"class_list":["post-44615","post","type-post","status-publish","format-standard","category-cronaca","category-prima-pagina"],"yoast_head":"<!-- This site is optimized with the Yoast SEO plugin v28.4 - https:\/\/yoast.com\/product\/yoast-seo-wordpress\/ -->\n<title>Da luned\u00ec mattina a Rete 4 Mediaset la Pedemontana veneta protagonista - Bellunopress - Dolomiti<\/title>\n<meta name=\"robots\" content=\"index, follow, max-snippet:-1, max-image-preview:large, max-video-preview:-1\" \/>\n<link rel=\"canonical\" href=\"https:\/\/www.bellunopress.it\/fr\/2012\/12\/09\/da-lunedi-mattina-a-rete-4-mediaset-la-pedemontana-veneta-protagonista\/\" \/>\n<meta property=\"og:locale\" content=\"fr_FR\" \/>\n<meta property=\"og:type\" content=\"article\" \/>\n<meta property=\"og:title\" content=\"Da luned\u00ec mattina a Rete 4 Mediaset la Pedemontana veneta protagonista - Bellunopress - Dolomiti\" \/>\n<meta property=\"og:description\" content=\"La Pedemontana Veneta, le sue risorse ambientali, culturali ed enogastronomiche, saranno protagoniste del programma \u201cRicette in famiglia\u201d, in onda tutti i giorni da luned\u00ec 10 a sabato 15 dicembre prossimi, dalle ore 10.50, su Rete 4, emittente di Mediaset. L\u2019iniziativa, promossa dalla Regione del Veneto con la collaborazione dell&#8217;Associazione Pedemontana.Vi Turismo, \u00e8 parte di un [&hellip;]\" \/>\n<meta property=\"og:url\" content=\"https:\/\/www.bellunopress.it\/fr\/2012\/12\/09\/da-lunedi-mattina-a-rete-4-mediaset-la-pedemontana-veneta-protagonista\/\" \/>\n<meta property=\"og:site_name\" content=\"Bellunopress - Dolomiti\" \/>\n<meta property=\"article:publisher\" content=\"https:\/\/www.facebook.com\/profile.php?id=100008943462799\" \/>\n<meta property=\"article:published_time\" content=\"2012-12-09T14:58:41+00:00\" \/>\n<meta property=\"og:image\" content=\"http:\/\/www.bellunopress.it\/wp-content\/uploads\/2010\/05\/marino-finozzi-leggeriss.jpg\" \/>\n<meta name=\"author\" content=\"redazione\" \/>\n<meta name=\"twitter:card\" content=\"summary_large_image\" \/>\n<meta name=\"twitter:creator\" content=\"@bellunopress\" \/>\n<meta name=\"twitter:site\" content=\"@bellunopress\" \/>\n<meta name=\"twitter:label1\" content=\"\u00c9crit par\" \/>\n\t<meta name=\"twitter:data1\" content=\"redazione\" \/>\n\t<meta name=\"twitter:label2\" content=\"Dur\u00e9e de lecture estim\u00e9e\" \/>\n\t<meta name=\"twitter:data2\" content=\"1 minute\" \/>\n<script type=\"application\/ld+json\" class=\"yoast-schema-graph\">{\"@context\":\"https:\\\/\\\/schema.org\",\"@graph\":[{\"@type\":\"Article\",\"@id\":\"https:\\\/\\\/www.bellunopress.it\\\/2012\\\/12\\\/09\\\/da-lunedi-mattina-a-rete-4-mediaset-la-pedemontana-veneta-protagonista\\\/#article\",\"isPartOf\":{\"@id\":\"https:\\\/\\\/www.bellunopress.it\\\/2012\\\/12\\\/09\\\/da-lunedi-mattina-a-rete-4-mediaset-la-pedemontana-veneta-protagonista\\\/\"},\"author\":{\"name\":\"redazione\",\"@id\":\"https:\\\/\\\/www.bellunopress.it\\\/#\\\/schema\\\/person\\\/79bb06722b37ece1c03d3e94beb30d73\"},\"headline\":\"Da luned\u00ec mattina a Rete 4 Mediaset la Pedemontana veneta protagonista\",\"datePublished\":\"2012-12-09T14:58:41+00:00\",\"mainEntityOfPage\":{\"@id\":\"https:\\\/\\\/www.bellunopress.it\\\/2012\\\/12\\\/09\\\/da-lunedi-mattina-a-rete-4-mediaset-la-pedemontana-veneta-protagonista\\\/\"},\"wordCount\":244,\"publisher\":{\"@id\":\"https:\\\/\\\/www.bellunopress.it\\\/#organization\"},\"image\":{\"@id\":\"https:\\\/\\\/www.bellunopress.it\\\/2012\\\/12\\\/09\\\/da-lunedi-mattina-a-rete-4-mediaset-la-pedemontana-veneta-protagonista\\\/#primaryimage\"},\"thumbnailUrl\":\"http:\\\/\\\/www.bellunopress.it\\\/wp-content\\\/uploads\\\/2010\\\/05\\\/marino-finozzi-leggeriss.jpg\",\"articleSection\":[\"Cronaca\\\/Politica\",\"Prima Pagina\"],\"inLanguage\":\"fr-FR\"},{\"@type\":\"WebPage\",\"@id\":\"https:\\\/\\\/www.bellunopress.it\\\/2012\\\/12\\\/09\\\/da-lunedi-mattina-a-rete-4-mediaset-la-pedemontana-veneta-protagonista\\\/\",\"url\":\"https:\\\/\\\/www.bellunopress.it\\\/2012\\\/12\\\/09\\\/da-lunedi-mattina-a-rete-4-mediaset-la-pedemontana-veneta-protagonista\\\/\",\"name\":\"Da luned\u00ec mattina a Rete 4 Mediaset la Pedemontana veneta protagonista - Bellunopress - Dolomiti\",\"isPartOf\":{\"@id\":\"https:\\\/\\\/www.bellunopress.it\\\/#website\"},\"primaryImageOfPage\":{\"@id\":\"https:\\\/\\\/www.bellunopress.it\\\/2012\\\/12\\\/09\\\/da-lunedi-mattina-a-rete-4-mediaset-la-pedemontana-veneta-protagonista\\\/#primaryimage\"},\"image\":{\"@id\":\"https:\\\/\\\/www.bellunopress.it\\\/2012\\\/12\\\/09\\\/da-lunedi-mattina-a-rete-4-mediaset-la-pedemontana-veneta-protagonista\\\/#primaryimage\"},\"thumbnailUrl\":\"http:\\\/\\\/www.bellunopress.it\\\/wp-content\\\/uploads\\\/2010\\\/05\\\/marino-finozzi-leggeriss.jpg\",\"datePublished\":\"2012-12-09T14:58:41+00:00\",\"breadcrumb\":{\"@id\":\"https:\\\/\\\/www.bellunopress.it\\\/2012\\\/12\\\/09\\\/da-lunedi-mattina-a-rete-4-mediaset-la-pedemontana-veneta-protagonista\\\/#breadcrumb\"},\"inLanguage\":\"fr-FR\",\"potentialAction\":[{\"@type\":\"ReadAction\",\"target\":[\"https:\\\/\\\/www.bellunopress.it\\\/2012\\\/12\\\/09\\\/da-lunedi-mattina-a-rete-4-mediaset-la-pedemontana-veneta-protagonista\\\/\"]}]},{\"@type\":\"ImageObject\",\"inLanguage\":\"fr-FR\",\"@id\":\"https:\\\/\\\/www.bellunopress.it\\\/2012\\\/12\\\/09\\\/da-lunedi-mattina-a-rete-4-mediaset-la-pedemontana-veneta-protagonista\\\/#primaryimage\",\"url\":\"http:\\\/\\\/www.bellunopress.it\\\/wp-content\\\/uploads\\\/2010\\\/05\\\/marino-finozzi-leggeriss.jpg\",\"contentUrl\":\"http:\\\/\\\/www.bellunopress.it\\\/wp-content\\\/uploads\\\/2010\\\/05\\\/marino-finozzi-leggeriss.jpg\"},{\"@type\":\"BreadcrumbList\",\"@id\":\"https:\\\/\\\/www.bellunopress.it\\\/2012\\\/12\\\/09\\\/da-lunedi-mattina-a-rete-4-mediaset-la-pedemontana-veneta-protagonista\\\/#breadcrumb\",\"itemListElement\":[{\"@type\":\"ListItem\",\"position\":1,\"name\":\"Home\",\"item\":\"https:\\\/\\\/www.bellunopress.it\\\/\"},{\"@type\":\"ListItem\",\"position\":2,\"name\":\"Da luned\u00ec mattina a Rete 4 Mediaset la Pedemontana veneta protagonista\"}]},{\"@type\":\"WebSite\",\"@id\":\"https:\\\/\\\/www.bellunopress.it\\\/#website\",\"url\":\"https:\\\/\\\/www.bellunopress.it\\\/\",\"name\":\"Bellunopress - Dolomiti\",\"description\":\"e-mail: redazione@bellunopress.it\",\"publisher\":{\"@id\":\"https:\\\/\\\/www.bellunopress.it\\\/#organization\"},\"potentialAction\":[{\"@type\":\"SearchAction\",\"target\":{\"@type\":\"EntryPoint\",\"urlTemplate\":\"https:\\\/\\\/www.bellunopress.it\\\/?s={search_term_string}\"},\"query-input\":{\"@type\":\"PropertyValueSpecification\",\"valueRequired\":true,\"valueName\":\"search_term_string\"}}],\"inLanguage\":\"fr-FR\"},{\"@type\":\"Organization\",\"@id\":\"https:\\\/\\\/www.bellunopress.it\\\/#organization\",\"name\":\"Bellunopress\",\"url\":\"https:\\\/\\\/www.bellunopress.it\\\/\",\"logo\":{\"@type\":\"ImageObject\",\"inLanguage\":\"fr-FR\",\"@id\":\"https:\\\/\\\/www.bellunopress.it\\\/#\\\/schema\\\/logo\\\/image\\\/\",\"url\":\"https:\\\/\\\/www.bellunopress.it\\\/wp-content\\\/uploads\\\/2011\\\/05\\\/cropped-logo-bellunopress-.jpg\",\"contentUrl\":\"https:\\\/\\\/www.bellunopress.it\\\/wp-content\\\/uploads\\\/2011\\\/05\\\/cropped-logo-bellunopress-.jpg\",\"width\":512,\"height\":512,\"caption\":\"Bellunopress\"},\"image\":{\"@id\":\"https:\\\/\\\/www.bellunopress.it\\\/#\\\/schema\\\/logo\\\/image\\\/\"},\"sameAs\":[\"https:\\\/\\\/www.facebook.com\\\/profile.php?id=100008943462799\",\"https:\\\/\\\/x.com\\\/bellunopress\",\"https:\\\/\\\/www.linkedin.com\\\/hp\\\/?dnr=JBzUWaJfMUw8vbXJJ2tVW5-I3jZKvC4wsoxE&amp;amp;amp;amp;amp;amp;trk=nav_responsive_tab_home\",\"https:\\\/\\\/www.youtube.com\\\/channel\\\/UCxL0wu1uN0_3_7hGG0306cw\"]},{\"@type\":\"Person\",\"@id\":\"https:\\\/\\\/www.bellunopress.it\\\/#\\\/schema\\\/person\\\/79bb06722b37ece1c03d3e94beb30d73\",\"name\":\"redazione\",\"image\":{\"@type\":\"ImageObject\",\"inLanguage\":\"fr-FR\",\"@id\":\"https:\\\/\\\/secure.gravatar.com\\\/avatar\\\/37d968a2e67a6fd04c169c4bdef102d0bc5d31b2546345219e348575eb80e9a0?s=96&d=mm&r=g\",\"url\":\"https:\\\/\\\/secure.gravatar.com\\\/avatar\\\/37d968a2e67a6fd04c169c4bdef102d0bc5d31b2546345219e348575eb80e9a0?s=96&d=mm&r=g\",\"contentUrl\":\"https:\\\/\\\/secure.gravatar.com\\\/avatar\\\/37d968a2e67a6fd04c169c4bdef102d0bc5d31b2546345219e348575eb80e9a0?s=96&d=mm&r=g\",\"caption\":\"redazione\"},\"sameAs\":[\"http:\\\/\\\/www.bellunopress.it\",\"https:\\\/\\\/x.com\\\/bellunopress\"],\"url\":\"https:\\\/\\\/www.bellunopress.it\\\/fr\\\/author\\\/redazione\\\/\"}]}<\/script>\n<!-- \/ Yoast SEO plugin. -->","yoast_head_json":{"title":"Da luned\u00ec mattina a Rete 4 Mediaset la Pedemontana veneta protagonista - Bellunopress - Dolomiti","robots":{"index":"index","follow":"follow","max-snippet":"max-snippet:-1","max-image-preview":"max-image-preview:large","max-video-preview":"max-video-preview:-1"},"canonical":"https:\/\/www.bellunopress.it\/fr\/2012\/12\/09\/da-lunedi-mattina-a-rete-4-mediaset-la-pedemontana-veneta-protagonista\/","og_locale":"fr_FR","og_type":"article","og_title":"Da luned\u00ec mattina a Rete 4 Mediaset la Pedemontana veneta protagonista - Bellunopress - Dolomiti","og_description":"La Pedemontana Veneta, le sue risorse ambientali, culturali ed enogastronomiche, saranno protagoniste del programma \u201cRicette in famiglia\u201d, in onda tutti i giorni da luned\u00ec 10 a sabato 15 dicembre prossimi, dalle ore 10.50, su Rete 4, emittente di Mediaset. L\u2019iniziativa, promossa dalla Regione del Veneto con la collaborazione dell&#8217;Associazione Pedemontana.Vi Turismo, \u00e8 parte di un [&hellip;]","og_url":"https:\/\/www.bellunopress.it\/fr\/2012\/12\/09\/da-lunedi-mattina-a-rete-4-mediaset-la-pedemontana-veneta-protagonista\/","og_site_name":"Bellunopress - Dolomiti","article_publisher":"https:\/\/www.facebook.com\/profile.php?id=100008943462799","article_published_time":"2012-12-09T14:58:41+00:00","og_image":[{"url":"http:\/\/www.bellunopress.it\/wp-content\/uploads\/2010\/05\/marino-finozzi-leggeriss.jpg","type":"","width":"","height":""}],"author":"redazione","twitter_card":"summary_large_image","twitter_creator":"@bellunopress","twitter_site":"@bellunopress","twitter_misc":{"\u00c9crit par":"redazione","Dur\u00e9e de lecture estim\u00e9e":"1 minute"},"schema":{"@context":"https:\/\/schema.org","@graph":[{"@type":"Article","@id":"https:\/\/www.bellunopress.it\/2012\/12\/09\/da-lunedi-mattina-a-rete-4-mediaset-la-pedemontana-veneta-protagonista\/#article","isPartOf":{"@id":"https:\/\/www.bellunopress.it\/2012\/12\/09\/da-lunedi-mattina-a-rete-4-mediaset-la-pedemontana-veneta-protagonista\/"},"author":{"name":"redazione","@id":"https:\/\/www.bellunopress.it\/#\/schema\/person\/79bb06722b37ece1c03d3e94beb30d73"},"headline":"Da luned\u00ec mattina a Rete 4 Mediaset la Pedemontana veneta protagonista","datePublished":"2012-12-09T14:58:41+00:00","mainEntityOfPage":{"@id":"https:\/\/www.bellunopress.it\/2012\/12\/09\/da-lunedi-mattina-a-rete-4-mediaset-la-pedemontana-veneta-protagonista\/"},"wordCount":244,"publisher":{"@id":"https:\/\/www.bellunopress.it\/#organization"},"image":{"@id":"https:\/\/www.bellunopress.it\/2012\/12\/09\/da-lunedi-mattina-a-rete-4-mediaset-la-pedemontana-veneta-protagonista\/#primaryimage"},"thumbnailUrl":"http:\/\/www.bellunopress.it\/wp-content\/uploads\/2010\/05\/marino-finozzi-leggeriss.jpg","articleSection":["Cronaca\/Politica","Prima Pagina"],"inLanguage":"fr-FR"},{"@type":"WebPage","@id":"https:\/\/www.bellunopress.it\/2012\/12\/09\/da-lunedi-mattina-a-rete-4-mediaset-la-pedemontana-veneta-protagonista\/","url":"https:\/\/www.bellunopress.it\/2012\/12\/09\/da-lunedi-mattina-a-rete-4-mediaset-la-pedemontana-veneta-protagonista\/","name":"Da luned\u00ec mattina a Rete 4 Mediaset la Pedemontana veneta protagonista - Bellunopress - Dolomiti","isPartOf":{"@id":"https:\/\/www.bellunopress.it\/#website"},"primaryImageOfPage":{"@id":"https:\/\/www.bellunopress.it\/2012\/12\/09\/da-lunedi-mattina-a-rete-4-mediaset-la-pedemontana-veneta-protagonista\/#primaryimage"},"image":{"@id":"https:\/\/www.bellunopress.it\/2012\/12\/09\/da-lunedi-mattina-a-rete-4-mediaset-la-pedemontana-veneta-protagonista\/#primaryimage"},"thumbnailUrl":"http:\/\/www.bellunopress.it\/wp-content\/uploads\/2010\/05\/marino-finozzi-leggeriss.jpg","datePublished":"2012-12-09T14:58:41+00:00","breadcrumb":{"@id":"https:\/\/www.bellunopress.it\/2012\/12\/09\/da-lunedi-mattina-a-rete-4-mediaset-la-pedemontana-veneta-protagonista\/#breadcrumb"},"inLanguage":"fr-FR","potentialAction":[{"@type":"ReadAction","target":["https:\/\/www.bellunopress.it\/2012\/12\/09\/da-lunedi-mattina-a-rete-4-mediaset-la-pedemontana-veneta-protagonista\/"]}]},{"@type":"ImageObject","inLanguage":"fr-FR","@id":"https:\/\/www.bellunopress.it\/2012\/12\/09\/da-lunedi-mattina-a-rete-4-mediaset-la-pedemontana-veneta-protagonista\/#primaryimage","url":"http:\/\/www.bellunopress.it\/wp-content\/uploads\/2010\/05\/marino-finozzi-leggeriss.jpg","contentUrl":"http:\/\/www.bellunopress.it\/wp-content\/uploads\/2010\/05\/marino-finozzi-leggeriss.jpg"},{"@type":"BreadcrumbList","@id":"https:\/\/www.bellunopress.it\/2012\/12\/09\/da-lunedi-mattina-a-rete-4-mediaset-la-pedemontana-veneta-protagonista\/#breadcrumb","itemListElement":[{"@type":"ListItem","position":1,"name":"Home","item":"https:\/\/www.bellunopress.it\/"},{"@type":"ListItem","position":2,"name":"Da luned\u00ec mattina a Rete 4 Mediaset la Pedemontana veneta protagonista"}]},{"@type":"WebSite","@id":"https:\/\/www.bellunopress.it\/#website","url":"https:\/\/www.bellunopress.it\/","name":"Bellunopress - Dolomiti","description":"e-mail: redazione@bellunopress.it","publisher":{"@id":"https:\/\/www.bellunopress.it\/#organization"},"potentialAction":[{"@type":"SearchAction","target":{"@type":"EntryPoint","urlTemplate":"https:\/\/www.bellunopress.it\/?s={search_term_string}"},"query-input":{"@type":"PropertyValueSpecification","valueRequired":true,"valueName":"search_term_string"}}],"inLanguage":"fr-FR"},{"@type":"Organization","@id":"https:\/\/www.bellunopress.it\/#organization","name":"Bellunopress","url":"https:\/\/www.bellunopress.it\/","logo":{"@type":"ImageObject","inLanguage":"fr-FR","@id":"https:\/\/www.bellunopress.it\/#\/schema\/logo\/image\/","url":"https:\/\/www.bellunopress.it\/wp-content\/uploads\/2011\/05\/cropped-logo-bellunopress-.jpg","contentUrl":"https:\/\/www.bellunopress.it\/wp-content\/uploads\/2011\/05\/cropped-logo-bellunopress-.jpg","width":512,"height":512,"caption":"Bellunopress"},"image":{"@id":"https:\/\/www.bellunopress.it\/#\/schema\/logo\/image\/"},"sameAs":["https:\/\/www.facebook.com\/profile.php?id=100008943462799","https:\/\/x.com\/bellunopress","https:\/\/www.linkedin.com\/hp\/?dnr=JBzUWaJfMUw8vbXJJ2tVW5-I3jZKvC4wsoxE&amp;amp;amp;amp;amp;amp;trk=nav_responsive_tab_home","https:\/\/www.youtube.com\/channel\/UCxL0wu1uN0_3_7hGG0306cw"]},{"@type":"Person","@id":"https:\/\/www.bellunopress.it\/#\/schema\/person\/79bb06722b37ece1c03d3e94beb30d73","name":"r\u00e9daction","image":{"@type":"ImageObject","inLanguage":"fr-FR","@id":"https:\/\/secure.gravatar.com\/avatar\/37d968a2e67a6fd04c169c4bdef102d0bc5d31b2546345219e348575eb80e9a0?s=96&d=mm&r=g","url":"https:\/\/secure.gravatar.com\/avatar\/37d968a2e67a6fd04c169c4bdef102d0bc5d31b2546345219e348575eb80e9a0?s=96&d=mm&r=g","contentUrl":"https:\/\/secure.gravatar.com\/avatar\/37d968a2e67a6fd04c169c4bdef102d0bc5d31b2546345219e348575eb80e9a0?s=96&d=mm&r=g","caption":"redazione"},"sameAs":["http:\/\/www.bellunopress.it","https:\/\/x.com\/bellunopress"],"url":"https:\/\/www.bellunopress.it\/fr\/author\/redazione\/"}]}},"_links":{"self":[{"href":"https:\/\/www.bellunopress.it\/fr\/wp-json\/wp\/v2\/posts\/44615","targetHints":{"allow":["GET"]}}],"collection":[{"href":"https:\/\/www.bellunopress.it\/fr\/wp-json\/wp\/v2\/posts"}],"about":[{"href":"https:\/\/www.bellunopress.it\/fr\/wp-json\/wp\/v2\/types\/post"}],"author":[{"embeddable":true,"href":"https:\/\/www.bellunopress.it\/fr\/wp-json\/wp\/v2\/users\/2"}],"replies":[{"embeddable":true,"href":"https:\/\/www.bellunopress.it\/fr\/wp-json\/wp\/v2\/comments?post=44615"}],"version-history":[{"count":1,"href":"https:\/\/www.bellunopress.it\/fr\/wp-json\/wp\/v2\/posts\/44615\/revisions"}],"predecessor-version":[{"id":44616,"href":"https:\/\/www.bellunopress.it\/fr\/wp-json\/wp\/v2\/posts\/44615\/revisions\/44616"}],"wp:attachment":[{"href":"https:\/\/www.bellunopress.it\/fr\/wp-json\/wp\/v2\/media?parent=44615"}],"wp:term":[{"taxonomy":"category","embeddable":true,"href":"https:\/\/www.bellunopress.it\/fr\/wp-json\/wp\/v2\/categories?post=44615"},{"taxonomy":"post_tag","embeddable":true,"href":"https:\/\/www.bellunopress.it\/fr\/wp-json\/wp\/v2\/tags?post=44615"}],"curies":[{"name":"wp","href":"https:\/\/api.w.org\/{rel}","templated":true}]}}