{"id":44611,"date":"2012-12-09T15:36:04","date_gmt":"2012-12-09T14:36:04","guid":{"rendered":"http:\/\/www.bellunopress.it\/?p=44611"},"modified":"2012-12-09T15:36:04","modified_gmt":"2012-12-09T14:36:04","slug":"movimento-cinque-stelle-belluno-giampaolo-sponga-se-ne-va-con-un-jaccuse-al-vetriolo","status":"publish","type":"post","link":"https:\/\/www.bellunopress.it\/fr\/2012\/12\/09\/movimento-cinque-stelle-belluno-giampaolo-sponga-se-ne-va-con-un-jaccuse-al-vetriolo\/","title":{"rendered":"Movimento Cinque Stelle Belluno: Giampaolo Sponga se ne va con un j&#8217;accuse al vetriolo"},"content":{"rendered":"<p><a href=\"http:\/\/www.bellunopress.it\/wp-content\/uploads\/2012\/12\/giampaolo-sponga1.jpg\"><img loading=\"lazy\" decoding=\"async\" class=\"alignleft size-full wp-image-44613\" title=\"giampaolo sponga\" src=\"http:\/\/www.bellunopress.it\/wp-content\/uploads\/2012\/12\/giampaolo-sponga1.jpg\" alt=\"\" width=\"101\" height=\"132\" \/><\/a>&#8220;Comunico la mia intenzione di lasciare con effetto immediato il movimento 5 stelle beppegrillo.it di cui ho fatto parte dalla sua fondazione (Novembre 2009)&#8221;.<\/p>\n<p>Lo scrive in una nota Giampaolo Sponga attivista bellunese del Movimento, che non risparmia la sua critica all&#8217;organizzazione.<\/p>\n<p>&#8220;Alla base di questa decisione ci sono molte motivazioni e troppe\u00a0divergenze interne a tutti i livelli. Falchi tiratori su internet capaci di trasformare a loro uso e consumo qualsiasi atto o fatto per influenzare lo staff del blog beppegrillo.it , per costrungere Beppe Grillo e Gianroberto Casaleggio\u00a0ad espulsioni che sono state traumatiche, capaci di insultare tutti senza pagare pegno e senza rispetto della netiquette.<\/p>\n<p>Divergenze nette di opinione con il modo di operare a livello locale degli eletti in consiglio per il movimento 5 stelle beppegrillo.it , con il loro modo di porsi e di intessere rapporti sottobanco con le altre forze politiche , il voler mettere i propri interessi davanti alle gli interessi degli alti, prendendo decisioni prese in solitudine, quali\u00a0ad esempio l&#8217;auto elezione in comunit\u00e0 montana, il tentativo non ho capito su quali basi di non far eleggere Dal Farra a presidente , lasciando il gruppo allo scuro di tutto, la ridicola volont\u00e0 di erigersi a sindacalisti nel caso Invensys , facendo firmare ai lavoratori un foglio di carta con il loro nome.<\/p>\n<p>Il mancato rispetto di quanto scritto nel programma elettorale comunale , dove era prevista la riconferma ogni 6 mesi del loro operato e che loro avevano accettato.<\/p>\n<p>Un gruppo non pu\u00f2 vivere su 4 o 5 persone che condizionano tutti , ma deve vivere su temi concreti del comune di Belluno, ma cos\u00ec non \u00e8 stato, nessuno si \u00e8 degnato neppure di leggere e di trattare il tema ad esempio del bilancio comunale approvato dal consiglio, di comprendere e di capire le entrate e le uscite e di far crescere le conoscenze del gruppo di cittadini interessati al tema.<\/p>\n<p>Infine queste ultime parlamentarie, alle quali non ho neppure potuto partecipare a causa della cancellazione del mio account, certificato con carta d&#8217;identit\u00e0 dal Novembre del 2009, e la cancellazione della mia e-mail e della mia password senza saperne la motivazione.<\/p>\n<p>Cos\u00ec , una pausa di riflessione che ho preso alcuni mesi fa, ora si \u00e8 trasformata in un addio ufficiale al movimento 5 stelle beppegrillo.it<\/p>\n<p>Ringrazio (molti), mi faccio ringraziare(da pochi) e saluto.\u00a0Nei prossimi mesi cercher\u00f2 di costruire un progetto politico alternativo , se qualcuno vuole accodarsi ben venga , lascio il mio indirizzo e-mail : giamps1978@gmail.com&#8221;<\/p>","protected":false},"excerpt":{"rendered":"<p>&#8220;Comunico la mia intenzione di lasciare con effetto immediato il movimento 5 stelle beppegrillo.it di cui ho fatto parte dalla sua fondazione (Novembre 2009)&#8221;. Lo scrive in una nota Giampaolo Sponga attivista bellunese del Movimento, che non risparmia la sua critica all&#8217;organizzazione. &#8220;Alla base di questa decisione ci sono molte motivazioni e troppe\u00a0divergenze interne a [&hellip;]<\/p>\n","protected":false},"author":2,"featured_media":0,"comment_status":"closed","ping_status":"open","sticky":false,"template":"","format":"standard","meta":{"footnotes":""},"categories":[5,26],"tags":[],"class_list":["post-44611","post","type-post","status-publish","format-standard","category-cronaca","category-prima-pagina"],"yoast_head":"<!-- This site is optimized with the Yoast SEO plugin v28.4 - https:\/\/yoast.com\/product\/yoast-seo-wordpress\/ -->\n<title>Movimento Cinque Stelle Belluno: Giampaolo Sponga se ne va con un j&#039;accuse al vetriolo - Bellunopress - Dolomiti<\/title>\n<meta name=\"robots\" content=\"index, follow, max-snippet:-1, max-image-preview:large, max-video-preview:-1\" \/>\n<link rel=\"canonical\" href=\"https:\/\/www.bellunopress.it\/fr\/2012\/12\/09\/movimento-cinque-stelle-belluno-giampaolo-sponga-se-ne-va-con-un-jaccuse-al-vetriolo\/\" \/>\n<meta property=\"og:locale\" content=\"fr_FR\" \/>\n<meta property=\"og:type\" content=\"article\" \/>\n<meta property=\"og:title\" content=\"Movimento Cinque Stelle Belluno: Giampaolo Sponga se ne va con un j&#039;accuse al vetriolo - Bellunopress - Dolomiti\" \/>\n<meta property=\"og:description\" content=\"&#8220;Comunico la mia intenzione di lasciare con effetto immediato il movimento 5 stelle beppegrillo.it di cui ho fatto parte dalla sua fondazione (Novembre 2009)&#8221;. Lo scrive in una nota Giampaolo Sponga attivista bellunese del Movimento, che non risparmia la sua critica all&#8217;organizzazione. &#8220;Alla base di questa decisione ci sono molte motivazioni e troppe\u00a0divergenze interne a [&hellip;]\" \/>\n<meta property=\"og:url\" content=\"https:\/\/www.bellunopress.it\/fr\/2012\/12\/09\/movimento-cinque-stelle-belluno-giampaolo-sponga-se-ne-va-con-un-jaccuse-al-vetriolo\/\" \/>\n<meta property=\"og:site_name\" content=\"Bellunopress - Dolomiti\" \/>\n<meta property=\"article:publisher\" content=\"https:\/\/www.facebook.com\/profile.php?id=100008943462799\" \/>\n<meta property=\"article:published_time\" content=\"2012-12-09T14:36:04+00:00\" \/>\n<meta property=\"og:image\" content=\"http:\/\/www.bellunopress.it\/wp-content\/uploads\/2012\/12\/giampaolo-sponga1.jpg\" \/>\n<meta name=\"author\" content=\"redazione\" \/>\n<meta name=\"twitter:card\" content=\"summary_large_image\" \/>\n<meta name=\"twitter:creator\" content=\"@bellunopress\" \/>\n<meta name=\"twitter:site\" content=\"@bellunopress\" \/>\n<meta name=\"twitter:label1\" content=\"\u00c9crit par\" \/>\n\t<meta name=\"twitter:data1\" content=\"redazione\" \/>\n\t<meta name=\"twitter:label2\" content=\"Dur\u00e9e de lecture estim\u00e9e\" \/>\n\t<meta name=\"twitter:data2\" content=\"2 minutes\" \/>\n<script type=\"application\/ld+json\" class=\"yoast-schema-graph\">{\"@context\":\"https:\\\/\\\/schema.org\",\"@graph\":[{\"@type\":\"Article\",\"@id\":\"https:\\\/\\\/www.bellunopress.it\\\/2012\\\/12\\\/09\\\/movimento-cinque-stelle-belluno-giampaolo-sponga-se-ne-va-con-un-jaccuse-al-vetriolo\\\/#article\",\"isPartOf\":{\"@id\":\"https:\\\/\\\/www.bellunopress.it\\\/2012\\\/12\\\/09\\\/movimento-cinque-stelle-belluno-giampaolo-sponga-se-ne-va-con-un-jaccuse-al-vetriolo\\\/\"},\"author\":{\"name\":\"redazione\",\"@id\":\"https:\\\/\\\/www.bellunopress.it\\\/#\\\/schema\\\/person\\\/79bb06722b37ece1c03d3e94beb30d73\"},\"headline\":\"Movimento Cinque Stelle Belluno: Giampaolo Sponga se ne va con un j&#8217;accuse al vetriolo\",\"datePublished\":\"2012-12-09T14:36:04+00:00\",\"mainEntityOfPage\":{\"@id\":\"https:\\\/\\\/www.bellunopress.it\\\/2012\\\/12\\\/09\\\/movimento-cinque-stelle-belluno-giampaolo-sponga-se-ne-va-con-un-jaccuse-al-vetriolo\\\/\"},\"wordCount\":420,\"publisher\":{\"@id\":\"https:\\\/\\\/www.bellunopress.it\\\/#organization\"},\"image\":{\"@id\":\"https:\\\/\\\/www.bellunopress.it\\\/2012\\\/12\\\/09\\\/movimento-cinque-stelle-belluno-giampaolo-sponga-se-ne-va-con-un-jaccuse-al-vetriolo\\\/#primaryimage\"},\"thumbnailUrl\":\"http:\\\/\\\/www.bellunopress.it\\\/wp-content\\\/uploads\\\/2012\\\/12\\\/giampaolo-sponga1.jpg\",\"articleSection\":[\"Cronaca\\\/Politica\",\"Prima Pagina\"],\"inLanguage\":\"fr-FR\"},{\"@type\":\"WebPage\",\"@id\":\"https:\\\/\\\/www.bellunopress.it\\\/2012\\\/12\\\/09\\\/movimento-cinque-stelle-belluno-giampaolo-sponga-se-ne-va-con-un-jaccuse-al-vetriolo\\\/\",\"url\":\"https:\\\/\\\/www.bellunopress.it\\\/2012\\\/12\\\/09\\\/movimento-cinque-stelle-belluno-giampaolo-sponga-se-ne-va-con-un-jaccuse-al-vetriolo\\\/\",\"name\":\"Movimento Cinque Stelle Belluno: Giampaolo Sponga se ne va con un j'accuse al vetriolo - Bellunopress - Dolomiti\",\"isPartOf\":{\"@id\":\"https:\\\/\\\/www.bellunopress.it\\\/#website\"},\"primaryImageOfPage\":{\"@id\":\"https:\\\/\\\/www.bellunopress.it\\\/2012\\\/12\\\/09\\\/movimento-cinque-stelle-belluno-giampaolo-sponga-se-ne-va-con-un-jaccuse-al-vetriolo\\\/#primaryimage\"},\"image\":{\"@id\":\"https:\\\/\\\/www.bellunopress.it\\\/2012\\\/12\\\/09\\\/movimento-cinque-stelle-belluno-giampaolo-sponga-se-ne-va-con-un-jaccuse-al-vetriolo\\\/#primaryimage\"},\"thumbnailUrl\":\"http:\\\/\\\/www.bellunopress.it\\\/wp-content\\\/uploads\\\/2012\\\/12\\\/giampaolo-sponga1.jpg\",\"datePublished\":\"2012-12-09T14:36:04+00:00\",\"breadcrumb\":{\"@id\":\"https:\\\/\\\/www.bellunopress.it\\\/2012\\\/12\\\/09\\\/movimento-cinque-stelle-belluno-giampaolo-sponga-se-ne-va-con-un-jaccuse-al-vetriolo\\\/#breadcrumb\"},\"inLanguage\":\"fr-FR\",\"potentialAction\":[{\"@type\":\"ReadAction\",\"target\":[\"https:\\\/\\\/www.bellunopress.it\\\/2012\\\/12\\\/09\\\/movimento-cinque-stelle-belluno-giampaolo-sponga-se-ne-va-con-un-jaccuse-al-vetriolo\\\/\"]}]},{\"@type\":\"ImageObject\",\"inLanguage\":\"fr-FR\",\"@id\":\"https:\\\/\\\/www.bellunopress.it\\\/2012\\\/12\\\/09\\\/movimento-cinque-stelle-belluno-giampaolo-sponga-se-ne-va-con-un-jaccuse-al-vetriolo\\\/#primaryimage\",\"url\":\"http:\\\/\\\/www.bellunopress.it\\\/wp-content\\\/uploads\\\/2012\\\/12\\\/giampaolo-sponga1.jpg\",\"contentUrl\":\"http:\\\/\\\/www.bellunopress.it\\\/wp-content\\\/uploads\\\/2012\\\/12\\\/giampaolo-sponga1.jpg\"},{\"@type\":\"BreadcrumbList\",\"@id\":\"https:\\\/\\\/www.bellunopress.it\\\/2012\\\/12\\\/09\\\/movimento-cinque-stelle-belluno-giampaolo-sponga-se-ne-va-con-un-jaccuse-al-vetriolo\\\/#breadcrumb\",\"itemListElement\":[{\"@type\":\"ListItem\",\"position\":1,\"name\":\"Home\",\"item\":\"https:\\\/\\\/www.bellunopress.it\\\/\"},{\"@type\":\"ListItem\",\"position\":2,\"name\":\"Movimento Cinque Stelle Belluno: Giampaolo Sponga se ne va con un j&#8217;accuse al vetriolo\"}]},{\"@type\":\"WebSite\",\"@id\":\"https:\\\/\\\/www.bellunopress.it\\\/#website\",\"url\":\"https:\\\/\\\/www.bellunopress.it\\\/\",\"name\":\"Bellunopress - Dolomiti\",\"description\":\"e-mail: redazione@bellunopress.it\",\"publisher\":{\"@id\":\"https:\\\/\\\/www.bellunopress.it\\\/#organization\"},\"potentialAction\":[{\"@type\":\"SearchAction\",\"target\":{\"@type\":\"EntryPoint\",\"urlTemplate\":\"https:\\\/\\\/www.bellunopress.it\\\/?s={search_term_string}\"},\"query-input\":{\"@type\":\"PropertyValueSpecification\",\"valueRequired\":true,\"valueName\":\"search_term_string\"}}],\"inLanguage\":\"fr-FR\"},{\"@type\":\"Organization\",\"@id\":\"https:\\\/\\\/www.bellunopress.it\\\/#organization\",\"name\":\"Bellunopress\",\"url\":\"https:\\\/\\\/www.bellunopress.it\\\/\",\"logo\":{\"@type\":\"ImageObject\",\"inLanguage\":\"fr-FR\",\"@id\":\"https:\\\/\\\/www.bellunopress.it\\\/#\\\/schema\\\/logo\\\/image\\\/\",\"url\":\"https:\\\/\\\/www.bellunopress.it\\\/wp-content\\\/uploads\\\/2011\\\/05\\\/cropped-logo-bellunopress-.jpg\",\"contentUrl\":\"https:\\\/\\\/www.bellunopress.it\\\/wp-content\\\/uploads\\\/2011\\\/05\\\/cropped-logo-bellunopress-.jpg\",\"width\":512,\"height\":512,\"caption\":\"Bellunopress\"},\"image\":{\"@id\":\"https:\\\/\\\/www.bellunopress.it\\\/#\\\/schema\\\/logo\\\/image\\\/\"},\"sameAs\":[\"https:\\\/\\\/www.facebook.com\\\/profile.php?id=100008943462799\",\"https:\\\/\\\/x.com\\\/bellunopress\",\"https:\\\/\\\/www.linkedin.com\\\/hp\\\/?dnr=JBzUWaJfMUw8vbXJJ2tVW5-I3jZKvC4wsoxE&amp;amp;amp;amp;amp;amp;trk=nav_responsive_tab_home\",\"https:\\\/\\\/www.youtube.com\\\/channel\\\/UCxL0wu1uN0_3_7hGG0306cw\"]},{\"@type\":\"Person\",\"@id\":\"https:\\\/\\\/www.bellunopress.it\\\/#\\\/schema\\\/person\\\/79bb06722b37ece1c03d3e94beb30d73\",\"name\":\"redazione\",\"image\":{\"@type\":\"ImageObject\",\"inLanguage\":\"fr-FR\",\"@id\":\"https:\\\/\\\/secure.gravatar.com\\\/avatar\\\/37d968a2e67a6fd04c169c4bdef102d0bc5d31b2546345219e348575eb80e9a0?s=96&d=mm&r=g\",\"url\":\"https:\\\/\\\/secure.gravatar.com\\\/avatar\\\/37d968a2e67a6fd04c169c4bdef102d0bc5d31b2546345219e348575eb80e9a0?s=96&d=mm&r=g\",\"contentUrl\":\"https:\\\/\\\/secure.gravatar.com\\\/avatar\\\/37d968a2e67a6fd04c169c4bdef102d0bc5d31b2546345219e348575eb80e9a0?s=96&d=mm&r=g\",\"caption\":\"redazione\"},\"sameAs\":[\"http:\\\/\\\/www.bellunopress.it\",\"https:\\\/\\\/x.com\\\/bellunopress\"],\"url\":\"https:\\\/\\\/www.bellunopress.it\\\/fr\\\/author\\\/redazione\\\/\"}]}<\/script>\n<!-- \/ Yoast SEO plugin. -->","yoast_head_json":{"title":"Movimento Cinque Stelle Belluno: Giampaolo Sponga se ne va con un j'accuse al vetriolo - Bellunopress - Dolomiti","robots":{"index":"index","follow":"follow","max-snippet":"max-snippet:-1","max-image-preview":"max-image-preview:large","max-video-preview":"max-video-preview:-1"},"canonical":"https:\/\/www.bellunopress.it\/fr\/2012\/12\/09\/movimento-cinque-stelle-belluno-giampaolo-sponga-se-ne-va-con-un-jaccuse-al-vetriolo\/","og_locale":"fr_FR","og_type":"article","og_title":"Movimento Cinque Stelle Belluno: Giampaolo Sponga se ne va con un j'accuse al vetriolo - Bellunopress - Dolomiti","og_description":"&#8220;Comunico la mia intenzione di lasciare con effetto immediato il movimento 5 stelle beppegrillo.it di cui ho fatto parte dalla sua fondazione (Novembre 2009)&#8221;. Lo scrive in una nota Giampaolo Sponga attivista bellunese del Movimento, che non risparmia la sua critica all&#8217;organizzazione. &#8220;Alla base di questa decisione ci sono molte motivazioni e troppe\u00a0divergenze interne a [&hellip;]","og_url":"https:\/\/www.bellunopress.it\/fr\/2012\/12\/09\/movimento-cinque-stelle-belluno-giampaolo-sponga-se-ne-va-con-un-jaccuse-al-vetriolo\/","og_site_name":"Bellunopress - Dolomiti","article_publisher":"https:\/\/www.facebook.com\/profile.php?id=100008943462799","article_published_time":"2012-12-09T14:36:04+00:00","og_image":[{"url":"http:\/\/www.bellunopress.it\/wp-content\/uploads\/2012\/12\/giampaolo-sponga1.jpg","type":"","width":"","height":""}],"author":"redazione","twitter_card":"summary_large_image","twitter_creator":"@bellunopress","twitter_site":"@bellunopress","twitter_misc":{"\u00c9crit par":"redazione","Dur\u00e9e de lecture estim\u00e9e":"2 minutes"},"schema":{"@context":"https:\/\/schema.org","@graph":[{"@type":"Article","@id":"https:\/\/www.bellunopress.it\/2012\/12\/09\/movimento-cinque-stelle-belluno-giampaolo-sponga-se-ne-va-con-un-jaccuse-al-vetriolo\/#article","isPartOf":{"@id":"https:\/\/www.bellunopress.it\/2012\/12\/09\/movimento-cinque-stelle-belluno-giampaolo-sponga-se-ne-va-con-un-jaccuse-al-vetriolo\/"},"author":{"name":"redazione","@id":"https:\/\/www.bellunopress.it\/#\/schema\/person\/79bb06722b37ece1c03d3e94beb30d73"},"headline":"Movimento Cinque Stelle Belluno: Giampaolo Sponga se ne va con un j&#8217;accuse al vetriolo","datePublished":"2012-12-09T14:36:04+00:00","mainEntityOfPage":{"@id":"https:\/\/www.bellunopress.it\/2012\/12\/09\/movimento-cinque-stelle-belluno-giampaolo-sponga-se-ne-va-con-un-jaccuse-al-vetriolo\/"},"wordCount":420,"publisher":{"@id":"https:\/\/www.bellunopress.it\/#organization"},"image":{"@id":"https:\/\/www.bellunopress.it\/2012\/12\/09\/movimento-cinque-stelle-belluno-giampaolo-sponga-se-ne-va-con-un-jaccuse-al-vetriolo\/#primaryimage"},"thumbnailUrl":"http:\/\/www.bellunopress.it\/wp-content\/uploads\/2012\/12\/giampaolo-sponga1.jpg","articleSection":["Cronaca\/Politica","Prima Pagina"],"inLanguage":"fr-FR"},{"@type":"WebPage","@id":"https:\/\/www.bellunopress.it\/2012\/12\/09\/movimento-cinque-stelle-belluno-giampaolo-sponga-se-ne-va-con-un-jaccuse-al-vetriolo\/","url":"https:\/\/www.bellunopress.it\/2012\/12\/09\/movimento-cinque-stelle-belluno-giampaolo-sponga-se-ne-va-con-un-jaccuse-al-vetriolo\/","name":"Movimento Cinque Stelle Belluno: Giampaolo Sponga se ne va con un j'accuse al vetriolo - Bellunopress - Dolomiti","isPartOf":{"@id":"https:\/\/www.bellunopress.it\/#website"},"primaryImageOfPage":{"@id":"https:\/\/www.bellunopress.it\/2012\/12\/09\/movimento-cinque-stelle-belluno-giampaolo-sponga-se-ne-va-con-un-jaccuse-al-vetriolo\/#primaryimage"},"image":{"@id":"https:\/\/www.bellunopress.it\/2012\/12\/09\/movimento-cinque-stelle-belluno-giampaolo-sponga-se-ne-va-con-un-jaccuse-al-vetriolo\/#primaryimage"},"thumbnailUrl":"http:\/\/www.bellunopress.it\/wp-content\/uploads\/2012\/12\/giampaolo-sponga1.jpg","datePublished":"2012-12-09T14:36:04+00:00","breadcrumb":{"@id":"https:\/\/www.bellunopress.it\/2012\/12\/09\/movimento-cinque-stelle-belluno-giampaolo-sponga-se-ne-va-con-un-jaccuse-al-vetriolo\/#breadcrumb"},"inLanguage":"fr-FR","potentialAction":[{"@type":"ReadAction","target":["https:\/\/www.bellunopress.it\/2012\/12\/09\/movimento-cinque-stelle-belluno-giampaolo-sponga-se-ne-va-con-un-jaccuse-al-vetriolo\/"]}]},{"@type":"ImageObject","inLanguage":"fr-FR","@id":"https:\/\/www.bellunopress.it\/2012\/12\/09\/movimento-cinque-stelle-belluno-giampaolo-sponga-se-ne-va-con-un-jaccuse-al-vetriolo\/#primaryimage","url":"http:\/\/www.bellunopress.it\/wp-content\/uploads\/2012\/12\/giampaolo-sponga1.jpg","contentUrl":"http:\/\/www.bellunopress.it\/wp-content\/uploads\/2012\/12\/giampaolo-sponga1.jpg"},{"@type":"BreadcrumbList","@id":"https:\/\/www.bellunopress.it\/2012\/12\/09\/movimento-cinque-stelle-belluno-giampaolo-sponga-se-ne-va-con-un-jaccuse-al-vetriolo\/#breadcrumb","itemListElement":[{"@type":"ListItem","position":1,"name":"Home","item":"https:\/\/www.bellunopress.it\/"},{"@type":"ListItem","position":2,"name":"Movimento Cinque Stelle Belluno: Giampaolo Sponga se ne va con un j&#8217;accuse al vetriolo"}]},{"@type":"WebSite","@id":"https:\/\/www.bellunopress.it\/#website","url":"https:\/\/www.bellunopress.it\/","name":"Bellunopress - Dolomiti","description":"e-mail: redazione@bellunopress.it","publisher":{"@id":"https:\/\/www.bellunopress.it\/#organization"},"potentialAction":[{"@type":"SearchAction","target":{"@type":"EntryPoint","urlTemplate":"https:\/\/www.bellunopress.it\/?s={search_term_string}"},"query-input":{"@type":"PropertyValueSpecification","valueRequired":true,"valueName":"search_term_string"}}],"inLanguage":"fr-FR"},{"@type":"Organization","@id":"https:\/\/www.bellunopress.it\/#organization","name":"Bellunopress","url":"https:\/\/www.bellunopress.it\/","logo":{"@type":"ImageObject","inLanguage":"fr-FR","@id":"https:\/\/www.bellunopress.it\/#\/schema\/logo\/image\/","url":"https:\/\/www.bellunopress.it\/wp-content\/uploads\/2011\/05\/cropped-logo-bellunopress-.jpg","contentUrl":"https:\/\/www.bellunopress.it\/wp-content\/uploads\/2011\/05\/cropped-logo-bellunopress-.jpg","width":512,"height":512,"caption":"Bellunopress"},"image":{"@id":"https:\/\/www.bellunopress.it\/#\/schema\/logo\/image\/"},"sameAs":["https:\/\/www.facebook.com\/profile.php?id=100008943462799","https:\/\/x.com\/bellunopress","https:\/\/www.linkedin.com\/hp\/?dnr=JBzUWaJfMUw8vbXJJ2tVW5-I3jZKvC4wsoxE&amp;amp;amp;amp;amp;amp;trk=nav_responsive_tab_home","https:\/\/www.youtube.com\/channel\/UCxL0wu1uN0_3_7hGG0306cw"]},{"@type":"Person","@id":"https:\/\/www.bellunopress.it\/#\/schema\/person\/79bb06722b37ece1c03d3e94beb30d73","name":"r\u00e9daction","image":{"@type":"ImageObject","inLanguage":"fr-FR","@id":"https:\/\/secure.gravatar.com\/avatar\/37d968a2e67a6fd04c169c4bdef102d0bc5d31b2546345219e348575eb80e9a0?s=96&d=mm&r=g","url":"https:\/\/secure.gravatar.com\/avatar\/37d968a2e67a6fd04c169c4bdef102d0bc5d31b2546345219e348575eb80e9a0?s=96&d=mm&r=g","contentUrl":"https:\/\/secure.gravatar.com\/avatar\/37d968a2e67a6fd04c169c4bdef102d0bc5d31b2546345219e348575eb80e9a0?s=96&d=mm&r=g","caption":"redazione"},"sameAs":["http:\/\/www.bellunopress.it","https:\/\/x.com\/bellunopress"],"url":"https:\/\/www.bellunopress.it\/fr\/author\/redazione\/"}]}},"_links":{"self":[{"href":"https:\/\/www.bellunopress.it\/fr\/wp-json\/wp\/v2\/posts\/44611","targetHints":{"allow":["GET"]}}],"collection":[{"href":"https:\/\/www.bellunopress.it\/fr\/wp-json\/wp\/v2\/posts"}],"about":[{"href":"https:\/\/www.bellunopress.it\/fr\/wp-json\/wp\/v2\/types\/post"}],"author":[{"embeddable":true,"href":"https:\/\/www.bellunopress.it\/fr\/wp-json\/wp\/v2\/users\/2"}],"replies":[{"embeddable":true,"href":"https:\/\/www.bellunopress.it\/fr\/wp-json\/wp\/v2\/comments?post=44611"}],"version-history":[{"count":1,"href":"https:\/\/www.bellunopress.it\/fr\/wp-json\/wp\/v2\/posts\/44611\/revisions"}],"predecessor-version":[{"id":44614,"href":"https:\/\/www.bellunopress.it\/fr\/wp-json\/wp\/v2\/posts\/44611\/revisions\/44614"}],"wp:attachment":[{"href":"https:\/\/www.bellunopress.it\/fr\/wp-json\/wp\/v2\/media?parent=44611"}],"wp:term":[{"taxonomy":"category","embeddable":true,"href":"https:\/\/www.bellunopress.it\/fr\/wp-json\/wp\/v2\/categories?post=44611"},{"taxonomy":"post_tag","embeddable":true,"href":"https:\/\/www.bellunopress.it\/fr\/wp-json\/wp\/v2\/tags?post=44611"}],"curies":[{"name":"wp","href":"https:\/\/api.w.org\/{rel}","templated":true}]}}