{"id":44601,"date":"2012-12-08T23:17:10","date_gmt":"2012-12-08T22:17:10","guid":{"rendered":"http:\/\/www.bellunopress.it\/?p=44601"},"modified":"2012-12-08T23:17:10","modified_gmt":"2012-12-08T22:17:10","slug":"calalzo-di-cadore-un-bando-da-4-000-euro-per-il-sostegno-nel-pagamento-delle-bollette-de-carlointerverremo-anche-su-situazioni-nascoste-di-difficolta","status":"publish","type":"post","link":"https:\/\/www.bellunopress.it\/fr\/2012\/12\/08\/calalzo-di-cadore-un-bando-da-4-000-euro-per-il-sostegno-nel-pagamento-delle-bollette-de-carlointerverremo-anche-su-situazioni-nascoste-di-difficolta\/","title":{"rendered":"Calalzo di Cadore: un bando da 4.000 euro per il sostegno nel pagamento delle bollette. De Carlo:Interverremo anche su situazioni nascoste di difficolt\u00e0\u201d"},"content":{"rendered":"<p><a href=\"http:\/\/www.bellunopress.it\/wp-content\/uploads\/2012\/03\/luca-de-carlo.jpg\"><img loading=\"lazy\" decoding=\"async\" class=\"alignleft size-full wp-image-36449\" title=\"luca de carlo\" src=\"http:\/\/www.bellunopress.it\/wp-content\/uploads\/2012\/03\/luca-de-carlo.jpg\" alt=\"\" width=\"138\" height=\"150\" \/><\/a>\u201cQuando la crisi morde in maniera pi\u00f9 dura, noi allarghiamo il nostro sistema di welfare comunale, andando ad intercettare anche chi, per carattere o dignit\u00e0, non manifesta le proprie difficolt\u00e0. Aiuteremo quindi i calaltini, residenti in paese da almeno 5 anni, a pagare le bollette, intervenendo con 4.000 euro nonostante i tagli pesanti dal Governo che quest\u2019anno ammontano a 143.000 euro\u201d.<\/p>\n<p>Il sindaco di Calalzo Luca De Carlo annuncia cos\u00ec l\u2019apertura di un Bando per il pagamento delle utenze domestiche, che offrir\u00e0 la possibilit\u00e0 di ricevere un contributo massimo di 200 euro a 20 famiglie residenti con reddito Isee inferiore a 15.000 euro.<\/p>\n<p>\u201cDue anni fa ci eravamo concentrati sulle famiglie con 2 figli; oggi vogliamo aprire il Bando anche a quelle persone che hanno perso il lavoro o si trovano pur momentaneamente in stato di difficolt\u00e0, magari anziani su cui le bollette pesano eccome. Sappiamo che molti per dignit\u00e0 non sono abituati a chiedere, ma per questo contatteremo le nostre associazioni per intercettare anche le situazioni pi\u00f9 nascoste e silenziose\u201d.<\/p>\n<p>\u00c8 il sociale del fare, quello che arriva dopo l\u2019approvazione del Regolamento del settore ad inizio mandato. Allora ci eravamo ripromessi che non restasse carta morta, ma di dargli attuazione concreta riempiendolo di azioni e di contenuti. \u00c8 anche l\u2019ennesima dimostrazione che un welfare serio non si basa sull\u2019assistenzialismo generico, ma sull\u2019individuazione di esigenze specifiche anche temporanee da supportare\u201d.<\/p>\n<p>\u201cNon \u00e8 questa la prima occasione in cui lo attestiamo \u2013 dice De Carlo -. Precedentemente a questo Bando siamo intervenuti su diverse fasce di popolazione: dal Bonus beb\u00e8 al Bonus libri al contributo per il trasporto scolastico. Abbiamo poche risorse e siamo un Comune piccolo, ma questi 4.000 euro ricavati dal gi\u00e0 magro Bilancio vogliamo dedicarli a un importante strumento di welfare anticrisi e anti-spopolamento, destinato come da Statuto a chi si \u00e8 legato in maniera pi\u00f9 forte al territorio\u201d.<\/p>\n<p>Il Bando, che sar\u00e0 aperto nei prossimi giorni dandone adeguata comunicazione nel sito del Comune e nel blog del sindaco, prevede che si possa richiedere il contributo allegando alla domanda le bollette da ottobre 2012 ad aprile 2013. Ad essere finanziati saranno i primi 20 in graduatoria, con precedenza al pi\u00f9 basso reddito Isee.<\/p>","protected":false},"excerpt":{"rendered":"<p>\u201cQuando la crisi morde in maniera pi\u00f9 dura, noi allarghiamo il nostro sistema di welfare comunale, andando ad intercettare anche chi, per carattere o dignit\u00e0, non manifesta le proprie difficolt\u00e0. Aiuteremo quindi i calaltini, residenti in paese da almeno 5 anni, a pagare le bollette, intervenendo con 4.000 euro nonostante i tagli pesanti dal Governo [&hellip;]<\/p>\n","protected":false},"author":2,"featured_media":0,"comment_status":"closed","ping_status":"open","sticky":false,"template":"","format":"standard","meta":{"footnotes":""},"categories":[5,26],"tags":[],"class_list":["post-44601","post","type-post","status-publish","format-standard","category-cronaca","category-prima-pagina"],"yoast_head":"<!-- This site is optimized with the Yoast SEO plugin v28.4 - https:\/\/yoast.com\/product\/yoast-seo-wordpress\/ -->\n<title>Calalzo di Cadore: un bando da 4.000 euro per il sostegno nel pagamento delle bollette. De Carlo:Interverremo anche su situazioni nascoste di difficolt\u00e0\u201d - Bellunopress - Dolomiti<\/title>\n<meta name=\"robots\" content=\"index, follow, max-snippet:-1, max-image-preview:large, max-video-preview:-1\" \/>\n<link rel=\"canonical\" href=\"https:\/\/www.bellunopress.it\/fr\/2012\/12\/08\/calalzo-di-cadore-un-bando-da-4-000-euro-per-il-sostegno-nel-pagamento-delle-bollette-de-carlointerverremo-anche-su-situazioni-nascoste-di-difficolta\/\" \/>\n<meta property=\"og:locale\" content=\"fr_FR\" \/>\n<meta property=\"og:type\" content=\"article\" \/>\n<meta property=\"og:title\" content=\"Calalzo di Cadore: un bando da 4.000 euro per il sostegno nel pagamento delle bollette. De Carlo:Interverremo anche su situazioni nascoste di difficolt\u00e0\u201d - Bellunopress - Dolomiti\" \/>\n<meta property=\"og:description\" content=\"\u201cQuando la crisi morde in maniera pi\u00f9 dura, noi allarghiamo il nostro sistema di welfare comunale, andando ad intercettare anche chi, per carattere o dignit\u00e0, non manifesta le proprie difficolt\u00e0. Aiuteremo quindi i calaltini, residenti in paese da almeno 5 anni, a pagare le bollette, intervenendo con 4.000 euro nonostante i tagli pesanti dal Governo [&hellip;]\" \/>\n<meta property=\"og:url\" content=\"https:\/\/www.bellunopress.it\/fr\/2012\/12\/08\/calalzo-di-cadore-un-bando-da-4-000-euro-per-il-sostegno-nel-pagamento-delle-bollette-de-carlointerverremo-anche-su-situazioni-nascoste-di-difficolta\/\" \/>\n<meta property=\"og:site_name\" content=\"Bellunopress - Dolomiti\" \/>\n<meta property=\"article:publisher\" content=\"https:\/\/www.facebook.com\/profile.php?id=100008943462799\" \/>\n<meta property=\"article:published_time\" content=\"2012-12-08T22:17:10+00:00\" \/>\n<meta property=\"og:image\" content=\"http:\/\/www.bellunopress.it\/wp-content\/uploads\/2012\/03\/luca-de-carlo.jpg\" \/>\n<meta name=\"author\" content=\"redazione\" \/>\n<meta name=\"twitter:card\" content=\"summary_large_image\" \/>\n<meta name=\"twitter:creator\" content=\"@bellunopress\" \/>\n<meta name=\"twitter:site\" content=\"@bellunopress\" \/>\n<meta name=\"twitter:label1\" content=\"Written by\" \/>\n\t<meta name=\"twitter:data1\" content=\"redazione\" \/>\n\t<meta name=\"twitter:label2\" content=\"Est. reading time\" \/>\n\t<meta name=\"twitter:data2\" content=\"2 minutes\" \/>\n<script type=\"application\/ld+json\" class=\"yoast-schema-graph\">{\"@context\":\"https:\\\/\\\/schema.org\",\"@graph\":[{\"@type\":\"Article\",\"@id\":\"https:\\\/\\\/www.bellunopress.it\\\/2012\\\/12\\\/08\\\/calalzo-di-cadore-un-bando-da-4-000-euro-per-il-sostegno-nel-pagamento-delle-bollette-de-carlointerverremo-anche-su-situazioni-nascoste-di-difficolta\\\/#article\",\"isPartOf\":{\"@id\":\"https:\\\/\\\/www.bellunopress.it\\\/2012\\\/12\\\/08\\\/calalzo-di-cadore-un-bando-da-4-000-euro-per-il-sostegno-nel-pagamento-delle-bollette-de-carlointerverremo-anche-su-situazioni-nascoste-di-difficolta\\\/\"},\"author\":{\"name\":\"redazione\",\"@id\":\"https:\\\/\\\/www.bellunopress.it\\\/#\\\/schema\\\/person\\\/79bb06722b37ece1c03d3e94beb30d73\"},\"headline\":\"Calalzo di Cadore: un bando da 4.000 euro per il sostegno nel pagamento delle bollette. De Carlo:Interverremo anche su situazioni nascoste di difficolt\u00e0\u201d\",\"datePublished\":\"2012-12-08T22:17:10+00:00\",\"mainEntityOfPage\":{\"@id\":\"https:\\\/\\\/www.bellunopress.it\\\/2012\\\/12\\\/08\\\/calalzo-di-cadore-un-bando-da-4-000-euro-per-il-sostegno-nel-pagamento-delle-bollette-de-carlointerverremo-anche-su-situazioni-nascoste-di-difficolta\\\/\"},\"wordCount\":378,\"publisher\":{\"@id\":\"https:\\\/\\\/www.bellunopress.it\\\/#organization\"},\"image\":{\"@id\":\"https:\\\/\\\/www.bellunopress.it\\\/2012\\\/12\\\/08\\\/calalzo-di-cadore-un-bando-da-4-000-euro-per-il-sostegno-nel-pagamento-delle-bollette-de-carlointerverremo-anche-su-situazioni-nascoste-di-difficolta\\\/#primaryimage\"},\"thumbnailUrl\":\"http:\\\/\\\/www.bellunopress.it\\\/wp-content\\\/uploads\\\/2012\\\/03\\\/luca-de-carlo.jpg\",\"articleSection\":[\"Cronaca\\\/Politica\",\"Prima Pagina\"],\"inLanguage\":\"fr-FR\"},{\"@type\":\"WebPage\",\"@id\":\"https:\\\/\\\/www.bellunopress.it\\\/2012\\\/12\\\/08\\\/calalzo-di-cadore-un-bando-da-4-000-euro-per-il-sostegno-nel-pagamento-delle-bollette-de-carlointerverremo-anche-su-situazioni-nascoste-di-difficolta\\\/\",\"url\":\"https:\\\/\\\/www.bellunopress.it\\\/2012\\\/12\\\/08\\\/calalzo-di-cadore-un-bando-da-4-000-euro-per-il-sostegno-nel-pagamento-delle-bollette-de-carlointerverremo-anche-su-situazioni-nascoste-di-difficolta\\\/\",\"name\":\"Calalzo di Cadore: un bando da 4.000 euro per il sostegno nel pagamento delle bollette. De Carlo:Interverremo anche su situazioni nascoste di difficolt\u00e0\u201d - Bellunopress - Dolomiti\",\"isPartOf\":{\"@id\":\"https:\\\/\\\/www.bellunopress.it\\\/#website\"},\"primaryImageOfPage\":{\"@id\":\"https:\\\/\\\/www.bellunopress.it\\\/2012\\\/12\\\/08\\\/calalzo-di-cadore-un-bando-da-4-000-euro-per-il-sostegno-nel-pagamento-delle-bollette-de-carlointerverremo-anche-su-situazioni-nascoste-di-difficolta\\\/#primaryimage\"},\"image\":{\"@id\":\"https:\\\/\\\/www.bellunopress.it\\\/2012\\\/12\\\/08\\\/calalzo-di-cadore-un-bando-da-4-000-euro-per-il-sostegno-nel-pagamento-delle-bollette-de-carlointerverremo-anche-su-situazioni-nascoste-di-difficolta\\\/#primaryimage\"},\"thumbnailUrl\":\"http:\\\/\\\/www.bellunopress.it\\\/wp-content\\\/uploads\\\/2012\\\/03\\\/luca-de-carlo.jpg\",\"datePublished\":\"2012-12-08T22:17:10+00:00\",\"breadcrumb\":{\"@id\":\"https:\\\/\\\/www.bellunopress.it\\\/2012\\\/12\\\/08\\\/calalzo-di-cadore-un-bando-da-4-000-euro-per-il-sostegno-nel-pagamento-delle-bollette-de-carlointerverremo-anche-su-situazioni-nascoste-di-difficolta\\\/#breadcrumb\"},\"inLanguage\":\"fr-FR\",\"potentialAction\":[{\"@type\":\"ReadAction\",\"target\":[\"https:\\\/\\\/www.bellunopress.it\\\/2012\\\/12\\\/08\\\/calalzo-di-cadore-un-bando-da-4-000-euro-per-il-sostegno-nel-pagamento-delle-bollette-de-carlointerverremo-anche-su-situazioni-nascoste-di-difficolta\\\/\"]}]},{\"@type\":\"ImageObject\",\"inLanguage\":\"fr-FR\",\"@id\":\"https:\\\/\\\/www.bellunopress.it\\\/2012\\\/12\\\/08\\\/calalzo-di-cadore-un-bando-da-4-000-euro-per-il-sostegno-nel-pagamento-delle-bollette-de-carlointerverremo-anche-su-situazioni-nascoste-di-difficolta\\\/#primaryimage\",\"url\":\"http:\\\/\\\/www.bellunopress.it\\\/wp-content\\\/uploads\\\/2012\\\/03\\\/luca-de-carlo.jpg\",\"contentUrl\":\"http:\\\/\\\/www.bellunopress.it\\\/wp-content\\\/uploads\\\/2012\\\/03\\\/luca-de-carlo.jpg\"},{\"@type\":\"BreadcrumbList\",\"@id\":\"https:\\\/\\\/www.bellunopress.it\\\/2012\\\/12\\\/08\\\/calalzo-di-cadore-un-bando-da-4-000-euro-per-il-sostegno-nel-pagamento-delle-bollette-de-carlointerverremo-anche-su-situazioni-nascoste-di-difficolta\\\/#breadcrumb\",\"itemListElement\":[{\"@type\":\"ListItem\",\"position\":1,\"name\":\"Home\",\"item\":\"https:\\\/\\\/www.bellunopress.it\\\/\"},{\"@type\":\"ListItem\",\"position\":2,\"name\":\"Calalzo di Cadore: un bando da 4.000 euro per il sostegno nel pagamento delle bollette. De Carlo:Interverremo anche su situazioni nascoste di difficolt\u00e0\u201d\"}]},{\"@type\":\"WebSite\",\"@id\":\"https:\\\/\\\/www.bellunopress.it\\\/#website\",\"url\":\"https:\\\/\\\/www.bellunopress.it\\\/\",\"name\":\"Bellunopress - Dolomiti\",\"description\":\"e-mail: redazione@bellunopress.it\",\"publisher\":{\"@id\":\"https:\\\/\\\/www.bellunopress.it\\\/#organization\"},\"potentialAction\":[{\"@type\":\"SearchAction\",\"target\":{\"@type\":\"EntryPoint\",\"urlTemplate\":\"https:\\\/\\\/www.bellunopress.it\\\/?s={search_term_string}\"},\"query-input\":{\"@type\":\"PropertyValueSpecification\",\"valueRequired\":true,\"valueName\":\"search_term_string\"}}],\"inLanguage\":\"fr-FR\"},{\"@type\":\"Organization\",\"@id\":\"https:\\\/\\\/www.bellunopress.it\\\/#organization\",\"name\":\"Bellunopress\",\"url\":\"https:\\\/\\\/www.bellunopress.it\\\/\",\"logo\":{\"@type\":\"ImageObject\",\"inLanguage\":\"fr-FR\",\"@id\":\"https:\\\/\\\/www.bellunopress.it\\\/#\\\/schema\\\/logo\\\/image\\\/\",\"url\":\"https:\\\/\\\/www.bellunopress.it\\\/wp-content\\\/uploads\\\/2011\\\/05\\\/cropped-logo-bellunopress-.jpg\",\"contentUrl\":\"https:\\\/\\\/www.bellunopress.it\\\/wp-content\\\/uploads\\\/2011\\\/05\\\/cropped-logo-bellunopress-.jpg\",\"width\":512,\"height\":512,\"caption\":\"Bellunopress\"},\"image\":{\"@id\":\"https:\\\/\\\/www.bellunopress.it\\\/#\\\/schema\\\/logo\\\/image\\\/\"},\"sameAs\":[\"https:\\\/\\\/www.facebook.com\\\/profile.php?id=100008943462799\",\"https:\\\/\\\/x.com\\\/bellunopress\",\"https:\\\/\\\/www.linkedin.com\\\/hp\\\/?dnr=JBzUWaJfMUw8vbXJJ2tVW5-I3jZKvC4wsoxE&amp;amp;amp;amp;amp;amp;trk=nav_responsive_tab_home\",\"https:\\\/\\\/www.youtube.com\\\/channel\\\/UCxL0wu1uN0_3_7hGG0306cw\"]},{\"@type\":\"Person\",\"@id\":\"https:\\\/\\\/www.bellunopress.it\\\/#\\\/schema\\\/person\\\/79bb06722b37ece1c03d3e94beb30d73\",\"name\":\"redazione\",\"image\":{\"@type\":\"ImageObject\",\"inLanguage\":\"fr-FR\",\"@id\":\"https:\\\/\\\/secure.gravatar.com\\\/avatar\\\/37d968a2e67a6fd04c169c4bdef102d0bc5d31b2546345219e348575eb80e9a0?s=96&d=mm&r=g\",\"url\":\"https:\\\/\\\/secure.gravatar.com\\\/avatar\\\/37d968a2e67a6fd04c169c4bdef102d0bc5d31b2546345219e348575eb80e9a0?s=96&d=mm&r=g\",\"contentUrl\":\"https:\\\/\\\/secure.gravatar.com\\\/avatar\\\/37d968a2e67a6fd04c169c4bdef102d0bc5d31b2546345219e348575eb80e9a0?s=96&d=mm&r=g\",\"caption\":\"redazione\"},\"sameAs\":[\"http:\\\/\\\/www.bellunopress.it\",\"https:\\\/\\\/x.com\\\/bellunopress\"],\"url\":\"https:\\\/\\\/www.bellunopress.it\\\/fr\\\/author\\\/redazione\\\/\"}]}<\/script>\n<!-- \/ Yoast SEO plugin. -->","yoast_head_json":{"title":"Calalzo di Cadore: un bando da 4.000 euro per il sostegno nel pagamento delle bollette. De Carlo:Interverremo anche su situazioni nascoste di difficolt\u00e0\u201d - Bellunopress - Dolomiti","robots":{"index":"index","follow":"follow","max-snippet":"max-snippet:-1","max-image-preview":"max-image-preview:large","max-video-preview":"max-video-preview:-1"},"canonical":"https:\/\/www.bellunopress.it\/fr\/2012\/12\/08\/calalzo-di-cadore-un-bando-da-4-000-euro-per-il-sostegno-nel-pagamento-delle-bollette-de-carlointerverremo-anche-su-situazioni-nascoste-di-difficolta\/","og_locale":"fr_FR","og_type":"article","og_title":"Calalzo di Cadore: un bando da 4.000 euro per il sostegno nel pagamento delle bollette. De Carlo:Interverremo anche su situazioni nascoste di difficolt\u00e0\u201d - Bellunopress - Dolomiti","og_description":"\u201cQuando la crisi morde in maniera pi\u00f9 dura, noi allarghiamo il nostro sistema di welfare comunale, andando ad intercettare anche chi, per carattere o dignit\u00e0, non manifesta le proprie difficolt\u00e0. Aiuteremo quindi i calaltini, residenti in paese da almeno 5 anni, a pagare le bollette, intervenendo con 4.000 euro nonostante i tagli pesanti dal Governo [&hellip;]","og_url":"https:\/\/www.bellunopress.it\/fr\/2012\/12\/08\/calalzo-di-cadore-un-bando-da-4-000-euro-per-il-sostegno-nel-pagamento-delle-bollette-de-carlointerverremo-anche-su-situazioni-nascoste-di-difficolta\/","og_site_name":"Bellunopress - Dolomiti","article_publisher":"https:\/\/www.facebook.com\/profile.php?id=100008943462799","article_published_time":"2012-12-08T22:17:10+00:00","og_image":[{"url":"http:\/\/www.bellunopress.it\/wp-content\/uploads\/2012\/03\/luca-de-carlo.jpg","type":"","width":"","height":""}],"author":"redazione","twitter_card":"summary_large_image","twitter_creator":"@bellunopress","twitter_site":"@bellunopress","twitter_misc":{"Written by":"redazione","Est. reading time":"2 minutes"},"schema":{"@context":"https:\/\/schema.org","@graph":[{"@type":"Article","@id":"https:\/\/www.bellunopress.it\/2012\/12\/08\/calalzo-di-cadore-un-bando-da-4-000-euro-per-il-sostegno-nel-pagamento-delle-bollette-de-carlointerverremo-anche-su-situazioni-nascoste-di-difficolta\/#article","isPartOf":{"@id":"https:\/\/www.bellunopress.it\/2012\/12\/08\/calalzo-di-cadore-un-bando-da-4-000-euro-per-il-sostegno-nel-pagamento-delle-bollette-de-carlointerverremo-anche-su-situazioni-nascoste-di-difficolta\/"},"author":{"name":"redazione","@id":"https:\/\/www.bellunopress.it\/#\/schema\/person\/79bb06722b37ece1c03d3e94beb30d73"},"headline":"Calalzo di Cadore: un bando da 4.000 euro per il sostegno nel pagamento delle bollette. De Carlo:Interverremo anche su situazioni nascoste di difficolt\u00e0\u201d","datePublished":"2012-12-08T22:17:10+00:00","mainEntityOfPage":{"@id":"https:\/\/www.bellunopress.it\/2012\/12\/08\/calalzo-di-cadore-un-bando-da-4-000-euro-per-il-sostegno-nel-pagamento-delle-bollette-de-carlointerverremo-anche-su-situazioni-nascoste-di-difficolta\/"},"wordCount":378,"publisher":{"@id":"https:\/\/www.bellunopress.it\/#organization"},"image":{"@id":"https:\/\/www.bellunopress.it\/2012\/12\/08\/calalzo-di-cadore-un-bando-da-4-000-euro-per-il-sostegno-nel-pagamento-delle-bollette-de-carlointerverremo-anche-su-situazioni-nascoste-di-difficolta\/#primaryimage"},"thumbnailUrl":"http:\/\/www.bellunopress.it\/wp-content\/uploads\/2012\/03\/luca-de-carlo.jpg","articleSection":["Cronaca\/Politica","Prima Pagina"],"inLanguage":"fr-FR"},{"@type":"WebPage","@id":"https:\/\/www.bellunopress.it\/2012\/12\/08\/calalzo-di-cadore-un-bando-da-4-000-euro-per-il-sostegno-nel-pagamento-delle-bollette-de-carlointerverremo-anche-su-situazioni-nascoste-di-difficolta\/","url":"https:\/\/www.bellunopress.it\/2012\/12\/08\/calalzo-di-cadore-un-bando-da-4-000-euro-per-il-sostegno-nel-pagamento-delle-bollette-de-carlointerverremo-anche-su-situazioni-nascoste-di-difficolta\/","name":"Calalzo di Cadore: un bando da 4.000 euro per il sostegno nel pagamento delle bollette. De Carlo:Interverremo anche su situazioni nascoste di difficolt\u00e0\u201d - Bellunopress - Dolomiti","isPartOf":{"@id":"https:\/\/www.bellunopress.it\/#website"},"primaryImageOfPage":{"@id":"https:\/\/www.bellunopress.it\/2012\/12\/08\/calalzo-di-cadore-un-bando-da-4-000-euro-per-il-sostegno-nel-pagamento-delle-bollette-de-carlointerverremo-anche-su-situazioni-nascoste-di-difficolta\/#primaryimage"},"image":{"@id":"https:\/\/www.bellunopress.it\/2012\/12\/08\/calalzo-di-cadore-un-bando-da-4-000-euro-per-il-sostegno-nel-pagamento-delle-bollette-de-carlointerverremo-anche-su-situazioni-nascoste-di-difficolta\/#primaryimage"},"thumbnailUrl":"http:\/\/www.bellunopress.it\/wp-content\/uploads\/2012\/03\/luca-de-carlo.jpg","datePublished":"2012-12-08T22:17:10+00:00","breadcrumb":{"@id":"https:\/\/www.bellunopress.it\/2012\/12\/08\/calalzo-di-cadore-un-bando-da-4-000-euro-per-il-sostegno-nel-pagamento-delle-bollette-de-carlointerverremo-anche-su-situazioni-nascoste-di-difficolta\/#breadcrumb"},"inLanguage":"fr-FR","potentialAction":[{"@type":"ReadAction","target":["https:\/\/www.bellunopress.it\/2012\/12\/08\/calalzo-di-cadore-un-bando-da-4-000-euro-per-il-sostegno-nel-pagamento-delle-bollette-de-carlointerverremo-anche-su-situazioni-nascoste-di-difficolta\/"]}]},{"@type":"ImageObject","inLanguage":"fr-FR","@id":"https:\/\/www.bellunopress.it\/2012\/12\/08\/calalzo-di-cadore-un-bando-da-4-000-euro-per-il-sostegno-nel-pagamento-delle-bollette-de-carlointerverremo-anche-su-situazioni-nascoste-di-difficolta\/#primaryimage","url":"http:\/\/www.bellunopress.it\/wp-content\/uploads\/2012\/03\/luca-de-carlo.jpg","contentUrl":"http:\/\/www.bellunopress.it\/wp-content\/uploads\/2012\/03\/luca-de-carlo.jpg"},{"@type":"BreadcrumbList","@id":"https:\/\/www.bellunopress.it\/2012\/12\/08\/calalzo-di-cadore-un-bando-da-4-000-euro-per-il-sostegno-nel-pagamento-delle-bollette-de-carlointerverremo-anche-su-situazioni-nascoste-di-difficolta\/#breadcrumb","itemListElement":[{"@type":"ListItem","position":1,"name":"Home","item":"https:\/\/www.bellunopress.it\/"},{"@type":"ListItem","position":2,"name":"Calalzo di Cadore: un bando da 4.000 euro per il sostegno nel pagamento delle bollette. De Carlo:Interverremo anche su situazioni nascoste di difficolt\u00e0\u201d"}]},{"@type":"WebSite","@id":"https:\/\/www.bellunopress.it\/#website","url":"https:\/\/www.bellunopress.it\/","name":"Bellunopress - Dolomiti","description":"e-mail: redazione@bellunopress.it","publisher":{"@id":"https:\/\/www.bellunopress.it\/#organization"},"potentialAction":[{"@type":"SearchAction","target":{"@type":"EntryPoint","urlTemplate":"https:\/\/www.bellunopress.it\/?s={search_term_string}"},"query-input":{"@type":"PropertyValueSpecification","valueRequired":true,"valueName":"search_term_string"}}],"inLanguage":"fr-FR"},{"@type":"Organization","@id":"https:\/\/www.bellunopress.it\/#organization","name":"Bellunopress","url":"https:\/\/www.bellunopress.it\/","logo":{"@type":"ImageObject","inLanguage":"fr-FR","@id":"https:\/\/www.bellunopress.it\/#\/schema\/logo\/image\/","url":"https:\/\/www.bellunopress.it\/wp-content\/uploads\/2011\/05\/cropped-logo-bellunopress-.jpg","contentUrl":"https:\/\/www.bellunopress.it\/wp-content\/uploads\/2011\/05\/cropped-logo-bellunopress-.jpg","width":512,"height":512,"caption":"Bellunopress"},"image":{"@id":"https:\/\/www.bellunopress.it\/#\/schema\/logo\/image\/"},"sameAs":["https:\/\/www.facebook.com\/profile.php?id=100008943462799","https:\/\/x.com\/bellunopress","https:\/\/www.linkedin.com\/hp\/?dnr=JBzUWaJfMUw8vbXJJ2tVW5-I3jZKvC4wsoxE&amp;amp;amp;amp;amp;amp;trk=nav_responsive_tab_home","https:\/\/www.youtube.com\/channel\/UCxL0wu1uN0_3_7hGG0306cw"]},{"@type":"Person","@id":"https:\/\/www.bellunopress.it\/#\/schema\/person\/79bb06722b37ece1c03d3e94beb30d73","name":"r\u00e9daction","image":{"@type":"ImageObject","inLanguage":"fr-FR","@id":"https:\/\/secure.gravatar.com\/avatar\/37d968a2e67a6fd04c169c4bdef102d0bc5d31b2546345219e348575eb80e9a0?s=96&d=mm&r=g","url":"https:\/\/secure.gravatar.com\/avatar\/37d968a2e67a6fd04c169c4bdef102d0bc5d31b2546345219e348575eb80e9a0?s=96&d=mm&r=g","contentUrl":"https:\/\/secure.gravatar.com\/avatar\/37d968a2e67a6fd04c169c4bdef102d0bc5d31b2546345219e348575eb80e9a0?s=96&d=mm&r=g","caption":"redazione"},"sameAs":["http:\/\/www.bellunopress.it","https:\/\/x.com\/bellunopress"],"url":"https:\/\/www.bellunopress.it\/fr\/author\/redazione\/"}]}},"_links":{"self":[{"href":"https:\/\/www.bellunopress.it\/fr\/wp-json\/wp\/v2\/posts\/44601","targetHints":{"allow":["GET"]}}],"collection":[{"href":"https:\/\/www.bellunopress.it\/fr\/wp-json\/wp\/v2\/posts"}],"about":[{"href":"https:\/\/www.bellunopress.it\/fr\/wp-json\/wp\/v2\/types\/post"}],"author":[{"embeddable":true,"href":"https:\/\/www.bellunopress.it\/fr\/wp-json\/wp\/v2\/users\/2"}],"replies":[{"embeddable":true,"href":"https:\/\/www.bellunopress.it\/fr\/wp-json\/wp\/v2\/comments?post=44601"}],"version-history":[{"count":1,"href":"https:\/\/www.bellunopress.it\/fr\/wp-json\/wp\/v2\/posts\/44601\/revisions"}],"predecessor-version":[{"id":44602,"href":"https:\/\/www.bellunopress.it\/fr\/wp-json\/wp\/v2\/posts\/44601\/revisions\/44602"}],"wp:attachment":[{"href":"https:\/\/www.bellunopress.it\/fr\/wp-json\/wp\/v2\/media?parent=44601"}],"wp:term":[{"taxonomy":"category","embeddable":true,"href":"https:\/\/www.bellunopress.it\/fr\/wp-json\/wp\/v2\/categories?post=44601"},{"taxonomy":"post_tag","embeddable":true,"href":"https:\/\/www.bellunopress.it\/fr\/wp-json\/wp\/v2\/tags?post=44601"}],"curies":[{"name":"wp","href":"https:\/\/api.w.org\/{rel}","templated":true}]}}