{"id":44594,"date":"2012-12-08T17:14:58","date_gmt":"2012-12-08T16:14:58","guid":{"rendered":"http:\/\/www.bellunopress.it\/?p=44594"},"modified":"2012-12-08T17:14:58","modified_gmt":"2012-12-08T16:14:58","slug":"il-futuro-della-sanita-bellunese-intervento-di-pierenrico-lecis","status":"publish","type":"post","link":"https:\/\/www.bellunopress.it\/fr\/2012\/12\/08\/il-futuro-della-sanita-bellunese-intervento-di-pierenrico-lecis\/","title":{"rendered":"Il futuro della sanit\u00e0 bellunese * intervento di Pierenrico Lecis"},"content":{"rendered":"<p><a href=\"http:\/\/www.bellunopress.it\/wp-content\/uploads\/2012\/12\/pierenrico-lecis.jpg\"><img loading=\"lazy\" decoding=\"async\" class=\"alignleft size-full wp-image-44595\" title=\"pierenrico lecis\" src=\"http:\/\/www.bellunopress.it\/wp-content\/uploads\/2012\/12\/pierenrico-lecis.jpg\" alt=\"\" width=\"232\" height=\"290\" \/><\/a>In questi giorni, sui giornali, sono state riportate numerose ipotesi sul futuro della sanit\u00e0 Bellunese con chiusura e\/o trasferimenti di reparti in altre sedi prevalentemente in pianura, ampliamento di alcuni ospedali , ridimensionamento di altri.<\/p>\n<p>Al proposito ritengo utile vadano fatte alcune precisazioni importanti per dare una informazione adeguata ai cittadini.<\/p>\n<p>Il primo elemento \u00e8 che la programmazione sanitaria regionale basata sulla pubblicazione delle schede sanitarie e territoriali regionali non \u00e8 stata ancora completata e resa pubblica per cui tutte le ipotesi di chiusura e trasferimento di reparti \u00e8 solo teorica. Al momento \u00e8 ancora in corso l\u2019approfondimento politico sull\u2019argomento e questo non pu\u00f2 prescindere dalle peculiarit\u00e0 territoriali della nostra provincia.<\/p>\n<p>Il secondo punto \u00e8 che buona parte delle considerazioni pubblicate in questi giorni sulla sanit\u00e0 bellunese deriva da quanto riportato nel decreto legge Balduzzi approvata recentemente in parlamento. Ebbene, quanto scritto nel decreto non deve essere valutato in maniera acritica ma calato nelle singole realt\u00e0 territoriali perch\u00e9 il decreto stesso tiene comunque presente la qualit\u00e0 delle prestazioni ai cittadini e la tempistica compatibilmente con la territorialit\u00e0.<\/p>\n<p>L\u2019introduzione del concetto di \u201cpresidi ospedalieri in zone particolarmente disagiate\u201d rientra in questo concetto di territorialit\u00e0. Strutture ospedaliere quali quelle di Agordo e Pieve di Cadore, caratterizzate dalle prestazioni sanitarie pi\u00f9 importanti (Reparto di degenza medica, Chirurgia ridotta a Day o Week-surgery, Pronto soccorso, Poliambulatori), a fronte di una riduzione dei posti di degenza, elemento fondamentale nella riduzione dei costi della sanit\u00e0, dovranno offrire un potenziamento della attivit\u00e0 specialistica ambulatoriale, aumentando di fatto l\u2019assistenza ai cittadini.<\/p>\n<p>Sarebbe pertanto un controsenso avere a Pieve e ad Agordo pi\u00f9 posti letto di degenza per la chirurgia e la medicina di quanti ce ne siano negli ospedali di I livello come Belluno e Feltre, come \u00e8 stato ipotizzato sulla stampa pochi giorni fa..<\/p>\n<p>Per quanto riguarda poi il ridimensionamento delle strutture ospedaliere con l\u2019eliminazione di reparti importanti (Malattie infettive, Radioterapia, Gastroenterologia, ecc), in rapporto al bacino di utenza, come \u00e8 stato scritto in questi giorni sui giornali, \u00e8 lo stesso decreto Balduzzi che fa un distinguo importante, sempre in riferimento al territorio montano, in cui recita che \u201cla variabilit\u00e0 dei bacini di utenza tiene conto dei tempi di percorrenza dei cittadini, calcolata anche con la georeferenziazione , e quindi le regioni dovranno utilizzare i bacini minimi in presenza di territori a bassa densit\u00e0 abitativa e quelli massimi in caso opposto\u201d, questo oltre alla diversa considerazione che il decreto Balduzzi ha nei confronti dei reparti con letti di degenza (Gastroenterologia e Malattie infettive) rispetto ai servizi senza letti di degenza.<\/p>\n<p>Ultimo ma non meno importante, sempre il decreto Balduzzi ci indica di ridurre il personale amministrativo dei presidi ospedalieri sotto il 7 %, ma questo potrebbe andare a scapito della efficienza organizzativa nella gestione del rapporto con l\u2019utente. Allora perch\u00e9 non pensare che se \u00e8 importante ridurre i costi amministrativi delle ULSS sia arrivato il momento per il nostro territorio di avere una unica ULSS che ci permetta di dimezzare i costi amministrativi ma alle stesso tempo di raddoppiare l\u2019offerta sanitaria per i cittadini della nostra provincia?<\/p>\n<p>Non c\u2019\u00e8 dubbio comunque che l&#8217;attenzione sul punto vada tenuta molto alta, data la delicatezza e l&#8217;importanza dell&#8217;argomento per la tutela della cittadinanza; riteniamo che il vero interlocutore con la Regione per creare la nuova sanit\u00e0 bellunese sia rappresentata da una Conferenza dei Sindaci allargata, che conosca e rappresenti con forza le problematiche del territorio, avendo a cuore il bene e la salute dei propri cittadini.<\/p>\n<p>Pierenrico Lecis *<\/p>\n<p>* Consigliere di Maggioranza \u2013 \u201cInMovimento\u201d &#8211; Comune di Belluno<\/p>","protected":false},"excerpt":{"rendered":"<p>In questi giorni, sui giornali, sono state riportate numerose ipotesi sul futuro della sanit\u00e0 Bellunese con chiusura e\/o trasferimenti di reparti in altre sedi prevalentemente in pianura, ampliamento di alcuni ospedali , ridimensionamento di altri. Al proposito ritengo utile vadano fatte alcune precisazioni importanti per dare una informazione adeguata ai cittadini. Il primo elemento \u00e8 [&hellip;]<\/p>\n","protected":false},"author":2,"featured_media":0,"comment_status":"closed","ping_status":"open","sticky":false,"template":"","format":"standard","meta":{"footnotes":""},"categories":[5,17],"tags":[],"class_list":["post-44594","post","type-post","status-publish","format-standard","category-cronaca","category-sanita"],"yoast_head":"<!-- This site is optimized with the Yoast SEO plugin v28.4 - https:\/\/yoast.com\/product\/yoast-seo-wordpress\/ -->\n<title>Il futuro della sanit\u00e0 bellunese * intervento di Pierenrico Lecis - Bellunopress - Dolomiti<\/title>\n<meta name=\"robots\" content=\"index, follow, max-snippet:-1, max-image-preview:large, max-video-preview:-1\" \/>\n<link rel=\"canonical\" href=\"https:\/\/www.bellunopress.it\/fr\/2012\/12\/08\/il-futuro-della-sanita-bellunese-intervento-di-pierenrico-lecis\/\" \/>\n<meta property=\"og:locale\" content=\"fr_FR\" \/>\n<meta property=\"og:type\" content=\"article\" \/>\n<meta property=\"og:title\" content=\"Il futuro della sanit\u00e0 bellunese * intervento di Pierenrico Lecis - Bellunopress - Dolomiti\" \/>\n<meta property=\"og:description\" content=\"In questi giorni, sui giornali, sono state riportate numerose ipotesi sul futuro della sanit\u00e0 Bellunese con chiusura e\/o trasferimenti di reparti in altre sedi prevalentemente in pianura, ampliamento di alcuni ospedali , ridimensionamento di altri. Al proposito ritengo utile vadano fatte alcune precisazioni importanti per dare una informazione adeguata ai cittadini. Il primo elemento \u00e8 [&hellip;]\" \/>\n<meta property=\"og:url\" content=\"https:\/\/www.bellunopress.it\/fr\/2012\/12\/08\/il-futuro-della-sanita-bellunese-intervento-di-pierenrico-lecis\/\" \/>\n<meta property=\"og:site_name\" content=\"Bellunopress - Dolomiti\" \/>\n<meta property=\"article:publisher\" content=\"https:\/\/www.facebook.com\/profile.php?id=100008943462799\" \/>\n<meta property=\"article:published_time\" content=\"2012-12-08T16:14:58+00:00\" \/>\n<meta property=\"og:image\" content=\"http:\/\/www.bellunopress.it\/wp-content\/uploads\/2012\/12\/pierenrico-lecis.jpg\" \/>\n<meta name=\"author\" content=\"redazione\" \/>\n<meta name=\"twitter:card\" content=\"summary_large_image\" \/>\n<meta name=\"twitter:creator\" content=\"@bellunopress\" \/>\n<meta name=\"twitter:site\" content=\"@bellunopress\" \/>\n<meta name=\"twitter:label1\" content=\"Written by\" \/>\n\t<meta name=\"twitter:data1\" content=\"redazione\" \/>\n\t<meta name=\"twitter:label2\" content=\"Est. reading time\" \/>\n\t<meta name=\"twitter:data2\" content=\"3 minutes\" \/>\n<script type=\"application\/ld+json\" class=\"yoast-schema-graph\">{\"@context\":\"https:\\\/\\\/schema.org\",\"@graph\":[{\"@type\":\"Article\",\"@id\":\"https:\\\/\\\/www.bellunopress.it\\\/2012\\\/12\\\/08\\\/il-futuro-della-sanita-bellunese-intervento-di-pierenrico-lecis\\\/#article\",\"isPartOf\":{\"@id\":\"https:\\\/\\\/www.bellunopress.it\\\/2012\\\/12\\\/08\\\/il-futuro-della-sanita-bellunese-intervento-di-pierenrico-lecis\\\/\"},\"author\":{\"name\":\"redazione\",\"@id\":\"https:\\\/\\\/www.bellunopress.it\\\/#\\\/schema\\\/person\\\/79bb06722b37ece1c03d3e94beb30d73\"},\"headline\":\"Il futuro della sanit\u00e0 bellunese * intervento di Pierenrico Lecis\",\"datePublished\":\"2012-12-08T16:14:58+00:00\",\"mainEntityOfPage\":{\"@id\":\"https:\\\/\\\/www.bellunopress.it\\\/2012\\\/12\\\/08\\\/il-futuro-della-sanita-bellunese-intervento-di-pierenrico-lecis\\\/\"},\"wordCount\":593,\"publisher\":{\"@id\":\"https:\\\/\\\/www.bellunopress.it\\\/#organization\"},\"image\":{\"@id\":\"https:\\\/\\\/www.bellunopress.it\\\/2012\\\/12\\\/08\\\/il-futuro-della-sanita-bellunese-intervento-di-pierenrico-lecis\\\/#primaryimage\"},\"thumbnailUrl\":\"http:\\\/\\\/www.bellunopress.it\\\/wp-content\\\/uploads\\\/2012\\\/12\\\/pierenrico-lecis.jpg\",\"articleSection\":[\"Cronaca\\\/Politica\",\"Sanit\u00e0 Medicina\"],\"inLanguage\":\"fr-FR\"},{\"@type\":\"WebPage\",\"@id\":\"https:\\\/\\\/www.bellunopress.it\\\/2012\\\/12\\\/08\\\/il-futuro-della-sanita-bellunese-intervento-di-pierenrico-lecis\\\/\",\"url\":\"https:\\\/\\\/www.bellunopress.it\\\/2012\\\/12\\\/08\\\/il-futuro-della-sanita-bellunese-intervento-di-pierenrico-lecis\\\/\",\"name\":\"Il futuro della sanit\u00e0 bellunese * intervento di Pierenrico Lecis - Bellunopress - Dolomiti\",\"isPartOf\":{\"@id\":\"https:\\\/\\\/www.bellunopress.it\\\/#website\"},\"primaryImageOfPage\":{\"@id\":\"https:\\\/\\\/www.bellunopress.it\\\/2012\\\/12\\\/08\\\/il-futuro-della-sanita-bellunese-intervento-di-pierenrico-lecis\\\/#primaryimage\"},\"image\":{\"@id\":\"https:\\\/\\\/www.bellunopress.it\\\/2012\\\/12\\\/08\\\/il-futuro-della-sanita-bellunese-intervento-di-pierenrico-lecis\\\/#primaryimage\"},\"thumbnailUrl\":\"http:\\\/\\\/www.bellunopress.it\\\/wp-content\\\/uploads\\\/2012\\\/12\\\/pierenrico-lecis.jpg\",\"datePublished\":\"2012-12-08T16:14:58+00:00\",\"breadcrumb\":{\"@id\":\"https:\\\/\\\/www.bellunopress.it\\\/2012\\\/12\\\/08\\\/il-futuro-della-sanita-bellunese-intervento-di-pierenrico-lecis\\\/#breadcrumb\"},\"inLanguage\":\"fr-FR\",\"potentialAction\":[{\"@type\":\"ReadAction\",\"target\":[\"https:\\\/\\\/www.bellunopress.it\\\/2012\\\/12\\\/08\\\/il-futuro-della-sanita-bellunese-intervento-di-pierenrico-lecis\\\/\"]}]},{\"@type\":\"ImageObject\",\"inLanguage\":\"fr-FR\",\"@id\":\"https:\\\/\\\/www.bellunopress.it\\\/2012\\\/12\\\/08\\\/il-futuro-della-sanita-bellunese-intervento-di-pierenrico-lecis\\\/#primaryimage\",\"url\":\"http:\\\/\\\/www.bellunopress.it\\\/wp-content\\\/uploads\\\/2012\\\/12\\\/pierenrico-lecis.jpg\",\"contentUrl\":\"http:\\\/\\\/www.bellunopress.it\\\/wp-content\\\/uploads\\\/2012\\\/12\\\/pierenrico-lecis.jpg\"},{\"@type\":\"BreadcrumbList\",\"@id\":\"https:\\\/\\\/www.bellunopress.it\\\/2012\\\/12\\\/08\\\/il-futuro-della-sanita-bellunese-intervento-di-pierenrico-lecis\\\/#breadcrumb\",\"itemListElement\":[{\"@type\":\"ListItem\",\"position\":1,\"name\":\"Home\",\"item\":\"https:\\\/\\\/www.bellunopress.it\\\/\"},{\"@type\":\"ListItem\",\"position\":2,\"name\":\"Il futuro della sanit\u00e0 bellunese * intervento di Pierenrico Lecis\"}]},{\"@type\":\"WebSite\",\"@id\":\"https:\\\/\\\/www.bellunopress.it\\\/#website\",\"url\":\"https:\\\/\\\/www.bellunopress.it\\\/\",\"name\":\"Bellunopress - Dolomiti\",\"description\":\"e-mail: redazione@bellunopress.it\",\"publisher\":{\"@id\":\"https:\\\/\\\/www.bellunopress.it\\\/#organization\"},\"potentialAction\":[{\"@type\":\"SearchAction\",\"target\":{\"@type\":\"EntryPoint\",\"urlTemplate\":\"https:\\\/\\\/www.bellunopress.it\\\/?s={search_term_string}\"},\"query-input\":{\"@type\":\"PropertyValueSpecification\",\"valueRequired\":true,\"valueName\":\"search_term_string\"}}],\"inLanguage\":\"fr-FR\"},{\"@type\":\"Organization\",\"@id\":\"https:\\\/\\\/www.bellunopress.it\\\/#organization\",\"name\":\"Bellunopress\",\"url\":\"https:\\\/\\\/www.bellunopress.it\\\/\",\"logo\":{\"@type\":\"ImageObject\",\"inLanguage\":\"fr-FR\",\"@id\":\"https:\\\/\\\/www.bellunopress.it\\\/#\\\/schema\\\/logo\\\/image\\\/\",\"url\":\"https:\\\/\\\/www.bellunopress.it\\\/wp-content\\\/uploads\\\/2011\\\/05\\\/cropped-logo-bellunopress-.jpg\",\"contentUrl\":\"https:\\\/\\\/www.bellunopress.it\\\/wp-content\\\/uploads\\\/2011\\\/05\\\/cropped-logo-bellunopress-.jpg\",\"width\":512,\"height\":512,\"caption\":\"Bellunopress\"},\"image\":{\"@id\":\"https:\\\/\\\/www.bellunopress.it\\\/#\\\/schema\\\/logo\\\/image\\\/\"},\"sameAs\":[\"https:\\\/\\\/www.facebook.com\\\/profile.php?id=100008943462799\",\"https:\\\/\\\/x.com\\\/bellunopress\",\"https:\\\/\\\/www.linkedin.com\\\/hp\\\/?dnr=JBzUWaJfMUw8vbXJJ2tVW5-I3jZKvC4wsoxE&amp;amp;amp;amp;amp;amp;trk=nav_responsive_tab_home\",\"https:\\\/\\\/www.youtube.com\\\/channel\\\/UCxL0wu1uN0_3_7hGG0306cw\"]},{\"@type\":\"Person\",\"@id\":\"https:\\\/\\\/www.bellunopress.it\\\/#\\\/schema\\\/person\\\/79bb06722b37ece1c03d3e94beb30d73\",\"name\":\"redazione\",\"image\":{\"@type\":\"ImageObject\",\"inLanguage\":\"fr-FR\",\"@id\":\"https:\\\/\\\/secure.gravatar.com\\\/avatar\\\/37d968a2e67a6fd04c169c4bdef102d0bc5d31b2546345219e348575eb80e9a0?s=96&d=mm&r=g\",\"url\":\"https:\\\/\\\/secure.gravatar.com\\\/avatar\\\/37d968a2e67a6fd04c169c4bdef102d0bc5d31b2546345219e348575eb80e9a0?s=96&d=mm&r=g\",\"contentUrl\":\"https:\\\/\\\/secure.gravatar.com\\\/avatar\\\/37d968a2e67a6fd04c169c4bdef102d0bc5d31b2546345219e348575eb80e9a0?s=96&d=mm&r=g\",\"caption\":\"redazione\"},\"sameAs\":[\"http:\\\/\\\/www.bellunopress.it\",\"https:\\\/\\\/x.com\\\/bellunopress\"],\"url\":\"https:\\\/\\\/www.bellunopress.it\\\/fr\\\/author\\\/redazione\\\/\"}]}<\/script>\n<!-- \/ Yoast SEO plugin. -->","yoast_head_json":{"title":"Il futuro della sanit\u00e0 bellunese * intervento di Pierenrico Lecis - Bellunopress - Dolomiti","robots":{"index":"index","follow":"follow","max-snippet":"max-snippet:-1","max-image-preview":"max-image-preview:large","max-video-preview":"max-video-preview:-1"},"canonical":"https:\/\/www.bellunopress.it\/fr\/2012\/12\/08\/il-futuro-della-sanita-bellunese-intervento-di-pierenrico-lecis\/","og_locale":"fr_FR","og_type":"article","og_title":"Il futuro della sanit\u00e0 bellunese * intervento di Pierenrico Lecis - Bellunopress - Dolomiti","og_description":"In questi giorni, sui giornali, sono state riportate numerose ipotesi sul futuro della sanit\u00e0 Bellunese con chiusura e\/o trasferimenti di reparti in altre sedi prevalentemente in pianura, ampliamento di alcuni ospedali , ridimensionamento di altri. Al proposito ritengo utile vadano fatte alcune precisazioni importanti per dare una informazione adeguata ai cittadini. Il primo elemento \u00e8 [&hellip;]","og_url":"https:\/\/www.bellunopress.it\/fr\/2012\/12\/08\/il-futuro-della-sanita-bellunese-intervento-di-pierenrico-lecis\/","og_site_name":"Bellunopress - Dolomiti","article_publisher":"https:\/\/www.facebook.com\/profile.php?id=100008943462799","article_published_time":"2012-12-08T16:14:58+00:00","og_image":[{"url":"http:\/\/www.bellunopress.it\/wp-content\/uploads\/2012\/12\/pierenrico-lecis.jpg","type":"","width":"","height":""}],"author":"redazione","twitter_card":"summary_large_image","twitter_creator":"@bellunopress","twitter_site":"@bellunopress","twitter_misc":{"Written by":"redazione","Est. reading time":"3 minutes"},"schema":{"@context":"https:\/\/schema.org","@graph":[{"@type":"Article","@id":"https:\/\/www.bellunopress.it\/2012\/12\/08\/il-futuro-della-sanita-bellunese-intervento-di-pierenrico-lecis\/#article","isPartOf":{"@id":"https:\/\/www.bellunopress.it\/2012\/12\/08\/il-futuro-della-sanita-bellunese-intervento-di-pierenrico-lecis\/"},"author":{"name":"redazione","@id":"https:\/\/www.bellunopress.it\/#\/schema\/person\/79bb06722b37ece1c03d3e94beb30d73"},"headline":"Il futuro della sanit\u00e0 bellunese * intervento di Pierenrico Lecis","datePublished":"2012-12-08T16:14:58+00:00","mainEntityOfPage":{"@id":"https:\/\/www.bellunopress.it\/2012\/12\/08\/il-futuro-della-sanita-bellunese-intervento-di-pierenrico-lecis\/"},"wordCount":593,"publisher":{"@id":"https:\/\/www.bellunopress.it\/#organization"},"image":{"@id":"https:\/\/www.bellunopress.it\/2012\/12\/08\/il-futuro-della-sanita-bellunese-intervento-di-pierenrico-lecis\/#primaryimage"},"thumbnailUrl":"http:\/\/www.bellunopress.it\/wp-content\/uploads\/2012\/12\/pierenrico-lecis.jpg","articleSection":["Cronaca\/Politica","Sanit\u00e0 Medicina"],"inLanguage":"fr-FR"},{"@type":"WebPage","@id":"https:\/\/www.bellunopress.it\/2012\/12\/08\/il-futuro-della-sanita-bellunese-intervento-di-pierenrico-lecis\/","url":"https:\/\/www.bellunopress.it\/2012\/12\/08\/il-futuro-della-sanita-bellunese-intervento-di-pierenrico-lecis\/","name":"Il futuro della sanit\u00e0 bellunese * intervento di Pierenrico Lecis - Bellunopress - Dolomiti","isPartOf":{"@id":"https:\/\/www.bellunopress.it\/#website"},"primaryImageOfPage":{"@id":"https:\/\/www.bellunopress.it\/2012\/12\/08\/il-futuro-della-sanita-bellunese-intervento-di-pierenrico-lecis\/#primaryimage"},"image":{"@id":"https:\/\/www.bellunopress.it\/2012\/12\/08\/il-futuro-della-sanita-bellunese-intervento-di-pierenrico-lecis\/#primaryimage"},"thumbnailUrl":"http:\/\/www.bellunopress.it\/wp-content\/uploads\/2012\/12\/pierenrico-lecis.jpg","datePublished":"2012-12-08T16:14:58+00:00","breadcrumb":{"@id":"https:\/\/www.bellunopress.it\/2012\/12\/08\/il-futuro-della-sanita-bellunese-intervento-di-pierenrico-lecis\/#breadcrumb"},"inLanguage":"fr-FR","potentialAction":[{"@type":"ReadAction","target":["https:\/\/www.bellunopress.it\/2012\/12\/08\/il-futuro-della-sanita-bellunese-intervento-di-pierenrico-lecis\/"]}]},{"@type":"ImageObject","inLanguage":"fr-FR","@id":"https:\/\/www.bellunopress.it\/2012\/12\/08\/il-futuro-della-sanita-bellunese-intervento-di-pierenrico-lecis\/#primaryimage","url":"http:\/\/www.bellunopress.it\/wp-content\/uploads\/2012\/12\/pierenrico-lecis.jpg","contentUrl":"http:\/\/www.bellunopress.it\/wp-content\/uploads\/2012\/12\/pierenrico-lecis.jpg"},{"@type":"BreadcrumbList","@id":"https:\/\/www.bellunopress.it\/2012\/12\/08\/il-futuro-della-sanita-bellunese-intervento-di-pierenrico-lecis\/#breadcrumb","itemListElement":[{"@type":"ListItem","position":1,"name":"Home","item":"https:\/\/www.bellunopress.it\/"},{"@type":"ListItem","position":2,"name":"Il futuro della sanit\u00e0 bellunese * intervento di Pierenrico Lecis"}]},{"@type":"WebSite","@id":"https:\/\/www.bellunopress.it\/#website","url":"https:\/\/www.bellunopress.it\/","name":"Bellunopress - Dolomiti","description":"e-mail: redazione@bellunopress.it","publisher":{"@id":"https:\/\/www.bellunopress.it\/#organization"},"potentialAction":[{"@type":"SearchAction","target":{"@type":"EntryPoint","urlTemplate":"https:\/\/www.bellunopress.it\/?s={search_term_string}"},"query-input":{"@type":"PropertyValueSpecification","valueRequired":true,"valueName":"search_term_string"}}],"inLanguage":"fr-FR"},{"@type":"Organization","@id":"https:\/\/www.bellunopress.it\/#organization","name":"Bellunopress","url":"https:\/\/www.bellunopress.it\/","logo":{"@type":"ImageObject","inLanguage":"fr-FR","@id":"https:\/\/www.bellunopress.it\/#\/schema\/logo\/image\/","url":"https:\/\/www.bellunopress.it\/wp-content\/uploads\/2011\/05\/cropped-logo-bellunopress-.jpg","contentUrl":"https:\/\/www.bellunopress.it\/wp-content\/uploads\/2011\/05\/cropped-logo-bellunopress-.jpg","width":512,"height":512,"caption":"Bellunopress"},"image":{"@id":"https:\/\/www.bellunopress.it\/#\/schema\/logo\/image\/"},"sameAs":["https:\/\/www.facebook.com\/profile.php?id=100008943462799","https:\/\/x.com\/bellunopress","https:\/\/www.linkedin.com\/hp\/?dnr=JBzUWaJfMUw8vbXJJ2tVW5-I3jZKvC4wsoxE&amp;amp;amp;amp;amp;amp;trk=nav_responsive_tab_home","https:\/\/www.youtube.com\/channel\/UCxL0wu1uN0_3_7hGG0306cw"]},{"@type":"Person","@id":"https:\/\/www.bellunopress.it\/#\/schema\/person\/79bb06722b37ece1c03d3e94beb30d73","name":"r\u00e9daction","image":{"@type":"ImageObject","inLanguage":"fr-FR","@id":"https:\/\/secure.gravatar.com\/avatar\/37d968a2e67a6fd04c169c4bdef102d0bc5d31b2546345219e348575eb80e9a0?s=96&d=mm&r=g","url":"https:\/\/secure.gravatar.com\/avatar\/37d968a2e67a6fd04c169c4bdef102d0bc5d31b2546345219e348575eb80e9a0?s=96&d=mm&r=g","contentUrl":"https:\/\/secure.gravatar.com\/avatar\/37d968a2e67a6fd04c169c4bdef102d0bc5d31b2546345219e348575eb80e9a0?s=96&d=mm&r=g","caption":"redazione"},"sameAs":["http:\/\/www.bellunopress.it","https:\/\/x.com\/bellunopress"],"url":"https:\/\/www.bellunopress.it\/fr\/author\/redazione\/"}]}},"_links":{"self":[{"href":"https:\/\/www.bellunopress.it\/fr\/wp-json\/wp\/v2\/posts\/44594","targetHints":{"allow":["GET"]}}],"collection":[{"href":"https:\/\/www.bellunopress.it\/fr\/wp-json\/wp\/v2\/posts"}],"about":[{"href":"https:\/\/www.bellunopress.it\/fr\/wp-json\/wp\/v2\/types\/post"}],"author":[{"embeddable":true,"href":"https:\/\/www.bellunopress.it\/fr\/wp-json\/wp\/v2\/users\/2"}],"replies":[{"embeddable":true,"href":"https:\/\/www.bellunopress.it\/fr\/wp-json\/wp\/v2\/comments?post=44594"}],"version-history":[{"count":1,"href":"https:\/\/www.bellunopress.it\/fr\/wp-json\/wp\/v2\/posts\/44594\/revisions"}],"predecessor-version":[{"id":44596,"href":"https:\/\/www.bellunopress.it\/fr\/wp-json\/wp\/v2\/posts\/44594\/revisions\/44596"}],"wp:attachment":[{"href":"https:\/\/www.bellunopress.it\/fr\/wp-json\/wp\/v2\/media?parent=44594"}],"wp:term":[{"taxonomy":"category","embeddable":true,"href":"https:\/\/www.bellunopress.it\/fr\/wp-json\/wp\/v2\/categories?post=44594"},{"taxonomy":"post_tag","embeddable":true,"href":"https:\/\/www.bellunopress.it\/fr\/wp-json\/wp\/v2\/tags?post=44594"}],"curies":[{"name":"wp","href":"https:\/\/api.w.org\/{rel}","templated":true}]}}