{"id":44583,"date":"2012-12-07T23:38:59","date_gmt":"2012-12-07T22:38:59","guid":{"rendered":"http:\/\/www.bellunopress.it\/?p=44583"},"modified":"2012-12-07T23:38:59","modified_gmt":"2012-12-07T22:38:59","slug":"ccc-cortina-capsule-collection-stile-creativita-arte-e-originalita-la-mini-collezione-creata-ad-hoc-da-dieci-artiste-emergenti-per-lungo-weekend-della-moda-ampezzano-dieci-pezzi-unici-destinati","status":"publish","type":"post","link":"https:\/\/www.bellunopress.it\/fr\/2012\/12\/07\/ccc-cortina-capsule-collection-stile-creativita-arte-e-originalita-la-mini-collezione-creata-ad-hoc-da-dieci-artiste-emergenti-per-lungo-weekend-della-moda-ampezzano-dieci-pezzi-unici-destinati\/","title":{"rendered":"CCC Cortina capsule collection: Stile, creativit\u00e0, arte e originalit\u00e0, la mini collezione creata ad hoc da dieci artiste emergenti per lungo weekend della moda ampezzano. Dieci pezzi unici, destinati a diventare dei must have"},"content":{"rendered":"<p><strong>Giulia Boccafogli, Anna Francesca Ceccon, Maristella Colombo, Alice Finotti, Carlotta Fiorini e Serena Balbo, Alessandra Lepri, Francesca Liberatore, Luz Molina, Morgana e Valentina Nuzzi sono le designer che porteranno tra le Dolomiti le loro creazioni. Per presentare al pubblico gli originali lavori sabato 8 e domenica 9 dicembre si terranno creative breakfast e creative afternoon all\u2019Hotel Ambra, all\u2019Hotel Ancora, all\u2019Hotel Panda e al Park Hotel Franceschi.<\/strong><\/p>\n<p><a href=\"http:\/\/www.bellunopress.it\/wp-content\/uploads\/2011\/12\/cortina-neve.jpg\"><img loading=\"lazy\" decoding=\"async\" class=\"alignleft size-full wp-image-33503\" title=\"cortina neve\" src=\"http:\/\/www.bellunopress.it\/wp-content\/uploads\/2011\/12\/cortina-neve.jpg\" alt=\"\" width=\"100\" height=\"150\" \/><\/a>Dieci artiste per dieci pezzi unici. Sono i numeri della Cortina Capsule Collection, la collezione\/evento concepita ad hoc per il Cortina Fashion WeekEnd. Accessori moda, ma non solo, destinati a diventare dei veri e propri cult: sabato 8 e domenica 9, in quattro selezionati hotel, si terranno creative breakfast &amp; creative afternoon, ovvero presentazioni \u2013 al mattino e al pomeriggio \u2013 della mini collezione Cortina inspired.<\/p>\n<p>Metodica e volenterosa, Giulia Boccafogli ha coltivato la sua vena creativa con continui studi sui materiali, lavorazioni alternative e artigianalit\u00e0. Al Fashion WeekEnd arriver\u00e0 con un pezzo unico, a met\u00e0 tra una cappa e una stola, in pelle italiana di recupero (fondi di magazzino inutilizzati) dallo stile decadente e sontuoso: ricollegandosi a una moderna reinterpretazione di alcuni ornamenti tipici dell&#8217;epoca vittoriana (jabot e gorgiere), sfrutta le medesime tecniche di lavorazione della pelle, ma si declina in una nuova forma. La collezione rimarr\u00e0 visibile negli spazi dell\u2019Hotel Ambra.<\/p>\n<p>Anna Francesca Ceccon ha alle spalle collaborazioni con grandi marchi come Peclers Paris, Armani, Prada, Pomellato e La Perla. Per la Capsule Collection ha realizzato un cappottino con imbottitura lievissima e in organza bianca sulla cui superficie si creano giochi di luce come riflessi lunari.<\/p>\n<p>Collezione visibile negli spazi del Park Hotel Franceschi.<\/p>\n<p>Maiden-Art sar\u00e0 presente con la sua fondatrice Mariastella Colombo (master al London Marangoni Fashion School) che per l\u2019occasione ha realizzato The Beautiful Ones, una mini collezione di gioielli e accessori moda in perle di vetro, cristalli Swarovski, pietre naturali e semipreziose. Very rockmantic-chic.<\/p>\n<p>Collezione visibile negli spazi dell\u2019Hotel Ancora.<\/p>\n<p>Una laurea all&#8217;Istituto Europeo di Design a Milano per Alice Finotti, la fondatrice del marchio Meraki. Per la CCC ha ideato una camicia in chiffon con micro fantasia dai colori caldi e con piccoli bottoni in coccodrillo, un gilet smanicato e un ampio pantalone in pura lana vergine, il tutto arricchito da un foulard in chiffon cangiante dal color cognac.<\/p>\n<p>Collezione visibile negli spazi dell\u2019Hotel Ancora.<\/p>\n<p>Una collaborazione nel segno del green quella nata tra l\u2019artista Carlotta Fiorini e la designer Serena Balbo che ha dato vita alla linea Animanili. Per la Regina delle Dolomiti hanno pensato a un cappotto\/mantella di linea svasata, tagliato a mezza ruota. Ampio cappuccio, chiusura con bottoni alamari. Double-face con interno in eco-pelliccia, volendo reversibile e volpe argentata avvolta attorno allo scollo. Una moda etica, a basso impatto ambientale, grazie all\u2019utilizzo di materiali organici e di recupero di alta qualit\u00e0.<\/p>\n<p>Collezione visibile negli spazi dell\u2019Hotel Panda.<\/p>\n<p>Alessandra Lepri ha la moda nel sangue. Indossatrice, prima, giornalista e insegnante, dopo, ha trasformato la sua passione in un progetto creativo dedicato a gioielli tessili. All\u2019ombra delle Tofane arriver\u00e0 con bijoux in \u201cvelluto di neve e perle di cristallo\u201d a esprimere il connubio fra i colori freddi del ghiaccio e il calore carezzevole del velluto di seta. Plastron, bracciale, medaglioni e orecchini in Lurex e velluto, tenuti assieme da cristalli di Boemia sfaccettati, leggeri e scintillanti. La presentazione si terr\u00e0 al Park Hotel Franceschi, sabato 8 dicembre alle ore 19.30.<\/p>\n<p>Collezione visibile negli spazi del Park Hotel Franceschi.<\/p>\n<p>Francesca Liberatore porta la sua esperienza di respiro internazionale tra le Dolomiti. Dopo aver lavorato per Jean Paul Gaultier a Parigi e Viktor &amp; Rolf ad Amsterdam, per la CCC presenta un giubbotto, chiodo, in nabuk oliva nera, con coprispalle scolpito in volpe rossa, completato con foulard in twill di seta, limited edition.<\/p>\n<p>Collezione visibile negli spazi dell\u2019Hotel Panda.<\/p>\n<p>Sempre in mood ecologista la felpa asimmetrica di Luz Molina, in cotone biologico con polsini a costina e abito in fibra di latte ricamato a mano.<\/p>\n<p>Collezione visibile negli spazi dell\u2019Hotel Ancora.<\/p>\n<p>Ha esposto anche negli USA \u2013 al Rosa Parks Museum \u2013 Morgana di MOG-ART: focus del suo messaggio artistico l\u2019essenza femminile, intesa come vita e come continuit\u00e0 della nostra specie. A Cortina porta un anello in cristallo trasparente, racchiuso in tre elementi d\u2019oro giallo che lo avvolgono come montagne, affiancato a una onorificenza, simbolo maschile, con nastrino dai classici motivi floreali ampezzani.<\/p>\n<p>Collezione visibile negli spazi dell\u2019Hotel Ambra.<\/p>\n<p>Sapore d\u2019antan per la borsa di Valentina Nuzzi di FEDORAMI: l\u2019artista milanese ha creato un oggetto ispirato alla Cortina anni \u201850, quando fu sede delle VII Olimpiadi Invernali.<\/p>\n<p>Collezione visibile negli spazi del Park Hotel Franceschi.<\/p>\n<p>Tutti i curiosi che vorranno concedersi un momento con l\u2019autore potranno partecipare alla presentazione di Giulia Boccafogli \u2013 in programma sabato 8 dicembre alle ore 12.00 all\u2019Hotel Ancora \u2013e di Alessandra Lepri, alle 19.30 al Park Hotel Franceschi. Domenica 9 dicembre, creative breakfast presso l\u2019Hotel Ancora e l\u2019Hotel Panda, a partire dalle ore 10.00.<\/p>\n<p>www.cortina.dolomiti.org<\/p>\n<p>&nbsp;<\/p>","protected":false},"excerpt":{"rendered":"<p>Giulia Boccafogli, Anna Francesca Ceccon, Maristella Colombo, Alice Finotti, Carlotta Fiorini e Serena Balbo, Alessandra Lepri, Francesca Liberatore, Luz Molina, Morgana e Valentina Nuzzi sono le designer che porteranno tra le Dolomiti le loro creazioni. Per presentare al pubblico gli originali lavori sabato 8 e domenica 9 dicembre si terranno creative breakfast e creative afternoon [&hellip;]<\/p>\n","protected":false},"author":2,"featured_media":0,"comment_status":"closed","ping_status":"open","sticky":false,"template":"","format":"standard","meta":{"footnotes":""},"categories":[27,25,8],"tags":[],"class_list":["post-44583","post","type-post","status-publish","format-standard","category-appuntamenti","category-pausa-caffe","category-societa-istituzioni"],"yoast_head":"<!-- This site is optimized with the Yoast SEO plugin v28.4 - https:\/\/yoast.com\/product\/yoast-seo-wordpress\/ -->\n<title>CCC Cortina capsule collection: Stile, creativit\u00e0, arte e originalit\u00e0, la mini collezione creata ad hoc da dieci artiste emergenti per lungo weekend della moda ampezzano. Dieci pezzi unici, destinati a diventare dei must have - Bellunopress - Dolomiti<\/title>\n<meta name=\"robots\" content=\"index, follow, max-snippet:-1, max-image-preview:large, max-video-preview:-1\" \/>\n<link rel=\"canonical\" href=\"https:\/\/www.bellunopress.it\/fr\/2012\/12\/07\/ccc-cortina-capsule-collection-stile-creativita-arte-e-originalita-la-mini-collezione-creata-ad-hoc-da-dieci-artiste-emergenti-per-lungo-weekend-della-moda-ampezzano-dieci-pezzi-unici-destinati\/\" \/>\n<meta property=\"og:locale\" content=\"fr_FR\" \/>\n<meta property=\"og:type\" content=\"article\" \/>\n<meta property=\"og:title\" content=\"CCC Cortina capsule collection: Stile, creativit\u00e0, arte e originalit\u00e0, la mini collezione creata ad hoc da dieci artiste emergenti per lungo weekend della moda ampezzano. Dieci pezzi unici, destinati a diventare dei must have - Bellunopress - Dolomiti\" \/>\n<meta property=\"og:description\" content=\"Giulia Boccafogli, Anna Francesca Ceccon, Maristella Colombo, Alice Finotti, Carlotta Fiorini e Serena Balbo, Alessandra Lepri, Francesca Liberatore, Luz Molina, Morgana e Valentina Nuzzi sono le designer che porteranno tra le Dolomiti le loro creazioni. Per presentare al pubblico gli originali lavori sabato 8 e domenica 9 dicembre si terranno creative breakfast e creative afternoon [&hellip;]\" \/>\n<meta property=\"og:url\" content=\"https:\/\/www.bellunopress.it\/fr\/2012\/12\/07\/ccc-cortina-capsule-collection-stile-creativita-arte-e-originalita-la-mini-collezione-creata-ad-hoc-da-dieci-artiste-emergenti-per-lungo-weekend-della-moda-ampezzano-dieci-pezzi-unici-destinati\/\" \/>\n<meta property=\"og:site_name\" content=\"Bellunopress - Dolomiti\" \/>\n<meta property=\"article:publisher\" content=\"https:\/\/www.facebook.com\/profile.php?id=100008943462799\" \/>\n<meta property=\"article:published_time\" content=\"2012-12-07T22:38:59+00:00\" \/>\n<meta property=\"og:image\" content=\"http:\/\/www.bellunopress.it\/wp-content\/uploads\/2011\/12\/cortina-neve.jpg\" \/>\n<meta name=\"author\" content=\"redazione\" \/>\n<meta name=\"twitter:card\" content=\"summary_large_image\" \/>\n<meta name=\"twitter:creator\" content=\"@bellunopress\" \/>\n<meta name=\"twitter:site\" content=\"@bellunopress\" \/>\n<meta name=\"twitter:label1\" content=\"Written by\" \/>\n\t<meta name=\"twitter:data1\" content=\"redazione\" \/>\n\t<meta name=\"twitter:label2\" content=\"Est. reading time\" \/>\n\t<meta name=\"twitter:data2\" content=\"4 minutes\" \/>\n<script type=\"application\/ld+json\" class=\"yoast-schema-graph\">{\"@context\":\"https:\\\/\\\/schema.org\",\"@graph\":[{\"@type\":\"Article\",\"@id\":\"https:\\\/\\\/www.bellunopress.it\\\/2012\\\/12\\\/07\\\/ccc-cortina-capsule-collection-stile-creativita-arte-e-originalita-la-mini-collezione-creata-ad-hoc-da-dieci-artiste-emergenti-per-lungo-weekend-della-moda-ampezzano-dieci-pezzi-unici-destinati\\\/#article\",\"isPartOf\":{\"@id\":\"https:\\\/\\\/www.bellunopress.it\\\/2012\\\/12\\\/07\\\/ccc-cortina-capsule-collection-stile-creativita-arte-e-originalita-la-mini-collezione-creata-ad-hoc-da-dieci-artiste-emergenti-per-lungo-weekend-della-moda-ampezzano-dieci-pezzi-unici-destinati\\\/\"},\"author\":{\"name\":\"redazione\",\"@id\":\"https:\\\/\\\/www.bellunopress.it\\\/#\\\/schema\\\/person\\\/79bb06722b37ece1c03d3e94beb30d73\"},\"headline\":\"CCC Cortina capsule collection: Stile, creativit\u00e0, arte e originalit\u00e0, la mini collezione creata ad hoc da dieci artiste emergenti per lungo weekend della moda ampezzano. Dieci pezzi unici, destinati a diventare dei must have\",\"datePublished\":\"2012-12-07T22:38:59+00:00\",\"mainEntityOfPage\":{\"@id\":\"https:\\\/\\\/www.bellunopress.it\\\/2012\\\/12\\\/07\\\/ccc-cortina-capsule-collection-stile-creativita-arte-e-originalita-la-mini-collezione-creata-ad-hoc-da-dieci-artiste-emergenti-per-lungo-weekend-della-moda-ampezzano-dieci-pezzi-unici-destinati\\\/\"},\"wordCount\":868,\"publisher\":{\"@id\":\"https:\\\/\\\/www.bellunopress.it\\\/#organization\"},\"image\":{\"@id\":\"https:\\\/\\\/www.bellunopress.it\\\/2012\\\/12\\\/07\\\/ccc-cortina-capsule-collection-stile-creativita-arte-e-originalita-la-mini-collezione-creata-ad-hoc-da-dieci-artiste-emergenti-per-lungo-weekend-della-moda-ampezzano-dieci-pezzi-unici-destinati\\\/#primaryimage\"},\"thumbnailUrl\":\"http:\\\/\\\/www.bellunopress.it\\\/wp-content\\\/uploads\\\/2011\\\/12\\\/cortina-neve.jpg\",\"articleSection\":[\"Appuntamenti, Eventi\",\"Pausa Caff\u00e8\",\"Societ\u00e0, Associazioni, Istituzioni\"],\"inLanguage\":\"fr-FR\"},{\"@type\":\"WebPage\",\"@id\":\"https:\\\/\\\/www.bellunopress.it\\\/2012\\\/12\\\/07\\\/ccc-cortina-capsule-collection-stile-creativita-arte-e-originalita-la-mini-collezione-creata-ad-hoc-da-dieci-artiste-emergenti-per-lungo-weekend-della-moda-ampezzano-dieci-pezzi-unici-destinati\\\/\",\"url\":\"https:\\\/\\\/www.bellunopress.it\\\/2012\\\/12\\\/07\\\/ccc-cortina-capsule-collection-stile-creativita-arte-e-originalita-la-mini-collezione-creata-ad-hoc-da-dieci-artiste-emergenti-per-lungo-weekend-della-moda-ampezzano-dieci-pezzi-unici-destinati\\\/\",\"name\":\"CCC Cortina capsule collection: Stile, creativit\u00e0, arte e originalit\u00e0, la mini collezione creata ad hoc da dieci artiste emergenti per lungo weekend della moda ampezzano. Dieci pezzi unici, destinati a diventare dei must have - Bellunopress - Dolomiti\",\"isPartOf\":{\"@id\":\"https:\\\/\\\/www.bellunopress.it\\\/#website\"},\"primaryImageOfPage\":{\"@id\":\"https:\\\/\\\/www.bellunopress.it\\\/2012\\\/12\\\/07\\\/ccc-cortina-capsule-collection-stile-creativita-arte-e-originalita-la-mini-collezione-creata-ad-hoc-da-dieci-artiste-emergenti-per-lungo-weekend-della-moda-ampezzano-dieci-pezzi-unici-destinati\\\/#primaryimage\"},\"image\":{\"@id\":\"https:\\\/\\\/www.bellunopress.it\\\/2012\\\/12\\\/07\\\/ccc-cortina-capsule-collection-stile-creativita-arte-e-originalita-la-mini-collezione-creata-ad-hoc-da-dieci-artiste-emergenti-per-lungo-weekend-della-moda-ampezzano-dieci-pezzi-unici-destinati\\\/#primaryimage\"},\"thumbnailUrl\":\"http:\\\/\\\/www.bellunopress.it\\\/wp-content\\\/uploads\\\/2011\\\/12\\\/cortina-neve.jpg\",\"datePublished\":\"2012-12-07T22:38:59+00:00\",\"breadcrumb\":{\"@id\":\"https:\\\/\\\/www.bellunopress.it\\\/2012\\\/12\\\/07\\\/ccc-cortina-capsule-collection-stile-creativita-arte-e-originalita-la-mini-collezione-creata-ad-hoc-da-dieci-artiste-emergenti-per-lungo-weekend-della-moda-ampezzano-dieci-pezzi-unici-destinati\\\/#breadcrumb\"},\"inLanguage\":\"fr-FR\",\"potentialAction\":[{\"@type\":\"ReadAction\",\"target\":[\"https:\\\/\\\/www.bellunopress.it\\\/2012\\\/12\\\/07\\\/ccc-cortina-capsule-collection-stile-creativita-arte-e-originalita-la-mini-collezione-creata-ad-hoc-da-dieci-artiste-emergenti-per-lungo-weekend-della-moda-ampezzano-dieci-pezzi-unici-destinati\\\/\"]}]},{\"@type\":\"ImageObject\",\"inLanguage\":\"fr-FR\",\"@id\":\"https:\\\/\\\/www.bellunopress.it\\\/2012\\\/12\\\/07\\\/ccc-cortina-capsule-collection-stile-creativita-arte-e-originalita-la-mini-collezione-creata-ad-hoc-da-dieci-artiste-emergenti-per-lungo-weekend-della-moda-ampezzano-dieci-pezzi-unici-destinati\\\/#primaryimage\",\"url\":\"http:\\\/\\\/www.bellunopress.it\\\/wp-content\\\/uploads\\\/2011\\\/12\\\/cortina-neve.jpg\",\"contentUrl\":\"http:\\\/\\\/www.bellunopress.it\\\/wp-content\\\/uploads\\\/2011\\\/12\\\/cortina-neve.jpg\"},{\"@type\":\"BreadcrumbList\",\"@id\":\"https:\\\/\\\/www.bellunopress.it\\\/2012\\\/12\\\/07\\\/ccc-cortina-capsule-collection-stile-creativita-arte-e-originalita-la-mini-collezione-creata-ad-hoc-da-dieci-artiste-emergenti-per-lungo-weekend-della-moda-ampezzano-dieci-pezzi-unici-destinati\\\/#breadcrumb\",\"itemListElement\":[{\"@type\":\"ListItem\",\"position\":1,\"name\":\"Home\",\"item\":\"https:\\\/\\\/www.bellunopress.it\\\/\"},{\"@type\":\"ListItem\",\"position\":2,\"name\":\"CCC Cortina capsule collection: Stile, creativit\u00e0, arte e originalit\u00e0, la mini collezione creata ad hoc da dieci artiste emergenti per lungo weekend della moda ampezzano. Dieci pezzi unici, destinati a diventare dei must have\"}]},{\"@type\":\"WebSite\",\"@id\":\"https:\\\/\\\/www.bellunopress.it\\\/#website\",\"url\":\"https:\\\/\\\/www.bellunopress.it\\\/\",\"name\":\"Bellunopress - Dolomiti\",\"description\":\"e-mail: redazione@bellunopress.it\",\"publisher\":{\"@id\":\"https:\\\/\\\/www.bellunopress.it\\\/#organization\"},\"potentialAction\":[{\"@type\":\"SearchAction\",\"target\":{\"@type\":\"EntryPoint\",\"urlTemplate\":\"https:\\\/\\\/www.bellunopress.it\\\/?s={search_term_string}\"},\"query-input\":{\"@type\":\"PropertyValueSpecification\",\"valueRequired\":true,\"valueName\":\"search_term_string\"}}],\"inLanguage\":\"fr-FR\"},{\"@type\":\"Organization\",\"@id\":\"https:\\\/\\\/www.bellunopress.it\\\/#organization\",\"name\":\"Bellunopress\",\"url\":\"https:\\\/\\\/www.bellunopress.it\\\/\",\"logo\":{\"@type\":\"ImageObject\",\"inLanguage\":\"fr-FR\",\"@id\":\"https:\\\/\\\/www.bellunopress.it\\\/#\\\/schema\\\/logo\\\/image\\\/\",\"url\":\"https:\\\/\\\/www.bellunopress.it\\\/wp-content\\\/uploads\\\/2011\\\/05\\\/cropped-logo-bellunopress-.jpg\",\"contentUrl\":\"https:\\\/\\\/www.bellunopress.it\\\/wp-content\\\/uploads\\\/2011\\\/05\\\/cropped-logo-bellunopress-.jpg\",\"width\":512,\"height\":512,\"caption\":\"Bellunopress\"},\"image\":{\"@id\":\"https:\\\/\\\/www.bellunopress.it\\\/#\\\/schema\\\/logo\\\/image\\\/\"},\"sameAs\":[\"https:\\\/\\\/www.facebook.com\\\/profile.php?id=100008943462799\",\"https:\\\/\\\/x.com\\\/bellunopress\",\"https:\\\/\\\/www.linkedin.com\\\/hp\\\/?dnr=JBzUWaJfMUw8vbXJJ2tVW5-I3jZKvC4wsoxE&amp;amp;amp;amp;amp;amp;trk=nav_responsive_tab_home\",\"https:\\\/\\\/www.youtube.com\\\/channel\\\/UCxL0wu1uN0_3_7hGG0306cw\"]},{\"@type\":\"Person\",\"@id\":\"https:\\\/\\\/www.bellunopress.it\\\/#\\\/schema\\\/person\\\/79bb06722b37ece1c03d3e94beb30d73\",\"name\":\"redazione\",\"image\":{\"@type\":\"ImageObject\",\"inLanguage\":\"fr-FR\",\"@id\":\"https:\\\/\\\/secure.gravatar.com\\\/avatar\\\/37d968a2e67a6fd04c169c4bdef102d0bc5d31b2546345219e348575eb80e9a0?s=96&d=mm&r=g\",\"url\":\"https:\\\/\\\/secure.gravatar.com\\\/avatar\\\/37d968a2e67a6fd04c169c4bdef102d0bc5d31b2546345219e348575eb80e9a0?s=96&d=mm&r=g\",\"contentUrl\":\"https:\\\/\\\/secure.gravatar.com\\\/avatar\\\/37d968a2e67a6fd04c169c4bdef102d0bc5d31b2546345219e348575eb80e9a0?s=96&d=mm&r=g\",\"caption\":\"redazione\"},\"sameAs\":[\"http:\\\/\\\/www.bellunopress.it\",\"https:\\\/\\\/x.com\\\/bellunopress\"],\"url\":\"https:\\\/\\\/www.bellunopress.it\\\/fr\\\/author\\\/redazione\\\/\"}]}<\/script>\n<!-- \/ Yoast SEO plugin. -->","yoast_head_json":{"title":"CCC Cortina capsule collection: Stile, creativit\u00e0, arte e originalit\u00e0, la mini collezione creata ad hoc da dieci artiste emergenti per lungo weekend della moda ampezzano. Dieci pezzi unici, destinati a diventare dei must have - Bellunopress - Dolomiti","robots":{"index":"index","follow":"follow","max-snippet":"max-snippet:-1","max-image-preview":"max-image-preview:large","max-video-preview":"max-video-preview:-1"},"canonical":"https:\/\/www.bellunopress.it\/fr\/2012\/12\/07\/ccc-cortina-capsule-collection-stile-creativita-arte-e-originalita-la-mini-collezione-creata-ad-hoc-da-dieci-artiste-emergenti-per-lungo-weekend-della-moda-ampezzano-dieci-pezzi-unici-destinati\/","og_locale":"fr_FR","og_type":"article","og_title":"CCC Cortina capsule collection: Stile, creativit\u00e0, arte e originalit\u00e0, la mini collezione creata ad hoc da dieci artiste emergenti per lungo weekend della moda ampezzano. Dieci pezzi unici, destinati a diventare dei must have - Bellunopress - Dolomiti","og_description":"Giulia Boccafogli, Anna Francesca Ceccon, Maristella Colombo, Alice Finotti, Carlotta Fiorini e Serena Balbo, Alessandra Lepri, Francesca Liberatore, Luz Molina, Morgana e Valentina Nuzzi sono le designer che porteranno tra le Dolomiti le loro creazioni. Per presentare al pubblico gli originali lavori sabato 8 e domenica 9 dicembre si terranno creative breakfast e creative afternoon [&hellip;]","og_url":"https:\/\/www.bellunopress.it\/fr\/2012\/12\/07\/ccc-cortina-capsule-collection-stile-creativita-arte-e-originalita-la-mini-collezione-creata-ad-hoc-da-dieci-artiste-emergenti-per-lungo-weekend-della-moda-ampezzano-dieci-pezzi-unici-destinati\/","og_site_name":"Bellunopress - Dolomiti","article_publisher":"https:\/\/www.facebook.com\/profile.php?id=100008943462799","article_published_time":"2012-12-07T22:38:59+00:00","og_image":[{"url":"http:\/\/www.bellunopress.it\/wp-content\/uploads\/2011\/12\/cortina-neve.jpg","type":"","width":"","height":""}],"author":"redazione","twitter_card":"summary_large_image","twitter_creator":"@bellunopress","twitter_site":"@bellunopress","twitter_misc":{"Written by":"redazione","Est. reading time":"4 minutes"},"schema":{"@context":"https:\/\/schema.org","@graph":[{"@type":"Article","@id":"https:\/\/www.bellunopress.it\/2012\/12\/07\/ccc-cortina-capsule-collection-stile-creativita-arte-e-originalita-la-mini-collezione-creata-ad-hoc-da-dieci-artiste-emergenti-per-lungo-weekend-della-moda-ampezzano-dieci-pezzi-unici-destinati\/#article","isPartOf":{"@id":"https:\/\/www.bellunopress.it\/2012\/12\/07\/ccc-cortina-capsule-collection-stile-creativita-arte-e-originalita-la-mini-collezione-creata-ad-hoc-da-dieci-artiste-emergenti-per-lungo-weekend-della-moda-ampezzano-dieci-pezzi-unici-destinati\/"},"author":{"name":"redazione","@id":"https:\/\/www.bellunopress.it\/#\/schema\/person\/79bb06722b37ece1c03d3e94beb30d73"},"headline":"CCC Cortina capsule collection: Stile, creativit\u00e0, arte e originalit\u00e0, la mini collezione creata ad hoc da dieci artiste emergenti per lungo weekend della moda ampezzano. Dieci pezzi unici, destinati a diventare dei must have","datePublished":"2012-12-07T22:38:59+00:00","mainEntityOfPage":{"@id":"https:\/\/www.bellunopress.it\/2012\/12\/07\/ccc-cortina-capsule-collection-stile-creativita-arte-e-originalita-la-mini-collezione-creata-ad-hoc-da-dieci-artiste-emergenti-per-lungo-weekend-della-moda-ampezzano-dieci-pezzi-unici-destinati\/"},"wordCount":868,"publisher":{"@id":"https:\/\/www.bellunopress.it\/#organization"},"image":{"@id":"https:\/\/www.bellunopress.it\/2012\/12\/07\/ccc-cortina-capsule-collection-stile-creativita-arte-e-originalita-la-mini-collezione-creata-ad-hoc-da-dieci-artiste-emergenti-per-lungo-weekend-della-moda-ampezzano-dieci-pezzi-unici-destinati\/#primaryimage"},"thumbnailUrl":"http:\/\/www.bellunopress.it\/wp-content\/uploads\/2011\/12\/cortina-neve.jpg","articleSection":["Appuntamenti, Eventi","Pausa Caff\u00e8","Societ\u00e0, Associazioni, Istituzioni"],"inLanguage":"fr-FR"},{"@type":"WebPage","@id":"https:\/\/www.bellunopress.it\/2012\/12\/07\/ccc-cortina-capsule-collection-stile-creativita-arte-e-originalita-la-mini-collezione-creata-ad-hoc-da-dieci-artiste-emergenti-per-lungo-weekend-della-moda-ampezzano-dieci-pezzi-unici-destinati\/","url":"https:\/\/www.bellunopress.it\/2012\/12\/07\/ccc-cortina-capsule-collection-stile-creativita-arte-e-originalita-la-mini-collezione-creata-ad-hoc-da-dieci-artiste-emergenti-per-lungo-weekend-della-moda-ampezzano-dieci-pezzi-unici-destinati\/","name":"CCC Cortina capsule collection: Stile, creativit\u00e0, arte e originalit\u00e0, la mini collezione creata ad hoc da dieci artiste emergenti per lungo weekend della moda ampezzano. Dieci pezzi unici, destinati a diventare dei must have - Bellunopress - Dolomiti","isPartOf":{"@id":"https:\/\/www.bellunopress.it\/#website"},"primaryImageOfPage":{"@id":"https:\/\/www.bellunopress.it\/2012\/12\/07\/ccc-cortina-capsule-collection-stile-creativita-arte-e-originalita-la-mini-collezione-creata-ad-hoc-da-dieci-artiste-emergenti-per-lungo-weekend-della-moda-ampezzano-dieci-pezzi-unici-destinati\/#primaryimage"},"image":{"@id":"https:\/\/www.bellunopress.it\/2012\/12\/07\/ccc-cortina-capsule-collection-stile-creativita-arte-e-originalita-la-mini-collezione-creata-ad-hoc-da-dieci-artiste-emergenti-per-lungo-weekend-della-moda-ampezzano-dieci-pezzi-unici-destinati\/#primaryimage"},"thumbnailUrl":"http:\/\/www.bellunopress.it\/wp-content\/uploads\/2011\/12\/cortina-neve.jpg","datePublished":"2012-12-07T22:38:59+00:00","breadcrumb":{"@id":"https:\/\/www.bellunopress.it\/2012\/12\/07\/ccc-cortina-capsule-collection-stile-creativita-arte-e-originalita-la-mini-collezione-creata-ad-hoc-da-dieci-artiste-emergenti-per-lungo-weekend-della-moda-ampezzano-dieci-pezzi-unici-destinati\/#breadcrumb"},"inLanguage":"fr-FR","potentialAction":[{"@type":"ReadAction","target":["https:\/\/www.bellunopress.it\/2012\/12\/07\/ccc-cortina-capsule-collection-stile-creativita-arte-e-originalita-la-mini-collezione-creata-ad-hoc-da-dieci-artiste-emergenti-per-lungo-weekend-della-moda-ampezzano-dieci-pezzi-unici-destinati\/"]}]},{"@type":"ImageObject","inLanguage":"fr-FR","@id":"https:\/\/www.bellunopress.it\/2012\/12\/07\/ccc-cortina-capsule-collection-stile-creativita-arte-e-originalita-la-mini-collezione-creata-ad-hoc-da-dieci-artiste-emergenti-per-lungo-weekend-della-moda-ampezzano-dieci-pezzi-unici-destinati\/#primaryimage","url":"http:\/\/www.bellunopress.it\/wp-content\/uploads\/2011\/12\/cortina-neve.jpg","contentUrl":"http:\/\/www.bellunopress.it\/wp-content\/uploads\/2011\/12\/cortina-neve.jpg"},{"@type":"BreadcrumbList","@id":"https:\/\/www.bellunopress.it\/2012\/12\/07\/ccc-cortina-capsule-collection-stile-creativita-arte-e-originalita-la-mini-collezione-creata-ad-hoc-da-dieci-artiste-emergenti-per-lungo-weekend-della-moda-ampezzano-dieci-pezzi-unici-destinati\/#breadcrumb","itemListElement":[{"@type":"ListItem","position":1,"name":"Home","item":"https:\/\/www.bellunopress.it\/"},{"@type":"ListItem","position":2,"name":"CCC Cortina capsule collection: Stile, creativit\u00e0, arte e originalit\u00e0, la mini collezione creata ad hoc da dieci artiste emergenti per lungo weekend della moda ampezzano. Dieci pezzi unici, destinati a diventare dei must have"}]},{"@type":"WebSite","@id":"https:\/\/www.bellunopress.it\/#website","url":"https:\/\/www.bellunopress.it\/","name":"Bellunopress - Dolomiti","description":"e-mail: redazione@bellunopress.it","publisher":{"@id":"https:\/\/www.bellunopress.it\/#organization"},"potentialAction":[{"@type":"SearchAction","target":{"@type":"EntryPoint","urlTemplate":"https:\/\/www.bellunopress.it\/?s={search_term_string}"},"query-input":{"@type":"PropertyValueSpecification","valueRequired":true,"valueName":"search_term_string"}}],"inLanguage":"fr-FR"},{"@type":"Organization","@id":"https:\/\/www.bellunopress.it\/#organization","name":"Bellunopress","url":"https:\/\/www.bellunopress.it\/","logo":{"@type":"ImageObject","inLanguage":"fr-FR","@id":"https:\/\/www.bellunopress.it\/#\/schema\/logo\/image\/","url":"https:\/\/www.bellunopress.it\/wp-content\/uploads\/2011\/05\/cropped-logo-bellunopress-.jpg","contentUrl":"https:\/\/www.bellunopress.it\/wp-content\/uploads\/2011\/05\/cropped-logo-bellunopress-.jpg","width":512,"height":512,"caption":"Bellunopress"},"image":{"@id":"https:\/\/www.bellunopress.it\/#\/schema\/logo\/image\/"},"sameAs":["https:\/\/www.facebook.com\/profile.php?id=100008943462799","https:\/\/x.com\/bellunopress","https:\/\/www.linkedin.com\/hp\/?dnr=JBzUWaJfMUw8vbXJJ2tVW5-I3jZKvC4wsoxE&amp;amp;amp;amp;amp;amp;trk=nav_responsive_tab_home","https:\/\/www.youtube.com\/channel\/UCxL0wu1uN0_3_7hGG0306cw"]},{"@type":"Person","@id":"https:\/\/www.bellunopress.it\/#\/schema\/person\/79bb06722b37ece1c03d3e94beb30d73","name":"r\u00e9daction","image":{"@type":"ImageObject","inLanguage":"fr-FR","@id":"https:\/\/secure.gravatar.com\/avatar\/37d968a2e67a6fd04c169c4bdef102d0bc5d31b2546345219e348575eb80e9a0?s=96&d=mm&r=g","url":"https:\/\/secure.gravatar.com\/avatar\/37d968a2e67a6fd04c169c4bdef102d0bc5d31b2546345219e348575eb80e9a0?s=96&d=mm&r=g","contentUrl":"https:\/\/secure.gravatar.com\/avatar\/37d968a2e67a6fd04c169c4bdef102d0bc5d31b2546345219e348575eb80e9a0?s=96&d=mm&r=g","caption":"redazione"},"sameAs":["http:\/\/www.bellunopress.it","https:\/\/x.com\/bellunopress"],"url":"https:\/\/www.bellunopress.it\/fr\/author\/redazione\/"}]}},"_links":{"self":[{"href":"https:\/\/www.bellunopress.it\/fr\/wp-json\/wp\/v2\/posts\/44583","targetHints":{"allow":["GET"]}}],"collection":[{"href":"https:\/\/www.bellunopress.it\/fr\/wp-json\/wp\/v2\/posts"}],"about":[{"href":"https:\/\/www.bellunopress.it\/fr\/wp-json\/wp\/v2\/types\/post"}],"author":[{"embeddable":true,"href":"https:\/\/www.bellunopress.it\/fr\/wp-json\/wp\/v2\/users\/2"}],"replies":[{"embeddable":true,"href":"https:\/\/www.bellunopress.it\/fr\/wp-json\/wp\/v2\/comments?post=44583"}],"version-history":[{"count":1,"href":"https:\/\/www.bellunopress.it\/fr\/wp-json\/wp\/v2\/posts\/44583\/revisions"}],"predecessor-version":[{"id":44584,"href":"https:\/\/www.bellunopress.it\/fr\/wp-json\/wp\/v2\/posts\/44583\/revisions\/44584"}],"wp:attachment":[{"href":"https:\/\/www.bellunopress.it\/fr\/wp-json\/wp\/v2\/media?parent=44583"}],"wp:term":[{"taxonomy":"category","embeddable":true,"href":"https:\/\/www.bellunopress.it\/fr\/wp-json\/wp\/v2\/categories?post=44583"},{"taxonomy":"post_tag","embeddable":true,"href":"https:\/\/www.bellunopress.it\/fr\/wp-json\/wp\/v2\/tags?post=44583"}],"curies":[{"name":"wp","href":"https:\/\/api.w.org\/{rel}","templated":true}]}}