{"id":44574,"date":"2012-12-07T19:52:34","date_gmt":"2012-12-07T18:52:34","guid":{"rendered":"http:\/\/www.bellunopress.it\/?p=44574"},"modified":"2012-12-07T21:55:11","modified_gmt":"2012-12-07T20:55:11","slug":"aliquote-imu-belluno-il-lid-non-ci-sta","status":"publish","type":"post","link":"https:\/\/www.bellunopress.it\/fr\/2012\/12\/07\/aliquote-imu-belluno-il-lid-non-ci-sta\/","title":{"rendered":"Aliquote Imu Belluno: il Lid non ci sta"},"content":{"rendered":"<p><a href=\"http:\/\/www.bellunopress.it\/wp-content\/uploads\/2012\/10\/lid-lintesa-dolomitica.jpg\"><img loading=\"lazy\" decoding=\"async\" class=\"alignleft size-full wp-image-42590\" title=\"lid l'intesa dolomitica\" src=\"http:\/\/www.bellunopress.it\/wp-content\/uploads\/2012\/10\/lid-lintesa-dolomitica.jpg\" alt=\"\" width=\"119\" height=\"123\" \/><\/a>Il movimento autonomista bellunese L\u2019Intesa Dolomitica con la presente vuole esprimere le proprie perplessit\u00e0 in merito alle aliquote IMU stabilite dal Comune di Belluno nella propria la delibera n. 29\/2012 ed in particolare in merito all\u2019atteggiamento penalizzante assunto dallo stesso nei confronti dell\u2019abitazione principale e degli alloggi di edilizia residenziale pubblica.<\/p>\n<p>La delibera in parola, che ha fissato le aliquote IMU per l\u2019anno 2012, dimostra come l\u2019attuale giunta Massaro al fine di sopperire alla riduzione dei trasferimenti statali, ha fatto della pressione fiscale sugli immobili il proprio strumento principale di reperimento delle risorse, con una logica oggettivamente penalizzante nei confronti dell\u2019abitazione principale ed in particolare di quella popolare.<\/p>\n<p>Per vedere ci\u00f2 basta scorrere le aliquote stabilite dalla delibera sull\u2019IMU nella quale si evince come ad essere maggiormente colpiti sono incredibilmente quegli immobili che dovrebbero essere invece meno colpiti dalla tassazione: le abitazioni principali (in gergo la nostra prima casa) e gli alloggi popolari assegnati ad inquilini di fasce sociali bisognose.<\/p>\n<p>L\u2019aliquota sulle abitazioni principali \u00e8 stata incrementata dal 4 al 5 per mille con un impatto molto pesante nei confronti di coloro che dispongono di un\u2019abitazione semplicemente perch\u00e9 in essa ci vivono con i propri famigliari. Basti pensare che un\u2019abitazione principale, a seguito di questo aumento di aliquota, vede pi\u00f9 che raddoppiare l\u2019importo del saldo rispetto all\u2019acconto e tutto questo su un bene che \u00e8 assolutamente primario e spesso frutto di sacrifici enormi da parte dei proprietari. E\u2019 da notare inoltre che in Provincia di Belluno solo 6 comuni hanno osato incrementare l\u2019aliquota sull\u2019abitazione principale e molti l\u2019hanno addirittura, e secondo noi giustamente, ridotta.<\/p>\n<p>Il provvedimento che stupisce di pi\u00f9, e che in questi giorni fa eco sulla stampa locale, \u00e8 per\u00f2 quello che fissa l\u2019aliquota per i fabbricati di propriet\u00e0 dell\u2019Ater all\u20198 per mille con l\u2019eventuale detrazione per gli alloggi regolarmente assegnati. Un alloggio di edilizia residenziale pubblica regolarmente locato ad un inquilino in base alle graduatorie di reddito viene pertanto tassato con un\u2019aliquota superiore a quella base, fissata dalla legge al 7,6 per mille. Un\u2019aliquota questa che invece viene per esempio applicata agli immobili commerciali (negozi, uffici ecc\u2026) che quindi godono di una percentuale pi\u00f9 favorevole di quella applicata agli alloggi popolari.<\/p>\n<p>Basterebbe questo per esprime pi\u00f9 di qualche perplessit\u00e0 sulla condotta del Comune, ma la voracit\u00e0 dello stesso verso l\u2019immobile \u201ccasa di abitazione popolare\u201d non si ferma qui. Infatti a seguito di una pressante opera di sensibilizzazione svolta per ottenere una significativa riduzione dell\u2019insostenibile aggravio fiscale derivante dall\u2019introduzione dell\u2019IMU, in sede di conversione del D.L. n. 16\/2012 (Salva Italia), \u00e8 stato approvato un emendamento in base al quale non si applica la riserva della quota di imposta prevista a favore dello Stato, pari allo 0,38%, per gli alloggi di propriet\u00e0 degli IACP comunque denominati (leggasi Ater), regolarmente assegnati. Una giusta e doverosa agevolazione su degli immobili di rilevanza sociale. Il Comune di Belluno invece ha interpretato la norma nel senso che la rinuncia della quota dello Stato non \u00e8 assoluta ma \u00e8 invece a favore del Comune. Per l\u2019Ater quindi una doppio beffa; non solo il Comune di Belluno ha aumentato l\u2019aliquota sugli alloggi popolari invece di ridurla come in tutte le sedi istituzionali viene consigliato di fare, ma ne pretende anche la quota a cui lo Stato rinuncia. In questo ambito le parole dell\u2019assessore Santesso, pubblicate in un\u2019intervista su Il Gazzettino di mercoledi 5 dicembre, sono alquanto preoccupanti in quanto di fatto ammettono che i provvedimenti presi vanno nella direzione di mettere in dissesto l\u2019ente che gestisce le case popolari.<\/p>\n<p>Non vogliamo entrare nel merito della correttezza della pretesa del Comune della quota IMU alla quale lo Stato rinuncia (anche se leggendo la norma e basandosi sulla sua ratio sembra evidente che la rinuncia dovrebbe essere stata pensata per favorire l\u2019ente delle case popolari), rispetto alla quale si pronuncer\u00e0 il TAR; qui ci preme sottolineare come la logica politica dall\u2019attuale maggioranza in Comune di Belluno applicata alle scelte di tassazione del patrimonio immobiliare sia alquanto criticabile in quanto tutta orientata a penalizzare gli immobili con maggiore rilevanza sociale: abitazione principale e alloggi popolari.<\/p>\n<p>Non si capisce perch\u00e9 le risorse, le quali da mesi l\u2019attuale maggioranza ne sottolinea la scarsit\u00e0, debbano essere prelevate presso categorie sociali deboli mentre si salvano, mantenendo un\u2019aliquota di base al 7,6 per mille, tutti gli immobili catastalmente riconducibili ad attivit\u00e0 industriali ed aree fabbricabili.<\/p>\n<p>&nbsp;<\/p>\n<p>&nbsp;<\/p>\n<p>&nbsp;<\/p>","protected":false},"excerpt":{"rendered":"<p>Il movimento autonomista bellunese L\u2019Intesa Dolomitica con la presente vuole esprimere le proprie perplessit\u00e0 in merito alle aliquote IMU stabilite dal Comune di Belluno nella propria la delibera n. 29\/2012 ed in particolare in merito all\u2019atteggiamento penalizzante assunto dallo stesso nei confronti dell\u2019abitazione principale e degli alloggi di edilizia residenziale pubblica. La delibera in parola, [&hellip;]<\/p>\n","protected":false},"author":2,"featured_media":0,"comment_status":"closed","ping_status":"open","sticky":false,"template":"","format":"standard","meta":{"footnotes":""},"categories":[5,26],"tags":[],"class_list":["post-44574","post","type-post","status-publish","format-standard","category-cronaca","category-prima-pagina"],"yoast_head":"<!-- This site is optimized with the Yoast SEO plugin v28.4 - https:\/\/yoast.com\/product\/yoast-seo-wordpress\/ -->\n<title>Aliquote Imu Belluno: il Lid non ci sta - Bellunopress - Dolomiti<\/title>\n<meta name=\"robots\" content=\"index, follow, max-snippet:-1, max-image-preview:large, max-video-preview:-1\" \/>\n<link rel=\"canonical\" href=\"https:\/\/www.bellunopress.it\/fr\/2012\/12\/07\/aliquote-imu-belluno-il-lid-non-ci-sta\/\" \/>\n<meta property=\"og:locale\" content=\"fr_FR\" \/>\n<meta property=\"og:type\" content=\"article\" \/>\n<meta property=\"og:title\" content=\"Aliquote Imu Belluno: il Lid non ci sta - Bellunopress - Dolomiti\" \/>\n<meta property=\"og:description\" content=\"Il movimento autonomista bellunese L\u2019Intesa Dolomitica con la presente vuole esprimere le proprie perplessit\u00e0 in merito alle aliquote IMU stabilite dal Comune di Belluno nella propria la delibera n. 29\/2012 ed in particolare in merito all\u2019atteggiamento penalizzante assunto dallo stesso nei confronti dell\u2019abitazione principale e degli alloggi di edilizia residenziale pubblica. La delibera in parola, [&hellip;]\" \/>\n<meta property=\"og:url\" content=\"https:\/\/www.bellunopress.it\/fr\/2012\/12\/07\/aliquote-imu-belluno-il-lid-non-ci-sta\/\" \/>\n<meta property=\"og:site_name\" content=\"Bellunopress - Dolomiti\" \/>\n<meta property=\"article:publisher\" content=\"https:\/\/www.facebook.com\/profile.php?id=100008943462799\" \/>\n<meta property=\"article:published_time\" content=\"2012-12-07T18:52:34+00:00\" \/>\n<meta property=\"article:modified_time\" content=\"2012-12-07T20:55:11+00:00\" \/>\n<meta property=\"og:image\" content=\"http:\/\/www.bellunopress.it\/wp-content\/uploads\/2012\/10\/lid-lintesa-dolomitica.jpg\" \/>\n<meta name=\"author\" content=\"redazione\" \/>\n<meta name=\"twitter:card\" content=\"summary_large_image\" \/>\n<meta name=\"twitter:creator\" content=\"@bellunopress\" \/>\n<meta name=\"twitter:site\" content=\"@bellunopress\" \/>\n<meta name=\"twitter:label1\" content=\"Written by\" \/>\n\t<meta name=\"twitter:data1\" content=\"redazione\" \/>\n\t<meta name=\"twitter:label2\" content=\"Est. reading time\" \/>\n\t<meta name=\"twitter:data2\" content=\"4 minutes\" \/>\n<script type=\"application\/ld+json\" class=\"yoast-schema-graph\">{\"@context\":\"https:\\\/\\\/schema.org\",\"@graph\":[{\"@type\":\"Article\",\"@id\":\"https:\\\/\\\/www.bellunopress.it\\\/2012\\\/12\\\/07\\\/aliquote-imu-belluno-il-lid-non-ci-sta\\\/#article\",\"isPartOf\":{\"@id\":\"https:\\\/\\\/www.bellunopress.it\\\/2012\\\/12\\\/07\\\/aliquote-imu-belluno-il-lid-non-ci-sta\\\/\"},\"author\":{\"name\":\"redazione\",\"@id\":\"https:\\\/\\\/www.bellunopress.it\\\/#\\\/schema\\\/person\\\/79bb06722b37ece1c03d3e94beb30d73\"},\"headline\":\"Aliquote Imu Belluno: il Lid non ci sta\",\"datePublished\":\"2012-12-07T18:52:34+00:00\",\"dateModified\":\"2012-12-07T20:55:11+00:00\",\"mainEntityOfPage\":{\"@id\":\"https:\\\/\\\/www.bellunopress.it\\\/2012\\\/12\\\/07\\\/aliquote-imu-belluno-il-lid-non-ci-sta\\\/\"},\"wordCount\":751,\"publisher\":{\"@id\":\"https:\\\/\\\/www.bellunopress.it\\\/#organization\"},\"image\":{\"@id\":\"https:\\\/\\\/www.bellunopress.it\\\/2012\\\/12\\\/07\\\/aliquote-imu-belluno-il-lid-non-ci-sta\\\/#primaryimage\"},\"thumbnailUrl\":\"http:\\\/\\\/www.bellunopress.it\\\/wp-content\\\/uploads\\\/2012\\\/10\\\/lid-lintesa-dolomitica.jpg\",\"articleSection\":[\"Cronaca\\\/Politica\",\"Prima Pagina\"],\"inLanguage\":\"fr-FR\"},{\"@type\":\"WebPage\",\"@id\":\"https:\\\/\\\/www.bellunopress.it\\\/2012\\\/12\\\/07\\\/aliquote-imu-belluno-il-lid-non-ci-sta\\\/\",\"url\":\"https:\\\/\\\/www.bellunopress.it\\\/2012\\\/12\\\/07\\\/aliquote-imu-belluno-il-lid-non-ci-sta\\\/\",\"name\":\"Aliquote Imu Belluno: il Lid non ci sta - Bellunopress - Dolomiti\",\"isPartOf\":{\"@id\":\"https:\\\/\\\/www.bellunopress.it\\\/#website\"},\"primaryImageOfPage\":{\"@id\":\"https:\\\/\\\/www.bellunopress.it\\\/2012\\\/12\\\/07\\\/aliquote-imu-belluno-il-lid-non-ci-sta\\\/#primaryimage\"},\"image\":{\"@id\":\"https:\\\/\\\/www.bellunopress.it\\\/2012\\\/12\\\/07\\\/aliquote-imu-belluno-il-lid-non-ci-sta\\\/#primaryimage\"},\"thumbnailUrl\":\"http:\\\/\\\/www.bellunopress.it\\\/wp-content\\\/uploads\\\/2012\\\/10\\\/lid-lintesa-dolomitica.jpg\",\"datePublished\":\"2012-12-07T18:52:34+00:00\",\"dateModified\":\"2012-12-07T20:55:11+00:00\",\"breadcrumb\":{\"@id\":\"https:\\\/\\\/www.bellunopress.it\\\/2012\\\/12\\\/07\\\/aliquote-imu-belluno-il-lid-non-ci-sta\\\/#breadcrumb\"},\"inLanguage\":\"fr-FR\",\"potentialAction\":[{\"@type\":\"ReadAction\",\"target\":[\"https:\\\/\\\/www.bellunopress.it\\\/2012\\\/12\\\/07\\\/aliquote-imu-belluno-il-lid-non-ci-sta\\\/\"]}]},{\"@type\":\"ImageObject\",\"inLanguage\":\"fr-FR\",\"@id\":\"https:\\\/\\\/www.bellunopress.it\\\/2012\\\/12\\\/07\\\/aliquote-imu-belluno-il-lid-non-ci-sta\\\/#primaryimage\",\"url\":\"http:\\\/\\\/www.bellunopress.it\\\/wp-content\\\/uploads\\\/2012\\\/10\\\/lid-lintesa-dolomitica.jpg\",\"contentUrl\":\"http:\\\/\\\/www.bellunopress.it\\\/wp-content\\\/uploads\\\/2012\\\/10\\\/lid-lintesa-dolomitica.jpg\"},{\"@type\":\"BreadcrumbList\",\"@id\":\"https:\\\/\\\/www.bellunopress.it\\\/2012\\\/12\\\/07\\\/aliquote-imu-belluno-il-lid-non-ci-sta\\\/#breadcrumb\",\"itemListElement\":[{\"@type\":\"ListItem\",\"position\":1,\"name\":\"Home\",\"item\":\"https:\\\/\\\/www.bellunopress.it\\\/\"},{\"@type\":\"ListItem\",\"position\":2,\"name\":\"Aliquote Imu Belluno: il Lid non ci sta\"}]},{\"@type\":\"WebSite\",\"@id\":\"https:\\\/\\\/www.bellunopress.it\\\/#website\",\"url\":\"https:\\\/\\\/www.bellunopress.it\\\/\",\"name\":\"Bellunopress - Dolomiti\",\"description\":\"e-mail: redazione@bellunopress.it\",\"publisher\":{\"@id\":\"https:\\\/\\\/www.bellunopress.it\\\/#organization\"},\"potentialAction\":[{\"@type\":\"SearchAction\",\"target\":{\"@type\":\"EntryPoint\",\"urlTemplate\":\"https:\\\/\\\/www.bellunopress.it\\\/?s={search_term_string}\"},\"query-input\":{\"@type\":\"PropertyValueSpecification\",\"valueRequired\":true,\"valueName\":\"search_term_string\"}}],\"inLanguage\":\"fr-FR\"},{\"@type\":\"Organization\",\"@id\":\"https:\\\/\\\/www.bellunopress.it\\\/#organization\",\"name\":\"Bellunopress\",\"url\":\"https:\\\/\\\/www.bellunopress.it\\\/\",\"logo\":{\"@type\":\"ImageObject\",\"inLanguage\":\"fr-FR\",\"@id\":\"https:\\\/\\\/www.bellunopress.it\\\/#\\\/schema\\\/logo\\\/image\\\/\",\"url\":\"https:\\\/\\\/www.bellunopress.it\\\/wp-content\\\/uploads\\\/2011\\\/05\\\/cropped-logo-bellunopress-.jpg\",\"contentUrl\":\"https:\\\/\\\/www.bellunopress.it\\\/wp-content\\\/uploads\\\/2011\\\/05\\\/cropped-logo-bellunopress-.jpg\",\"width\":512,\"height\":512,\"caption\":\"Bellunopress\"},\"image\":{\"@id\":\"https:\\\/\\\/www.bellunopress.it\\\/#\\\/schema\\\/logo\\\/image\\\/\"},\"sameAs\":[\"https:\\\/\\\/www.facebook.com\\\/profile.php?id=100008943462799\",\"https:\\\/\\\/x.com\\\/bellunopress\",\"https:\\\/\\\/www.linkedin.com\\\/hp\\\/?dnr=JBzUWaJfMUw8vbXJJ2tVW5-I3jZKvC4wsoxE&amp;amp;amp;amp;amp;amp;trk=nav_responsive_tab_home\",\"https:\\\/\\\/www.youtube.com\\\/channel\\\/UCxL0wu1uN0_3_7hGG0306cw\"]},{\"@type\":\"Person\",\"@id\":\"https:\\\/\\\/www.bellunopress.it\\\/#\\\/schema\\\/person\\\/79bb06722b37ece1c03d3e94beb30d73\",\"name\":\"redazione\",\"image\":{\"@type\":\"ImageObject\",\"inLanguage\":\"fr-FR\",\"@id\":\"https:\\\/\\\/secure.gravatar.com\\\/avatar\\\/37d968a2e67a6fd04c169c4bdef102d0bc5d31b2546345219e348575eb80e9a0?s=96&d=mm&r=g\",\"url\":\"https:\\\/\\\/secure.gravatar.com\\\/avatar\\\/37d968a2e67a6fd04c169c4bdef102d0bc5d31b2546345219e348575eb80e9a0?s=96&d=mm&r=g\",\"contentUrl\":\"https:\\\/\\\/secure.gravatar.com\\\/avatar\\\/37d968a2e67a6fd04c169c4bdef102d0bc5d31b2546345219e348575eb80e9a0?s=96&d=mm&r=g\",\"caption\":\"redazione\"},\"sameAs\":[\"http:\\\/\\\/www.bellunopress.it\",\"https:\\\/\\\/x.com\\\/bellunopress\"],\"url\":\"https:\\\/\\\/www.bellunopress.it\\\/fr\\\/author\\\/redazione\\\/\"}]}<\/script>\n<!-- \/ Yoast SEO plugin. -->","yoast_head_json":{"title":"Aliquote Imu Belluno: il Lid non ci sta - Bellunopress - Dolomiti","robots":{"index":"index","follow":"follow","max-snippet":"max-snippet:-1","max-image-preview":"max-image-preview:large","max-video-preview":"max-video-preview:-1"},"canonical":"https:\/\/www.bellunopress.it\/fr\/2012\/12\/07\/aliquote-imu-belluno-il-lid-non-ci-sta\/","og_locale":"fr_FR","og_type":"article","og_title":"Aliquote Imu Belluno: il Lid non ci sta - Bellunopress - Dolomiti","og_description":"Il movimento autonomista bellunese L\u2019Intesa Dolomitica con la presente vuole esprimere le proprie perplessit\u00e0 in merito alle aliquote IMU stabilite dal Comune di Belluno nella propria la delibera n. 29\/2012 ed in particolare in merito all\u2019atteggiamento penalizzante assunto dallo stesso nei confronti dell\u2019abitazione principale e degli alloggi di edilizia residenziale pubblica. La delibera in parola, [&hellip;]","og_url":"https:\/\/www.bellunopress.it\/fr\/2012\/12\/07\/aliquote-imu-belluno-il-lid-non-ci-sta\/","og_site_name":"Bellunopress - Dolomiti","article_publisher":"https:\/\/www.facebook.com\/profile.php?id=100008943462799","article_published_time":"2012-12-07T18:52:34+00:00","article_modified_time":"2012-12-07T20:55:11+00:00","og_image":[{"url":"http:\/\/www.bellunopress.it\/wp-content\/uploads\/2012\/10\/lid-lintesa-dolomitica.jpg","type":"","width":"","height":""}],"author":"redazione","twitter_card":"summary_large_image","twitter_creator":"@bellunopress","twitter_site":"@bellunopress","twitter_misc":{"Written by":"redazione","Est. reading time":"4 minutes"},"schema":{"@context":"https:\/\/schema.org","@graph":[{"@type":"Article","@id":"https:\/\/www.bellunopress.it\/2012\/12\/07\/aliquote-imu-belluno-il-lid-non-ci-sta\/#article","isPartOf":{"@id":"https:\/\/www.bellunopress.it\/2012\/12\/07\/aliquote-imu-belluno-il-lid-non-ci-sta\/"},"author":{"name":"redazione","@id":"https:\/\/www.bellunopress.it\/#\/schema\/person\/79bb06722b37ece1c03d3e94beb30d73"},"headline":"Aliquote Imu Belluno: il Lid non ci sta","datePublished":"2012-12-07T18:52:34+00:00","dateModified":"2012-12-07T20:55:11+00:00","mainEntityOfPage":{"@id":"https:\/\/www.bellunopress.it\/2012\/12\/07\/aliquote-imu-belluno-il-lid-non-ci-sta\/"},"wordCount":751,"publisher":{"@id":"https:\/\/www.bellunopress.it\/#organization"},"image":{"@id":"https:\/\/www.bellunopress.it\/2012\/12\/07\/aliquote-imu-belluno-il-lid-non-ci-sta\/#primaryimage"},"thumbnailUrl":"http:\/\/www.bellunopress.it\/wp-content\/uploads\/2012\/10\/lid-lintesa-dolomitica.jpg","articleSection":["Cronaca\/Politica","Prima Pagina"],"inLanguage":"fr-FR"},{"@type":"WebPage","@id":"https:\/\/www.bellunopress.it\/2012\/12\/07\/aliquote-imu-belluno-il-lid-non-ci-sta\/","url":"https:\/\/www.bellunopress.it\/2012\/12\/07\/aliquote-imu-belluno-il-lid-non-ci-sta\/","name":"Aliquote Imu Belluno: il Lid non ci sta - Bellunopress - Dolomiti","isPartOf":{"@id":"https:\/\/www.bellunopress.it\/#website"},"primaryImageOfPage":{"@id":"https:\/\/www.bellunopress.it\/2012\/12\/07\/aliquote-imu-belluno-il-lid-non-ci-sta\/#primaryimage"},"image":{"@id":"https:\/\/www.bellunopress.it\/2012\/12\/07\/aliquote-imu-belluno-il-lid-non-ci-sta\/#primaryimage"},"thumbnailUrl":"http:\/\/www.bellunopress.it\/wp-content\/uploads\/2012\/10\/lid-lintesa-dolomitica.jpg","datePublished":"2012-12-07T18:52:34+00:00","dateModified":"2012-12-07T20:55:11+00:00","breadcrumb":{"@id":"https:\/\/www.bellunopress.it\/2012\/12\/07\/aliquote-imu-belluno-il-lid-non-ci-sta\/#breadcrumb"},"inLanguage":"fr-FR","potentialAction":[{"@type":"ReadAction","target":["https:\/\/www.bellunopress.it\/2012\/12\/07\/aliquote-imu-belluno-il-lid-non-ci-sta\/"]}]},{"@type":"ImageObject","inLanguage":"fr-FR","@id":"https:\/\/www.bellunopress.it\/2012\/12\/07\/aliquote-imu-belluno-il-lid-non-ci-sta\/#primaryimage","url":"http:\/\/www.bellunopress.it\/wp-content\/uploads\/2012\/10\/lid-lintesa-dolomitica.jpg","contentUrl":"http:\/\/www.bellunopress.it\/wp-content\/uploads\/2012\/10\/lid-lintesa-dolomitica.jpg"},{"@type":"BreadcrumbList","@id":"https:\/\/www.bellunopress.it\/2012\/12\/07\/aliquote-imu-belluno-il-lid-non-ci-sta\/#breadcrumb","itemListElement":[{"@type":"ListItem","position":1,"name":"Home","item":"https:\/\/www.bellunopress.it\/"},{"@type":"ListItem","position":2,"name":"Aliquote Imu Belluno: il Lid non ci sta"}]},{"@type":"WebSite","@id":"https:\/\/www.bellunopress.it\/#website","url":"https:\/\/www.bellunopress.it\/","name":"Bellunopress - Dolomiti","description":"e-mail: redazione@bellunopress.it","publisher":{"@id":"https:\/\/www.bellunopress.it\/#organization"},"potentialAction":[{"@type":"SearchAction","target":{"@type":"EntryPoint","urlTemplate":"https:\/\/www.bellunopress.it\/?s={search_term_string}"},"query-input":{"@type":"PropertyValueSpecification","valueRequired":true,"valueName":"search_term_string"}}],"inLanguage":"fr-FR"},{"@type":"Organization","@id":"https:\/\/www.bellunopress.it\/#organization","name":"Bellunopress","url":"https:\/\/www.bellunopress.it\/","logo":{"@type":"ImageObject","inLanguage":"fr-FR","@id":"https:\/\/www.bellunopress.it\/#\/schema\/logo\/image\/","url":"https:\/\/www.bellunopress.it\/wp-content\/uploads\/2011\/05\/cropped-logo-bellunopress-.jpg","contentUrl":"https:\/\/www.bellunopress.it\/wp-content\/uploads\/2011\/05\/cropped-logo-bellunopress-.jpg","width":512,"height":512,"caption":"Bellunopress"},"image":{"@id":"https:\/\/www.bellunopress.it\/#\/schema\/logo\/image\/"},"sameAs":["https:\/\/www.facebook.com\/profile.php?id=100008943462799","https:\/\/x.com\/bellunopress","https:\/\/www.linkedin.com\/hp\/?dnr=JBzUWaJfMUw8vbXJJ2tVW5-I3jZKvC4wsoxE&amp;amp;amp;amp;amp;amp;trk=nav_responsive_tab_home","https:\/\/www.youtube.com\/channel\/UCxL0wu1uN0_3_7hGG0306cw"]},{"@type":"Person","@id":"https:\/\/www.bellunopress.it\/#\/schema\/person\/79bb06722b37ece1c03d3e94beb30d73","name":"r\u00e9daction","image":{"@type":"ImageObject","inLanguage":"fr-FR","@id":"https:\/\/secure.gravatar.com\/avatar\/37d968a2e67a6fd04c169c4bdef102d0bc5d31b2546345219e348575eb80e9a0?s=96&d=mm&r=g","url":"https:\/\/secure.gravatar.com\/avatar\/37d968a2e67a6fd04c169c4bdef102d0bc5d31b2546345219e348575eb80e9a0?s=96&d=mm&r=g","contentUrl":"https:\/\/secure.gravatar.com\/avatar\/37d968a2e67a6fd04c169c4bdef102d0bc5d31b2546345219e348575eb80e9a0?s=96&d=mm&r=g","caption":"redazione"},"sameAs":["http:\/\/www.bellunopress.it","https:\/\/x.com\/bellunopress"],"url":"https:\/\/www.bellunopress.it\/fr\/author\/redazione\/"}]}},"_links":{"self":[{"href":"https:\/\/www.bellunopress.it\/fr\/wp-json\/wp\/v2\/posts\/44574","targetHints":{"allow":["GET"]}}],"collection":[{"href":"https:\/\/www.bellunopress.it\/fr\/wp-json\/wp\/v2\/posts"}],"about":[{"href":"https:\/\/www.bellunopress.it\/fr\/wp-json\/wp\/v2\/types\/post"}],"author":[{"embeddable":true,"href":"https:\/\/www.bellunopress.it\/fr\/wp-json\/wp\/v2\/users\/2"}],"replies":[{"embeddable":true,"href":"https:\/\/www.bellunopress.it\/fr\/wp-json\/wp\/v2\/comments?post=44574"}],"version-history":[{"count":1,"href":"https:\/\/www.bellunopress.it\/fr\/wp-json\/wp\/v2\/posts\/44574\/revisions"}],"predecessor-version":[{"id":44575,"href":"https:\/\/www.bellunopress.it\/fr\/wp-json\/wp\/v2\/posts\/44574\/revisions\/44575"}],"wp:attachment":[{"href":"https:\/\/www.bellunopress.it\/fr\/wp-json\/wp\/v2\/media?parent=44574"}],"wp:term":[{"taxonomy":"category","embeddable":true,"href":"https:\/\/www.bellunopress.it\/fr\/wp-json\/wp\/v2\/categories?post=44574"},{"taxonomy":"post_tag","embeddable":true,"href":"https:\/\/www.bellunopress.it\/fr\/wp-json\/wp\/v2\/tags?post=44574"}],"curies":[{"name":"wp","href":"https:\/\/api.w.org\/{rel}","templated":true}]}}