{"id":4457,"date":"2009-06-05T07:53:09","date_gmt":"2009-06-05T06:53:09","guid":{"rendered":"http:\/\/www.bellunopress.it\/?p=4457"},"modified":"2009-06-05T07:53:09","modified_gmt":"2009-06-05T06:53:09","slug":"domani-sera-a-col-cumano-lex-patriarca-latino-di-gerusalemme-michel-sabbah","status":"publish","type":"post","link":"https:\/\/www.bellunopress.it\/fr\/2009\/06\/05\/domani-sera-a-col-cumano-lex-patriarca-latino-di-gerusalemme-michel-sabbah\/","title":{"rendered":"Domani sera a Col Cumano l&#8217;ex patriarca latino di Gerusalemme Michel Sabbah"},"content":{"rendered":"<p>Sar\u00e0 mons. Michel Sabbah, gi\u00e0 patriarca latino di Gerusalemme, il prossimo illustre ospite della rassegna culturale organizzata da Michelangelo De Don\u00e0 presso il Centro Papa Luciani di Santa Giustina (Belluno). L&#8217;incontro, in calendario sabato 6 giugno alle 20.30 a Col Cumano, organizzato assieme a Caritas e Commissione giustizia e pace della Diocesi di Belluno-Feltre, prevede la presentazione del libro di mons. Sabbah &#8220;Voce che grida dal deserto&#8221; (edizioni Paoline). La manifestazione cade nell&#8217;ambito della &#8220;Settimana mondiale per la pace in Palestina e Israele&#8221; che su iniziativa del Consiglio ecumenico delle Chiese, si celebrer\u00e0 dal 4 al 10 giugno. Domenica 7 giugno alle 10 mons. Sabbah celebrer\u00e0 la Santa Messa nella chiesa parrocchiale di Meano che celebra i novant&#8217;anni dalla fondazione.<br \/>\nIL LIBRO<br \/>\nIl testo raccoglie riflessioni sulla pace in Terra Santa, che monsignor Sabbah ha espresso in varie occasioni dall&#8217;inizio del suo ministero come patriarca di Gerusalemme fino ad oggi. Una rivisitazione ad opera del curatore li inquadra in 10 capitoli che spaziano dall&#8217;analisi della situazione politica e sociale in Israele e Palestina, a quella interreligiosa ed ecumenica. Un&#8217;attenzione particolare, che permea tutte le pagine del libro, \u00e8 rivolta alle possibilit\u00e0 di dialogo tra i popoli coinvolti nel conflitto e alle responsabilit\u00e0 che coinvolgono i capi politici cos\u00ec come i capi religiosi, oltre che al ruolo fondamentale delle azioni nonviolente che la societ\u00e0 civile di entrambi i popoli pu\u00f2 e deve attuare per giungere a una pace giusta per tutti. Ogni capitolo \u00e8 concepito come un appello accorato che il patriarca &#8211; con la stessa forza di Giovanni Battista (a cui fa riferimento il titolo) &#8211; rivolge al mondo, da quel deserto senza speranza che sembra essere la sua, la nostra Terra santa. Di volta in volta risponder\u00e0 al suo grido, con un breve intervento personale, una voce competente, un testimone particolarmente immerso nella stessa realt\u00e0 in cui si trova il patriarca, o semplicemente coinvolto nell&#8217;argomento. Si tratta di 10 personalit\u00e0 diverse per origine e formazione, tra cui: gli italiani Tonio Dell&#8217;Olio (di Pax Christi) e Luisa Morgantini (vicepresidente del Parlamento europeo); palestinesi cristiani (Rafiq Khoury) e palestinesi musulmani (Mousa Darwish); l&#8217;attivista israeliana per i diritti umani Neta Golan.<br \/>\nBIOGRAFIA DI MONS. MICHEL SABBAH<br \/>\nIl primo palestinese a essere nominato, nel 1987, patriarca latino di Gerusalemme, ministero che ricopre fino al 2008. Nato a Nazaret nel 1933, viene ordinato sacerdote nel 1955. Presidente della Conferenza episcopale dei vescovi latini della regione araba, nonch\u00e9 dell&#8217;Assemblea degli ordinari cattolici della Terra santa, dal 1999 al 2007 \u00e8 stato anche presidente di Pax Christi International. \u00c8 un deciso fautore del dialogo interreligioso con gli ebrei e i musulmani nella Terra santa.<\/p>","protected":false},"excerpt":{"rendered":"<p>Sar\u00e0 mons. Michel Sabbah, gi\u00e0 patriarca latino di Gerusalemme, il prossimo illustre ospite della rassegna culturale organizzata da Michelangelo De Don\u00e0 presso il Centro Papa Luciani di Santa Giustina (Belluno). L&#8217;incontro, in calendario sabato 6 giugno alle 20.30 a Col Cumano, organizzato assieme a Caritas e Commissione giustizia e pace della Diocesi di Belluno-Feltre, prevede [&hellip;]<\/p>\n","protected":false},"author":2,"featured_media":0,"comment_status":"closed","ping_status":"open","sticky":false,"template":"","format":"standard","meta":{"footnotes":""},"categories":[3,25],"tags":[139,302],"class_list":["post-4457","post","type-post","status-publish","format-standard","category-arte-cultura-spettacoli-scienza-archivi","category-pausa-caffe","tag-belluno","tag-feltre"],"yoast_head":"<!-- This site is optimized with the Yoast SEO plugin v28.4 - https:\/\/yoast.com\/product\/yoast-seo-wordpress\/ -->\n<title>Domani sera a Col Cumano l&#039;ex patriarca latino di Gerusalemme Michel Sabbah - Bellunopress - Dolomiti<\/title>\n<meta name=\"robots\" content=\"index, follow, max-snippet:-1, max-image-preview:large, max-video-preview:-1\" \/>\n<link rel=\"canonical\" href=\"https:\/\/www.bellunopress.it\/fr\/2009\/06\/05\/domani-sera-a-col-cumano-lex-patriarca-latino-di-gerusalemme-michel-sabbah\/\" \/>\n<meta property=\"og:locale\" content=\"fr_FR\" \/>\n<meta property=\"og:type\" content=\"article\" \/>\n<meta property=\"og:title\" content=\"Domani sera a Col Cumano l&#039;ex patriarca latino di Gerusalemme Michel Sabbah - Bellunopress - Dolomiti\" \/>\n<meta property=\"og:description\" content=\"Sar\u00e0 mons. Michel Sabbah, gi\u00e0 patriarca latino di Gerusalemme, il prossimo illustre ospite della rassegna culturale organizzata da Michelangelo De Don\u00e0 presso il Centro Papa Luciani di Santa Giustina (Belluno). L&#8217;incontro, in calendario sabato 6 giugno alle 20.30 a Col Cumano, organizzato assieme a Caritas e Commissione giustizia e pace della Diocesi di Belluno-Feltre, prevede [&hellip;]\" \/>\n<meta property=\"og:url\" content=\"https:\/\/www.bellunopress.it\/fr\/2009\/06\/05\/domani-sera-a-col-cumano-lex-patriarca-latino-di-gerusalemme-michel-sabbah\/\" \/>\n<meta property=\"og:site_name\" content=\"Bellunopress - Dolomiti\" \/>\n<meta property=\"article:publisher\" content=\"https:\/\/www.facebook.com\/profile.php?id=100008943462799\" \/>\n<meta property=\"article:published_time\" content=\"2009-06-05T06:53:09+00:00\" \/>\n<meta property=\"og:image\" content=\"http:\/\/www.bellunopress.it\/wp-content\/uploads\/2012\/07\/logo-bellunopress-250x250-2012.jpg\" \/>\n<meta name=\"author\" content=\"redazione\" \/>\n<meta name=\"twitter:card\" content=\"summary_large_image\" \/>\n<meta name=\"twitter:creator\" content=\"@bellunopress\" \/>\n<meta name=\"twitter:site\" content=\"@bellunopress\" \/>\n<meta name=\"twitter:label1\" content=\"Written by\" \/>\n\t<meta name=\"twitter:data1\" content=\"redazione\" \/>\n\t<meta name=\"twitter:label2\" content=\"Est. reading time\" \/>\n\t<meta name=\"twitter:data2\" content=\"2 minutes\" \/>\n<script type=\"application\/ld+json\" class=\"yoast-schema-graph\">{\"@context\":\"https:\\\/\\\/schema.org\",\"@graph\":[{\"@type\":\"Article\",\"@id\":\"https:\\\/\\\/www.bellunopress.it\\\/2009\\\/06\\\/05\\\/domani-sera-a-col-cumano-lex-patriarca-latino-di-gerusalemme-michel-sabbah\\\/#article\",\"isPartOf\":{\"@id\":\"https:\\\/\\\/www.bellunopress.it\\\/2009\\\/06\\\/05\\\/domani-sera-a-col-cumano-lex-patriarca-latino-di-gerusalemme-michel-sabbah\\\/\"},\"author\":{\"name\":\"redazione\",\"@id\":\"https:\\\/\\\/www.bellunopress.it\\\/#\\\/schema\\\/person\\\/79bb06722b37ece1c03d3e94beb30d73\"},\"headline\":\"Domani sera a Col Cumano l&#8217;ex patriarca latino di Gerusalemme Michel Sabbah\",\"datePublished\":\"2009-06-05T06:53:09+00:00\",\"mainEntityOfPage\":{\"@id\":\"https:\\\/\\\/www.bellunopress.it\\\/2009\\\/06\\\/05\\\/domani-sera-a-col-cumano-lex-patriarca-latino-di-gerusalemme-michel-sabbah\\\/\"},\"wordCount\":443,\"publisher\":{\"@id\":\"https:\\\/\\\/www.bellunopress.it\\\/#organization\"},\"keywords\":[\"Belluno\",\"Feltre\"],\"articleSection\":[\"Arte, Cultura, Spettacoli, Scienza\",\"Pausa Caff\u00e8\"],\"inLanguage\":\"fr-FR\"},{\"@type\":\"WebPage\",\"@id\":\"https:\\\/\\\/www.bellunopress.it\\\/2009\\\/06\\\/05\\\/domani-sera-a-col-cumano-lex-patriarca-latino-di-gerusalemme-michel-sabbah\\\/\",\"url\":\"https:\\\/\\\/www.bellunopress.it\\\/2009\\\/06\\\/05\\\/domani-sera-a-col-cumano-lex-patriarca-latino-di-gerusalemme-michel-sabbah\\\/\",\"name\":\"Domani sera a Col Cumano l'ex patriarca latino di Gerusalemme Michel Sabbah - Bellunopress - Dolomiti\",\"isPartOf\":{\"@id\":\"https:\\\/\\\/www.bellunopress.it\\\/#website\"},\"datePublished\":\"2009-06-05T06:53:09+00:00\",\"breadcrumb\":{\"@id\":\"https:\\\/\\\/www.bellunopress.it\\\/2009\\\/06\\\/05\\\/domani-sera-a-col-cumano-lex-patriarca-latino-di-gerusalemme-michel-sabbah\\\/#breadcrumb\"},\"inLanguage\":\"fr-FR\",\"potentialAction\":[{\"@type\":\"ReadAction\",\"target\":[\"https:\\\/\\\/www.bellunopress.it\\\/2009\\\/06\\\/05\\\/domani-sera-a-col-cumano-lex-patriarca-latino-di-gerusalemme-michel-sabbah\\\/\"]}]},{\"@type\":\"BreadcrumbList\",\"@id\":\"https:\\\/\\\/www.bellunopress.it\\\/2009\\\/06\\\/05\\\/domani-sera-a-col-cumano-lex-patriarca-latino-di-gerusalemme-michel-sabbah\\\/#breadcrumb\",\"itemListElement\":[{\"@type\":\"ListItem\",\"position\":1,\"name\":\"Home\",\"item\":\"https:\\\/\\\/www.bellunopress.it\\\/\"},{\"@type\":\"ListItem\",\"position\":2,\"name\":\"Domani sera a Col Cumano l&#8217;ex patriarca latino di Gerusalemme Michel Sabbah\"}]},{\"@type\":\"WebSite\",\"@id\":\"https:\\\/\\\/www.bellunopress.it\\\/#website\",\"url\":\"https:\\\/\\\/www.bellunopress.it\\\/\",\"name\":\"Bellunopress - Dolomiti\",\"description\":\"e-mail: redazione@bellunopress.it\",\"publisher\":{\"@id\":\"https:\\\/\\\/www.bellunopress.it\\\/#organization\"},\"potentialAction\":[{\"@type\":\"SearchAction\",\"target\":{\"@type\":\"EntryPoint\",\"urlTemplate\":\"https:\\\/\\\/www.bellunopress.it\\\/?s={search_term_string}\"},\"query-input\":{\"@type\":\"PropertyValueSpecification\",\"valueRequired\":true,\"valueName\":\"search_term_string\"}}],\"inLanguage\":\"fr-FR\"},{\"@type\":\"Organization\",\"@id\":\"https:\\\/\\\/www.bellunopress.it\\\/#organization\",\"name\":\"Bellunopress\",\"url\":\"https:\\\/\\\/www.bellunopress.it\\\/\",\"logo\":{\"@type\":\"ImageObject\",\"inLanguage\":\"fr-FR\",\"@id\":\"https:\\\/\\\/www.bellunopress.it\\\/#\\\/schema\\\/logo\\\/image\\\/\",\"url\":\"https:\\\/\\\/www.bellunopress.it\\\/wp-content\\\/uploads\\\/2011\\\/05\\\/cropped-logo-bellunopress-.jpg\",\"contentUrl\":\"https:\\\/\\\/www.bellunopress.it\\\/wp-content\\\/uploads\\\/2011\\\/05\\\/cropped-logo-bellunopress-.jpg\",\"width\":512,\"height\":512,\"caption\":\"Bellunopress\"},\"image\":{\"@id\":\"https:\\\/\\\/www.bellunopress.it\\\/#\\\/schema\\\/logo\\\/image\\\/\"},\"sameAs\":[\"https:\\\/\\\/www.facebook.com\\\/profile.php?id=100008943462799\",\"https:\\\/\\\/x.com\\\/bellunopress\",\"https:\\\/\\\/www.linkedin.com\\\/hp\\\/?dnr=JBzUWaJfMUw8vbXJJ2tVW5-I3jZKvC4wsoxE&amp;amp;amp;amp;amp;amp;trk=nav_responsive_tab_home\",\"https:\\\/\\\/www.youtube.com\\\/channel\\\/UCxL0wu1uN0_3_7hGG0306cw\"]},{\"@type\":\"Person\",\"@id\":\"https:\\\/\\\/www.bellunopress.it\\\/#\\\/schema\\\/person\\\/79bb06722b37ece1c03d3e94beb30d73\",\"name\":\"redazione\",\"image\":{\"@type\":\"ImageObject\",\"inLanguage\":\"fr-FR\",\"@id\":\"https:\\\/\\\/secure.gravatar.com\\\/avatar\\\/37d968a2e67a6fd04c169c4bdef102d0bc5d31b2546345219e348575eb80e9a0?s=96&d=mm&r=g\",\"url\":\"https:\\\/\\\/secure.gravatar.com\\\/avatar\\\/37d968a2e67a6fd04c169c4bdef102d0bc5d31b2546345219e348575eb80e9a0?s=96&d=mm&r=g\",\"contentUrl\":\"https:\\\/\\\/secure.gravatar.com\\\/avatar\\\/37d968a2e67a6fd04c169c4bdef102d0bc5d31b2546345219e348575eb80e9a0?s=96&d=mm&r=g\",\"caption\":\"redazione\"},\"sameAs\":[\"http:\\\/\\\/www.bellunopress.it\",\"https:\\\/\\\/x.com\\\/bellunopress\"],\"url\":\"https:\\\/\\\/www.bellunopress.it\\\/fr\\\/author\\\/redazione\\\/\"}]}<\/script>\n<!-- \/ Yoast SEO plugin. -->","yoast_head_json":{"title":"Domani sera a Col Cumano l'ex patriarca latino di Gerusalemme Michel Sabbah - Bellunopress - Dolomiti","robots":{"index":"index","follow":"follow","max-snippet":"max-snippet:-1","max-image-preview":"max-image-preview:large","max-video-preview":"max-video-preview:-1"},"canonical":"https:\/\/www.bellunopress.it\/fr\/2009\/06\/05\/domani-sera-a-col-cumano-lex-patriarca-latino-di-gerusalemme-michel-sabbah\/","og_locale":"fr_FR","og_type":"article","og_title":"Domani sera a Col Cumano l'ex patriarca latino di Gerusalemme Michel Sabbah - Bellunopress - Dolomiti","og_description":"Sar\u00e0 mons. Michel Sabbah, gi\u00e0 patriarca latino di Gerusalemme, il prossimo illustre ospite della rassegna culturale organizzata da Michelangelo De Don\u00e0 presso il Centro Papa Luciani di Santa Giustina (Belluno). L&#8217;incontro, in calendario sabato 6 giugno alle 20.30 a Col Cumano, organizzato assieme a Caritas e Commissione giustizia e pace della Diocesi di Belluno-Feltre, prevede [&hellip;]","og_url":"https:\/\/www.bellunopress.it\/fr\/2009\/06\/05\/domani-sera-a-col-cumano-lex-patriarca-latino-di-gerusalemme-michel-sabbah\/","og_site_name":"Bellunopress - Dolomiti","article_publisher":"https:\/\/www.facebook.com\/profile.php?id=100008943462799","article_published_time":"2009-06-05T06:53:09+00:00","og_image":[{"url":"http:\/\/www.bellunopress.it\/wp-content\/uploads\/2012\/07\/logo-bellunopress-250x250-2012.jpg","type":"","width":"","height":""}],"author":"redazione","twitter_card":"summary_large_image","twitter_creator":"@bellunopress","twitter_site":"@bellunopress","twitter_misc":{"Written by":"redazione","Est. reading time":"2 minutes"},"schema":{"@context":"https:\/\/schema.org","@graph":[{"@type":"Article","@id":"https:\/\/www.bellunopress.it\/2009\/06\/05\/domani-sera-a-col-cumano-lex-patriarca-latino-di-gerusalemme-michel-sabbah\/#article","isPartOf":{"@id":"https:\/\/www.bellunopress.it\/2009\/06\/05\/domani-sera-a-col-cumano-lex-patriarca-latino-di-gerusalemme-michel-sabbah\/"},"author":{"name":"redazione","@id":"https:\/\/www.bellunopress.it\/#\/schema\/person\/79bb06722b37ece1c03d3e94beb30d73"},"headline":"Domani sera a Col Cumano l&#8217;ex patriarca latino di Gerusalemme Michel Sabbah","datePublished":"2009-06-05T06:53:09+00:00","mainEntityOfPage":{"@id":"https:\/\/www.bellunopress.it\/2009\/06\/05\/domani-sera-a-col-cumano-lex-patriarca-latino-di-gerusalemme-michel-sabbah\/"},"wordCount":443,"publisher":{"@id":"https:\/\/www.bellunopress.it\/#organization"},"keywords":["Belluno","Feltre"],"articleSection":["Arte, Cultura, Spettacoli, Scienza","Pausa Caff\u00e8"],"inLanguage":"fr-FR"},{"@type":"WebPage","@id":"https:\/\/www.bellunopress.it\/2009\/06\/05\/domani-sera-a-col-cumano-lex-patriarca-latino-di-gerusalemme-michel-sabbah\/","url":"https:\/\/www.bellunopress.it\/2009\/06\/05\/domani-sera-a-col-cumano-lex-patriarca-latino-di-gerusalemme-michel-sabbah\/","name":"Domani sera a Col Cumano l'ex patriarca latino di Gerusalemme Michel Sabbah - Bellunopress - Dolomiti","isPartOf":{"@id":"https:\/\/www.bellunopress.it\/#website"},"datePublished":"2009-06-05T06:53:09+00:00","breadcrumb":{"@id":"https:\/\/www.bellunopress.it\/2009\/06\/05\/domani-sera-a-col-cumano-lex-patriarca-latino-di-gerusalemme-michel-sabbah\/#breadcrumb"},"inLanguage":"fr-FR","potentialAction":[{"@type":"ReadAction","target":["https:\/\/www.bellunopress.it\/2009\/06\/05\/domani-sera-a-col-cumano-lex-patriarca-latino-di-gerusalemme-michel-sabbah\/"]}]},{"@type":"BreadcrumbList","@id":"https:\/\/www.bellunopress.it\/2009\/06\/05\/domani-sera-a-col-cumano-lex-patriarca-latino-di-gerusalemme-michel-sabbah\/#breadcrumb","itemListElement":[{"@type":"ListItem","position":1,"name":"Home","item":"https:\/\/www.bellunopress.it\/"},{"@type":"ListItem","position":2,"name":"Domani sera a Col Cumano l&#8217;ex patriarca latino di Gerusalemme Michel Sabbah"}]},{"@type":"WebSite","@id":"https:\/\/www.bellunopress.it\/#website","url":"https:\/\/www.bellunopress.it\/","name":"Bellunopress - Dolomiti","description":"e-mail: redazione@bellunopress.it","publisher":{"@id":"https:\/\/www.bellunopress.it\/#organization"},"potentialAction":[{"@type":"SearchAction","target":{"@type":"EntryPoint","urlTemplate":"https:\/\/www.bellunopress.it\/?s={search_term_string}"},"query-input":{"@type":"PropertyValueSpecification","valueRequired":true,"valueName":"search_term_string"}}],"inLanguage":"fr-FR"},{"@type":"Organization","@id":"https:\/\/www.bellunopress.it\/#organization","name":"Bellunopress","url":"https:\/\/www.bellunopress.it\/","logo":{"@type":"ImageObject","inLanguage":"fr-FR","@id":"https:\/\/www.bellunopress.it\/#\/schema\/logo\/image\/","url":"https:\/\/www.bellunopress.it\/wp-content\/uploads\/2011\/05\/cropped-logo-bellunopress-.jpg","contentUrl":"https:\/\/www.bellunopress.it\/wp-content\/uploads\/2011\/05\/cropped-logo-bellunopress-.jpg","width":512,"height":512,"caption":"Bellunopress"},"image":{"@id":"https:\/\/www.bellunopress.it\/#\/schema\/logo\/image\/"},"sameAs":["https:\/\/www.facebook.com\/profile.php?id=100008943462799","https:\/\/x.com\/bellunopress","https:\/\/www.linkedin.com\/hp\/?dnr=JBzUWaJfMUw8vbXJJ2tVW5-I3jZKvC4wsoxE&amp;amp;amp;amp;amp;amp;trk=nav_responsive_tab_home","https:\/\/www.youtube.com\/channel\/UCxL0wu1uN0_3_7hGG0306cw"]},{"@type":"Person","@id":"https:\/\/www.bellunopress.it\/#\/schema\/person\/79bb06722b37ece1c03d3e94beb30d73","name":"r\u00e9daction","image":{"@type":"ImageObject","inLanguage":"fr-FR","@id":"https:\/\/secure.gravatar.com\/avatar\/37d968a2e67a6fd04c169c4bdef102d0bc5d31b2546345219e348575eb80e9a0?s=96&d=mm&r=g","url":"https:\/\/secure.gravatar.com\/avatar\/37d968a2e67a6fd04c169c4bdef102d0bc5d31b2546345219e348575eb80e9a0?s=96&d=mm&r=g","contentUrl":"https:\/\/secure.gravatar.com\/avatar\/37d968a2e67a6fd04c169c4bdef102d0bc5d31b2546345219e348575eb80e9a0?s=96&d=mm&r=g","caption":"redazione"},"sameAs":["http:\/\/www.bellunopress.it","https:\/\/x.com\/bellunopress"],"url":"https:\/\/www.bellunopress.it\/fr\/author\/redazione\/"}]}},"_links":{"self":[{"href":"https:\/\/www.bellunopress.it\/fr\/wp-json\/wp\/v2\/posts\/4457","targetHints":{"allow":["GET"]}}],"collection":[{"href":"https:\/\/www.bellunopress.it\/fr\/wp-json\/wp\/v2\/posts"}],"about":[{"href":"https:\/\/www.bellunopress.it\/fr\/wp-json\/wp\/v2\/types\/post"}],"author":[{"embeddable":true,"href":"https:\/\/www.bellunopress.it\/fr\/wp-json\/wp\/v2\/users\/2"}],"replies":[{"embeddable":true,"href":"https:\/\/www.bellunopress.it\/fr\/wp-json\/wp\/v2\/comments?post=4457"}],"version-history":[{"count":1,"href":"https:\/\/www.bellunopress.it\/fr\/wp-json\/wp\/v2\/posts\/4457\/revisions"}],"predecessor-version":[{"id":4458,"href":"https:\/\/www.bellunopress.it\/fr\/wp-json\/wp\/v2\/posts\/4457\/revisions\/4458"}],"wp:attachment":[{"href":"https:\/\/www.bellunopress.it\/fr\/wp-json\/wp\/v2\/media?parent=4457"}],"wp:term":[{"taxonomy":"category","embeddable":true,"href":"https:\/\/www.bellunopress.it\/fr\/wp-json\/wp\/v2\/categories?post=4457"},{"taxonomy":"post_tag","embeddable":true,"href":"https:\/\/www.bellunopress.it\/fr\/wp-json\/wp\/v2\/tags?post=4457"}],"curies":[{"name":"wp","href":"https:\/\/api.w.org\/{rel}","templated":true}]}}