{"id":44554,"date":"2012-12-07T18:20:40","date_gmt":"2012-12-07T17:20:40","guid":{"rendered":"http:\/\/www.bellunopress.it\/?p=44554"},"modified":"2012-12-07T20:21:20","modified_gmt":"2012-12-07T19:21:20","slug":"presentato-il-bilancio-delle-iniziative-per-salvare-la-provincia-dal-comitato-salviamo-la-provincia-di-belluno","status":"publish","type":"post","link":"https:\/\/www.bellunopress.it\/fr\/2012\/12\/07\/presentato-il-bilancio-delle-iniziative-per-salvare-la-provincia-dal-comitato-salviamo-la-provincia-di-belluno\/","title":{"rendered":"Presentato il bilancio delle iniziative per salvare la Provincia dal Comitato &#8220;Salviamo la Provincia di Belluno&#8221;"},"content":{"rendered":"<p>Si \u00e8 svolta venerd\u00ec mattina al Centro Giovanni XXIII di Belluno l\u2019assemblea in cui il Comitato \u201cSalviamo la Provincia di Belluno\u201d ha presentato il bilancio della fiaccolata organizzata a Belluno mercoled\u00ec 24 ottobre e ha avanzato una proposta per l\u2019utilizzo degli 877 euro rimasti in modo da dare ulteriore risonanza al messaggio espresso dalla mobilitazione popolare.<\/p>\n<p><a href=\"http:\/\/www.bellunopress.it\/wp-content\/uploads\/2012\/10\/fiaccolata.jpg\"><img loading=\"lazy\" decoding=\"async\" class=\"alignleft size-full wp-image-43329\" title=\"fiaccolata\" src=\"http:\/\/www.bellunopress.it\/wp-content\/uploads\/2012\/10\/fiaccolata.jpg\" alt=\"\" width=\"300\" height=\"180\" \/><\/a>Le offerte ricevute dal Comitato sono ammontate a 10.348 euro. Le spese sostenute hanno raggiunto i 9.471 euro. L\u2019avanzo \u00e8 stato quindi di 877 euro.<\/p>\n<p>L\u2019assemblea si \u00e8 aperta con la presentazione del bilancio dell\u2019iniziativa da parte del Comitato. Bilancio che \u00e8 stato certamente positivo, per pi\u00f9 ragioni: il risultato di salvare la Provincia \u00e8 stato raggiunto; la mobilitazione popolare \u00e8 stata notevole e ha coinvolto tutte le vallate del Bellunese; la collaborazione e la concordia tra le parti \u00e8 stata efficace, ben visibile e apprezzata, tanto che da molti si \u00e8 levato l\u2019auspicio che questo modo di operare possa continuare; si \u00e8 manifestato pi\u00f9 chiaramente che in altre occasioni il legame profondo di tanta gente per la sua terra: un patrimonio importante, da valorizzare.<\/p>\n<p>In definitiva \u2013 ha sottolineato il Comitato \u2013 la manifestazione \u00e8 stata un passo di quello che si spera possa diventare un lungo cammino capace di portare pi\u00f9 competenze e pi\u00f9 risorse alla Provincia di Belluno.<\/p>\n<p>Nell\u2019occasione il Comitato ha voluto anche ringraziare tutti coloro che hanno contribuito alla riuscita della fiaccolata e delle iniziative connesse: le forze politiche, economiche, sociali, culturali, del volontariato e della Chiesa che l\u2019hanno decisa e sostenuta; chi ha offerto un proprio contributo in denaro; chi ha garantito il sostegno logistico (come il Comune di Belluno); chi ha assicurato un\u2019informazione puntuale ed efficace (i mezzi di comunicazione); chi ha distribuito i manifesti, realizzato le coccarde e si \u00e8 preso cura di tanti particolari che hanno favorito il successo dell\u2019evento; chi ha animato gratuitamente la manifestazione come i volontari che si sono recati sulle montagne, i due speaker, chi ha aiutato l\u2019organizzazione e la gestione della sfilata; chi ha prestato la sua opera senza chiedere nulla in cambio, come la Valbelluna Emergenza e come chi ha offerto lo spazio per proiettare le luci luminose in piazza.<\/p>\n<p>Per rinforzare e dare un seguito al messaggio della manifestazione, il Comitato ha infine proposto di utilizzare i soldi rimasti per realizzare otto trasmissioni televisive su Telebelluno che, contattata, ha dimostrato grande sensibilit\u00e0, accettando di collaborare anche sotto costo. Sensibilit\u00e0 che gi\u00e0 aveva dimostrato in ottobre garantendo la trasmissione in diretta della fiaccolata e facendola precedere, gratuitamente, da vari spazi di approfondimento.<\/p>\n<p>Le trasmissioni saranno animate, due a testa, dalle 4 aree di cui si compone il Comitato: quella dell\u2019economia e del lavoro, quella della politica, quella del volontariato e della cultura, quella della Chiesa in modo da dare voce alle varie componenti della societ\u00e0 bellunese.<\/p>\n<p>L\u2019assemblea ha accolto favorevolmente l\u2019idea di destinare i soldi rimasti alla realizzazione delle trasmissioni televisive, con alcune sottolineature.<\/p>\n<p>Il direttore dell\u2019Ascom, Luca Dal Poz, ha fatto presente che il 24 ottobre in piazza c\u2019era gente mai vista prima, segno di un coinvolgimento che \u00e8 bene rinforzare, magari anche con la predisposizione di un dvd delle trasmissioni che verranno realizzate in modo che possano essere viste da tanta gente.<\/p>\n<p>Il segretario provinciale della Cgil, Ludovico Bellini, ha sottolineato l\u2019importanza che le trasmissioni in programma siano tutte caratterizzate dallo stesso filo conduttore che ha caratterizzato la mobilitazione che c\u2019\u00e8 gi\u00e0 stata: l\u2019importanza di fare squadra per ottenere competenze e risorse nuove per la Provincia, ma anche per creare le condizioni per fare impresa e dare lavoro e pure per valorizzare le eccellenze che gi\u00e0 ci sono.<\/p>\n<p>L\u2019importanza di un Provincia con nuove competenze e nuove risorse \u00e8 stata sottolineata anche da Tomaso Pettazzi del Bard che ha anche invitato il Comitato a scrivere al ministro Cancellieri e al ministro Patroni Griffi\u00a0una lettera di apprezzamento per il salvataggio di Belluno in modo da far arrivare al Governo una nuova conferma del rilievo della scelta che \u00e8 stata compiuta.<\/p>\n<p>Il direttore di Confindustria Belluno Dolomiti, Marco Melchiori, ha infine rimarcato la necessit\u00e0 di mostrare che anche i Bellunesi riescono a unirsi e ad essere coesi per il raggiungimento di obiettivi strategici, come \u00e8 stato quello di salvare la Provincia. Per questo ha auspicato che le trasmissioni riprendano questo tema.<\/p>\n<p>Elenco delle offerte ricevute e delle spese sostenute<\/p>\n<p>Per la fiaccolata a sostegno della Provincia di Belluno<\/p>\n<p>Offerte ricevute: 10.348 euro<\/p>\n<p>Elenco delle offerte nell\u2019ordine cronologico in cui sono pervenute al Comitato<\/p>\n<p>Osvaldo Zanin 50, Oscar De Bona 500, Daniele De March 10, Daniele Dal Vit 50, Stefano Minella 20, Appia 1.000, Luciana Bortot e Quinto Piol 50, Studio Dentistico Arrigoni 200, Abvs 100, Mauro Balbinot 20, Luigi Francescon 20, Assindustria 1.000, Andrea Sovilla 50, Elisabetta Dagostini e M. Martini Barzolai 30, Ermenegildo Rova e Marisa Lorenzini 20, Guido Trento 200, Dario Bond 2.000, Cisl 350, Marino Lucietti e Irma Visalli 100, Gianluigi Caneve 10, Fulvio De Pasqual 50, N.N. 150, Universit\u00e0 Adulti\/Anziani 50, Lorenzina Del Favero e Antonio Valmassoi 20, Vito Tormen 30, Raffaele De Diana 50, Viviana Andrich 30, Enzo Croatto 20, Unione Artigiani 1.000, Antonello Casanova 20, Giovanni Bortot 200, Silvia Miscellaneo e Ferruccio Vendramini 30, Rodolfo Bassan 50, Confcommercio 1.000, Cgil 350, Comune Ponte nelle Alpi 200, Offerte per le fiaccole 1.318.<\/p>\n<p>Spese sostenute: 9.470,61 euro<\/p>\n<p>Fiaccole per la sfilata e torce per le montagne: 2.306,33<\/p>\n<p>Manifesti: 115,45<\/p>\n<p>Striscioni per la sfilata: 262,71<\/p>\n<p>Impianti video, fari e amplificazione per la sfilata: 2.571,90<\/p>\n<p>Pubblicit\u00e0 televisiva e radiofonica: 4.173,79<\/p>\n<p>Affitto sale: 40,43<\/p>\n<p>Avanzo: 877,39 euro<\/p>\n<p>&nbsp;<\/p>","protected":false},"excerpt":{"rendered":"<p>Si \u00e8 svolta venerd\u00ec mattina al Centro Giovanni XXIII di Belluno l\u2019assemblea in cui il Comitato \u201cSalviamo la Provincia di Belluno\u201d ha presentato il bilancio della fiaccolata organizzata a Belluno mercoled\u00ec 24 ottobre e ha avanzato una proposta per l\u2019utilizzo degli 877 euro rimasti in modo da dare ulteriore risonanza al messaggio espresso dalla mobilitazione [&hellip;]<\/p>\n","protected":false},"author":2,"featured_media":0,"comment_status":"closed","ping_status":"open","sticky":false,"template":"","format":"standard","meta":{"footnotes":""},"categories":[1],"tags":[],"class_list":["post-44554","post","type-post","status-publish","format-standard","category-leo"],"yoast_head":"<!-- This site is optimized with the Yoast SEO plugin v28.4 - https:\/\/yoast.com\/product\/yoast-seo-wordpress\/ -->\n<title>Presentato il bilancio delle iniziative per salvare la Provincia dal Comitato &quot;Salviamo la Provincia di Belluno&quot; - Bellunopress - Dolomiti<\/title>\n<meta name=\"robots\" content=\"index, follow, max-snippet:-1, max-image-preview:large, max-video-preview:-1\" \/>\n<link rel=\"canonical\" href=\"https:\/\/www.bellunopress.it\/fr\/2012\/12\/07\/presentato-il-bilancio-delle-iniziative-per-salvare-la-provincia-dal-comitato-salviamo-la-provincia-di-belluno\/\" \/>\n<meta property=\"og:locale\" content=\"fr_FR\" \/>\n<meta property=\"og:type\" content=\"article\" \/>\n<meta property=\"og:title\" content=\"Presentato il bilancio delle iniziative per salvare la Provincia dal Comitato &quot;Salviamo la Provincia di Belluno&quot; - Bellunopress - Dolomiti\" \/>\n<meta property=\"og:description\" content=\"Si \u00e8 svolta venerd\u00ec mattina al Centro Giovanni XXIII di Belluno l\u2019assemblea in cui il Comitato \u201cSalviamo la Provincia di Belluno\u201d ha presentato il bilancio della fiaccolata organizzata a Belluno mercoled\u00ec 24 ottobre e ha avanzato una proposta per l\u2019utilizzo degli 877 euro rimasti in modo da dare ulteriore risonanza al messaggio espresso dalla mobilitazione [&hellip;]\" \/>\n<meta property=\"og:url\" content=\"https:\/\/www.bellunopress.it\/fr\/2012\/12\/07\/presentato-il-bilancio-delle-iniziative-per-salvare-la-provincia-dal-comitato-salviamo-la-provincia-di-belluno\/\" \/>\n<meta property=\"og:site_name\" content=\"Bellunopress - Dolomiti\" \/>\n<meta property=\"article:publisher\" content=\"https:\/\/www.facebook.com\/profile.php?id=100008943462799\" \/>\n<meta property=\"article:published_time\" content=\"2012-12-07T17:20:40+00:00\" \/>\n<meta property=\"article:modified_time\" content=\"2012-12-07T19:21:20+00:00\" \/>\n<meta property=\"og:image\" content=\"http:\/\/www.bellunopress.it\/wp-content\/uploads\/2012\/10\/fiaccolata.jpg\" \/>\n<meta name=\"author\" content=\"redazione\" \/>\n<meta name=\"twitter:card\" content=\"summary_large_image\" \/>\n<meta name=\"twitter:creator\" content=\"@bellunopress\" \/>\n<meta name=\"twitter:site\" content=\"@bellunopress\" \/>\n<meta name=\"twitter:label1\" content=\"\u00c9crit par\" \/>\n\t<meta name=\"twitter:data1\" content=\"redazione\" \/>\n\t<meta name=\"twitter:label2\" content=\"Dur\u00e9e de lecture estim\u00e9e\" \/>\n\t<meta name=\"twitter:data2\" content=\"4 minutes\" \/>\n<script type=\"application\/ld+json\" class=\"yoast-schema-graph\">{\"@context\":\"https:\\\/\\\/schema.org\",\"@graph\":[{\"@type\":\"Article\",\"@id\":\"https:\\\/\\\/www.bellunopress.it\\\/2012\\\/12\\\/07\\\/presentato-il-bilancio-delle-iniziative-per-salvare-la-provincia-dal-comitato-salviamo-la-provincia-di-belluno\\\/#article\",\"isPartOf\":{\"@id\":\"https:\\\/\\\/www.bellunopress.it\\\/2012\\\/12\\\/07\\\/presentato-il-bilancio-delle-iniziative-per-salvare-la-provincia-dal-comitato-salviamo-la-provincia-di-belluno\\\/\"},\"author\":{\"name\":\"redazione\",\"@id\":\"https:\\\/\\\/www.bellunopress.it\\\/#\\\/schema\\\/person\\\/79bb06722b37ece1c03d3e94beb30d73\"},\"headline\":\"Presentato il bilancio delle iniziative per salvare la Provincia dal Comitato &#8220;Salviamo la Provincia di Belluno&#8221;\",\"datePublished\":\"2012-12-07T17:20:40+00:00\",\"dateModified\":\"2012-12-07T19:21:20+00:00\",\"mainEntityOfPage\":{\"@id\":\"https:\\\/\\\/www.bellunopress.it\\\/2012\\\/12\\\/07\\\/presentato-il-bilancio-delle-iniziative-per-salvare-la-provincia-dal-comitato-salviamo-la-provincia-di-belluno\\\/\"},\"wordCount\":889,\"publisher\":{\"@id\":\"https:\\\/\\\/www.bellunopress.it\\\/#organization\"},\"image\":{\"@id\":\"https:\\\/\\\/www.bellunopress.it\\\/2012\\\/12\\\/07\\\/presentato-il-bilancio-delle-iniziative-per-salvare-la-provincia-dal-comitato-salviamo-la-provincia-di-belluno\\\/#primaryimage\"},\"thumbnailUrl\":\"http:\\\/\\\/www.bellunopress.it\\\/wp-content\\\/uploads\\\/2012\\\/10\\\/fiaccolata.jpg\",\"articleSection\":[\"Lettere Opinioni\"],\"inLanguage\":\"fr-FR\"},{\"@type\":\"WebPage\",\"@id\":\"https:\\\/\\\/www.bellunopress.it\\\/2012\\\/12\\\/07\\\/presentato-il-bilancio-delle-iniziative-per-salvare-la-provincia-dal-comitato-salviamo-la-provincia-di-belluno\\\/\",\"url\":\"https:\\\/\\\/www.bellunopress.it\\\/2012\\\/12\\\/07\\\/presentato-il-bilancio-delle-iniziative-per-salvare-la-provincia-dal-comitato-salviamo-la-provincia-di-belluno\\\/\",\"name\":\"Presentato il bilancio delle iniziative per salvare la Provincia dal Comitato \\\"Salviamo la Provincia di Belluno\\\" - Bellunopress - Dolomiti\",\"isPartOf\":{\"@id\":\"https:\\\/\\\/www.bellunopress.it\\\/#website\"},\"primaryImageOfPage\":{\"@id\":\"https:\\\/\\\/www.bellunopress.it\\\/2012\\\/12\\\/07\\\/presentato-il-bilancio-delle-iniziative-per-salvare-la-provincia-dal-comitato-salviamo-la-provincia-di-belluno\\\/#primaryimage\"},\"image\":{\"@id\":\"https:\\\/\\\/www.bellunopress.it\\\/2012\\\/12\\\/07\\\/presentato-il-bilancio-delle-iniziative-per-salvare-la-provincia-dal-comitato-salviamo-la-provincia-di-belluno\\\/#primaryimage\"},\"thumbnailUrl\":\"http:\\\/\\\/www.bellunopress.it\\\/wp-content\\\/uploads\\\/2012\\\/10\\\/fiaccolata.jpg\",\"datePublished\":\"2012-12-07T17:20:40+00:00\",\"dateModified\":\"2012-12-07T19:21:20+00:00\",\"breadcrumb\":{\"@id\":\"https:\\\/\\\/www.bellunopress.it\\\/2012\\\/12\\\/07\\\/presentato-il-bilancio-delle-iniziative-per-salvare-la-provincia-dal-comitato-salviamo-la-provincia-di-belluno\\\/#breadcrumb\"},\"inLanguage\":\"fr-FR\",\"potentialAction\":[{\"@type\":\"ReadAction\",\"target\":[\"https:\\\/\\\/www.bellunopress.it\\\/2012\\\/12\\\/07\\\/presentato-il-bilancio-delle-iniziative-per-salvare-la-provincia-dal-comitato-salviamo-la-provincia-di-belluno\\\/\"]}]},{\"@type\":\"ImageObject\",\"inLanguage\":\"fr-FR\",\"@id\":\"https:\\\/\\\/www.bellunopress.it\\\/2012\\\/12\\\/07\\\/presentato-il-bilancio-delle-iniziative-per-salvare-la-provincia-dal-comitato-salviamo-la-provincia-di-belluno\\\/#primaryimage\",\"url\":\"http:\\\/\\\/www.bellunopress.it\\\/wp-content\\\/uploads\\\/2012\\\/10\\\/fiaccolata.jpg\",\"contentUrl\":\"http:\\\/\\\/www.bellunopress.it\\\/wp-content\\\/uploads\\\/2012\\\/10\\\/fiaccolata.jpg\"},{\"@type\":\"BreadcrumbList\",\"@id\":\"https:\\\/\\\/www.bellunopress.it\\\/2012\\\/12\\\/07\\\/presentato-il-bilancio-delle-iniziative-per-salvare-la-provincia-dal-comitato-salviamo-la-provincia-di-belluno\\\/#breadcrumb\",\"itemListElement\":[{\"@type\":\"ListItem\",\"position\":1,\"name\":\"Home\",\"item\":\"https:\\\/\\\/www.bellunopress.it\\\/\"},{\"@type\":\"ListItem\",\"position\":2,\"name\":\"Presentato il bilancio delle iniziative per salvare la Provincia dal Comitato &#8220;Salviamo la Provincia di Belluno&#8221;\"}]},{\"@type\":\"WebSite\",\"@id\":\"https:\\\/\\\/www.bellunopress.it\\\/#website\",\"url\":\"https:\\\/\\\/www.bellunopress.it\\\/\",\"name\":\"Bellunopress - Dolomiti\",\"description\":\"e-mail: redazione@bellunopress.it\",\"publisher\":{\"@id\":\"https:\\\/\\\/www.bellunopress.it\\\/#organization\"},\"potentialAction\":[{\"@type\":\"SearchAction\",\"target\":{\"@type\":\"EntryPoint\",\"urlTemplate\":\"https:\\\/\\\/www.bellunopress.it\\\/?s={search_term_string}\"},\"query-input\":{\"@type\":\"PropertyValueSpecification\",\"valueRequired\":true,\"valueName\":\"search_term_string\"}}],\"inLanguage\":\"fr-FR\"},{\"@type\":\"Organization\",\"@id\":\"https:\\\/\\\/www.bellunopress.it\\\/#organization\",\"name\":\"Bellunopress\",\"url\":\"https:\\\/\\\/www.bellunopress.it\\\/\",\"logo\":{\"@type\":\"ImageObject\",\"inLanguage\":\"fr-FR\",\"@id\":\"https:\\\/\\\/www.bellunopress.it\\\/#\\\/schema\\\/logo\\\/image\\\/\",\"url\":\"https:\\\/\\\/www.bellunopress.it\\\/wp-content\\\/uploads\\\/2011\\\/05\\\/cropped-logo-bellunopress-.jpg\",\"contentUrl\":\"https:\\\/\\\/www.bellunopress.it\\\/wp-content\\\/uploads\\\/2011\\\/05\\\/cropped-logo-bellunopress-.jpg\",\"width\":512,\"height\":512,\"caption\":\"Bellunopress\"},\"image\":{\"@id\":\"https:\\\/\\\/www.bellunopress.it\\\/#\\\/schema\\\/logo\\\/image\\\/\"},\"sameAs\":[\"https:\\\/\\\/www.facebook.com\\\/profile.php?id=100008943462799\",\"https:\\\/\\\/x.com\\\/bellunopress\",\"https:\\\/\\\/www.linkedin.com\\\/hp\\\/?dnr=JBzUWaJfMUw8vbXJJ2tVW5-I3jZKvC4wsoxE&amp;amp;amp;amp;amp;amp;trk=nav_responsive_tab_home\",\"https:\\\/\\\/www.youtube.com\\\/channel\\\/UCxL0wu1uN0_3_7hGG0306cw\"]},{\"@type\":\"Person\",\"@id\":\"https:\\\/\\\/www.bellunopress.it\\\/#\\\/schema\\\/person\\\/79bb06722b37ece1c03d3e94beb30d73\",\"name\":\"redazione\",\"image\":{\"@type\":\"ImageObject\",\"inLanguage\":\"fr-FR\",\"@id\":\"https:\\\/\\\/secure.gravatar.com\\\/avatar\\\/37d968a2e67a6fd04c169c4bdef102d0bc5d31b2546345219e348575eb80e9a0?s=96&d=mm&r=g\",\"url\":\"https:\\\/\\\/secure.gravatar.com\\\/avatar\\\/37d968a2e67a6fd04c169c4bdef102d0bc5d31b2546345219e348575eb80e9a0?s=96&d=mm&r=g\",\"contentUrl\":\"https:\\\/\\\/secure.gravatar.com\\\/avatar\\\/37d968a2e67a6fd04c169c4bdef102d0bc5d31b2546345219e348575eb80e9a0?s=96&d=mm&r=g\",\"caption\":\"redazione\"},\"sameAs\":[\"http:\\\/\\\/www.bellunopress.it\",\"https:\\\/\\\/x.com\\\/bellunopress\"],\"url\":\"https:\\\/\\\/www.bellunopress.it\\\/fr\\\/author\\\/redazione\\\/\"}]}<\/script>\n<!-- \/ Yoast SEO plugin. -->","yoast_head_json":{"title":"Presentato il bilancio delle iniziative per salvare la Provincia dal Comitato \"Salviamo la Provincia di Belluno\" - Bellunopress - Dolomiti","robots":{"index":"index","follow":"follow","max-snippet":"max-snippet:-1","max-image-preview":"max-image-preview:large","max-video-preview":"max-video-preview:-1"},"canonical":"https:\/\/www.bellunopress.it\/fr\/2012\/12\/07\/presentato-il-bilancio-delle-iniziative-per-salvare-la-provincia-dal-comitato-salviamo-la-provincia-di-belluno\/","og_locale":"fr_FR","og_type":"article","og_title":"Presentato il bilancio delle iniziative per salvare la Provincia dal Comitato \"Salviamo la Provincia di Belluno\" - Bellunopress - Dolomiti","og_description":"Si \u00e8 svolta venerd\u00ec mattina al Centro Giovanni XXIII di Belluno l\u2019assemblea in cui il Comitato \u201cSalviamo la Provincia di Belluno\u201d ha presentato il bilancio della fiaccolata organizzata a Belluno mercoled\u00ec 24 ottobre e ha avanzato una proposta per l\u2019utilizzo degli 877 euro rimasti in modo da dare ulteriore risonanza al messaggio espresso dalla mobilitazione [&hellip;]","og_url":"https:\/\/www.bellunopress.it\/fr\/2012\/12\/07\/presentato-il-bilancio-delle-iniziative-per-salvare-la-provincia-dal-comitato-salviamo-la-provincia-di-belluno\/","og_site_name":"Bellunopress - Dolomiti","article_publisher":"https:\/\/www.facebook.com\/profile.php?id=100008943462799","article_published_time":"2012-12-07T17:20:40+00:00","article_modified_time":"2012-12-07T19:21:20+00:00","og_image":[{"url":"http:\/\/www.bellunopress.it\/wp-content\/uploads\/2012\/10\/fiaccolata.jpg","type":"","width":"","height":""}],"author":"redazione","twitter_card":"summary_large_image","twitter_creator":"@bellunopress","twitter_site":"@bellunopress","twitter_misc":{"\u00c9crit par":"redazione","Dur\u00e9e de lecture estim\u00e9e":"4 minutes"},"schema":{"@context":"https:\/\/schema.org","@graph":[{"@type":"Article","@id":"https:\/\/www.bellunopress.it\/2012\/12\/07\/presentato-il-bilancio-delle-iniziative-per-salvare-la-provincia-dal-comitato-salviamo-la-provincia-di-belluno\/#article","isPartOf":{"@id":"https:\/\/www.bellunopress.it\/2012\/12\/07\/presentato-il-bilancio-delle-iniziative-per-salvare-la-provincia-dal-comitato-salviamo-la-provincia-di-belluno\/"},"author":{"name":"redazione","@id":"https:\/\/www.bellunopress.it\/#\/schema\/person\/79bb06722b37ece1c03d3e94beb30d73"},"headline":"Presentato il bilancio delle iniziative per salvare la Provincia dal Comitato &#8220;Salviamo la Provincia di Belluno&#8221;","datePublished":"2012-12-07T17:20:40+00:00","dateModified":"2012-12-07T19:21:20+00:00","mainEntityOfPage":{"@id":"https:\/\/www.bellunopress.it\/2012\/12\/07\/presentato-il-bilancio-delle-iniziative-per-salvare-la-provincia-dal-comitato-salviamo-la-provincia-di-belluno\/"},"wordCount":889,"publisher":{"@id":"https:\/\/www.bellunopress.it\/#organization"},"image":{"@id":"https:\/\/www.bellunopress.it\/2012\/12\/07\/presentato-il-bilancio-delle-iniziative-per-salvare-la-provincia-dal-comitato-salviamo-la-provincia-di-belluno\/#primaryimage"},"thumbnailUrl":"http:\/\/www.bellunopress.it\/wp-content\/uploads\/2012\/10\/fiaccolata.jpg","articleSection":["Lettere Opinioni"],"inLanguage":"fr-FR"},{"@type":"WebPage","@id":"https:\/\/www.bellunopress.it\/2012\/12\/07\/presentato-il-bilancio-delle-iniziative-per-salvare-la-provincia-dal-comitato-salviamo-la-provincia-di-belluno\/","url":"https:\/\/www.bellunopress.it\/2012\/12\/07\/presentato-il-bilancio-delle-iniziative-per-salvare-la-provincia-dal-comitato-salviamo-la-provincia-di-belluno\/","name":"Presentato il bilancio delle iniziative per salvare la Provincia dal Comitato \"Salviamo la Provincia di Belluno\" - Bellunopress - Dolomiti","isPartOf":{"@id":"https:\/\/www.bellunopress.it\/#website"},"primaryImageOfPage":{"@id":"https:\/\/www.bellunopress.it\/2012\/12\/07\/presentato-il-bilancio-delle-iniziative-per-salvare-la-provincia-dal-comitato-salviamo-la-provincia-di-belluno\/#primaryimage"},"image":{"@id":"https:\/\/www.bellunopress.it\/2012\/12\/07\/presentato-il-bilancio-delle-iniziative-per-salvare-la-provincia-dal-comitato-salviamo-la-provincia-di-belluno\/#primaryimage"},"thumbnailUrl":"http:\/\/www.bellunopress.it\/wp-content\/uploads\/2012\/10\/fiaccolata.jpg","datePublished":"2012-12-07T17:20:40+00:00","dateModified":"2012-12-07T19:21:20+00:00","breadcrumb":{"@id":"https:\/\/www.bellunopress.it\/2012\/12\/07\/presentato-il-bilancio-delle-iniziative-per-salvare-la-provincia-dal-comitato-salviamo-la-provincia-di-belluno\/#breadcrumb"},"inLanguage":"fr-FR","potentialAction":[{"@type":"ReadAction","target":["https:\/\/www.bellunopress.it\/2012\/12\/07\/presentato-il-bilancio-delle-iniziative-per-salvare-la-provincia-dal-comitato-salviamo-la-provincia-di-belluno\/"]}]},{"@type":"ImageObject","inLanguage":"fr-FR","@id":"https:\/\/www.bellunopress.it\/2012\/12\/07\/presentato-il-bilancio-delle-iniziative-per-salvare-la-provincia-dal-comitato-salviamo-la-provincia-di-belluno\/#primaryimage","url":"http:\/\/www.bellunopress.it\/wp-content\/uploads\/2012\/10\/fiaccolata.jpg","contentUrl":"http:\/\/www.bellunopress.it\/wp-content\/uploads\/2012\/10\/fiaccolata.jpg"},{"@type":"BreadcrumbList","@id":"https:\/\/www.bellunopress.it\/2012\/12\/07\/presentato-il-bilancio-delle-iniziative-per-salvare-la-provincia-dal-comitato-salviamo-la-provincia-di-belluno\/#breadcrumb","itemListElement":[{"@type":"ListItem","position":1,"name":"Home","item":"https:\/\/www.bellunopress.it\/"},{"@type":"ListItem","position":2,"name":"Presentato il bilancio delle iniziative per salvare la Provincia dal Comitato &#8220;Salviamo la Provincia di Belluno&#8221;"}]},{"@type":"WebSite","@id":"https:\/\/www.bellunopress.it\/#website","url":"https:\/\/www.bellunopress.it\/","name":"Bellunopress - Dolomiti","description":"e-mail: redazione@bellunopress.it","publisher":{"@id":"https:\/\/www.bellunopress.it\/#organization"},"potentialAction":[{"@type":"SearchAction","target":{"@type":"EntryPoint","urlTemplate":"https:\/\/www.bellunopress.it\/?s={search_term_string}"},"query-input":{"@type":"PropertyValueSpecification","valueRequired":true,"valueName":"search_term_string"}}],"inLanguage":"fr-FR"},{"@type":"Organization","@id":"https:\/\/www.bellunopress.it\/#organization","name":"Bellunopress","url":"https:\/\/www.bellunopress.it\/","logo":{"@type":"ImageObject","inLanguage":"fr-FR","@id":"https:\/\/www.bellunopress.it\/#\/schema\/logo\/image\/","url":"https:\/\/www.bellunopress.it\/wp-content\/uploads\/2011\/05\/cropped-logo-bellunopress-.jpg","contentUrl":"https:\/\/www.bellunopress.it\/wp-content\/uploads\/2011\/05\/cropped-logo-bellunopress-.jpg","width":512,"height":512,"caption":"Bellunopress"},"image":{"@id":"https:\/\/www.bellunopress.it\/#\/schema\/logo\/image\/"},"sameAs":["https:\/\/www.facebook.com\/profile.php?id=100008943462799","https:\/\/x.com\/bellunopress","https:\/\/www.linkedin.com\/hp\/?dnr=JBzUWaJfMUw8vbXJJ2tVW5-I3jZKvC4wsoxE&amp;amp;amp;amp;amp;amp;trk=nav_responsive_tab_home","https:\/\/www.youtube.com\/channel\/UCxL0wu1uN0_3_7hGG0306cw"]},{"@type":"Person","@id":"https:\/\/www.bellunopress.it\/#\/schema\/person\/79bb06722b37ece1c03d3e94beb30d73","name":"r\u00e9daction","image":{"@type":"ImageObject","inLanguage":"fr-FR","@id":"https:\/\/secure.gravatar.com\/avatar\/37d968a2e67a6fd04c169c4bdef102d0bc5d31b2546345219e348575eb80e9a0?s=96&d=mm&r=g","url":"https:\/\/secure.gravatar.com\/avatar\/37d968a2e67a6fd04c169c4bdef102d0bc5d31b2546345219e348575eb80e9a0?s=96&d=mm&r=g","contentUrl":"https:\/\/secure.gravatar.com\/avatar\/37d968a2e67a6fd04c169c4bdef102d0bc5d31b2546345219e348575eb80e9a0?s=96&d=mm&r=g","caption":"redazione"},"sameAs":["http:\/\/www.bellunopress.it","https:\/\/x.com\/bellunopress"],"url":"https:\/\/www.bellunopress.it\/fr\/author\/redazione\/"}]}},"_links":{"self":[{"href":"https:\/\/www.bellunopress.it\/fr\/wp-json\/wp\/v2\/posts\/44554","targetHints":{"allow":["GET"]}}],"collection":[{"href":"https:\/\/www.bellunopress.it\/fr\/wp-json\/wp\/v2\/posts"}],"about":[{"href":"https:\/\/www.bellunopress.it\/fr\/wp-json\/wp\/v2\/types\/post"}],"author":[{"embeddable":true,"href":"https:\/\/www.bellunopress.it\/fr\/wp-json\/wp\/v2\/users\/2"}],"replies":[{"embeddable":true,"href":"https:\/\/www.bellunopress.it\/fr\/wp-json\/wp\/v2\/comments?post=44554"}],"version-history":[{"count":3,"href":"https:\/\/www.bellunopress.it\/fr\/wp-json\/wp\/v2\/posts\/44554\/revisions"}],"predecessor-version":[{"id":44564,"href":"https:\/\/www.bellunopress.it\/fr\/wp-json\/wp\/v2\/posts\/44554\/revisions\/44564"}],"wp:attachment":[{"href":"https:\/\/www.bellunopress.it\/fr\/wp-json\/wp\/v2\/media?parent=44554"}],"wp:term":[{"taxonomy":"category","embeddable":true,"href":"https:\/\/www.bellunopress.it\/fr\/wp-json\/wp\/v2\/categories?post=44554"},{"taxonomy":"post_tag","embeddable":true,"href":"https:\/\/www.bellunopress.it\/fr\/wp-json\/wp\/v2\/tags?post=44554"}],"curies":[{"name":"wp","href":"https:\/\/api.w.org\/{rel}","templated":true}]}}