{"id":44550,"date":"2012-12-07T12:28:44","date_gmt":"2012-12-07T11:28:44","guid":{"rendered":"http:\/\/www.bellunopress.it\/?p=44550"},"modified":"2012-12-07T12:28:44","modified_gmt":"2012-12-07T11:28:44","slug":"il-soccorso-alpino-apre-ai-giovani-istituita-la-figura-del-socio-giovane-propedeutica-alla-continuita-degli-organici","status":"publish","type":"post","link":"https:\/\/www.bellunopress.it\/fr\/2012\/12\/07\/il-soccorso-alpino-apre-ai-giovani-istituita-la-figura-del-socio-giovane-propedeutica-alla-continuita-degli-organici\/","title":{"rendered":"Il Soccorso alpino apre ai giovani. Istituita la figura del &#8220;Socio giovane&#8221; propedeutica alla continuit\u00e0 degli organici"},"content":{"rendered":"<figure id=\"attachment_448\" aria-describedby=\"caption-attachment-448\" style=\"width: 256px\" class=\"wp-caption alignleft\"><a href=\"http:\/\/www.bellunopress.it\/wp-content\/uploads\/2009\/02\/fabio-bristot-rufus-delegato-socc-alpino-bl.jpg\"><img loading=\"lazy\" decoding=\"async\" class=\"size-full wp-image-448\" title=\"fabio-bristot-rufus-delegato-socc-alpino-bl\" src=\"http:\/\/www.bellunopress.it\/wp-content\/uploads\/2009\/02\/fabio-bristot-rufus-delegato-socc-alpino-bl.jpg\" alt=\"\" width=\"256\" height=\"181\" \/><\/a><figcaption id=\"caption-attachment-448\" class=\"wp-caption-text\">Fabio Bristot (Rufus)<\/figcaption><\/figure>\n<p>Con l&#8217;approvazione del Regolamento Soci Giovani, recentemente deliberato dall&#8217;Assemblea Regionale del Soccorso Alpino e Speleologico Veneto, il Soccorso Alpino &#8220;Dolomiti Bellunesi&#8221;\u00a0 partir\u00e0 gi\u00e0 nel 2013 con l&#8217;applicazione di questo fondamentale strumento, tra l&#8217;altro richiesto da molte Stazioni operanti in provincia.\u00a0 Lo scrive in una nota il referente provinciale del Soccorso alpino Fabio Bristot (Rufus).<\/p>\n<p>Il Socio Giovane, che \u00e8 infatti una nuova figura prevista dallo Statuto nazionale del Cnsas ed immediatamente recepita a livello locale, viene istituita per far avvicinare alla complessa attivit\u00e0 del Cnsas giovani ed adolescenti che risiedono nei territori di competenza delle 20 Stazioni Cnsas. Tutto ci\u00f2 per offrire, inoltre, ulteriori possibilit\u00e0 di approfondimento, crescita e maturazione sui temi e problemi legati al vivere in montagna, proprio perch\u00e8 i nostri giovani di oggi dovranno essere i montanari di domani. Finalit\u00e0 certamente ambiziose senza le quali per\u00f2 non si preordina il futuro di un&#8217;organizzazione fondamentale per il territorio montano, anzi lo si pregiudica.<\/p>\n<p>Importante, infine la sinergia che dovr\u00e0 crearsi con Enti locali, con il mondo della scuola e con altri soggetti importanti del sistema montagna.<\/p>\n<p>Una parte delle attivit\u00e0 previste, infatti, &#8211; sottolinea Rufus &#8211; potranno essere svolte anche con il logico contributo del CAI, ma anche e soprattuto delle Guide Alpine cos\u00ec come meglio in evidenza nel Regolamento.<\/p>\n<p>Infine, l&#8217;auspicio che questo percorso per certi versi strategico possa favorevolmente premiare il lavoro gi\u00e0 estremamente positivo svolto negli ultimi anni dalle Stazioni Cnsas &#8220;Dolomiti Bellunesi nel tentativo di rafforzare la struttura con nuove leve senza perdere contestulmante esperienze e saggezza delle persone pi\u00f9 adulte all&#8217;interno delle Stazioni.<\/p>\n<p>L&#8217;eta media delle Stazioni, infatti, con analisi che vengono fatte su base annuale, \u00e8 passata dai 47,3 anni del 2006, ai 46,1 del 2009 agli attuali 43,2, segno evidente che nonostante la nostra provincia sia tra le pi\u00f9 vecchi e a livello nazionale ed europeo, le vocazioni per fortuna non mancano. Ci\u00f2 \u00e8 un dato estremamente significativo per la realt\u00e0 del Cnsas tanto pi\u00f9 se si considera che, stando ad alcuni recenti indicatori, il mondo del volontariato sbocciato quali-quantitativamente negli anni &#8217;80 e &#8217;90, risente nell&#8217;ultimo periodo di una leggera crisi proprio legata alle nuove vocazioni che, a prescidente dalla realt\u00e0 associativa individuata, sembrerebbero essere in una fase di flessione.<\/p>\n<p>Proprio in relazione a questi aspetti\u00a0&#8211; \u00a0ricorda Fabio Rufus &#8211;\u00a0 sabato scorso, con il termine degli esami previsti dal piano formativo d&#8217;ingresso per i nuovi organici del Soccorso alpino, sono stati ammesse 21 nuovi soggetti di cui anche un medico ed un infermiere, mentre 2 soggetti non sono stati ammessi preliminarmente e 5 non sono riusciti a passare le selezioni.<\/p>\n<p>&nbsp;<\/p>","protected":false},"excerpt":{"rendered":"<p>Con l&#8217;approvazione del Regolamento Soci Giovani, recentemente deliberato dall&#8217;Assemblea Regionale del Soccorso Alpino e Speleologico Veneto, il Soccorso Alpino &#8220;Dolomiti Bellunesi&#8221;\u00a0 partir\u00e0 gi\u00e0 nel 2013 con l&#8217;applicazione di questo fondamentale strumento, tra l&#8217;altro richiesto da molte Stazioni operanti in provincia.\u00a0 Lo scrive in una nota il referente provinciale del Soccorso alpino Fabio Bristot (Rufus). Il [&hellip;]<\/p>\n","protected":false},"author":2,"featured_media":0,"comment_status":"closed","ping_status":"open","sticky":false,"template":"","format":"standard","meta":{"footnotes":""},"categories":[26,15,8],"tags":[],"class_list":["post-44550","post","type-post","status-publish","format-standard","category-prima-pagina","category-scuola","category-societa-istituzioni"],"yoast_head":"<!-- This site is optimized with the Yoast SEO plugin v28.4 - https:\/\/yoast.com\/product\/yoast-seo-wordpress\/ -->\n<title>Il Soccorso alpino apre ai giovani. Istituita la figura del &quot;Socio giovane&quot; propedeutica alla continuit\u00e0 degli organici - Bellunopress - Dolomiti<\/title>\n<meta name=\"robots\" content=\"index, follow, max-snippet:-1, max-image-preview:large, max-video-preview:-1\" \/>\n<link rel=\"canonical\" href=\"https:\/\/www.bellunopress.it\/fr\/2012\/12\/07\/il-soccorso-alpino-apre-ai-giovani-istituita-la-figura-del-socio-giovane-propedeutica-alla-continuita-degli-organici\/\" \/>\n<meta property=\"og:locale\" content=\"fr_FR\" \/>\n<meta property=\"og:type\" content=\"article\" \/>\n<meta property=\"og:title\" content=\"Il Soccorso alpino apre ai giovani. Istituita la figura del &quot;Socio giovane&quot; propedeutica alla continuit\u00e0 degli organici - Bellunopress - Dolomiti\" \/>\n<meta property=\"og:description\" content=\"Con l&#8217;approvazione del Regolamento Soci Giovani, recentemente deliberato dall&#8217;Assemblea Regionale del Soccorso Alpino e Speleologico Veneto, il Soccorso Alpino &#8220;Dolomiti Bellunesi&#8221;\u00a0 partir\u00e0 gi\u00e0 nel 2013 con l&#8217;applicazione di questo fondamentale strumento, tra l&#8217;altro richiesto da molte Stazioni operanti in provincia.\u00a0 Lo scrive in una nota il referente provinciale del Soccorso alpino Fabio Bristot (Rufus). Il [&hellip;]\" \/>\n<meta property=\"og:url\" content=\"https:\/\/www.bellunopress.it\/fr\/2012\/12\/07\/il-soccorso-alpino-apre-ai-giovani-istituita-la-figura-del-socio-giovane-propedeutica-alla-continuita-degli-organici\/\" \/>\n<meta property=\"og:site_name\" content=\"Bellunopress - Dolomiti\" \/>\n<meta property=\"article:publisher\" content=\"https:\/\/www.facebook.com\/profile.php?id=100008943462799\" \/>\n<meta property=\"article:published_time\" content=\"2012-12-07T11:28:44+00:00\" \/>\n<meta property=\"og:image\" content=\"http:\/\/www.bellunopress.it\/wp-content\/uploads\/2009\/02\/fabio-bristot-rufus-delegato-socc-alpino-bl.jpg\" \/>\n<meta name=\"author\" content=\"redazione\" \/>\n<meta name=\"twitter:card\" content=\"summary_large_image\" \/>\n<meta name=\"twitter:creator\" content=\"@bellunopress\" \/>\n<meta name=\"twitter:site\" content=\"@bellunopress\" \/>\n<meta name=\"twitter:label1\" content=\"Written by\" \/>\n\t<meta name=\"twitter:data1\" content=\"redazione\" \/>\n\t<meta name=\"twitter:label2\" content=\"Est. reading time\" \/>\n\t<meta name=\"twitter:data2\" content=\"2 minutes\" \/>\n<script type=\"application\/ld+json\" class=\"yoast-schema-graph\">{\"@context\":\"https:\\\/\\\/schema.org\",\"@graph\":[{\"@type\":\"Article\",\"@id\":\"https:\\\/\\\/www.bellunopress.it\\\/2012\\\/12\\\/07\\\/il-soccorso-alpino-apre-ai-giovani-istituita-la-figura-del-socio-giovane-propedeutica-alla-continuita-degli-organici\\\/#article\",\"isPartOf\":{\"@id\":\"https:\\\/\\\/www.bellunopress.it\\\/2012\\\/12\\\/07\\\/il-soccorso-alpino-apre-ai-giovani-istituita-la-figura-del-socio-giovane-propedeutica-alla-continuita-degli-organici\\\/\"},\"author\":{\"name\":\"redazione\",\"@id\":\"https:\\\/\\\/www.bellunopress.it\\\/#\\\/schema\\\/person\\\/79bb06722b37ece1c03d3e94beb30d73\"},\"headline\":\"Il Soccorso alpino apre ai giovani. Istituita la figura del &#8220;Socio giovane&#8221; propedeutica alla continuit\u00e0 degli organici\",\"datePublished\":\"2012-12-07T11:28:44+00:00\",\"mainEntityOfPage\":{\"@id\":\"https:\\\/\\\/www.bellunopress.it\\\/2012\\\/12\\\/07\\\/il-soccorso-alpino-apre-ai-giovani-istituita-la-figura-del-socio-giovane-propedeutica-alla-continuita-degli-organici\\\/\"},\"wordCount\":454,\"publisher\":{\"@id\":\"https:\\\/\\\/www.bellunopress.it\\\/#organization\"},\"image\":{\"@id\":\"https:\\\/\\\/www.bellunopress.it\\\/2012\\\/12\\\/07\\\/il-soccorso-alpino-apre-ai-giovani-istituita-la-figura-del-socio-giovane-propedeutica-alla-continuita-degli-organici\\\/#primaryimage\"},\"thumbnailUrl\":\"http:\\\/\\\/www.bellunopress.it\\\/wp-content\\\/uploads\\\/2009\\\/02\\\/fabio-bristot-rufus-delegato-socc-alpino-bl.jpg\",\"articleSection\":[\"Prima Pagina\",\"Scuola\",\"Societ\u00e0, Associazioni, Istituzioni\"],\"inLanguage\":\"fr-FR\"},{\"@type\":\"WebPage\",\"@id\":\"https:\\\/\\\/www.bellunopress.it\\\/2012\\\/12\\\/07\\\/il-soccorso-alpino-apre-ai-giovani-istituita-la-figura-del-socio-giovane-propedeutica-alla-continuita-degli-organici\\\/\",\"url\":\"https:\\\/\\\/www.bellunopress.it\\\/2012\\\/12\\\/07\\\/il-soccorso-alpino-apre-ai-giovani-istituita-la-figura-del-socio-giovane-propedeutica-alla-continuita-degli-organici\\\/\",\"name\":\"Il Soccorso alpino apre ai giovani. Istituita la figura del \\\"Socio giovane\\\" propedeutica alla continuit\u00e0 degli organici - Bellunopress - Dolomiti\",\"isPartOf\":{\"@id\":\"https:\\\/\\\/www.bellunopress.it\\\/#website\"},\"primaryImageOfPage\":{\"@id\":\"https:\\\/\\\/www.bellunopress.it\\\/2012\\\/12\\\/07\\\/il-soccorso-alpino-apre-ai-giovani-istituita-la-figura-del-socio-giovane-propedeutica-alla-continuita-degli-organici\\\/#primaryimage\"},\"image\":{\"@id\":\"https:\\\/\\\/www.bellunopress.it\\\/2012\\\/12\\\/07\\\/il-soccorso-alpino-apre-ai-giovani-istituita-la-figura-del-socio-giovane-propedeutica-alla-continuita-degli-organici\\\/#primaryimage\"},\"thumbnailUrl\":\"http:\\\/\\\/www.bellunopress.it\\\/wp-content\\\/uploads\\\/2009\\\/02\\\/fabio-bristot-rufus-delegato-socc-alpino-bl.jpg\",\"datePublished\":\"2012-12-07T11:28:44+00:00\",\"breadcrumb\":{\"@id\":\"https:\\\/\\\/www.bellunopress.it\\\/2012\\\/12\\\/07\\\/il-soccorso-alpino-apre-ai-giovani-istituita-la-figura-del-socio-giovane-propedeutica-alla-continuita-degli-organici\\\/#breadcrumb\"},\"inLanguage\":\"fr-FR\",\"potentialAction\":[{\"@type\":\"ReadAction\",\"target\":[\"https:\\\/\\\/www.bellunopress.it\\\/2012\\\/12\\\/07\\\/il-soccorso-alpino-apre-ai-giovani-istituita-la-figura-del-socio-giovane-propedeutica-alla-continuita-degli-organici\\\/\"]}]},{\"@type\":\"ImageObject\",\"inLanguage\":\"fr-FR\",\"@id\":\"https:\\\/\\\/www.bellunopress.it\\\/2012\\\/12\\\/07\\\/il-soccorso-alpino-apre-ai-giovani-istituita-la-figura-del-socio-giovane-propedeutica-alla-continuita-degli-organici\\\/#primaryimage\",\"url\":\"http:\\\/\\\/www.bellunopress.it\\\/wp-content\\\/uploads\\\/2009\\\/02\\\/fabio-bristot-rufus-delegato-socc-alpino-bl.jpg\",\"contentUrl\":\"http:\\\/\\\/www.bellunopress.it\\\/wp-content\\\/uploads\\\/2009\\\/02\\\/fabio-bristot-rufus-delegato-socc-alpino-bl.jpg\"},{\"@type\":\"BreadcrumbList\",\"@id\":\"https:\\\/\\\/www.bellunopress.it\\\/2012\\\/12\\\/07\\\/il-soccorso-alpino-apre-ai-giovani-istituita-la-figura-del-socio-giovane-propedeutica-alla-continuita-degli-organici\\\/#breadcrumb\",\"itemListElement\":[{\"@type\":\"ListItem\",\"position\":1,\"name\":\"Home\",\"item\":\"https:\\\/\\\/www.bellunopress.it\\\/\"},{\"@type\":\"ListItem\",\"position\":2,\"name\":\"Il Soccorso alpino apre ai giovani. Istituita la figura del &#8220;Socio giovane&#8221; propedeutica alla continuit\u00e0 degli organici\"}]},{\"@type\":\"WebSite\",\"@id\":\"https:\\\/\\\/www.bellunopress.it\\\/#website\",\"url\":\"https:\\\/\\\/www.bellunopress.it\\\/\",\"name\":\"Bellunopress - Dolomiti\",\"description\":\"e-mail: redazione@bellunopress.it\",\"publisher\":{\"@id\":\"https:\\\/\\\/www.bellunopress.it\\\/#organization\"},\"potentialAction\":[{\"@type\":\"SearchAction\",\"target\":{\"@type\":\"EntryPoint\",\"urlTemplate\":\"https:\\\/\\\/www.bellunopress.it\\\/?s={search_term_string}\"},\"query-input\":{\"@type\":\"PropertyValueSpecification\",\"valueRequired\":true,\"valueName\":\"search_term_string\"}}],\"inLanguage\":\"fr-FR\"},{\"@type\":\"Organization\",\"@id\":\"https:\\\/\\\/www.bellunopress.it\\\/#organization\",\"name\":\"Bellunopress\",\"url\":\"https:\\\/\\\/www.bellunopress.it\\\/\",\"logo\":{\"@type\":\"ImageObject\",\"inLanguage\":\"fr-FR\",\"@id\":\"https:\\\/\\\/www.bellunopress.it\\\/#\\\/schema\\\/logo\\\/image\\\/\",\"url\":\"https:\\\/\\\/www.bellunopress.it\\\/wp-content\\\/uploads\\\/2011\\\/05\\\/cropped-logo-bellunopress-.jpg\",\"contentUrl\":\"https:\\\/\\\/www.bellunopress.it\\\/wp-content\\\/uploads\\\/2011\\\/05\\\/cropped-logo-bellunopress-.jpg\",\"width\":512,\"height\":512,\"caption\":\"Bellunopress\"},\"image\":{\"@id\":\"https:\\\/\\\/www.bellunopress.it\\\/#\\\/schema\\\/logo\\\/image\\\/\"},\"sameAs\":[\"https:\\\/\\\/www.facebook.com\\\/profile.php?id=100008943462799\",\"https:\\\/\\\/x.com\\\/bellunopress\",\"https:\\\/\\\/www.linkedin.com\\\/hp\\\/?dnr=JBzUWaJfMUw8vbXJJ2tVW5-I3jZKvC4wsoxE&amp;amp;amp;amp;amp;amp;trk=nav_responsive_tab_home\",\"https:\\\/\\\/www.youtube.com\\\/channel\\\/UCxL0wu1uN0_3_7hGG0306cw\"]},{\"@type\":\"Person\",\"@id\":\"https:\\\/\\\/www.bellunopress.it\\\/#\\\/schema\\\/person\\\/79bb06722b37ece1c03d3e94beb30d73\",\"name\":\"redazione\",\"image\":{\"@type\":\"ImageObject\",\"inLanguage\":\"fr-FR\",\"@id\":\"https:\\\/\\\/secure.gravatar.com\\\/avatar\\\/37d968a2e67a6fd04c169c4bdef102d0bc5d31b2546345219e348575eb80e9a0?s=96&d=mm&r=g\",\"url\":\"https:\\\/\\\/secure.gravatar.com\\\/avatar\\\/37d968a2e67a6fd04c169c4bdef102d0bc5d31b2546345219e348575eb80e9a0?s=96&d=mm&r=g\",\"contentUrl\":\"https:\\\/\\\/secure.gravatar.com\\\/avatar\\\/37d968a2e67a6fd04c169c4bdef102d0bc5d31b2546345219e348575eb80e9a0?s=96&d=mm&r=g\",\"caption\":\"redazione\"},\"sameAs\":[\"http:\\\/\\\/www.bellunopress.it\",\"https:\\\/\\\/x.com\\\/bellunopress\"],\"url\":\"https:\\\/\\\/www.bellunopress.it\\\/fr\\\/author\\\/redazione\\\/\"}]}<\/script>\n<!-- \/ Yoast SEO plugin. -->","yoast_head_json":{"title":"Il Soccorso alpino apre ai giovani. Istituita la figura del \"Socio giovane\" propedeutica alla continuit\u00e0 degli organici - Bellunopress - Dolomiti","robots":{"index":"index","follow":"follow","max-snippet":"max-snippet:-1","max-image-preview":"max-image-preview:large","max-video-preview":"max-video-preview:-1"},"canonical":"https:\/\/www.bellunopress.it\/fr\/2012\/12\/07\/il-soccorso-alpino-apre-ai-giovani-istituita-la-figura-del-socio-giovane-propedeutica-alla-continuita-degli-organici\/","og_locale":"fr_FR","og_type":"article","og_title":"Il Soccorso alpino apre ai giovani. Istituita la figura del \"Socio giovane\" propedeutica alla continuit\u00e0 degli organici - Bellunopress - Dolomiti","og_description":"Con l&#8217;approvazione del Regolamento Soci Giovani, recentemente deliberato dall&#8217;Assemblea Regionale del Soccorso Alpino e Speleologico Veneto, il Soccorso Alpino &#8220;Dolomiti Bellunesi&#8221;\u00a0 partir\u00e0 gi\u00e0 nel 2013 con l&#8217;applicazione di questo fondamentale strumento, tra l&#8217;altro richiesto da molte Stazioni operanti in provincia.\u00a0 Lo scrive in una nota il referente provinciale del Soccorso alpino Fabio Bristot (Rufus). Il [&hellip;]","og_url":"https:\/\/www.bellunopress.it\/fr\/2012\/12\/07\/il-soccorso-alpino-apre-ai-giovani-istituita-la-figura-del-socio-giovane-propedeutica-alla-continuita-degli-organici\/","og_site_name":"Bellunopress - Dolomiti","article_publisher":"https:\/\/www.facebook.com\/profile.php?id=100008943462799","article_published_time":"2012-12-07T11:28:44+00:00","og_image":[{"url":"http:\/\/www.bellunopress.it\/wp-content\/uploads\/2009\/02\/fabio-bristot-rufus-delegato-socc-alpino-bl.jpg","type":"","width":"","height":""}],"author":"redazione","twitter_card":"summary_large_image","twitter_creator":"@bellunopress","twitter_site":"@bellunopress","twitter_misc":{"Written by":"redazione","Est. reading time":"2 minutes"},"schema":{"@context":"https:\/\/schema.org","@graph":[{"@type":"Article","@id":"https:\/\/www.bellunopress.it\/2012\/12\/07\/il-soccorso-alpino-apre-ai-giovani-istituita-la-figura-del-socio-giovane-propedeutica-alla-continuita-degli-organici\/#article","isPartOf":{"@id":"https:\/\/www.bellunopress.it\/2012\/12\/07\/il-soccorso-alpino-apre-ai-giovani-istituita-la-figura-del-socio-giovane-propedeutica-alla-continuita-degli-organici\/"},"author":{"name":"redazione","@id":"https:\/\/www.bellunopress.it\/#\/schema\/person\/79bb06722b37ece1c03d3e94beb30d73"},"headline":"Il Soccorso alpino apre ai giovani. Istituita la figura del &#8220;Socio giovane&#8221; propedeutica alla continuit\u00e0 degli organici","datePublished":"2012-12-07T11:28:44+00:00","mainEntityOfPage":{"@id":"https:\/\/www.bellunopress.it\/2012\/12\/07\/il-soccorso-alpino-apre-ai-giovani-istituita-la-figura-del-socio-giovane-propedeutica-alla-continuita-degli-organici\/"},"wordCount":454,"publisher":{"@id":"https:\/\/www.bellunopress.it\/#organization"},"image":{"@id":"https:\/\/www.bellunopress.it\/2012\/12\/07\/il-soccorso-alpino-apre-ai-giovani-istituita-la-figura-del-socio-giovane-propedeutica-alla-continuita-degli-organici\/#primaryimage"},"thumbnailUrl":"http:\/\/www.bellunopress.it\/wp-content\/uploads\/2009\/02\/fabio-bristot-rufus-delegato-socc-alpino-bl.jpg","articleSection":["Prima Pagina","Scuola","Societ\u00e0, Associazioni, Istituzioni"],"inLanguage":"fr-FR"},{"@type":"WebPage","@id":"https:\/\/www.bellunopress.it\/2012\/12\/07\/il-soccorso-alpino-apre-ai-giovani-istituita-la-figura-del-socio-giovane-propedeutica-alla-continuita-degli-organici\/","url":"https:\/\/www.bellunopress.it\/2012\/12\/07\/il-soccorso-alpino-apre-ai-giovani-istituita-la-figura-del-socio-giovane-propedeutica-alla-continuita-degli-organici\/","name":"Il Soccorso alpino apre ai giovani. Istituita la figura del \"Socio giovane\" propedeutica alla continuit\u00e0 degli organici - Bellunopress - Dolomiti","isPartOf":{"@id":"https:\/\/www.bellunopress.it\/#website"},"primaryImageOfPage":{"@id":"https:\/\/www.bellunopress.it\/2012\/12\/07\/il-soccorso-alpino-apre-ai-giovani-istituita-la-figura-del-socio-giovane-propedeutica-alla-continuita-degli-organici\/#primaryimage"},"image":{"@id":"https:\/\/www.bellunopress.it\/2012\/12\/07\/il-soccorso-alpino-apre-ai-giovani-istituita-la-figura-del-socio-giovane-propedeutica-alla-continuita-degli-organici\/#primaryimage"},"thumbnailUrl":"http:\/\/www.bellunopress.it\/wp-content\/uploads\/2009\/02\/fabio-bristot-rufus-delegato-socc-alpino-bl.jpg","datePublished":"2012-12-07T11:28:44+00:00","breadcrumb":{"@id":"https:\/\/www.bellunopress.it\/2012\/12\/07\/il-soccorso-alpino-apre-ai-giovani-istituita-la-figura-del-socio-giovane-propedeutica-alla-continuita-degli-organici\/#breadcrumb"},"inLanguage":"fr-FR","potentialAction":[{"@type":"ReadAction","target":["https:\/\/www.bellunopress.it\/2012\/12\/07\/il-soccorso-alpino-apre-ai-giovani-istituita-la-figura-del-socio-giovane-propedeutica-alla-continuita-degli-organici\/"]}]},{"@type":"ImageObject","inLanguage":"fr-FR","@id":"https:\/\/www.bellunopress.it\/2012\/12\/07\/il-soccorso-alpino-apre-ai-giovani-istituita-la-figura-del-socio-giovane-propedeutica-alla-continuita-degli-organici\/#primaryimage","url":"http:\/\/www.bellunopress.it\/wp-content\/uploads\/2009\/02\/fabio-bristot-rufus-delegato-socc-alpino-bl.jpg","contentUrl":"http:\/\/www.bellunopress.it\/wp-content\/uploads\/2009\/02\/fabio-bristot-rufus-delegato-socc-alpino-bl.jpg"},{"@type":"BreadcrumbList","@id":"https:\/\/www.bellunopress.it\/2012\/12\/07\/il-soccorso-alpino-apre-ai-giovani-istituita-la-figura-del-socio-giovane-propedeutica-alla-continuita-degli-organici\/#breadcrumb","itemListElement":[{"@type":"ListItem","position":1,"name":"Home","item":"https:\/\/www.bellunopress.it\/"},{"@type":"ListItem","position":2,"name":"Il Soccorso alpino apre ai giovani. Istituita la figura del &#8220;Socio giovane&#8221; propedeutica alla continuit\u00e0 degli organici"}]},{"@type":"WebSite","@id":"https:\/\/www.bellunopress.it\/#website","url":"https:\/\/www.bellunopress.it\/","name":"Bellunopress - Dolomiti","description":"e-mail: redazione@bellunopress.it","publisher":{"@id":"https:\/\/www.bellunopress.it\/#organization"},"potentialAction":[{"@type":"SearchAction","target":{"@type":"EntryPoint","urlTemplate":"https:\/\/www.bellunopress.it\/?s={search_term_string}"},"query-input":{"@type":"PropertyValueSpecification","valueRequired":true,"valueName":"search_term_string"}}],"inLanguage":"fr-FR"},{"@type":"Organization","@id":"https:\/\/www.bellunopress.it\/#organization","name":"Bellunopress","url":"https:\/\/www.bellunopress.it\/","logo":{"@type":"ImageObject","inLanguage":"fr-FR","@id":"https:\/\/www.bellunopress.it\/#\/schema\/logo\/image\/","url":"https:\/\/www.bellunopress.it\/wp-content\/uploads\/2011\/05\/cropped-logo-bellunopress-.jpg","contentUrl":"https:\/\/www.bellunopress.it\/wp-content\/uploads\/2011\/05\/cropped-logo-bellunopress-.jpg","width":512,"height":512,"caption":"Bellunopress"},"image":{"@id":"https:\/\/www.bellunopress.it\/#\/schema\/logo\/image\/"},"sameAs":["https:\/\/www.facebook.com\/profile.php?id=100008943462799","https:\/\/x.com\/bellunopress","https:\/\/www.linkedin.com\/hp\/?dnr=JBzUWaJfMUw8vbXJJ2tVW5-I3jZKvC4wsoxE&amp;amp;amp;amp;amp;amp;trk=nav_responsive_tab_home","https:\/\/www.youtube.com\/channel\/UCxL0wu1uN0_3_7hGG0306cw"]},{"@type":"Person","@id":"https:\/\/www.bellunopress.it\/#\/schema\/person\/79bb06722b37ece1c03d3e94beb30d73","name":"r\u00e9daction","image":{"@type":"ImageObject","inLanguage":"fr-FR","@id":"https:\/\/secure.gravatar.com\/avatar\/37d968a2e67a6fd04c169c4bdef102d0bc5d31b2546345219e348575eb80e9a0?s=96&d=mm&r=g","url":"https:\/\/secure.gravatar.com\/avatar\/37d968a2e67a6fd04c169c4bdef102d0bc5d31b2546345219e348575eb80e9a0?s=96&d=mm&r=g","contentUrl":"https:\/\/secure.gravatar.com\/avatar\/37d968a2e67a6fd04c169c4bdef102d0bc5d31b2546345219e348575eb80e9a0?s=96&d=mm&r=g","caption":"redazione"},"sameAs":["http:\/\/www.bellunopress.it","https:\/\/x.com\/bellunopress"],"url":"https:\/\/www.bellunopress.it\/fr\/author\/redazione\/"}]}},"_links":{"self":[{"href":"https:\/\/www.bellunopress.it\/fr\/wp-json\/wp\/v2\/posts\/44550","targetHints":{"allow":["GET"]}}],"collection":[{"href":"https:\/\/www.bellunopress.it\/fr\/wp-json\/wp\/v2\/posts"}],"about":[{"href":"https:\/\/www.bellunopress.it\/fr\/wp-json\/wp\/v2\/types\/post"}],"author":[{"embeddable":true,"href":"https:\/\/www.bellunopress.it\/fr\/wp-json\/wp\/v2\/users\/2"}],"replies":[{"embeddable":true,"href":"https:\/\/www.bellunopress.it\/fr\/wp-json\/wp\/v2\/comments?post=44550"}],"version-history":[{"count":1,"href":"https:\/\/www.bellunopress.it\/fr\/wp-json\/wp\/v2\/posts\/44550\/revisions"}],"predecessor-version":[{"id":44551,"href":"https:\/\/www.bellunopress.it\/fr\/wp-json\/wp\/v2\/posts\/44550\/revisions\/44551"}],"wp:attachment":[{"href":"https:\/\/www.bellunopress.it\/fr\/wp-json\/wp\/v2\/media?parent=44550"}],"wp:term":[{"taxonomy":"category","embeddable":true,"href":"https:\/\/www.bellunopress.it\/fr\/wp-json\/wp\/v2\/categories?post=44550"},{"taxonomy":"post_tag","embeddable":true,"href":"https:\/\/www.bellunopress.it\/fr\/wp-json\/wp\/v2\/tags?post=44550"}],"curies":[{"name":"wp","href":"https:\/\/api.w.org\/{rel}","templated":true}]}}