{"id":4455,"date":"2009-06-05T00:57:38","date_gmt":"2009-06-04T23:57:38","guid":{"rendered":"http:\/\/www.bellunopress.it\/?p=4455"},"modified":"2009-06-05T09:12:07","modified_gmt":"2009-06-05T08:12:07","slug":"ultimo-giorno-di-campagna-elettorale-sabato-e-domenica-si-vota","status":"publish","type":"post","link":"https:\/\/www.bellunopress.it\/fr\/2009\/06\/05\/ultimo-giorno-di-campagna-elettorale-sabato-e-domenica-si-vota\/","title":{"rendered":"Ultimo giorno di campagna elettorale, sabato e domenica si vota"},"content":{"rendered":"<p>Ultimo giorno di campagna elettorale. Ripartito Calderoli, mentre Pierluigi De Cesero conclude la sua campagna elettorale con una festa di piazza a Longarone (appuntamento alle 20,\u00a0 tra gli ospiti anche il cattolicissimo onorevole Rocco Buttiglione) tacciono le polemiche sulle vere o presunte scorretezze elettorali e sulle intemperanze dei soliti ignoti-idioti di cui sono stati oggetto sia il candidato di centrodestra Gianpaolo Bottacin che quello di centrosinistra Sergio Reolon (e di mezzo ci \u00e8 andato anche qualche bene pubblico). L\u2019ala destra con Antonia Monteleone e quella della sinistra alternativa con Ettore Sartori, hanno dimostrato che si pu\u00f2 fare campagna elettorale corretta partendo da punti di partenza opposti ma discutendo concretamente sul da farsi. Il Pab si \u00e8 allargato fuori dagli spazi elettorali consentiti, come del resto hanno fatto chi pi\u00f9 chi meno quasi tutti gli altri partiti con una nota di biasimo in pi\u00f9 alla Lega per i vandalismi all&#8217;istituto agrario di Vellai di Feltre. Sabato e e domenica saranno agli elettori a decidere a chi toccheranno la Provincia di Belluno e una quarantina di amministrazioni comunali. I boomaker, per quello che ci azzeccano, danno Reolon favorito di poco su Bottacin, con De Cesero, Bampo, Sartori e Monteleone a seguire. Il ballottaggio, quasi certo,\u00a0 vedr\u00e0 l\u2019apparentamento delle liste minori con quelle dei due contendenti, salvo veti o sbarramenti. In generale il centrodestra \u00e8 favorito, ma Reolon, come il generale Custer, resiste a Fort Piloni, forte di alcune idee coerenti e una visione del futuro della montagna che ai suoi avversari mancano, mentre Berlusconi e Bossi paiono accordarsi sul Veneto alla Lega e Bottacin cavalca l&#8217;onda e ringrazia. Le nuove amministrazioni comunali, invece, potrebbero riservare qualche sorpresa, anche se non saranno loro a incidere sui nuovi eventuali equilibri politici tra Provincia e Regione. Ci sono anche le elezionie europee, delle quali nessuno si \u00e8 dato la pena di spiegare le ragioni n\u00e9 la loro importanza ai giovani e agli studenti. Avanti piano dunque, quasi indietro.<\/p>","protected":false},"excerpt":{"rendered":"<p>Ultimo giorno di campagna elettorale. Ripartito Calderoli, mentre Pierluigi De Cesero conclude la sua campagna elettorale con una festa di piazza a Longarone (appuntamento alle 20,\u00a0 tra gli ospiti anche il cattolicissimo onorevole Rocco Buttiglione) tacciono le polemiche sulle vere o presunte scorretezze elettorali e sulle intemperanze dei soliti ignoti-idioti di cui sono stati oggetto [&hellip;]<\/p>\n","protected":false},"author":2,"featured_media":0,"comment_status":"closed","ping_status":"open","sticky":false,"template":"","format":"standard","meta":{"footnotes":""},"categories":[5],"tags":[139,302],"class_list":["post-4455","post","type-post","status-publish","format-standard","category-cronaca","tag-belluno","tag-feltre"],"yoast_head":"<!-- This site is optimized with the Yoast SEO plugin v28.4 - https:\/\/yoast.com\/product\/yoast-seo-wordpress\/ -->\n<title>Ultimo giorno di campagna elettorale, sabato e domenica si vota - Bellunopress - Dolomiti<\/title>\n<meta name=\"robots\" content=\"index, follow, max-snippet:-1, max-image-preview:large, max-video-preview:-1\" \/>\n<link rel=\"canonical\" href=\"https:\/\/www.bellunopress.it\/fr\/2009\/06\/05\/ultimo-giorno-di-campagna-elettorale-sabato-e-domenica-si-vota\/\" \/>\n<meta property=\"og:locale\" content=\"fr_FR\" \/>\n<meta property=\"og:type\" content=\"article\" \/>\n<meta property=\"og:title\" content=\"Ultimo giorno di campagna elettorale, sabato e domenica si vota - Bellunopress - Dolomiti\" \/>\n<meta property=\"og:description\" content=\"Ultimo giorno di campagna elettorale. Ripartito Calderoli, mentre Pierluigi De Cesero conclude la sua campagna elettorale con una festa di piazza a Longarone (appuntamento alle 20,\u00a0 tra gli ospiti anche il cattolicissimo onorevole Rocco Buttiglione) tacciono le polemiche sulle vere o presunte scorretezze elettorali e sulle intemperanze dei soliti ignoti-idioti di cui sono stati oggetto [&hellip;]\" \/>\n<meta property=\"og:url\" content=\"https:\/\/www.bellunopress.it\/fr\/2009\/06\/05\/ultimo-giorno-di-campagna-elettorale-sabato-e-domenica-si-vota\/\" \/>\n<meta property=\"og:site_name\" content=\"Bellunopress - Dolomiti\" \/>\n<meta property=\"article:publisher\" content=\"https:\/\/www.facebook.com\/profile.php?id=100008943462799\" \/>\n<meta property=\"article:published_time\" content=\"2009-06-04T23:57:38+00:00\" \/>\n<meta property=\"article:modified_time\" content=\"2009-06-05T08:12:07+00:00\" \/>\n<meta property=\"og:image\" content=\"http:\/\/www.bellunopress.it\/wp-content\/uploads\/2012\/07\/logo-bellunopress-250x250-2012.jpg\" \/>\n<meta name=\"author\" content=\"redazione\" \/>\n<meta name=\"twitter:card\" content=\"summary_large_image\" \/>\n<meta name=\"twitter:creator\" content=\"@bellunopress\" \/>\n<meta name=\"twitter:site\" content=\"@bellunopress\" \/>\n<meta name=\"twitter:label1\" content=\"Written by\" \/>\n\t<meta name=\"twitter:data1\" content=\"redazione\" \/>\n\t<meta name=\"twitter:label2\" content=\"Est. reading time\" \/>\n\t<meta name=\"twitter:data2\" content=\"2 minutes\" \/>\n<script type=\"application\/ld+json\" class=\"yoast-schema-graph\">{\"@context\":\"https:\\\/\\\/schema.org\",\"@graph\":[{\"@type\":\"Article\",\"@id\":\"https:\\\/\\\/www.bellunopress.it\\\/2009\\\/06\\\/05\\\/ultimo-giorno-di-campagna-elettorale-sabato-e-domenica-si-vota\\\/#article\",\"isPartOf\":{\"@id\":\"https:\\\/\\\/www.bellunopress.it\\\/2009\\\/06\\\/05\\\/ultimo-giorno-di-campagna-elettorale-sabato-e-domenica-si-vota\\\/\"},\"author\":{\"name\":\"redazione\",\"@id\":\"https:\\\/\\\/www.bellunopress.it\\\/#\\\/schema\\\/person\\\/79bb06722b37ece1c03d3e94beb30d73\"},\"headline\":\"Ultimo giorno di campagna elettorale, sabato e domenica si vota\",\"datePublished\":\"2009-06-04T23:57:38+00:00\",\"dateModified\":\"2009-06-05T08:12:07+00:00\",\"mainEntityOfPage\":{\"@id\":\"https:\\\/\\\/www.bellunopress.it\\\/2009\\\/06\\\/05\\\/ultimo-giorno-di-campagna-elettorale-sabato-e-domenica-si-vota\\\/\"},\"wordCount\":332,\"publisher\":{\"@id\":\"https:\\\/\\\/www.bellunopress.it\\\/#organization\"},\"keywords\":[\"Belluno\",\"Feltre\"],\"articleSection\":[\"Cronaca\\\/Politica\"],\"inLanguage\":\"fr-FR\"},{\"@type\":\"WebPage\",\"@id\":\"https:\\\/\\\/www.bellunopress.it\\\/2009\\\/06\\\/05\\\/ultimo-giorno-di-campagna-elettorale-sabato-e-domenica-si-vota\\\/\",\"url\":\"https:\\\/\\\/www.bellunopress.it\\\/2009\\\/06\\\/05\\\/ultimo-giorno-di-campagna-elettorale-sabato-e-domenica-si-vota\\\/\",\"name\":\"Ultimo giorno di campagna elettorale, sabato e domenica si vota - Bellunopress - Dolomiti\",\"isPartOf\":{\"@id\":\"https:\\\/\\\/www.bellunopress.it\\\/#website\"},\"datePublished\":\"2009-06-04T23:57:38+00:00\",\"dateModified\":\"2009-06-05T08:12:07+00:00\",\"breadcrumb\":{\"@id\":\"https:\\\/\\\/www.bellunopress.it\\\/2009\\\/06\\\/05\\\/ultimo-giorno-di-campagna-elettorale-sabato-e-domenica-si-vota\\\/#breadcrumb\"},\"inLanguage\":\"fr-FR\",\"potentialAction\":[{\"@type\":\"ReadAction\",\"target\":[\"https:\\\/\\\/www.bellunopress.it\\\/2009\\\/06\\\/05\\\/ultimo-giorno-di-campagna-elettorale-sabato-e-domenica-si-vota\\\/\"]}]},{\"@type\":\"BreadcrumbList\",\"@id\":\"https:\\\/\\\/www.bellunopress.it\\\/2009\\\/06\\\/05\\\/ultimo-giorno-di-campagna-elettorale-sabato-e-domenica-si-vota\\\/#breadcrumb\",\"itemListElement\":[{\"@type\":\"ListItem\",\"position\":1,\"name\":\"Home\",\"item\":\"https:\\\/\\\/www.bellunopress.it\\\/\"},{\"@type\":\"ListItem\",\"position\":2,\"name\":\"Ultimo giorno di campagna elettorale, sabato e domenica si vota\"}]},{\"@type\":\"WebSite\",\"@id\":\"https:\\\/\\\/www.bellunopress.it\\\/#website\",\"url\":\"https:\\\/\\\/www.bellunopress.it\\\/\",\"name\":\"Bellunopress - Dolomiti\",\"description\":\"e-mail: redazione@bellunopress.it\",\"publisher\":{\"@id\":\"https:\\\/\\\/www.bellunopress.it\\\/#organization\"},\"potentialAction\":[{\"@type\":\"SearchAction\",\"target\":{\"@type\":\"EntryPoint\",\"urlTemplate\":\"https:\\\/\\\/www.bellunopress.it\\\/?s={search_term_string}\"},\"query-input\":{\"@type\":\"PropertyValueSpecification\",\"valueRequired\":true,\"valueName\":\"search_term_string\"}}],\"inLanguage\":\"fr-FR\"},{\"@type\":\"Organization\",\"@id\":\"https:\\\/\\\/www.bellunopress.it\\\/#organization\",\"name\":\"Bellunopress\",\"url\":\"https:\\\/\\\/www.bellunopress.it\\\/\",\"logo\":{\"@type\":\"ImageObject\",\"inLanguage\":\"fr-FR\",\"@id\":\"https:\\\/\\\/www.bellunopress.it\\\/#\\\/schema\\\/logo\\\/image\\\/\",\"url\":\"https:\\\/\\\/www.bellunopress.it\\\/wp-content\\\/uploads\\\/2011\\\/05\\\/cropped-logo-bellunopress-.jpg\",\"contentUrl\":\"https:\\\/\\\/www.bellunopress.it\\\/wp-content\\\/uploads\\\/2011\\\/05\\\/cropped-logo-bellunopress-.jpg\",\"width\":512,\"height\":512,\"caption\":\"Bellunopress\"},\"image\":{\"@id\":\"https:\\\/\\\/www.bellunopress.it\\\/#\\\/schema\\\/logo\\\/image\\\/\"},\"sameAs\":[\"https:\\\/\\\/www.facebook.com\\\/profile.php?id=100008943462799\",\"https:\\\/\\\/x.com\\\/bellunopress\",\"https:\\\/\\\/www.linkedin.com\\\/hp\\\/?dnr=JBzUWaJfMUw8vbXJJ2tVW5-I3jZKvC4wsoxE&amp;amp;amp;amp;amp;amp;trk=nav_responsive_tab_home\",\"https:\\\/\\\/www.youtube.com\\\/channel\\\/UCxL0wu1uN0_3_7hGG0306cw\"]},{\"@type\":\"Person\",\"@id\":\"https:\\\/\\\/www.bellunopress.it\\\/#\\\/schema\\\/person\\\/79bb06722b37ece1c03d3e94beb30d73\",\"name\":\"redazione\",\"image\":{\"@type\":\"ImageObject\",\"inLanguage\":\"fr-FR\",\"@id\":\"https:\\\/\\\/secure.gravatar.com\\\/avatar\\\/37d968a2e67a6fd04c169c4bdef102d0bc5d31b2546345219e348575eb80e9a0?s=96&d=mm&r=g\",\"url\":\"https:\\\/\\\/secure.gravatar.com\\\/avatar\\\/37d968a2e67a6fd04c169c4bdef102d0bc5d31b2546345219e348575eb80e9a0?s=96&d=mm&r=g\",\"contentUrl\":\"https:\\\/\\\/secure.gravatar.com\\\/avatar\\\/37d968a2e67a6fd04c169c4bdef102d0bc5d31b2546345219e348575eb80e9a0?s=96&d=mm&r=g\",\"caption\":\"redazione\"},\"sameAs\":[\"http:\\\/\\\/www.bellunopress.it\",\"https:\\\/\\\/x.com\\\/bellunopress\"],\"url\":\"https:\\\/\\\/www.bellunopress.it\\\/fr\\\/author\\\/redazione\\\/\"}]}<\/script>\n<!-- \/ Yoast SEO plugin. -->","yoast_head_json":{"title":"Ultimo giorno di campagna elettorale, sabato e domenica si vota - Bellunopress - Dolomiti","robots":{"index":"index","follow":"follow","max-snippet":"max-snippet:-1","max-image-preview":"max-image-preview:large","max-video-preview":"max-video-preview:-1"},"canonical":"https:\/\/www.bellunopress.it\/fr\/2009\/06\/05\/ultimo-giorno-di-campagna-elettorale-sabato-e-domenica-si-vota\/","og_locale":"fr_FR","og_type":"article","og_title":"Ultimo giorno di campagna elettorale, sabato e domenica si vota - Bellunopress - Dolomiti","og_description":"Ultimo giorno di campagna elettorale. Ripartito Calderoli, mentre Pierluigi De Cesero conclude la sua campagna elettorale con una festa di piazza a Longarone (appuntamento alle 20,\u00a0 tra gli ospiti anche il cattolicissimo onorevole Rocco Buttiglione) tacciono le polemiche sulle vere o presunte scorretezze elettorali e sulle intemperanze dei soliti ignoti-idioti di cui sono stati oggetto [&hellip;]","og_url":"https:\/\/www.bellunopress.it\/fr\/2009\/06\/05\/ultimo-giorno-di-campagna-elettorale-sabato-e-domenica-si-vota\/","og_site_name":"Bellunopress - Dolomiti","article_publisher":"https:\/\/www.facebook.com\/profile.php?id=100008943462799","article_published_time":"2009-06-04T23:57:38+00:00","article_modified_time":"2009-06-05T08:12:07+00:00","og_image":[{"url":"http:\/\/www.bellunopress.it\/wp-content\/uploads\/2012\/07\/logo-bellunopress-250x250-2012.jpg","type":"","width":"","height":""}],"author":"redazione","twitter_card":"summary_large_image","twitter_creator":"@bellunopress","twitter_site":"@bellunopress","twitter_misc":{"Written by":"redazione","Est. reading time":"2 minutes"},"schema":{"@context":"https:\/\/schema.org","@graph":[{"@type":"Article","@id":"https:\/\/www.bellunopress.it\/2009\/06\/05\/ultimo-giorno-di-campagna-elettorale-sabato-e-domenica-si-vota\/#article","isPartOf":{"@id":"https:\/\/www.bellunopress.it\/2009\/06\/05\/ultimo-giorno-di-campagna-elettorale-sabato-e-domenica-si-vota\/"},"author":{"name":"redazione","@id":"https:\/\/www.bellunopress.it\/#\/schema\/person\/79bb06722b37ece1c03d3e94beb30d73"},"headline":"Ultimo giorno di campagna elettorale, sabato e domenica si vota","datePublished":"2009-06-04T23:57:38+00:00","dateModified":"2009-06-05T08:12:07+00:00","mainEntityOfPage":{"@id":"https:\/\/www.bellunopress.it\/2009\/06\/05\/ultimo-giorno-di-campagna-elettorale-sabato-e-domenica-si-vota\/"},"wordCount":332,"publisher":{"@id":"https:\/\/www.bellunopress.it\/#organization"},"keywords":["Belluno","Feltre"],"articleSection":["Cronaca\/Politica"],"inLanguage":"fr-FR"},{"@type":"WebPage","@id":"https:\/\/www.bellunopress.it\/2009\/06\/05\/ultimo-giorno-di-campagna-elettorale-sabato-e-domenica-si-vota\/","url":"https:\/\/www.bellunopress.it\/2009\/06\/05\/ultimo-giorno-di-campagna-elettorale-sabato-e-domenica-si-vota\/","name":"Ultimo giorno di campagna elettorale, sabato e domenica si vota - Bellunopress - Dolomiti","isPartOf":{"@id":"https:\/\/www.bellunopress.it\/#website"},"datePublished":"2009-06-04T23:57:38+00:00","dateModified":"2009-06-05T08:12:07+00:00","breadcrumb":{"@id":"https:\/\/www.bellunopress.it\/2009\/06\/05\/ultimo-giorno-di-campagna-elettorale-sabato-e-domenica-si-vota\/#breadcrumb"},"inLanguage":"fr-FR","potentialAction":[{"@type":"ReadAction","target":["https:\/\/www.bellunopress.it\/2009\/06\/05\/ultimo-giorno-di-campagna-elettorale-sabato-e-domenica-si-vota\/"]}]},{"@type":"BreadcrumbList","@id":"https:\/\/www.bellunopress.it\/2009\/06\/05\/ultimo-giorno-di-campagna-elettorale-sabato-e-domenica-si-vota\/#breadcrumb","itemListElement":[{"@type":"ListItem","position":1,"name":"Home","item":"https:\/\/www.bellunopress.it\/"},{"@type":"ListItem","position":2,"name":"Ultimo giorno di campagna elettorale, sabato e domenica si vota"}]},{"@type":"WebSite","@id":"https:\/\/www.bellunopress.it\/#website","url":"https:\/\/www.bellunopress.it\/","name":"Bellunopress - Dolomiti","description":"e-mail: redazione@bellunopress.it","publisher":{"@id":"https:\/\/www.bellunopress.it\/#organization"},"potentialAction":[{"@type":"SearchAction","target":{"@type":"EntryPoint","urlTemplate":"https:\/\/www.bellunopress.it\/?s={search_term_string}"},"query-input":{"@type":"PropertyValueSpecification","valueRequired":true,"valueName":"search_term_string"}}],"inLanguage":"fr-FR"},{"@type":"Organization","@id":"https:\/\/www.bellunopress.it\/#organization","name":"Bellunopress","url":"https:\/\/www.bellunopress.it\/","logo":{"@type":"ImageObject","inLanguage":"fr-FR","@id":"https:\/\/www.bellunopress.it\/#\/schema\/logo\/image\/","url":"https:\/\/www.bellunopress.it\/wp-content\/uploads\/2011\/05\/cropped-logo-bellunopress-.jpg","contentUrl":"https:\/\/www.bellunopress.it\/wp-content\/uploads\/2011\/05\/cropped-logo-bellunopress-.jpg","width":512,"height":512,"caption":"Bellunopress"},"image":{"@id":"https:\/\/www.bellunopress.it\/#\/schema\/logo\/image\/"},"sameAs":["https:\/\/www.facebook.com\/profile.php?id=100008943462799","https:\/\/x.com\/bellunopress","https:\/\/www.linkedin.com\/hp\/?dnr=JBzUWaJfMUw8vbXJJ2tVW5-I3jZKvC4wsoxE&amp;amp;amp;amp;amp;amp;trk=nav_responsive_tab_home","https:\/\/www.youtube.com\/channel\/UCxL0wu1uN0_3_7hGG0306cw"]},{"@type":"Person","@id":"https:\/\/www.bellunopress.it\/#\/schema\/person\/79bb06722b37ece1c03d3e94beb30d73","name":"r\u00e9daction","image":{"@type":"ImageObject","inLanguage":"fr-FR","@id":"https:\/\/secure.gravatar.com\/avatar\/37d968a2e67a6fd04c169c4bdef102d0bc5d31b2546345219e348575eb80e9a0?s=96&d=mm&r=g","url":"https:\/\/secure.gravatar.com\/avatar\/37d968a2e67a6fd04c169c4bdef102d0bc5d31b2546345219e348575eb80e9a0?s=96&d=mm&r=g","contentUrl":"https:\/\/secure.gravatar.com\/avatar\/37d968a2e67a6fd04c169c4bdef102d0bc5d31b2546345219e348575eb80e9a0?s=96&d=mm&r=g","caption":"redazione"},"sameAs":["http:\/\/www.bellunopress.it","https:\/\/x.com\/bellunopress"],"url":"https:\/\/www.bellunopress.it\/fr\/author\/redazione\/"}]}},"_links":{"self":[{"href":"https:\/\/www.bellunopress.it\/fr\/wp-json\/wp\/v2\/posts\/4455","targetHints":{"allow":["GET"]}}],"collection":[{"href":"https:\/\/www.bellunopress.it\/fr\/wp-json\/wp\/v2\/posts"}],"about":[{"href":"https:\/\/www.bellunopress.it\/fr\/wp-json\/wp\/v2\/types\/post"}],"author":[{"embeddable":true,"href":"https:\/\/www.bellunopress.it\/fr\/wp-json\/wp\/v2\/users\/2"}],"replies":[{"embeddable":true,"href":"https:\/\/www.bellunopress.it\/fr\/wp-json\/wp\/v2\/comments?post=4455"}],"version-history":[{"count":5,"href":"https:\/\/www.bellunopress.it\/fr\/wp-json\/wp\/v2\/posts\/4455\/revisions"}],"predecessor-version":[{"id":4462,"href":"https:\/\/www.bellunopress.it\/fr\/wp-json\/wp\/v2\/posts\/4455\/revisions\/4462"}],"wp:attachment":[{"href":"https:\/\/www.bellunopress.it\/fr\/wp-json\/wp\/v2\/media?parent=4455"}],"wp:term":[{"taxonomy":"category","embeddable":true,"href":"https:\/\/www.bellunopress.it\/fr\/wp-json\/wp\/v2\/categories?post=4455"},{"taxonomy":"post_tag","embeddable":true,"href":"https:\/\/www.bellunopress.it\/fr\/wp-json\/wp\/v2\/tags?post=4455"}],"curies":[{"name":"wp","href":"https:\/\/api.w.org\/{rel}","templated":true}]}}