{"id":44548,"date":"2012-12-10T06:43:06","date_gmt":"2012-12-10T05:43:06","guid":{"rendered":"http:\/\/www.bellunopress.it\/?p=44548"},"modified":"2012-12-07T08:51:53","modified_gmt":"2012-12-07T07:51:53","slug":"american-dream-sabato-in-sala-bianchi-una-serata-alla-scoperta-dellamerica","status":"publish","type":"post","link":"https:\/\/www.bellunopress.it\/fr\/2012\/12\/10\/american-dream-sabato-in-sala-bianchi-una-serata-alla-scoperta-dellamerica\/","title":{"rendered":"American dream. Sabato in Sala Bianchi una serata alla scoperta dell&#8217;America"},"content":{"rendered":"<p>Sabato 15 dicembre alle ore 21.00 presso la sala Bianchi Eliseo Dal Pont in Viale Fantuzzi, 11 (ex-segherie) a Belluno, Agogh\u00e8 Tour Operator presenter\u00e0 una serata dal titolo \u201cAmerican Dream \u2013 Viaggio alla scoperta dell\u2019America\u201d. Attraverso immagini e racconti si ripercorreranno varie tappe di viaggi vissuti. New York, la porta dell\u2019America, la grande metropoli dei sogni dove iniziava, e forse ancora inizia, l\u2019American Dream. San Francisco, una bellissima citt\u00e0, sicuramente la meno americana delle metropoli degli States, famosa per le sue salite e discese, per la nebbia che nasconde il Golden Gate, e soprattutto per le bellissime viste sull\u2019omonima baia. Ma l\u2019America \u00e8 anche una Terra dagli immensi spazi, una realt\u00e0 sorprendente, caratterizzata da grandi e spettacolari Parchi Nazionali, mondi incontaminati dove lasciarsi sorprendere dalla natura. Raika, Barbara, Stefano e altri viaggiatori attraverso le loro testimonianze racconteranno impressioni ed emozioni, aneddoti e curiosit\u00e0, pronti naturalmente anche a dare consigli a chiunque volesse organizzare il suo viaggio in U.S.A. La serata proseguir\u00e0 con un piccolo rinfresco in cui saranno proposti cibi e bevande American-style. Sempre in tema American style verr\u00e0 allestita una mostra fotografica con la quale Roberta De Min, emergente fotografa professionista, racconter\u00e0 la sua America, paese dove ha vissuto e studiato. Ci sono inoltre in palio dei premi che permetteranno ai vincitori estratti di entrare in contatto con la cultura americana pur restando a casa. La serata, una sorta di piccolo diario di viaggio condiviso, vuole suscitare attenzione, curiosit\u00e0 e interesse nei confronti di questa destinazione ed \u00e8 dedicata a tutti coloro che amano viaggiare e conoscere con un pizzico di avventura! Ingresso libero e gratuito.<\/p>","protected":false},"excerpt":{"rendered":"<p>Sabato 15 dicembre alle ore 21.00 presso la sala Bianchi Eliseo Dal Pont in Viale Fantuzzi, 11 (ex-segherie) a Belluno, Agogh\u00e8 Tour Operator presenter\u00e0 una serata dal titolo \u201cAmerican Dream \u2013 Viaggio alla scoperta dell\u2019America\u201d. Attraverso immagini e racconti si ripercorreranno varie tappe di viaggi vissuti. New York, la porta dell\u2019America, la grande metropoli dei [&hellip;]<\/p>\n","protected":false},"author":2,"featured_media":0,"comment_status":"closed","ping_status":"open","sticky":false,"template":"","format":"standard","meta":{"footnotes":""},"categories":[27,25],"tags":[],"class_list":["post-44548","post","type-post","status-publish","format-standard","category-appuntamenti","category-pausa-caffe"],"yoast_head":"<!-- This site is optimized with the Yoast SEO plugin v28.4 - https:\/\/yoast.com\/product\/yoast-seo-wordpress\/ -->\n<title>American dream. Sabato in Sala Bianchi una serata alla scoperta dell&#039;America - Bellunopress - Dolomiti<\/title>\n<meta name=\"robots\" content=\"index, follow, max-snippet:-1, max-image-preview:large, max-video-preview:-1\" \/>\n<link rel=\"canonical\" href=\"https:\/\/www.bellunopress.it\/fr\/2012\/12\/10\/american-dream-sabato-in-sala-bianchi-una-serata-alla-scoperta-dellamerica\/\" \/>\n<meta property=\"og:locale\" content=\"fr_FR\" \/>\n<meta property=\"og:type\" content=\"article\" \/>\n<meta property=\"og:title\" content=\"American dream. Sabato in Sala Bianchi una serata alla scoperta dell&#039;America - Bellunopress - Dolomiti\" \/>\n<meta property=\"og:description\" content=\"Sabato 15 dicembre alle ore 21.00 presso la sala Bianchi Eliseo Dal Pont in Viale Fantuzzi, 11 (ex-segherie) a Belluno, Agogh\u00e8 Tour Operator presenter\u00e0 una serata dal titolo \u201cAmerican Dream \u2013 Viaggio alla scoperta dell\u2019America\u201d. Attraverso immagini e racconti si ripercorreranno varie tappe di viaggi vissuti. New York, la porta dell\u2019America, la grande metropoli dei [&hellip;]\" \/>\n<meta property=\"og:url\" content=\"https:\/\/www.bellunopress.it\/fr\/2012\/12\/10\/american-dream-sabato-in-sala-bianchi-una-serata-alla-scoperta-dellamerica\/\" \/>\n<meta property=\"og:site_name\" content=\"Bellunopress - Dolomiti\" \/>\n<meta property=\"article:publisher\" content=\"https:\/\/www.facebook.com\/profile.php?id=100008943462799\" \/>\n<meta property=\"article:published_time\" content=\"2012-12-10T05:43:06+00:00\" \/>\n<meta property=\"og:image\" content=\"http:\/\/www.bellunopress.it\/wp-content\/uploads\/2012\/07\/logo-bellunopress-250x250-2012.jpg\" \/>\n<meta name=\"author\" content=\"redazione\" \/>\n<meta name=\"twitter:card\" content=\"summary_large_image\" \/>\n<meta name=\"twitter:creator\" content=\"@bellunopress\" \/>\n<meta name=\"twitter:site\" content=\"@bellunopress\" \/>\n<meta name=\"twitter:label1\" content=\"Written by\" \/>\n\t<meta name=\"twitter:data1\" content=\"redazione\" \/>\n\t<meta name=\"twitter:label2\" content=\"Est. reading time\" \/>\n\t<meta name=\"twitter:data2\" content=\"1 minute\" \/>\n<script type=\"application\/ld+json\" class=\"yoast-schema-graph\">{\"@context\":\"https:\\\/\\\/schema.org\",\"@graph\":[{\"@type\":\"Article\",\"@id\":\"https:\\\/\\\/www.bellunopress.it\\\/2012\\\/12\\\/10\\\/american-dream-sabato-in-sala-bianchi-una-serata-alla-scoperta-dellamerica\\\/#article\",\"isPartOf\":{\"@id\":\"https:\\\/\\\/www.bellunopress.it\\\/2012\\\/12\\\/10\\\/american-dream-sabato-in-sala-bianchi-una-serata-alla-scoperta-dellamerica\\\/\"},\"author\":{\"name\":\"redazione\",\"@id\":\"https:\\\/\\\/www.bellunopress.it\\\/#\\\/schema\\\/person\\\/79bb06722b37ece1c03d3e94beb30d73\"},\"headline\":\"American dream. Sabato in Sala Bianchi una serata alla scoperta dell&#8217;America\",\"datePublished\":\"2012-12-10T05:43:06+00:00\",\"mainEntityOfPage\":{\"@id\":\"https:\\\/\\\/www.bellunopress.it\\\/2012\\\/12\\\/10\\\/american-dream-sabato-in-sala-bianchi-una-serata-alla-scoperta-dellamerica\\\/\"},\"wordCount\":280,\"publisher\":{\"@id\":\"https:\\\/\\\/www.bellunopress.it\\\/#organization\"},\"articleSection\":[\"Appuntamenti, Eventi\",\"Pausa Caff\u00e8\"],\"inLanguage\":\"fr-FR\"},{\"@type\":\"WebPage\",\"@id\":\"https:\\\/\\\/www.bellunopress.it\\\/2012\\\/12\\\/10\\\/american-dream-sabato-in-sala-bianchi-una-serata-alla-scoperta-dellamerica\\\/\",\"url\":\"https:\\\/\\\/www.bellunopress.it\\\/2012\\\/12\\\/10\\\/american-dream-sabato-in-sala-bianchi-una-serata-alla-scoperta-dellamerica\\\/\",\"name\":\"American dream. Sabato in Sala Bianchi una serata alla scoperta dell'America - Bellunopress - Dolomiti\",\"isPartOf\":{\"@id\":\"https:\\\/\\\/www.bellunopress.it\\\/#website\"},\"datePublished\":\"2012-12-10T05:43:06+00:00\",\"breadcrumb\":{\"@id\":\"https:\\\/\\\/www.bellunopress.it\\\/2012\\\/12\\\/10\\\/american-dream-sabato-in-sala-bianchi-una-serata-alla-scoperta-dellamerica\\\/#breadcrumb\"},\"inLanguage\":\"fr-FR\",\"potentialAction\":[{\"@type\":\"ReadAction\",\"target\":[\"https:\\\/\\\/www.bellunopress.it\\\/2012\\\/12\\\/10\\\/american-dream-sabato-in-sala-bianchi-una-serata-alla-scoperta-dellamerica\\\/\"]}]},{\"@type\":\"BreadcrumbList\",\"@id\":\"https:\\\/\\\/www.bellunopress.it\\\/2012\\\/12\\\/10\\\/american-dream-sabato-in-sala-bianchi-una-serata-alla-scoperta-dellamerica\\\/#breadcrumb\",\"itemListElement\":[{\"@type\":\"ListItem\",\"position\":1,\"name\":\"Home\",\"item\":\"https:\\\/\\\/www.bellunopress.it\\\/\"},{\"@type\":\"ListItem\",\"position\":2,\"name\":\"American dream. Sabato in Sala Bianchi una serata alla scoperta dell&#8217;America\"}]},{\"@type\":\"WebSite\",\"@id\":\"https:\\\/\\\/www.bellunopress.it\\\/#website\",\"url\":\"https:\\\/\\\/www.bellunopress.it\\\/\",\"name\":\"Bellunopress - Dolomiti\",\"description\":\"e-mail: redazione@bellunopress.it\",\"publisher\":{\"@id\":\"https:\\\/\\\/www.bellunopress.it\\\/#organization\"},\"potentialAction\":[{\"@type\":\"SearchAction\",\"target\":{\"@type\":\"EntryPoint\",\"urlTemplate\":\"https:\\\/\\\/www.bellunopress.it\\\/?s={search_term_string}\"},\"query-input\":{\"@type\":\"PropertyValueSpecification\",\"valueRequired\":true,\"valueName\":\"search_term_string\"}}],\"inLanguage\":\"fr-FR\"},{\"@type\":\"Organization\",\"@id\":\"https:\\\/\\\/www.bellunopress.it\\\/#organization\",\"name\":\"Bellunopress\",\"url\":\"https:\\\/\\\/www.bellunopress.it\\\/\",\"logo\":{\"@type\":\"ImageObject\",\"inLanguage\":\"fr-FR\",\"@id\":\"https:\\\/\\\/www.bellunopress.it\\\/#\\\/schema\\\/logo\\\/image\\\/\",\"url\":\"https:\\\/\\\/www.bellunopress.it\\\/wp-content\\\/uploads\\\/2011\\\/05\\\/cropped-logo-bellunopress-.jpg\",\"contentUrl\":\"https:\\\/\\\/www.bellunopress.it\\\/wp-content\\\/uploads\\\/2011\\\/05\\\/cropped-logo-bellunopress-.jpg\",\"width\":512,\"height\":512,\"caption\":\"Bellunopress\"},\"image\":{\"@id\":\"https:\\\/\\\/www.bellunopress.it\\\/#\\\/schema\\\/logo\\\/image\\\/\"},\"sameAs\":[\"https:\\\/\\\/www.facebook.com\\\/profile.php?id=100008943462799\",\"https:\\\/\\\/x.com\\\/bellunopress\",\"https:\\\/\\\/www.linkedin.com\\\/hp\\\/?dnr=JBzUWaJfMUw8vbXJJ2tVW5-I3jZKvC4wsoxE&amp;amp;amp;amp;amp;amp;trk=nav_responsive_tab_home\",\"https:\\\/\\\/www.youtube.com\\\/channel\\\/UCxL0wu1uN0_3_7hGG0306cw\"]},{\"@type\":\"Person\",\"@id\":\"https:\\\/\\\/www.bellunopress.it\\\/#\\\/schema\\\/person\\\/79bb06722b37ece1c03d3e94beb30d73\",\"name\":\"redazione\",\"image\":{\"@type\":\"ImageObject\",\"inLanguage\":\"fr-FR\",\"@id\":\"https:\\\/\\\/secure.gravatar.com\\\/avatar\\\/37d968a2e67a6fd04c169c4bdef102d0bc5d31b2546345219e348575eb80e9a0?s=96&d=mm&r=g\",\"url\":\"https:\\\/\\\/secure.gravatar.com\\\/avatar\\\/37d968a2e67a6fd04c169c4bdef102d0bc5d31b2546345219e348575eb80e9a0?s=96&d=mm&r=g\",\"contentUrl\":\"https:\\\/\\\/secure.gravatar.com\\\/avatar\\\/37d968a2e67a6fd04c169c4bdef102d0bc5d31b2546345219e348575eb80e9a0?s=96&d=mm&r=g\",\"caption\":\"redazione\"},\"sameAs\":[\"http:\\\/\\\/www.bellunopress.it\",\"https:\\\/\\\/x.com\\\/bellunopress\"],\"url\":\"https:\\\/\\\/www.bellunopress.it\\\/fr\\\/author\\\/redazione\\\/\"}]}<\/script>\n<!-- \/ Yoast SEO plugin. -->","yoast_head_json":{"title":"American dream. Sabato in Sala Bianchi una serata alla scoperta dell'America - Bellunopress - Dolomiti","robots":{"index":"index","follow":"follow","max-snippet":"max-snippet:-1","max-image-preview":"max-image-preview:large","max-video-preview":"max-video-preview:-1"},"canonical":"https:\/\/www.bellunopress.it\/fr\/2012\/12\/10\/american-dream-sabato-in-sala-bianchi-una-serata-alla-scoperta-dellamerica\/","og_locale":"fr_FR","og_type":"article","og_title":"American dream. Sabato in Sala Bianchi una serata alla scoperta dell'America - Bellunopress - Dolomiti","og_description":"Sabato 15 dicembre alle ore 21.00 presso la sala Bianchi Eliseo Dal Pont in Viale Fantuzzi, 11 (ex-segherie) a Belluno, Agogh\u00e8 Tour Operator presenter\u00e0 una serata dal titolo \u201cAmerican Dream \u2013 Viaggio alla scoperta dell\u2019America\u201d. Attraverso immagini e racconti si ripercorreranno varie tappe di viaggi vissuti. New York, la porta dell\u2019America, la grande metropoli dei [&hellip;]","og_url":"https:\/\/www.bellunopress.it\/fr\/2012\/12\/10\/american-dream-sabato-in-sala-bianchi-una-serata-alla-scoperta-dellamerica\/","og_site_name":"Bellunopress - Dolomiti","article_publisher":"https:\/\/www.facebook.com\/profile.php?id=100008943462799","article_published_time":"2012-12-10T05:43:06+00:00","og_image":[{"url":"http:\/\/www.bellunopress.it\/wp-content\/uploads\/2012\/07\/logo-bellunopress-250x250-2012.jpg","type":"","width":"","height":""}],"author":"redazione","twitter_card":"summary_large_image","twitter_creator":"@bellunopress","twitter_site":"@bellunopress","twitter_misc":{"Written by":"redazione","Est. reading time":"1 minute"},"schema":{"@context":"https:\/\/schema.org","@graph":[{"@type":"Article","@id":"https:\/\/www.bellunopress.it\/2012\/12\/10\/american-dream-sabato-in-sala-bianchi-una-serata-alla-scoperta-dellamerica\/#article","isPartOf":{"@id":"https:\/\/www.bellunopress.it\/2012\/12\/10\/american-dream-sabato-in-sala-bianchi-una-serata-alla-scoperta-dellamerica\/"},"author":{"name":"redazione","@id":"https:\/\/www.bellunopress.it\/#\/schema\/person\/79bb06722b37ece1c03d3e94beb30d73"},"headline":"American dream. Sabato in Sala Bianchi una serata alla scoperta dell&#8217;America","datePublished":"2012-12-10T05:43:06+00:00","mainEntityOfPage":{"@id":"https:\/\/www.bellunopress.it\/2012\/12\/10\/american-dream-sabato-in-sala-bianchi-una-serata-alla-scoperta-dellamerica\/"},"wordCount":280,"publisher":{"@id":"https:\/\/www.bellunopress.it\/#organization"},"articleSection":["Appuntamenti, Eventi","Pausa Caff\u00e8"],"inLanguage":"fr-FR"},{"@type":"WebPage","@id":"https:\/\/www.bellunopress.it\/2012\/12\/10\/american-dream-sabato-in-sala-bianchi-una-serata-alla-scoperta-dellamerica\/","url":"https:\/\/www.bellunopress.it\/2012\/12\/10\/american-dream-sabato-in-sala-bianchi-una-serata-alla-scoperta-dellamerica\/","name":"American dream. Sabato in Sala Bianchi una serata alla scoperta dell'America - Bellunopress - Dolomiti","isPartOf":{"@id":"https:\/\/www.bellunopress.it\/#website"},"datePublished":"2012-12-10T05:43:06+00:00","breadcrumb":{"@id":"https:\/\/www.bellunopress.it\/2012\/12\/10\/american-dream-sabato-in-sala-bianchi-una-serata-alla-scoperta-dellamerica\/#breadcrumb"},"inLanguage":"fr-FR","potentialAction":[{"@type":"ReadAction","target":["https:\/\/www.bellunopress.it\/2012\/12\/10\/american-dream-sabato-in-sala-bianchi-una-serata-alla-scoperta-dellamerica\/"]}]},{"@type":"BreadcrumbList","@id":"https:\/\/www.bellunopress.it\/2012\/12\/10\/american-dream-sabato-in-sala-bianchi-una-serata-alla-scoperta-dellamerica\/#breadcrumb","itemListElement":[{"@type":"ListItem","position":1,"name":"Home","item":"https:\/\/www.bellunopress.it\/"},{"@type":"ListItem","position":2,"name":"American dream. Sabato in Sala Bianchi una serata alla scoperta dell&#8217;America"}]},{"@type":"WebSite","@id":"https:\/\/www.bellunopress.it\/#website","url":"https:\/\/www.bellunopress.it\/","name":"Bellunopress - Dolomiti","description":"e-mail: redazione@bellunopress.it","publisher":{"@id":"https:\/\/www.bellunopress.it\/#organization"},"potentialAction":[{"@type":"SearchAction","target":{"@type":"EntryPoint","urlTemplate":"https:\/\/www.bellunopress.it\/?s={search_term_string}"},"query-input":{"@type":"PropertyValueSpecification","valueRequired":true,"valueName":"search_term_string"}}],"inLanguage":"fr-FR"},{"@type":"Organization","@id":"https:\/\/www.bellunopress.it\/#organization","name":"Bellunopress","url":"https:\/\/www.bellunopress.it\/","logo":{"@type":"ImageObject","inLanguage":"fr-FR","@id":"https:\/\/www.bellunopress.it\/#\/schema\/logo\/image\/","url":"https:\/\/www.bellunopress.it\/wp-content\/uploads\/2011\/05\/cropped-logo-bellunopress-.jpg","contentUrl":"https:\/\/www.bellunopress.it\/wp-content\/uploads\/2011\/05\/cropped-logo-bellunopress-.jpg","width":512,"height":512,"caption":"Bellunopress"},"image":{"@id":"https:\/\/www.bellunopress.it\/#\/schema\/logo\/image\/"},"sameAs":["https:\/\/www.facebook.com\/profile.php?id=100008943462799","https:\/\/x.com\/bellunopress","https:\/\/www.linkedin.com\/hp\/?dnr=JBzUWaJfMUw8vbXJJ2tVW5-I3jZKvC4wsoxE&amp;amp;amp;amp;amp;amp;trk=nav_responsive_tab_home","https:\/\/www.youtube.com\/channel\/UCxL0wu1uN0_3_7hGG0306cw"]},{"@type":"Person","@id":"https:\/\/www.bellunopress.it\/#\/schema\/person\/79bb06722b37ece1c03d3e94beb30d73","name":"r\u00e9daction","image":{"@type":"ImageObject","inLanguage":"fr-FR","@id":"https:\/\/secure.gravatar.com\/avatar\/37d968a2e67a6fd04c169c4bdef102d0bc5d31b2546345219e348575eb80e9a0?s=96&d=mm&r=g","url":"https:\/\/secure.gravatar.com\/avatar\/37d968a2e67a6fd04c169c4bdef102d0bc5d31b2546345219e348575eb80e9a0?s=96&d=mm&r=g","contentUrl":"https:\/\/secure.gravatar.com\/avatar\/37d968a2e67a6fd04c169c4bdef102d0bc5d31b2546345219e348575eb80e9a0?s=96&d=mm&r=g","caption":"redazione"},"sameAs":["http:\/\/www.bellunopress.it","https:\/\/x.com\/bellunopress"],"url":"https:\/\/www.bellunopress.it\/fr\/author\/redazione\/"}]}},"_links":{"self":[{"href":"https:\/\/www.bellunopress.it\/fr\/wp-json\/wp\/v2\/posts\/44548","targetHints":{"allow":["GET"]}}],"collection":[{"href":"https:\/\/www.bellunopress.it\/fr\/wp-json\/wp\/v2\/posts"}],"about":[{"href":"https:\/\/www.bellunopress.it\/fr\/wp-json\/wp\/v2\/types\/post"}],"author":[{"embeddable":true,"href":"https:\/\/www.bellunopress.it\/fr\/wp-json\/wp\/v2\/users\/2"}],"replies":[{"embeddable":true,"href":"https:\/\/www.bellunopress.it\/fr\/wp-json\/wp\/v2\/comments?post=44548"}],"version-history":[{"count":1,"href":"https:\/\/www.bellunopress.it\/fr\/wp-json\/wp\/v2\/posts\/44548\/revisions"}],"predecessor-version":[{"id":44549,"href":"https:\/\/www.bellunopress.it\/fr\/wp-json\/wp\/v2\/posts\/44548\/revisions\/44549"}],"wp:attachment":[{"href":"https:\/\/www.bellunopress.it\/fr\/wp-json\/wp\/v2\/media?parent=44548"}],"wp:term":[{"taxonomy":"category","embeddable":true,"href":"https:\/\/www.bellunopress.it\/fr\/wp-json\/wp\/v2\/categories?post=44548"},{"taxonomy":"post_tag","embeddable":true,"href":"https:\/\/www.bellunopress.it\/fr\/wp-json\/wp\/v2\/tags?post=44548"}],"curies":[{"name":"wp","href":"https:\/\/api.w.org\/{rel}","templated":true}]}}