{"id":44546,"date":"2012-12-07T08:41:36","date_gmt":"2012-12-07T07:41:36","guid":{"rendered":"http:\/\/www.bellunopress.it\/?p=44546"},"modified":"2012-12-07T08:33:46","modified_gmt":"2012-12-07T07:33:46","slug":"fiera-delloggetto-ritrovato-sabato-nel-centro-storico-di-feltre","status":"publish","type":"post","link":"https:\/\/www.bellunopress.it\/fr\/2012\/12\/07\/fiera-delloggetto-ritrovato-sabato-nel-centro-storico-di-feltre\/","title":{"rendered":"Fiera dell&#8217;oggetto ritrovato, sabato nel centro storico di Feltre"},"content":{"rendered":"<p>La Fiera dell&#8217;oggetto ritrovato che si terr\u00e0 sabato 8 dicembre in Centro Storico a Feltre, \u00e8 un&#8217;iniziativa organizzata dal Comune di Feltre, Assessorato beni comuni, turismo e ambiente e dalla Lega Italiana Lotta ai tumori, sezione di Feltre, con la collaborazione di altre associazione e di alcuni operatori locali, che vuole favorire la &#8220;cultura&#8221; del riuso, del riciclo e del restauro degli oggetti in una prospettiva di sostenibilit\u00e0 ambientale, sociale ed economica. Va ricordato, in particolare, che uno spazio, gestito per lo pi\u00f9 da associazioni di volontariato, sar\u00e0 dedicato anche al baratto.<\/p>\n<p>Gi\u00e0 con le iscrizioni si registra un successo dell&#8217;iniziativa, infatti, sono quasi un centinaio, tra commercianti professionisti, hobbisti e associazioni no profit, coloro che si sono iscritti alla fiera.<\/p>\n<p>Accanto ad essi ci saranno, sotto il porticato palladiano, anche alcuni artigiani per dimostrazione di recupero e riparazioni di alcuni beni di ampio uso. A corollario, curate dal Polo Bibliotecario Feltrino e con le voci, la bravura e la disponibilit\u00e0 di Silvana Vignaga e Flavio Viale, saranno proposte delle letture per gradi e piccini, sul tema del Natale, ma anche degli oggetti ritrovati e riusati, nel Fondaco delle Biade dalle 15 alle 16. Subito dopo, dalla 16 alle 17, presso la scuola di musica dell&#8217;Unisono,in Piazza Maggiore, verr\u00e0 proposta la fiaba musicata &#8220;Puccettino e il flauto magico&#8221; per avvicinare i bambini dai 5 agli 11 anni alla conoscenza del flauto traverso. L&#8217;appuntamento \u00e8 curato dalla prof.ssa Giulia Lozza e l&#8217;accompagnamento al pianoforte della prof.ssa Daniela Dametto. Inoltre, durante la giornata, sar\u00e0 possibile visitare il Teatro de la Sena.<\/p>\n<p>Nell&#8217;auspicio che il tempo atmosferico sia propizio, lo splendido scenario di Piazza Maggiore e delle adiacenti vie, sabato si riempir\u00e0 di tavoli con molti oggetti, a volte anche curiosi, che attendono di rivivere in altre mani e con nuovi affetti.<\/p>","protected":false},"excerpt":{"rendered":"<p>La Fiera dell&#8217;oggetto ritrovato che si terr\u00e0 sabato 8 dicembre in Centro Storico a Feltre, \u00e8 un&#8217;iniziativa organizzata dal Comune di Feltre, Assessorato beni comuni, turismo e ambiente e dalla Lega Italiana Lotta ai tumori, sezione di Feltre, con la collaborazione di altre associazione e di alcuni operatori locali, che vuole favorire la &#8220;cultura&#8221; del [&hellip;]<\/p>\n","protected":false},"author":2,"featured_media":0,"comment_status":"closed","ping_status":"open","sticky":false,"template":"","format":"standard","meta":{"footnotes":""},"categories":[27,25],"tags":[],"class_list":["post-44546","post","type-post","status-publish","format-standard","category-appuntamenti","category-pausa-caffe"],"yoast_head":"<!-- This site is optimized with the Yoast SEO plugin v28.4 - https:\/\/yoast.com\/product\/yoast-seo-wordpress\/ -->\n<title>Fiera dell&#039;oggetto ritrovato, sabato nel centro storico di Feltre  - Bellunopress - Dolomiti<\/title>\n<meta name=\"robots\" content=\"index, follow, max-snippet:-1, max-image-preview:large, max-video-preview:-1\" \/>\n<link rel=\"canonical\" href=\"https:\/\/www.bellunopress.it\/fr\/2012\/12\/07\/fiera-delloggetto-ritrovato-sabato-nel-centro-storico-di-feltre\/\" \/>\n<meta property=\"og:locale\" content=\"fr_FR\" \/>\n<meta property=\"og:type\" content=\"article\" \/>\n<meta property=\"og:title\" content=\"Fiera dell&#039;oggetto ritrovato, sabato nel centro storico di Feltre  - Bellunopress - Dolomiti\" \/>\n<meta property=\"og:description\" content=\"La Fiera dell&#8217;oggetto ritrovato che si terr\u00e0 sabato 8 dicembre in Centro Storico a Feltre, \u00e8 un&#8217;iniziativa organizzata dal Comune di Feltre, Assessorato beni comuni, turismo e ambiente e dalla Lega Italiana Lotta ai tumori, sezione di Feltre, con la collaborazione di altre associazione e di alcuni operatori locali, che vuole favorire la &#8220;cultura&#8221; del [&hellip;]\" \/>\n<meta property=\"og:url\" content=\"https:\/\/www.bellunopress.it\/fr\/2012\/12\/07\/fiera-delloggetto-ritrovato-sabato-nel-centro-storico-di-feltre\/\" \/>\n<meta property=\"og:site_name\" content=\"Bellunopress - Dolomiti\" \/>\n<meta property=\"article:publisher\" content=\"https:\/\/www.facebook.com\/profile.php?id=100008943462799\" \/>\n<meta property=\"article:published_time\" content=\"2012-12-07T07:41:36+00:00\" \/>\n<meta property=\"og:image\" content=\"http:\/\/www.bellunopress.it\/wp-content\/uploads\/2012\/07\/logo-bellunopress-250x250-2012.jpg\" \/>\n<meta name=\"author\" content=\"redazione\" \/>\n<meta name=\"twitter:card\" content=\"summary_large_image\" \/>\n<meta name=\"twitter:creator\" content=\"@bellunopress\" \/>\n<meta name=\"twitter:site\" content=\"@bellunopress\" \/>\n<meta name=\"twitter:label1\" content=\"Written by\" \/>\n\t<meta name=\"twitter:data1\" content=\"redazione\" \/>\n\t<meta name=\"twitter:label2\" content=\"Est. reading time\" \/>\n\t<meta name=\"twitter:data2\" content=\"1 minute\" \/>\n<script type=\"application\/ld+json\" class=\"yoast-schema-graph\">{\"@context\":\"https:\\\/\\\/schema.org\",\"@graph\":[{\"@type\":\"Article\",\"@id\":\"https:\\\/\\\/www.bellunopress.it\\\/2012\\\/12\\\/07\\\/fiera-delloggetto-ritrovato-sabato-nel-centro-storico-di-feltre\\\/#article\",\"isPartOf\":{\"@id\":\"https:\\\/\\\/www.bellunopress.it\\\/2012\\\/12\\\/07\\\/fiera-delloggetto-ritrovato-sabato-nel-centro-storico-di-feltre\\\/\"},\"author\":{\"name\":\"redazione\",\"@id\":\"https:\\\/\\\/www.bellunopress.it\\\/#\\\/schema\\\/person\\\/79bb06722b37ece1c03d3e94beb30d73\"},\"headline\":\"Fiera dell&#8217;oggetto ritrovato, sabato nel centro storico di Feltre\",\"datePublished\":\"2012-12-07T07:41:36+00:00\",\"mainEntityOfPage\":{\"@id\":\"https:\\\/\\\/www.bellunopress.it\\\/2012\\\/12\\\/07\\\/fiera-delloggetto-ritrovato-sabato-nel-centro-storico-di-feltre\\\/\"},\"wordCount\":310,\"publisher\":{\"@id\":\"https:\\\/\\\/www.bellunopress.it\\\/#organization\"},\"articleSection\":[\"Appuntamenti, Eventi\",\"Pausa Caff\u00e8\"],\"inLanguage\":\"fr-FR\"},{\"@type\":\"WebPage\",\"@id\":\"https:\\\/\\\/www.bellunopress.it\\\/2012\\\/12\\\/07\\\/fiera-delloggetto-ritrovato-sabato-nel-centro-storico-di-feltre\\\/\",\"url\":\"https:\\\/\\\/www.bellunopress.it\\\/2012\\\/12\\\/07\\\/fiera-delloggetto-ritrovato-sabato-nel-centro-storico-di-feltre\\\/\",\"name\":\"Fiera dell'oggetto ritrovato, sabato nel centro storico di Feltre - Bellunopress - Dolomiti\",\"isPartOf\":{\"@id\":\"https:\\\/\\\/www.bellunopress.it\\\/#website\"},\"datePublished\":\"2012-12-07T07:41:36+00:00\",\"breadcrumb\":{\"@id\":\"https:\\\/\\\/www.bellunopress.it\\\/2012\\\/12\\\/07\\\/fiera-delloggetto-ritrovato-sabato-nel-centro-storico-di-feltre\\\/#breadcrumb\"},\"inLanguage\":\"fr-FR\",\"potentialAction\":[{\"@type\":\"ReadAction\",\"target\":[\"https:\\\/\\\/www.bellunopress.it\\\/2012\\\/12\\\/07\\\/fiera-delloggetto-ritrovato-sabato-nel-centro-storico-di-feltre\\\/\"]}]},{\"@type\":\"BreadcrumbList\",\"@id\":\"https:\\\/\\\/www.bellunopress.it\\\/2012\\\/12\\\/07\\\/fiera-delloggetto-ritrovato-sabato-nel-centro-storico-di-feltre\\\/#breadcrumb\",\"itemListElement\":[{\"@type\":\"ListItem\",\"position\":1,\"name\":\"Home\",\"item\":\"https:\\\/\\\/www.bellunopress.it\\\/\"},{\"@type\":\"ListItem\",\"position\":2,\"name\":\"Fiera dell&#8217;oggetto ritrovato, sabato nel centro storico di Feltre\"}]},{\"@type\":\"WebSite\",\"@id\":\"https:\\\/\\\/www.bellunopress.it\\\/#website\",\"url\":\"https:\\\/\\\/www.bellunopress.it\\\/\",\"name\":\"Bellunopress - Dolomiti\",\"description\":\"e-mail: redazione@bellunopress.it\",\"publisher\":{\"@id\":\"https:\\\/\\\/www.bellunopress.it\\\/#organization\"},\"potentialAction\":[{\"@type\":\"SearchAction\",\"target\":{\"@type\":\"EntryPoint\",\"urlTemplate\":\"https:\\\/\\\/www.bellunopress.it\\\/?s={search_term_string}\"},\"query-input\":{\"@type\":\"PropertyValueSpecification\",\"valueRequired\":true,\"valueName\":\"search_term_string\"}}],\"inLanguage\":\"fr-FR\"},{\"@type\":\"Organization\",\"@id\":\"https:\\\/\\\/www.bellunopress.it\\\/#organization\",\"name\":\"Bellunopress\",\"url\":\"https:\\\/\\\/www.bellunopress.it\\\/\",\"logo\":{\"@type\":\"ImageObject\",\"inLanguage\":\"fr-FR\",\"@id\":\"https:\\\/\\\/www.bellunopress.it\\\/#\\\/schema\\\/logo\\\/image\\\/\",\"url\":\"https:\\\/\\\/www.bellunopress.it\\\/wp-content\\\/uploads\\\/2011\\\/05\\\/cropped-logo-bellunopress-.jpg\",\"contentUrl\":\"https:\\\/\\\/www.bellunopress.it\\\/wp-content\\\/uploads\\\/2011\\\/05\\\/cropped-logo-bellunopress-.jpg\",\"width\":512,\"height\":512,\"caption\":\"Bellunopress\"},\"image\":{\"@id\":\"https:\\\/\\\/www.bellunopress.it\\\/#\\\/schema\\\/logo\\\/image\\\/\"},\"sameAs\":[\"https:\\\/\\\/www.facebook.com\\\/profile.php?id=100008943462799\",\"https:\\\/\\\/x.com\\\/bellunopress\",\"https:\\\/\\\/www.linkedin.com\\\/hp\\\/?dnr=JBzUWaJfMUw8vbXJJ2tVW5-I3jZKvC4wsoxE&amp;amp;amp;amp;amp;amp;trk=nav_responsive_tab_home\",\"https:\\\/\\\/www.youtube.com\\\/channel\\\/UCxL0wu1uN0_3_7hGG0306cw\"]},{\"@type\":\"Person\",\"@id\":\"https:\\\/\\\/www.bellunopress.it\\\/#\\\/schema\\\/person\\\/79bb06722b37ece1c03d3e94beb30d73\",\"name\":\"redazione\",\"image\":{\"@type\":\"ImageObject\",\"inLanguage\":\"fr-FR\",\"@id\":\"https:\\\/\\\/secure.gravatar.com\\\/avatar\\\/37d968a2e67a6fd04c169c4bdef102d0bc5d31b2546345219e348575eb80e9a0?s=96&d=mm&r=g\",\"url\":\"https:\\\/\\\/secure.gravatar.com\\\/avatar\\\/37d968a2e67a6fd04c169c4bdef102d0bc5d31b2546345219e348575eb80e9a0?s=96&d=mm&r=g\",\"contentUrl\":\"https:\\\/\\\/secure.gravatar.com\\\/avatar\\\/37d968a2e67a6fd04c169c4bdef102d0bc5d31b2546345219e348575eb80e9a0?s=96&d=mm&r=g\",\"caption\":\"redazione\"},\"sameAs\":[\"http:\\\/\\\/www.bellunopress.it\",\"https:\\\/\\\/x.com\\\/bellunopress\"],\"url\":\"https:\\\/\\\/www.bellunopress.it\\\/fr\\\/author\\\/redazione\\\/\"}]}<\/script>\n<!-- \/ Yoast SEO plugin. -->","yoast_head_json":{"title":"Fiera dell'oggetto ritrovato, sabato nel centro storico di Feltre  - Bellunopress - Dolomiti","robots":{"index":"index","follow":"follow","max-snippet":"max-snippet:-1","max-image-preview":"max-image-preview:large","max-video-preview":"max-video-preview:-1"},"canonical":"https:\/\/www.bellunopress.it\/fr\/2012\/12\/07\/fiera-delloggetto-ritrovato-sabato-nel-centro-storico-di-feltre\/","og_locale":"fr_FR","og_type":"article","og_title":"Fiera dell'oggetto ritrovato, sabato nel centro storico di Feltre  - Bellunopress - Dolomiti","og_description":"La Fiera dell&#8217;oggetto ritrovato che si terr\u00e0 sabato 8 dicembre in Centro Storico a Feltre, \u00e8 un&#8217;iniziativa organizzata dal Comune di Feltre, Assessorato beni comuni, turismo e ambiente e dalla Lega Italiana Lotta ai tumori, sezione di Feltre, con la collaborazione di altre associazione e di alcuni operatori locali, che vuole favorire la &#8220;cultura&#8221; del [&hellip;]","og_url":"https:\/\/www.bellunopress.it\/fr\/2012\/12\/07\/fiera-delloggetto-ritrovato-sabato-nel-centro-storico-di-feltre\/","og_site_name":"Bellunopress - Dolomiti","article_publisher":"https:\/\/www.facebook.com\/profile.php?id=100008943462799","article_published_time":"2012-12-07T07:41:36+00:00","og_image":[{"url":"http:\/\/www.bellunopress.it\/wp-content\/uploads\/2012\/07\/logo-bellunopress-250x250-2012.jpg","type":"","width":"","height":""}],"author":"redazione","twitter_card":"summary_large_image","twitter_creator":"@bellunopress","twitter_site":"@bellunopress","twitter_misc":{"Written by":"redazione","Est. reading time":"1 minute"},"schema":{"@context":"https:\/\/schema.org","@graph":[{"@type":"Article","@id":"https:\/\/www.bellunopress.it\/2012\/12\/07\/fiera-delloggetto-ritrovato-sabato-nel-centro-storico-di-feltre\/#article","isPartOf":{"@id":"https:\/\/www.bellunopress.it\/2012\/12\/07\/fiera-delloggetto-ritrovato-sabato-nel-centro-storico-di-feltre\/"},"author":{"name":"redazione","@id":"https:\/\/www.bellunopress.it\/#\/schema\/person\/79bb06722b37ece1c03d3e94beb30d73"},"headline":"Fiera dell&#8217;oggetto ritrovato, sabato nel centro storico di Feltre","datePublished":"2012-12-07T07:41:36+00:00","mainEntityOfPage":{"@id":"https:\/\/www.bellunopress.it\/2012\/12\/07\/fiera-delloggetto-ritrovato-sabato-nel-centro-storico-di-feltre\/"},"wordCount":310,"publisher":{"@id":"https:\/\/www.bellunopress.it\/#organization"},"articleSection":["Appuntamenti, Eventi","Pausa Caff\u00e8"],"inLanguage":"fr-FR"},{"@type":"WebPage","@id":"https:\/\/www.bellunopress.it\/2012\/12\/07\/fiera-delloggetto-ritrovato-sabato-nel-centro-storico-di-feltre\/","url":"https:\/\/www.bellunopress.it\/2012\/12\/07\/fiera-delloggetto-ritrovato-sabato-nel-centro-storico-di-feltre\/","name":"Fiera dell'oggetto ritrovato, sabato nel centro storico di Feltre - Bellunopress - Dolomiti","isPartOf":{"@id":"https:\/\/www.bellunopress.it\/#website"},"datePublished":"2012-12-07T07:41:36+00:00","breadcrumb":{"@id":"https:\/\/www.bellunopress.it\/2012\/12\/07\/fiera-delloggetto-ritrovato-sabato-nel-centro-storico-di-feltre\/#breadcrumb"},"inLanguage":"fr-FR","potentialAction":[{"@type":"ReadAction","target":["https:\/\/www.bellunopress.it\/2012\/12\/07\/fiera-delloggetto-ritrovato-sabato-nel-centro-storico-di-feltre\/"]}]},{"@type":"BreadcrumbList","@id":"https:\/\/www.bellunopress.it\/2012\/12\/07\/fiera-delloggetto-ritrovato-sabato-nel-centro-storico-di-feltre\/#breadcrumb","itemListElement":[{"@type":"ListItem","position":1,"name":"Home","item":"https:\/\/www.bellunopress.it\/"},{"@type":"ListItem","position":2,"name":"Fiera dell&#8217;oggetto ritrovato, sabato nel centro storico di Feltre"}]},{"@type":"WebSite","@id":"https:\/\/www.bellunopress.it\/#website","url":"https:\/\/www.bellunopress.it\/","name":"Bellunopress - Dolomiti","description":"e-mail: redazione@bellunopress.it","publisher":{"@id":"https:\/\/www.bellunopress.it\/#organization"},"potentialAction":[{"@type":"SearchAction","target":{"@type":"EntryPoint","urlTemplate":"https:\/\/www.bellunopress.it\/?s={search_term_string}"},"query-input":{"@type":"PropertyValueSpecification","valueRequired":true,"valueName":"search_term_string"}}],"inLanguage":"fr-FR"},{"@type":"Organization","@id":"https:\/\/www.bellunopress.it\/#organization","name":"Bellunopress","url":"https:\/\/www.bellunopress.it\/","logo":{"@type":"ImageObject","inLanguage":"fr-FR","@id":"https:\/\/www.bellunopress.it\/#\/schema\/logo\/image\/","url":"https:\/\/www.bellunopress.it\/wp-content\/uploads\/2011\/05\/cropped-logo-bellunopress-.jpg","contentUrl":"https:\/\/www.bellunopress.it\/wp-content\/uploads\/2011\/05\/cropped-logo-bellunopress-.jpg","width":512,"height":512,"caption":"Bellunopress"},"image":{"@id":"https:\/\/www.bellunopress.it\/#\/schema\/logo\/image\/"},"sameAs":["https:\/\/www.facebook.com\/profile.php?id=100008943462799","https:\/\/x.com\/bellunopress","https:\/\/www.linkedin.com\/hp\/?dnr=JBzUWaJfMUw8vbXJJ2tVW5-I3jZKvC4wsoxE&amp;amp;amp;amp;amp;amp;trk=nav_responsive_tab_home","https:\/\/www.youtube.com\/channel\/UCxL0wu1uN0_3_7hGG0306cw"]},{"@type":"Person","@id":"https:\/\/www.bellunopress.it\/#\/schema\/person\/79bb06722b37ece1c03d3e94beb30d73","name":"r\u00e9daction","image":{"@type":"ImageObject","inLanguage":"fr-FR","@id":"https:\/\/secure.gravatar.com\/avatar\/37d968a2e67a6fd04c169c4bdef102d0bc5d31b2546345219e348575eb80e9a0?s=96&d=mm&r=g","url":"https:\/\/secure.gravatar.com\/avatar\/37d968a2e67a6fd04c169c4bdef102d0bc5d31b2546345219e348575eb80e9a0?s=96&d=mm&r=g","contentUrl":"https:\/\/secure.gravatar.com\/avatar\/37d968a2e67a6fd04c169c4bdef102d0bc5d31b2546345219e348575eb80e9a0?s=96&d=mm&r=g","caption":"redazione"},"sameAs":["http:\/\/www.bellunopress.it","https:\/\/x.com\/bellunopress"],"url":"https:\/\/www.bellunopress.it\/fr\/author\/redazione\/"}]}},"_links":{"self":[{"href":"https:\/\/www.bellunopress.it\/fr\/wp-json\/wp\/v2\/posts\/44546","targetHints":{"allow":["GET"]}}],"collection":[{"href":"https:\/\/www.bellunopress.it\/fr\/wp-json\/wp\/v2\/posts"}],"about":[{"href":"https:\/\/www.bellunopress.it\/fr\/wp-json\/wp\/v2\/types\/post"}],"author":[{"embeddable":true,"href":"https:\/\/www.bellunopress.it\/fr\/wp-json\/wp\/v2\/users\/2"}],"replies":[{"embeddable":true,"href":"https:\/\/www.bellunopress.it\/fr\/wp-json\/wp\/v2\/comments?post=44546"}],"version-history":[{"count":1,"href":"https:\/\/www.bellunopress.it\/fr\/wp-json\/wp\/v2\/posts\/44546\/revisions"}],"predecessor-version":[{"id":44547,"href":"https:\/\/www.bellunopress.it\/fr\/wp-json\/wp\/v2\/posts\/44546\/revisions\/44547"}],"wp:attachment":[{"href":"https:\/\/www.bellunopress.it\/fr\/wp-json\/wp\/v2\/media?parent=44546"}],"wp:term":[{"taxonomy":"category","embeddable":true,"href":"https:\/\/www.bellunopress.it\/fr\/wp-json\/wp\/v2\/categories?post=44546"},{"taxonomy":"post_tag","embeddable":true,"href":"https:\/\/www.bellunopress.it\/fr\/wp-json\/wp\/v2\/tags?post=44546"}],"curies":[{"name":"wp","href":"https:\/\/api.w.org\/{rel}","templated":true}]}}