{"id":44540,"date":"2012-12-07T07:59:16","date_gmt":"2012-12-07T06:59:16","guid":{"rendered":"http:\/\/www.bellunopress.it\/?p=44540"},"modified":"2012-12-07T07:59:16","modified_gmt":"2012-12-07T06:59:16","slug":"due-venerdi-alla-sala-bianchi-con-il-fotocineclub-san-martino","status":"publish","type":"post","link":"https:\/\/www.bellunopress.it\/fr\/2012\/12\/07\/due-venerdi-alla-sala-bianchi-con-il-fotocineclub-san-martino\/","title":{"rendered":"Due venerd\u00ec alla Sala Bianchi con il Fotocineclub San Martino"},"content":{"rendered":"<p>Il Fotocineclub San Martino, col patrocinio del Comune di Belluno, organizza due serate di fotografia dedicate alle regioni pi\u00f9 estreme del Nord Europa.<\/p>\n<p>Venerd\u00ec 7 dicembre Giacomo De Don\u00e0, Guida naturalistica e apprezzato fotografo naturalista che ha recentemente esposto le sue fotografie a Palazzo Crepadona in occasione di Oltre Le Vette, presenta Cuore selvaggio della Scandinavia, una selezione di immagini dei suoi ultimi viaggi.<\/p>\n<p>Venerd\u00ec 21 dicembre Andrea Pasqualotto, Guida naturalistica, presenta Islanda, cose dell\u2019altro mondo, una selezione di immagini raccolte lo scorso anno durante un viaggio nella terra dei ghiacci, in particolare durante il trekking del Landmannalaugar.<\/p>\n<p>Gli appuntamenti, oltre a mostrare scenari di ambienti lontani dalle nostre esperienze quotidiane, saranno l\u2019occasione per ascoltare dai protagonisti esperienze di viaggio a contatto con la natura in condizioni non sempre comode.<\/p>\n<p>Le serate si svolgeranno a Belluno, presso la Sala Bianchi, in Viale Fantuzzi, a partire dalle 20.45.<\/p>","protected":false},"excerpt":{"rendered":"<p>Il Fotocineclub San Martino, col patrocinio del Comune di Belluno, organizza due serate di fotografia dedicate alle regioni pi\u00f9 estreme del Nord Europa. Venerd\u00ec 7 dicembre Giacomo De Don\u00e0, Guida naturalistica e apprezzato fotografo naturalista che ha recentemente esposto le sue fotografie a Palazzo Crepadona in occasione di Oltre Le Vette, presenta Cuore selvaggio della [&hellip;]<\/p>\n","protected":false},"author":2,"featured_media":0,"comment_status":"closed","ping_status":"open","sticky":false,"template":"","format":"standard","meta":{"footnotes":""},"categories":[27,25],"tags":[],"class_list":["post-44540","post","type-post","status-publish","format-standard","category-appuntamenti","category-pausa-caffe"],"yoast_head":"<!-- This site is optimized with the Yoast SEO plugin v28.4 - https:\/\/yoast.com\/product\/yoast-seo-wordpress\/ -->\n<title>Due venerd\u00ec alla Sala Bianchi con il Fotocineclub San Martino - Bellunopress - Dolomiti<\/title>\n<meta name=\"robots\" content=\"index, follow, max-snippet:-1, max-image-preview:large, max-video-preview:-1\" \/>\n<link rel=\"canonical\" href=\"https:\/\/www.bellunopress.it\/fr\/2012\/12\/07\/due-venerdi-alla-sala-bianchi-con-il-fotocineclub-san-martino\/\" \/>\n<meta property=\"og:locale\" content=\"fr_FR\" \/>\n<meta property=\"og:type\" content=\"article\" \/>\n<meta property=\"og:title\" content=\"Due venerd\u00ec alla Sala Bianchi con il Fotocineclub San Martino - Bellunopress - Dolomiti\" \/>\n<meta property=\"og:description\" content=\"Il Fotocineclub San Martino, col patrocinio del Comune di Belluno, organizza due serate di fotografia dedicate alle regioni pi\u00f9 estreme del Nord Europa. Venerd\u00ec 7 dicembre Giacomo De Don\u00e0, Guida naturalistica e apprezzato fotografo naturalista che ha recentemente esposto le sue fotografie a Palazzo Crepadona in occasione di Oltre Le Vette, presenta Cuore selvaggio della [&hellip;]\" \/>\n<meta property=\"og:url\" content=\"https:\/\/www.bellunopress.it\/fr\/2012\/12\/07\/due-venerdi-alla-sala-bianchi-con-il-fotocineclub-san-martino\/\" \/>\n<meta property=\"og:site_name\" content=\"Bellunopress - Dolomiti\" \/>\n<meta property=\"article:publisher\" content=\"https:\/\/www.facebook.com\/profile.php?id=100008943462799\" \/>\n<meta property=\"article:published_time\" content=\"2012-12-07T06:59:16+00:00\" \/>\n<meta property=\"og:image\" content=\"http:\/\/www.bellunopress.it\/wp-content\/uploads\/2012\/07\/logo-bellunopress-250x250-2012.jpg\" \/>\n<meta name=\"author\" content=\"redazione\" \/>\n<meta name=\"twitter:card\" content=\"summary_large_image\" \/>\n<meta name=\"twitter:creator\" content=\"@bellunopress\" \/>\n<meta name=\"twitter:site\" content=\"@bellunopress\" \/>\n<meta name=\"twitter:label1\" content=\"Written by\" \/>\n\t<meta name=\"twitter:data1\" content=\"redazione\" \/>\n\t<meta name=\"twitter:label2\" content=\"Est. reading time\" \/>\n\t<meta name=\"twitter:data2\" content=\"1 minute\" \/>\n<script type=\"application\/ld+json\" class=\"yoast-schema-graph\">{\"@context\":\"https:\\\/\\\/schema.org\",\"@graph\":[{\"@type\":\"Article\",\"@id\":\"https:\\\/\\\/www.bellunopress.it\\\/2012\\\/12\\\/07\\\/due-venerdi-alla-sala-bianchi-con-il-fotocineclub-san-martino\\\/#article\",\"isPartOf\":{\"@id\":\"https:\\\/\\\/www.bellunopress.it\\\/2012\\\/12\\\/07\\\/due-venerdi-alla-sala-bianchi-con-il-fotocineclub-san-martino\\\/\"},\"author\":{\"name\":\"redazione\",\"@id\":\"https:\\\/\\\/www.bellunopress.it\\\/#\\\/schema\\\/person\\\/79bb06722b37ece1c03d3e94beb30d73\"},\"headline\":\"Due venerd\u00ec alla Sala Bianchi con il Fotocineclub San Martino\",\"datePublished\":\"2012-12-07T06:59:16+00:00\",\"mainEntityOfPage\":{\"@id\":\"https:\\\/\\\/www.bellunopress.it\\\/2012\\\/12\\\/07\\\/due-venerdi-alla-sala-bianchi-con-il-fotocineclub-san-martino\\\/\"},\"wordCount\":156,\"publisher\":{\"@id\":\"https:\\\/\\\/www.bellunopress.it\\\/#organization\"},\"articleSection\":[\"Appuntamenti, Eventi\",\"Pausa Caff\u00e8\"],\"inLanguage\":\"fr-FR\"},{\"@type\":\"WebPage\",\"@id\":\"https:\\\/\\\/www.bellunopress.it\\\/2012\\\/12\\\/07\\\/due-venerdi-alla-sala-bianchi-con-il-fotocineclub-san-martino\\\/\",\"url\":\"https:\\\/\\\/www.bellunopress.it\\\/2012\\\/12\\\/07\\\/due-venerdi-alla-sala-bianchi-con-il-fotocineclub-san-martino\\\/\",\"name\":\"Due venerd\u00ec alla Sala Bianchi con il Fotocineclub San Martino - Bellunopress - Dolomiti\",\"isPartOf\":{\"@id\":\"https:\\\/\\\/www.bellunopress.it\\\/#website\"},\"datePublished\":\"2012-12-07T06:59:16+00:00\",\"breadcrumb\":{\"@id\":\"https:\\\/\\\/www.bellunopress.it\\\/2012\\\/12\\\/07\\\/due-venerdi-alla-sala-bianchi-con-il-fotocineclub-san-martino\\\/#breadcrumb\"},\"inLanguage\":\"fr-FR\",\"potentialAction\":[{\"@type\":\"ReadAction\",\"target\":[\"https:\\\/\\\/www.bellunopress.it\\\/2012\\\/12\\\/07\\\/due-venerdi-alla-sala-bianchi-con-il-fotocineclub-san-martino\\\/\"]}]},{\"@type\":\"BreadcrumbList\",\"@id\":\"https:\\\/\\\/www.bellunopress.it\\\/2012\\\/12\\\/07\\\/due-venerdi-alla-sala-bianchi-con-il-fotocineclub-san-martino\\\/#breadcrumb\",\"itemListElement\":[{\"@type\":\"ListItem\",\"position\":1,\"name\":\"Home\",\"item\":\"https:\\\/\\\/www.bellunopress.it\\\/\"},{\"@type\":\"ListItem\",\"position\":2,\"name\":\"Due venerd\u00ec alla Sala Bianchi con il Fotocineclub San Martino\"}]},{\"@type\":\"WebSite\",\"@id\":\"https:\\\/\\\/www.bellunopress.it\\\/#website\",\"url\":\"https:\\\/\\\/www.bellunopress.it\\\/\",\"name\":\"Bellunopress - Dolomiti\",\"description\":\"e-mail: redazione@bellunopress.it\",\"publisher\":{\"@id\":\"https:\\\/\\\/www.bellunopress.it\\\/#organization\"},\"potentialAction\":[{\"@type\":\"SearchAction\",\"target\":{\"@type\":\"EntryPoint\",\"urlTemplate\":\"https:\\\/\\\/www.bellunopress.it\\\/?s={search_term_string}\"},\"query-input\":{\"@type\":\"PropertyValueSpecification\",\"valueRequired\":true,\"valueName\":\"search_term_string\"}}],\"inLanguage\":\"fr-FR\"},{\"@type\":\"Organization\",\"@id\":\"https:\\\/\\\/www.bellunopress.it\\\/#organization\",\"name\":\"Bellunopress\",\"url\":\"https:\\\/\\\/www.bellunopress.it\\\/\",\"logo\":{\"@type\":\"ImageObject\",\"inLanguage\":\"fr-FR\",\"@id\":\"https:\\\/\\\/www.bellunopress.it\\\/#\\\/schema\\\/logo\\\/image\\\/\",\"url\":\"https:\\\/\\\/www.bellunopress.it\\\/wp-content\\\/uploads\\\/2011\\\/05\\\/cropped-logo-bellunopress-.jpg\",\"contentUrl\":\"https:\\\/\\\/www.bellunopress.it\\\/wp-content\\\/uploads\\\/2011\\\/05\\\/cropped-logo-bellunopress-.jpg\",\"width\":512,\"height\":512,\"caption\":\"Bellunopress\"},\"image\":{\"@id\":\"https:\\\/\\\/www.bellunopress.it\\\/#\\\/schema\\\/logo\\\/image\\\/\"},\"sameAs\":[\"https:\\\/\\\/www.facebook.com\\\/profile.php?id=100008943462799\",\"https:\\\/\\\/x.com\\\/bellunopress\",\"https:\\\/\\\/www.linkedin.com\\\/hp\\\/?dnr=JBzUWaJfMUw8vbXJJ2tVW5-I3jZKvC4wsoxE&amp;amp;amp;amp;amp;amp;trk=nav_responsive_tab_home\",\"https:\\\/\\\/www.youtube.com\\\/channel\\\/UCxL0wu1uN0_3_7hGG0306cw\"]},{\"@type\":\"Person\",\"@id\":\"https:\\\/\\\/www.bellunopress.it\\\/#\\\/schema\\\/person\\\/79bb06722b37ece1c03d3e94beb30d73\",\"name\":\"redazione\",\"image\":{\"@type\":\"ImageObject\",\"inLanguage\":\"fr-FR\",\"@id\":\"https:\\\/\\\/secure.gravatar.com\\\/avatar\\\/37d968a2e67a6fd04c169c4bdef102d0bc5d31b2546345219e348575eb80e9a0?s=96&d=mm&r=g\",\"url\":\"https:\\\/\\\/secure.gravatar.com\\\/avatar\\\/37d968a2e67a6fd04c169c4bdef102d0bc5d31b2546345219e348575eb80e9a0?s=96&d=mm&r=g\",\"contentUrl\":\"https:\\\/\\\/secure.gravatar.com\\\/avatar\\\/37d968a2e67a6fd04c169c4bdef102d0bc5d31b2546345219e348575eb80e9a0?s=96&d=mm&r=g\",\"caption\":\"redazione\"},\"sameAs\":[\"http:\\\/\\\/www.bellunopress.it\",\"https:\\\/\\\/x.com\\\/bellunopress\"],\"url\":\"https:\\\/\\\/www.bellunopress.it\\\/fr\\\/author\\\/redazione\\\/\"}]}<\/script>\n<!-- \/ Yoast SEO plugin. -->","yoast_head_json":{"title":"Due venerd\u00ec alla Sala Bianchi con il Fotocineclub San Martino - Bellunopress - Dolomiti","robots":{"index":"index","follow":"follow","max-snippet":"max-snippet:-1","max-image-preview":"max-image-preview:large","max-video-preview":"max-video-preview:-1"},"canonical":"https:\/\/www.bellunopress.it\/fr\/2012\/12\/07\/due-venerdi-alla-sala-bianchi-con-il-fotocineclub-san-martino\/","og_locale":"fr_FR","og_type":"article","og_title":"Due venerd\u00ec alla Sala Bianchi con il Fotocineclub San Martino - Bellunopress - Dolomiti","og_description":"Il Fotocineclub San Martino, col patrocinio del Comune di Belluno, organizza due serate di fotografia dedicate alle regioni pi\u00f9 estreme del Nord Europa. Venerd\u00ec 7 dicembre Giacomo De Don\u00e0, Guida naturalistica e apprezzato fotografo naturalista che ha recentemente esposto le sue fotografie a Palazzo Crepadona in occasione di Oltre Le Vette, presenta Cuore selvaggio della [&hellip;]","og_url":"https:\/\/www.bellunopress.it\/fr\/2012\/12\/07\/due-venerdi-alla-sala-bianchi-con-il-fotocineclub-san-martino\/","og_site_name":"Bellunopress - Dolomiti","article_publisher":"https:\/\/www.facebook.com\/profile.php?id=100008943462799","article_published_time":"2012-12-07T06:59:16+00:00","og_image":[{"url":"http:\/\/www.bellunopress.it\/wp-content\/uploads\/2012\/07\/logo-bellunopress-250x250-2012.jpg","type":"","width":"","height":""}],"author":"redazione","twitter_card":"summary_large_image","twitter_creator":"@bellunopress","twitter_site":"@bellunopress","twitter_misc":{"Written by":"redazione","Est. reading time":"1 minute"},"schema":{"@context":"https:\/\/schema.org","@graph":[{"@type":"Article","@id":"https:\/\/www.bellunopress.it\/2012\/12\/07\/due-venerdi-alla-sala-bianchi-con-il-fotocineclub-san-martino\/#article","isPartOf":{"@id":"https:\/\/www.bellunopress.it\/2012\/12\/07\/due-venerdi-alla-sala-bianchi-con-il-fotocineclub-san-martino\/"},"author":{"name":"redazione","@id":"https:\/\/www.bellunopress.it\/#\/schema\/person\/79bb06722b37ece1c03d3e94beb30d73"},"headline":"Due venerd\u00ec alla Sala Bianchi con il Fotocineclub San Martino","datePublished":"2012-12-07T06:59:16+00:00","mainEntityOfPage":{"@id":"https:\/\/www.bellunopress.it\/2012\/12\/07\/due-venerdi-alla-sala-bianchi-con-il-fotocineclub-san-martino\/"},"wordCount":156,"publisher":{"@id":"https:\/\/www.bellunopress.it\/#organization"},"articleSection":["Appuntamenti, Eventi","Pausa Caff\u00e8"],"inLanguage":"fr-FR"},{"@type":"WebPage","@id":"https:\/\/www.bellunopress.it\/2012\/12\/07\/due-venerdi-alla-sala-bianchi-con-il-fotocineclub-san-martino\/","url":"https:\/\/www.bellunopress.it\/2012\/12\/07\/due-venerdi-alla-sala-bianchi-con-il-fotocineclub-san-martino\/","name":"Due venerd\u00ec alla Sala Bianchi con il Fotocineclub San Martino - Bellunopress - Dolomiti","isPartOf":{"@id":"https:\/\/www.bellunopress.it\/#website"},"datePublished":"2012-12-07T06:59:16+00:00","breadcrumb":{"@id":"https:\/\/www.bellunopress.it\/2012\/12\/07\/due-venerdi-alla-sala-bianchi-con-il-fotocineclub-san-martino\/#breadcrumb"},"inLanguage":"fr-FR","potentialAction":[{"@type":"ReadAction","target":["https:\/\/www.bellunopress.it\/2012\/12\/07\/due-venerdi-alla-sala-bianchi-con-il-fotocineclub-san-martino\/"]}]},{"@type":"BreadcrumbList","@id":"https:\/\/www.bellunopress.it\/2012\/12\/07\/due-venerdi-alla-sala-bianchi-con-il-fotocineclub-san-martino\/#breadcrumb","itemListElement":[{"@type":"ListItem","position":1,"name":"Home","item":"https:\/\/www.bellunopress.it\/"},{"@type":"ListItem","position":2,"name":"Due venerd\u00ec alla Sala Bianchi con il Fotocineclub San Martino"}]},{"@type":"WebSite","@id":"https:\/\/www.bellunopress.it\/#website","url":"https:\/\/www.bellunopress.it\/","name":"Bellunopress - Dolomiti","description":"e-mail: redazione@bellunopress.it","publisher":{"@id":"https:\/\/www.bellunopress.it\/#organization"},"potentialAction":[{"@type":"SearchAction","target":{"@type":"EntryPoint","urlTemplate":"https:\/\/www.bellunopress.it\/?s={search_term_string}"},"query-input":{"@type":"PropertyValueSpecification","valueRequired":true,"valueName":"search_term_string"}}],"inLanguage":"fr-FR"},{"@type":"Organization","@id":"https:\/\/www.bellunopress.it\/#organization","name":"Bellunopress","url":"https:\/\/www.bellunopress.it\/","logo":{"@type":"ImageObject","inLanguage":"fr-FR","@id":"https:\/\/www.bellunopress.it\/#\/schema\/logo\/image\/","url":"https:\/\/www.bellunopress.it\/wp-content\/uploads\/2011\/05\/cropped-logo-bellunopress-.jpg","contentUrl":"https:\/\/www.bellunopress.it\/wp-content\/uploads\/2011\/05\/cropped-logo-bellunopress-.jpg","width":512,"height":512,"caption":"Bellunopress"},"image":{"@id":"https:\/\/www.bellunopress.it\/#\/schema\/logo\/image\/"},"sameAs":["https:\/\/www.facebook.com\/profile.php?id=100008943462799","https:\/\/x.com\/bellunopress","https:\/\/www.linkedin.com\/hp\/?dnr=JBzUWaJfMUw8vbXJJ2tVW5-I3jZKvC4wsoxE&amp;amp;amp;amp;amp;amp;trk=nav_responsive_tab_home","https:\/\/www.youtube.com\/channel\/UCxL0wu1uN0_3_7hGG0306cw"]},{"@type":"Person","@id":"https:\/\/www.bellunopress.it\/#\/schema\/person\/79bb06722b37ece1c03d3e94beb30d73","name":"r\u00e9daction","image":{"@type":"ImageObject","inLanguage":"fr-FR","@id":"https:\/\/secure.gravatar.com\/avatar\/37d968a2e67a6fd04c169c4bdef102d0bc5d31b2546345219e348575eb80e9a0?s=96&d=mm&r=g","url":"https:\/\/secure.gravatar.com\/avatar\/37d968a2e67a6fd04c169c4bdef102d0bc5d31b2546345219e348575eb80e9a0?s=96&d=mm&r=g","contentUrl":"https:\/\/secure.gravatar.com\/avatar\/37d968a2e67a6fd04c169c4bdef102d0bc5d31b2546345219e348575eb80e9a0?s=96&d=mm&r=g","caption":"redazione"},"sameAs":["http:\/\/www.bellunopress.it","https:\/\/x.com\/bellunopress"],"url":"https:\/\/www.bellunopress.it\/fr\/author\/redazione\/"}]}},"_links":{"self":[{"href":"https:\/\/www.bellunopress.it\/fr\/wp-json\/wp\/v2\/posts\/44540","targetHints":{"allow":["GET"]}}],"collection":[{"href":"https:\/\/www.bellunopress.it\/fr\/wp-json\/wp\/v2\/posts"}],"about":[{"href":"https:\/\/www.bellunopress.it\/fr\/wp-json\/wp\/v2\/types\/post"}],"author":[{"embeddable":true,"href":"https:\/\/www.bellunopress.it\/fr\/wp-json\/wp\/v2\/users\/2"}],"replies":[{"embeddable":true,"href":"https:\/\/www.bellunopress.it\/fr\/wp-json\/wp\/v2\/comments?post=44540"}],"version-history":[{"count":1,"href":"https:\/\/www.bellunopress.it\/fr\/wp-json\/wp\/v2\/posts\/44540\/revisions"}],"predecessor-version":[{"id":44541,"href":"https:\/\/www.bellunopress.it\/fr\/wp-json\/wp\/v2\/posts\/44540\/revisions\/44541"}],"wp:attachment":[{"href":"https:\/\/www.bellunopress.it\/fr\/wp-json\/wp\/v2\/media?parent=44540"}],"wp:term":[{"taxonomy":"category","embeddable":true,"href":"https:\/\/www.bellunopress.it\/fr\/wp-json\/wp\/v2\/categories?post=44540"},{"taxonomy":"post_tag","embeddable":true,"href":"https:\/\/www.bellunopress.it\/fr\/wp-json\/wp\/v2\/tags?post=44540"}],"curies":[{"name":"wp","href":"https:\/\/api.w.org\/{rel}","templated":true}]}}