{"id":44529,"date":"2012-12-06T19:05:36","date_gmt":"2012-12-06T18:05:36","guid":{"rendered":"http:\/\/www.bellunopress.it\/?p=44529"},"modified":"2012-12-06T19:05:36","modified_gmt":"2012-12-06T18:05:36","slug":"milena-milani-dona-lopera-superficie-1952-di-capogrossi-al-museo-rimoldi-levento-sabato-a-cortina-dampezzo","status":"publish","type":"post","link":"https:\/\/www.bellunopress.it\/fr\/2012\/12\/06\/milena-milani-dona-lopera-superficie-1952-di-capogrossi-al-museo-rimoldi-levento-sabato-a-cortina-dampezzo\/","title":{"rendered":"Milena Milani dona l&#8217;opera &#8220;Superficie 1952&#8221; di Capogrossi al Museo &#8220;Rimoldi&#8221;. L&#8217;evento sabato a Cortina d&#8217;Ampezzo"},"content":{"rendered":"<p><a href=\"http:\/\/www.bellunopress.it\/wp-content\/uploads\/2012\/12\/Capogrossi.jpg\"><img loading=\"lazy\" decoding=\"async\" class=\"alignleft size-full wp-image-44530\" title=\"Capogrossi\" src=\"http:\/\/www.bellunopress.it\/wp-content\/uploads\/2012\/12\/Capogrossi.jpg\" alt=\"\" width=\"160\" height=\"132\" \/><\/a>Sabato 8 dicembre 2012 alle ore 11.00 presso il Museo d\u2019Arte Moderna Mario Rimoldi di Cortina d\u2019Ampezzo si terr\u00e0, alla presenza del critico Luca Massimo Barbero, un incontro dedicato a Giuseppe Capogrossi. L\u2019evento ripercorre la storia dell\u2019arte e della societ\u00e0 italiana e internazionale degli anni in cui l\u2019artista non solo inventa e sviluppa il suo segno, ma diventa uno dei pi\u00f9 rappresentativi autori dell\u2019epoca. Luca Massimo Barbero prende il via dal \u201ccaso Capogrossi\u201d, dalla grande mostra scandalo del 1950 in cui l\u2019artista presenta per la prima volta quel segno che contraddistinguer\u00e0 la sua arte in tutto il mondo, per ripercorrere gli anni del suo rapporto con Michel Tapi\u00e9 e con i grandi artisti con cui esponeva, da Jackson Pollock a Sam Francis a Georges Mathieu, e del mondo delle avanguardie contemporanee degli anni &#8217;50.<\/p>\n<p>Per l\u2019occasione verr\u00e0 presentato ufficialmente al pubblico ampezzano il quadro Superficie 1952 (olio su tela cm 64,5&#215;50 con dedica a Milena 25. X.1952) che la scrittrice savonese ha deciso di regalare al Museo Le Regole. L\u2019opera, che appartiene alla collezione privata di Milena Milani, \u00e8 stata esposta nella recente mostra intitolata \u201cNel segno di Capogrossi\u201d che si \u00e8 tenuta nella Pinacoteca Civica di Savona nella quale sono stati esposti lavori inediti del maestro romano. Per il trasporto, la consegna e la presentazione del quadro la scrittrice ha incaricato Simona Poggi, Consigliere della Fondazione Museo di Arte Contemporanea Milena Milani in memoria di Carlo Cardazzo e autrice del volume Milena Milani Albisola Amore, viennepierre edizioni, Milano.<\/p>\n<p>Milena Milani ha detto: \u201cLa superficie 1952 \u00e8 adesso di Cortina d\u2019Ampezzo, nel souvenir di Capogrossi che sciando giungeva tra il cielo pi\u00f9 vicino alla terra. Quegli angoli stupendi, tra i ghiacciai e le crode, gli concedevano una tregua di armonia e di conforto, tra i colori tenui e avventurosi, in cui sostava la sua perenne maturit\u00e0\u201d.<\/p>\n<p>Simona Poggi si \u00e8 cos\u00ec espressa: \u201cCapogrossi ha avuto un forte legame con Albisola dove ha frequentato alcune manifatture sperimentando l\u2019arte del gran fuoco e lasciando una traccia indelebile del suo operato con il significativo mosaico che ha realizzato per la Passeggiata degli artisti di Albisola Marina mentre la Regina delle Dolomiti era la localit\u00e0 prediletta dall\u2019artista che amava sciare tra quelle vette imponenti e magiche. Oggi- grazie alla donazione della scrittrice Milena Milani \u2013 queste due citt\u00e0 sono unite dai famosi segni riconoscibili e identificativi dell\u2019universo di Capogrossi\u201d.<\/p>\n<p>&nbsp;<\/p>","protected":false},"excerpt":{"rendered":"<p>Sabato 8 dicembre 2012 alle ore 11.00 presso il Museo d\u2019Arte Moderna Mario Rimoldi di Cortina d\u2019Ampezzo si terr\u00e0, alla presenza del critico Luca Massimo Barbero, un incontro dedicato a Giuseppe Capogrossi. L\u2019evento ripercorre la storia dell\u2019arte e della societ\u00e0 italiana e internazionale degli anni in cui l\u2019artista non solo inventa e sviluppa il suo [&hellip;]<\/p>\n","protected":false},"author":2,"featured_media":0,"comment_status":"closed","ping_status":"open","sticky":false,"template":"","format":"standard","meta":{"footnotes":""},"categories":[3,26],"tags":[],"class_list":["post-44529","post","type-post","status-publish","format-standard","category-arte-cultura-spettacoli-scienza-archivi","category-prima-pagina"],"yoast_head":"<!-- This site is optimized with the Yoast SEO plugin v28.4 - https:\/\/yoast.com\/product\/yoast-seo-wordpress\/ -->\n<title>Milena Milani dona l&#039;opera &quot;Superficie 1952&quot; di Capogrossi al Museo &quot;Rimoldi&quot;. L&#039;evento sabato a Cortina d&#039;Ampezzo  - Bellunopress - Dolomiti<\/title>\n<meta name=\"robots\" content=\"index, follow, max-snippet:-1, max-image-preview:large, max-video-preview:-1\" \/>\n<link rel=\"canonical\" href=\"https:\/\/www.bellunopress.it\/fr\/2012\/12\/06\/milena-milani-dona-lopera-superficie-1952-di-capogrossi-al-museo-rimoldi-levento-sabato-a-cortina-dampezzo\/\" \/>\n<meta property=\"og:locale\" content=\"fr_FR\" \/>\n<meta property=\"og:type\" content=\"article\" \/>\n<meta property=\"og:title\" content=\"Milena Milani dona l&#039;opera &quot;Superficie 1952&quot; di Capogrossi al Museo &quot;Rimoldi&quot;. L&#039;evento sabato a Cortina d&#039;Ampezzo  - Bellunopress - Dolomiti\" \/>\n<meta property=\"og:description\" content=\"Sabato 8 dicembre 2012 alle ore 11.00 presso il Museo d\u2019Arte Moderna Mario Rimoldi di Cortina d\u2019Ampezzo si terr\u00e0, alla presenza del critico Luca Massimo Barbero, un incontro dedicato a Giuseppe Capogrossi. L\u2019evento ripercorre la storia dell\u2019arte e della societ\u00e0 italiana e internazionale degli anni in cui l\u2019artista non solo inventa e sviluppa il suo [&hellip;]\" \/>\n<meta property=\"og:url\" content=\"https:\/\/www.bellunopress.it\/fr\/2012\/12\/06\/milena-milani-dona-lopera-superficie-1952-di-capogrossi-al-museo-rimoldi-levento-sabato-a-cortina-dampezzo\/\" \/>\n<meta property=\"og:site_name\" content=\"Bellunopress - Dolomiti\" \/>\n<meta property=\"article:publisher\" content=\"https:\/\/www.facebook.com\/profile.php?id=100008943462799\" \/>\n<meta property=\"article:published_time\" content=\"2012-12-06T18:05:36+00:00\" \/>\n<meta property=\"og:image\" content=\"http:\/\/www.bellunopress.it\/wp-content\/uploads\/2012\/12\/Capogrossi.jpg\" \/>\n<meta name=\"author\" content=\"redazione\" \/>\n<meta name=\"twitter:card\" content=\"summary_large_image\" \/>\n<meta name=\"twitter:creator\" content=\"@bellunopress\" \/>\n<meta name=\"twitter:site\" content=\"@bellunopress\" \/>\n<meta name=\"twitter:label1\" content=\"\u00c9crit par\" \/>\n\t<meta name=\"twitter:data1\" content=\"redazione\" \/>\n\t<meta name=\"twitter:label2\" content=\"Dur\u00e9e de lecture estim\u00e9e\" \/>\n\t<meta name=\"twitter:data2\" content=\"2 minutes\" \/>\n<script type=\"application\/ld+json\" class=\"yoast-schema-graph\">{\"@context\":\"https:\\\/\\\/schema.org\",\"@graph\":[{\"@type\":\"Article\",\"@id\":\"https:\\\/\\\/www.bellunopress.it\\\/2012\\\/12\\\/06\\\/milena-milani-dona-lopera-superficie-1952-di-capogrossi-al-museo-rimoldi-levento-sabato-a-cortina-dampezzo\\\/#article\",\"isPartOf\":{\"@id\":\"https:\\\/\\\/www.bellunopress.it\\\/2012\\\/12\\\/06\\\/milena-milani-dona-lopera-superficie-1952-di-capogrossi-al-museo-rimoldi-levento-sabato-a-cortina-dampezzo\\\/\"},\"author\":{\"name\":\"redazione\",\"@id\":\"https:\\\/\\\/www.bellunopress.it\\\/#\\\/schema\\\/person\\\/79bb06722b37ece1c03d3e94beb30d73\"},\"headline\":\"Milena Milani dona l&#8217;opera &#8220;Superficie 1952&#8221; di Capogrossi al Museo &#8220;Rimoldi&#8221;. L&#8217;evento sabato a Cortina d&#8217;Ampezzo\",\"datePublished\":\"2012-12-06T18:05:36+00:00\",\"mainEntityOfPage\":{\"@id\":\"https:\\\/\\\/www.bellunopress.it\\\/2012\\\/12\\\/06\\\/milena-milani-dona-lopera-superficie-1952-di-capogrossi-al-museo-rimoldi-levento-sabato-a-cortina-dampezzo\\\/\"},\"wordCount\":414,\"publisher\":{\"@id\":\"https:\\\/\\\/www.bellunopress.it\\\/#organization\"},\"image\":{\"@id\":\"https:\\\/\\\/www.bellunopress.it\\\/2012\\\/12\\\/06\\\/milena-milani-dona-lopera-superficie-1952-di-capogrossi-al-museo-rimoldi-levento-sabato-a-cortina-dampezzo\\\/#primaryimage\"},\"thumbnailUrl\":\"http:\\\/\\\/www.bellunopress.it\\\/wp-content\\\/uploads\\\/2012\\\/12\\\/Capogrossi.jpg\",\"articleSection\":[\"Arte, Cultura, Spettacoli, Scienza\",\"Prima Pagina\"],\"inLanguage\":\"fr-FR\"},{\"@type\":\"WebPage\",\"@id\":\"https:\\\/\\\/www.bellunopress.it\\\/2012\\\/12\\\/06\\\/milena-milani-dona-lopera-superficie-1952-di-capogrossi-al-museo-rimoldi-levento-sabato-a-cortina-dampezzo\\\/\",\"url\":\"https:\\\/\\\/www.bellunopress.it\\\/2012\\\/12\\\/06\\\/milena-milani-dona-lopera-superficie-1952-di-capogrossi-al-museo-rimoldi-levento-sabato-a-cortina-dampezzo\\\/\",\"name\":\"Milena Milani dona l'opera \\\"Superficie 1952\\\" di Capogrossi al Museo \\\"Rimoldi\\\". L'evento sabato a Cortina d'Ampezzo - Bellunopress - Dolomiti\",\"isPartOf\":{\"@id\":\"https:\\\/\\\/www.bellunopress.it\\\/#website\"},\"primaryImageOfPage\":{\"@id\":\"https:\\\/\\\/www.bellunopress.it\\\/2012\\\/12\\\/06\\\/milena-milani-dona-lopera-superficie-1952-di-capogrossi-al-museo-rimoldi-levento-sabato-a-cortina-dampezzo\\\/#primaryimage\"},\"image\":{\"@id\":\"https:\\\/\\\/www.bellunopress.it\\\/2012\\\/12\\\/06\\\/milena-milani-dona-lopera-superficie-1952-di-capogrossi-al-museo-rimoldi-levento-sabato-a-cortina-dampezzo\\\/#primaryimage\"},\"thumbnailUrl\":\"http:\\\/\\\/www.bellunopress.it\\\/wp-content\\\/uploads\\\/2012\\\/12\\\/Capogrossi.jpg\",\"datePublished\":\"2012-12-06T18:05:36+00:00\",\"breadcrumb\":{\"@id\":\"https:\\\/\\\/www.bellunopress.it\\\/2012\\\/12\\\/06\\\/milena-milani-dona-lopera-superficie-1952-di-capogrossi-al-museo-rimoldi-levento-sabato-a-cortina-dampezzo\\\/#breadcrumb\"},\"inLanguage\":\"fr-FR\",\"potentialAction\":[{\"@type\":\"ReadAction\",\"target\":[\"https:\\\/\\\/www.bellunopress.it\\\/2012\\\/12\\\/06\\\/milena-milani-dona-lopera-superficie-1952-di-capogrossi-al-museo-rimoldi-levento-sabato-a-cortina-dampezzo\\\/\"]}]},{\"@type\":\"ImageObject\",\"inLanguage\":\"fr-FR\",\"@id\":\"https:\\\/\\\/www.bellunopress.it\\\/2012\\\/12\\\/06\\\/milena-milani-dona-lopera-superficie-1952-di-capogrossi-al-museo-rimoldi-levento-sabato-a-cortina-dampezzo\\\/#primaryimage\",\"url\":\"http:\\\/\\\/www.bellunopress.it\\\/wp-content\\\/uploads\\\/2012\\\/12\\\/Capogrossi.jpg\",\"contentUrl\":\"http:\\\/\\\/www.bellunopress.it\\\/wp-content\\\/uploads\\\/2012\\\/12\\\/Capogrossi.jpg\"},{\"@type\":\"BreadcrumbList\",\"@id\":\"https:\\\/\\\/www.bellunopress.it\\\/2012\\\/12\\\/06\\\/milena-milani-dona-lopera-superficie-1952-di-capogrossi-al-museo-rimoldi-levento-sabato-a-cortina-dampezzo\\\/#breadcrumb\",\"itemListElement\":[{\"@type\":\"ListItem\",\"position\":1,\"name\":\"Home\",\"item\":\"https:\\\/\\\/www.bellunopress.it\\\/\"},{\"@type\":\"ListItem\",\"position\":2,\"name\":\"Milena Milani dona l&#8217;opera &#8220;Superficie 1952&#8221; di Capogrossi al Museo &#8220;Rimoldi&#8221;. L&#8217;evento sabato a Cortina d&#8217;Ampezzo\"}]},{\"@type\":\"WebSite\",\"@id\":\"https:\\\/\\\/www.bellunopress.it\\\/#website\",\"url\":\"https:\\\/\\\/www.bellunopress.it\\\/\",\"name\":\"Bellunopress - Dolomiti\",\"description\":\"e-mail: redazione@bellunopress.it\",\"publisher\":{\"@id\":\"https:\\\/\\\/www.bellunopress.it\\\/#organization\"},\"potentialAction\":[{\"@type\":\"SearchAction\",\"target\":{\"@type\":\"EntryPoint\",\"urlTemplate\":\"https:\\\/\\\/www.bellunopress.it\\\/?s={search_term_string}\"},\"query-input\":{\"@type\":\"PropertyValueSpecification\",\"valueRequired\":true,\"valueName\":\"search_term_string\"}}],\"inLanguage\":\"fr-FR\"},{\"@type\":\"Organization\",\"@id\":\"https:\\\/\\\/www.bellunopress.it\\\/#organization\",\"name\":\"Bellunopress\",\"url\":\"https:\\\/\\\/www.bellunopress.it\\\/\",\"logo\":{\"@type\":\"ImageObject\",\"inLanguage\":\"fr-FR\",\"@id\":\"https:\\\/\\\/www.bellunopress.it\\\/#\\\/schema\\\/logo\\\/image\\\/\",\"url\":\"https:\\\/\\\/www.bellunopress.it\\\/wp-content\\\/uploads\\\/2011\\\/05\\\/cropped-logo-bellunopress-.jpg\",\"contentUrl\":\"https:\\\/\\\/www.bellunopress.it\\\/wp-content\\\/uploads\\\/2011\\\/05\\\/cropped-logo-bellunopress-.jpg\",\"width\":512,\"height\":512,\"caption\":\"Bellunopress\"},\"image\":{\"@id\":\"https:\\\/\\\/www.bellunopress.it\\\/#\\\/schema\\\/logo\\\/image\\\/\"},\"sameAs\":[\"https:\\\/\\\/www.facebook.com\\\/profile.php?id=100008943462799\",\"https:\\\/\\\/x.com\\\/bellunopress\",\"https:\\\/\\\/www.linkedin.com\\\/hp\\\/?dnr=JBzUWaJfMUw8vbXJJ2tVW5-I3jZKvC4wsoxE&amp;amp;amp;amp;amp;amp;trk=nav_responsive_tab_home\",\"https:\\\/\\\/www.youtube.com\\\/channel\\\/UCxL0wu1uN0_3_7hGG0306cw\"]},{\"@type\":\"Person\",\"@id\":\"https:\\\/\\\/www.bellunopress.it\\\/#\\\/schema\\\/person\\\/79bb06722b37ece1c03d3e94beb30d73\",\"name\":\"redazione\",\"image\":{\"@type\":\"ImageObject\",\"inLanguage\":\"fr-FR\",\"@id\":\"https:\\\/\\\/secure.gravatar.com\\\/avatar\\\/37d968a2e67a6fd04c169c4bdef102d0bc5d31b2546345219e348575eb80e9a0?s=96&d=mm&r=g\",\"url\":\"https:\\\/\\\/secure.gravatar.com\\\/avatar\\\/37d968a2e67a6fd04c169c4bdef102d0bc5d31b2546345219e348575eb80e9a0?s=96&d=mm&r=g\",\"contentUrl\":\"https:\\\/\\\/secure.gravatar.com\\\/avatar\\\/37d968a2e67a6fd04c169c4bdef102d0bc5d31b2546345219e348575eb80e9a0?s=96&d=mm&r=g\",\"caption\":\"redazione\"},\"sameAs\":[\"http:\\\/\\\/www.bellunopress.it\",\"https:\\\/\\\/x.com\\\/bellunopress\"],\"url\":\"https:\\\/\\\/www.bellunopress.it\\\/fr\\\/author\\\/redazione\\\/\"}]}<\/script>\n<!-- \/ Yoast SEO plugin. -->","yoast_head_json":{"title":"Milena Milani dona l'opera \"Superficie 1952\" di Capogrossi al Museo \"Rimoldi\". L'evento sabato a Cortina d'Ampezzo  - Bellunopress - Dolomiti","robots":{"index":"index","follow":"follow","max-snippet":"max-snippet:-1","max-image-preview":"max-image-preview:large","max-video-preview":"max-video-preview:-1"},"canonical":"https:\/\/www.bellunopress.it\/fr\/2012\/12\/06\/milena-milani-dona-lopera-superficie-1952-di-capogrossi-al-museo-rimoldi-levento-sabato-a-cortina-dampezzo\/","og_locale":"fr_FR","og_type":"article","og_title":"Milena Milani dona l'opera \"Superficie 1952\" di Capogrossi al Museo \"Rimoldi\". L'evento sabato a Cortina d'Ampezzo  - Bellunopress - Dolomiti","og_description":"Sabato 8 dicembre 2012 alle ore 11.00 presso il Museo d\u2019Arte Moderna Mario Rimoldi di Cortina d\u2019Ampezzo si terr\u00e0, alla presenza del critico Luca Massimo Barbero, un incontro dedicato a Giuseppe Capogrossi. L\u2019evento ripercorre la storia dell\u2019arte e della societ\u00e0 italiana e internazionale degli anni in cui l\u2019artista non solo inventa e sviluppa il suo [&hellip;]","og_url":"https:\/\/www.bellunopress.it\/fr\/2012\/12\/06\/milena-milani-dona-lopera-superficie-1952-di-capogrossi-al-museo-rimoldi-levento-sabato-a-cortina-dampezzo\/","og_site_name":"Bellunopress - Dolomiti","article_publisher":"https:\/\/www.facebook.com\/profile.php?id=100008943462799","article_published_time":"2012-12-06T18:05:36+00:00","og_image":[{"url":"http:\/\/www.bellunopress.it\/wp-content\/uploads\/2012\/12\/Capogrossi.jpg","type":"","width":"","height":""}],"author":"redazione","twitter_card":"summary_large_image","twitter_creator":"@bellunopress","twitter_site":"@bellunopress","twitter_misc":{"\u00c9crit par":"redazione","Dur\u00e9e de lecture estim\u00e9e":"2 minutes"},"schema":{"@context":"https:\/\/schema.org","@graph":[{"@type":"Article","@id":"https:\/\/www.bellunopress.it\/2012\/12\/06\/milena-milani-dona-lopera-superficie-1952-di-capogrossi-al-museo-rimoldi-levento-sabato-a-cortina-dampezzo\/#article","isPartOf":{"@id":"https:\/\/www.bellunopress.it\/2012\/12\/06\/milena-milani-dona-lopera-superficie-1952-di-capogrossi-al-museo-rimoldi-levento-sabato-a-cortina-dampezzo\/"},"author":{"name":"redazione","@id":"https:\/\/www.bellunopress.it\/#\/schema\/person\/79bb06722b37ece1c03d3e94beb30d73"},"headline":"Milena Milani dona l&#8217;opera &#8220;Superficie 1952&#8221; di Capogrossi al Museo &#8220;Rimoldi&#8221;. L&#8217;evento sabato a Cortina d&#8217;Ampezzo","datePublished":"2012-12-06T18:05:36+00:00","mainEntityOfPage":{"@id":"https:\/\/www.bellunopress.it\/2012\/12\/06\/milena-milani-dona-lopera-superficie-1952-di-capogrossi-al-museo-rimoldi-levento-sabato-a-cortina-dampezzo\/"},"wordCount":414,"publisher":{"@id":"https:\/\/www.bellunopress.it\/#organization"},"image":{"@id":"https:\/\/www.bellunopress.it\/2012\/12\/06\/milena-milani-dona-lopera-superficie-1952-di-capogrossi-al-museo-rimoldi-levento-sabato-a-cortina-dampezzo\/#primaryimage"},"thumbnailUrl":"http:\/\/www.bellunopress.it\/wp-content\/uploads\/2012\/12\/Capogrossi.jpg","articleSection":["Arte, Cultura, Spettacoli, Scienza","Prima Pagina"],"inLanguage":"fr-FR"},{"@type":"WebPage","@id":"https:\/\/www.bellunopress.it\/2012\/12\/06\/milena-milani-dona-lopera-superficie-1952-di-capogrossi-al-museo-rimoldi-levento-sabato-a-cortina-dampezzo\/","url":"https:\/\/www.bellunopress.it\/2012\/12\/06\/milena-milani-dona-lopera-superficie-1952-di-capogrossi-al-museo-rimoldi-levento-sabato-a-cortina-dampezzo\/","name":"Milena Milani dona l'opera \"Superficie 1952\" di Capogrossi al Museo \"Rimoldi\". L'evento sabato a Cortina d'Ampezzo - Bellunopress - Dolomiti","isPartOf":{"@id":"https:\/\/www.bellunopress.it\/#website"},"primaryImageOfPage":{"@id":"https:\/\/www.bellunopress.it\/2012\/12\/06\/milena-milani-dona-lopera-superficie-1952-di-capogrossi-al-museo-rimoldi-levento-sabato-a-cortina-dampezzo\/#primaryimage"},"image":{"@id":"https:\/\/www.bellunopress.it\/2012\/12\/06\/milena-milani-dona-lopera-superficie-1952-di-capogrossi-al-museo-rimoldi-levento-sabato-a-cortina-dampezzo\/#primaryimage"},"thumbnailUrl":"http:\/\/www.bellunopress.it\/wp-content\/uploads\/2012\/12\/Capogrossi.jpg","datePublished":"2012-12-06T18:05:36+00:00","breadcrumb":{"@id":"https:\/\/www.bellunopress.it\/2012\/12\/06\/milena-milani-dona-lopera-superficie-1952-di-capogrossi-al-museo-rimoldi-levento-sabato-a-cortina-dampezzo\/#breadcrumb"},"inLanguage":"fr-FR","potentialAction":[{"@type":"ReadAction","target":["https:\/\/www.bellunopress.it\/2012\/12\/06\/milena-milani-dona-lopera-superficie-1952-di-capogrossi-al-museo-rimoldi-levento-sabato-a-cortina-dampezzo\/"]}]},{"@type":"ImageObject","inLanguage":"fr-FR","@id":"https:\/\/www.bellunopress.it\/2012\/12\/06\/milena-milani-dona-lopera-superficie-1952-di-capogrossi-al-museo-rimoldi-levento-sabato-a-cortina-dampezzo\/#primaryimage","url":"http:\/\/www.bellunopress.it\/wp-content\/uploads\/2012\/12\/Capogrossi.jpg","contentUrl":"http:\/\/www.bellunopress.it\/wp-content\/uploads\/2012\/12\/Capogrossi.jpg"},{"@type":"BreadcrumbList","@id":"https:\/\/www.bellunopress.it\/2012\/12\/06\/milena-milani-dona-lopera-superficie-1952-di-capogrossi-al-museo-rimoldi-levento-sabato-a-cortina-dampezzo\/#breadcrumb","itemListElement":[{"@type":"ListItem","position":1,"name":"Home","item":"https:\/\/www.bellunopress.it\/"},{"@type":"ListItem","position":2,"name":"Milena Milani dona l&#8217;opera &#8220;Superficie 1952&#8221; di Capogrossi al Museo &#8220;Rimoldi&#8221;. L&#8217;evento sabato a Cortina d&#8217;Ampezzo"}]},{"@type":"WebSite","@id":"https:\/\/www.bellunopress.it\/#website","url":"https:\/\/www.bellunopress.it\/","name":"Bellunopress - Dolomiti","description":"e-mail: redazione@bellunopress.it","publisher":{"@id":"https:\/\/www.bellunopress.it\/#organization"},"potentialAction":[{"@type":"SearchAction","target":{"@type":"EntryPoint","urlTemplate":"https:\/\/www.bellunopress.it\/?s={search_term_string}"},"query-input":{"@type":"PropertyValueSpecification","valueRequired":true,"valueName":"search_term_string"}}],"inLanguage":"fr-FR"},{"@type":"Organization","@id":"https:\/\/www.bellunopress.it\/#organization","name":"Bellunopress","url":"https:\/\/www.bellunopress.it\/","logo":{"@type":"ImageObject","inLanguage":"fr-FR","@id":"https:\/\/www.bellunopress.it\/#\/schema\/logo\/image\/","url":"https:\/\/www.bellunopress.it\/wp-content\/uploads\/2011\/05\/cropped-logo-bellunopress-.jpg","contentUrl":"https:\/\/www.bellunopress.it\/wp-content\/uploads\/2011\/05\/cropped-logo-bellunopress-.jpg","width":512,"height":512,"caption":"Bellunopress"},"image":{"@id":"https:\/\/www.bellunopress.it\/#\/schema\/logo\/image\/"},"sameAs":["https:\/\/www.facebook.com\/profile.php?id=100008943462799","https:\/\/x.com\/bellunopress","https:\/\/www.linkedin.com\/hp\/?dnr=JBzUWaJfMUw8vbXJJ2tVW5-I3jZKvC4wsoxE&amp;amp;amp;amp;amp;amp;trk=nav_responsive_tab_home","https:\/\/www.youtube.com\/channel\/UCxL0wu1uN0_3_7hGG0306cw"]},{"@type":"Person","@id":"https:\/\/www.bellunopress.it\/#\/schema\/person\/79bb06722b37ece1c03d3e94beb30d73","name":"r\u00e9daction","image":{"@type":"ImageObject","inLanguage":"fr-FR","@id":"https:\/\/secure.gravatar.com\/avatar\/37d968a2e67a6fd04c169c4bdef102d0bc5d31b2546345219e348575eb80e9a0?s=96&d=mm&r=g","url":"https:\/\/secure.gravatar.com\/avatar\/37d968a2e67a6fd04c169c4bdef102d0bc5d31b2546345219e348575eb80e9a0?s=96&d=mm&r=g","contentUrl":"https:\/\/secure.gravatar.com\/avatar\/37d968a2e67a6fd04c169c4bdef102d0bc5d31b2546345219e348575eb80e9a0?s=96&d=mm&r=g","caption":"redazione"},"sameAs":["http:\/\/www.bellunopress.it","https:\/\/x.com\/bellunopress"],"url":"https:\/\/www.bellunopress.it\/fr\/author\/redazione\/"}]}},"_links":{"self":[{"href":"https:\/\/www.bellunopress.it\/fr\/wp-json\/wp\/v2\/posts\/44529","targetHints":{"allow":["GET"]}}],"collection":[{"href":"https:\/\/www.bellunopress.it\/fr\/wp-json\/wp\/v2\/posts"}],"about":[{"href":"https:\/\/www.bellunopress.it\/fr\/wp-json\/wp\/v2\/types\/post"}],"author":[{"embeddable":true,"href":"https:\/\/www.bellunopress.it\/fr\/wp-json\/wp\/v2\/users\/2"}],"replies":[{"embeddable":true,"href":"https:\/\/www.bellunopress.it\/fr\/wp-json\/wp\/v2\/comments?post=44529"}],"version-history":[{"count":1,"href":"https:\/\/www.bellunopress.it\/fr\/wp-json\/wp\/v2\/posts\/44529\/revisions"}],"predecessor-version":[{"id":44531,"href":"https:\/\/www.bellunopress.it\/fr\/wp-json\/wp\/v2\/posts\/44529\/revisions\/44531"}],"wp:attachment":[{"href":"https:\/\/www.bellunopress.it\/fr\/wp-json\/wp\/v2\/media?parent=44529"}],"wp:term":[{"taxonomy":"category","embeddable":true,"href":"https:\/\/www.bellunopress.it\/fr\/wp-json\/wp\/v2\/categories?post=44529"},{"taxonomy":"post_tag","embeddable":true,"href":"https:\/\/www.bellunopress.it\/fr\/wp-json\/wp\/v2\/tags?post=44529"}],"curies":[{"name":"wp","href":"https:\/\/api.w.org\/{rel}","templated":true}]}}