{"id":44527,"date":"2012-12-06T18:41:42","date_gmt":"2012-12-06T17:41:42","guid":{"rendered":"http:\/\/www.bellunopress.it\/?p=44527"},"modified":"2012-12-06T18:41:42","modified_gmt":"2012-12-06T17:41:42","slug":"1912-un-secolo-fa-talamini-e-il-gazzettino-contro-la-guerra-di-libia-di-sante-rossetto","status":"publish","type":"post","link":"https:\/\/www.bellunopress.it\/fr\/2012\/12\/06\/1912-un-secolo-fa-talamini-e-il-gazzettino-contro-la-guerra-di-libia-di-sante-rossetto\/","title":{"rendered":"1912: un secolo fa Talamini e il Gazzettino contro la guerra di Libia  * di Sante Rossetto"},"content":{"rendered":"<figure id=\"attachment_2328\" aria-describedby=\"caption-attachment-2328\" style=\"width: 270px\" class=\"wp-caption alignleft\"><a href=\"http:\/\/www.bellunopress.it\/wp-content\/uploads\/2009\/04\/sante-rossetto-2.jpg\"><img loading=\"lazy\" decoding=\"async\" class=\"size-full wp-image-2328\" title=\"sante-rossetto-2\" src=\"http:\/\/www.bellunopress.it\/wp-content\/uploads\/2009\/04\/sante-rossetto-2.jpg\" alt=\"\" width=\"270\" height=\"180\" \/><\/a><figcaption id=\"caption-attachment-2328\" class=\"wp-caption-text\">Sante Rossetto<\/figcaption><\/figure>\n<p>Non so quanti giornali se ne siano ricordati. Per quello che ho potuto vedere la tv non ne ha fatto cenno, ma \u00e8 possibile che il servizio mi sia sfuggito. Per chi, e credo siano molti, non lo sapesse quest\u2019anno che sta per finire ricorre un secolo dalla guerra di Libia. I testi di storia ne accennano poco pi\u00f9 che en passant e concludono che quella guerra port\u00f2 all\u2019Italia, che in altre pagine del libro in genere etichettano come \u201cItalietta\u201d, la Cirenaica, la Tripolitania, cio\u00e8 le regioni che costituiscono quella che ora chiamiamo Libia, e le isole del Dodecanneso. Va ricordato che il trattato di pace con la Turchia, che era lo Stato di cui facevano parte quei territori, fu siglato a Losanna e tra i plenipotenziari c\u2019erano l\u2019onorevole trevigiano di Montebelluna Pietro Bertolini e il veneziano, destinato a una brillante carriera, Volpi, che sar\u00e0 durante il fascismo nobilitato con il titolo di conte di Misurata, localit\u00e0 della Tripolitania.<\/p>\n<p>Ma quella guerra ha un ampio risvolto bellunese. Giampietro Talamini, direttore del Gazzettino diventato ormai da parecchi anni il giornale principe del Veneto, combatt\u00e9 una sua battaglia contro quella spedizione a differenza della gran parte degli altri quotidiani che la favorivano per evidenti interessi economici. La guerra, anzi tutte le guerre, sono un affare per pochi. E anche quella guerra fu un affare. Per chi costruiva cannoni, per chi forniva le divise militari, per chi fabbricava le scarpe, per le compagnie di armatori navali e, infine, per tutti quelli che dalla guerra hanno qualche cosa da ricavare. E siccome molti proprietari di giornali erano anche imprenditori, ecco che i loro quotidiani sostenevano la guerra. Naturalmente dicendo che era necessaria per dare nuove terre al popolo o cose del genere. Da sempre la verit\u00e0 non si dice mai, ma si accampano altre ragioni che siano pi\u00f9 nominabili. Lo si faceva un secolo fa e si continua a farlo anche oggi. Basta guardarsi in giro e vedere come funziona il mondo.<\/p>\n<p>Il nostro Talamini avvertiva che il \u201cbel suol d\u2019amore\u201d, come diceva la canzone in voga scritta per l\u2019occasione, non avrebbe offerto un bel niente ai nostri lavoratori, che la quarta sponda non avrebbe assorbito alcun emigrante, che quel suolo sar\u00e0 stato anche d\u2019amore, ma arido e secco e non vi si poteva piantare niente. C\u2019era, al massimo, un po\u2019 di silicio. Per farne che cosa? In compenso il giornale accusava i governanti, i socialisti e soprattutto Giolitti che fu sempre inviso al grande direttore bellunese, che la guerra avrebbe costato miliardi alle casse statali e migliaia di morti. Non si sa chi, ma qualcuno aveva preconizzato, molto malamente, che non sarebbe stata una guerra, ma una passeggiata, poco pi\u00f9 che una parata militare. Anzi forse pensavano che la popolazione della Cirenaica e della Tripolitania avrebbe aperto le porte ai liberatori italiani. Altro che braccia aperte! Li hanno presi a fucilate appena hanno messo piede a terra. Talamini fu preveggente. La guerra fu una voragine per la finanza statale e aggrav\u00f2 ancora pi\u00f9 l\u2019emigrazione gi\u00e0 altissima, i soldati morirono a migliaia e la Libia fu conquistata per modo di dire. Anzi non fu conquistata affatto perch\u00e9 il possesso italiano si limitava alla fascia costiera. Se qualcuno metteva il naso fuori delle difese italiane verso l\u2019interno si trovava di fronte qualche drappello di cavalieri con i fucili spianati. La conquista fu completata durante il fascismo dal maresciallo Graziani con metodi, \u00e8 noto, non molto ortodossi.<\/p>\n<p>Di quella guerra si \u00e8 parlato poco e si continua a parlare poco. Molti giovani veneti hanno perso la vita in quell\u2019avventura (e tutte le guerre coloniali italiane sono state davvero avventure che avremmo fatto meglio risparmiarci) inutile e improduttiva. Qualche stele paesana che racconta ai posteri le vite spezzate dalle due guerre mondiali si \u00e8 ricordata anche di quelle, per fortuna molto meno numerose, perdute in Abissinia o in Libia.<\/p>\n<p>Ho scritto queste poche righe a beneficio di chi voglia non dimenticare quegli avvenimenti e quei ragazzi che vi hanno lasciato la vita. E anche per sollecitare, se non \u00e8 gi\u00e0 stato fatto, uno studio o una tesi di laurea su quel 1912. Magari, restando in ambito bellunese o veneto, analizzandolo dalle pagine del nostro Gazzettino.<\/p>\n<p>Sante Rossetto *<\/p>\n<p>*giornalista e scrittore<\/p>\n<p>&nbsp;<\/p>","protected":false},"excerpt":{"rendered":"<p>Non so quanti giornali se ne siano ricordati. Per quello che ho potuto vedere la tv non ne ha fatto cenno, ma \u00e8 possibile che il servizio mi sia sfuggito. Per chi, e credo siano molti, non lo sapesse quest\u2019anno che sta per finire ricorre un secolo dalla guerra di Libia. I testi di storia [&hellip;]<\/p>\n","protected":false},"author":2,"featured_media":0,"comment_status":"closed","ping_status":"open","sticky":false,"template":"","format":"standard","meta":{"footnotes":""},"categories":[3,26],"tags":[],"class_list":["post-44527","post","type-post","status-publish","format-standard","category-arte-cultura-spettacoli-scienza-archivi","category-prima-pagina"],"yoast_head":"<!-- This site is optimized with the Yoast SEO plugin v28.4 - https:\/\/yoast.com\/product\/yoast-seo-wordpress\/ -->\n<title>1912: un secolo fa Talamini e il Gazzettino contro la guerra di Libia * di Sante Rossetto - Bellunopress - Dolomiti<\/title>\n<meta name=\"robots\" content=\"index, follow, max-snippet:-1, max-image-preview:large, max-video-preview:-1\" \/>\n<link rel=\"canonical\" href=\"https:\/\/www.bellunopress.it\/fr\/2012\/12\/06\/1912-un-secolo-fa-talamini-e-il-gazzettino-contro-la-guerra-di-libia-di-sante-rossetto\/\" \/>\n<meta property=\"og:locale\" content=\"fr_FR\" \/>\n<meta property=\"og:type\" content=\"article\" \/>\n<meta property=\"og:title\" content=\"1912: un secolo fa Talamini e il Gazzettino contro la guerra di Libia * di Sante Rossetto - Bellunopress - Dolomiti\" \/>\n<meta property=\"og:description\" content=\"Non so quanti giornali se ne siano ricordati. Per quello che ho potuto vedere la tv non ne ha fatto cenno, ma \u00e8 possibile che il servizio mi sia sfuggito. Per chi, e credo siano molti, non lo sapesse quest\u2019anno che sta per finire ricorre un secolo dalla guerra di Libia. I testi di storia [&hellip;]\" \/>\n<meta property=\"og:url\" content=\"https:\/\/www.bellunopress.it\/fr\/2012\/12\/06\/1912-un-secolo-fa-talamini-e-il-gazzettino-contro-la-guerra-di-libia-di-sante-rossetto\/\" \/>\n<meta property=\"og:site_name\" content=\"Bellunopress - Dolomiti\" \/>\n<meta property=\"article:publisher\" content=\"https:\/\/www.facebook.com\/profile.php?id=100008943462799\" \/>\n<meta property=\"article:published_time\" content=\"2012-12-06T17:41:42+00:00\" \/>\n<meta property=\"og:image\" content=\"http:\/\/www.bellunopress.it\/wp-content\/uploads\/2009\/04\/sante-rossetto-2.jpg\" \/>\n<meta name=\"author\" content=\"redazione\" \/>\n<meta name=\"twitter:card\" content=\"summary_large_image\" \/>\n<meta name=\"twitter:creator\" content=\"@bellunopress\" \/>\n<meta name=\"twitter:site\" content=\"@bellunopress\" \/>\n<meta name=\"twitter:label1\" content=\"\u00c9crit par\" \/>\n\t<meta name=\"twitter:data1\" content=\"redazione\" \/>\n\t<meta name=\"twitter:label2\" content=\"Dur\u00e9e de lecture estim\u00e9e\" \/>\n\t<meta name=\"twitter:data2\" content=\"4 minutes\" \/>\n<script type=\"application\/ld+json\" class=\"yoast-schema-graph\">{\"@context\":\"https:\\\/\\\/schema.org\",\"@graph\":[{\"@type\":\"Article\",\"@id\":\"https:\\\/\\\/www.bellunopress.it\\\/2012\\\/12\\\/06\\\/1912-un-secolo-fa-talamini-e-il-gazzettino-contro-la-guerra-di-libia-di-sante-rossetto\\\/#article\",\"isPartOf\":{\"@id\":\"https:\\\/\\\/www.bellunopress.it\\\/2012\\\/12\\\/06\\\/1912-un-secolo-fa-talamini-e-il-gazzettino-contro-la-guerra-di-libia-di-sante-rossetto\\\/\"},\"author\":{\"name\":\"redazione\",\"@id\":\"https:\\\/\\\/www.bellunopress.it\\\/#\\\/schema\\\/person\\\/79bb06722b37ece1c03d3e94beb30d73\"},\"headline\":\"1912: un secolo fa Talamini e il Gazzettino contro la guerra di Libia * di Sante Rossetto\",\"datePublished\":\"2012-12-06T17:41:42+00:00\",\"mainEntityOfPage\":{\"@id\":\"https:\\\/\\\/www.bellunopress.it\\\/2012\\\/12\\\/06\\\/1912-un-secolo-fa-talamini-e-il-gazzettino-contro-la-guerra-di-libia-di-sante-rossetto\\\/\"},\"wordCount\":733,\"publisher\":{\"@id\":\"https:\\\/\\\/www.bellunopress.it\\\/#organization\"},\"image\":{\"@id\":\"https:\\\/\\\/www.bellunopress.it\\\/2012\\\/12\\\/06\\\/1912-un-secolo-fa-talamini-e-il-gazzettino-contro-la-guerra-di-libia-di-sante-rossetto\\\/#primaryimage\"},\"thumbnailUrl\":\"http:\\\/\\\/www.bellunopress.it\\\/wp-content\\\/uploads\\\/2009\\\/04\\\/sante-rossetto-2.jpg\",\"articleSection\":[\"Arte, Cultura, Spettacoli, Scienza\",\"Prima Pagina\"],\"inLanguage\":\"fr-FR\"},{\"@type\":\"WebPage\",\"@id\":\"https:\\\/\\\/www.bellunopress.it\\\/2012\\\/12\\\/06\\\/1912-un-secolo-fa-talamini-e-il-gazzettino-contro-la-guerra-di-libia-di-sante-rossetto\\\/\",\"url\":\"https:\\\/\\\/www.bellunopress.it\\\/2012\\\/12\\\/06\\\/1912-un-secolo-fa-talamini-e-il-gazzettino-contro-la-guerra-di-libia-di-sante-rossetto\\\/\",\"name\":\"1912: un secolo fa Talamini e il Gazzettino contro la guerra di Libia * di Sante Rossetto - Bellunopress - Dolomiti\",\"isPartOf\":{\"@id\":\"https:\\\/\\\/www.bellunopress.it\\\/#website\"},\"primaryImageOfPage\":{\"@id\":\"https:\\\/\\\/www.bellunopress.it\\\/2012\\\/12\\\/06\\\/1912-un-secolo-fa-talamini-e-il-gazzettino-contro-la-guerra-di-libia-di-sante-rossetto\\\/#primaryimage\"},\"image\":{\"@id\":\"https:\\\/\\\/www.bellunopress.it\\\/2012\\\/12\\\/06\\\/1912-un-secolo-fa-talamini-e-il-gazzettino-contro-la-guerra-di-libia-di-sante-rossetto\\\/#primaryimage\"},\"thumbnailUrl\":\"http:\\\/\\\/www.bellunopress.it\\\/wp-content\\\/uploads\\\/2009\\\/04\\\/sante-rossetto-2.jpg\",\"datePublished\":\"2012-12-06T17:41:42+00:00\",\"breadcrumb\":{\"@id\":\"https:\\\/\\\/www.bellunopress.it\\\/2012\\\/12\\\/06\\\/1912-un-secolo-fa-talamini-e-il-gazzettino-contro-la-guerra-di-libia-di-sante-rossetto\\\/#breadcrumb\"},\"inLanguage\":\"fr-FR\",\"potentialAction\":[{\"@type\":\"ReadAction\",\"target\":[\"https:\\\/\\\/www.bellunopress.it\\\/2012\\\/12\\\/06\\\/1912-un-secolo-fa-talamini-e-il-gazzettino-contro-la-guerra-di-libia-di-sante-rossetto\\\/\"]}]},{\"@type\":\"ImageObject\",\"inLanguage\":\"fr-FR\",\"@id\":\"https:\\\/\\\/www.bellunopress.it\\\/2012\\\/12\\\/06\\\/1912-un-secolo-fa-talamini-e-il-gazzettino-contro-la-guerra-di-libia-di-sante-rossetto\\\/#primaryimage\",\"url\":\"http:\\\/\\\/www.bellunopress.it\\\/wp-content\\\/uploads\\\/2009\\\/04\\\/sante-rossetto-2.jpg\",\"contentUrl\":\"http:\\\/\\\/www.bellunopress.it\\\/wp-content\\\/uploads\\\/2009\\\/04\\\/sante-rossetto-2.jpg\"},{\"@type\":\"BreadcrumbList\",\"@id\":\"https:\\\/\\\/www.bellunopress.it\\\/2012\\\/12\\\/06\\\/1912-un-secolo-fa-talamini-e-il-gazzettino-contro-la-guerra-di-libia-di-sante-rossetto\\\/#breadcrumb\",\"itemListElement\":[{\"@type\":\"ListItem\",\"position\":1,\"name\":\"Home\",\"item\":\"https:\\\/\\\/www.bellunopress.it\\\/\"},{\"@type\":\"ListItem\",\"position\":2,\"name\":\"1912: un secolo fa Talamini e il Gazzettino contro la guerra di Libia * di Sante Rossetto\"}]},{\"@type\":\"WebSite\",\"@id\":\"https:\\\/\\\/www.bellunopress.it\\\/#website\",\"url\":\"https:\\\/\\\/www.bellunopress.it\\\/\",\"name\":\"Bellunopress - Dolomiti\",\"description\":\"e-mail: redazione@bellunopress.it\",\"publisher\":{\"@id\":\"https:\\\/\\\/www.bellunopress.it\\\/#organization\"},\"potentialAction\":[{\"@type\":\"SearchAction\",\"target\":{\"@type\":\"EntryPoint\",\"urlTemplate\":\"https:\\\/\\\/www.bellunopress.it\\\/?s={search_term_string}\"},\"query-input\":{\"@type\":\"PropertyValueSpecification\",\"valueRequired\":true,\"valueName\":\"search_term_string\"}}],\"inLanguage\":\"fr-FR\"},{\"@type\":\"Organization\",\"@id\":\"https:\\\/\\\/www.bellunopress.it\\\/#organization\",\"name\":\"Bellunopress\",\"url\":\"https:\\\/\\\/www.bellunopress.it\\\/\",\"logo\":{\"@type\":\"ImageObject\",\"inLanguage\":\"fr-FR\",\"@id\":\"https:\\\/\\\/www.bellunopress.it\\\/#\\\/schema\\\/logo\\\/image\\\/\",\"url\":\"https:\\\/\\\/www.bellunopress.it\\\/wp-content\\\/uploads\\\/2011\\\/05\\\/cropped-logo-bellunopress-.jpg\",\"contentUrl\":\"https:\\\/\\\/www.bellunopress.it\\\/wp-content\\\/uploads\\\/2011\\\/05\\\/cropped-logo-bellunopress-.jpg\",\"width\":512,\"height\":512,\"caption\":\"Bellunopress\"},\"image\":{\"@id\":\"https:\\\/\\\/www.bellunopress.it\\\/#\\\/schema\\\/logo\\\/image\\\/\"},\"sameAs\":[\"https:\\\/\\\/www.facebook.com\\\/profile.php?id=100008943462799\",\"https:\\\/\\\/x.com\\\/bellunopress\",\"https:\\\/\\\/www.linkedin.com\\\/hp\\\/?dnr=JBzUWaJfMUw8vbXJJ2tVW5-I3jZKvC4wsoxE&amp;amp;amp;amp;amp;amp;trk=nav_responsive_tab_home\",\"https:\\\/\\\/www.youtube.com\\\/channel\\\/UCxL0wu1uN0_3_7hGG0306cw\"]},{\"@type\":\"Person\",\"@id\":\"https:\\\/\\\/www.bellunopress.it\\\/#\\\/schema\\\/person\\\/79bb06722b37ece1c03d3e94beb30d73\",\"name\":\"redazione\",\"image\":{\"@type\":\"ImageObject\",\"inLanguage\":\"fr-FR\",\"@id\":\"https:\\\/\\\/secure.gravatar.com\\\/avatar\\\/37d968a2e67a6fd04c169c4bdef102d0bc5d31b2546345219e348575eb80e9a0?s=96&d=mm&r=g\",\"url\":\"https:\\\/\\\/secure.gravatar.com\\\/avatar\\\/37d968a2e67a6fd04c169c4bdef102d0bc5d31b2546345219e348575eb80e9a0?s=96&d=mm&r=g\",\"contentUrl\":\"https:\\\/\\\/secure.gravatar.com\\\/avatar\\\/37d968a2e67a6fd04c169c4bdef102d0bc5d31b2546345219e348575eb80e9a0?s=96&d=mm&r=g\",\"caption\":\"redazione\"},\"sameAs\":[\"http:\\\/\\\/www.bellunopress.it\",\"https:\\\/\\\/x.com\\\/bellunopress\"],\"url\":\"https:\\\/\\\/www.bellunopress.it\\\/fr\\\/author\\\/redazione\\\/\"}]}<\/script>\n<!-- \/ Yoast SEO plugin. -->","yoast_head_json":{"title":"1912: un secolo fa Talamini e il Gazzettino contro la guerra di Libia * di Sante Rossetto - Bellunopress - Dolomiti","robots":{"index":"index","follow":"follow","max-snippet":"max-snippet:-1","max-image-preview":"max-image-preview:large","max-video-preview":"max-video-preview:-1"},"canonical":"https:\/\/www.bellunopress.it\/fr\/2012\/12\/06\/1912-un-secolo-fa-talamini-e-il-gazzettino-contro-la-guerra-di-libia-di-sante-rossetto\/","og_locale":"fr_FR","og_type":"article","og_title":"1912: un secolo fa Talamini e il Gazzettino contro la guerra di Libia * di Sante Rossetto - Bellunopress - Dolomiti","og_description":"Non so quanti giornali se ne siano ricordati. Per quello che ho potuto vedere la tv non ne ha fatto cenno, ma \u00e8 possibile che il servizio mi sia sfuggito. Per chi, e credo siano molti, non lo sapesse quest\u2019anno che sta per finire ricorre un secolo dalla guerra di Libia. I testi di storia [&hellip;]","og_url":"https:\/\/www.bellunopress.it\/fr\/2012\/12\/06\/1912-un-secolo-fa-talamini-e-il-gazzettino-contro-la-guerra-di-libia-di-sante-rossetto\/","og_site_name":"Bellunopress - Dolomiti","article_publisher":"https:\/\/www.facebook.com\/profile.php?id=100008943462799","article_published_time":"2012-12-06T17:41:42+00:00","og_image":[{"url":"http:\/\/www.bellunopress.it\/wp-content\/uploads\/2009\/04\/sante-rossetto-2.jpg","type":"","width":"","height":""}],"author":"redazione","twitter_card":"summary_large_image","twitter_creator":"@bellunopress","twitter_site":"@bellunopress","twitter_misc":{"\u00c9crit par":"redazione","Dur\u00e9e de lecture estim\u00e9e":"4 minutes"},"schema":{"@context":"https:\/\/schema.org","@graph":[{"@type":"Article","@id":"https:\/\/www.bellunopress.it\/2012\/12\/06\/1912-un-secolo-fa-talamini-e-il-gazzettino-contro-la-guerra-di-libia-di-sante-rossetto\/#article","isPartOf":{"@id":"https:\/\/www.bellunopress.it\/2012\/12\/06\/1912-un-secolo-fa-talamini-e-il-gazzettino-contro-la-guerra-di-libia-di-sante-rossetto\/"},"author":{"name":"redazione","@id":"https:\/\/www.bellunopress.it\/#\/schema\/person\/79bb06722b37ece1c03d3e94beb30d73"},"headline":"1912: un secolo fa Talamini e il Gazzettino contro la guerra di Libia * di Sante Rossetto","datePublished":"2012-12-06T17:41:42+00:00","mainEntityOfPage":{"@id":"https:\/\/www.bellunopress.it\/2012\/12\/06\/1912-un-secolo-fa-talamini-e-il-gazzettino-contro-la-guerra-di-libia-di-sante-rossetto\/"},"wordCount":733,"publisher":{"@id":"https:\/\/www.bellunopress.it\/#organization"},"image":{"@id":"https:\/\/www.bellunopress.it\/2012\/12\/06\/1912-un-secolo-fa-talamini-e-il-gazzettino-contro-la-guerra-di-libia-di-sante-rossetto\/#primaryimage"},"thumbnailUrl":"http:\/\/www.bellunopress.it\/wp-content\/uploads\/2009\/04\/sante-rossetto-2.jpg","articleSection":["Arte, Cultura, Spettacoli, Scienza","Prima Pagina"],"inLanguage":"fr-FR"},{"@type":"WebPage","@id":"https:\/\/www.bellunopress.it\/2012\/12\/06\/1912-un-secolo-fa-talamini-e-il-gazzettino-contro-la-guerra-di-libia-di-sante-rossetto\/","url":"https:\/\/www.bellunopress.it\/2012\/12\/06\/1912-un-secolo-fa-talamini-e-il-gazzettino-contro-la-guerra-di-libia-di-sante-rossetto\/","name":"1912: un secolo fa Talamini e il Gazzettino contro la guerra di Libia * di Sante Rossetto - Bellunopress - Dolomiti","isPartOf":{"@id":"https:\/\/www.bellunopress.it\/#website"},"primaryImageOfPage":{"@id":"https:\/\/www.bellunopress.it\/2012\/12\/06\/1912-un-secolo-fa-talamini-e-il-gazzettino-contro-la-guerra-di-libia-di-sante-rossetto\/#primaryimage"},"image":{"@id":"https:\/\/www.bellunopress.it\/2012\/12\/06\/1912-un-secolo-fa-talamini-e-il-gazzettino-contro-la-guerra-di-libia-di-sante-rossetto\/#primaryimage"},"thumbnailUrl":"http:\/\/www.bellunopress.it\/wp-content\/uploads\/2009\/04\/sante-rossetto-2.jpg","datePublished":"2012-12-06T17:41:42+00:00","breadcrumb":{"@id":"https:\/\/www.bellunopress.it\/2012\/12\/06\/1912-un-secolo-fa-talamini-e-il-gazzettino-contro-la-guerra-di-libia-di-sante-rossetto\/#breadcrumb"},"inLanguage":"fr-FR","potentialAction":[{"@type":"ReadAction","target":["https:\/\/www.bellunopress.it\/2012\/12\/06\/1912-un-secolo-fa-talamini-e-il-gazzettino-contro-la-guerra-di-libia-di-sante-rossetto\/"]}]},{"@type":"ImageObject","inLanguage":"fr-FR","@id":"https:\/\/www.bellunopress.it\/2012\/12\/06\/1912-un-secolo-fa-talamini-e-il-gazzettino-contro-la-guerra-di-libia-di-sante-rossetto\/#primaryimage","url":"http:\/\/www.bellunopress.it\/wp-content\/uploads\/2009\/04\/sante-rossetto-2.jpg","contentUrl":"http:\/\/www.bellunopress.it\/wp-content\/uploads\/2009\/04\/sante-rossetto-2.jpg"},{"@type":"BreadcrumbList","@id":"https:\/\/www.bellunopress.it\/2012\/12\/06\/1912-un-secolo-fa-talamini-e-il-gazzettino-contro-la-guerra-di-libia-di-sante-rossetto\/#breadcrumb","itemListElement":[{"@type":"ListItem","position":1,"name":"Home","item":"https:\/\/www.bellunopress.it\/"},{"@type":"ListItem","position":2,"name":"1912: un secolo fa Talamini e il Gazzettino contro la guerra di Libia * di Sante Rossetto"}]},{"@type":"WebSite","@id":"https:\/\/www.bellunopress.it\/#website","url":"https:\/\/www.bellunopress.it\/","name":"Bellunopress - Dolomiti","description":"e-mail: redazione@bellunopress.it","publisher":{"@id":"https:\/\/www.bellunopress.it\/#organization"},"potentialAction":[{"@type":"SearchAction","target":{"@type":"EntryPoint","urlTemplate":"https:\/\/www.bellunopress.it\/?s={search_term_string}"},"query-input":{"@type":"PropertyValueSpecification","valueRequired":true,"valueName":"search_term_string"}}],"inLanguage":"fr-FR"},{"@type":"Organization","@id":"https:\/\/www.bellunopress.it\/#organization","name":"Bellunopress","url":"https:\/\/www.bellunopress.it\/","logo":{"@type":"ImageObject","inLanguage":"fr-FR","@id":"https:\/\/www.bellunopress.it\/#\/schema\/logo\/image\/","url":"https:\/\/www.bellunopress.it\/wp-content\/uploads\/2011\/05\/cropped-logo-bellunopress-.jpg","contentUrl":"https:\/\/www.bellunopress.it\/wp-content\/uploads\/2011\/05\/cropped-logo-bellunopress-.jpg","width":512,"height":512,"caption":"Bellunopress"},"image":{"@id":"https:\/\/www.bellunopress.it\/#\/schema\/logo\/image\/"},"sameAs":["https:\/\/www.facebook.com\/profile.php?id=100008943462799","https:\/\/x.com\/bellunopress","https:\/\/www.linkedin.com\/hp\/?dnr=JBzUWaJfMUw8vbXJJ2tVW5-I3jZKvC4wsoxE&amp;amp;amp;amp;amp;amp;trk=nav_responsive_tab_home","https:\/\/www.youtube.com\/channel\/UCxL0wu1uN0_3_7hGG0306cw"]},{"@type":"Person","@id":"https:\/\/www.bellunopress.it\/#\/schema\/person\/79bb06722b37ece1c03d3e94beb30d73","name":"r\u00e9daction","image":{"@type":"ImageObject","inLanguage":"fr-FR","@id":"https:\/\/secure.gravatar.com\/avatar\/37d968a2e67a6fd04c169c4bdef102d0bc5d31b2546345219e348575eb80e9a0?s=96&d=mm&r=g","url":"https:\/\/secure.gravatar.com\/avatar\/37d968a2e67a6fd04c169c4bdef102d0bc5d31b2546345219e348575eb80e9a0?s=96&d=mm&r=g","contentUrl":"https:\/\/secure.gravatar.com\/avatar\/37d968a2e67a6fd04c169c4bdef102d0bc5d31b2546345219e348575eb80e9a0?s=96&d=mm&r=g","caption":"redazione"},"sameAs":["http:\/\/www.bellunopress.it","https:\/\/x.com\/bellunopress"],"url":"https:\/\/www.bellunopress.it\/fr\/author\/redazione\/"}]}},"_links":{"self":[{"href":"https:\/\/www.bellunopress.it\/fr\/wp-json\/wp\/v2\/posts\/44527","targetHints":{"allow":["GET"]}}],"collection":[{"href":"https:\/\/www.bellunopress.it\/fr\/wp-json\/wp\/v2\/posts"}],"about":[{"href":"https:\/\/www.bellunopress.it\/fr\/wp-json\/wp\/v2\/types\/post"}],"author":[{"embeddable":true,"href":"https:\/\/www.bellunopress.it\/fr\/wp-json\/wp\/v2\/users\/2"}],"replies":[{"embeddable":true,"href":"https:\/\/www.bellunopress.it\/fr\/wp-json\/wp\/v2\/comments?post=44527"}],"version-history":[{"count":1,"href":"https:\/\/www.bellunopress.it\/fr\/wp-json\/wp\/v2\/posts\/44527\/revisions"}],"predecessor-version":[{"id":44528,"href":"https:\/\/www.bellunopress.it\/fr\/wp-json\/wp\/v2\/posts\/44527\/revisions\/44528"}],"wp:attachment":[{"href":"https:\/\/www.bellunopress.it\/fr\/wp-json\/wp\/v2\/media?parent=44527"}],"wp:term":[{"taxonomy":"category","embeddable":true,"href":"https:\/\/www.bellunopress.it\/fr\/wp-json\/wp\/v2\/categories?post=44527"},{"taxonomy":"post_tag","embeddable":true,"href":"https:\/\/www.bellunopress.it\/fr\/wp-json\/wp\/v2\/tags?post=44527"}],"curies":[{"name":"wp","href":"https:\/\/api.w.org\/{rel}","templated":true}]}}