{"id":44523,"date":"2012-12-06T16:32:23","date_gmt":"2012-12-06T15:32:23","guid":{"rendered":"http:\/\/www.bellunopress.it\/?p=44523"},"modified":"2012-12-06T16:33:16","modified_gmt":"2012-12-06T15:33:16","slug":"il-caso-dei-forestali-statali-e-regionali-il-veneto-e-lunica-regione-ditalia-che-non-ha-firmato-la-convenzione-con-il-corpo-forestale-dello-stato","status":"publish","type":"post","link":"https:\/\/www.bellunopress.it\/fr\/2012\/12\/06\/il-caso-dei-forestali-statali-e-regionali-il-veneto-e-lunica-regione-ditalia-che-non-ha-firmato-la-convenzione-con-il-corpo-forestale-dello-stato\/","title":{"rendered":"Il caso dei Forestali, statali e regionali.  Il Veneto \u00e8 l&#8217;unica regione d&#8217;Italia che non ha firmato la convenzione con il Corpo Forestale dello Stato. E i Forestali regionali senza stipendio"},"content":{"rendered":"<figure id=\"attachment_34303\" aria-describedby=\"caption-attachment-34303\" style=\"width: 220px\" class=\"wp-caption alignleft\"><a href=\"http:\/\/www.bellunopress.it\/wp-content\/uploads\/2012\/01\/andrea-zanoni.jpg\"><img loading=\"lazy\" decoding=\"async\" class=\"size-full wp-image-34303\" title=\"andrea zanoni\" src=\"http:\/\/www.bellunopress.it\/wp-content\/uploads\/2012\/01\/andrea-zanoni.jpg\" alt=\"\" width=\"220\" height=\"220\" srcset=\"https:\/\/www.bellunopress.it\/wp-content\/uploads\/2012\/01\/andrea-zanoni.jpg 220w, https:\/\/www.bellunopress.it\/wp-content\/uploads\/2012\/01\/andrea-zanoni-150x150.jpg 150w\" sizes=\"auto, (max-width: 220px) 100vw, 220px\" \/><\/a><figcaption id=\"caption-attachment-34303\" class=\"wp-caption-text\">Andrea Zanoni eurodeputato Idv<\/figcaption><\/figure>\n<p><strong>Dopo un incontro tra Zanoni (IdV) e il Capo del Corpo Forestale dello Stato, emerge che il Veneto \u00e8 l&#8217;unica regione d&#8217;Italia a non aver sottoscritto una convenzione. Zanoni a Zaia: &#8220;Porre subito rimedio a una situazione imbarazzante e che mette a rischio l&#8217;ambiente e la biodiversit\u00e0 in Veneto&#8221;<\/strong><\/p>\n<p>&#8220;Mi auguro che la Regione Veneto sottoscrivi quanto prima la convenzione con il Corpo forestale dello Stato al fine di garantire il controllo e la repressione dei reati ambientali in Veneto&#8221;. Lo ha scritto Andrea Zanoni, eurodeputato IdV, al Governatore del Veneto Luca Zaia dopo l&#8217;incontro di luned\u00ec 3 dicembre con il Capo del Corpo Forestale dello Stato Cesare Patrone che ha confermato come proprio il Veneto sia l&#8217;unica regione italiana a non aver sottoscritto questa convenzione.<\/p>\n<p>&#8220;E&#8217; mia personale convinzione che per tutelare l&#8217;ambiente e la biodiversit\u00e0 sia necessario impegnarsi concretamente, e non soltanto a parole o con facili slogan. Questa grave mancanza da parte della Regione Veneto non pu\u00f2 che indirettamente avvantaggiare coloro i quali utilizzano il nostro territorio illegittimamente e a scopo di lucro, visti e considerati gli innumerevoli casi di danno all&#8217;ambiente, come ad esempio i ripetuti episodi di bracconaggio, gli incendi boschivi, l&#8217;abbandono di rifiuti, gli sversamenti nei fiumi e in falda acquifera di sostanze pericolose e le escavazioni abusive&#8221;, scrive Zanoni.<\/p>\n<p>&#8220;Solo agevolando nei fatti il Corpo forestale dello Stato, organo riconosciuto a livello internazionale per professionalit\u00e0 e competenza, si potr\u00e0 affermare a ragione di voler concretamente combattere i predoni del nostro territorio&#8221;.<\/p>\n<p>BACKGROUND<\/p>\n<p>Luned\u00ec scorso 3 dicembre, Andrea Zanoni ha incontrato a Roma Cesare Patrone, Capo del Corpo Forestale dello Stato, e Giuseppe Persi, Primo dirigente della 1\u00b0 Divisione investigativa. In quell&#8217;occasione, i due esponenti del Corpo Forestale hanno espresso a Zanoni forti preoccupazioni sui tagli previsti dal Governo Monti.<\/p>\n<figure id=\"attachment_28906\" aria-describedby=\"caption-attachment-28906\" style=\"width: 249px\" class=\"wp-caption alignleft\"><a href=\"http:\/\/www.bellunopress.it\/wp-content\/uploads\/2011\/07\/dario-bond-280x240.jpg\"><img loading=\"lazy\" decoding=\"async\" class=\"size-full wp-image-28906\" title=\"dario bond 280x240\" src=\"http:\/\/www.bellunopress.it\/wp-content\/uploads\/2011\/07\/dario-bond-280x240.jpg\" alt=\"\" width=\"249\" height=\"280\" \/><\/a><figcaption id=\"caption-attachment-28906\" class=\"wp-caption-text\">Dario Bond consigliere regionale Pdl<\/figcaption><\/figure>\n<p><strong>Forestali del Veneto senza paga. Bond: &#8220;O si sbloccano gli stipendi o i consiglieri regionali e gli assessori rinuncino alle loro indennit\u00e0 di dicembre&#8221;<\/strong><br \/>\n\u201cSe la Giunta non provveder\u00e0 in brevissimo tempo a sbloccare gli stipendi per i lavoratori forestali del Veneto, allora chieder\u00f2 formalmente ai miei colleghi consiglieri regionali e agli assessori di rinunciare alle indennit\u00e0 di dicembre rigirandole a questi lavoratori che da settembre sono a secco. Una situazione di questo tipo \u00e8 intollerabile e non ci fa onore\u201d.<br \/>\nA dirlo \u00e8 il capogruppo del Pdl in Consiglio regionale Dario Bond appresa la notizia che i lavoratori forestali regionali, allo stato attuale, sono ancora senza stipendio: \u201cAi ritardi nell\u2019approvazione dell\u2019assestamento di bilancio 2012 si sono aggiunti quelli della giunta\u201d, ricorda il capogruppo del Pdl.<br \/>\n\u201cA met\u00e0 novembre votando l\u2019assestamento di bilancio il Consiglio ha sbloccato 4,6 milioni di euro per il Servizi Forestali\u201d, rimarca Bond. \u201cIn quei giorni noi consiglieri con gli assessori competenti ci eravamo impegnati a trovare una soluzione tempestiva. Peccato che a pi\u00f9 di tre settimane di distanza la giunta non abbia ancora sbloccato ufficialmente la situazione\u201d.<br \/>\nPer Bond per\u00f2 bisogna andare al cuore del problema: \u201cOccorre studiare un modo per stanziare all\u2019inizio dell\u2019anno la somma sufficiente per pagare gli stipendi per tutte e dodici le mensilit\u00e0. Altrimenti questa situazione paradossale \u00e8 destinata a ripetersi\u201d.<\/p>","protected":false},"excerpt":{"rendered":"<p>Dopo un incontro tra Zanoni (IdV) e il Capo del Corpo Forestale dello Stato, emerge che il Veneto \u00e8 l&#8217;unica regione d&#8217;Italia a non aver sottoscritto una convenzione. Zanoni a Zaia: &#8220;Porre subito rimedio a una situazione imbarazzante e che mette a rischio l&#8217;ambiente e la biodiversit\u00e0 in Veneto&#8221; &#8220;Mi auguro che la Regione Veneto [&hellip;]<\/p>\n","protected":false},"author":2,"featured_media":0,"comment_status":"closed","ping_status":"open","sticky":false,"template":"","format":"standard","meta":{"footnotes":""},"categories":[5,36],"tags":[],"class_list":["post-44523","post","type-post","status-publish","format-standard","category-cronaca","category-lavoro-economia"],"yoast_head":"<!-- This site is optimized with the Yoast SEO plugin v28.4 - https:\/\/yoast.com\/product\/yoast-seo-wordpress\/ -->\n<title>Il caso dei Forestali, statali e regionali. Il Veneto \u00e8 l&#039;unica regione d&#039;Italia che non ha firmato la convenzione con il Corpo Forestale dello Stato. E i Forestali regionali senza stipendio - Bellunopress - Dolomiti<\/title>\n<meta name=\"robots\" content=\"index, follow, max-snippet:-1, max-image-preview:large, max-video-preview:-1\" \/>\n<link rel=\"canonical\" href=\"https:\/\/www.bellunopress.it\/fr\/2012\/12\/06\/il-caso-dei-forestali-statali-e-regionali-il-veneto-e-lunica-regione-ditalia-che-non-ha-firmato-la-convenzione-con-il-corpo-forestale-dello-stato\/\" \/>\n<meta property=\"og:locale\" content=\"fr_FR\" \/>\n<meta property=\"og:type\" content=\"article\" \/>\n<meta property=\"og:title\" content=\"Il caso dei Forestali, statali e regionali. Il Veneto \u00e8 l&#039;unica regione d&#039;Italia che non ha firmato la convenzione con il Corpo Forestale dello Stato. E i Forestali regionali senza stipendio - Bellunopress - Dolomiti\" \/>\n<meta property=\"og:description\" content=\"Dopo un incontro tra Zanoni (IdV) e il Capo del Corpo Forestale dello Stato, emerge che il Veneto \u00e8 l&#8217;unica regione d&#8217;Italia a non aver sottoscritto una convenzione. Zanoni a Zaia: &#8220;Porre subito rimedio a una situazione imbarazzante e che mette a rischio l&#8217;ambiente e la biodiversit\u00e0 in Veneto&#8221; &#8220;Mi auguro che la Regione Veneto [&hellip;]\" \/>\n<meta property=\"og:url\" content=\"https:\/\/www.bellunopress.it\/fr\/2012\/12\/06\/il-caso-dei-forestali-statali-e-regionali-il-veneto-e-lunica-regione-ditalia-che-non-ha-firmato-la-convenzione-con-il-corpo-forestale-dello-stato\/\" \/>\n<meta property=\"og:site_name\" content=\"Bellunopress - Dolomiti\" \/>\n<meta property=\"article:publisher\" content=\"https:\/\/www.facebook.com\/profile.php?id=100008943462799\" \/>\n<meta property=\"article:published_time\" content=\"2012-12-06T15:32:23+00:00\" \/>\n<meta property=\"article:modified_time\" content=\"2012-12-06T15:33:16+00:00\" \/>\n<meta property=\"og:image\" content=\"http:\/\/www.bellunopress.it\/wp-content\/uploads\/2012\/01\/andrea-zanoni.jpg\" \/>\n<meta name=\"author\" content=\"redazione\" \/>\n<meta name=\"twitter:card\" content=\"summary_large_image\" \/>\n<meta name=\"twitter:creator\" content=\"@bellunopress\" \/>\n<meta name=\"twitter:site\" content=\"@bellunopress\" \/>\n<meta name=\"twitter:label1\" content=\"\u00c9crit par\" \/>\n\t<meta name=\"twitter:data1\" content=\"redazione\" \/>\n\t<meta name=\"twitter:label2\" content=\"Dur\u00e9e de lecture estim\u00e9e\" \/>\n\t<meta name=\"twitter:data2\" content=\"3 minutes\" \/>\n<script type=\"application\/ld+json\" class=\"yoast-schema-graph\">{\"@context\":\"https:\\\/\\\/schema.org\",\"@graph\":[{\"@type\":\"Article\",\"@id\":\"https:\\\/\\\/www.bellunopress.it\\\/2012\\\/12\\\/06\\\/il-caso-dei-forestali-statali-e-regionali-il-veneto-e-lunica-regione-ditalia-che-non-ha-firmato-la-convenzione-con-il-corpo-forestale-dello-stato\\\/#article\",\"isPartOf\":{\"@id\":\"https:\\\/\\\/www.bellunopress.it\\\/2012\\\/12\\\/06\\\/il-caso-dei-forestali-statali-e-regionali-il-veneto-e-lunica-regione-ditalia-che-non-ha-firmato-la-convenzione-con-il-corpo-forestale-dello-stato\\\/\"},\"author\":{\"name\":\"redazione\",\"@id\":\"https:\\\/\\\/www.bellunopress.it\\\/#\\\/schema\\\/person\\\/79bb06722b37ece1c03d3e94beb30d73\"},\"headline\":\"Il caso dei Forestali, statali e regionali. Il Veneto \u00e8 l&#8217;unica regione d&#8217;Italia che non ha firmato la convenzione con il Corpo Forestale dello Stato. E i Forestali regionali senza stipendio\",\"datePublished\":\"2012-12-06T15:32:23+00:00\",\"dateModified\":\"2012-12-06T15:33:16+00:00\",\"mainEntityOfPage\":{\"@id\":\"https:\\\/\\\/www.bellunopress.it\\\/2012\\\/12\\\/06\\\/il-caso-dei-forestali-statali-e-regionali-il-veneto-e-lunica-regione-ditalia-che-non-ha-firmato-la-convenzione-con-il-corpo-forestale-dello-stato\\\/\"},\"wordCount\":576,\"publisher\":{\"@id\":\"https:\\\/\\\/www.bellunopress.it\\\/#organization\"},\"image\":{\"@id\":\"https:\\\/\\\/www.bellunopress.it\\\/2012\\\/12\\\/06\\\/il-caso-dei-forestali-statali-e-regionali-il-veneto-e-lunica-regione-ditalia-che-non-ha-firmato-la-convenzione-con-il-corpo-forestale-dello-stato\\\/#primaryimage\"},\"thumbnailUrl\":\"http:\\\/\\\/www.bellunopress.it\\\/wp-content\\\/uploads\\\/2012\\\/01\\\/andrea-zanoni.jpg\",\"articleSection\":[\"Cronaca\\\/Politica\",\"Lavoro, Economia, Turismo\"],\"inLanguage\":\"fr-FR\"},{\"@type\":\"WebPage\",\"@id\":\"https:\\\/\\\/www.bellunopress.it\\\/2012\\\/12\\\/06\\\/il-caso-dei-forestali-statali-e-regionali-il-veneto-e-lunica-regione-ditalia-che-non-ha-firmato-la-convenzione-con-il-corpo-forestale-dello-stato\\\/\",\"url\":\"https:\\\/\\\/www.bellunopress.it\\\/2012\\\/12\\\/06\\\/il-caso-dei-forestali-statali-e-regionali-il-veneto-e-lunica-regione-ditalia-che-non-ha-firmato-la-convenzione-con-il-corpo-forestale-dello-stato\\\/\",\"name\":\"Il caso dei Forestali, statali e regionali. Il Veneto \u00e8 l'unica regione d'Italia che non ha firmato la convenzione con il Corpo Forestale dello Stato. E i Forestali regionali senza stipendio - Bellunopress - Dolomiti\",\"isPartOf\":{\"@id\":\"https:\\\/\\\/www.bellunopress.it\\\/#website\"},\"primaryImageOfPage\":{\"@id\":\"https:\\\/\\\/www.bellunopress.it\\\/2012\\\/12\\\/06\\\/il-caso-dei-forestali-statali-e-regionali-il-veneto-e-lunica-regione-ditalia-che-non-ha-firmato-la-convenzione-con-il-corpo-forestale-dello-stato\\\/#primaryimage\"},\"image\":{\"@id\":\"https:\\\/\\\/www.bellunopress.it\\\/2012\\\/12\\\/06\\\/il-caso-dei-forestali-statali-e-regionali-il-veneto-e-lunica-regione-ditalia-che-non-ha-firmato-la-convenzione-con-il-corpo-forestale-dello-stato\\\/#primaryimage\"},\"thumbnailUrl\":\"http:\\\/\\\/www.bellunopress.it\\\/wp-content\\\/uploads\\\/2012\\\/01\\\/andrea-zanoni.jpg\",\"datePublished\":\"2012-12-06T15:32:23+00:00\",\"dateModified\":\"2012-12-06T15:33:16+00:00\",\"breadcrumb\":{\"@id\":\"https:\\\/\\\/www.bellunopress.it\\\/2012\\\/12\\\/06\\\/il-caso-dei-forestali-statali-e-regionali-il-veneto-e-lunica-regione-ditalia-che-non-ha-firmato-la-convenzione-con-il-corpo-forestale-dello-stato\\\/#breadcrumb\"},\"inLanguage\":\"fr-FR\",\"potentialAction\":[{\"@type\":\"ReadAction\",\"target\":[\"https:\\\/\\\/www.bellunopress.it\\\/2012\\\/12\\\/06\\\/il-caso-dei-forestali-statali-e-regionali-il-veneto-e-lunica-regione-ditalia-che-non-ha-firmato-la-convenzione-con-il-corpo-forestale-dello-stato\\\/\"]}]},{\"@type\":\"ImageObject\",\"inLanguage\":\"fr-FR\",\"@id\":\"https:\\\/\\\/www.bellunopress.it\\\/2012\\\/12\\\/06\\\/il-caso-dei-forestali-statali-e-regionali-il-veneto-e-lunica-regione-ditalia-che-non-ha-firmato-la-convenzione-con-il-corpo-forestale-dello-stato\\\/#primaryimage\",\"url\":\"http:\\\/\\\/www.bellunopress.it\\\/wp-content\\\/uploads\\\/2012\\\/01\\\/andrea-zanoni.jpg\",\"contentUrl\":\"http:\\\/\\\/www.bellunopress.it\\\/wp-content\\\/uploads\\\/2012\\\/01\\\/andrea-zanoni.jpg\"},{\"@type\":\"BreadcrumbList\",\"@id\":\"https:\\\/\\\/www.bellunopress.it\\\/2012\\\/12\\\/06\\\/il-caso-dei-forestali-statali-e-regionali-il-veneto-e-lunica-regione-ditalia-che-non-ha-firmato-la-convenzione-con-il-corpo-forestale-dello-stato\\\/#breadcrumb\",\"itemListElement\":[{\"@type\":\"ListItem\",\"position\":1,\"name\":\"Home\",\"item\":\"https:\\\/\\\/www.bellunopress.it\\\/\"},{\"@type\":\"ListItem\",\"position\":2,\"name\":\"Il caso dei Forestali, statali e regionali. Il Veneto \u00e8 l&#8217;unica regione d&#8217;Italia che non ha firmato la convenzione con il Corpo Forestale dello Stato. E i Forestali regionali senza stipendio\"}]},{\"@type\":\"WebSite\",\"@id\":\"https:\\\/\\\/www.bellunopress.it\\\/#website\",\"url\":\"https:\\\/\\\/www.bellunopress.it\\\/\",\"name\":\"Bellunopress - Dolomiti\",\"description\":\"e-mail: redazione@bellunopress.it\",\"publisher\":{\"@id\":\"https:\\\/\\\/www.bellunopress.it\\\/#organization\"},\"potentialAction\":[{\"@type\":\"SearchAction\",\"target\":{\"@type\":\"EntryPoint\",\"urlTemplate\":\"https:\\\/\\\/www.bellunopress.it\\\/?s={search_term_string}\"},\"query-input\":{\"@type\":\"PropertyValueSpecification\",\"valueRequired\":true,\"valueName\":\"search_term_string\"}}],\"inLanguage\":\"fr-FR\"},{\"@type\":\"Organization\",\"@id\":\"https:\\\/\\\/www.bellunopress.it\\\/#organization\",\"name\":\"Bellunopress\",\"url\":\"https:\\\/\\\/www.bellunopress.it\\\/\",\"logo\":{\"@type\":\"ImageObject\",\"inLanguage\":\"fr-FR\",\"@id\":\"https:\\\/\\\/www.bellunopress.it\\\/#\\\/schema\\\/logo\\\/image\\\/\",\"url\":\"https:\\\/\\\/www.bellunopress.it\\\/wp-content\\\/uploads\\\/2011\\\/05\\\/cropped-logo-bellunopress-.jpg\",\"contentUrl\":\"https:\\\/\\\/www.bellunopress.it\\\/wp-content\\\/uploads\\\/2011\\\/05\\\/cropped-logo-bellunopress-.jpg\",\"width\":512,\"height\":512,\"caption\":\"Bellunopress\"},\"image\":{\"@id\":\"https:\\\/\\\/www.bellunopress.it\\\/#\\\/schema\\\/logo\\\/image\\\/\"},\"sameAs\":[\"https:\\\/\\\/www.facebook.com\\\/profile.php?id=100008943462799\",\"https:\\\/\\\/x.com\\\/bellunopress\",\"https:\\\/\\\/www.linkedin.com\\\/hp\\\/?dnr=JBzUWaJfMUw8vbXJJ2tVW5-I3jZKvC4wsoxE&amp;amp;amp;amp;amp;amp;trk=nav_responsive_tab_home\",\"https:\\\/\\\/www.youtube.com\\\/channel\\\/UCxL0wu1uN0_3_7hGG0306cw\"]},{\"@type\":\"Person\",\"@id\":\"https:\\\/\\\/www.bellunopress.it\\\/#\\\/schema\\\/person\\\/79bb06722b37ece1c03d3e94beb30d73\",\"name\":\"redazione\",\"image\":{\"@type\":\"ImageObject\",\"inLanguage\":\"fr-FR\",\"@id\":\"https:\\\/\\\/secure.gravatar.com\\\/avatar\\\/37d968a2e67a6fd04c169c4bdef102d0bc5d31b2546345219e348575eb80e9a0?s=96&d=mm&r=g\",\"url\":\"https:\\\/\\\/secure.gravatar.com\\\/avatar\\\/37d968a2e67a6fd04c169c4bdef102d0bc5d31b2546345219e348575eb80e9a0?s=96&d=mm&r=g\",\"contentUrl\":\"https:\\\/\\\/secure.gravatar.com\\\/avatar\\\/37d968a2e67a6fd04c169c4bdef102d0bc5d31b2546345219e348575eb80e9a0?s=96&d=mm&r=g\",\"caption\":\"redazione\"},\"sameAs\":[\"http:\\\/\\\/www.bellunopress.it\",\"https:\\\/\\\/x.com\\\/bellunopress\"],\"url\":\"https:\\\/\\\/www.bellunopress.it\\\/fr\\\/author\\\/redazione\\\/\"}]}<\/script>\n<!-- \/ Yoast SEO plugin. -->","yoast_head_json":{"title":"Il caso dei Forestali, statali e regionali. Il Veneto \u00e8 l'unica regione d'Italia che non ha firmato la convenzione con il Corpo Forestale dello Stato. E i Forestali regionali senza stipendio - Bellunopress - Dolomiti","robots":{"index":"index","follow":"follow","max-snippet":"max-snippet:-1","max-image-preview":"max-image-preview:large","max-video-preview":"max-video-preview:-1"},"canonical":"https:\/\/www.bellunopress.it\/fr\/2012\/12\/06\/il-caso-dei-forestali-statali-e-regionali-il-veneto-e-lunica-regione-ditalia-che-non-ha-firmato-la-convenzione-con-il-corpo-forestale-dello-stato\/","og_locale":"fr_FR","og_type":"article","og_title":"Il caso dei Forestali, statali e regionali. Il Veneto \u00e8 l'unica regione d'Italia che non ha firmato la convenzione con il Corpo Forestale dello Stato. E i Forestali regionali senza stipendio - Bellunopress - Dolomiti","og_description":"Dopo un incontro tra Zanoni (IdV) e il Capo del Corpo Forestale dello Stato, emerge che il Veneto \u00e8 l&#8217;unica regione d&#8217;Italia a non aver sottoscritto una convenzione. Zanoni a Zaia: &#8220;Porre subito rimedio a una situazione imbarazzante e che mette a rischio l&#8217;ambiente e la biodiversit\u00e0 in Veneto&#8221; &#8220;Mi auguro che la Regione Veneto [&hellip;]","og_url":"https:\/\/www.bellunopress.it\/fr\/2012\/12\/06\/il-caso-dei-forestali-statali-e-regionali-il-veneto-e-lunica-regione-ditalia-che-non-ha-firmato-la-convenzione-con-il-corpo-forestale-dello-stato\/","og_site_name":"Bellunopress - Dolomiti","article_publisher":"https:\/\/www.facebook.com\/profile.php?id=100008943462799","article_published_time":"2012-12-06T15:32:23+00:00","article_modified_time":"2012-12-06T15:33:16+00:00","og_image":[{"url":"http:\/\/www.bellunopress.it\/wp-content\/uploads\/2012\/01\/andrea-zanoni.jpg","type":"","width":"","height":""}],"author":"redazione","twitter_card":"summary_large_image","twitter_creator":"@bellunopress","twitter_site":"@bellunopress","twitter_misc":{"\u00c9crit par":"redazione","Dur\u00e9e de lecture estim\u00e9e":"3 minutes"},"schema":{"@context":"https:\/\/schema.org","@graph":[{"@type":"Article","@id":"https:\/\/www.bellunopress.it\/2012\/12\/06\/il-caso-dei-forestali-statali-e-regionali-il-veneto-e-lunica-regione-ditalia-che-non-ha-firmato-la-convenzione-con-il-corpo-forestale-dello-stato\/#article","isPartOf":{"@id":"https:\/\/www.bellunopress.it\/2012\/12\/06\/il-caso-dei-forestali-statali-e-regionali-il-veneto-e-lunica-regione-ditalia-che-non-ha-firmato-la-convenzione-con-il-corpo-forestale-dello-stato\/"},"author":{"name":"redazione","@id":"https:\/\/www.bellunopress.it\/#\/schema\/person\/79bb06722b37ece1c03d3e94beb30d73"},"headline":"Il caso dei Forestali, statali e regionali. Il Veneto \u00e8 l&#8217;unica regione d&#8217;Italia che non ha firmato la convenzione con il Corpo Forestale dello Stato. E i Forestali regionali senza stipendio","datePublished":"2012-12-06T15:32:23+00:00","dateModified":"2012-12-06T15:33:16+00:00","mainEntityOfPage":{"@id":"https:\/\/www.bellunopress.it\/2012\/12\/06\/il-caso-dei-forestali-statali-e-regionali-il-veneto-e-lunica-regione-ditalia-che-non-ha-firmato-la-convenzione-con-il-corpo-forestale-dello-stato\/"},"wordCount":576,"publisher":{"@id":"https:\/\/www.bellunopress.it\/#organization"},"image":{"@id":"https:\/\/www.bellunopress.it\/2012\/12\/06\/il-caso-dei-forestali-statali-e-regionali-il-veneto-e-lunica-regione-ditalia-che-non-ha-firmato-la-convenzione-con-il-corpo-forestale-dello-stato\/#primaryimage"},"thumbnailUrl":"http:\/\/www.bellunopress.it\/wp-content\/uploads\/2012\/01\/andrea-zanoni.jpg","articleSection":["Cronaca\/Politica","Lavoro, Economia, Turismo"],"inLanguage":"fr-FR"},{"@type":"WebPage","@id":"https:\/\/www.bellunopress.it\/2012\/12\/06\/il-caso-dei-forestali-statali-e-regionali-il-veneto-e-lunica-regione-ditalia-che-non-ha-firmato-la-convenzione-con-il-corpo-forestale-dello-stato\/","url":"https:\/\/www.bellunopress.it\/2012\/12\/06\/il-caso-dei-forestali-statali-e-regionali-il-veneto-e-lunica-regione-ditalia-che-non-ha-firmato-la-convenzione-con-il-corpo-forestale-dello-stato\/","name":"Il caso dei Forestali, statali e regionali. Il Veneto \u00e8 l'unica regione d'Italia che non ha firmato la convenzione con il Corpo Forestale dello Stato. E i Forestali regionali senza stipendio - Bellunopress - Dolomiti","isPartOf":{"@id":"https:\/\/www.bellunopress.it\/#website"},"primaryImageOfPage":{"@id":"https:\/\/www.bellunopress.it\/2012\/12\/06\/il-caso-dei-forestali-statali-e-regionali-il-veneto-e-lunica-regione-ditalia-che-non-ha-firmato-la-convenzione-con-il-corpo-forestale-dello-stato\/#primaryimage"},"image":{"@id":"https:\/\/www.bellunopress.it\/2012\/12\/06\/il-caso-dei-forestali-statali-e-regionali-il-veneto-e-lunica-regione-ditalia-che-non-ha-firmato-la-convenzione-con-il-corpo-forestale-dello-stato\/#primaryimage"},"thumbnailUrl":"http:\/\/www.bellunopress.it\/wp-content\/uploads\/2012\/01\/andrea-zanoni.jpg","datePublished":"2012-12-06T15:32:23+00:00","dateModified":"2012-12-06T15:33:16+00:00","breadcrumb":{"@id":"https:\/\/www.bellunopress.it\/2012\/12\/06\/il-caso-dei-forestali-statali-e-regionali-il-veneto-e-lunica-regione-ditalia-che-non-ha-firmato-la-convenzione-con-il-corpo-forestale-dello-stato\/#breadcrumb"},"inLanguage":"fr-FR","potentialAction":[{"@type":"ReadAction","target":["https:\/\/www.bellunopress.it\/2012\/12\/06\/il-caso-dei-forestali-statali-e-regionali-il-veneto-e-lunica-regione-ditalia-che-non-ha-firmato-la-convenzione-con-il-corpo-forestale-dello-stato\/"]}]},{"@type":"ImageObject","inLanguage":"fr-FR","@id":"https:\/\/www.bellunopress.it\/2012\/12\/06\/il-caso-dei-forestali-statali-e-regionali-il-veneto-e-lunica-regione-ditalia-che-non-ha-firmato-la-convenzione-con-il-corpo-forestale-dello-stato\/#primaryimage","url":"http:\/\/www.bellunopress.it\/wp-content\/uploads\/2012\/01\/andrea-zanoni.jpg","contentUrl":"http:\/\/www.bellunopress.it\/wp-content\/uploads\/2012\/01\/andrea-zanoni.jpg"},{"@type":"BreadcrumbList","@id":"https:\/\/www.bellunopress.it\/2012\/12\/06\/il-caso-dei-forestali-statali-e-regionali-il-veneto-e-lunica-regione-ditalia-che-non-ha-firmato-la-convenzione-con-il-corpo-forestale-dello-stato\/#breadcrumb","itemListElement":[{"@type":"ListItem","position":1,"name":"Home","item":"https:\/\/www.bellunopress.it\/"},{"@type":"ListItem","position":2,"name":"Il caso dei Forestali, statali e regionali. Il Veneto \u00e8 l&#8217;unica regione d&#8217;Italia che non ha firmato la convenzione con il Corpo Forestale dello Stato. E i Forestali regionali senza stipendio"}]},{"@type":"WebSite","@id":"https:\/\/www.bellunopress.it\/#website","url":"https:\/\/www.bellunopress.it\/","name":"Bellunopress - Dolomiti","description":"e-mail: redazione@bellunopress.it","publisher":{"@id":"https:\/\/www.bellunopress.it\/#organization"},"potentialAction":[{"@type":"SearchAction","target":{"@type":"EntryPoint","urlTemplate":"https:\/\/www.bellunopress.it\/?s={search_term_string}"},"query-input":{"@type":"PropertyValueSpecification","valueRequired":true,"valueName":"search_term_string"}}],"inLanguage":"fr-FR"},{"@type":"Organization","@id":"https:\/\/www.bellunopress.it\/#organization","name":"Bellunopress","url":"https:\/\/www.bellunopress.it\/","logo":{"@type":"ImageObject","inLanguage":"fr-FR","@id":"https:\/\/www.bellunopress.it\/#\/schema\/logo\/image\/","url":"https:\/\/www.bellunopress.it\/wp-content\/uploads\/2011\/05\/cropped-logo-bellunopress-.jpg","contentUrl":"https:\/\/www.bellunopress.it\/wp-content\/uploads\/2011\/05\/cropped-logo-bellunopress-.jpg","width":512,"height":512,"caption":"Bellunopress"},"image":{"@id":"https:\/\/www.bellunopress.it\/#\/schema\/logo\/image\/"},"sameAs":["https:\/\/www.facebook.com\/profile.php?id=100008943462799","https:\/\/x.com\/bellunopress","https:\/\/www.linkedin.com\/hp\/?dnr=JBzUWaJfMUw8vbXJJ2tVW5-I3jZKvC4wsoxE&amp;amp;amp;amp;amp;amp;trk=nav_responsive_tab_home","https:\/\/www.youtube.com\/channel\/UCxL0wu1uN0_3_7hGG0306cw"]},{"@type":"Person","@id":"https:\/\/www.bellunopress.it\/#\/schema\/person\/79bb06722b37ece1c03d3e94beb30d73","name":"r\u00e9daction","image":{"@type":"ImageObject","inLanguage":"fr-FR","@id":"https:\/\/secure.gravatar.com\/avatar\/37d968a2e67a6fd04c169c4bdef102d0bc5d31b2546345219e348575eb80e9a0?s=96&d=mm&r=g","url":"https:\/\/secure.gravatar.com\/avatar\/37d968a2e67a6fd04c169c4bdef102d0bc5d31b2546345219e348575eb80e9a0?s=96&d=mm&r=g","contentUrl":"https:\/\/secure.gravatar.com\/avatar\/37d968a2e67a6fd04c169c4bdef102d0bc5d31b2546345219e348575eb80e9a0?s=96&d=mm&r=g","caption":"redazione"},"sameAs":["http:\/\/www.bellunopress.it","https:\/\/x.com\/bellunopress"],"url":"https:\/\/www.bellunopress.it\/fr\/author\/redazione\/"}]}},"_links":{"self":[{"href":"https:\/\/www.bellunopress.it\/fr\/wp-json\/wp\/v2\/posts\/44523","targetHints":{"allow":["GET"]}}],"collection":[{"href":"https:\/\/www.bellunopress.it\/fr\/wp-json\/wp\/v2\/posts"}],"about":[{"href":"https:\/\/www.bellunopress.it\/fr\/wp-json\/wp\/v2\/types\/post"}],"author":[{"embeddable":true,"href":"https:\/\/www.bellunopress.it\/fr\/wp-json\/wp\/v2\/users\/2"}],"replies":[{"embeddable":true,"href":"https:\/\/www.bellunopress.it\/fr\/wp-json\/wp\/v2\/comments?post=44523"}],"version-history":[{"count":3,"href":"https:\/\/www.bellunopress.it\/fr\/wp-json\/wp\/v2\/posts\/44523\/revisions"}],"predecessor-version":[{"id":44525,"href":"https:\/\/www.bellunopress.it\/fr\/wp-json\/wp\/v2\/posts\/44523\/revisions\/44525"}],"wp:attachment":[{"href":"https:\/\/www.bellunopress.it\/fr\/wp-json\/wp\/v2\/media?parent=44523"}],"wp:term":[{"taxonomy":"category","embeddable":true,"href":"https:\/\/www.bellunopress.it\/fr\/wp-json\/wp\/v2\/categories?post=44523"},{"taxonomy":"post_tag","embeddable":true,"href":"https:\/\/www.bellunopress.it\/fr\/wp-json\/wp\/v2\/tags?post=44523"}],"curies":[{"name":"wp","href":"https:\/\/api.w.org\/{rel}","templated":true}]}}