{"id":4451,"date":"2009-06-04T22:27:42","date_gmt":"2009-06-04T21:27:42","guid":{"rendered":"http:\/\/www.bellunopress.it\/?p=4451"},"modified":"2009-06-04T22:27:42","modified_gmt":"2009-06-04T21:27:42","slug":"il-nuovo-volto-di-lambioi-il-piave-a-misura-di-passeggiata","status":"publish","type":"post","link":"https:\/\/www.bellunopress.it\/fr\/2009\/06\/04\/il-nuovo-volto-di-lambioi-il-piave-a-misura-di-passeggiata\/","title":{"rendered":"Il nuovo volto di Lambioi:  il Piave a misura di passeggiata"},"content":{"rendered":"<figure id=\"attachment_4452\" aria-describedby=\"caption-attachment-4452\" style=\"width: 270px\" class=\"wp-caption alignleft\"><a href=\"http:\/\/www.bellunopress.it\/wp-content\/uploads\/2009\/06\/lavori-pulizia-piave-leggera.jpg\"><img loading=\"lazy\" decoding=\"async\" class=\"size-medium wp-image-4452\" title=\"lavori-pulizia-piave-leggera\" src=\"http:\/\/www.bellunopress.it\/wp-content\/uploads\/2009\/06\/lavori-pulizia-piave-leggera.jpg\" alt=\"Raccolta di rifiuti sulle rive del Piave\" width=\"270\" height=\"179\" \/><\/a><figcaption id=\"caption-attachment-4452\" class=\"wp-caption-text\">Raccolta di rifiuti sulle rive del Piave<\/figcaption><\/figure>\n<p>Con la raccolta dei rifiuti e lo sfalcio degli arbusti, sono iniziati i lavori coordinati dalla Provincia per la riqualificazione dei circa quattro ettari di area demaniale costeggiante il Piave e antistante la piscina comunale. La zona, che comprende l\u2019arena naturale nel quale si tenne la scorsa estate lo spettacolo teatrale di Marco Paolini, la strada di accesso e l\u2019area boschiva circostante, al termine dell\u2019intervento di sistemazione cambier\u00e0 volto, diventando un parco a disposizione di tutti i bellunesi. La prima parte dei lavori, dal costo di 7600 euro, \u00e8 gi\u00e0 in fase di realizzazione, a cura della ditta \u201cMattia\u201d di Mel. In questi giorni sono stati raccolti oltre 30 bidoni di rifiuti di ogni tipologia (plastica, carta, materiale ferroso) per un totale di circa 700 chilogrammi di materiale inorganico, gi\u00e0 differenziato al momento della raccolta. E\u2019 stata inoltre sistemata la strada di accesso all\u2019area, con la posa del fondo \u201cstabilizzato\u201d, ghiaia bianca che si compatta da sola con il passaggio dei veicoli. Si sta anche provvedendo allo sfalcio approfondito degli arbusti, allo scopo di preparare l\u2019area per il secondo intervento, pi\u00f9 complesso, che prevede il diradamento e la bonifica della zona dalle piante infestanti. Verranno tagliate piante e arbusti non autoctoni, in particolare le numerosissime robinie presenti. Saranno eliminate anche le ceppaie, per evitare la ricrescita di nuove piante dai ceppi abbandonati dopo il taglio, come accaduto in passato dopo i tagli selettivi consentiti nell\u2019area.\u00a0 Resteranno invece, e verranno valorizzate, le piante tipiche della zona, le cosiddette piante ripariali: pioppi, ontani, frassini e salici, ai cui piedi verr\u00e0 seminata l\u2019erba e creato un prato, trasformando l\u2019area in un parco fluviale vivibile da parte dei cittadini bellunesi e di facile accesso.\u00a0 Questo secondo intervento ha un costo di 30 mila euro e i lavori sono stati affidati alla ditta \u201cDal Farra\u201d di Madeago.<\/p>","protected":false},"excerpt":{"rendered":"<p>Con la raccolta dei rifiuti e lo sfalcio degli arbusti, sono iniziati i lavori coordinati dalla Provincia per la riqualificazione dei circa quattro ettari di area demaniale costeggiante il Piave e antistante la piscina comunale. La zona, che comprende l\u2019arena naturale nel quale si tenne la scorsa estate lo spettacolo teatrale di Marco Paolini, la [&hellip;]<\/p>\n","protected":false},"author":2,"featured_media":0,"comment_status":"closed","ping_status":"open","sticky":false,"template":"","format":"standard","meta":{"footnotes":""},"categories":[5,38,26],"tags":[139],"class_list":["post-4451","post","type-post","status-publish","format-standard","category-cronaca","category-natura-ambiente","category-prima-pagina","tag-belluno"],"yoast_head":"<!-- This site is optimized with the Yoast SEO plugin v28.4 - https:\/\/yoast.com\/product\/yoast-seo-wordpress\/ -->\n<title>Il nuovo volto di Lambioi: il Piave a misura di passeggiata - Bellunopress - Dolomiti<\/title>\n<meta name=\"robots\" content=\"index, follow, max-snippet:-1, max-image-preview:large, max-video-preview:-1\" \/>\n<link rel=\"canonical\" href=\"https:\/\/www.bellunopress.it\/fr\/2009\/06\/04\/il-nuovo-volto-di-lambioi-il-piave-a-misura-di-passeggiata\/\" \/>\n<meta property=\"og:locale\" content=\"fr_FR\" \/>\n<meta property=\"og:type\" content=\"article\" \/>\n<meta property=\"og:title\" content=\"Il nuovo volto di Lambioi: il Piave a misura di passeggiata - Bellunopress - Dolomiti\" \/>\n<meta property=\"og:description\" content=\"Con la raccolta dei rifiuti e lo sfalcio degli arbusti, sono iniziati i lavori coordinati dalla Provincia per la riqualificazione dei circa quattro ettari di area demaniale costeggiante il Piave e antistante la piscina comunale. La zona, che comprende l\u2019arena naturale nel quale si tenne la scorsa estate lo spettacolo teatrale di Marco Paolini, la [&hellip;]\" \/>\n<meta property=\"og:url\" content=\"https:\/\/www.bellunopress.it\/fr\/2009\/06\/04\/il-nuovo-volto-di-lambioi-il-piave-a-misura-di-passeggiata\/\" \/>\n<meta property=\"og:site_name\" content=\"Bellunopress - Dolomiti\" \/>\n<meta property=\"article:publisher\" content=\"https:\/\/www.facebook.com\/profile.php?id=100008943462799\" \/>\n<meta property=\"article:published_time\" content=\"2009-06-04T21:27:42+00:00\" \/>\n<meta property=\"og:image\" content=\"http:\/\/www.bellunopress.it\/wp-content\/uploads\/2009\/06\/lavori-pulizia-piave-leggera.jpg\" \/>\n<meta name=\"author\" content=\"redazione\" \/>\n<meta name=\"twitter:card\" content=\"summary_large_image\" \/>\n<meta name=\"twitter:creator\" content=\"@bellunopress\" \/>\n<meta name=\"twitter:site\" content=\"@bellunopress\" \/>\n<meta name=\"twitter:label1\" content=\"\u00c9crit par\" \/>\n\t<meta name=\"twitter:data1\" content=\"redazione\" \/>\n\t<meta name=\"twitter:label2\" content=\"Dur\u00e9e de lecture estim\u00e9e\" \/>\n\t<meta name=\"twitter:data2\" content=\"2 minutes\" \/>\n<script type=\"application\/ld+json\" class=\"yoast-schema-graph\">{\"@context\":\"https:\\\/\\\/schema.org\",\"@graph\":[{\"@type\":\"Article\",\"@id\":\"https:\\\/\\\/www.bellunopress.it\\\/2009\\\/06\\\/04\\\/il-nuovo-volto-di-lambioi-il-piave-a-misura-di-passeggiata\\\/#article\",\"isPartOf\":{\"@id\":\"https:\\\/\\\/www.bellunopress.it\\\/2009\\\/06\\\/04\\\/il-nuovo-volto-di-lambioi-il-piave-a-misura-di-passeggiata\\\/\"},\"author\":{\"name\":\"redazione\",\"@id\":\"https:\\\/\\\/www.bellunopress.it\\\/#\\\/schema\\\/person\\\/79bb06722b37ece1c03d3e94beb30d73\"},\"headline\":\"Il nuovo volto di Lambioi: il Piave a misura di passeggiata\",\"datePublished\":\"2009-06-04T21:27:42+00:00\",\"mainEntityOfPage\":{\"@id\":\"https:\\\/\\\/www.bellunopress.it\\\/2009\\\/06\\\/04\\\/il-nuovo-volto-di-lambioi-il-piave-a-misura-di-passeggiata\\\/\"},\"wordCount\":331,\"publisher\":{\"@id\":\"https:\\\/\\\/www.bellunopress.it\\\/#organization\"},\"image\":{\"@id\":\"https:\\\/\\\/www.bellunopress.it\\\/2009\\\/06\\\/04\\\/il-nuovo-volto-di-lambioi-il-piave-a-misura-di-passeggiata\\\/#primaryimage\"},\"thumbnailUrl\":\"http:\\\/\\\/www.bellunopress.it\\\/wp-content\\\/uploads\\\/2009\\\/06\\\/lavori-pulizia-piave-leggera.jpg\",\"keywords\":[\"Belluno\"],\"articleSection\":[\"Cronaca\\\/Politica\",\"Meteo, natura, ambiente, animali\",\"Prima Pagina\"],\"inLanguage\":\"fr-FR\"},{\"@type\":\"WebPage\",\"@id\":\"https:\\\/\\\/www.bellunopress.it\\\/2009\\\/06\\\/04\\\/il-nuovo-volto-di-lambioi-il-piave-a-misura-di-passeggiata\\\/\",\"url\":\"https:\\\/\\\/www.bellunopress.it\\\/2009\\\/06\\\/04\\\/il-nuovo-volto-di-lambioi-il-piave-a-misura-di-passeggiata\\\/\",\"name\":\"Il nuovo volto di Lambioi: il Piave a misura di passeggiata - Bellunopress - Dolomiti\",\"isPartOf\":{\"@id\":\"https:\\\/\\\/www.bellunopress.it\\\/#website\"},\"primaryImageOfPage\":{\"@id\":\"https:\\\/\\\/www.bellunopress.it\\\/2009\\\/06\\\/04\\\/il-nuovo-volto-di-lambioi-il-piave-a-misura-di-passeggiata\\\/#primaryimage\"},\"image\":{\"@id\":\"https:\\\/\\\/www.bellunopress.it\\\/2009\\\/06\\\/04\\\/il-nuovo-volto-di-lambioi-il-piave-a-misura-di-passeggiata\\\/#primaryimage\"},\"thumbnailUrl\":\"http:\\\/\\\/www.bellunopress.it\\\/wp-content\\\/uploads\\\/2009\\\/06\\\/lavori-pulizia-piave-leggera.jpg\",\"datePublished\":\"2009-06-04T21:27:42+00:00\",\"breadcrumb\":{\"@id\":\"https:\\\/\\\/www.bellunopress.it\\\/2009\\\/06\\\/04\\\/il-nuovo-volto-di-lambioi-il-piave-a-misura-di-passeggiata\\\/#breadcrumb\"},\"inLanguage\":\"fr-FR\",\"potentialAction\":[{\"@type\":\"ReadAction\",\"target\":[\"https:\\\/\\\/www.bellunopress.it\\\/2009\\\/06\\\/04\\\/il-nuovo-volto-di-lambioi-il-piave-a-misura-di-passeggiata\\\/\"]}]},{\"@type\":\"ImageObject\",\"inLanguage\":\"fr-FR\",\"@id\":\"https:\\\/\\\/www.bellunopress.it\\\/2009\\\/06\\\/04\\\/il-nuovo-volto-di-lambioi-il-piave-a-misura-di-passeggiata\\\/#primaryimage\",\"url\":\"http:\\\/\\\/www.bellunopress.it\\\/wp-content\\\/uploads\\\/2009\\\/06\\\/lavori-pulizia-piave-leggera.jpg\",\"contentUrl\":\"http:\\\/\\\/www.bellunopress.it\\\/wp-content\\\/uploads\\\/2009\\\/06\\\/lavori-pulizia-piave-leggera.jpg\"},{\"@type\":\"BreadcrumbList\",\"@id\":\"https:\\\/\\\/www.bellunopress.it\\\/2009\\\/06\\\/04\\\/il-nuovo-volto-di-lambioi-il-piave-a-misura-di-passeggiata\\\/#breadcrumb\",\"itemListElement\":[{\"@type\":\"ListItem\",\"position\":1,\"name\":\"Home\",\"item\":\"https:\\\/\\\/www.bellunopress.it\\\/\"},{\"@type\":\"ListItem\",\"position\":2,\"name\":\"Il nuovo volto di Lambioi: il Piave a misura di passeggiata\"}]},{\"@type\":\"WebSite\",\"@id\":\"https:\\\/\\\/www.bellunopress.it\\\/#website\",\"url\":\"https:\\\/\\\/www.bellunopress.it\\\/\",\"name\":\"Bellunopress - Dolomiti\",\"description\":\"e-mail: redazione@bellunopress.it\",\"publisher\":{\"@id\":\"https:\\\/\\\/www.bellunopress.it\\\/#organization\"},\"potentialAction\":[{\"@type\":\"SearchAction\",\"target\":{\"@type\":\"EntryPoint\",\"urlTemplate\":\"https:\\\/\\\/www.bellunopress.it\\\/?s={search_term_string}\"},\"query-input\":{\"@type\":\"PropertyValueSpecification\",\"valueRequired\":true,\"valueName\":\"search_term_string\"}}],\"inLanguage\":\"fr-FR\"},{\"@type\":\"Organization\",\"@id\":\"https:\\\/\\\/www.bellunopress.it\\\/#organization\",\"name\":\"Bellunopress\",\"url\":\"https:\\\/\\\/www.bellunopress.it\\\/\",\"logo\":{\"@type\":\"ImageObject\",\"inLanguage\":\"fr-FR\",\"@id\":\"https:\\\/\\\/www.bellunopress.it\\\/#\\\/schema\\\/logo\\\/image\\\/\",\"url\":\"https:\\\/\\\/www.bellunopress.it\\\/wp-content\\\/uploads\\\/2011\\\/05\\\/cropped-logo-bellunopress-.jpg\",\"contentUrl\":\"https:\\\/\\\/www.bellunopress.it\\\/wp-content\\\/uploads\\\/2011\\\/05\\\/cropped-logo-bellunopress-.jpg\",\"width\":512,\"height\":512,\"caption\":\"Bellunopress\"},\"image\":{\"@id\":\"https:\\\/\\\/www.bellunopress.it\\\/#\\\/schema\\\/logo\\\/image\\\/\"},\"sameAs\":[\"https:\\\/\\\/www.facebook.com\\\/profile.php?id=100008943462799\",\"https:\\\/\\\/x.com\\\/bellunopress\",\"https:\\\/\\\/www.linkedin.com\\\/hp\\\/?dnr=JBzUWaJfMUw8vbXJJ2tVW5-I3jZKvC4wsoxE&amp;amp;amp;amp;amp;amp;trk=nav_responsive_tab_home\",\"https:\\\/\\\/www.youtube.com\\\/channel\\\/UCxL0wu1uN0_3_7hGG0306cw\"]},{\"@type\":\"Person\",\"@id\":\"https:\\\/\\\/www.bellunopress.it\\\/#\\\/schema\\\/person\\\/79bb06722b37ece1c03d3e94beb30d73\",\"name\":\"redazione\",\"image\":{\"@type\":\"ImageObject\",\"inLanguage\":\"fr-FR\",\"@id\":\"https:\\\/\\\/secure.gravatar.com\\\/avatar\\\/37d968a2e67a6fd04c169c4bdef102d0bc5d31b2546345219e348575eb80e9a0?s=96&d=mm&r=g\",\"url\":\"https:\\\/\\\/secure.gravatar.com\\\/avatar\\\/37d968a2e67a6fd04c169c4bdef102d0bc5d31b2546345219e348575eb80e9a0?s=96&d=mm&r=g\",\"contentUrl\":\"https:\\\/\\\/secure.gravatar.com\\\/avatar\\\/37d968a2e67a6fd04c169c4bdef102d0bc5d31b2546345219e348575eb80e9a0?s=96&d=mm&r=g\",\"caption\":\"redazione\"},\"sameAs\":[\"http:\\\/\\\/www.bellunopress.it\",\"https:\\\/\\\/x.com\\\/bellunopress\"],\"url\":\"https:\\\/\\\/www.bellunopress.it\\\/fr\\\/author\\\/redazione\\\/\"}]}<\/script>\n<!-- \/ Yoast SEO plugin. -->","yoast_head_json":{"title":"Il nuovo volto di Lambioi: il Piave a misura di passeggiata - Bellunopress - Dolomiti","robots":{"index":"index","follow":"follow","max-snippet":"max-snippet:-1","max-image-preview":"max-image-preview:large","max-video-preview":"max-video-preview:-1"},"canonical":"https:\/\/www.bellunopress.it\/fr\/2009\/06\/04\/il-nuovo-volto-di-lambioi-il-piave-a-misura-di-passeggiata\/","og_locale":"fr_FR","og_type":"article","og_title":"Il nuovo volto di Lambioi: il Piave a misura di passeggiata - Bellunopress - Dolomiti","og_description":"Con la raccolta dei rifiuti e lo sfalcio degli arbusti, sono iniziati i lavori coordinati dalla Provincia per la riqualificazione dei circa quattro ettari di area demaniale costeggiante il Piave e antistante la piscina comunale. La zona, che comprende l\u2019arena naturale nel quale si tenne la scorsa estate lo spettacolo teatrale di Marco Paolini, la [&hellip;]","og_url":"https:\/\/www.bellunopress.it\/fr\/2009\/06\/04\/il-nuovo-volto-di-lambioi-il-piave-a-misura-di-passeggiata\/","og_site_name":"Bellunopress - Dolomiti","article_publisher":"https:\/\/www.facebook.com\/profile.php?id=100008943462799","article_published_time":"2009-06-04T21:27:42+00:00","og_image":[{"url":"http:\/\/www.bellunopress.it\/wp-content\/uploads\/2009\/06\/lavori-pulizia-piave-leggera.jpg","type":"","width":"","height":""}],"author":"redazione","twitter_card":"summary_large_image","twitter_creator":"@bellunopress","twitter_site":"@bellunopress","twitter_misc":{"\u00c9crit par":"redazione","Dur\u00e9e de lecture estim\u00e9e":"2 minutes"},"schema":{"@context":"https:\/\/schema.org","@graph":[{"@type":"Article","@id":"https:\/\/www.bellunopress.it\/2009\/06\/04\/il-nuovo-volto-di-lambioi-il-piave-a-misura-di-passeggiata\/#article","isPartOf":{"@id":"https:\/\/www.bellunopress.it\/2009\/06\/04\/il-nuovo-volto-di-lambioi-il-piave-a-misura-di-passeggiata\/"},"author":{"name":"redazione","@id":"https:\/\/www.bellunopress.it\/#\/schema\/person\/79bb06722b37ece1c03d3e94beb30d73"},"headline":"Il nuovo volto di Lambioi: il Piave a misura di passeggiata","datePublished":"2009-06-04T21:27:42+00:00","mainEntityOfPage":{"@id":"https:\/\/www.bellunopress.it\/2009\/06\/04\/il-nuovo-volto-di-lambioi-il-piave-a-misura-di-passeggiata\/"},"wordCount":331,"publisher":{"@id":"https:\/\/www.bellunopress.it\/#organization"},"image":{"@id":"https:\/\/www.bellunopress.it\/2009\/06\/04\/il-nuovo-volto-di-lambioi-il-piave-a-misura-di-passeggiata\/#primaryimage"},"thumbnailUrl":"http:\/\/www.bellunopress.it\/wp-content\/uploads\/2009\/06\/lavori-pulizia-piave-leggera.jpg","keywords":["Belluno"],"articleSection":["Cronaca\/Politica","Meteo, natura, ambiente, animali","Prima Pagina"],"inLanguage":"fr-FR"},{"@type":"WebPage","@id":"https:\/\/www.bellunopress.it\/2009\/06\/04\/il-nuovo-volto-di-lambioi-il-piave-a-misura-di-passeggiata\/","url":"https:\/\/www.bellunopress.it\/2009\/06\/04\/il-nuovo-volto-di-lambioi-il-piave-a-misura-di-passeggiata\/","name":"Il nuovo volto di Lambioi: il Piave a misura di passeggiata - Bellunopress - Dolomiti","isPartOf":{"@id":"https:\/\/www.bellunopress.it\/#website"},"primaryImageOfPage":{"@id":"https:\/\/www.bellunopress.it\/2009\/06\/04\/il-nuovo-volto-di-lambioi-il-piave-a-misura-di-passeggiata\/#primaryimage"},"image":{"@id":"https:\/\/www.bellunopress.it\/2009\/06\/04\/il-nuovo-volto-di-lambioi-il-piave-a-misura-di-passeggiata\/#primaryimage"},"thumbnailUrl":"http:\/\/www.bellunopress.it\/wp-content\/uploads\/2009\/06\/lavori-pulizia-piave-leggera.jpg","datePublished":"2009-06-04T21:27:42+00:00","breadcrumb":{"@id":"https:\/\/www.bellunopress.it\/2009\/06\/04\/il-nuovo-volto-di-lambioi-il-piave-a-misura-di-passeggiata\/#breadcrumb"},"inLanguage":"fr-FR","potentialAction":[{"@type":"ReadAction","target":["https:\/\/www.bellunopress.it\/2009\/06\/04\/il-nuovo-volto-di-lambioi-il-piave-a-misura-di-passeggiata\/"]}]},{"@type":"ImageObject","inLanguage":"fr-FR","@id":"https:\/\/www.bellunopress.it\/2009\/06\/04\/il-nuovo-volto-di-lambioi-il-piave-a-misura-di-passeggiata\/#primaryimage","url":"http:\/\/www.bellunopress.it\/wp-content\/uploads\/2009\/06\/lavori-pulizia-piave-leggera.jpg","contentUrl":"http:\/\/www.bellunopress.it\/wp-content\/uploads\/2009\/06\/lavori-pulizia-piave-leggera.jpg"},{"@type":"BreadcrumbList","@id":"https:\/\/www.bellunopress.it\/2009\/06\/04\/il-nuovo-volto-di-lambioi-il-piave-a-misura-di-passeggiata\/#breadcrumb","itemListElement":[{"@type":"ListItem","position":1,"name":"Home","item":"https:\/\/www.bellunopress.it\/"},{"@type":"ListItem","position":2,"name":"Il nuovo volto di Lambioi: il Piave a misura di passeggiata"}]},{"@type":"WebSite","@id":"https:\/\/www.bellunopress.it\/#website","url":"https:\/\/www.bellunopress.it\/","name":"Bellunopress - Dolomiti","description":"e-mail: redazione@bellunopress.it","publisher":{"@id":"https:\/\/www.bellunopress.it\/#organization"},"potentialAction":[{"@type":"SearchAction","target":{"@type":"EntryPoint","urlTemplate":"https:\/\/www.bellunopress.it\/?s={search_term_string}"},"query-input":{"@type":"PropertyValueSpecification","valueRequired":true,"valueName":"search_term_string"}}],"inLanguage":"fr-FR"},{"@type":"Organization","@id":"https:\/\/www.bellunopress.it\/#organization","name":"Bellunopress","url":"https:\/\/www.bellunopress.it\/","logo":{"@type":"ImageObject","inLanguage":"fr-FR","@id":"https:\/\/www.bellunopress.it\/#\/schema\/logo\/image\/","url":"https:\/\/www.bellunopress.it\/wp-content\/uploads\/2011\/05\/cropped-logo-bellunopress-.jpg","contentUrl":"https:\/\/www.bellunopress.it\/wp-content\/uploads\/2011\/05\/cropped-logo-bellunopress-.jpg","width":512,"height":512,"caption":"Bellunopress"},"image":{"@id":"https:\/\/www.bellunopress.it\/#\/schema\/logo\/image\/"},"sameAs":["https:\/\/www.facebook.com\/profile.php?id=100008943462799","https:\/\/x.com\/bellunopress","https:\/\/www.linkedin.com\/hp\/?dnr=JBzUWaJfMUw8vbXJJ2tVW5-I3jZKvC4wsoxE&amp;amp;amp;amp;amp;amp;trk=nav_responsive_tab_home","https:\/\/www.youtube.com\/channel\/UCxL0wu1uN0_3_7hGG0306cw"]},{"@type":"Person","@id":"https:\/\/www.bellunopress.it\/#\/schema\/person\/79bb06722b37ece1c03d3e94beb30d73","name":"r\u00e9daction","image":{"@type":"ImageObject","inLanguage":"fr-FR","@id":"https:\/\/secure.gravatar.com\/avatar\/37d968a2e67a6fd04c169c4bdef102d0bc5d31b2546345219e348575eb80e9a0?s=96&d=mm&r=g","url":"https:\/\/secure.gravatar.com\/avatar\/37d968a2e67a6fd04c169c4bdef102d0bc5d31b2546345219e348575eb80e9a0?s=96&d=mm&r=g","contentUrl":"https:\/\/secure.gravatar.com\/avatar\/37d968a2e67a6fd04c169c4bdef102d0bc5d31b2546345219e348575eb80e9a0?s=96&d=mm&r=g","caption":"redazione"},"sameAs":["http:\/\/www.bellunopress.it","https:\/\/x.com\/bellunopress"],"url":"https:\/\/www.bellunopress.it\/fr\/author\/redazione\/"}]}},"_links":{"self":[{"href":"https:\/\/www.bellunopress.it\/fr\/wp-json\/wp\/v2\/posts\/4451","targetHints":{"allow":["GET"]}}],"collection":[{"href":"https:\/\/www.bellunopress.it\/fr\/wp-json\/wp\/v2\/posts"}],"about":[{"href":"https:\/\/www.bellunopress.it\/fr\/wp-json\/wp\/v2\/types\/post"}],"author":[{"embeddable":true,"href":"https:\/\/www.bellunopress.it\/fr\/wp-json\/wp\/v2\/users\/2"}],"replies":[{"embeddable":true,"href":"https:\/\/www.bellunopress.it\/fr\/wp-json\/wp\/v2\/comments?post=4451"}],"version-history":[{"count":1,"href":"https:\/\/www.bellunopress.it\/fr\/wp-json\/wp\/v2\/posts\/4451\/revisions"}],"predecessor-version":[{"id":4454,"href":"https:\/\/www.bellunopress.it\/fr\/wp-json\/wp\/v2\/posts\/4451\/revisions\/4454"}],"wp:attachment":[{"href":"https:\/\/www.bellunopress.it\/fr\/wp-json\/wp\/v2\/media?parent=4451"}],"wp:term":[{"taxonomy":"category","embeddable":true,"href":"https:\/\/www.bellunopress.it\/fr\/wp-json\/wp\/v2\/categories?post=4451"},{"taxonomy":"post_tag","embeddable":true,"href":"https:\/\/www.bellunopress.it\/fr\/wp-json\/wp\/v2\/tags?post=4451"}],"curies":[{"name":"wp","href":"https:\/\/api.w.org\/{rel}","templated":true}]}}